{"id":70465,"date":"2024-06-09T16:00:20","date_gmt":"2024-06-09T19:00:20","guid":{"rendered":"https:\/\/folhadoleste.com.br\/?p=70465"},"modified":"2024-06-09T16:00:20","modified_gmt":"2024-06-09T19:00:20","slug":"dia-da-imunizacao-vacine-se-e-proteja-voce-e-os-outros","status":"publish","type":"post","link":"https:\/\/folhadoleste.com.br\/en\/dia-da-imunizacao-vacine-se-e-proteja-voce-e-os-outros\/","title":{"rendered":"Dia da Imuniza\u00e7\u00e3o: Vacine-se e proteja voc\u00ea e os outros"},"content":{"rendered":"<div id=\"attachment_70467\" style=\"width: 1210px\" class=\"wp-caption aligncenter\"><a href=\"https:\/\/folhadoleste.com.br\/wp-content\/uploads\/2024\/06\/Dia-da-Imunizacao-Vacine-se-e-proteja-voce-e-os-outros-Foto-Tomaz-Silva-Agencia-Brasil.webp\"><img decoding=\"async\" aria-describedby=\"caption-attachment-70467\" class=\"size-full wp-image-70467\" src=\"https:\/\/folhadoleste.com.br\/wp-content\/uploads\/2024\/06\/Dia-da-Imunizacao-Vacine-se-e-proteja-voce-e-os-outros-Foto-Tomaz-Silva-Agencia-Brasil.webp\" alt=\"Dia da Imuniza\u00e7\u00e3o: Vacine-se e proteja voc\u00ea e os outros\" width=\"1200\" height=\"750\" \/><\/a><p id=\"caption-attachment-70467\" class=\"wp-caption-text\">Dia da Imuniza\u00e7\u00e3o: Vacine-se e proteja voc\u00ea e os outros | Tomaz Silva\/Ag\u00eancia Brasil<\/p><\/div>\n<div class=\"response-container-content ng-tns-c2106540532-229\">\n<div class=\"response-content ng-tns-c2106540532-229\">\n<div class=\"markdown markdown-main-panel\" dir=\"ltr\">\n<p style=\"text-align: justify;\" data-sourcepos=\"3:1-3:352\">Neste Dia Nacional da Imuniza\u00e7\u00e3o, celebrado em 9 de junho, o Instituto Butantan refor\u00e7a a import\u00e2ncia da vacina\u00e7\u00e3o n\u00e3o apenas para o indiv\u00edduo, mas para toda a comunidade. Mais do que prevenir doen\u00e7as graves, as vacinas, quando aplicadas em larga escala, criam um escudo invis\u00edvel que protege a todos, inclusive aqueles que n\u00e3o podem ser vacinados.<\/p>\n<h6><span style=\"color: #ff0000;\"><strong>+<\/strong><\/span> <span style=\"color: #000000;\">LEIA TAMB\u00c9M: \u25ba<\/span><a href=\"https:\/\/folhadoleste.com.br\/en\/mec-congela-ead-ate-2025\/\"><strong>MEC congela EAD at\u00e9 2025<\/strong><\/a><\/h6>\n<p style=\"text-align: justify;\" data-sourcepos=\"7:1-7:342\">Ao se vacinar, voc\u00ea n\u00e3o apenas se protege contra doen\u00e7as perigosas, como tamb\u00e9m contribui para a chamada &#8220;imunidade de rebanho&#8221;. Nesse cen\u00e1rio, a grande maioria da popula\u00e7\u00e3o est\u00e1 imunizada, dificultando a circula\u00e7\u00e3o de v\u00edrus e bact\u00e9rias. Isso significa que, mesmo que voc\u00ea entre em contato com algu\u00e9m doente, o risco de adoecer \u00e9 muito menor.<\/p>\n<h5 style=\"text-align: center;\"><span style=\"color: #000000;\"><span style=\"color: #ff0000;\"><strong>+ <\/strong><\/span><\/span><span style=\"color: #000000;\"><strong><span style=\"color: #ff9900;\">MAIS NOT\u00cdCIAS DO BRASIL?<\/span> <span style=\"color: #008080;\"><a style=\"color: #008080;\" href=\"https:\/\/folhadoleste.com.br\/en\/category\/brasil\/\">CLIQUE AQUI<\/a><\/span><\/strong><\/span><\/h5>\n<p style=\"text-align: justify;\" data-sourcepos=\"11:1-11:271\">Dados da Organiza\u00e7\u00e3o Mundial da Sa\u00fade (OMS) comprovam o poder das vacinas: elas salvaram 154 milh\u00f5es de vidas e reduziram em 40% a mortalidade infantil nos \u00faltimos 50 anos. Um exemplo de sucesso \u00e9 a erradica\u00e7\u00e3o da var\u00edola, doen\u00e7a que matou mais de 300 milh\u00f5es de pessoas.<\/p>\n<p style=\"text-align: justify;\" data-sourcepos=\"15:1-15:276\">O Programa Nacional de Imuniza\u00e7\u00f5es (PNI) oferece gratuitamente 48 imunobiol\u00f3gicos, incluindo vacinas, soros e imunoglobulinas para todas as idades. As vacinas s\u00e3o seguras, eficazes e representam um dos melhores investimentos em sa\u00fade p\u00fablica, considerando seu custo-benef\u00edcio.<\/p>\n<p style=\"text-align: justify;\" data-sourcepos=\"19:1-19:251\">No Brasil, o Calend\u00e1rio Nacional de Vacina\u00e7\u00e3o contempla crian\u00e7as, adolescentes, adultos, idosos, gestantes e povos ind\u00edgenas. Ao se vacinar, voc\u00ea contribui para a sa\u00fade individual e coletiva, protegendo a si mesmo, seus familiares e toda a comunidade.<\/p>\n<p data-sourcepos=\"19:1-19:251\"><a href=\"https:\/\/folhadoleste.com.br\/wp-content\/uploads\/2024\/05\/Ajude-o-Rio-Grande-do-Sul-Campanha-Oficial-Folha-do-Leste.jpg\"><img decoding=\"async\" class=\"aligncenter size-full wp-image-64672\" src=\"https:\/\/folhadoleste.com.br\/wp-content\/uploads\/2024\/05\/Ajude-o-Rio-Grande-do-Sul-Campanha-Oficial-Folha-do-Leste.jpg\" alt=\"\" width=\"728\" height=\"250\" \/><\/a><\/p>\n<\/div>\n<\/div>\n<\/div>\n<p data-sourcepos=\"21:1-21:129\">\n<p data-sourcepos=\"21:1-21:129\"><a href=\"https:\/\/www.instagram.com\/folhadoleste\/\"><img decoding=\"async\" class=\"aligncenter wp-image-15962\" src=\"https:\/\/folhadoleste.com.br\/wp-content\/uploads\/2023\/07\/instagram.jpg.webp\" alt=\"Itaipu-Itaipua\u00e7u: Caminh\u00e3o causa grave acidente na RJ-102, a estrada da Serrinha\" width=\"49\" height=\"49\" \/><\/a><a href=\"https:\/\/www.facebook.com\/folhadoleste\"><img decoding=\"async\" class=\"aligncenter wp-image-7424\" src=\"https:\/\/folhadoleste.com.br\/wp-content\/uploads\/2023\/05\/facebook-logo-3-1.png.webp\" alt=\"Itaipu-Itaipua\u00e7u: Caminh\u00e3o causa grave acidente na RJ-102, a estrada da Serrinha\" width=\"49\" height=\"49\" \/><\/a><\/p>","protected":false},"excerpt":{"rendered":"<p>Neste Dia Nacional da Imuniza\u00e7\u00e3o, celebrado em 9 de junho, o Instituto Butantan refor\u00e7a a import\u00e2ncia da vacina\u00e7\u00e3o n\u00e3o apenas para o indiv\u00edduo, mas para toda a comunidade. Mais do que prevenir doen\u00e7as graves, as vacinas, quando aplicadas em larga escala, criam um escudo invis\u00edvel que protege a todos, inclusive aqueles que n\u00e3o podem ser vacinados. + LEIA TAMB\u00c9M: \u25baMEC congela EAD at\u00e9 2025 Ao se vacinar, voc\u00ea n\u00e3o apenas se protege contra doen\u00e7as perigosas, como tamb\u00e9m contribui para a chamada &#8220;imunidade de rebanho&#8221;. Nesse cen\u00e1rio, a grande maioria da popula\u00e7\u00e3o est\u00e1 imunizada, dificultando a circula\u00e7\u00e3o de v\u00edrus e bact\u00e9rias. [&hellip;]<\/p>\n","protected":false},"author":4,"featured_media":70467,"comment_status":"open","ping_status":"open","sticky":false,"template":"","format":"standard","meta":{"footnotes":""},"categories":[64,631],"tags":[68,28943,29222,29219,29224,29225,29220,3741,2588,2979,16050,29223,73,943,29226,95,6274,29221],"class_list":["post-70465","post","type-post","status-publish","format-standard","has-post-thumbnail","hentry","category-brasil","category-saude","tag-brasil","tag-butantan","tag-calendario-nacional-de-vacinacao","tag-dia-da-imunizacao","tag-erradicacao-da-variola","tag-imunidade-coletiva","tag-imunidade-de-rebanho","tag-instituto-butantan","tag-oms","tag-pni","tag-programa-nacional-de-imunizacoes","tag-protecao-individual-e-coletiva","tag-saude","tag-saude-publica","tag-seguranca-das-vacinas","tag-vacinacao","tag-vacinas-gratuitas","tag-variola","post--single"],"yoast_head":"<!-- This site is optimized with the Yoast SEO plugin v27.4 - https:\/\/yoast.com\/product\/yoast-seo-wordpress\/ -->\n<title>Dia da Imuniza\u00e7\u00e3o: Vacine-se e proteja voc\u00ea e os outros &#8226; Folha do Leste<\/title>\n<meta name=\"description\" content=\"Dia da Imuniza\u00e7\u00e3o: Vacine-se e proteja voc\u00ea e os outros. A vacina\u00e7\u00e3o \u00e9 fundamental para a sa\u00fade individual e coletiva...\" \/>\n<meta name=\"robots\" content=\"index, follow, max-snippet:-1, max-image-preview:large, max-video-preview:-1\" \/>\n<link rel=\"canonical\" href=\"https:\/\/folhadoleste.com.br\/en\/dia-da-imunizacao-vacine-se-e-proteja-voce-e-os-outros\/\" \/>\n<meta property=\"og:locale\" content=\"en_US\" \/>\n<meta property=\"og:type\" content=\"article\" \/>\n<meta property=\"og:title\" content=\"Dia da Imuniza\u00e7\u00e3o: Vacine-se e proteja voc\u00ea e os outros &#8226; Folha do Leste\" \/>\n<meta property=\"og:description\" content=\"Brasil &#8226; 9 de June de 2024 &#8226; Folha do Leste\" \/>\n<meta property=\"og:url\" content=\"https:\/\/folhadoleste.com.br\/en\/dia-da-imunizacao-vacine-se-e-proteja-voce-e-os-outros\/\" \/>\n<meta property=\"og:site_name\" content=\"Folha do Leste\" \/>\n<meta property=\"article:publisher\" content=\"https:\/\/www.facebook.com\/folhadoleste\" \/>\n<meta property=\"article:published_time\" content=\"2024-06-09T19:00:20+00:00\" \/>\n<meta property=\"og:image\" content=\"https:\/\/folhadoleste.com.br\/wp-content\/uploads\/2024\/06\/Dia-da-Imunizacao-Vacine-se-e-proteja-voce-e-os-outros-Foto-Tomaz-Silva-Agencia-Brasil.webp\" \/>\n\t<meta property=\"og:image:width\" content=\"1200\" \/>\n\t<meta property=\"og:image:height\" content=\"750\" \/>\n\t<meta property=\"og:image:type\" content=\"image\/webp\" \/>\n<meta name=\"author\" content=\"Folha do Leste\" \/>\n<meta name=\"twitter:card\" content=\"summary_large_image\" \/>\n<meta name=\"twitter:creator\" content=\"@FolhadoLesteRJ\" \/>\n<meta name=\"twitter:site\" content=\"@FolhadoLesteRJ\" \/>\n<meta name=\"twitter:label1\" content=\"Written by\" \/>\n\t<meta name=\"twitter:data1\" content=\"Folha do Leste\" \/>\n\t<meta name=\"twitter:label2\" content=\"Est. reading time\" \/>\n\t<meta name=\"twitter:data2\" content=\"3 minutes\" \/>\n<script type=\"application\/ld+json\" class=\"yoast-schema-graph\">{\"@context\":\"https:\\\/\\\/schema.org\",\"@graph\":[{\"@type\":\"NewsArticle\",\"@id\":\"https:\\\/\\\/folhadoleste.com.br\\\/dia-da-imunizacao-vacine-se-e-proteja-voce-e-os-outros\\\/#article\",\"isPartOf\":{\"@id\":\"https:\\\/\\\/folhadoleste.com.br\\\/dia-da-imunizacao-vacine-se-e-proteja-voce-e-os-outros\\\/\"},\"author\":{\"name\":\"Folha do Leste\",\"@id\":\"https:\\\/\\\/folhadoleste.com.br\\\/#\\\/schema\\\/person\\\/3e97145b2e1861276e84471aa85a3899\"},\"headline\":\"Dia da Imuniza\u00e7\u00e3o: Vacine-se e proteja voc\u00ea e os outros\",\"datePublished\":\"2024-06-09T19:00:20+00:00\",\"mainEntityOfPage\":{\"@id\":\"https:\\\/\\\/folhadoleste.com.br\\\/dia-da-imunizacao-vacine-se-e-proteja-voce-e-os-outros\\\/\"},\"wordCount\":307,\"commentCount\":0,\"publisher\":{\"@id\":\"https:\\\/\\\/folhadoleste.com.br\\\/#organization\"},\"image\":{\"@id\":\"https:\\\/\\\/folhadoleste.com.br\\\/dia-da-imunizacao-vacine-se-e-proteja-voce-e-os-outros\\\/#primaryimage\"},\"thumbnailUrl\":\"https:\\\/\\\/folhadoleste.com.br\\\/wp-content\\\/uploads\\\/2024\\\/06\\\/Dia-da-Imunizacao-Vacine-se-e-proteja-voce-e-os-outros-Foto-Tomaz-Silva-Agencia-Brasil.webp\",\"keywords\":[\"Brasil\",\"Butantan\",\"Calend\u00e1rio Nacional de Vacina\u00e7\u00e3o\",\"Dia da Imuniza\u00e7\u00e3o\",\"Erradica\u00e7\u00e3o da Var\u00edola\",\"Imunidade Coletiva\",\"Imunidade de Rebanho\",\"Instituto Butantan\",\"OMS\",\"PNI\",\"Programa Nacional de Imuniza\u00e7\u00f5es\",\"Prote\u00e7\u00e3o Individual e Coletiva\",\"sa\u00fade\",\"Saude publica\",\"Seguran\u00e7a das Vacinas\",\"vacina\u00e7\u00e3o\",\"vacinas gratuitas\",\"Var\u00edola\"],\"articleSection\":[\"Brasil\",\"Sa\u00fade\"],\"inLanguage\":\"en-US\",\"potentialAction\":[{\"@type\":\"CommentAction\",\"name\":\"Comment\",\"target\":[\"https:\\\/\\\/folhadoleste.com.br\\\/dia-da-imunizacao-vacine-se-e-proteja-voce-e-os-outros\\\/#respond\"]}]},{\"@type\":\"WebPage\",\"@id\":\"https:\\\/\\\/folhadoleste.com.br\\\/dia-da-imunizacao-vacine-se-e-proteja-voce-e-os-outros\\\/\",\"url\":\"https:\\\/\\\/folhadoleste.com.br\\\/dia-da-imunizacao-vacine-se-e-proteja-voce-e-os-outros\\\/\",\"name\":\"Dia da Imuniza\u00e7\u00e3o: Vacine-se e proteja voc\u00ea e os outros &#8226; Folha do Leste\",\"isPartOf\":{\"@id\":\"https:\\\/\\\/folhadoleste.com.br\\\/#website\"},\"primaryImageOfPage\":{\"@id\":\"https:\\\/\\\/folhadoleste.com.br\\\/dia-da-imunizacao-vacine-se-e-proteja-voce-e-os-outros\\\/#primaryimage\"},\"image\":{\"@id\":\"https:\\\/\\\/folhadoleste.com.br\\\/dia-da-imunizacao-vacine-se-e-proteja-voce-e-os-outros\\\/#primaryimage\"},\"thumbnailUrl\":\"https:\\\/\\\/folhadoleste.com.br\\\/wp-content\\\/uploads\\\/2024\\\/06\\\/Dia-da-Imunizacao-Vacine-se-e-proteja-voce-e-os-outros-Foto-Tomaz-Silva-Agencia-Brasil.webp\",\"datePublished\":\"2024-06-09T19:00:20+00:00\",\"description\":\"Dia da Imuniza\u00e7\u00e3o: Vacine-se e proteja voc\u00ea e os outros. A vacina\u00e7\u00e3o \u00e9 fundamental para a sa\u00fade individual e coletiva...\",\"breadcrumb\":{\"@id\":\"https:\\\/\\\/folhadoleste.com.br\\\/dia-da-imunizacao-vacine-se-e-proteja-voce-e-os-outros\\\/#breadcrumb\"},\"inLanguage\":\"en-US\",\"potentialAction\":[{\"@type\":\"ReadAction\",\"target\":[\"https:\\\/\\\/folhadoleste.com.br\\\/dia-da-imunizacao-vacine-se-e-proteja-voce-e-os-outros\\\/\"]}]},{\"@type\":\"ImageObject\",\"inLanguage\":\"en-US\",\"@id\":\"https:\\\/\\\/folhadoleste.com.br\\\/dia-da-imunizacao-vacine-se-e-proteja-voce-e-os-outros\\\/#primaryimage\",\"url\":\"https:\\\/\\\/folhadoleste.com.br\\\/wp-content\\\/uploads\\\/2024\\\/06\\\/Dia-da-Imunizacao-Vacine-se-e-proteja-voce-e-os-outros-Foto-Tomaz-Silva-Agencia-Brasil.webp\",\"contentUrl\":\"https:\\\/\\\/folhadoleste.com.br\\\/wp-content\\\/uploads\\\/2024\\\/06\\\/Dia-da-Imunizacao-Vacine-se-e-proteja-voce-e-os-outros-Foto-Tomaz-Silva-Agencia-Brasil.webp\",\"width\":1200,\"height\":750,\"caption\":\"Dia da Imuniza\u00e7\u00e3o: Vacine-se e proteja voc\u00ea e os outros | Tomaz Silva\\\/Ag\u00eancia Brasil\"},{\"@type\":\"BreadcrumbList\",\"@id\":\"https:\\\/\\\/folhadoleste.com.br\\\/dia-da-imunizacao-vacine-se-e-proteja-voce-e-os-outros\\\/#breadcrumb\",\"itemListElement\":[{\"@type\":\"ListItem\",\"position\":1,\"name\":\"In\u00edcio\",\"item\":\"https:\\\/\\\/folhadoleste.com.br\\\/\"},{\"@type\":\"ListItem\",\"position\":2,\"name\":\"Brasil\",\"item\":\"https:\\\/\\\/folhadoleste.com.br\\\/category\\\/brasil\\\/\"},{\"@type\":\"ListItem\",\"position\":3,\"name\":\"Dia da Imuniza\u00e7\u00e3o: Vacine-se e proteja voc\u00ea e os outros\"}]},{\"@type\":\"WebSite\",\"@id\":\"https:\\\/\\\/folhadoleste.com.br\\\/#website\",\"url\":\"https:\\\/\\\/folhadoleste.com.br\\\/\",\"name\":\"Folha do Leste\",\"description\":\"Portal de Not\u00edcias com \u00eanfase em Niter\u00f3i, criando conte\u00fados desde a capital Rio de Janeiro, com olhar para o Leste Fluminense e suas cidades como S\u00e3o Gon\u00e7alo, Itabora\u00ed, Rio Bonito, Maric\u00e1, Saquarema e Araruama\",\"publisher\":{\"@id\":\"https:\\\/\\\/folhadoleste.com.br\\\/#organization\"},\"alternateName\":\"FL\",\"potentialAction\":[{\"@type\":\"SearchAction\",\"target\":{\"@type\":\"EntryPoint\",\"urlTemplate\":\"https:\\\/\\\/folhadoleste.com.br\\\/?s={search_term_string}\"},\"query-input\":{\"@type\":\"PropertyValueSpecification\",\"valueRequired\":true,\"valueName\":\"search_term_string\"}}],\"inLanguage\":\"en-US\"},{\"@type\":\"Organization\",\"@id\":\"https:\\\/\\\/folhadoleste.com.br\\\/#organization\",\"name\":\"Brasil 21 Comunica\u00e7\u00e3o\",\"alternateName\":\"BR21\",\"url\":\"https:\\\/\\\/folhadoleste.com.br\\\/\",\"logo\":{\"@type\":\"ImageObject\",\"inLanguage\":\"en-US\",\"@id\":\"https:\\\/\\\/folhadoleste.com.br\\\/#\\\/schema\\\/logo\\\/image\\\/\",\"url\":\"https:\\\/\\\/folhadoleste.com.br\\\/wp-content\\\/uploads\\\/2025\\\/12\\\/brasil-21-logomarca.avif\",\"contentUrl\":\"https:\\\/\\\/folhadoleste.com.br\\\/wp-content\\\/uploads\\\/2025\\\/12\\\/brasil-21-logomarca.avif\",\"width\":1044,\"height\":1044,\"caption\":\"Brasil 21 Comunica\u00e7\u00e3o\"},\"image\":{\"@id\":\"https:\\\/\\\/folhadoleste.com.br\\\/#\\\/schema\\\/logo\\\/image\\\/\"},\"sameAs\":[\"https:\\\/\\\/www.facebook.com\\\/folhadoleste\",\"https:\\\/\\\/x.com\\\/FolhadoLesteRJ\",\"https:\\\/\\\/www.instagram.com\\\/folhadoleste\\\/\"]},{\"@type\":\"Person\",\"@id\":\"https:\\\/\\\/folhadoleste.com.br\\\/#\\\/schema\\\/person\\\/3e97145b2e1861276e84471aa85a3899\",\"name\":\"Folha do Leste\",\"image\":{\"@type\":\"ImageObject\",\"inLanguage\":\"en-US\",\"@id\":\"https:\\\/\\\/folhadoleste.com.br\\\/wp-content\\\/litespeed\\\/avatar\\\/1ca8c218432e7045e748610eb3db0259.jpg?ver=1777161142\",\"url\":\"https:\\\/\\\/folhadoleste.com.br\\\/wp-content\\\/litespeed\\\/avatar\\\/1ca8c218432e7045e748610eb3db0259.jpg?ver=1777161142\",\"contentUrl\":\"https:\\\/\\\/folhadoleste.com.br\\\/wp-content\\\/litespeed\\\/avatar\\\/1ca8c218432e7045e748610eb3db0259.jpg?ver=1777161142\",\"caption\":\"Folha do Leste\"},\"url\":\"https:\\\/\\\/folhadoleste.com.br\\\/en\\\/author\\\/reportagem-01\\\/\"}]}<\/script>\n<!-- \/ Yoast SEO plugin. -->","yoast_head_json":{"title":"Dia da Imuniza\u00e7\u00e3o: Vacine-se e proteja voc\u00ea e os outros &#8226; Folha do Leste","description":"Dia da Imuniza\u00e7\u00e3o: Vacine-se e proteja voc\u00ea e os outros. A vacina\u00e7\u00e3o \u00e9 fundamental para a sa\u00fade individual e coletiva...","robots":{"index":"index","follow":"follow","max-snippet":"max-snippet:-1","max-image-preview":"max-image-preview:large","max-video-preview":"max-video-preview:-1"},"canonical":"https:\/\/folhadoleste.com.br\/en\/dia-da-imunizacao-vacine-se-e-proteja-voce-e-os-outros\/","og_locale":"en_US","og_type":"article","og_title":"Dia da Imuniza\u00e7\u00e3o: Vacine-se e proteja voc\u00ea e os outros &#8226; Folha do Leste","og_description":"Brasil &#8226; 9 de June de 2024 &#8226; Folha do Leste","og_url":"https:\/\/folhadoleste.com.br\/en\/dia-da-imunizacao-vacine-se-e-proteja-voce-e-os-outros\/","og_site_name":"Folha do Leste","article_publisher":"https:\/\/www.facebook.com\/folhadoleste","article_published_time":"2024-06-09T19:00:20+00:00","og_image":[{"width":1200,"height":750,"url":"https:\/\/folhadoleste.com.br\/wp-content\/uploads\/2024\/06\/Dia-da-Imunizacao-Vacine-se-e-proteja-voce-e-os-outros-Foto-Tomaz-Silva-Agencia-Brasil.webp","type":"image\/webp"}],"author":"Folha do Leste","twitter_card":"summary_large_image","twitter_creator":"@FolhadoLesteRJ","twitter_site":"@FolhadoLesteRJ","twitter_misc":{"Written by":"Folha do Leste","Est. reading time":"3 minutes"},"schema":{"@context":"https:\/\/schema.org","@graph":[{"@type":"NewsArticle","@id":"https:\/\/folhadoleste.com.br\/dia-da-imunizacao-vacine-se-e-proteja-voce-e-os-outros\/#article","isPartOf":{"@id":"https:\/\/folhadoleste.com.br\/dia-da-imunizacao-vacine-se-e-proteja-voce-e-os-outros\/"},"author":{"name":"Folha do Leste","@id":"https:\/\/folhadoleste.com.br\/#\/schema\/person\/3e97145b2e1861276e84471aa85a3899"},"headline":"Dia da Imuniza\u00e7\u00e3o: Vacine-se e proteja voc\u00ea e os outros","datePublished":"2024-06-09T19:00:20+00:00","mainEntityOfPage":{"@id":"https:\/\/folhadoleste.com.br\/dia-da-imunizacao-vacine-se-e-proteja-voce-e-os-outros\/"},"wordCount":307,"commentCount":0,"publisher":{"@id":"https:\/\/folhadoleste.com.br\/#organization"},"image":{"@id":"https:\/\/folhadoleste.com.br\/dia-da-imunizacao-vacine-se-e-proteja-voce-e-os-outros\/#primaryimage"},"thumbnailUrl":"https:\/\/folhadoleste.com.br\/wp-content\/uploads\/2024\/06\/Dia-da-Imunizacao-Vacine-se-e-proteja-voce-e-os-outros-Foto-Tomaz-Silva-Agencia-Brasil.webp","keywords":["Brasil","Butantan","Calend\u00e1rio Nacional de Vacina\u00e7\u00e3o","Dia da Imuniza\u00e7\u00e3o","Erradica\u00e7\u00e3o da Var\u00edola","Imunidade Coletiva","Imunidade de Rebanho","Instituto Butantan","OMS","PNI","Programa Nacional de Imuniza\u00e7\u00f5es","Prote\u00e7\u00e3o Individual e Coletiva","sa\u00fade","Saude publica","Seguran\u00e7a das Vacinas","vacina\u00e7\u00e3o","vacinas gratuitas","Var\u00edola"],"articleSection":["Brasil","Sa\u00fade"],"inLanguage":"en-US","potentialAction":[{"@type":"CommentAction","name":"Comment","target":["https:\/\/folhadoleste.com.br\/dia-da-imunizacao-vacine-se-e-proteja-voce-e-os-outros\/#respond"]}]},{"@type":"WebPage","@id":"https:\/\/folhadoleste.com.br\/dia-da-imunizacao-vacine-se-e-proteja-voce-e-os-outros\/","url":"https:\/\/folhadoleste.com.br\/dia-da-imunizacao-vacine-se-e-proteja-voce-e-os-outros\/","name":"Dia da Imuniza\u00e7\u00e3o: Vacine-se e proteja voc\u00ea e os outros &#8226; Folha do Leste","isPartOf":{"@id":"https:\/\/folhadoleste.com.br\/#website"},"primaryImageOfPage":{"@id":"https:\/\/folhadoleste.com.br\/dia-da-imunizacao-vacine-se-e-proteja-voce-e-os-outros\/#primaryimage"},"image":{"@id":"https:\/\/folhadoleste.com.br\/dia-da-imunizacao-vacine-se-e-proteja-voce-e-os-outros\/#primaryimage"},"thumbnailUrl":"https:\/\/folhadoleste.com.br\/wp-content\/uploads\/2024\/06\/Dia-da-Imunizacao-Vacine-se-e-proteja-voce-e-os-outros-Foto-Tomaz-Silva-Agencia-Brasil.webp","datePublished":"2024-06-09T19:00:20+00:00","description":"Dia da Imuniza\u00e7\u00e3o: Vacine-se e proteja voc\u00ea e os outros. A vacina\u00e7\u00e3o \u00e9 fundamental para a sa\u00fade individual e coletiva...","breadcrumb":{"@id":"https:\/\/folhadoleste.com.br\/dia-da-imunizacao-vacine-se-e-proteja-voce-e-os-outros\/#breadcrumb"},"inLanguage":"en-US","potentialAction":[{"@type":"ReadAction","target":["https:\/\/folhadoleste.com.br\/dia-da-imunizacao-vacine-se-e-proteja-voce-e-os-outros\/"]}]},{"@type":"ImageObject","inLanguage":"en-US","@id":"https:\/\/folhadoleste.com.br\/dia-da-imunizacao-vacine-se-e-proteja-voce-e-os-outros\/#primaryimage","url":"https:\/\/folhadoleste.com.br\/wp-content\/uploads\/2024\/06\/Dia-da-Imunizacao-Vacine-se-e-proteja-voce-e-os-outros-Foto-Tomaz-Silva-Agencia-Brasil.webp","contentUrl":"https:\/\/folhadoleste.com.br\/wp-content\/uploads\/2024\/06\/Dia-da-Imunizacao-Vacine-se-e-proteja-voce-e-os-outros-Foto-Tomaz-Silva-Agencia-Brasil.webp","width":1200,"height":750,"caption":"Dia da Imuniza\u00e7\u00e3o: Vacine-se e proteja voc\u00ea e os outros | Tomaz Silva\/Ag\u00eancia Brasil"},{"@type":"BreadcrumbList","@id":"https:\/\/folhadoleste.com.br\/dia-da-imunizacao-vacine-se-e-proteja-voce-e-os-outros\/#breadcrumb","itemListElement":[{"@type":"ListItem","position":1,"name":"In\u00edcio","item":"https:\/\/folhadoleste.com.br\/"},{"@type":"ListItem","position":2,"name":"Brasil","item":"https:\/\/folhadoleste.com.br\/category\/brasil\/"},{"@type":"ListItem","position":3,"name":"Dia da Imuniza\u00e7\u00e3o: Vacine-se e proteja voc\u00ea e os outros"}]},{"@type":"WebSite","@id":"https:\/\/folhadoleste.com.br\/#website","url":"https:\/\/folhadoleste.com.br\/","name":"Folha do Leste","description":"Portal de Not\u00edcias com \u00eanfase em Niter\u00f3i, criando conte\u00fados desde a capital Rio de Janeiro, com olhar para o Leste Fluminense e suas cidades como S\u00e3o Gon\u00e7alo, Itabora\u00ed, Rio Bonito, Maric\u00e1, Saquarema e Araruama","publisher":{"@id":"https:\/\/folhadoleste.com.br\/#organization"},"alternateName":"FL","potentialAction":[{"@type":"SearchAction","target":{"@type":"EntryPoint","urlTemplate":"https:\/\/folhadoleste.com.br\/?s={search_term_string}"},"query-input":{"@type":"PropertyValueSpecification","valueRequired":true,"valueName":"search_term_string"}}],"inLanguage":"en-US"},{"@type":"Organization","@id":"https:\/\/folhadoleste.com.br\/#organization","name":"Brasil 21 Comunica\u00e7\u00e3o","alternateName":"BR21","url":"https:\/\/folhadoleste.com.br\/","logo":{"@type":"ImageObject","inLanguage":"en-US","@id":"https:\/\/folhadoleste.com.br\/#\/schema\/logo\/image\/","url":"https:\/\/folhadoleste.com.br\/wp-content\/uploads\/2025\/12\/brasil-21-logomarca.avif","contentUrl":"https:\/\/folhadoleste.com.br\/wp-content\/uploads\/2025\/12\/brasil-21-logomarca.avif","width":1044,"height":1044,"caption":"Brasil 21 Comunica\u00e7\u00e3o"},"image":{"@id":"https:\/\/folhadoleste.com.br\/#\/schema\/logo\/image\/"},"sameAs":["https:\/\/www.facebook.com\/folhadoleste","https:\/\/x.com\/FolhadoLesteRJ","https:\/\/www.instagram.com\/folhadoleste\/"]},{"@type":"Person","@id":"https:\/\/folhadoleste.com.br\/#\/schema\/person\/3e97145b2e1861276e84471aa85a3899","name":"Folha do Leste","image":{"@type":"ImageObject","inLanguage":"en-US","@id":"https:\/\/folhadoleste.com.br\/wp-content\/litespeed\/avatar\/1ca8c218432e7045e748610eb3db0259.jpg?ver=1777161142","url":"https:\/\/folhadoleste.com.br\/wp-content\/litespeed\/avatar\/1ca8c218432e7045e748610eb3db0259.jpg?ver=1777161142","contentUrl":"https:\/\/folhadoleste.com.br\/wp-content\/litespeed\/avatar\/1ca8c218432e7045e748610eb3db0259.jpg?ver=1777161142","caption":"Folha do Leste"},"url":"https:\/\/folhadoleste.com.br\/en\/author\/reportagem-01\/"}]}},"_links":{"self":[{"href":"https:\/\/folhadoleste.com.br\/en\/wp-json\/wp\/v2\/posts\/70465","targetHints":{"allow":["GET"]}}],"collection":[{"href":"https:\/\/folhadoleste.com.br\/en\/wp-json\/wp\/v2\/posts"}],"about":[{"href":"https:\/\/folhadoleste.com.br\/en\/wp-json\/wp\/v2\/types\/post"}],"author":[{"embeddable":true,"href":"https:\/\/folhadoleste.com.br\/en\/wp-json\/wp\/v2\/users\/4"}],"replies":[{"embeddable":true,"href":"https:\/\/folhadoleste.com.br\/en\/wp-json\/wp\/v2\/comments?post=70465"}],"version-history":[{"count":1,"href":"https:\/\/folhadoleste.com.br\/en\/wp-json\/wp\/v2\/posts\/70465\/revisions"}],"predecessor-version":[{"id":70468,"href":"https:\/\/folhadoleste.com.br\/en\/wp-json\/wp\/v2\/posts\/70465\/revisions\/70468"}],"wp:featuredmedia":[{"embeddable":true,"href":"https:\/\/folhadoleste.com.br\/en\/wp-json\/wp\/v2\/media\/70467"}],"wp:attachment":[{"href":"https:\/\/folhadoleste.com.br\/en\/wp-json\/wp\/v2\/media?parent=70465"}],"wp:term":[{"taxonomy":"category","embeddable":true,"href":"https:\/\/folhadoleste.com.br\/en\/wp-json\/wp\/v2\/categories?post=70465"},{"taxonomy":"post_tag","embeddable":true,"href":"https:\/\/folhadoleste.com.br\/en\/wp-json\/wp\/v2\/tags?post=70465"}],"curies":[{"name":"wp","href":"https:\/\/api.w.org\/{rel}","templated":true}]}}