{"id":70452,"date":"2024-06-09T15:54:02","date_gmt":"2024-06-09T18:54:02","guid":{"rendered":"https:\/\/folhadoleste.com.br\/?p=70452"},"modified":"2024-06-09T15:54:02","modified_gmt":"2024-06-09T18:54:02","slug":"mec-congela-ead-ate-2025","status":"publish","type":"post","link":"https:\/\/folhadoleste.com.br\/en\/mec-congela-ead-ate-2025\/","title":{"rendered":"MEC congela EAD at\u00e9 2025"},"content":{"rendered":"<div id=\"attachment_70463\" style=\"width: 1210px\" class=\"wp-caption aligncenter\"><a href=\"https:\/\/folhadoleste.com.br\/wp-content\/uploads\/2024\/06\/MEC-congela-EAD-ate-2025-Foto-Reproducao.webp\"><img decoding=\"async\" aria-describedby=\"caption-attachment-70463\" class=\"size-full wp-image-70463\" src=\"https:\/\/folhadoleste.com.br\/wp-content\/uploads\/2024\/06\/MEC-congela-EAD-ate-2025-Foto-Reproducao.webp\" alt=\"MEC congela EAD at\u00e9 2025\" width=\"1200\" height=\"750\" \/><\/a><p id=\"caption-attachment-70463\" class=\"wp-caption-text\">MEC congela EAD at\u00e9 2025 | Reprodu\u00e7\u00e3o<\/p><\/div>\n<p style=\"text-align: justify;\" data-sourcepos=\"3:1-3:120\">O Minist\u00e9rio da Educa\u00e7\u00e3o (MEC) apertou o freio na modalidade de ensino a dist\u00e2ncia (EAD) no Brasil. A partir de agora, a cria\u00e7\u00e3o de novos cursos de gradua\u00e7\u00e3o EAD, o aumento de vagas em cursos j\u00e1 existentes e a abertura de novos polos EAD est\u00e3o suspensos at\u00e9 10 de mar\u00e7o de 2025.<\/p>\n<h6><span style=\"color: #ff0000;\"><strong>+<\/strong><\/span> <span style=\"color: #000000;\">LEIA TAMB\u00c9M: \u25ba<\/span><a href=\"https:\/\/folhadoleste.com.br\/en\/motorista-flagrado-transportando-moto-no-porta-malas-video\/\"><strong>Motorista flagrado transportando moto no porta-malas \u2013 V\u00eddeo<\/strong><\/a><\/h6>\n<p style=\"text-align: justify;\" data-sourcepos=\"3:1-3:120\">A medida, oficializada na portaria 528, publicada na sexta-feira (7), visa revisar o marco regulat\u00f3rio da EAD. Assim, estabelecer novos par\u00e2metros de qualidade para a oferta de ensino remoto no pa\u00eds.<\/p>\n<p style=\"text-align: justify;\" data-sourcepos=\"7:1-7:234\">O MEC reconhece o crescimento exponencial da EAD nos \u00faltimos anos, com 4,3 milh\u00f5es de alunos matriculados em todo o Brasil. Essa modalidade se tornou uma alternativa atrativa para muitos estudantes, especialmente aqueles que conciliam trabalho e estudo. No entanto, o aumento vertiginoso da EAD tamb\u00e9m acendeu alertas sobre a qualidade do ensino oferecido.<\/p>\n<h5 style=\"text-align: center;\"><span style=\"color: #000000;\"><span style=\"color: #ff0000;\"><strong>+ <\/strong><\/span><\/span><span style=\"color: #000000;\"><strong><span style=\"color: #ff9900;\">MAIS NOT\u00cdCIAS DO BRASIL?<\/span> <span style=\"color: #008080;\"><a style=\"color: #008080;\" href=\"https:\/\/folhadoleste.com.br\/en\/category\/brasil\/\">CLIQUE AQUI<\/a><\/span><\/strong><\/span><\/h5>\n<p style=\"text-align: justify;\" data-sourcepos=\"11:1-11:289\">Especialistas alertam para a baixa qualidade de alguns cursos EAD, a falta de infraestrutura adequada para as aulas remotas e o suporte insuficiente aos alunos. Al\u00e9m disso, a oferta limitada de experi\u00eancias pr\u00e1ticas em cursos EAD gera preocupa\u00e7\u00f5es sobre a forma\u00e7\u00e3o dos novos profissionais.<\/p>\n<p style=\"text-align: justify;\" data-sourcepos=\"15:1-15:178\">Com o objetivo de aprimorar a EAD no Brasil, o MEC definir\u00e1 novos referenciais de qualidade para a oferta de gradua\u00e7\u00e3o remota. O prazo para essa revis\u00e3o \u00e9 31 de dezembro de 2024.<\/p>\n<p style=\"text-align: justify;\" data-sourcepos=\"19:1-19:224\">O MEC reestabelecer\u00e1, ainda em junho, um processo de di\u00e1logo com gestores, especialistas, conselhos federais e representantes das institui\u00e7\u00f5es de ensino superior para discutir o futuro da EAD no pa\u00eds.<\/p>\n<h5 style=\"text-align: center;\"><span style=\"color: #000000;\"><span style=\"color: #ff0000;\"><strong>+ <\/strong><\/span><\/span><span style=\"color: #000000;\"><strong><span style=\"color: #ff9900;\">MAIS NOT\u00cdCIAS DO BRASIL?<\/span> <span style=\"color: #008080;\"><a style=\"color: #008080;\" href=\"https:\/\/folhadoleste.com.br\/en\/category\/brasil\/\">CLIQUE AQUI<\/a><\/span><\/strong><\/span><\/h5>\n<p style=\"text-align: justify;\" data-sourcepos=\"19:1-19:224\">O objetivo \u00e9 aprofundar o debate sobre as possibilidades e condi\u00e7\u00f5es de oferta de cursos EAD, al\u00e9m de promover um processo de di\u00e1logo p\u00fablico sobre os aspectos relevantes que nortear\u00e3o a revis\u00e3o das regras de credenciamento e autoriza\u00e7\u00e3o de cursos, formas de avalia\u00e7\u00e3o, par\u00e2metros de qualidade e diretrizes da educa\u00e7\u00e3o a dist\u00e2ncia.<\/p>\n<h6><span style=\"color: #ff0000;\"><strong>+<\/strong><\/span> <span style=\"color: #000000;\">LEIA TAMB\u00c9M: \u25ba<\/span><a href=\"https:\/\/folhadoleste.com.br\/en\/prazo-de-inscricao-para-o-enem-2024-prorrogado\/\"><strong>Prazo de inscri\u00e7\u00e3o para o Enem 2024 prorrogado<\/strong><\/a><\/h6>\n<p style=\"text-align: justify;\" data-sourcepos=\"23:1-23:565\">Durante o processo de revis\u00e3o do marco regulat\u00f3rio, o MEC retomar\u00e1 o andamento de processos que haviam sido suspensos pela portaria 2.041, de 29 de novembro de 2023, que suspendeu o processo de autoriza\u00e7\u00e3o de cursos superiores EaD. Essa retomada dos processos beneficiar\u00e1 cursos que j\u00e1 foram avaliados, com exce\u00e7\u00e3o de Direito, Medicina, Odontologia, Psicologia e Enfermagem.<\/p>\n<p data-sourcepos=\"23:1-23:565\"><a href=\"https:\/\/folhadoleste.com.br\/wp-content\/uploads\/2024\/05\/Ajude-o-Rio-Grande-do-Sul-Campanha-Oficial-Folha-do-Leste.jpg\"><img decoding=\"async\" class=\"aligncenter size-full wp-image-64672\" src=\"https:\/\/folhadoleste.com.br\/wp-content\/uploads\/2024\/05\/Ajude-o-Rio-Grande-do-Sul-Campanha-Oficial-Folha-do-Leste.jpg\" alt=\"\" width=\"728\" height=\"250\" \/><\/a><\/p>\n<p data-sourcepos=\"23:1-23:565\">\n<p data-sourcepos=\"23:1-23:565\"><a href=\"https:\/\/www.instagram.com\/folhadoleste\/\"><img decoding=\"async\" class=\"aligncenter wp-image-15962\" src=\"https:\/\/folhadoleste.com.br\/wp-content\/uploads\/2023\/07\/instagram.jpg.webp\" alt=\"Itaipu-Itaipua\u00e7u: Caminh\u00e3o causa grave acidente na RJ-102, a estrada da Serrinha\" width=\"49\" height=\"49\" \/><\/a><a href=\"https:\/\/www.facebook.com\/folhadoleste\"><img decoding=\"async\" class=\"aligncenter wp-image-7424\" src=\"https:\/\/folhadoleste.com.br\/wp-content\/uploads\/2023\/05\/facebook-logo-3-1.png.webp\" alt=\"Itaipu-Itaipua\u00e7u: Caminh\u00e3o causa grave acidente na RJ-102, a estrada da Serrinha\" width=\"49\" height=\"49\" \/><\/a><\/p>","protected":false},"excerpt":{"rendered":"<p>O Minist\u00e9rio da Educa\u00e7\u00e3o (MEC) apertou o freio na modalidade de ensino a dist\u00e2ncia (EAD) no Brasil. A partir de agora, a cria\u00e7\u00e3o de novos cursos de gradua\u00e7\u00e3o EAD, o aumento de vagas em cursos j\u00e1 existentes e a abertura de novos polos EAD est\u00e3o suspensos at\u00e9 10 de mar\u00e7o de 2025. + LEIA TAMB\u00c9M: \u25baMotorista flagrado transportando moto no porta-malas \u2013 V\u00eddeo A medida, oficializada na portaria 528, publicada na sexta-feira (7), visa revisar o marco regulat\u00f3rio da EAD. Assim, estabelecer novos par\u00e2metros de qualidade para a oferta de ensino remoto no pa\u00eds. O MEC reconhece o crescimento exponencial [&hellip;]<\/p>\n","protected":false},"author":4,"featured_media":70463,"comment_status":"open","ping_status":"open","sticky":false,"template":"","format":"standard","meta":{"footnotes":""},"categories":[64,646],"tags":[68,29218,29152,9594,15233,611,3420,29215,1120,3658,29217,762,12087,18911,29216],"class_list":["post-70452","post","type-post","status-publish","format-standard","has-post-thumbnail","hentry","category-brasil","category-educacao","tag-brasil","tag-cursos-em-andamento","tag-dialogo-aberto","tag-direito","tag-ead","tag-educacao","tag-enfermagem","tag-ensino-a-distancia","tag-mec","tag-medicina","tag-novos-cursos-suspensos","tag-odontologia","tag-psicologia","tag-qualidade-da-educacao","tag-revisao-do-marco-regulatorio","post--single"],"yoast_head":"<!-- This site is optimized with the Yoast SEO plugin v27.4 - https:\/\/yoast.com\/product\/yoast-seo-wordpress\/ -->\n<title>MEC congela EAD at\u00e9 2025 &#8226; Folha do Leste<\/title>\n<meta name=\"description\" content=\"MEC congela EAD at\u00e9 2025. Medida visa estabelecer novos referenciais de qualidade para a oferta de gradua\u00e7\u00e3o remota...\" \/>\n<meta name=\"robots\" content=\"index, follow, max-snippet:-1, max-image-preview:large, max-video-preview:-1\" \/>\n<link rel=\"canonical\" href=\"https:\/\/folhadoleste.com.br\/en\/mec-congela-ead-ate-2025\/\" \/>\n<meta property=\"og:locale\" content=\"en_US\" \/>\n<meta property=\"og:type\" content=\"article\" \/>\n<meta property=\"og:title\" content=\"MEC congela EAD at\u00e9 2025 &#8226; Folha do Leste\" \/>\n<meta property=\"og:description\" content=\"Brasil &#8226; 9 de June de 2024 &#8226; Folha do Leste\" \/>\n<meta property=\"og:url\" content=\"https:\/\/folhadoleste.com.br\/en\/mec-congela-ead-ate-2025\/\" \/>\n<meta property=\"og:site_name\" content=\"Folha do Leste\" \/>\n<meta property=\"article:publisher\" content=\"https:\/\/www.facebook.com\/folhadoleste\" \/>\n<meta property=\"article:published_time\" content=\"2024-06-09T18:54:02+00:00\" \/>\n<meta property=\"og:image\" content=\"https:\/\/folhadoleste.com.br\/wp-content\/uploads\/2024\/06\/MEC-congela-EAD-ate-2025-Foto-Reproducao.webp\" \/>\n\t<meta property=\"og:image:width\" content=\"1200\" \/>\n\t<meta property=\"og:image:height\" content=\"750\" \/>\n\t<meta property=\"og:image:type\" content=\"image\/webp\" \/>\n<meta name=\"author\" content=\"Folha do Leste\" \/>\n<meta name=\"twitter:card\" content=\"summary_large_image\" \/>\n<meta name=\"twitter:creator\" content=\"@FolhadoLesteRJ\" \/>\n<meta name=\"twitter:site\" content=\"@FolhadoLesteRJ\" \/>\n<meta name=\"twitter:label1\" content=\"Written by\" \/>\n\t<meta name=\"twitter:data1\" content=\"Folha do Leste\" \/>\n\t<meta name=\"twitter:label2\" content=\"Est. reading time\" \/>\n\t<meta name=\"twitter:data2\" content=\"4 minutes\" \/>\n<script type=\"application\/ld+json\" class=\"yoast-schema-graph\">{\"@context\":\"https:\\\/\\\/schema.org\",\"@graph\":[{\"@type\":\"NewsArticle\",\"@id\":\"https:\\\/\\\/folhadoleste.com.br\\\/mec-congela-ead-ate-2025\\\/#article\",\"isPartOf\":{\"@id\":\"https:\\\/\\\/folhadoleste.com.br\\\/mec-congela-ead-ate-2025\\\/\"},\"author\":{\"name\":\"Folha do Leste\",\"@id\":\"https:\\\/\\\/folhadoleste.com.br\\\/#\\\/schema\\\/person\\\/3e97145b2e1861276e84471aa85a3899\"},\"headline\":\"MEC congela EAD at\u00e9 2025\",\"datePublished\":\"2024-06-09T18:54:02+00:00\",\"mainEntityOfPage\":{\"@id\":\"https:\\\/\\\/folhadoleste.com.br\\\/mec-congela-ead-ate-2025\\\/\"},\"wordCount\":431,\"commentCount\":0,\"publisher\":{\"@id\":\"https:\\\/\\\/folhadoleste.com.br\\\/#organization\"},\"image\":{\"@id\":\"https:\\\/\\\/folhadoleste.com.br\\\/mec-congela-ead-ate-2025\\\/#primaryimage\"},\"thumbnailUrl\":\"https:\\\/\\\/folhadoleste.com.br\\\/wp-content\\\/uploads\\\/2024\\\/06\\\/MEC-congela-EAD-ate-2025-Foto-Reproducao.webp\",\"keywords\":[\"Brasil\",\"Cursos em Andamento\",\"di\u00e1logo aberto\",\"direito\",\"EAD\",\"educa\u00e7\u00e3o\",\"enfermagem\",\"Ensino a Dist\u00e2ncia\",\"MEC\",\"Medicina\",\"Novos Cursos Suspensos\",\"odontologia\",\"Psicologia\",\"Qualidade Da Educa\u00e7\u00e3o\",\"Revis\u00e3o do Marco Regulat\u00f3rio\"],\"articleSection\":[\"Brasil\",\"Educa\u00e7\u00e3o\"],\"inLanguage\":\"en-US\",\"potentialAction\":[{\"@type\":\"CommentAction\",\"name\":\"Comment\",\"target\":[\"https:\\\/\\\/folhadoleste.com.br\\\/mec-congela-ead-ate-2025\\\/#respond\"]}]},{\"@type\":\"WebPage\",\"@id\":\"https:\\\/\\\/folhadoleste.com.br\\\/mec-congela-ead-ate-2025\\\/\",\"url\":\"https:\\\/\\\/folhadoleste.com.br\\\/mec-congela-ead-ate-2025\\\/\",\"name\":\"MEC congela EAD at\u00e9 2025 &#8226; Folha do Leste\",\"isPartOf\":{\"@id\":\"https:\\\/\\\/folhadoleste.com.br\\\/#website\"},\"primaryImageOfPage\":{\"@id\":\"https:\\\/\\\/folhadoleste.com.br\\\/mec-congela-ead-ate-2025\\\/#primaryimage\"},\"image\":{\"@id\":\"https:\\\/\\\/folhadoleste.com.br\\\/mec-congela-ead-ate-2025\\\/#primaryimage\"},\"thumbnailUrl\":\"https:\\\/\\\/folhadoleste.com.br\\\/wp-content\\\/uploads\\\/2024\\\/06\\\/MEC-congela-EAD-ate-2025-Foto-Reproducao.webp\",\"datePublished\":\"2024-06-09T18:54:02+00:00\",\"description\":\"MEC congela EAD at\u00e9 2025. Medida visa estabelecer novos referenciais de qualidade para a oferta de gradua\u00e7\u00e3o remota...\",\"breadcrumb\":{\"@id\":\"https:\\\/\\\/folhadoleste.com.br\\\/mec-congela-ead-ate-2025\\\/#breadcrumb\"},\"inLanguage\":\"en-US\",\"potentialAction\":[{\"@type\":\"ReadAction\",\"target\":[\"https:\\\/\\\/folhadoleste.com.br\\\/mec-congela-ead-ate-2025\\\/\"]}]},{\"@type\":\"ImageObject\",\"inLanguage\":\"en-US\",\"@id\":\"https:\\\/\\\/folhadoleste.com.br\\\/mec-congela-ead-ate-2025\\\/#primaryimage\",\"url\":\"https:\\\/\\\/folhadoleste.com.br\\\/wp-content\\\/uploads\\\/2024\\\/06\\\/MEC-congela-EAD-ate-2025-Foto-Reproducao.webp\",\"contentUrl\":\"https:\\\/\\\/folhadoleste.com.br\\\/wp-content\\\/uploads\\\/2024\\\/06\\\/MEC-congela-EAD-ate-2025-Foto-Reproducao.webp\",\"width\":1200,\"height\":750,\"caption\":\"MEC congela EAD at\u00e9 2025 | Reprodu\u00e7\u00e3o\"},{\"@type\":\"BreadcrumbList\",\"@id\":\"https:\\\/\\\/folhadoleste.com.br\\\/mec-congela-ead-ate-2025\\\/#breadcrumb\",\"itemListElement\":[{\"@type\":\"ListItem\",\"position\":1,\"name\":\"In\u00edcio\",\"item\":\"https:\\\/\\\/folhadoleste.com.br\\\/\"},{\"@type\":\"ListItem\",\"position\":2,\"name\":\"Brasil\",\"item\":\"https:\\\/\\\/folhadoleste.com.br\\\/category\\\/brasil\\\/\"},{\"@type\":\"ListItem\",\"position\":3,\"name\":\"MEC congela EAD at\u00e9 2025\"}]},{\"@type\":\"WebSite\",\"@id\":\"https:\\\/\\\/folhadoleste.com.br\\\/#website\",\"url\":\"https:\\\/\\\/folhadoleste.com.br\\\/\",\"name\":\"Folha do Leste\",\"description\":\"Portal de Not\u00edcias com \u00eanfase em Niter\u00f3i, criando conte\u00fados desde a capital Rio de Janeiro, com olhar para o Leste Fluminense e suas cidades como S\u00e3o Gon\u00e7alo, Itabora\u00ed, Rio Bonito, Maric\u00e1, Saquarema e Araruama\",\"publisher\":{\"@id\":\"https:\\\/\\\/folhadoleste.com.br\\\/#organization\"},\"alternateName\":\"FL\",\"potentialAction\":[{\"@type\":\"SearchAction\",\"target\":{\"@type\":\"EntryPoint\",\"urlTemplate\":\"https:\\\/\\\/folhadoleste.com.br\\\/?s={search_term_string}\"},\"query-input\":{\"@type\":\"PropertyValueSpecification\",\"valueRequired\":true,\"valueName\":\"search_term_string\"}}],\"inLanguage\":\"en-US\"},{\"@type\":\"Organization\",\"@id\":\"https:\\\/\\\/folhadoleste.com.br\\\/#organization\",\"name\":\"Brasil 21 Comunica\u00e7\u00e3o\",\"alternateName\":\"BR21\",\"url\":\"https:\\\/\\\/folhadoleste.com.br\\\/\",\"logo\":{\"@type\":\"ImageObject\",\"inLanguage\":\"en-US\",\"@id\":\"https:\\\/\\\/folhadoleste.com.br\\\/#\\\/schema\\\/logo\\\/image\\\/\",\"url\":\"https:\\\/\\\/folhadoleste.com.br\\\/wp-content\\\/uploads\\\/2025\\\/12\\\/brasil-21-logomarca.avif\",\"contentUrl\":\"https:\\\/\\\/folhadoleste.com.br\\\/wp-content\\\/uploads\\\/2025\\\/12\\\/brasil-21-logomarca.avif\",\"width\":1044,\"height\":1044,\"caption\":\"Brasil 21 Comunica\u00e7\u00e3o\"},\"image\":{\"@id\":\"https:\\\/\\\/folhadoleste.com.br\\\/#\\\/schema\\\/logo\\\/image\\\/\"},\"sameAs\":[\"https:\\\/\\\/www.facebook.com\\\/folhadoleste\",\"https:\\\/\\\/x.com\\\/FolhadoLesteRJ\",\"https:\\\/\\\/www.instagram.com\\\/folhadoleste\\\/\"]},{\"@type\":\"Person\",\"@id\":\"https:\\\/\\\/folhadoleste.com.br\\\/#\\\/schema\\\/person\\\/3e97145b2e1861276e84471aa85a3899\",\"name\":\"Folha do Leste\",\"image\":{\"@type\":\"ImageObject\",\"inLanguage\":\"en-US\",\"@id\":\"https:\\\/\\\/folhadoleste.com.br\\\/wp-content\\\/litespeed\\\/avatar\\\/1ca8c218432e7045e748610eb3db0259.jpg?ver=1777161142\",\"url\":\"https:\\\/\\\/folhadoleste.com.br\\\/wp-content\\\/litespeed\\\/avatar\\\/1ca8c218432e7045e748610eb3db0259.jpg?ver=1777161142\",\"contentUrl\":\"https:\\\/\\\/folhadoleste.com.br\\\/wp-content\\\/litespeed\\\/avatar\\\/1ca8c218432e7045e748610eb3db0259.jpg?ver=1777161142\",\"caption\":\"Folha do Leste\"},\"url\":\"https:\\\/\\\/folhadoleste.com.br\\\/en\\\/author\\\/reportagem-01\\\/\"}]}<\/script>\n<!-- \/ Yoast SEO plugin. -->","yoast_head_json":{"title":"MEC congela EAD at\u00e9 2025 &#8226; Folha do Leste","description":"MEC congela EAD at\u00e9 2025. Medida visa estabelecer novos referenciais de qualidade para a oferta de gradua\u00e7\u00e3o remota...","robots":{"index":"index","follow":"follow","max-snippet":"max-snippet:-1","max-image-preview":"max-image-preview:large","max-video-preview":"max-video-preview:-1"},"canonical":"https:\/\/folhadoleste.com.br\/en\/mec-congela-ead-ate-2025\/","og_locale":"en_US","og_type":"article","og_title":"MEC congela EAD at\u00e9 2025 &#8226; Folha do Leste","og_description":"Brasil &#8226; 9 de June de 2024 &#8226; Folha do Leste","og_url":"https:\/\/folhadoleste.com.br\/en\/mec-congela-ead-ate-2025\/","og_site_name":"Folha do Leste","article_publisher":"https:\/\/www.facebook.com\/folhadoleste","article_published_time":"2024-06-09T18:54:02+00:00","og_image":[{"width":1200,"height":750,"url":"https:\/\/folhadoleste.com.br\/wp-content\/uploads\/2024\/06\/MEC-congela-EAD-ate-2025-Foto-Reproducao.webp","type":"image\/webp"}],"author":"Folha do Leste","twitter_card":"summary_large_image","twitter_creator":"@FolhadoLesteRJ","twitter_site":"@FolhadoLesteRJ","twitter_misc":{"Written by":"Folha do Leste","Est. reading time":"4 minutes"},"schema":{"@context":"https:\/\/schema.org","@graph":[{"@type":"NewsArticle","@id":"https:\/\/folhadoleste.com.br\/mec-congela-ead-ate-2025\/#article","isPartOf":{"@id":"https:\/\/folhadoleste.com.br\/mec-congela-ead-ate-2025\/"},"author":{"name":"Folha do Leste","@id":"https:\/\/folhadoleste.com.br\/#\/schema\/person\/3e97145b2e1861276e84471aa85a3899"},"headline":"MEC congela EAD at\u00e9 2025","datePublished":"2024-06-09T18:54:02+00:00","mainEntityOfPage":{"@id":"https:\/\/folhadoleste.com.br\/mec-congela-ead-ate-2025\/"},"wordCount":431,"commentCount":0,"publisher":{"@id":"https:\/\/folhadoleste.com.br\/#organization"},"image":{"@id":"https:\/\/folhadoleste.com.br\/mec-congela-ead-ate-2025\/#primaryimage"},"thumbnailUrl":"https:\/\/folhadoleste.com.br\/wp-content\/uploads\/2024\/06\/MEC-congela-EAD-ate-2025-Foto-Reproducao.webp","keywords":["Brasil","Cursos em Andamento","di\u00e1logo aberto","direito","EAD","educa\u00e7\u00e3o","enfermagem","Ensino a Dist\u00e2ncia","MEC","Medicina","Novos Cursos Suspensos","odontologia","Psicologia","Qualidade Da Educa\u00e7\u00e3o","Revis\u00e3o do Marco Regulat\u00f3rio"],"articleSection":["Brasil","Educa\u00e7\u00e3o"],"inLanguage":"en-US","potentialAction":[{"@type":"CommentAction","name":"Comment","target":["https:\/\/folhadoleste.com.br\/mec-congela-ead-ate-2025\/#respond"]}]},{"@type":"WebPage","@id":"https:\/\/folhadoleste.com.br\/mec-congela-ead-ate-2025\/","url":"https:\/\/folhadoleste.com.br\/mec-congela-ead-ate-2025\/","name":"MEC congela EAD at\u00e9 2025 &#8226; Folha do Leste","isPartOf":{"@id":"https:\/\/folhadoleste.com.br\/#website"},"primaryImageOfPage":{"@id":"https:\/\/folhadoleste.com.br\/mec-congela-ead-ate-2025\/#primaryimage"},"image":{"@id":"https:\/\/folhadoleste.com.br\/mec-congela-ead-ate-2025\/#primaryimage"},"thumbnailUrl":"https:\/\/folhadoleste.com.br\/wp-content\/uploads\/2024\/06\/MEC-congela-EAD-ate-2025-Foto-Reproducao.webp","datePublished":"2024-06-09T18:54:02+00:00","description":"MEC congela EAD at\u00e9 2025. Medida visa estabelecer novos referenciais de qualidade para a oferta de gradua\u00e7\u00e3o remota...","breadcrumb":{"@id":"https:\/\/folhadoleste.com.br\/mec-congela-ead-ate-2025\/#breadcrumb"},"inLanguage":"en-US","potentialAction":[{"@type":"ReadAction","target":["https:\/\/folhadoleste.com.br\/mec-congela-ead-ate-2025\/"]}]},{"@type":"ImageObject","inLanguage":"en-US","@id":"https:\/\/folhadoleste.com.br\/mec-congela-ead-ate-2025\/#primaryimage","url":"https:\/\/folhadoleste.com.br\/wp-content\/uploads\/2024\/06\/MEC-congela-EAD-ate-2025-Foto-Reproducao.webp","contentUrl":"https:\/\/folhadoleste.com.br\/wp-content\/uploads\/2024\/06\/MEC-congela-EAD-ate-2025-Foto-Reproducao.webp","width":1200,"height":750,"caption":"MEC congela EAD at\u00e9 2025 | Reprodu\u00e7\u00e3o"},{"@type":"BreadcrumbList","@id":"https:\/\/folhadoleste.com.br\/mec-congela-ead-ate-2025\/#breadcrumb","itemListElement":[{"@type":"ListItem","position":1,"name":"In\u00edcio","item":"https:\/\/folhadoleste.com.br\/"},{"@type":"ListItem","position":2,"name":"Brasil","item":"https:\/\/folhadoleste.com.br\/category\/brasil\/"},{"@type":"ListItem","position":3,"name":"MEC congela EAD at\u00e9 2025"}]},{"@type":"WebSite","@id":"https:\/\/folhadoleste.com.br\/#website","url":"https:\/\/folhadoleste.com.br\/","name":"Folha do Leste","description":"Portal de Not\u00edcias com \u00eanfase em Niter\u00f3i, criando conte\u00fados desde a capital Rio de Janeiro, com olhar para o Leste Fluminense e suas cidades como S\u00e3o Gon\u00e7alo, Itabora\u00ed, Rio Bonito, Maric\u00e1, Saquarema e Araruama","publisher":{"@id":"https:\/\/folhadoleste.com.br\/#organization"},"alternateName":"FL","potentialAction":[{"@type":"SearchAction","target":{"@type":"EntryPoint","urlTemplate":"https:\/\/folhadoleste.com.br\/?s={search_term_string}"},"query-input":{"@type":"PropertyValueSpecification","valueRequired":true,"valueName":"search_term_string"}}],"inLanguage":"en-US"},{"@type":"Organization","@id":"https:\/\/folhadoleste.com.br\/#organization","name":"Brasil 21 Comunica\u00e7\u00e3o","alternateName":"BR21","url":"https:\/\/folhadoleste.com.br\/","logo":{"@type":"ImageObject","inLanguage":"en-US","@id":"https:\/\/folhadoleste.com.br\/#\/schema\/logo\/image\/","url":"https:\/\/folhadoleste.com.br\/wp-content\/uploads\/2025\/12\/brasil-21-logomarca.avif","contentUrl":"https:\/\/folhadoleste.com.br\/wp-content\/uploads\/2025\/12\/brasil-21-logomarca.avif","width":1044,"height":1044,"caption":"Brasil 21 Comunica\u00e7\u00e3o"},"image":{"@id":"https:\/\/folhadoleste.com.br\/#\/schema\/logo\/image\/"},"sameAs":["https:\/\/www.facebook.com\/folhadoleste","https:\/\/x.com\/FolhadoLesteRJ","https:\/\/www.instagram.com\/folhadoleste\/"]},{"@type":"Person","@id":"https:\/\/folhadoleste.com.br\/#\/schema\/person\/3e97145b2e1861276e84471aa85a3899","name":"Folha do Leste","image":{"@type":"ImageObject","inLanguage":"en-US","@id":"https:\/\/folhadoleste.com.br\/wp-content\/litespeed\/avatar\/1ca8c218432e7045e748610eb3db0259.jpg?ver=1777161142","url":"https:\/\/folhadoleste.com.br\/wp-content\/litespeed\/avatar\/1ca8c218432e7045e748610eb3db0259.jpg?ver=1777161142","contentUrl":"https:\/\/folhadoleste.com.br\/wp-content\/litespeed\/avatar\/1ca8c218432e7045e748610eb3db0259.jpg?ver=1777161142","caption":"Folha do Leste"},"url":"https:\/\/folhadoleste.com.br\/en\/author\/reportagem-01\/"}]}},"_links":{"self":[{"href":"https:\/\/folhadoleste.com.br\/en\/wp-json\/wp\/v2\/posts\/70452","targetHints":{"allow":["GET"]}}],"collection":[{"href":"https:\/\/folhadoleste.com.br\/en\/wp-json\/wp\/v2\/posts"}],"about":[{"href":"https:\/\/folhadoleste.com.br\/en\/wp-json\/wp\/v2\/types\/post"}],"author":[{"embeddable":true,"href":"https:\/\/folhadoleste.com.br\/en\/wp-json\/wp\/v2\/users\/4"}],"replies":[{"embeddable":true,"href":"https:\/\/folhadoleste.com.br\/en\/wp-json\/wp\/v2\/comments?post=70452"}],"version-history":[{"count":1,"href":"https:\/\/folhadoleste.com.br\/en\/wp-json\/wp\/v2\/posts\/70452\/revisions"}],"predecessor-version":[{"id":70464,"href":"https:\/\/folhadoleste.com.br\/en\/wp-json\/wp\/v2\/posts\/70452\/revisions\/70464"}],"wp:featuredmedia":[{"embeddable":true,"href":"https:\/\/folhadoleste.com.br\/en\/wp-json\/wp\/v2\/media\/70463"}],"wp:attachment":[{"href":"https:\/\/folhadoleste.com.br\/en\/wp-json\/wp\/v2\/media?parent=70452"}],"wp:term":[{"taxonomy":"category","embeddable":true,"href":"https:\/\/folhadoleste.com.br\/en\/wp-json\/wp\/v2\/categories?post=70452"},{"taxonomy":"post_tag","embeddable":true,"href":"https:\/\/folhadoleste.com.br\/en\/wp-json\/wp\/v2\/tags?post=70452"}],"curies":[{"name":"wp","href":"https:\/\/api.w.org\/{rel}","templated":true}]}}