{"id":70440,"date":"2024-06-09T14:26:43","date_gmt":"2024-06-09T17:26:43","guid":{"rendered":"https:\/\/folhadoleste.com.br\/?p=70440"},"modified":"2024-06-09T14:26:43","modified_gmt":"2024-06-09T17:26:43","slug":"libertadores-gaucho-traca-plano-para-duelo-com-o-fluminense","status":"publish","type":"post","link":"https:\/\/folhadoleste.com.br\/en\/libertadores-gaucho-traca-plano-para-duelo-com-o-fluminense\/","title":{"rendered":"Libertadores: Ga\u00facho tra\u00e7a plano para duelo com o Fluminense"},"content":{"rendered":"<div id=\"attachment_70442\" style=\"width: 1210px\" class=\"wp-caption aligncenter\"><a href=\"https:\/\/folhadoleste.com.br\/wp-content\/uploads\/2024\/06\/Libertadores-Gaucho-traca-plano-para-duelo-com-o-Fluminense-Foto-Lucas-Uebel-Gremio-FBPA.webp\"><img decoding=\"async\" aria-describedby=\"caption-attachment-70442\" class=\"size-full wp-image-70442\" src=\"https:\/\/folhadoleste.com.br\/wp-content\/uploads\/2024\/06\/Libertadores-Gaucho-traca-plano-para-duelo-com-o-Fluminense-Foto-Lucas-Uebel-Gremio-FBPA.webp\" alt=\"Libertadores: Ga\u00facho tra\u00e7a plano para duelo com o Fluminense\" width=\"1200\" height=\"750\" \/><\/a><p id=\"caption-attachment-70442\" class=\"wp-caption-text\">Libertadores: Ga\u00facho tra\u00e7a plano para duelo com o Fluminense | Lucas Uebel\/Gr\u00eamio FBPA<\/p><\/div>\n<p style=\"text-align: justify;\" data-sourcepos=\"3:1-3:303\">A Libertadores da Am\u00e9rica ferve em emo\u00e7\u00f5es, e o t\u00e9cnico Renato Ga\u00facho j\u00e1 tra\u00e7a seu plano de batalha para o duelo \u00e9pico entre Gr\u00eamio e Fluminense nas oitavas de final.<\/p>\n<h6><span style=\"color: #ff0000;\"><strong>+<\/strong><\/span> <span style=\"color: #000000;\">LEIA TAMB\u00c9M: \u25ba<\/span><a href=\"https:\/\/folhadoleste.com.br\/en\/ex-flamengo-michael-pode-retornar-ao-futebol-brasileiro\/\"><strong>Ex-Flamengo: Michael pode retornar ao futebol brasileiro<\/strong><\/a><\/h6>\n<p style=\"text-align: justify;\" data-sourcepos=\"3:1-3:303\">Em entrevista coletiva ap\u00f3s o empate com o Estudiantes (ARG), o comandante tricolor reconheceu a for\u00e7a do rival e projetou um confronto digno de cl\u00e1ssicos.<\/p>\n<blockquote>\n<p style=\"text-align: justify;\" data-sourcepos=\"7:1-7:399\">&#8220;N\u00e3o tem jogo f\u00e1cil na Libertadores. \u00c9 mais um brasileiro que vai ficar pelo caminho. O Fluminense \u00e9 o atual campe\u00e3o, tem uma grande equipe e \u00e9 claro que n\u00e3o ir\u00edamos encontrar facilidade, nem diante do Pe\u00f1arol. O mais importante \u00e9 que conseguimos a classifica\u00e7\u00e3o. At\u00e9 agosto tem muita coisa para acontecer&#8221;, ponderou Renato, valorizando a conquista da vaga e reconhecendo o alto n\u00edvel da competi\u00e7\u00e3o.<\/p>\n<\/blockquote>\n<h5 style=\"text-align: center;\"><span style=\"color: #000000;\"><span style=\"color: #ff0000;\"><strong>+ <\/strong><\/span><\/span><span style=\"color: #000000;\"><strong><span style=\"color: #ff9900;\">MAIS NOT\u00cdCIAS DE ESPORTES?<\/span> <span style=\"color: #008080;\"><a style=\"color: #008080;\" href=\"https:\/\/folhadoleste.com.br\/en\/category\/esportes\/\">CLIQUE AQUI<\/a><\/span><\/strong><\/span><\/h5>\n<blockquote>\n<p style=\"text-align: justify;\" data-sourcepos=\"11:1-11:6\">&#8220;L\u00e1 na frente pensaremos na melhor estrat\u00e9gia. Da mesma forma que o Fluminense conhece bem o Gr\u00eamio, n\u00f3s conhecemos o Fluminense. \u00c9 um cl\u00e1ssico do nosso futebol, duas grandes equipes, dois grandes clubes. Infelizmente, um vai ficar pelo caminho&#8221;, projetou o t\u00e9cnico, ressaltando a familiaridade entre os times e a import\u00e2ncia de tra\u00e7ar uma estrat\u00e9gia vencedora para o confronto hist\u00f3rico.<\/p>\n<\/blockquote>\n<p style=\"text-align: justify;\" data-sourcepos=\"15:1-15:392\">As equipes se enfrentar\u00e3o nas semanas dos dias 14 e 21 de agosto, com o duelo de ida na Arena do Gr\u00eamio e a volta no Maracan\u00e3.<\/p>\n<p data-sourcepos=\"15:1-15:392\"><a href=\"https:\/\/folhadoleste.com.br\/wp-content\/uploads\/2024\/05\/Ajude-o-Rio-Grande-do-Sul-Campanha-Oficial-Folha-do-Leste.jpg\"><img decoding=\"async\" class=\"aligncenter size-full wp-image-64672\" src=\"https:\/\/folhadoleste.com.br\/wp-content\/uploads\/2024\/05\/Ajude-o-Rio-Grande-do-Sul-Campanha-Oficial-Folha-do-Leste.jpg\" alt=\"\" width=\"728\" height=\"250\" \/><\/a><\/p>\n<p data-sourcepos=\"15:1-15:392\">\n<p data-sourcepos=\"15:1-15:392\"><a href=\"https:\/\/www.instagram.com\/folhadoleste\/\"><img decoding=\"async\" class=\"aligncenter wp-image-15962\" src=\"https:\/\/folhadoleste.com.br\/wp-content\/uploads\/2023\/07\/instagram.jpg.webp\" alt=\"Itaipu-Itaipua\u00e7u: Caminh\u00e3o causa grave acidente na RJ-102, a estrada da Serrinha\" width=\"49\" height=\"49\" \/><\/a><a href=\"https:\/\/www.facebook.com\/folhadoleste\"><img decoding=\"async\" class=\"aligncenter wp-image-7424\" src=\"https:\/\/folhadoleste.com.br\/wp-content\/uploads\/2023\/05\/facebook-logo-3-1.png.webp\" alt=\"Itaipu-Itaipua\u00e7u: Caminh\u00e3o causa grave acidente na RJ-102, a estrada da Serrinha\" width=\"49\" height=\"49\" \/><\/a><\/p>","protected":false},"excerpt":{"rendered":"<p>A Libertadores da Am\u00e9rica ferve em emo\u00e7\u00f5es, e o t\u00e9cnico Renato Ga\u00facho j\u00e1 tra\u00e7a seu plano de batalha para o duelo \u00e9pico entre Gr\u00eamio e Fluminense nas oitavas de final. + LEIA TAMB\u00c9M: \u25baEx-Flamengo: Michael pode retornar ao futebol brasileiro Em entrevista coletiva ap\u00f3s o empate com o Estudiantes (ARG), o comandante tricolor reconheceu a for\u00e7a do rival e projetou um confronto digno de cl\u00e1ssicos. &#8220;N\u00e3o tem jogo f\u00e1cil na Libertadores. \u00c9 mais um brasileiro que vai ficar pelo caminho. O Fluminense \u00e9 o atual campe\u00e3o, tem uma grande equipe e \u00e9 claro que n\u00e3o ir\u00edamos encontrar facilidade, nem diante [&hellip;]<\/p>\n","protected":false},"author":4,"featured_media":70442,"comment_status":"open","ping_status":"open","sticky":false,"template":"","format":"standard","meta":{"footnotes":""},"categories":[48,65],"tags":[25264,10707,29203,29207,105,13971,124,101,2288,439,286,13054,3095,29206,15277,29205,29204,1852],"class_list":["post-70440","post","type-post","status-publish","format-standard","has-post-thumbnail","hentry","category-esportes","category-futebol-esportes","tag-arena-do-gremio","tag-classico","tag-duelo-de-gigantes","tag-emocao-garantida","tag-esportes","tag-estrategia","tag-fluminense","tag-futebol","tag-gremio","tag-libertadores","tag-maracana","tag-objetivo","tag-oitavas-de-final","tag-preparacao-intensa","tag-renato-gaucho","tag-respeito-ao-adversario","tag-sonho-das-quartas","tag-tradicao","post--single"],"yoast_head":"<!-- This site is optimized with the Yoast SEO plugin v27.4 - https:\/\/yoast.com\/product\/yoast-seo-wordpress\/ -->\n<title>Libertadores: Ga\u00facho tra\u00e7a plano para duelo com o Fluminense &#8226; Folha do Leste<\/title>\n<meta name=\"description\" content=\"Libertadores: Ga\u00facho tra\u00e7a plano para duelo com o Fluminense. Confronto hist\u00f3rico promete ser um dos mais emocionantes da fase mata-mata...\" \/>\n<meta name=\"robots\" content=\"index, follow, max-snippet:-1, max-image-preview:large, max-video-preview:-1\" \/>\n<link rel=\"canonical\" href=\"https:\/\/folhadoleste.com.br\/en\/libertadores-gaucho-traca-plano-para-duelo-com-o-fluminense\/\" \/>\n<meta property=\"og:locale\" content=\"en_US\" \/>\n<meta property=\"og:type\" content=\"article\" \/>\n<meta property=\"og:title\" content=\"Libertadores: Ga\u00facho tra\u00e7a plano para duelo com o Fluminense &#8226; Folha do Leste\" \/>\n<meta property=\"og:description\" content=\"Futebol &#8226; 9 de June de 2024 &#8226; Folha do Leste\" \/>\n<meta property=\"og:url\" content=\"https:\/\/folhadoleste.com.br\/en\/libertadores-gaucho-traca-plano-para-duelo-com-o-fluminense\/\" \/>\n<meta property=\"og:site_name\" content=\"Folha do Leste\" \/>\n<meta property=\"article:publisher\" content=\"https:\/\/www.facebook.com\/folhadoleste\" \/>\n<meta property=\"article:published_time\" content=\"2024-06-09T17:26:43+00:00\" \/>\n<meta property=\"og:image\" content=\"https:\/\/folhadoleste.com.br\/wp-content\/uploads\/2024\/06\/Libertadores-Gaucho-traca-plano-para-duelo-com-o-Fluminense-Foto-Lucas-Uebel-Gremio-FBPA.webp\" \/>\n\t<meta property=\"og:image:width\" content=\"1200\" \/>\n\t<meta property=\"og:image:height\" content=\"750\" \/>\n\t<meta property=\"og:image:type\" content=\"image\/webp\" \/>\n<meta name=\"author\" content=\"Folha do Leste\" \/>\n<meta name=\"twitter:card\" content=\"summary_large_image\" \/>\n<meta name=\"twitter:creator\" content=\"@FolhadoLesteRJ\" \/>\n<meta name=\"twitter:site\" content=\"@FolhadoLesteRJ\" \/>\n<meta name=\"twitter:label1\" content=\"Written by\" \/>\n\t<meta name=\"twitter:data1\" content=\"Folha do Leste\" \/>\n\t<meta name=\"twitter:label2\" content=\"Est. reading time\" \/>\n\t<meta name=\"twitter:data2\" content=\"2 minutes\" \/>\n<script type=\"application\/ld+json\" class=\"yoast-schema-graph\">{\"@context\":\"https:\\\/\\\/schema.org\",\"@graph\":[{\"@type\":\"NewsArticle\",\"@id\":\"https:\\\/\\\/folhadoleste.com.br\\\/libertadores-gaucho-traca-plano-para-duelo-com-o-fluminense\\\/#article\",\"isPartOf\":{\"@id\":\"https:\\\/\\\/folhadoleste.com.br\\\/libertadores-gaucho-traca-plano-para-duelo-com-o-fluminense\\\/\"},\"author\":{\"name\":\"Folha do Leste\",\"@id\":\"https:\\\/\\\/folhadoleste.com.br\\\/#\\\/schema\\\/person\\\/3e97145b2e1861276e84471aa85a3899\"},\"headline\":\"Libertadores: Ga\u00facho tra\u00e7a plano para duelo com o Fluminense\",\"datePublished\":\"2024-06-09T17:26:43+00:00\",\"mainEntityOfPage\":{\"@id\":\"https:\\\/\\\/folhadoleste.com.br\\\/libertadores-gaucho-traca-plano-para-duelo-com-o-fluminense\\\/\"},\"wordCount\":281,\"commentCount\":0,\"publisher\":{\"@id\":\"https:\\\/\\\/folhadoleste.com.br\\\/#organization\"},\"image\":{\"@id\":\"https:\\\/\\\/folhadoleste.com.br\\\/libertadores-gaucho-traca-plano-para-duelo-com-o-fluminense\\\/#primaryimage\"},\"thumbnailUrl\":\"https:\\\/\\\/folhadoleste.com.br\\\/wp-content\\\/uploads\\\/2024\\\/06\\\/Libertadores-Gaucho-traca-plano-para-duelo-com-o-Fluminense-Foto-Lucas-Uebel-Gremio-FBPA.webp\",\"keywords\":[\"Arena do Gr\u00eamio\",\"cl\u00e1ssico\",\"Duelo de Gigantes\",\"Emo\u00e7\u00e3o Garantida\",\"Esportes\",\"Estrat\u00e9gia\",\"fluminense\",\"futebol\",\"Gr\u00eamio\",\"Libertadores\",\"Maracan\u00e3\",\"objetivo\",\"oitavas de final\",\"Prepara\u00e7\u00e3o Intensa\",\"Renato Ga\u00facho\",\"Respeito ao Advers\u00e1rio\",\"Sonho das Quartas\",\"tradi\u00e7\u00e3o\"],\"articleSection\":[\"Esportes\",\"Futebol\"],\"inLanguage\":\"en-US\",\"potentialAction\":[{\"@type\":\"CommentAction\",\"name\":\"Comment\",\"target\":[\"https:\\\/\\\/folhadoleste.com.br\\\/libertadores-gaucho-traca-plano-para-duelo-com-o-fluminense\\\/#respond\"]}]},{\"@type\":\"WebPage\",\"@id\":\"https:\\\/\\\/folhadoleste.com.br\\\/libertadores-gaucho-traca-plano-para-duelo-com-o-fluminense\\\/\",\"url\":\"https:\\\/\\\/folhadoleste.com.br\\\/libertadores-gaucho-traca-plano-para-duelo-com-o-fluminense\\\/\",\"name\":\"Libertadores: Ga\u00facho tra\u00e7a plano para duelo com o Fluminense &#8226; Folha do Leste\",\"isPartOf\":{\"@id\":\"https:\\\/\\\/folhadoleste.com.br\\\/#website\"},\"primaryImageOfPage\":{\"@id\":\"https:\\\/\\\/folhadoleste.com.br\\\/libertadores-gaucho-traca-plano-para-duelo-com-o-fluminense\\\/#primaryimage\"},\"image\":{\"@id\":\"https:\\\/\\\/folhadoleste.com.br\\\/libertadores-gaucho-traca-plano-para-duelo-com-o-fluminense\\\/#primaryimage\"},\"thumbnailUrl\":\"https:\\\/\\\/folhadoleste.com.br\\\/wp-content\\\/uploads\\\/2024\\\/06\\\/Libertadores-Gaucho-traca-plano-para-duelo-com-o-Fluminense-Foto-Lucas-Uebel-Gremio-FBPA.webp\",\"datePublished\":\"2024-06-09T17:26:43+00:00\",\"description\":\"Libertadores: Ga\u00facho tra\u00e7a plano para duelo com o Fluminense. Confronto hist\u00f3rico promete ser um dos mais emocionantes da fase mata-mata...\",\"breadcrumb\":{\"@id\":\"https:\\\/\\\/folhadoleste.com.br\\\/libertadores-gaucho-traca-plano-para-duelo-com-o-fluminense\\\/#breadcrumb\"},\"inLanguage\":\"en-US\",\"potentialAction\":[{\"@type\":\"ReadAction\",\"target\":[\"https:\\\/\\\/folhadoleste.com.br\\\/libertadores-gaucho-traca-plano-para-duelo-com-o-fluminense\\\/\"]}]},{\"@type\":\"ImageObject\",\"inLanguage\":\"en-US\",\"@id\":\"https:\\\/\\\/folhadoleste.com.br\\\/libertadores-gaucho-traca-plano-para-duelo-com-o-fluminense\\\/#primaryimage\",\"url\":\"https:\\\/\\\/folhadoleste.com.br\\\/wp-content\\\/uploads\\\/2024\\\/06\\\/Libertadores-Gaucho-traca-plano-para-duelo-com-o-Fluminense-Foto-Lucas-Uebel-Gremio-FBPA.webp\",\"contentUrl\":\"https:\\\/\\\/folhadoleste.com.br\\\/wp-content\\\/uploads\\\/2024\\\/06\\\/Libertadores-Gaucho-traca-plano-para-duelo-com-o-Fluminense-Foto-Lucas-Uebel-Gremio-FBPA.webp\",\"width\":1200,\"height\":750,\"caption\":\"Libertadores: Ga\u00facho tra\u00e7a plano para duelo com o Fluminense | Lucas Uebel\\\/Gr\u00eamio FBPA\"},{\"@type\":\"BreadcrumbList\",\"@id\":\"https:\\\/\\\/folhadoleste.com.br\\\/libertadores-gaucho-traca-plano-para-duelo-com-o-fluminense\\\/#breadcrumb\",\"itemListElement\":[{\"@type\":\"ListItem\",\"position\":1,\"name\":\"In\u00edcio\",\"item\":\"https:\\\/\\\/folhadoleste.com.br\\\/\"},{\"@type\":\"ListItem\",\"position\":2,\"name\":\"Esportes\",\"item\":\"https:\\\/\\\/folhadoleste.com.br\\\/category\\\/esportes\\\/\"},{\"@type\":\"ListItem\",\"position\":3,\"name\":\"Futebol\",\"item\":\"https:\\\/\\\/folhadoleste.com.br\\\/category\\\/esportes\\\/futebol-esportes\\\/\"},{\"@type\":\"ListItem\",\"position\":4,\"name\":\"Libertadores: Ga\u00facho tra\u00e7a plano para duelo com o Fluminense\"}]},{\"@type\":\"WebSite\",\"@id\":\"https:\\\/\\\/folhadoleste.com.br\\\/#website\",\"url\":\"https:\\\/\\\/folhadoleste.com.br\\\/\",\"name\":\"Folha do Leste\",\"description\":\"Portal de Not\u00edcias com \u00eanfase em Niter\u00f3i, criando conte\u00fados desde a capital Rio de Janeiro, com olhar para o Leste Fluminense e suas cidades como S\u00e3o Gon\u00e7alo, Itabora\u00ed, Rio Bonito, Maric\u00e1, Saquarema e Araruama\",\"publisher\":{\"@id\":\"https:\\\/\\\/folhadoleste.com.br\\\/#organization\"},\"alternateName\":\"FL\",\"potentialAction\":[{\"@type\":\"SearchAction\",\"target\":{\"@type\":\"EntryPoint\",\"urlTemplate\":\"https:\\\/\\\/folhadoleste.com.br\\\/?s={search_term_string}\"},\"query-input\":{\"@type\":\"PropertyValueSpecification\",\"valueRequired\":true,\"valueName\":\"search_term_string\"}}],\"inLanguage\":\"en-US\"},{\"@type\":\"Organization\",\"@id\":\"https:\\\/\\\/folhadoleste.com.br\\\/#organization\",\"name\":\"Brasil 21 Comunica\u00e7\u00e3o\",\"alternateName\":\"BR21\",\"url\":\"https:\\\/\\\/folhadoleste.com.br\\\/\",\"logo\":{\"@type\":\"ImageObject\",\"inLanguage\":\"en-US\",\"@id\":\"https:\\\/\\\/folhadoleste.com.br\\\/#\\\/schema\\\/logo\\\/image\\\/\",\"url\":\"https:\\\/\\\/folhadoleste.com.br\\\/wp-content\\\/uploads\\\/2025\\\/12\\\/brasil-21-logomarca.avif\",\"contentUrl\":\"https:\\\/\\\/folhadoleste.com.br\\\/wp-content\\\/uploads\\\/2025\\\/12\\\/brasil-21-logomarca.avif\",\"width\":1044,\"height\":1044,\"caption\":\"Brasil 21 Comunica\u00e7\u00e3o\"},\"image\":{\"@id\":\"https:\\\/\\\/folhadoleste.com.br\\\/#\\\/schema\\\/logo\\\/image\\\/\"},\"sameAs\":[\"https:\\\/\\\/www.facebook.com\\\/folhadoleste\",\"https:\\\/\\\/x.com\\\/FolhadoLesteRJ\",\"https:\\\/\\\/www.instagram.com\\\/folhadoleste\\\/\"]},{\"@type\":\"Person\",\"@id\":\"https:\\\/\\\/folhadoleste.com.br\\\/#\\\/schema\\\/person\\\/3e97145b2e1861276e84471aa85a3899\",\"name\":\"Folha do Leste\",\"image\":{\"@type\":\"ImageObject\",\"inLanguage\":\"en-US\",\"@id\":\"https:\\\/\\\/folhadoleste.com.br\\\/wp-content\\\/litespeed\\\/avatar\\\/1ca8c218432e7045e748610eb3db0259.jpg?ver=1777161142\",\"url\":\"https:\\\/\\\/folhadoleste.com.br\\\/wp-content\\\/litespeed\\\/avatar\\\/1ca8c218432e7045e748610eb3db0259.jpg?ver=1777161142\",\"contentUrl\":\"https:\\\/\\\/folhadoleste.com.br\\\/wp-content\\\/litespeed\\\/avatar\\\/1ca8c218432e7045e748610eb3db0259.jpg?ver=1777161142\",\"caption\":\"Folha do Leste\"},\"url\":\"https:\\\/\\\/folhadoleste.com.br\\\/en\\\/author\\\/reportagem-01\\\/\"}]}<\/script>\n<!-- \/ Yoast SEO plugin. -->","yoast_head_json":{"title":"Libertadores: Ga\u00facho tra\u00e7a plano para duelo com o Fluminense &#8226; Folha do Leste","description":"Libertadores: Ga\u00facho tra\u00e7a plano para duelo com o Fluminense. Confronto hist\u00f3rico promete ser um dos mais emocionantes da fase mata-mata...","robots":{"index":"index","follow":"follow","max-snippet":"max-snippet:-1","max-image-preview":"max-image-preview:large","max-video-preview":"max-video-preview:-1"},"canonical":"https:\/\/folhadoleste.com.br\/en\/libertadores-gaucho-traca-plano-para-duelo-com-o-fluminense\/","og_locale":"en_US","og_type":"article","og_title":"Libertadores: Ga\u00facho tra\u00e7a plano para duelo com o Fluminense &#8226; Folha do Leste","og_description":"Futebol &#8226; 9 de June de 2024 &#8226; Folha do Leste","og_url":"https:\/\/folhadoleste.com.br\/en\/libertadores-gaucho-traca-plano-para-duelo-com-o-fluminense\/","og_site_name":"Folha do Leste","article_publisher":"https:\/\/www.facebook.com\/folhadoleste","article_published_time":"2024-06-09T17:26:43+00:00","og_image":[{"width":1200,"height":750,"url":"https:\/\/folhadoleste.com.br\/wp-content\/uploads\/2024\/06\/Libertadores-Gaucho-traca-plano-para-duelo-com-o-Fluminense-Foto-Lucas-Uebel-Gremio-FBPA.webp","type":"image\/webp"}],"author":"Folha do Leste","twitter_card":"summary_large_image","twitter_creator":"@FolhadoLesteRJ","twitter_site":"@FolhadoLesteRJ","twitter_misc":{"Written by":"Folha do Leste","Est. reading time":"2 minutes"},"schema":{"@context":"https:\/\/schema.org","@graph":[{"@type":"NewsArticle","@id":"https:\/\/folhadoleste.com.br\/libertadores-gaucho-traca-plano-para-duelo-com-o-fluminense\/#article","isPartOf":{"@id":"https:\/\/folhadoleste.com.br\/libertadores-gaucho-traca-plano-para-duelo-com-o-fluminense\/"},"author":{"name":"Folha do Leste","@id":"https:\/\/folhadoleste.com.br\/#\/schema\/person\/3e97145b2e1861276e84471aa85a3899"},"headline":"Libertadores: Ga\u00facho tra\u00e7a plano para duelo com o Fluminense","datePublished":"2024-06-09T17:26:43+00:00","mainEntityOfPage":{"@id":"https:\/\/folhadoleste.com.br\/libertadores-gaucho-traca-plano-para-duelo-com-o-fluminense\/"},"wordCount":281,"commentCount":0,"publisher":{"@id":"https:\/\/folhadoleste.com.br\/#organization"},"image":{"@id":"https:\/\/folhadoleste.com.br\/libertadores-gaucho-traca-plano-para-duelo-com-o-fluminense\/#primaryimage"},"thumbnailUrl":"https:\/\/folhadoleste.com.br\/wp-content\/uploads\/2024\/06\/Libertadores-Gaucho-traca-plano-para-duelo-com-o-Fluminense-Foto-Lucas-Uebel-Gremio-FBPA.webp","keywords":["Arena do Gr\u00eamio","cl\u00e1ssico","Duelo de Gigantes","Emo\u00e7\u00e3o Garantida","Esportes","Estrat\u00e9gia","fluminense","futebol","Gr\u00eamio","Libertadores","Maracan\u00e3","objetivo","oitavas de final","Prepara\u00e7\u00e3o Intensa","Renato Ga\u00facho","Respeito ao Advers\u00e1rio","Sonho das Quartas","tradi\u00e7\u00e3o"],"articleSection":["Esportes","Futebol"],"inLanguage":"en-US","potentialAction":[{"@type":"CommentAction","name":"Comment","target":["https:\/\/folhadoleste.com.br\/libertadores-gaucho-traca-plano-para-duelo-com-o-fluminense\/#respond"]}]},{"@type":"WebPage","@id":"https:\/\/folhadoleste.com.br\/libertadores-gaucho-traca-plano-para-duelo-com-o-fluminense\/","url":"https:\/\/folhadoleste.com.br\/libertadores-gaucho-traca-plano-para-duelo-com-o-fluminense\/","name":"Libertadores: Ga\u00facho tra\u00e7a plano para duelo com o Fluminense &#8226; Folha do Leste","isPartOf":{"@id":"https:\/\/folhadoleste.com.br\/#website"},"primaryImageOfPage":{"@id":"https:\/\/folhadoleste.com.br\/libertadores-gaucho-traca-plano-para-duelo-com-o-fluminense\/#primaryimage"},"image":{"@id":"https:\/\/folhadoleste.com.br\/libertadores-gaucho-traca-plano-para-duelo-com-o-fluminense\/#primaryimage"},"thumbnailUrl":"https:\/\/folhadoleste.com.br\/wp-content\/uploads\/2024\/06\/Libertadores-Gaucho-traca-plano-para-duelo-com-o-Fluminense-Foto-Lucas-Uebel-Gremio-FBPA.webp","datePublished":"2024-06-09T17:26:43+00:00","description":"Libertadores: Ga\u00facho tra\u00e7a plano para duelo com o Fluminense. Confronto hist\u00f3rico promete ser um dos mais emocionantes da fase mata-mata...","breadcrumb":{"@id":"https:\/\/folhadoleste.com.br\/libertadores-gaucho-traca-plano-para-duelo-com-o-fluminense\/#breadcrumb"},"inLanguage":"en-US","potentialAction":[{"@type":"ReadAction","target":["https:\/\/folhadoleste.com.br\/libertadores-gaucho-traca-plano-para-duelo-com-o-fluminense\/"]}]},{"@type":"ImageObject","inLanguage":"en-US","@id":"https:\/\/folhadoleste.com.br\/libertadores-gaucho-traca-plano-para-duelo-com-o-fluminense\/#primaryimage","url":"https:\/\/folhadoleste.com.br\/wp-content\/uploads\/2024\/06\/Libertadores-Gaucho-traca-plano-para-duelo-com-o-Fluminense-Foto-Lucas-Uebel-Gremio-FBPA.webp","contentUrl":"https:\/\/folhadoleste.com.br\/wp-content\/uploads\/2024\/06\/Libertadores-Gaucho-traca-plano-para-duelo-com-o-Fluminense-Foto-Lucas-Uebel-Gremio-FBPA.webp","width":1200,"height":750,"caption":"Libertadores: Ga\u00facho tra\u00e7a plano para duelo com o Fluminense | Lucas Uebel\/Gr\u00eamio FBPA"},{"@type":"BreadcrumbList","@id":"https:\/\/folhadoleste.com.br\/libertadores-gaucho-traca-plano-para-duelo-com-o-fluminense\/#breadcrumb","itemListElement":[{"@type":"ListItem","position":1,"name":"In\u00edcio","item":"https:\/\/folhadoleste.com.br\/"},{"@type":"ListItem","position":2,"name":"Esportes","item":"https:\/\/folhadoleste.com.br\/category\/esportes\/"},{"@type":"ListItem","position":3,"name":"Futebol","item":"https:\/\/folhadoleste.com.br\/category\/esportes\/futebol-esportes\/"},{"@type":"ListItem","position":4,"name":"Libertadores: Ga\u00facho tra\u00e7a plano para duelo com o Fluminense"}]},{"@type":"WebSite","@id":"https:\/\/folhadoleste.com.br\/#website","url":"https:\/\/folhadoleste.com.br\/","name":"Folha do Leste","description":"Portal de Not\u00edcias com \u00eanfase em Niter\u00f3i, criando conte\u00fados desde a capital Rio de Janeiro, com olhar para o Leste Fluminense e suas cidades como S\u00e3o Gon\u00e7alo, Itabora\u00ed, Rio Bonito, Maric\u00e1, Saquarema e Araruama","publisher":{"@id":"https:\/\/folhadoleste.com.br\/#organization"},"alternateName":"FL","potentialAction":[{"@type":"SearchAction","target":{"@type":"EntryPoint","urlTemplate":"https:\/\/folhadoleste.com.br\/?s={search_term_string}"},"query-input":{"@type":"PropertyValueSpecification","valueRequired":true,"valueName":"search_term_string"}}],"inLanguage":"en-US"},{"@type":"Organization","@id":"https:\/\/folhadoleste.com.br\/#organization","name":"Brasil 21 Comunica\u00e7\u00e3o","alternateName":"BR21","url":"https:\/\/folhadoleste.com.br\/","logo":{"@type":"ImageObject","inLanguage":"en-US","@id":"https:\/\/folhadoleste.com.br\/#\/schema\/logo\/image\/","url":"https:\/\/folhadoleste.com.br\/wp-content\/uploads\/2025\/12\/brasil-21-logomarca.avif","contentUrl":"https:\/\/folhadoleste.com.br\/wp-content\/uploads\/2025\/12\/brasil-21-logomarca.avif","width":1044,"height":1044,"caption":"Brasil 21 Comunica\u00e7\u00e3o"},"image":{"@id":"https:\/\/folhadoleste.com.br\/#\/schema\/logo\/image\/"},"sameAs":["https:\/\/www.facebook.com\/folhadoleste","https:\/\/x.com\/FolhadoLesteRJ","https:\/\/www.instagram.com\/folhadoleste\/"]},{"@type":"Person","@id":"https:\/\/folhadoleste.com.br\/#\/schema\/person\/3e97145b2e1861276e84471aa85a3899","name":"Folha do Leste","image":{"@type":"ImageObject","inLanguage":"en-US","@id":"https:\/\/folhadoleste.com.br\/wp-content\/litespeed\/avatar\/1ca8c218432e7045e748610eb3db0259.jpg?ver=1777161142","url":"https:\/\/folhadoleste.com.br\/wp-content\/litespeed\/avatar\/1ca8c218432e7045e748610eb3db0259.jpg?ver=1777161142","contentUrl":"https:\/\/folhadoleste.com.br\/wp-content\/litespeed\/avatar\/1ca8c218432e7045e748610eb3db0259.jpg?ver=1777161142","caption":"Folha do Leste"},"url":"https:\/\/folhadoleste.com.br\/en\/author\/reportagem-01\/"}]}},"_links":{"self":[{"href":"https:\/\/folhadoleste.com.br\/en\/wp-json\/wp\/v2\/posts\/70440","targetHints":{"allow":["GET"]}}],"collection":[{"href":"https:\/\/folhadoleste.com.br\/en\/wp-json\/wp\/v2\/posts"}],"about":[{"href":"https:\/\/folhadoleste.com.br\/en\/wp-json\/wp\/v2\/types\/post"}],"author":[{"embeddable":true,"href":"https:\/\/folhadoleste.com.br\/en\/wp-json\/wp\/v2\/users\/4"}],"replies":[{"embeddable":true,"href":"https:\/\/folhadoleste.com.br\/en\/wp-json\/wp\/v2\/comments?post=70440"}],"version-history":[{"count":1,"href":"https:\/\/folhadoleste.com.br\/en\/wp-json\/wp\/v2\/posts\/70440\/revisions"}],"predecessor-version":[{"id":70443,"href":"https:\/\/folhadoleste.com.br\/en\/wp-json\/wp\/v2\/posts\/70440\/revisions\/70443"}],"wp:featuredmedia":[{"embeddable":true,"href":"https:\/\/folhadoleste.com.br\/en\/wp-json\/wp\/v2\/media\/70442"}],"wp:attachment":[{"href":"https:\/\/folhadoleste.com.br\/en\/wp-json\/wp\/v2\/media?parent=70440"}],"wp:term":[{"taxonomy":"category","embeddable":true,"href":"https:\/\/folhadoleste.com.br\/en\/wp-json\/wp\/v2\/categories?post=70440"},{"taxonomy":"post_tag","embeddable":true,"href":"https:\/\/folhadoleste.com.br\/en\/wp-json\/wp\/v2\/tags?post=70440"}],"curies":[{"name":"wp","href":"https:\/\/api.w.org\/{rel}","templated":true}]}}