{"id":70217,"date":"2024-06-08T11:14:10","date_gmt":"2024-06-08T14:14:10","guid":{"rendered":"https:\/\/folhadoleste.com.br\/?p=70217"},"modified":"2024-06-08T11:14:10","modified_gmt":"2024-06-08T14:14:10","slug":"dupla-presa-no-centro-apos-roubar-celular-e-ferir-vitima","status":"publish","type":"post","link":"https:\/\/folhadoleste.com.br\/en\/dupla-presa-no-centro-apos-roubar-celular-e-ferir-vitima\/","title":{"rendered":"Dupla presa no Centro ap\u00f3s roubar celular e ferir v\u00edtima"},"content":{"rendered":"<div id=\"attachment_70219\" style=\"width: 1209px\" class=\"wp-caption aligncenter\"><a href=\"https:\/\/folhadoleste.com.br\/wp-content\/uploads\/2024\/06\/Dupla-presa-no-Centro-apos-roubar-celular-e-ferir-vitima-Foto-Reproducao-PMERJ.jpg\"><img decoding=\"async\" aria-describedby=\"caption-attachment-70219\" class=\"size-full wp-image-70219\" src=\"https:\/\/folhadoleste.com.br\/wp-content\/uploads\/2024\/06\/Dupla-presa-no-Centro-apos-roubar-celular-e-ferir-vitima-Foto-Reproducao-PMERJ.jpg\" alt=\"Dupla presa no Centro ap\u00f3s roubar celular e ferir v\u00edtima\" width=\"1199\" height=\"1920\" \/><\/a><p id=\"caption-attachment-70219\" class=\"wp-caption-text\">Dupla presa no Centro ap\u00f3s roubar celular e ferir v\u00edtima | Reprodu\u00e7\u00e3o\/@PMERJ<\/p><\/div>\n<p style=\"text-align: justify;\" data-sourcepos=\"3:1-3:38\">Duas pessoas foram detidas por policiais do Batalh\u00e3o de Choque na noite desta sexta-feira (07), no Centro do Rio, ap\u00f3s roubarem um celular e ferirem a v\u00edtima com uma faca no pesco\u00e7o.<\/p>\n<h6><span style=\"color: #ff0000;\"><strong>+<\/strong><\/span> <span style=\"color: #000000;\">LEIA TAMB\u00c9M: \u25ba<\/span><a href=\"https:\/\/folhadoleste.com.br\/en\/policiamento-reforcado-apos-morte-de-chefe-da-milicia-video\/\"><strong>Policiamento refor\u00e7ado ap\u00f3s morte de chefe da mil\u00edcia \u2013 V\u00eddeo<\/strong><\/a><\/h6>\n<p style=\"text-align: justify;\" data-sourcepos=\"5:1-5:235\">Os bandidos foram flagrados em frente ao quartel-general da PM, na Rua Evaristo Veiga, enquanto os agentes realizavam a seguran\u00e7a da unidade.<\/p>\n<h5 style=\"text-align: center;\"><span style=\"color: #000000;\"><span style=\"color: #ff0000;\"><strong>+ <\/strong><\/span><\/span><span style=\"color: #000000;\"><span style=\"color: #ff9900;\"><strong>MAIS NOT\u00cdCIAS DO RIO DE JANEIRO?<\/strong><\/span> <span style=\"color: #008080;\"><strong><a style=\"color: #008080;\" href=\"https:\/\/folhadoleste.com.br\/en\/category\/rio-de-janeiro-capital\/\">CLIQUE AQUI<\/a><\/strong><\/span><\/span><\/h5>\n<p style=\"text-align: justify;\" data-sourcepos=\"5:1-5:235\">O crime havia acabado de acontecer na Rua do Passeio, bem pr\u00f3ximo ao local da pris\u00e3o.<\/p>\n<p style=\"text-align: justify;\" data-sourcepos=\"7:1-7:179\">A a\u00e7\u00e3o r\u00e1pida da pol\u00edcia resultou na pris\u00e3o da dupla e na apreens\u00e3o do celular roubado e da faca utilizada no crime. A v\u00edtima, apesar dos ferimentos, passa bem.<\/p>\n<p style=\"text-align: justify;\" data-sourcepos=\"9:1-9:144\">A ocorr\u00eancia foi registrada em uma delegacia da regi\u00e3o.<\/p>\n<p data-sourcepos=\"9:1-9:144\"><a href=\"https:\/\/folhadoleste.com.br\/wp-content\/uploads\/2024\/05\/Ajude-o-Rio-Grande-do-Sul-Campanha-Oficial-Folha-do-Leste.jpg\"><img decoding=\"async\" class=\"aligncenter size-full wp-image-64672\" src=\"https:\/\/folhadoleste.com.br\/wp-content\/uploads\/2024\/05\/Ajude-o-Rio-Grande-do-Sul-Campanha-Oficial-Folha-do-Leste.jpg\" alt=\"\" width=\"728\" height=\"250\" \/><\/a><\/p>\n<p data-sourcepos=\"9:1-9:144\">\n<p><a href=\"https:\/\/www.instagram.com\/folhadoleste\/\"><img decoding=\"async\" class=\"aligncenter wp-image-15962\" src=\"https:\/\/folhadoleste.com.br\/wp-content\/uploads\/2023\/07\/instagram.jpg.webp\" alt=\"Itaipu-Itaipua\u00e7u: Caminh\u00e3o causa grave acidente na RJ-102, a estrada da Serrinha\" width=\"49\" height=\"49\" \/><\/a><a href=\"https:\/\/www.facebook.com\/folhadoleste\"><img decoding=\"async\" class=\"aligncenter wp-image-7424\" src=\"https:\/\/folhadoleste.com.br\/wp-content\/uploads\/2023\/05\/facebook-logo-3-1.png.webp\" alt=\"Itaipu-Itaipua\u00e7u: Caminh\u00e3o causa grave acidente na RJ-102, a estrada da Serrinha\" width=\"49\" height=\"49\" \/><\/a><\/p>\n<p>&nbsp;<\/p>","protected":false},"excerpt":{"rendered":"<p>Duas pessoas foram detidas por policiais do Batalh\u00e3o de Choque na noite desta sexta-feira (07), no Centro do Rio, ap\u00f3s roubarem um celular e ferirem a v\u00edtima com uma faca no pesco\u00e7o. + LEIA TAMB\u00c9M: \u25baPoliciamento refor\u00e7ado ap\u00f3s morte de chefe da mil\u00edcia \u2013 V\u00eddeo Os bandidos foram flagrados em frente ao quartel-general da PM, na Rua Evaristo Veiga, enquanto os agentes realizavam a seguran\u00e7a da unidade. + MAIS NOT\u00cdCIAS DO RIO DE JANEIRO? CLIQUE AQUI O crime havia acabado de acontecer na Rua do Passeio, bem pr\u00f3ximo ao local da pris\u00e3o. A a\u00e7\u00e3o r\u00e1pida da pol\u00edcia resultou na pris\u00e3o [&hellip;]<\/p>\n","protected":false},"author":4,"featured_media":70220,"comment_status":"open","ping_status":"open","sticky":false,"template":"","format":"standard","meta":{"footnotes":""},"categories":[290,67],"tags":[22168,4216,24816,415,5660,9566,3666,29087,493,78,4640,27510,93,2244,17376,824,651,29088,29086],"class_list":["post-70217","post","type-post","status-publish","format-standard","has-post-thumbnail","hentry","category-policia-rio-de-janeiro-capital","category-rio-de-janeiro-capital","tag-acao-rapida","tag-agressao","tag-batalhao-de-choque","tag-celular-roubado","tag-centro-do-rio","tag-crimes-violentos","tag-delegacia","tag-faca-apreendida","tag-pm","tag-policia","tag-prisao-em-flagrante","tag-recuperacao-de-bens","tag-rio-de-janeiro","tag-roubo","tag-roubo-de-celular","tag-seguranca-publica","tag-violencia","tag-vitima-ferida","tag-vitima-salvo","post--single"],"yoast_head":"<!-- This site is optimized with the Yoast SEO plugin v27.5 - https:\/\/yoast.com\/product\/yoast-seo-wordpress\/ -->\n<title>Dupla presa no Centro ap\u00f3s roubar celular e ferir v\u00edtima &#8226; Folha do Leste<\/title>\n<meta name=\"description\" content=\"Dupla presa no Centro ap\u00f3s roubar celular e ferir v\u00edtima. Pol\u00edcia entra em a\u00e7\u00e3o garante pris\u00e3o e recupera\u00e7\u00e3o de celular roubado...\" \/>\n<meta name=\"robots\" content=\"index, follow, max-snippet:-1, max-image-preview:large, max-video-preview:-1\" \/>\n<link rel=\"canonical\" href=\"https:\/\/folhadoleste.com.br\/en\/dupla-presa-no-centro-apos-roubar-celular-e-ferir-vitima\/\" \/>\n<meta property=\"og:locale\" content=\"en_US\" \/>\n<meta property=\"og:type\" content=\"article\" \/>\n<meta property=\"og:title\" content=\"Dupla presa no Centro ap\u00f3s roubar celular e ferir v\u00edtima &#8226; Folha do Leste\" \/>\n<meta property=\"og:description\" content=\"Rio de Janeiro - Capital &#8226; 8 de June de 2024 &#8226; Folha do Leste\" \/>\n<meta property=\"og:url\" content=\"https:\/\/folhadoleste.com.br\/en\/dupla-presa-no-centro-apos-roubar-celular-e-ferir-vitima\/\" \/>\n<meta property=\"og:site_name\" content=\"Folha do Leste\" \/>\n<meta property=\"article:publisher\" content=\"https:\/\/www.facebook.com\/folhadoleste\" \/>\n<meta property=\"article:published_time\" content=\"2024-06-08T14:14:10+00:00\" \/>\n<meta property=\"og:image\" content=\"https:\/\/folhadoleste.com.br\/wp-content\/uploads\/2024\/06\/Dupla-presa-no-Centro-apos-roubar-celular-e-ferir-vitima-Foto-Cortada-Reproducao-PMERJ.jpg\" \/>\n\t<meta property=\"og:image:width\" content=\"1199\" \/>\n\t<meta property=\"og:image:height\" content=\"674\" \/>\n\t<meta property=\"og:image:type\" content=\"image\/jpeg\" \/>\n<meta name=\"author\" content=\"Folha do Leste\" \/>\n<meta name=\"twitter:card\" content=\"summary_large_image\" \/>\n<meta name=\"twitter:creator\" content=\"@FolhadoLesteRJ\" \/>\n<meta name=\"twitter:site\" content=\"@FolhadoLesteRJ\" \/>\n<meta name=\"twitter:label1\" content=\"Written by\" \/>\n\t<meta name=\"twitter:data1\" content=\"Folha do Leste\" \/>\n\t<meta name=\"twitter:label2\" content=\"Est. reading time\" \/>\n\t<meta name=\"twitter:data2\" content=\"2 minutes\" \/>\n<script type=\"application\/ld+json\" class=\"yoast-schema-graph\">{\"@context\":\"https:\\\/\\\/schema.org\",\"@graph\":[{\"@type\":\"NewsArticle\",\"@id\":\"https:\\\/\\\/folhadoleste.com.br\\\/dupla-presa-no-centro-apos-roubar-celular-e-ferir-vitima\\\/#article\",\"isPartOf\":{\"@id\":\"https:\\\/\\\/folhadoleste.com.br\\\/dupla-presa-no-centro-apos-roubar-celular-e-ferir-vitima\\\/\"},\"author\":{\"name\":\"Folha do Leste\",\"@id\":\"https:\\\/\\\/folhadoleste.com.br\\\/#\\\/schema\\\/person\\\/3e97145b2e1861276e84471aa85a3899\"},\"headline\":\"Dupla presa no Centro ap\u00f3s roubar celular e ferir v\u00edtima\",\"datePublished\":\"2024-06-08T14:14:10+00:00\",\"mainEntityOfPage\":{\"@id\":\"https:\\\/\\\/folhadoleste.com.br\\\/dupla-presa-no-centro-apos-roubar-celular-e-ferir-vitima\\\/\"},\"wordCount\":182,\"commentCount\":0,\"publisher\":{\"@id\":\"https:\\\/\\\/folhadoleste.com.br\\\/#organization\"},\"image\":{\"@id\":\"https:\\\/\\\/folhadoleste.com.br\\\/dupla-presa-no-centro-apos-roubar-celular-e-ferir-vitima\\\/#primaryimage\"},\"thumbnailUrl\":\"https:\\\/\\\/folhadoleste.com.br\\\/wp-content\\\/uploads\\\/2024\\\/06\\\/Dupla-presa-no-Centro-apos-roubar-celular-e-ferir-vitima-Foto-Cortada-Reproducao-PMERJ.jpg\",\"keywords\":[\"A\u00e7\u00e3o r\u00e1pida\",\"Agress\u00e3o\",\"Batalh\u00e3o de Choque\",\"celular roubado\",\"Centro do Rio\",\"crimes violentos\",\"delegacia\",\"Faca Apreendida\",\"PM\",\"pol\u00edcia\",\"pris\u00e3o em flagrante\",\"recupera\u00e7\u00e3o de bens\",\"Rio de Janeiro\",\"roubo\",\"Roubo de celular\",\"Seguran\u00e7a publica\",\"viol\u00eancia\",\"V\u00edtima Ferida\",\"V\u00edtima Salvo\"],\"articleSection\":[\"Pol\u00edcia\",\"Rio de Janeiro - Capital\"],\"inLanguage\":\"en-US\",\"potentialAction\":[{\"@type\":\"CommentAction\",\"name\":\"Comment\",\"target\":[\"https:\\\/\\\/folhadoleste.com.br\\\/dupla-presa-no-centro-apos-roubar-celular-e-ferir-vitima\\\/#respond\"]}]},{\"@type\":\"WebPage\",\"@id\":\"https:\\\/\\\/folhadoleste.com.br\\\/dupla-presa-no-centro-apos-roubar-celular-e-ferir-vitima\\\/\",\"url\":\"https:\\\/\\\/folhadoleste.com.br\\\/dupla-presa-no-centro-apos-roubar-celular-e-ferir-vitima\\\/\",\"name\":\"Dupla presa no Centro ap\u00f3s roubar celular e ferir v\u00edtima &#8226; Folha do Leste\",\"isPartOf\":{\"@id\":\"https:\\\/\\\/folhadoleste.com.br\\\/#website\"},\"primaryImageOfPage\":{\"@id\":\"https:\\\/\\\/folhadoleste.com.br\\\/dupla-presa-no-centro-apos-roubar-celular-e-ferir-vitima\\\/#primaryimage\"},\"image\":{\"@id\":\"https:\\\/\\\/folhadoleste.com.br\\\/dupla-presa-no-centro-apos-roubar-celular-e-ferir-vitima\\\/#primaryimage\"},\"thumbnailUrl\":\"https:\\\/\\\/folhadoleste.com.br\\\/wp-content\\\/uploads\\\/2024\\\/06\\\/Dupla-presa-no-Centro-apos-roubar-celular-e-ferir-vitima-Foto-Cortada-Reproducao-PMERJ.jpg\",\"datePublished\":\"2024-06-08T14:14:10+00:00\",\"description\":\"Dupla presa no Centro ap\u00f3s roubar celular e ferir v\u00edtima. Pol\u00edcia entra em a\u00e7\u00e3o garante pris\u00e3o e recupera\u00e7\u00e3o de celular roubado...\",\"breadcrumb\":{\"@id\":\"https:\\\/\\\/folhadoleste.com.br\\\/dupla-presa-no-centro-apos-roubar-celular-e-ferir-vitima\\\/#breadcrumb\"},\"inLanguage\":\"en-US\",\"potentialAction\":[{\"@type\":\"ReadAction\",\"target\":[\"https:\\\/\\\/folhadoleste.com.br\\\/dupla-presa-no-centro-apos-roubar-celular-e-ferir-vitima\\\/\"]}]},{\"@type\":\"ImageObject\",\"inLanguage\":\"en-US\",\"@id\":\"https:\\\/\\\/folhadoleste.com.br\\\/dupla-presa-no-centro-apos-roubar-celular-e-ferir-vitima\\\/#primaryimage\",\"url\":\"https:\\\/\\\/folhadoleste.com.br\\\/wp-content\\\/uploads\\\/2024\\\/06\\\/Dupla-presa-no-Centro-apos-roubar-celular-e-ferir-vitima-Foto-Cortada-Reproducao-PMERJ.jpg\",\"contentUrl\":\"https:\\\/\\\/folhadoleste.com.br\\\/wp-content\\\/uploads\\\/2024\\\/06\\\/Dupla-presa-no-Centro-apos-roubar-celular-e-ferir-vitima-Foto-Cortada-Reproducao-PMERJ.jpg\",\"width\":1199,\"height\":674,\"caption\":\"Dupla presa no Centro ap\u00f3s roubar celular e ferir v\u00edtima | Reprodu\u00e7\u00e3o\\\/@PMERJ\"},{\"@type\":\"BreadcrumbList\",\"@id\":\"https:\\\/\\\/folhadoleste.com.br\\\/dupla-presa-no-centro-apos-roubar-celular-e-ferir-vitima\\\/#breadcrumb\",\"itemListElement\":[{\"@type\":\"ListItem\",\"position\":1,\"name\":\"In\u00edcio\",\"item\":\"https:\\\/\\\/folhadoleste.com.br\\\/\"},{\"@type\":\"ListItem\",\"position\":2,\"name\":\"Rio de Janeiro - Capital\",\"item\":\"https:\\\/\\\/folhadoleste.com.br\\\/category\\\/rio-de-janeiro-capital\\\/\"},{\"@type\":\"ListItem\",\"position\":3,\"name\":\"Dupla presa no Centro ap\u00f3s roubar celular e ferir v\u00edtima\"}]},{\"@type\":\"WebSite\",\"@id\":\"https:\\\/\\\/folhadoleste.com.br\\\/#website\",\"url\":\"https:\\\/\\\/folhadoleste.com.br\\\/\",\"name\":\"Folha do Leste\",\"description\":\"Portal de Not\u00edcias com \u00eanfase em Niter\u00f3i, criando conte\u00fados desde a capital Rio de Janeiro, com olhar para o Leste Fluminense e suas cidades como S\u00e3o Gon\u00e7alo, Itabora\u00ed, Rio Bonito, Maric\u00e1, Saquarema e Araruama\",\"publisher\":{\"@id\":\"https:\\\/\\\/folhadoleste.com.br\\\/#organization\"},\"alternateName\":\"FL\",\"potentialAction\":[{\"@type\":\"SearchAction\",\"target\":{\"@type\":\"EntryPoint\",\"urlTemplate\":\"https:\\\/\\\/folhadoleste.com.br\\\/?s={search_term_string}\"},\"query-input\":{\"@type\":\"PropertyValueSpecification\",\"valueRequired\":true,\"valueName\":\"search_term_string\"}}],\"inLanguage\":\"en-US\"},{\"@type\":\"Organization\",\"@id\":\"https:\\\/\\\/folhadoleste.com.br\\\/#organization\",\"name\":\"Brasil 21 Comunica\u00e7\u00e3o\",\"alternateName\":\"BR21\",\"url\":\"https:\\\/\\\/folhadoleste.com.br\\\/\",\"logo\":{\"@type\":\"ImageObject\",\"inLanguage\":\"en-US\",\"@id\":\"https:\\\/\\\/folhadoleste.com.br\\\/#\\\/schema\\\/logo\\\/image\\\/\",\"url\":\"https:\\\/\\\/folhadoleste.com.br\\\/wp-content\\\/uploads\\\/2025\\\/12\\\/brasil-21-logomarca.avif\",\"contentUrl\":\"https:\\\/\\\/folhadoleste.com.br\\\/wp-content\\\/uploads\\\/2025\\\/12\\\/brasil-21-logomarca.avif\",\"width\":1044,\"height\":1044,\"caption\":\"Brasil 21 Comunica\u00e7\u00e3o\"},\"image\":{\"@id\":\"https:\\\/\\\/folhadoleste.com.br\\\/#\\\/schema\\\/logo\\\/image\\\/\"},\"sameAs\":[\"https:\\\/\\\/www.facebook.com\\\/folhadoleste\",\"https:\\\/\\\/x.com\\\/FolhadoLesteRJ\",\"https:\\\/\\\/www.instagram.com\\\/folhadoleste\\\/\"]},{\"@type\":\"Person\",\"@id\":\"https:\\\/\\\/folhadoleste.com.br\\\/#\\\/schema\\\/person\\\/3e97145b2e1861276e84471aa85a3899\",\"name\":\"Folha do Leste\",\"image\":{\"@type\":\"ImageObject\",\"inLanguage\":\"en-US\",\"@id\":\"https:\\\/\\\/folhadoleste.com.br\\\/wp-content\\\/litespeed\\\/avatar\\\/1ca8c218432e7045e748610eb3db0259.jpg?ver=1777765944\",\"url\":\"https:\\\/\\\/folhadoleste.com.br\\\/wp-content\\\/litespeed\\\/avatar\\\/1ca8c218432e7045e748610eb3db0259.jpg?ver=1777765944\",\"contentUrl\":\"https:\\\/\\\/folhadoleste.com.br\\\/wp-content\\\/litespeed\\\/avatar\\\/1ca8c218432e7045e748610eb3db0259.jpg?ver=1777765944\",\"caption\":\"Folha do Leste\"},\"url\":\"https:\\\/\\\/folhadoleste.com.br\\\/en\\\/author\\\/reportagem-01\\\/\"}]}<\/script>\n<!-- \/ Yoast SEO plugin. -->","yoast_head_json":{"title":"Dupla presa no Centro ap\u00f3s roubar celular e ferir v\u00edtima &#8226; Folha do Leste","description":"Dupla presa no Centro ap\u00f3s roubar celular e ferir v\u00edtima. Pol\u00edcia entra em a\u00e7\u00e3o garante pris\u00e3o e recupera\u00e7\u00e3o de celular roubado...","robots":{"index":"index","follow":"follow","max-snippet":"max-snippet:-1","max-image-preview":"max-image-preview:large","max-video-preview":"max-video-preview:-1"},"canonical":"https:\/\/folhadoleste.com.br\/en\/dupla-presa-no-centro-apos-roubar-celular-e-ferir-vitima\/","og_locale":"en_US","og_type":"article","og_title":"Dupla presa no Centro ap\u00f3s roubar celular e ferir v\u00edtima &#8226; Folha do Leste","og_description":"Rio de Janeiro - Capital &#8226; 8 de June de 2024 &#8226; Folha do Leste","og_url":"https:\/\/folhadoleste.com.br\/en\/dupla-presa-no-centro-apos-roubar-celular-e-ferir-vitima\/","og_site_name":"Folha do Leste","article_publisher":"https:\/\/www.facebook.com\/folhadoleste","article_published_time":"2024-06-08T14:14:10+00:00","og_image":[{"width":1199,"height":674,"url":"https:\/\/folhadoleste.com.br\/wp-content\/uploads\/2024\/06\/Dupla-presa-no-Centro-apos-roubar-celular-e-ferir-vitima-Foto-Cortada-Reproducao-PMERJ.jpg","type":"image\/jpeg"}],"author":"Folha do Leste","twitter_card":"summary_large_image","twitter_creator":"@FolhadoLesteRJ","twitter_site":"@FolhadoLesteRJ","twitter_misc":{"Written by":"Folha do Leste","Est. reading time":"2 minutes"},"schema":{"@context":"https:\/\/schema.org","@graph":[{"@type":"NewsArticle","@id":"https:\/\/folhadoleste.com.br\/dupla-presa-no-centro-apos-roubar-celular-e-ferir-vitima\/#article","isPartOf":{"@id":"https:\/\/folhadoleste.com.br\/dupla-presa-no-centro-apos-roubar-celular-e-ferir-vitima\/"},"author":{"name":"Folha do Leste","@id":"https:\/\/folhadoleste.com.br\/#\/schema\/person\/3e97145b2e1861276e84471aa85a3899"},"headline":"Dupla presa no Centro ap\u00f3s roubar celular e ferir v\u00edtima","datePublished":"2024-06-08T14:14:10+00:00","mainEntityOfPage":{"@id":"https:\/\/folhadoleste.com.br\/dupla-presa-no-centro-apos-roubar-celular-e-ferir-vitima\/"},"wordCount":182,"commentCount":0,"publisher":{"@id":"https:\/\/folhadoleste.com.br\/#organization"},"image":{"@id":"https:\/\/folhadoleste.com.br\/dupla-presa-no-centro-apos-roubar-celular-e-ferir-vitima\/#primaryimage"},"thumbnailUrl":"https:\/\/folhadoleste.com.br\/wp-content\/uploads\/2024\/06\/Dupla-presa-no-Centro-apos-roubar-celular-e-ferir-vitima-Foto-Cortada-Reproducao-PMERJ.jpg","keywords":["A\u00e7\u00e3o r\u00e1pida","Agress\u00e3o","Batalh\u00e3o de Choque","celular roubado","Centro do Rio","crimes violentos","delegacia","Faca Apreendida","PM","pol\u00edcia","pris\u00e3o em flagrante","recupera\u00e7\u00e3o de bens","Rio de Janeiro","roubo","Roubo de celular","Seguran\u00e7a publica","viol\u00eancia","V\u00edtima Ferida","V\u00edtima Salvo"],"articleSection":["Pol\u00edcia","Rio de Janeiro - Capital"],"inLanguage":"en-US","potentialAction":[{"@type":"CommentAction","name":"Comment","target":["https:\/\/folhadoleste.com.br\/dupla-presa-no-centro-apos-roubar-celular-e-ferir-vitima\/#respond"]}]},{"@type":"WebPage","@id":"https:\/\/folhadoleste.com.br\/dupla-presa-no-centro-apos-roubar-celular-e-ferir-vitima\/","url":"https:\/\/folhadoleste.com.br\/dupla-presa-no-centro-apos-roubar-celular-e-ferir-vitima\/","name":"Dupla presa no Centro ap\u00f3s roubar celular e ferir v\u00edtima &#8226; Folha do Leste","isPartOf":{"@id":"https:\/\/folhadoleste.com.br\/#website"},"primaryImageOfPage":{"@id":"https:\/\/folhadoleste.com.br\/dupla-presa-no-centro-apos-roubar-celular-e-ferir-vitima\/#primaryimage"},"image":{"@id":"https:\/\/folhadoleste.com.br\/dupla-presa-no-centro-apos-roubar-celular-e-ferir-vitima\/#primaryimage"},"thumbnailUrl":"https:\/\/folhadoleste.com.br\/wp-content\/uploads\/2024\/06\/Dupla-presa-no-Centro-apos-roubar-celular-e-ferir-vitima-Foto-Cortada-Reproducao-PMERJ.jpg","datePublished":"2024-06-08T14:14:10+00:00","description":"Dupla presa no Centro ap\u00f3s roubar celular e ferir v\u00edtima. Pol\u00edcia entra em a\u00e7\u00e3o garante pris\u00e3o e recupera\u00e7\u00e3o de celular roubado...","breadcrumb":{"@id":"https:\/\/folhadoleste.com.br\/dupla-presa-no-centro-apos-roubar-celular-e-ferir-vitima\/#breadcrumb"},"inLanguage":"en-US","potentialAction":[{"@type":"ReadAction","target":["https:\/\/folhadoleste.com.br\/dupla-presa-no-centro-apos-roubar-celular-e-ferir-vitima\/"]}]},{"@type":"ImageObject","inLanguage":"en-US","@id":"https:\/\/folhadoleste.com.br\/dupla-presa-no-centro-apos-roubar-celular-e-ferir-vitima\/#primaryimage","url":"https:\/\/folhadoleste.com.br\/wp-content\/uploads\/2024\/06\/Dupla-presa-no-Centro-apos-roubar-celular-e-ferir-vitima-Foto-Cortada-Reproducao-PMERJ.jpg","contentUrl":"https:\/\/folhadoleste.com.br\/wp-content\/uploads\/2024\/06\/Dupla-presa-no-Centro-apos-roubar-celular-e-ferir-vitima-Foto-Cortada-Reproducao-PMERJ.jpg","width":1199,"height":674,"caption":"Dupla presa no Centro ap\u00f3s roubar celular e ferir v\u00edtima | Reprodu\u00e7\u00e3o\/@PMERJ"},{"@type":"BreadcrumbList","@id":"https:\/\/folhadoleste.com.br\/dupla-presa-no-centro-apos-roubar-celular-e-ferir-vitima\/#breadcrumb","itemListElement":[{"@type":"ListItem","position":1,"name":"In\u00edcio","item":"https:\/\/folhadoleste.com.br\/"},{"@type":"ListItem","position":2,"name":"Rio de Janeiro - Capital","item":"https:\/\/folhadoleste.com.br\/category\/rio-de-janeiro-capital\/"},{"@type":"ListItem","position":3,"name":"Dupla presa no Centro ap\u00f3s roubar celular e ferir v\u00edtima"}]},{"@type":"WebSite","@id":"https:\/\/folhadoleste.com.br\/#website","url":"https:\/\/folhadoleste.com.br\/","name":"Folha do Leste","description":"Portal de Not\u00edcias com \u00eanfase em Niter\u00f3i, criando conte\u00fados desde a capital Rio de Janeiro, com olhar para o Leste Fluminense e suas cidades como S\u00e3o Gon\u00e7alo, Itabora\u00ed, Rio Bonito, Maric\u00e1, Saquarema e Araruama","publisher":{"@id":"https:\/\/folhadoleste.com.br\/#organization"},"alternateName":"FL","potentialAction":[{"@type":"SearchAction","target":{"@type":"EntryPoint","urlTemplate":"https:\/\/folhadoleste.com.br\/?s={search_term_string}"},"query-input":{"@type":"PropertyValueSpecification","valueRequired":true,"valueName":"search_term_string"}}],"inLanguage":"en-US"},{"@type":"Organization","@id":"https:\/\/folhadoleste.com.br\/#organization","name":"Brasil 21 Comunica\u00e7\u00e3o","alternateName":"BR21","url":"https:\/\/folhadoleste.com.br\/","logo":{"@type":"ImageObject","inLanguage":"en-US","@id":"https:\/\/folhadoleste.com.br\/#\/schema\/logo\/image\/","url":"https:\/\/folhadoleste.com.br\/wp-content\/uploads\/2025\/12\/brasil-21-logomarca.avif","contentUrl":"https:\/\/folhadoleste.com.br\/wp-content\/uploads\/2025\/12\/brasil-21-logomarca.avif","width":1044,"height":1044,"caption":"Brasil 21 Comunica\u00e7\u00e3o"},"image":{"@id":"https:\/\/folhadoleste.com.br\/#\/schema\/logo\/image\/"},"sameAs":["https:\/\/www.facebook.com\/folhadoleste","https:\/\/x.com\/FolhadoLesteRJ","https:\/\/www.instagram.com\/folhadoleste\/"]},{"@type":"Person","@id":"https:\/\/folhadoleste.com.br\/#\/schema\/person\/3e97145b2e1861276e84471aa85a3899","name":"Folha do Leste","image":{"@type":"ImageObject","inLanguage":"en-US","@id":"https:\/\/folhadoleste.com.br\/wp-content\/litespeed\/avatar\/1ca8c218432e7045e748610eb3db0259.jpg?ver=1777765944","url":"https:\/\/folhadoleste.com.br\/wp-content\/litespeed\/avatar\/1ca8c218432e7045e748610eb3db0259.jpg?ver=1777765944","contentUrl":"https:\/\/folhadoleste.com.br\/wp-content\/litespeed\/avatar\/1ca8c218432e7045e748610eb3db0259.jpg?ver=1777765944","caption":"Folha do Leste"},"url":"https:\/\/folhadoleste.com.br\/en\/author\/reportagem-01\/"}]}},"_links":{"self":[{"href":"https:\/\/folhadoleste.com.br\/en\/wp-json\/wp\/v2\/posts\/70217","targetHints":{"allow":["GET"]}}],"collection":[{"href":"https:\/\/folhadoleste.com.br\/en\/wp-json\/wp\/v2\/posts"}],"about":[{"href":"https:\/\/folhadoleste.com.br\/en\/wp-json\/wp\/v2\/types\/post"}],"author":[{"embeddable":true,"href":"https:\/\/folhadoleste.com.br\/en\/wp-json\/wp\/v2\/users\/4"}],"replies":[{"embeddable":true,"href":"https:\/\/folhadoleste.com.br\/en\/wp-json\/wp\/v2\/comments?post=70217"}],"version-history":[{"count":1,"href":"https:\/\/folhadoleste.com.br\/en\/wp-json\/wp\/v2\/posts\/70217\/revisions"}],"predecessor-version":[{"id":70221,"href":"https:\/\/folhadoleste.com.br\/en\/wp-json\/wp\/v2\/posts\/70217\/revisions\/70221"}],"wp:featuredmedia":[{"embeddable":true,"href":"https:\/\/folhadoleste.com.br\/en\/wp-json\/wp\/v2\/media\/70220"}],"wp:attachment":[{"href":"https:\/\/folhadoleste.com.br\/en\/wp-json\/wp\/v2\/media?parent=70217"}],"wp:term":[{"taxonomy":"category","embeddable":true,"href":"https:\/\/folhadoleste.com.br\/en\/wp-json\/wp\/v2\/categories?post=70217"},{"taxonomy":"post_tag","embeddable":true,"href":"https:\/\/folhadoleste.com.br\/en\/wp-json\/wp\/v2\/tags?post=70217"}],"curies":[{"name":"wp","href":"https:\/\/api.w.org\/{rel}","templated":true}]}}