{"id":70005,"date":"2024-06-07T14:33:33","date_gmt":"2024-06-07T17:33:33","guid":{"rendered":"https:\/\/folhadoleste.com.br\/?p=70005"},"modified":"2024-06-07T14:35:24","modified_gmt":"2024-06-07T17:35:24","slug":"aluna-de-14-anos-agredida-em-escola-mae-cobra-justica","status":"publish","type":"post","link":"https:\/\/folhadoleste.com.br\/en\/aluna-de-14-anos-agredida-em-escola-mae-cobra-justica\/","title":{"rendered":"Aluna de 14 anos agredida em escola: M\u00e3e cobra justi\u00e7a"},"content":{"rendered":"<div id=\"attachment_70009\" style=\"width: 1210px\" class=\"wp-caption aligncenter\"><a href=\"https:\/\/folhadoleste.com.br\/wp-content\/uploads\/2024\/06\/Aluna-de-14-anos-agredida-em-escola-Mae-cobra-justica-Foto-Reproducao-Redes-Sociais.jpg\"><img decoding=\"async\" aria-describedby=\"caption-attachment-70009\" class=\"size-full wp-image-70009\" src=\"https:\/\/folhadoleste.com.br\/wp-content\/uploads\/2024\/06\/Aluna-de-14-anos-agredida-em-escola-Mae-cobra-justica-Foto-Reproducao-Redes-Sociais.jpg\" alt=\"Aluna de 14 anos agredida em escola: M\u00e3e cobra justi\u00e7a\" width=\"1200\" height=\"1920\" \/><\/a><p id=\"caption-attachment-70009\" class=\"wp-caption-text\">Aluna de 14 anos agredida em escola: M\u00e3e cobra justi\u00e7a | Reprodu\u00e7\u00e3o\/Redes Sociais<\/p><\/div>\n<p style=\"text-align: justify;\" data-sourcepos=\"3:1-3:317\">A dor de um dente quebrado e a ang\u00fastia de uma m\u00e3e em busca de justi\u00e7a. A jovem de 14 anos, v\u00edtima de agress\u00e3o dentro do Col\u00e9gio Estadual Augusto Cez\u00e1rio Diaz Andr\u00e9, no Pacheco, em S\u00e3o Gon\u00e7alo, na Regi\u00e3o Metropolitana do Rio, ainda carrega as marcas da viol\u00eancia e a fam\u00edlia clama por respostas.<\/p>\n<h6><span style=\"color: #ff0000;\"><strong>+<\/strong><\/span> <span style=\"color: #000000;\">LEIA TAMB\u00c9M: \u25ba<\/span><a href=\"https:\/\/folhadoleste.com.br\/en\/policia-prende-acusado-de-matar-homem-a-facadas-em-niteroi\/\"><strong>Pol\u00edcia prende acusado de matar homem a facadas, em Niter\u00f3i<\/strong><\/a><\/h6>\n<p style=\"text-align: justify;\" data-sourcepos=\"7:1-7:21\">Sendo assim, tudo come\u00e7ou em 23 de maio, durante um momento de descontra\u00e7\u00e3o entre amigos. Contudo, a adolescente, participante de uma brincadeira de &#8220;verdade ou consequ\u00eancia&#8221;, se recusou a cumprir uma das tarefas. O que era apenas uma brincadeira tomou um rumo cruel, com tapas, chutes e um golpe fatal: a queda no ch\u00e3o ap\u00f3s um empurr\u00e3o e o impacto de uma mochila na face, quebrando seu dente da frente por completo.<\/p>\n<h5 style=\"text-align: center;\"><span style=\"color: #000000;\"><span style=\"color: #ff0000;\"><strong>+ <\/strong><\/span><\/span><span style=\"color: #000000;\"><strong><span style=\"color: #ff9900;\">MAIS NOT\u00cdCIAS DE S\u00c3O GON\u00c7ALO?<\/span> <a href=\"https:\/\/folhadoleste.com.br\/en\/category\/jornal-folha-do-leste-rj\/sao-goncalo\/\"><span style=\"color: #008080;\">CLIQUE AQUI<\/span><\/a><\/strong><\/span><\/h5>\n<p style=\"text-align: justify;\" data-sourcepos=\"11:1-11:206\">A dor f\u00edsica se soma \u00e0 dor da injusti\u00e7a. A m\u00e3e da jovem, Renata da Silva, denuncia a falta de provid\u00eancias por parte da diretoria da escola e busca respostas para o caso, registrado na 75\u00aa DP (Rio do Ouro).<\/p>\n<div id=\"attachment_70015\" style=\"width: 1542px\" class=\"wp-caption aligncenter\"><a href=\"https:\/\/folhadoleste.com.br\/wp-content\/uploads\/2024\/06\/Aluna-de-14-anos-agredida-em-escola-Mae-cobra-justica-2-Foto-Reproducao-Redes-Sociais-scaled.webp\"><img decoding=\"async\" aria-describedby=\"caption-attachment-70015\" class=\"size-full wp-image-70015\" src=\"https:\/\/folhadoleste.com.br\/wp-content\/uploads\/2024\/06\/Aluna-de-14-anos-agredida-em-escola-Mae-cobra-justica-2-Foto-Reproducao-Redes-Sociais-scaled.webp\" alt=\"Aluna de 14 anos agredida em escola: M\u00e3e cobra justi\u00e7a\" width=\"1532\" height=\"2560\" \/><\/a><p id=\"caption-attachment-70015\" class=\"wp-caption-text\">Aluna de 14 anos agredida em escola: M\u00e3e cobra justi\u00e7a | Reprodu\u00e7\u00e3o\/Redes Sociais<\/p><\/div>\n<p style=\"text-align: justify;\" data-sourcepos=\"15:1-15:272\">Dessa forma, a Pol\u00edcia Civil investiga o caso para esclarecer os fatos. Assim, a Secretaria de Estado de Educa\u00e7\u00e3o, por sua vez, apresenta uma vers\u00e3o diferente dos acontecimentos, afirmando que a mochila n\u00e3o foi arremessada de forma intencional, mas sim resultado de uma &#8220;brincadeira infeliz&#8221;.<\/p>\n<h6><span style=\"color: #ff0000;\"><strong>+<\/strong><\/span> <span style=\"color: #000000;\">LEIA TAMB\u00c9M: \u25ba<\/span><a href=\"https:\/\/folhadoleste.com.br\/en\/homem-preso-por-crime-digital-contra-ex-companheira\/\"><strong>Homem preso por crime digital contra ex-companheira<\/strong><\/a><\/h6>\n<p style=\"text-align: justify;\" data-sourcepos=\"19:1-19:281\">Enfim, a Seeduc informa que os respons\u00e1veis pelos alunos envolvidos no incidente foram suspensos das atividades e que a pasta busca meios para tratar o dente da adolescente atrav\u00e9s do sistema p\u00fablico de sa\u00fade. Assim, a pasta tamb\u00e9m repudia qualquer tipo de brincadeira agressiva entre os alunos.<\/p>\n<p data-sourcepos=\"19:1-19:281\"><a href=\"https:\/\/folhadoleste.com.br\/wp-content\/uploads\/2024\/05\/Ajude-o-Rio-Grande-do-Sul-Campanha-Oficial-Folha-do-Leste.jpg\"><img decoding=\"async\" class=\"aligncenter size-full wp-image-64672\" src=\"https:\/\/folhadoleste.com.br\/wp-content\/uploads\/2024\/05\/Ajude-o-Rio-Grande-do-Sul-Campanha-Oficial-Folha-do-Leste.jpg\" alt=\"\" width=\"728\" height=\"250\" \/><\/a><\/p>\n<p data-sourcepos=\"19:1-19:281\"><a href=\"https:\/\/www.instagram.com\/folhadoleste\/\"><img decoding=\"async\" class=\"aligncenter wp-image-15962\" src=\"https:\/\/folhadoleste.com.br\/wp-content\/uploads\/2023\/07\/instagram.jpg.webp\" alt=\"Itaipu-Itaipua\u00e7u: Caminh\u00e3o causa grave acidente na RJ-102, a estrada da Serrinha\" width=\"49\" height=\"49\" \/><\/a><a href=\"https:\/\/www.facebook.com\/folhadoleste\"><img decoding=\"async\" class=\"aligncenter wp-image-7424\" src=\"https:\/\/folhadoleste.com.br\/wp-content\/uploads\/2023\/05\/facebook-logo-3-1.png.webp\" alt=\"Itaipu-Itaipua\u00e7u: Caminh\u00e3o causa grave acidente na RJ-102, a estrada da Serrinha\" width=\"49\" height=\"49\" \/><\/a><\/p>","protected":false},"excerpt":{"rendered":"<p>A dor de um dente quebrado e a ang\u00fastia de uma m\u00e3e em busca de justi\u00e7a. A jovem de 14 anos, v\u00edtima de agress\u00e3o dentro do Col\u00e9gio Estadual Augusto Cez\u00e1rio Diaz Andr\u00e9, no Pacheco, em S\u00e3o Gon\u00e7alo, na Regi\u00e3o Metropolitana do Rio, ainda carrega as marcas da viol\u00eancia e a fam\u00edlia clama por respostas. + LEIA TAMB\u00c9M: \u25baPol\u00edcia prende acusado de matar homem a facadas, em Niter\u00f3i Sendo assim, tudo come\u00e7ou em 23 de maio, durante um momento de descontra\u00e7\u00e3o entre amigos. Contudo, a adolescente, participante de uma brincadeira de &#8220;verdade ou consequ\u00eancia&#8221;, se recusou a cumprir uma das tarefas. [&hellip;]<\/p>\n","protected":false},"author":4,"featured_media":70010,"comment_status":"open","ping_status":"open","sticky":false,"template":"","format":"standard","meta":{"footnotes":""},"categories":[47,52],"tags":[3773,4216,8402,28930,28929,1758,611,647,3774,864,697,54,28931,28933,379,164,18621,13052,76,4484,585,3800,2195,6432,28932,22723],"class_list":["post-70005","post","type-post","status-publish","format-standard","has-post-thumbnail","hentry","category-leste-fluminense","category-sao-goncalo","tag-adolescente","tag-agressao","tag-bullying","tag-dente-quebrado","tag-dente-removido","tag-direitos-humanos","tag-educacao","tag-escola","tag-estudante","tag-investigacao","tag-justica","tag-leste-fluminense","tag-mae-clama-por-respostas","tag-medidas-urgentes","tag-prevencao","tag-punicao","tag-repudio","tag-responsabilidade","tag-sao-goncalo","tag-seeduc","tag-seguranca","tag-seguranca-nas-escolas","tag-suspensao","tag-tratamento","tag-violencia-fisica","tag-violencia-na-escola","post--single"],"yoast_head":"<!-- This site is optimized with the Yoast SEO plugin v27.4 - https:\/\/yoast.com\/product\/yoast-seo-wordpress\/ -->\n<title>Aluna de 14 anos agredida em escola: M\u00e3e cobra justi\u00e7a &#8226; Folha do Leste<\/title>\n<meta name=\"description\" content=\"Aluna de 14 anos agredida em escola: M\u00e3e cobra justi\u00e7a. Preciso que pais, educadores e autoridades trabalhem juntos para criar um ambiente...\" \/>\n<meta name=\"robots\" content=\"index, follow, max-snippet:-1, max-image-preview:large, max-video-preview:-1\" \/>\n<link rel=\"canonical\" href=\"https:\/\/folhadoleste.com.br\/en\/aluna-de-14-anos-agredida-em-escola-mae-cobra-justica\/\" \/>\n<meta property=\"og:locale\" content=\"en_US\" \/>\n<meta property=\"og:type\" content=\"article\" \/>\n<meta property=\"og:title\" content=\"Aluna de 14 anos agredida em escola: M\u00e3e cobra justi\u00e7a &#8226; Folha do Leste\" \/>\n<meta property=\"og:description\" content=\"S\u00e3o Gon\u00e7alo &#8226; 7 de June de 2024 &#8226; Folha do Leste\" \/>\n<meta property=\"og:url\" content=\"https:\/\/folhadoleste.com.br\/en\/aluna-de-14-anos-agredida-em-escola-mae-cobra-justica\/\" \/>\n<meta property=\"og:site_name\" content=\"Folha do Leste\" \/>\n<meta property=\"article:publisher\" content=\"https:\/\/www.facebook.com\/folhadoleste\" \/>\n<meta property=\"article:published_time\" content=\"2024-06-07T17:33:33+00:00\" \/>\n<meta property=\"article:modified_time\" content=\"2024-06-07T17:35:24+00:00\" \/>\n<meta property=\"og:image\" content=\"https:\/\/folhadoleste.com.br\/wp-content\/uploads\/2024\/06\/Aluna-de-14-anos-agredida-em-escola-Mae-cobra-justica-Foto-Cortada-Reproducao-Redes-Sociais.jpg\" \/>\n\t<meta property=\"og:image:width\" content=\"1200\" \/>\n\t<meta property=\"og:image:height\" content=\"675\" \/>\n\t<meta property=\"og:image:type\" content=\"image\/jpeg\" \/>\n<meta name=\"author\" content=\"Folha do Leste\" \/>\n<meta name=\"twitter:card\" content=\"summary_large_image\" \/>\n<meta name=\"twitter:creator\" content=\"@FolhadoLesteRJ\" \/>\n<meta name=\"twitter:site\" content=\"@FolhadoLesteRJ\" \/>\n<meta name=\"twitter:label1\" content=\"Written by\" \/>\n\t<meta name=\"twitter:data1\" content=\"Folha do Leste\" \/>\n\t<meta name=\"twitter:label2\" content=\"Est. reading time\" \/>\n\t<meta name=\"twitter:data2\" content=\"3 minutes\" \/>\n<script type=\"application\/ld+json\" class=\"yoast-schema-graph\">{\"@context\":\"https:\\\/\\\/schema.org\",\"@graph\":[{\"@type\":\"NewsArticle\",\"@id\":\"https:\\\/\\\/folhadoleste.com.br\\\/aluna-de-14-anos-agredida-em-escola-mae-cobra-justica\\\/#article\",\"isPartOf\":{\"@id\":\"https:\\\/\\\/folhadoleste.com.br\\\/aluna-de-14-anos-agredida-em-escola-mae-cobra-justica\\\/\"},\"author\":{\"name\":\"Folha do Leste\",\"@id\":\"https:\\\/\\\/folhadoleste.com.br\\\/#\\\/schema\\\/person\\\/3e97145b2e1861276e84471aa85a3899\"},\"headline\":\"Aluna de 14 anos agredida em escola: M\u00e3e cobra justi\u00e7a\",\"datePublished\":\"2024-06-07T17:33:33+00:00\",\"dateModified\":\"2024-06-07T17:35:24+00:00\",\"mainEntityOfPage\":{\"@id\":\"https:\\\/\\\/folhadoleste.com.br\\\/aluna-de-14-anos-agredida-em-escola-mae-cobra-justica\\\/\"},\"wordCount\":375,\"commentCount\":0,\"publisher\":{\"@id\":\"https:\\\/\\\/folhadoleste.com.br\\\/#organization\"},\"image\":{\"@id\":\"https:\\\/\\\/folhadoleste.com.br\\\/aluna-de-14-anos-agredida-em-escola-mae-cobra-justica\\\/#primaryimage\"},\"thumbnailUrl\":\"https:\\\/\\\/folhadoleste.com.br\\\/wp-content\\\/uploads\\\/2024\\\/06\\\/Aluna-de-14-anos-agredida-em-escola-Mae-cobra-justica-Foto-Cortada-Reproducao-Redes-Sociais.jpg\",\"keywords\":[\"adolescente\",\"Agress\u00e3o\",\"bullying\",\"dente quebrado\",\"dente removido\",\"Direitos Humanos\",\"educa\u00e7\u00e3o\",\"escola\",\"estudante\",\"Investiga\u00e7\u00e3o\",\"Justi\u00e7a\",\"Leste Fluminense\",\"m\u00e3e clama por respostas\",\"medidas urgentes\",\"preven\u00e7\u00e3o\",\"puni\u00e7\u00e3o\",\"Rep\u00fadio\",\"responsabilidade\",\"s\u00e3o gon\u00e7alo\",\"Seeduc\",\"seguran\u00e7a\",\"Seguran\u00e7a nas escolas\",\"suspens\u00e3o\",\"tratamento\",\"viol\u00eancia f\u00edsica\",\"Viol\u00eancia na Escola\"],\"articleSection\":[\"Leste Fluminense\",\"S\u00e3o Gon\u00e7alo\"],\"inLanguage\":\"en-US\",\"potentialAction\":[{\"@type\":\"CommentAction\",\"name\":\"Comment\",\"target\":[\"https:\\\/\\\/folhadoleste.com.br\\\/aluna-de-14-anos-agredida-em-escola-mae-cobra-justica\\\/#respond\"]}]},{\"@type\":\"WebPage\",\"@id\":\"https:\\\/\\\/folhadoleste.com.br\\\/aluna-de-14-anos-agredida-em-escola-mae-cobra-justica\\\/\",\"url\":\"https:\\\/\\\/folhadoleste.com.br\\\/aluna-de-14-anos-agredida-em-escola-mae-cobra-justica\\\/\",\"name\":\"Aluna de 14 anos agredida em escola: M\u00e3e cobra justi\u00e7a &#8226; Folha do Leste\",\"isPartOf\":{\"@id\":\"https:\\\/\\\/folhadoleste.com.br\\\/#website\"},\"primaryImageOfPage\":{\"@id\":\"https:\\\/\\\/folhadoleste.com.br\\\/aluna-de-14-anos-agredida-em-escola-mae-cobra-justica\\\/#primaryimage\"},\"image\":{\"@id\":\"https:\\\/\\\/folhadoleste.com.br\\\/aluna-de-14-anos-agredida-em-escola-mae-cobra-justica\\\/#primaryimage\"},\"thumbnailUrl\":\"https:\\\/\\\/folhadoleste.com.br\\\/wp-content\\\/uploads\\\/2024\\\/06\\\/Aluna-de-14-anos-agredida-em-escola-Mae-cobra-justica-Foto-Cortada-Reproducao-Redes-Sociais.jpg\",\"datePublished\":\"2024-06-07T17:33:33+00:00\",\"dateModified\":\"2024-06-07T17:35:24+00:00\",\"description\":\"Aluna de 14 anos agredida em escola: M\u00e3e cobra justi\u00e7a. Preciso que pais, educadores e autoridades trabalhem juntos para criar um ambiente...\",\"breadcrumb\":{\"@id\":\"https:\\\/\\\/folhadoleste.com.br\\\/aluna-de-14-anos-agredida-em-escola-mae-cobra-justica\\\/#breadcrumb\"},\"inLanguage\":\"en-US\",\"potentialAction\":[{\"@type\":\"ReadAction\",\"target\":[\"https:\\\/\\\/folhadoleste.com.br\\\/aluna-de-14-anos-agredida-em-escola-mae-cobra-justica\\\/\"]}]},{\"@type\":\"ImageObject\",\"inLanguage\":\"en-US\",\"@id\":\"https:\\\/\\\/folhadoleste.com.br\\\/aluna-de-14-anos-agredida-em-escola-mae-cobra-justica\\\/#primaryimage\",\"url\":\"https:\\\/\\\/folhadoleste.com.br\\\/wp-content\\\/uploads\\\/2024\\\/06\\\/Aluna-de-14-anos-agredida-em-escola-Mae-cobra-justica-Foto-Cortada-Reproducao-Redes-Sociais.jpg\",\"contentUrl\":\"https:\\\/\\\/folhadoleste.com.br\\\/wp-content\\\/uploads\\\/2024\\\/06\\\/Aluna-de-14-anos-agredida-em-escola-Mae-cobra-justica-Foto-Cortada-Reproducao-Redes-Sociais.jpg\",\"width\":1200,\"height\":675,\"caption\":\"Aluna de 14 anos agredida em escola: M\u00e3e cobra justi\u00e7a | Reprodu\u00e7\u00e3o\\\/Redes Sociais\"},{\"@type\":\"BreadcrumbList\",\"@id\":\"https:\\\/\\\/folhadoleste.com.br\\\/aluna-de-14-anos-agredida-em-escola-mae-cobra-justica\\\/#breadcrumb\",\"itemListElement\":[{\"@type\":\"ListItem\",\"position\":1,\"name\":\"In\u00edcio\",\"item\":\"https:\\\/\\\/folhadoleste.com.br\\\/\"},{\"@type\":\"ListItem\",\"position\":2,\"name\":\"Estado do Rio de Janeiro\",\"item\":\"https:\\\/\\\/folhadoleste.com.br\\\/category\\\/estado-do-rio-de-janeiro\\\/\"},{\"@type\":\"ListItem\",\"position\":3,\"name\":\"Leste Fluminense\",\"item\":\"https:\\\/\\\/folhadoleste.com.br\\\/category\\\/estado-do-rio-de-janeiro\\\/leste-fluminense\\\/\"},{\"@type\":\"ListItem\",\"position\":4,\"name\":\"S\u00e3o Gon\u00e7alo\",\"item\":\"https:\\\/\\\/folhadoleste.com.br\\\/category\\\/estado-do-rio-de-janeiro\\\/leste-fluminense\\\/sao-goncalo\\\/\"},{\"@type\":\"ListItem\",\"position\":5,\"name\":\"Aluna de 14 anos agredida em escola: M\u00e3e cobra justi\u00e7a\"}]},{\"@type\":\"WebSite\",\"@id\":\"https:\\\/\\\/folhadoleste.com.br\\\/#website\",\"url\":\"https:\\\/\\\/folhadoleste.com.br\\\/\",\"name\":\"Folha do Leste\",\"description\":\"Portal de Not\u00edcias com \u00eanfase em Niter\u00f3i, criando conte\u00fados desde a capital Rio de Janeiro, com olhar para o Leste Fluminense e suas cidades como S\u00e3o Gon\u00e7alo, Itabora\u00ed, Rio Bonito, Maric\u00e1, Saquarema e Araruama\",\"publisher\":{\"@id\":\"https:\\\/\\\/folhadoleste.com.br\\\/#organization\"},\"alternateName\":\"FL\",\"potentialAction\":[{\"@type\":\"SearchAction\",\"target\":{\"@type\":\"EntryPoint\",\"urlTemplate\":\"https:\\\/\\\/folhadoleste.com.br\\\/?s={search_term_string}\"},\"query-input\":{\"@type\":\"PropertyValueSpecification\",\"valueRequired\":true,\"valueName\":\"search_term_string\"}}],\"inLanguage\":\"en-US\"},{\"@type\":\"Organization\",\"@id\":\"https:\\\/\\\/folhadoleste.com.br\\\/#organization\",\"name\":\"Brasil 21 Comunica\u00e7\u00e3o\",\"alternateName\":\"BR21\",\"url\":\"https:\\\/\\\/folhadoleste.com.br\\\/\",\"logo\":{\"@type\":\"ImageObject\",\"inLanguage\":\"en-US\",\"@id\":\"https:\\\/\\\/folhadoleste.com.br\\\/#\\\/schema\\\/logo\\\/image\\\/\",\"url\":\"https:\\\/\\\/folhadoleste.com.br\\\/wp-content\\\/uploads\\\/2025\\\/12\\\/brasil-21-logomarca.avif\",\"contentUrl\":\"https:\\\/\\\/folhadoleste.com.br\\\/wp-content\\\/uploads\\\/2025\\\/12\\\/brasil-21-logomarca.avif\",\"width\":1044,\"height\":1044,\"caption\":\"Brasil 21 Comunica\u00e7\u00e3o\"},\"image\":{\"@id\":\"https:\\\/\\\/folhadoleste.com.br\\\/#\\\/schema\\\/logo\\\/image\\\/\"},\"sameAs\":[\"https:\\\/\\\/www.facebook.com\\\/folhadoleste\",\"https:\\\/\\\/x.com\\\/FolhadoLesteRJ\",\"https:\\\/\\\/www.instagram.com\\\/folhadoleste\\\/\"]},{\"@type\":\"Person\",\"@id\":\"https:\\\/\\\/folhadoleste.com.br\\\/#\\\/schema\\\/person\\\/3e97145b2e1861276e84471aa85a3899\",\"name\":\"Folha do Leste\",\"image\":{\"@type\":\"ImageObject\",\"inLanguage\":\"en-US\",\"@id\":\"https:\\\/\\\/folhadoleste.com.br\\\/wp-content\\\/litespeed\\\/avatar\\\/1ca8c218432e7045e748610eb3db0259.jpg?ver=1777161142\",\"url\":\"https:\\\/\\\/folhadoleste.com.br\\\/wp-content\\\/litespeed\\\/avatar\\\/1ca8c218432e7045e748610eb3db0259.jpg?ver=1777161142\",\"contentUrl\":\"https:\\\/\\\/folhadoleste.com.br\\\/wp-content\\\/litespeed\\\/avatar\\\/1ca8c218432e7045e748610eb3db0259.jpg?ver=1777161142\",\"caption\":\"Folha do Leste\"},\"url\":\"https:\\\/\\\/folhadoleste.com.br\\\/en\\\/author\\\/reportagem-01\\\/\"}]}<\/script>\n<!-- \/ Yoast SEO plugin. -->","yoast_head_json":{"title":"Aluna de 14 anos agredida em escola: M\u00e3e cobra justi\u00e7a &#8226; Folha do Leste","description":"Aluna de 14 anos agredida em escola: M\u00e3e cobra justi\u00e7a. Preciso que pais, educadores e autoridades trabalhem juntos para criar um ambiente...","robots":{"index":"index","follow":"follow","max-snippet":"max-snippet:-1","max-image-preview":"max-image-preview:large","max-video-preview":"max-video-preview:-1"},"canonical":"https:\/\/folhadoleste.com.br\/en\/aluna-de-14-anos-agredida-em-escola-mae-cobra-justica\/","og_locale":"en_US","og_type":"article","og_title":"Aluna de 14 anos agredida em escola: M\u00e3e cobra justi\u00e7a &#8226; Folha do Leste","og_description":"S\u00e3o Gon\u00e7alo &#8226; 7 de June de 2024 &#8226; Folha do Leste","og_url":"https:\/\/folhadoleste.com.br\/en\/aluna-de-14-anos-agredida-em-escola-mae-cobra-justica\/","og_site_name":"Folha do Leste","article_publisher":"https:\/\/www.facebook.com\/folhadoleste","article_published_time":"2024-06-07T17:33:33+00:00","article_modified_time":"2024-06-07T17:35:24+00:00","og_image":[{"width":1200,"height":675,"url":"https:\/\/folhadoleste.com.br\/wp-content\/uploads\/2024\/06\/Aluna-de-14-anos-agredida-em-escola-Mae-cobra-justica-Foto-Cortada-Reproducao-Redes-Sociais.jpg","type":"image\/jpeg"}],"author":"Folha do Leste","twitter_card":"summary_large_image","twitter_creator":"@FolhadoLesteRJ","twitter_site":"@FolhadoLesteRJ","twitter_misc":{"Written by":"Folha do Leste","Est. reading time":"3 minutes"},"schema":{"@context":"https:\/\/schema.org","@graph":[{"@type":"NewsArticle","@id":"https:\/\/folhadoleste.com.br\/aluna-de-14-anos-agredida-em-escola-mae-cobra-justica\/#article","isPartOf":{"@id":"https:\/\/folhadoleste.com.br\/aluna-de-14-anos-agredida-em-escola-mae-cobra-justica\/"},"author":{"name":"Folha do Leste","@id":"https:\/\/folhadoleste.com.br\/#\/schema\/person\/3e97145b2e1861276e84471aa85a3899"},"headline":"Aluna de 14 anos agredida em escola: M\u00e3e cobra justi\u00e7a","datePublished":"2024-06-07T17:33:33+00:00","dateModified":"2024-06-07T17:35:24+00:00","mainEntityOfPage":{"@id":"https:\/\/folhadoleste.com.br\/aluna-de-14-anos-agredida-em-escola-mae-cobra-justica\/"},"wordCount":375,"commentCount":0,"publisher":{"@id":"https:\/\/folhadoleste.com.br\/#organization"},"image":{"@id":"https:\/\/folhadoleste.com.br\/aluna-de-14-anos-agredida-em-escola-mae-cobra-justica\/#primaryimage"},"thumbnailUrl":"https:\/\/folhadoleste.com.br\/wp-content\/uploads\/2024\/06\/Aluna-de-14-anos-agredida-em-escola-Mae-cobra-justica-Foto-Cortada-Reproducao-Redes-Sociais.jpg","keywords":["adolescente","Agress\u00e3o","bullying","dente quebrado","dente removido","Direitos Humanos","educa\u00e7\u00e3o","escola","estudante","Investiga\u00e7\u00e3o","Justi\u00e7a","Leste Fluminense","m\u00e3e clama por respostas","medidas urgentes","preven\u00e7\u00e3o","puni\u00e7\u00e3o","Rep\u00fadio","responsabilidade","s\u00e3o gon\u00e7alo","Seeduc","seguran\u00e7a","Seguran\u00e7a nas escolas","suspens\u00e3o","tratamento","viol\u00eancia f\u00edsica","Viol\u00eancia na Escola"],"articleSection":["Leste Fluminense","S\u00e3o Gon\u00e7alo"],"inLanguage":"en-US","potentialAction":[{"@type":"CommentAction","name":"Comment","target":["https:\/\/folhadoleste.com.br\/aluna-de-14-anos-agredida-em-escola-mae-cobra-justica\/#respond"]}]},{"@type":"WebPage","@id":"https:\/\/folhadoleste.com.br\/aluna-de-14-anos-agredida-em-escola-mae-cobra-justica\/","url":"https:\/\/folhadoleste.com.br\/aluna-de-14-anos-agredida-em-escola-mae-cobra-justica\/","name":"Aluna de 14 anos agredida em escola: M\u00e3e cobra justi\u00e7a &#8226; Folha do Leste","isPartOf":{"@id":"https:\/\/folhadoleste.com.br\/#website"},"primaryImageOfPage":{"@id":"https:\/\/folhadoleste.com.br\/aluna-de-14-anos-agredida-em-escola-mae-cobra-justica\/#primaryimage"},"image":{"@id":"https:\/\/folhadoleste.com.br\/aluna-de-14-anos-agredida-em-escola-mae-cobra-justica\/#primaryimage"},"thumbnailUrl":"https:\/\/folhadoleste.com.br\/wp-content\/uploads\/2024\/06\/Aluna-de-14-anos-agredida-em-escola-Mae-cobra-justica-Foto-Cortada-Reproducao-Redes-Sociais.jpg","datePublished":"2024-06-07T17:33:33+00:00","dateModified":"2024-06-07T17:35:24+00:00","description":"Aluna de 14 anos agredida em escola: M\u00e3e cobra justi\u00e7a. Preciso que pais, educadores e autoridades trabalhem juntos para criar um ambiente...","breadcrumb":{"@id":"https:\/\/folhadoleste.com.br\/aluna-de-14-anos-agredida-em-escola-mae-cobra-justica\/#breadcrumb"},"inLanguage":"en-US","potentialAction":[{"@type":"ReadAction","target":["https:\/\/folhadoleste.com.br\/aluna-de-14-anos-agredida-em-escola-mae-cobra-justica\/"]}]},{"@type":"ImageObject","inLanguage":"en-US","@id":"https:\/\/folhadoleste.com.br\/aluna-de-14-anos-agredida-em-escola-mae-cobra-justica\/#primaryimage","url":"https:\/\/folhadoleste.com.br\/wp-content\/uploads\/2024\/06\/Aluna-de-14-anos-agredida-em-escola-Mae-cobra-justica-Foto-Cortada-Reproducao-Redes-Sociais.jpg","contentUrl":"https:\/\/folhadoleste.com.br\/wp-content\/uploads\/2024\/06\/Aluna-de-14-anos-agredida-em-escola-Mae-cobra-justica-Foto-Cortada-Reproducao-Redes-Sociais.jpg","width":1200,"height":675,"caption":"Aluna de 14 anos agredida em escola: M\u00e3e cobra justi\u00e7a | Reprodu\u00e7\u00e3o\/Redes Sociais"},{"@type":"BreadcrumbList","@id":"https:\/\/folhadoleste.com.br\/aluna-de-14-anos-agredida-em-escola-mae-cobra-justica\/#breadcrumb","itemListElement":[{"@type":"ListItem","position":1,"name":"In\u00edcio","item":"https:\/\/folhadoleste.com.br\/"},{"@type":"ListItem","position":2,"name":"Estado do Rio de Janeiro","item":"https:\/\/folhadoleste.com.br\/category\/estado-do-rio-de-janeiro\/"},{"@type":"ListItem","position":3,"name":"Leste Fluminense","item":"https:\/\/folhadoleste.com.br\/category\/estado-do-rio-de-janeiro\/leste-fluminense\/"},{"@type":"ListItem","position":4,"name":"S\u00e3o Gon\u00e7alo","item":"https:\/\/folhadoleste.com.br\/category\/estado-do-rio-de-janeiro\/leste-fluminense\/sao-goncalo\/"},{"@type":"ListItem","position":5,"name":"Aluna de 14 anos agredida em escola: M\u00e3e cobra justi\u00e7a"}]},{"@type":"WebSite","@id":"https:\/\/folhadoleste.com.br\/#website","url":"https:\/\/folhadoleste.com.br\/","name":"Folha do Leste","description":"Portal de Not\u00edcias com \u00eanfase em Niter\u00f3i, criando conte\u00fados desde a capital Rio de Janeiro, com olhar para o Leste Fluminense e suas cidades como S\u00e3o Gon\u00e7alo, Itabora\u00ed, Rio Bonito, Maric\u00e1, Saquarema e Araruama","publisher":{"@id":"https:\/\/folhadoleste.com.br\/#organization"},"alternateName":"FL","potentialAction":[{"@type":"SearchAction","target":{"@type":"EntryPoint","urlTemplate":"https:\/\/folhadoleste.com.br\/?s={search_term_string}"},"query-input":{"@type":"PropertyValueSpecification","valueRequired":true,"valueName":"search_term_string"}}],"inLanguage":"en-US"},{"@type":"Organization","@id":"https:\/\/folhadoleste.com.br\/#organization","name":"Brasil 21 Comunica\u00e7\u00e3o","alternateName":"BR21","url":"https:\/\/folhadoleste.com.br\/","logo":{"@type":"ImageObject","inLanguage":"en-US","@id":"https:\/\/folhadoleste.com.br\/#\/schema\/logo\/image\/","url":"https:\/\/folhadoleste.com.br\/wp-content\/uploads\/2025\/12\/brasil-21-logomarca.avif","contentUrl":"https:\/\/folhadoleste.com.br\/wp-content\/uploads\/2025\/12\/brasil-21-logomarca.avif","width":1044,"height":1044,"caption":"Brasil 21 Comunica\u00e7\u00e3o"},"image":{"@id":"https:\/\/folhadoleste.com.br\/#\/schema\/logo\/image\/"},"sameAs":["https:\/\/www.facebook.com\/folhadoleste","https:\/\/x.com\/FolhadoLesteRJ","https:\/\/www.instagram.com\/folhadoleste\/"]},{"@type":"Person","@id":"https:\/\/folhadoleste.com.br\/#\/schema\/person\/3e97145b2e1861276e84471aa85a3899","name":"Folha do Leste","image":{"@type":"ImageObject","inLanguage":"en-US","@id":"https:\/\/folhadoleste.com.br\/wp-content\/litespeed\/avatar\/1ca8c218432e7045e748610eb3db0259.jpg?ver=1777161142","url":"https:\/\/folhadoleste.com.br\/wp-content\/litespeed\/avatar\/1ca8c218432e7045e748610eb3db0259.jpg?ver=1777161142","contentUrl":"https:\/\/folhadoleste.com.br\/wp-content\/litespeed\/avatar\/1ca8c218432e7045e748610eb3db0259.jpg?ver=1777161142","caption":"Folha do Leste"},"url":"https:\/\/folhadoleste.com.br\/en\/author\/reportagem-01\/"}]}},"_links":{"self":[{"href":"https:\/\/folhadoleste.com.br\/en\/wp-json\/wp\/v2\/posts\/70005","targetHints":{"allow":["GET"]}}],"collection":[{"href":"https:\/\/folhadoleste.com.br\/en\/wp-json\/wp\/v2\/posts"}],"about":[{"href":"https:\/\/folhadoleste.com.br\/en\/wp-json\/wp\/v2\/types\/post"}],"author":[{"embeddable":true,"href":"https:\/\/folhadoleste.com.br\/en\/wp-json\/wp\/v2\/users\/4"}],"replies":[{"embeddable":true,"href":"https:\/\/folhadoleste.com.br\/en\/wp-json\/wp\/v2\/comments?post=70005"}],"version-history":[{"count":3,"href":"https:\/\/folhadoleste.com.br\/en\/wp-json\/wp\/v2\/posts\/70005\/revisions"}],"predecessor-version":[{"id":70017,"href":"https:\/\/folhadoleste.com.br\/en\/wp-json\/wp\/v2\/posts\/70005\/revisions\/70017"}],"wp:featuredmedia":[{"embeddable":true,"href":"https:\/\/folhadoleste.com.br\/en\/wp-json\/wp\/v2\/media\/70010"}],"wp:attachment":[{"href":"https:\/\/folhadoleste.com.br\/en\/wp-json\/wp\/v2\/media?parent=70005"}],"wp:term":[{"taxonomy":"category","embeddable":true,"href":"https:\/\/folhadoleste.com.br\/en\/wp-json\/wp\/v2\/categories?post=70005"},{"taxonomy":"post_tag","embeddable":true,"href":"https:\/\/folhadoleste.com.br\/en\/wp-json\/wp\/v2\/tags?post=70005"}],"curies":[{"name":"wp","href":"https:\/\/api.w.org\/{rel}","templated":true}]}}