{"id":6992,"date":"2023-05-25T18:38:48","date_gmt":"2023-05-25T21:38:48","guid":{"rendered":"https:\/\/folhadoleste.com.br\/?p=6992"},"modified":"2023-05-25T18:38:48","modified_gmt":"2023-05-25T21:38:48","slug":"obras-da-rua-mem-de-sa-serao-entregues-no-sabado-27","status":"publish","type":"post","link":"https:\/\/folhadoleste.com.br\/en\/obras-da-rua-mem-de-sa-serao-entregues-no-sabado-27\/","title":{"rendered":"Obras da Rua Mem de S\u00e1 ser\u00e3o entregues no s\u00e1bado (27)"},"content":{"rendered":"<p>A Prefeitura de Niter\u00f3i vai inaugurar, no pr\u00f3ximo s\u00e1bado (27), as obras na Rua\u00a0Mem\u00a0de\u00a0S\u00e1, em Icara\u00ed. Nesta quinta-feira (25), uma equipe da Prefeitura\u00a0de\u00a0Niter\u00f3i foi vistoriar o local, que passa pelos \u00faltimos detalhes da obra, que faz parte do Plano Niter\u00f3i 450 Anos.\u00a0O projeto vai beneficiar cerca\u00a0de\u00a020 mil pessoas por dia.<\/p>\n<p>&nbsp;<\/p>\n<p>O local ganhar\u00e1 uma pra\u00e7a que liga a Rua Castilho Fran\u00e7a \u00e0 Rua Miguel\u00a0de\u00a0Frias. O objetivo \u00e9 melhorar a mobilidade na regi\u00e3o, j\u00e1 que o acesso a Icara\u00ed vai ser facilitado com uma nova liga\u00e7\u00e3o da Rua Roberto Silveira com a Fagundes Varela, mesmo durante o hor\u00e1rio da faixa revers\u00edvel.<\/p>\n<p>&nbsp;<\/p>\n<p>&nbsp;<\/p>\n<p><img decoding=\"async\" class=\"aligncenter size-full wp-image-6995\" src=\"https:\/\/folhadoleste.com.br\/wp-content\/uploads\/2023\/05\/Axel-visita-obras.jpg\" alt=\"\" width=\"1920\" height=\"1329\" \/><\/p>\n<p>O prefeito de Niter\u00f3i, Axel Grael, destacou a relev\u00e2ncia das interven\u00e7\u00f5es feitas no local, que \u00e9 tamb\u00e9m mais uma \u00e1rea verde da cidade.<\/p>\n<p>&nbsp;<\/p>\n<blockquote><p>\u201cAbrimos esse espa\u00e7o com mais uma \u00e1rea verde aqui em Niter\u00f3i. Mas, al\u00e9m disso, essa obra permitir\u00e1 uma grande melhoria ao acesso a Icara\u00ed e tem como objetivo equacionar os problemas de tr\u00e2nsito do local. Al\u00e9m da interven\u00e7\u00e3o da nova rua e da pra\u00e7a, fizemos outras interven\u00e7\u00f5es no entorno, como melhorias nas cal\u00e7adas e nas travessias, e a remo\u00e7\u00e3o dos fios aparentes, o que fez toda a diferen\u00e7a no visual do local\u201d, afirmou o prefeito.<\/p><\/blockquote>\n<p>&nbsp;<\/p>\n<p>A obra teve a ordem de in\u00edcio assinada em setembro do ano passado e passou por diversas fases.\u00a0Com 640m\u00b2, a pra\u00e7a ganhou bancos em concreto e madeira, lixeiras, canteiros, rampas de acessibilidade, postes de ilumina\u00e7\u00e3o com toda fia\u00e7\u00e3o subterr\u00e2nea e um paisagismo que privilegiou esp\u00e9cies nativas da Mata Atl\u00e2ntica: mudas de ip\u00eas amarelos, roxos e tr\u00eas mudas de jacarand\u00e1.\u00a0\u00a0Nesta sexta-feira (26), a prefeitura vai trabalhar na finaliza\u00e7\u00e3o dos \u00faltimos detalhes de paisagismo e\u00a0na pintura no asfalto.<\/p>\n<p>&nbsp;<\/p>\n<p>O secret\u00e1rio municipal de Urbanismo, Renato Barandier, enfatizou a import\u00e2ncia da obra para a mobilidade de Niter\u00f3i.<\/p>\n<p>&nbsp;<\/p>\n<p>\u201cEssa pra\u00e7a \u00e9 uma obra prevista no Plano de Mobilidade e tem como objetivo resolver grande parte dos problemas que os moradores daqui vivenciam todos os dias na Av. Roberto Silveira, que \u00e9 a virada para a Rua Miguel de Frias. Hoje, essa curva opera acima da capacidade e gera um conflito com quem vem da Marqu\u00eas do Paran\u00e1 e da ponte em dire\u00e7\u00e3o a Icara\u00ed. A partir dessa obra, quem vem da pr\u00f3pria Roberto Silveira, pela manh\u00e3, como quem vem do Jardim Icara\u00ed ou de Santa Rosa n\u00e3o precisar\u00e1 ir at\u00e9 o Centro para acessar a Miguel de Frias na hora da revers\u00edvel\u201d, explicou o secret\u00e1rio.<\/p>\n<p>&nbsp;<\/p>\n<p>O presidente da Niter\u00f3i Transporte e Tr\u00e2nsito (NitTrans), Gilson Souza, lembrou que a pra\u00e7a tamb\u00e9m beneficiar\u00e1 ciclistas e pedestres.<\/p>\n<p>&nbsp;<\/p>\n<blockquote><p>\u201cA obra tamb\u00e9m beneficiar\u00e1 os ciclistas, que reclamam muito do tempo de travessia do sinal em frente ao Rio Cricket. Fizemos uma reorganiza\u00e7\u00e3o dos tempos de sinais e conseguimos ampliar o tempo de travessia deste sinal\u201d, destacou Gilson Souza.<\/p><\/blockquote>\n<p>&nbsp;<\/p>\n<p>Tamb\u00e9m participaram da vistoria os secret\u00e1rios municipais de Conserva\u00e7\u00e3o e Ordem P\u00fablica, Dayse Monassa; de Obras, Vicente Temperini; e o presidente da Empresa Municipal de Moradia, Urbaniza\u00e7\u00e3o e Saneamento (Emusa), Ant\u00f4nio Lourosa.<\/p>\n<p>&nbsp;<\/p>\n<h4>A pra\u00e7a<\/h4>\n<p>&nbsp;<\/p>\n<p><img decoding=\"async\" class=\"aligncenter size-full wp-image-6994\" src=\"https:\/\/folhadoleste.com.br\/wp-content\/uploads\/2023\/05\/Praca-na-Rua-Mem-de-Sa.jpg\" alt=\"\" width=\"1920\" height=\"1280\" \/><\/p>\n<p>&nbsp;<\/p>\n<p>A pra\u00e7a que integrar\u00e1 o novo quarteir\u00e3o da Rua\u00a0Mem\u00a0de\u00a0S\u00e1\u00a0com a Miguel\u00a0de\u00a0Frias levar\u00e1 o nome\u00a0de\u00a0Jos\u00e9 Bedran Sim\u00f5es. Falecido em 2021, Bedran foi um engenheiro que atuou na \u00e1rea\u00a0de\u00a0saneamento\u00a0de\u00a0Niter\u00f3i por muitos anos. Trabalhou na Cedae, foi consultor da \u00c1guas\u00a0de\u00a0Niter\u00f3i e professor da Universidade Federal Fluminense (UFF). Al\u00e9m disso, Bedran fez diversos projetos para a prefeitura, como o do mergulh\u00e3o da Marqu\u00eas\u00a0de\u00a0Paran\u00e1.<\/p>\n<p>&nbsp;<\/p>\n<p><em>Fotos: Bruno Eduardo Alves<\/em><\/p>\n<p>&nbsp;<\/p>","protected":false},"excerpt":{"rendered":"<p>A Prefeitura de Niter\u00f3i vai inaugurar, no pr\u00f3ximo s\u00e1bado (27), as obras na Rua\u00a0Mem\u00a0de\u00a0S\u00e1, em Icara\u00ed. Nesta quinta-feira (25), uma equipe da Prefeitura\u00a0de\u00a0Niter\u00f3i foi vistoriar o local, que passa pelos \u00faltimos detalhes da obra, que faz parte do Plano Niter\u00f3i 450 Anos.\u00a0O projeto vai beneficiar cerca\u00a0de\u00a020 mil pessoas por dia. &nbsp; O local ganhar\u00e1 uma pra\u00e7a que liga a Rua Castilho Fran\u00e7a \u00e0 Rua Miguel\u00a0de\u00a0Frias. O objetivo \u00e9 melhorar a mobilidade na regi\u00e3o, j\u00e1 que o acesso a Icara\u00ed vai ser facilitado com uma nova liga\u00e7\u00e3o da Rua Roberto Silveira com a Fagundes Varela, mesmo durante o hor\u00e1rio da faixa [&hellip;]<\/p>\n","protected":false},"author":4,"featured_media":6996,"comment_status":"open","ping_status":"open","sticky":false,"template":"","format":"standard","meta":{"footnotes":""},"categories":[5],"tags":[191,211,1777,4606,50,4605,730,98],"class_list":["post-6992","post","type-post","status-publish","format-standard","has-post-thumbnail","hentry","category-noticias-de-niteroi","tag-axel-grael","tag-centro","tag-icarai","tag-mem-de-sa","tag-niteroi","tag-onras","tag-transito","tag-zona-sul","post--single"],"yoast_head":"<!-- This site is optimized with the Yoast SEO plugin v27.4 - https:\/\/yoast.com\/product\/yoast-seo-wordpress\/ -->\n<title>Obras da Rua Mem de S\u00e1 ser\u00e3o entregues no s\u00e1bado (27) &#8226; Folha do Leste<\/title>\n<meta name=\"description\" content=\"A Prefeitura de Niter\u00f3i vai inaugurar, no pr\u00f3ximo s\u00e1bado (27), as obras na Rua\u00a0Mem\u00a0de\u00a0S\u00e1, em Icara\u00ed, Zona Sul da cidade.\" \/>\n<meta name=\"robots\" content=\"index, follow, max-snippet:-1, max-image-preview:large, max-video-preview:-1\" \/>\n<link rel=\"canonical\" href=\"https:\/\/folhadoleste.com.br\/en\/obras-da-rua-mem-de-sa-serao-entregues-no-sabado-27\/\" \/>\n<meta property=\"og:locale\" content=\"en_US\" \/>\n<meta property=\"og:type\" content=\"article\" \/>\n<meta property=\"og:title\" content=\"Obras da Rua Mem de S\u00e1 ser\u00e3o entregues no s\u00e1bado (27)\" \/>\n<meta property=\"og:description\" content=\"Saiba mais!\" \/>\n<meta property=\"og:url\" content=\"https:\/\/folhadoleste.com.br\/en\/obras-da-rua-mem-de-sa-serao-entregues-no-sabado-27\/\" \/>\n<meta property=\"og:site_name\" content=\"Folha do Leste\" \/>\n<meta property=\"article:publisher\" content=\"https:\/\/www.facebook.com\/folhadoleste\" \/>\n<meta property=\"article:published_time\" content=\"2023-05-25T21:38:48+00:00\" \/>\n<meta property=\"og:image\" content=\"https:\/\/folhadoleste.com.br\/wp-content\/uploads\/2023\/05\/Obras-Mem-de-Sa-Aerea.jpg\" \/>\n\t<meta property=\"og:image:width\" content=\"1920\" \/>\n\t<meta property=\"og:image:height\" content=\"1280\" \/>\n\t<meta property=\"og:image:type\" content=\"image\/jpeg\" \/>\n<meta name=\"author\" content=\"Folha do Leste\" \/>\n<meta name=\"twitter:card\" content=\"summary_large_image\" \/>\n<meta name=\"twitter:title\" content=\"Obras da Rua Mem de S\u00e1 ser\u00e3o entregues no s\u00e1bado (27)\" \/>\n<meta name=\"twitter:description\" content=\"Folha do Leste &#8226; Niter\u00f3i\" \/>\n<meta name=\"twitter:image\" content=\"https:\/\/folhadoleste.com.br\/wp-content\/uploads\/2023\/05\/Obras-Mem-de-Sa-Aerea.jpg\" \/>\n<meta name=\"twitter:creator\" content=\"@FolhadoLesteRJ\" \/>\n<meta name=\"twitter:site\" content=\"@FolhadoLesteRJ\" \/>\n<meta name=\"twitter:label1\" content=\"Written by\" \/>\n\t<meta name=\"twitter:data1\" content=\"Folha do Leste\" \/>\n\t<meta name=\"twitter:label2\" content=\"Est. reading time\" \/>\n\t<meta name=\"twitter:data2\" content=\"4 minutes\" \/>\n<script type=\"application\/ld+json\" class=\"yoast-schema-graph\">{\"@context\":\"https:\\\/\\\/schema.org\",\"@graph\":[{\"@type\":\"NewsArticle\",\"@id\":\"https:\\\/\\\/folhadoleste.com.br\\\/obras-da-rua-mem-de-sa-serao-entregues-no-sabado-27\\\/#article\",\"isPartOf\":{\"@id\":\"https:\\\/\\\/folhadoleste.com.br\\\/obras-da-rua-mem-de-sa-serao-entregues-no-sabado-27\\\/\"},\"author\":{\"name\":\"Folha do Leste\",\"@id\":\"https:\\\/\\\/folhadoleste.com.br\\\/#\\\/schema\\\/person\\\/3e97145b2e1861276e84471aa85a3899\"},\"headline\":\"Obras da Rua Mem de S\u00e1 ser\u00e3o entregues no s\u00e1bado (27)\",\"datePublished\":\"2023-05-25T21:38:48+00:00\",\"mainEntityOfPage\":{\"@id\":\"https:\\\/\\\/folhadoleste.com.br\\\/obras-da-rua-mem-de-sa-serao-entregues-no-sabado-27\\\/\"},\"wordCount\":665,\"commentCount\":0,\"publisher\":{\"@id\":\"https:\\\/\\\/folhadoleste.com.br\\\/#organization\"},\"image\":{\"@id\":\"https:\\\/\\\/folhadoleste.com.br\\\/obras-da-rua-mem-de-sa-serao-entregues-no-sabado-27\\\/#primaryimage\"},\"thumbnailUrl\":\"https:\\\/\\\/folhadoleste.com.br\\\/wp-content\\\/uploads\\\/2023\\\/05\\\/Obras-Mem-de-Sa-Aerea.jpg\",\"keywords\":[\"Axel Grael\",\"centro\",\"Icara\u00ed\",\"Mem de S\u00e1\",\"Niter\u00f3i\",\"Onras\",\"Tr\u00e2nsito\",\"Zona Sul\"],\"articleSection\":[\"Niter\u00f3i\"],\"inLanguage\":\"en-US\",\"potentialAction\":[{\"@type\":\"CommentAction\",\"name\":\"Comment\",\"target\":[\"https:\\\/\\\/folhadoleste.com.br\\\/obras-da-rua-mem-de-sa-serao-entregues-no-sabado-27\\\/#respond\"]}]},{\"@type\":\"WebPage\",\"@id\":\"https:\\\/\\\/folhadoleste.com.br\\\/obras-da-rua-mem-de-sa-serao-entregues-no-sabado-27\\\/\",\"url\":\"https:\\\/\\\/folhadoleste.com.br\\\/obras-da-rua-mem-de-sa-serao-entregues-no-sabado-27\\\/\",\"name\":\"Obras da Rua Mem de S\u00e1 ser\u00e3o entregues no s\u00e1bado (27) &#8226; Folha do Leste\",\"isPartOf\":{\"@id\":\"https:\\\/\\\/folhadoleste.com.br\\\/#website\"},\"primaryImageOfPage\":{\"@id\":\"https:\\\/\\\/folhadoleste.com.br\\\/obras-da-rua-mem-de-sa-serao-entregues-no-sabado-27\\\/#primaryimage\"},\"image\":{\"@id\":\"https:\\\/\\\/folhadoleste.com.br\\\/obras-da-rua-mem-de-sa-serao-entregues-no-sabado-27\\\/#primaryimage\"},\"thumbnailUrl\":\"https:\\\/\\\/folhadoleste.com.br\\\/wp-content\\\/uploads\\\/2023\\\/05\\\/Obras-Mem-de-Sa-Aerea.jpg\",\"datePublished\":\"2023-05-25T21:38:48+00:00\",\"description\":\"A Prefeitura de Niter\u00f3i vai inaugurar, no pr\u00f3ximo s\u00e1bado (27), as obras na Rua\u00a0Mem\u00a0de\u00a0S\u00e1, em Icara\u00ed, Zona Sul da cidade.\",\"breadcrumb\":{\"@id\":\"https:\\\/\\\/folhadoleste.com.br\\\/obras-da-rua-mem-de-sa-serao-entregues-no-sabado-27\\\/#breadcrumb\"},\"inLanguage\":\"en-US\",\"potentialAction\":[{\"@type\":\"ReadAction\",\"target\":[\"https:\\\/\\\/folhadoleste.com.br\\\/obras-da-rua-mem-de-sa-serao-entregues-no-sabado-27\\\/\"]}]},{\"@type\":\"ImageObject\",\"inLanguage\":\"en-US\",\"@id\":\"https:\\\/\\\/folhadoleste.com.br\\\/obras-da-rua-mem-de-sa-serao-entregues-no-sabado-27\\\/#primaryimage\",\"url\":\"https:\\\/\\\/folhadoleste.com.br\\\/wp-content\\\/uploads\\\/2023\\\/05\\\/Obras-Mem-de-Sa-Aerea.jpg\",\"contentUrl\":\"https:\\\/\\\/folhadoleste.com.br\\\/wp-content\\\/uploads\\\/2023\\\/05\\\/Obras-Mem-de-Sa-Aerea.jpg\",\"width\":1920,\"height\":1280},{\"@type\":\"BreadcrumbList\",\"@id\":\"https:\\\/\\\/folhadoleste.com.br\\\/obras-da-rua-mem-de-sa-serao-entregues-no-sabado-27\\\/#breadcrumb\",\"itemListElement\":[{\"@type\":\"ListItem\",\"position\":1,\"name\":\"In\u00edcio\",\"item\":\"https:\\\/\\\/folhadoleste.com.br\\\/\"},{\"@type\":\"ListItem\",\"position\":2,\"name\":\"Estado do Rio de Janeiro\",\"item\":\"https:\\\/\\\/folhadoleste.com.br\\\/category\\\/estado-do-rio-de-janeiro\\\/\"},{\"@type\":\"ListItem\",\"position\":3,\"name\":\"Leste Fluminense\",\"item\":\"https:\\\/\\\/folhadoleste.com.br\\\/category\\\/estado-do-rio-de-janeiro\\\/leste-fluminense\\\/\"},{\"@type\":\"ListItem\",\"position\":4,\"name\":\"Niter\u00f3i\",\"item\":\"https:\\\/\\\/folhadoleste.com.br\\\/category\\\/estado-do-rio-de-janeiro\\\/leste-fluminense\\\/noticias-de-niteroi\\\/\"},{\"@type\":\"ListItem\",\"position\":5,\"name\":\"Obras da Rua Mem de S\u00e1 ser\u00e3o entregues no s\u00e1bado (27)\"}]},{\"@type\":\"WebSite\",\"@id\":\"https:\\\/\\\/folhadoleste.com.br\\\/#website\",\"url\":\"https:\\\/\\\/folhadoleste.com.br\\\/\",\"name\":\"Folha do Leste\",\"description\":\"Portal de Not\u00edcias com \u00eanfase em Niter\u00f3i, criando conte\u00fados desde a capital Rio de Janeiro, com olhar para o Leste Fluminense e suas cidades como S\u00e3o Gon\u00e7alo, Itabora\u00ed, Rio Bonito, Maric\u00e1, Saquarema e Araruama\",\"publisher\":{\"@id\":\"https:\\\/\\\/folhadoleste.com.br\\\/#organization\"},\"alternateName\":\"FL\",\"potentialAction\":[{\"@type\":\"SearchAction\",\"target\":{\"@type\":\"EntryPoint\",\"urlTemplate\":\"https:\\\/\\\/folhadoleste.com.br\\\/?s={search_term_string}\"},\"query-input\":{\"@type\":\"PropertyValueSpecification\",\"valueRequired\":true,\"valueName\":\"search_term_string\"}}],\"inLanguage\":\"en-US\"},{\"@type\":\"Organization\",\"@id\":\"https:\\\/\\\/folhadoleste.com.br\\\/#organization\",\"name\":\"Brasil 21 Comunica\u00e7\u00e3o\",\"alternateName\":\"BR21\",\"url\":\"https:\\\/\\\/folhadoleste.com.br\\\/\",\"logo\":{\"@type\":\"ImageObject\",\"inLanguage\":\"en-US\",\"@id\":\"https:\\\/\\\/folhadoleste.com.br\\\/#\\\/schema\\\/logo\\\/image\\\/\",\"url\":\"https:\\\/\\\/folhadoleste.com.br\\\/wp-content\\\/uploads\\\/2025\\\/12\\\/brasil-21-logomarca.avif\",\"contentUrl\":\"https:\\\/\\\/folhadoleste.com.br\\\/wp-content\\\/uploads\\\/2025\\\/12\\\/brasil-21-logomarca.avif\",\"width\":1044,\"height\":1044,\"caption\":\"Brasil 21 Comunica\u00e7\u00e3o\"},\"image\":{\"@id\":\"https:\\\/\\\/folhadoleste.com.br\\\/#\\\/schema\\\/logo\\\/image\\\/\"},\"sameAs\":[\"https:\\\/\\\/www.facebook.com\\\/folhadoleste\",\"https:\\\/\\\/x.com\\\/FolhadoLesteRJ\",\"https:\\\/\\\/www.instagram.com\\\/folhadoleste\\\/\"]},{\"@type\":\"Person\",\"@id\":\"https:\\\/\\\/folhadoleste.com.br\\\/#\\\/schema\\\/person\\\/3e97145b2e1861276e84471aa85a3899\",\"name\":\"Folha do Leste\",\"image\":{\"@type\":\"ImageObject\",\"inLanguage\":\"en-US\",\"@id\":\"https:\\\/\\\/folhadoleste.com.br\\\/wp-content\\\/litespeed\\\/avatar\\\/1ca8c218432e7045e748610eb3db0259.jpg?ver=1777161142\",\"url\":\"https:\\\/\\\/folhadoleste.com.br\\\/wp-content\\\/litespeed\\\/avatar\\\/1ca8c218432e7045e748610eb3db0259.jpg?ver=1777161142\",\"contentUrl\":\"https:\\\/\\\/folhadoleste.com.br\\\/wp-content\\\/litespeed\\\/avatar\\\/1ca8c218432e7045e748610eb3db0259.jpg?ver=1777161142\",\"caption\":\"Folha do Leste\"},\"url\":\"https:\\\/\\\/folhadoleste.com.br\\\/en\\\/author\\\/reportagem-01\\\/\"}]}<\/script>\n<!-- \/ Yoast SEO plugin. -->","yoast_head_json":{"title":"Obras da Rua Mem de S\u00e1 ser\u00e3o entregues no s\u00e1bado (27) &#8226; Folha do Leste","description":"A Prefeitura de Niter\u00f3i vai inaugurar, no pr\u00f3ximo s\u00e1bado (27), as obras na Rua\u00a0Mem\u00a0de\u00a0S\u00e1, em Icara\u00ed, Zona Sul da cidade.","robots":{"index":"index","follow":"follow","max-snippet":"max-snippet:-1","max-image-preview":"max-image-preview:large","max-video-preview":"max-video-preview:-1"},"canonical":"https:\/\/folhadoleste.com.br\/en\/obras-da-rua-mem-de-sa-serao-entregues-no-sabado-27\/","og_locale":"en_US","og_type":"article","og_title":"Obras da Rua Mem de S\u00e1 ser\u00e3o entregues no s\u00e1bado (27)","og_description":"Saiba mais!","og_url":"https:\/\/folhadoleste.com.br\/en\/obras-da-rua-mem-de-sa-serao-entregues-no-sabado-27\/","og_site_name":"Folha do Leste","article_publisher":"https:\/\/www.facebook.com\/folhadoleste","article_published_time":"2023-05-25T21:38:48+00:00","og_image":[{"width":1920,"height":1280,"url":"https:\/\/folhadoleste.com.br\/wp-content\/uploads\/2023\/05\/Obras-Mem-de-Sa-Aerea.jpg","type":"image\/jpeg"}],"author":"Folha do Leste","twitter_card":"summary_large_image","twitter_title":"Obras da Rua Mem de S\u00e1 ser\u00e3o entregues no s\u00e1bado (27)","twitter_description":"Folha do Leste &#8226; Niter\u00f3i","twitter_image":"https:\/\/folhadoleste.com.br\/wp-content\/uploads\/2023\/05\/Obras-Mem-de-Sa-Aerea.jpg","twitter_creator":"@FolhadoLesteRJ","twitter_site":"@FolhadoLesteRJ","twitter_misc":{"Written by":"Folha do Leste","Est. reading time":"4 minutes"},"schema":{"@context":"https:\/\/schema.org","@graph":[{"@type":"NewsArticle","@id":"https:\/\/folhadoleste.com.br\/obras-da-rua-mem-de-sa-serao-entregues-no-sabado-27\/#article","isPartOf":{"@id":"https:\/\/folhadoleste.com.br\/obras-da-rua-mem-de-sa-serao-entregues-no-sabado-27\/"},"author":{"name":"Folha do Leste","@id":"https:\/\/folhadoleste.com.br\/#\/schema\/person\/3e97145b2e1861276e84471aa85a3899"},"headline":"Obras da Rua Mem de S\u00e1 ser\u00e3o entregues no s\u00e1bado (27)","datePublished":"2023-05-25T21:38:48+00:00","mainEntityOfPage":{"@id":"https:\/\/folhadoleste.com.br\/obras-da-rua-mem-de-sa-serao-entregues-no-sabado-27\/"},"wordCount":665,"commentCount":0,"publisher":{"@id":"https:\/\/folhadoleste.com.br\/#organization"},"image":{"@id":"https:\/\/folhadoleste.com.br\/obras-da-rua-mem-de-sa-serao-entregues-no-sabado-27\/#primaryimage"},"thumbnailUrl":"https:\/\/folhadoleste.com.br\/wp-content\/uploads\/2023\/05\/Obras-Mem-de-Sa-Aerea.jpg","keywords":["Axel Grael","centro","Icara\u00ed","Mem de S\u00e1","Niter\u00f3i","Onras","Tr\u00e2nsito","Zona Sul"],"articleSection":["Niter\u00f3i"],"inLanguage":"en-US","potentialAction":[{"@type":"CommentAction","name":"Comment","target":["https:\/\/folhadoleste.com.br\/obras-da-rua-mem-de-sa-serao-entregues-no-sabado-27\/#respond"]}]},{"@type":"WebPage","@id":"https:\/\/folhadoleste.com.br\/obras-da-rua-mem-de-sa-serao-entregues-no-sabado-27\/","url":"https:\/\/folhadoleste.com.br\/obras-da-rua-mem-de-sa-serao-entregues-no-sabado-27\/","name":"Obras da Rua Mem de S\u00e1 ser\u00e3o entregues no s\u00e1bado (27) &#8226; Folha do Leste","isPartOf":{"@id":"https:\/\/folhadoleste.com.br\/#website"},"primaryImageOfPage":{"@id":"https:\/\/folhadoleste.com.br\/obras-da-rua-mem-de-sa-serao-entregues-no-sabado-27\/#primaryimage"},"image":{"@id":"https:\/\/folhadoleste.com.br\/obras-da-rua-mem-de-sa-serao-entregues-no-sabado-27\/#primaryimage"},"thumbnailUrl":"https:\/\/folhadoleste.com.br\/wp-content\/uploads\/2023\/05\/Obras-Mem-de-Sa-Aerea.jpg","datePublished":"2023-05-25T21:38:48+00:00","description":"A Prefeitura de Niter\u00f3i vai inaugurar, no pr\u00f3ximo s\u00e1bado (27), as obras na Rua\u00a0Mem\u00a0de\u00a0S\u00e1, em Icara\u00ed, Zona Sul da cidade.","breadcrumb":{"@id":"https:\/\/folhadoleste.com.br\/obras-da-rua-mem-de-sa-serao-entregues-no-sabado-27\/#breadcrumb"},"inLanguage":"en-US","potentialAction":[{"@type":"ReadAction","target":["https:\/\/folhadoleste.com.br\/obras-da-rua-mem-de-sa-serao-entregues-no-sabado-27\/"]}]},{"@type":"ImageObject","inLanguage":"en-US","@id":"https:\/\/folhadoleste.com.br\/obras-da-rua-mem-de-sa-serao-entregues-no-sabado-27\/#primaryimage","url":"https:\/\/folhadoleste.com.br\/wp-content\/uploads\/2023\/05\/Obras-Mem-de-Sa-Aerea.jpg","contentUrl":"https:\/\/folhadoleste.com.br\/wp-content\/uploads\/2023\/05\/Obras-Mem-de-Sa-Aerea.jpg","width":1920,"height":1280},{"@type":"BreadcrumbList","@id":"https:\/\/folhadoleste.com.br\/obras-da-rua-mem-de-sa-serao-entregues-no-sabado-27\/#breadcrumb","itemListElement":[{"@type":"ListItem","position":1,"name":"In\u00edcio","item":"https:\/\/folhadoleste.com.br\/"},{"@type":"ListItem","position":2,"name":"Estado do Rio de Janeiro","item":"https:\/\/folhadoleste.com.br\/category\/estado-do-rio-de-janeiro\/"},{"@type":"ListItem","position":3,"name":"Leste Fluminense","item":"https:\/\/folhadoleste.com.br\/category\/estado-do-rio-de-janeiro\/leste-fluminense\/"},{"@type":"ListItem","position":4,"name":"Niter\u00f3i","item":"https:\/\/folhadoleste.com.br\/category\/estado-do-rio-de-janeiro\/leste-fluminense\/noticias-de-niteroi\/"},{"@type":"ListItem","position":5,"name":"Obras da Rua Mem de S\u00e1 ser\u00e3o entregues no s\u00e1bado (27)"}]},{"@type":"WebSite","@id":"https:\/\/folhadoleste.com.br\/#website","url":"https:\/\/folhadoleste.com.br\/","name":"Folha do Leste","description":"Portal de Not\u00edcias com \u00eanfase em Niter\u00f3i, criando conte\u00fados desde a capital Rio de Janeiro, com olhar para o Leste Fluminense e suas cidades como S\u00e3o Gon\u00e7alo, Itabora\u00ed, Rio Bonito, Maric\u00e1, Saquarema e Araruama","publisher":{"@id":"https:\/\/folhadoleste.com.br\/#organization"},"alternateName":"FL","potentialAction":[{"@type":"SearchAction","target":{"@type":"EntryPoint","urlTemplate":"https:\/\/folhadoleste.com.br\/?s={search_term_string}"},"query-input":{"@type":"PropertyValueSpecification","valueRequired":true,"valueName":"search_term_string"}}],"inLanguage":"en-US"},{"@type":"Organization","@id":"https:\/\/folhadoleste.com.br\/#organization","name":"Brasil 21 Comunica\u00e7\u00e3o","alternateName":"BR21","url":"https:\/\/folhadoleste.com.br\/","logo":{"@type":"ImageObject","inLanguage":"en-US","@id":"https:\/\/folhadoleste.com.br\/#\/schema\/logo\/image\/","url":"https:\/\/folhadoleste.com.br\/wp-content\/uploads\/2025\/12\/brasil-21-logomarca.avif","contentUrl":"https:\/\/folhadoleste.com.br\/wp-content\/uploads\/2025\/12\/brasil-21-logomarca.avif","width":1044,"height":1044,"caption":"Brasil 21 Comunica\u00e7\u00e3o"},"image":{"@id":"https:\/\/folhadoleste.com.br\/#\/schema\/logo\/image\/"},"sameAs":["https:\/\/www.facebook.com\/folhadoleste","https:\/\/x.com\/FolhadoLesteRJ","https:\/\/www.instagram.com\/folhadoleste\/"]},{"@type":"Person","@id":"https:\/\/folhadoleste.com.br\/#\/schema\/person\/3e97145b2e1861276e84471aa85a3899","name":"Folha do Leste","image":{"@type":"ImageObject","inLanguage":"en-US","@id":"https:\/\/folhadoleste.com.br\/wp-content\/litespeed\/avatar\/1ca8c218432e7045e748610eb3db0259.jpg?ver=1777161142","url":"https:\/\/folhadoleste.com.br\/wp-content\/litespeed\/avatar\/1ca8c218432e7045e748610eb3db0259.jpg?ver=1777161142","contentUrl":"https:\/\/folhadoleste.com.br\/wp-content\/litespeed\/avatar\/1ca8c218432e7045e748610eb3db0259.jpg?ver=1777161142","caption":"Folha do Leste"},"url":"https:\/\/folhadoleste.com.br\/en\/author\/reportagem-01\/"}]}},"_links":{"self":[{"href":"https:\/\/folhadoleste.com.br\/en\/wp-json\/wp\/v2\/posts\/6992","targetHints":{"allow":["GET"]}}],"collection":[{"href":"https:\/\/folhadoleste.com.br\/en\/wp-json\/wp\/v2\/posts"}],"about":[{"href":"https:\/\/folhadoleste.com.br\/en\/wp-json\/wp\/v2\/types\/post"}],"author":[{"embeddable":true,"href":"https:\/\/folhadoleste.com.br\/en\/wp-json\/wp\/v2\/users\/4"}],"replies":[{"embeddable":true,"href":"https:\/\/folhadoleste.com.br\/en\/wp-json\/wp\/v2\/comments?post=6992"}],"version-history":[{"count":1,"href":"https:\/\/folhadoleste.com.br\/en\/wp-json\/wp\/v2\/posts\/6992\/revisions"}],"predecessor-version":[{"id":6997,"href":"https:\/\/folhadoleste.com.br\/en\/wp-json\/wp\/v2\/posts\/6992\/revisions\/6997"}],"wp:featuredmedia":[{"embeddable":true,"href":"https:\/\/folhadoleste.com.br\/en\/wp-json\/wp\/v2\/media\/6996"}],"wp:attachment":[{"href":"https:\/\/folhadoleste.com.br\/en\/wp-json\/wp\/v2\/media?parent=6992"}],"wp:term":[{"taxonomy":"category","embeddable":true,"href":"https:\/\/folhadoleste.com.br\/en\/wp-json\/wp\/v2\/categories?post=6992"},{"taxonomy":"post_tag","embeddable":true,"href":"https:\/\/folhadoleste.com.br\/en\/wp-json\/wp\/v2\/tags?post=6992"}],"curies":[{"name":"wp","href":"https:\/\/api.w.org\/{rel}","templated":true}]}}