{"id":69566,"date":"2024-06-05T17:24:48","date_gmt":"2024-06-05T20:24:48","guid":{"rendered":"https:\/\/folhadoleste.com.br\/?p=69566"},"modified":"2024-06-05T17:24:48","modified_gmt":"2024-06-05T20:24:48","slug":"supervia-e-governo-do-rio-decidem-futuro-dos-trens","status":"publish","type":"post","link":"https:\/\/folhadoleste.com.br\/en\/supervia-e-governo-do-rio-decidem-futuro-dos-trens\/","title":{"rendered":"Supervia e Governo do Rio decidem futuro dos trens"},"content":{"rendered":"<div id=\"attachment_69568\" style=\"width: 1210px\" class=\"wp-caption aligncenter\"><a href=\"https:\/\/folhadoleste.com.br\/wp-content\/uploads\/2024\/06\/Supervia-e-Governo-do-Rio-decidem-futuro-dos-trens-Foto-Divulgacao.webp\"><img decoding=\"async\" aria-describedby=\"caption-attachment-69568\" class=\"size-full wp-image-69568\" src=\"https:\/\/folhadoleste.com.br\/wp-content\/uploads\/2024\/06\/Supervia-e-Governo-do-Rio-decidem-futuro-dos-trens-Foto-Divulgacao.webp\" alt=\"Supervia e Governo do Rio decidem futuro dos trens\" width=\"1200\" height=\"750\" \/><\/a><p id=\"caption-attachment-69568\" class=\"wp-caption-text\">Supervia e Governo do Rio decidem futuro dos trens | Divulga\u00e7\u00e3o<\/p><\/div>\n<p style=\"text-align: justify;\" data-sourcepos=\"9:1-9:399\">A inspe\u00e7\u00e3o realizada pela 6\u00aa Vara Empresarial do Rio de Janeiro revelou a delicada situa\u00e7\u00e3o da Supervia. A empresa enfrenta d\u00edvidas milion\u00e1rias e um d\u00e9ficit crescente, colocando em xeque sua capacidade de manter a opera\u00e7\u00e3o. A poss\u00edvel fal\u00eancia da concession\u00e1ria geraria um caos no sistema de transporte p\u00fablico da regi\u00e3o metropolitana, afetando centenas de milhares de pessoas.<\/p>\n<h6><span style=\"color: #ff0000;\"><strong>+<\/strong><\/span> <span style=\"color: #000000;\">LEIA TAMB\u00c9M: \u25ba<\/span><a href=\"https:\/\/folhadoleste.com.br\/en\/suspeita-de-envenenar-namorado-com-brigadeiro-e-presa\/\"><strong>Suspeita de envenenar namorado com brigadeiro \u00e9 presa<\/strong><\/a><\/h6>\n<p style=\"text-align: justify;\" data-sourcepos=\"11:1-11:306\">Diante da crise, a per\u00edcia busca solu\u00e7\u00f5es para garantir a continuidade do servi\u00e7o de trens, mesmo diante das dificuldades financeiras da Supervia. O plano alternativo visa identificar medidas para manter a opera\u00e7\u00e3o funcionando, assegurando o transporte da popula\u00e7\u00e3o sem interrup\u00e7\u00f5es.<\/p>\n<p style=\"text-align: justify;\" data-sourcepos=\"13:1-13:97\">A concession\u00e1ria pede ao governo do Rio indeniza\u00e7\u00e3o de R$ 1,2 bilh\u00e3o para evitar a fal\u00eancia. O valor inclui reajustes de tarifas n\u00e3o aplicados, perdas devido \u00e0 pandemia de Covid-19 e ressarcimento por interrup\u00e7\u00f5es no servi\u00e7o por motivos de seguran\u00e7a.<\/p>\n<h6 style=\"text-align: center;\"><span style=\"color: #000000;\"><span style=\"color: #ff0000;\"><strong>+ <\/strong><\/span><\/span><span style=\"color: #000000;\"><strong><span style=\"color: #ff9900;\">MAIS NOT\u00cdCIAS DO ESTADO DO RIO DE JANEIRO?<\/span> <span style=\"color: #008080;\"><a style=\"color: #008080;\" href=\"https:\/\/folhadoleste.com.br\/en\/category\/estado-do-rio-de-janeiro\/\">CLIQUE AQUI<\/a><\/span><\/strong><\/span><\/h6>\n<p style=\"text-align: justify;\" data-sourcepos=\"15:1-15:269\">O governo do Rio, por sua vez, nega a inten\u00e7\u00e3o de fornecer ajuda financeira imediata ou reestruturar o contrato de concess\u00e3o da Supervia. Afirma que a busca por um novo operador pode levar at\u00e9 180 dias, tempo que a empresa possivelmente n\u00e3o tem.<\/p>\n<h6><span style=\"color: #ff0000;\"><strong>+<\/strong><\/span> <span style=\"color: #000000;\">LEIA TAMB\u00c9M: \u25ba<\/span><a href=\"https:\/\/folhadoleste.com.br\/en\/rir-e-o-melhor-remedio-helio-de-la-pena-em-niteroi\/\"><strong>Rir \u00e9 o melhor rem\u00e9dio: Helio de La Pe\u00f1a em Niter\u00f3i<\/strong><\/a><\/h6>\n<p style=\"text-align: justify;\" data-sourcepos=\"17:1-17:303\">A audi\u00eancia do dia 27 de junho ser\u00e1 crucial para definir o futuro dos trens no Rio de Janeiro. A Justi\u00e7a analisar\u00e1 os resultados da per\u00edcia e as propostas apresentadas pelas partes, buscando uma solu\u00e7\u00e3o que garanta a continuidade do servi\u00e7o e atenda \u00e0s necessidades da popula\u00e7\u00e3o.<\/p>\n<p data-sourcepos=\"17:1-17:303\"><a href=\"https:\/\/folhadoleste.com.br\/wp-content\/uploads\/2024\/05\/Ajude-o-Rio-Grande-do-Sul-Campanha-Oficial-Folha-do-Leste.jpg\"><img decoding=\"async\" class=\"aligncenter size-full wp-image-64672\" src=\"https:\/\/folhadoleste.com.br\/wp-content\/uploads\/2024\/05\/Ajude-o-Rio-Grande-do-Sul-Campanha-Oficial-Folha-do-Leste.jpg\" alt=\"\" width=\"728\" height=\"250\" \/><\/a><\/p>\n<p data-sourcepos=\"17:1-17:303\">\n<p data-sourcepos=\"17:1-17:303\"><a href=\"https:\/\/www.instagram.com\/folhadoleste\/\"><img decoding=\"async\" class=\"aligncenter wp-image-15962\" src=\"https:\/\/folhadoleste.com.br\/wp-content\/uploads\/2023\/07\/instagram.jpg.webp\" alt=\"Itaipu-Itaipua\u00e7u: Caminh\u00e3o causa grave acidente na RJ-102, a estrada da Serrinha\" width=\"49\" height=\"49\" \/><\/a><a href=\"https:\/\/www.facebook.com\/folhadoleste\"><img decoding=\"async\" class=\"aligncenter wp-image-7424\" src=\"https:\/\/folhadoleste.com.br\/wp-content\/uploads\/2023\/05\/facebook-logo-3-1.png.webp\" alt=\"Itaipu-Itaipua\u00e7u: Caminh\u00e3o causa grave acidente na RJ-102, a estrada da Serrinha\" width=\"49\" height=\"49\" \/><\/a><\/p>","protected":false},"excerpt":{"rendered":"<p>A inspe\u00e7\u00e3o realizada pela 6\u00aa Vara Empresarial do Rio de Janeiro revelou a delicada situa\u00e7\u00e3o da Supervia. A empresa enfrenta d\u00edvidas milion\u00e1rias e um d\u00e9ficit crescente, colocando em xeque sua capacidade de manter a opera\u00e7\u00e3o. A poss\u00edvel fal\u00eancia da concession\u00e1ria geraria um caos no sistema de transporte p\u00fablico da regi\u00e3o metropolitana, afetando centenas de milhares de pessoas. + LEIA TAMB\u00c9M: \u25baSuspeita de envenenar namorado com brigadeiro \u00e9 presa Diante da crise, a per\u00edcia busca solu\u00e7\u00f5es para garantir a continuidade do servi\u00e7o de trens, mesmo diante das dificuldades financeiras da Supervia. O plano alternativo visa identificar medidas para manter a opera\u00e7\u00e3o [&hellip;]<\/p>\n","protected":false},"author":4,"featured_media":69568,"comment_status":"open","ping_status":"open","sticky":false,"template":"","format":"standard","meta":{"footnotes":""},"categories":[46],"tags":[432,4733,3052,600,3492,18191,5415,4567,299,697,355,15959,10102,93,28106,5147,2270],"class_list":["post-69566","post","type-post","status-publish","format-standard","has-post-thumbnail","hentry","category-estado-do-rio-de-janeiro","tag-concessao","tag-crise","tag-dividas","tag-estado-do-rio","tag-falencia","tag-falha","tag-governo-do-rio","tag-indenizacao","tag-investimentos","tag-justica","tag-metro","tag-passageiros","tag-pericia","tag-rio-de-janeiro","tag-tarifas","tag-transporte-publico","tag-trens","post--single"],"yoast_head":"<!-- This site is optimized with the Yoast SEO plugin v27.4 - https:\/\/yoast.com\/product\/yoast-seo-wordpress\/ -->\n<title>Supervia e Governo do Rio decidem futuro dos trens &#8226; Folha do Leste<\/title>\n<meta name=\"description\" content=\"Supervia e Governo do Rio decidem futuro dos trens. Uma audi\u00eancia no dia 27 de junho definir\u00e1 o destino da Supervia, que enfrenta uma grave...\" \/>\n<meta name=\"robots\" content=\"index, follow, max-snippet:-1, max-image-preview:large, max-video-preview:-1\" \/>\n<link rel=\"canonical\" href=\"https:\/\/folhadoleste.com.br\/en\/supervia-e-governo-do-rio-decidem-futuro-dos-trens\/\" \/>\n<meta property=\"og:locale\" content=\"en_US\" \/>\n<meta property=\"og:type\" content=\"article\" \/>\n<meta property=\"og:title\" content=\"Supervia e Governo do Rio decidem futuro dos trens &#8226; Folha do Leste\" \/>\n<meta property=\"og:description\" content=\"Estado do Rio de Janeiro &#8226; 5 de June de 2024 &#8226; Folha do Leste\" \/>\n<meta property=\"og:url\" content=\"https:\/\/folhadoleste.com.br\/en\/supervia-e-governo-do-rio-decidem-futuro-dos-trens\/\" \/>\n<meta property=\"og:site_name\" content=\"Folha do Leste\" \/>\n<meta property=\"article:publisher\" content=\"https:\/\/www.facebook.com\/folhadoleste\" \/>\n<meta property=\"article:published_time\" content=\"2024-06-05T20:24:48+00:00\" \/>\n<meta property=\"og:image\" content=\"https:\/\/folhadoleste.com.br\/wp-content\/uploads\/2024\/06\/Supervia-e-Governo-do-Rio-decidem-futuro-dos-trens-Foto-Divulgacao.webp\" \/>\n\t<meta property=\"og:image:width\" content=\"1200\" \/>\n\t<meta property=\"og:image:height\" content=\"750\" \/>\n\t<meta property=\"og:image:type\" content=\"image\/webp\" \/>\n<meta name=\"author\" content=\"Folha do Leste\" \/>\n<meta name=\"twitter:card\" content=\"summary_large_image\" \/>\n<meta name=\"twitter:creator\" content=\"@FolhadoLesteRJ\" \/>\n<meta name=\"twitter:site\" content=\"@FolhadoLesteRJ\" \/>\n<meta name=\"twitter:label1\" content=\"Written by\" \/>\n\t<meta name=\"twitter:data1\" content=\"Folha do Leste\" \/>\n\t<meta name=\"twitter:label2\" content=\"Est. reading time\" \/>\n\t<meta name=\"twitter:data2\" content=\"3 minutes\" \/>\n<script type=\"application\/ld+json\" class=\"yoast-schema-graph\">{\"@context\":\"https:\\\/\\\/schema.org\",\"@graph\":[{\"@type\":\"NewsArticle\",\"@id\":\"https:\\\/\\\/folhadoleste.com.br\\\/supervia-e-governo-do-rio-decidem-futuro-dos-trens\\\/#article\",\"isPartOf\":{\"@id\":\"https:\\\/\\\/folhadoleste.com.br\\\/supervia-e-governo-do-rio-decidem-futuro-dos-trens\\\/\"},\"author\":{\"name\":\"Folha do Leste\",\"@id\":\"https:\\\/\\\/folhadoleste.com.br\\\/#\\\/schema\\\/person\\\/3e97145b2e1861276e84471aa85a3899\"},\"headline\":\"Supervia e Governo do Rio decidem futuro dos trens\",\"datePublished\":\"2024-06-05T20:24:48+00:00\",\"mainEntityOfPage\":{\"@id\":\"https:\\\/\\\/folhadoleste.com.br\\\/supervia-e-governo-do-rio-decidem-futuro-dos-trens\\\/\"},\"wordCount\":320,\"commentCount\":0,\"publisher\":{\"@id\":\"https:\\\/\\\/folhadoleste.com.br\\\/#organization\"},\"image\":{\"@id\":\"https:\\\/\\\/folhadoleste.com.br\\\/supervia-e-governo-do-rio-decidem-futuro-dos-trens\\\/#primaryimage\"},\"thumbnailUrl\":\"https:\\\/\\\/folhadoleste.com.br\\\/wp-content\\\/uploads\\\/2024\\\/06\\\/Supervia-e-Governo-do-Rio-decidem-futuro-dos-trens-Foto-Divulgacao.webp\",\"keywords\":[\"concess\u00e3o\",\"Crise\",\"Dividas\",\"estado do rio\",\"fal\u00eancia\",\"Falha\",\"Governo do Rio\",\"Indeniza\u00e7\u00e3o\",\"investimentos\",\"Justi\u00e7a\",\"metr\u00f4\",\"Passageiros\",\"per\u00edcia\",\"Rio de Janeiro\",\"tarifas\",\"transporte p\u00fablico\",\"trens\"],\"articleSection\":[\"Estado do Rio de Janeiro\"],\"inLanguage\":\"en-US\",\"potentialAction\":[{\"@type\":\"CommentAction\",\"name\":\"Comment\",\"target\":[\"https:\\\/\\\/folhadoleste.com.br\\\/supervia-e-governo-do-rio-decidem-futuro-dos-trens\\\/#respond\"]}]},{\"@type\":\"WebPage\",\"@id\":\"https:\\\/\\\/folhadoleste.com.br\\\/supervia-e-governo-do-rio-decidem-futuro-dos-trens\\\/\",\"url\":\"https:\\\/\\\/folhadoleste.com.br\\\/supervia-e-governo-do-rio-decidem-futuro-dos-trens\\\/\",\"name\":\"Supervia e Governo do Rio decidem futuro dos trens &#8226; Folha do Leste\",\"isPartOf\":{\"@id\":\"https:\\\/\\\/folhadoleste.com.br\\\/#website\"},\"primaryImageOfPage\":{\"@id\":\"https:\\\/\\\/folhadoleste.com.br\\\/supervia-e-governo-do-rio-decidem-futuro-dos-trens\\\/#primaryimage\"},\"image\":{\"@id\":\"https:\\\/\\\/folhadoleste.com.br\\\/supervia-e-governo-do-rio-decidem-futuro-dos-trens\\\/#primaryimage\"},\"thumbnailUrl\":\"https:\\\/\\\/folhadoleste.com.br\\\/wp-content\\\/uploads\\\/2024\\\/06\\\/Supervia-e-Governo-do-Rio-decidem-futuro-dos-trens-Foto-Divulgacao.webp\",\"datePublished\":\"2024-06-05T20:24:48+00:00\",\"description\":\"Supervia e Governo do Rio decidem futuro dos trens. Uma audi\u00eancia no dia 27 de junho definir\u00e1 o destino da Supervia, que enfrenta uma grave...\",\"breadcrumb\":{\"@id\":\"https:\\\/\\\/folhadoleste.com.br\\\/supervia-e-governo-do-rio-decidem-futuro-dos-trens\\\/#breadcrumb\"},\"inLanguage\":\"en-US\",\"potentialAction\":[{\"@type\":\"ReadAction\",\"target\":[\"https:\\\/\\\/folhadoleste.com.br\\\/supervia-e-governo-do-rio-decidem-futuro-dos-trens\\\/\"]}]},{\"@type\":\"ImageObject\",\"inLanguage\":\"en-US\",\"@id\":\"https:\\\/\\\/folhadoleste.com.br\\\/supervia-e-governo-do-rio-decidem-futuro-dos-trens\\\/#primaryimage\",\"url\":\"https:\\\/\\\/folhadoleste.com.br\\\/wp-content\\\/uploads\\\/2024\\\/06\\\/Supervia-e-Governo-do-Rio-decidem-futuro-dos-trens-Foto-Divulgacao.webp\",\"contentUrl\":\"https:\\\/\\\/folhadoleste.com.br\\\/wp-content\\\/uploads\\\/2024\\\/06\\\/Supervia-e-Governo-do-Rio-decidem-futuro-dos-trens-Foto-Divulgacao.webp\",\"width\":1200,\"height\":750,\"caption\":\"Supervia e Governo do Rio decidem futuro dos trens | Divulga\u00e7\u00e3o\"},{\"@type\":\"BreadcrumbList\",\"@id\":\"https:\\\/\\\/folhadoleste.com.br\\\/supervia-e-governo-do-rio-decidem-futuro-dos-trens\\\/#breadcrumb\",\"itemListElement\":[{\"@type\":\"ListItem\",\"position\":1,\"name\":\"In\u00edcio\",\"item\":\"https:\\\/\\\/folhadoleste.com.br\\\/\"},{\"@type\":\"ListItem\",\"position\":2,\"name\":\"Estado do Rio de Janeiro\",\"item\":\"https:\\\/\\\/folhadoleste.com.br\\\/category\\\/estado-do-rio-de-janeiro\\\/\"},{\"@type\":\"ListItem\",\"position\":3,\"name\":\"Supervia e Governo do Rio decidem futuro dos trens\"}]},{\"@type\":\"WebSite\",\"@id\":\"https:\\\/\\\/folhadoleste.com.br\\\/#website\",\"url\":\"https:\\\/\\\/folhadoleste.com.br\\\/\",\"name\":\"Folha do Leste\",\"description\":\"Portal de Not\u00edcias com \u00eanfase em Niter\u00f3i, criando conte\u00fados desde a capital Rio de Janeiro, com olhar para o Leste Fluminense e suas cidades como S\u00e3o Gon\u00e7alo, Itabora\u00ed, Rio Bonito, Maric\u00e1, Saquarema e Araruama\",\"publisher\":{\"@id\":\"https:\\\/\\\/folhadoleste.com.br\\\/#organization\"},\"alternateName\":\"FL\",\"potentialAction\":[{\"@type\":\"SearchAction\",\"target\":{\"@type\":\"EntryPoint\",\"urlTemplate\":\"https:\\\/\\\/folhadoleste.com.br\\\/?s={search_term_string}\"},\"query-input\":{\"@type\":\"PropertyValueSpecification\",\"valueRequired\":true,\"valueName\":\"search_term_string\"}}],\"inLanguage\":\"en-US\"},{\"@type\":\"Organization\",\"@id\":\"https:\\\/\\\/folhadoleste.com.br\\\/#organization\",\"name\":\"Brasil 21 Comunica\u00e7\u00e3o\",\"alternateName\":\"BR21\",\"url\":\"https:\\\/\\\/folhadoleste.com.br\\\/\",\"logo\":{\"@type\":\"ImageObject\",\"inLanguage\":\"en-US\",\"@id\":\"https:\\\/\\\/folhadoleste.com.br\\\/#\\\/schema\\\/logo\\\/image\\\/\",\"url\":\"https:\\\/\\\/folhadoleste.com.br\\\/wp-content\\\/uploads\\\/2025\\\/12\\\/brasil-21-logomarca.avif\",\"contentUrl\":\"https:\\\/\\\/folhadoleste.com.br\\\/wp-content\\\/uploads\\\/2025\\\/12\\\/brasil-21-logomarca.avif\",\"width\":1044,\"height\":1044,\"caption\":\"Brasil 21 Comunica\u00e7\u00e3o\"},\"image\":{\"@id\":\"https:\\\/\\\/folhadoleste.com.br\\\/#\\\/schema\\\/logo\\\/image\\\/\"},\"sameAs\":[\"https:\\\/\\\/www.facebook.com\\\/folhadoleste\",\"https:\\\/\\\/x.com\\\/FolhadoLesteRJ\",\"https:\\\/\\\/www.instagram.com\\\/folhadoleste\\\/\"]},{\"@type\":\"Person\",\"@id\":\"https:\\\/\\\/folhadoleste.com.br\\\/#\\\/schema\\\/person\\\/3e97145b2e1861276e84471aa85a3899\",\"name\":\"Folha do Leste\",\"image\":{\"@type\":\"ImageObject\",\"inLanguage\":\"en-US\",\"@id\":\"https:\\\/\\\/folhadoleste.com.br\\\/wp-content\\\/litespeed\\\/avatar\\\/1ca8c218432e7045e748610eb3db0259.jpg?ver=1777161142\",\"url\":\"https:\\\/\\\/folhadoleste.com.br\\\/wp-content\\\/litespeed\\\/avatar\\\/1ca8c218432e7045e748610eb3db0259.jpg?ver=1777161142\",\"contentUrl\":\"https:\\\/\\\/folhadoleste.com.br\\\/wp-content\\\/litespeed\\\/avatar\\\/1ca8c218432e7045e748610eb3db0259.jpg?ver=1777161142\",\"caption\":\"Folha do Leste\"},\"url\":\"https:\\\/\\\/folhadoleste.com.br\\\/en\\\/author\\\/reportagem-01\\\/\"}]}<\/script>\n<!-- \/ Yoast SEO plugin. -->","yoast_head_json":{"title":"Supervia e Governo do Rio decidem futuro dos trens &#8226; Folha do Leste","description":"Supervia e Governo do Rio decidem futuro dos trens. Uma audi\u00eancia no dia 27 de junho definir\u00e1 o destino da Supervia, que enfrenta uma grave...","robots":{"index":"index","follow":"follow","max-snippet":"max-snippet:-1","max-image-preview":"max-image-preview:large","max-video-preview":"max-video-preview:-1"},"canonical":"https:\/\/folhadoleste.com.br\/en\/supervia-e-governo-do-rio-decidem-futuro-dos-trens\/","og_locale":"en_US","og_type":"article","og_title":"Supervia e Governo do Rio decidem futuro dos trens &#8226; Folha do Leste","og_description":"Estado do Rio de Janeiro &#8226; 5 de June de 2024 &#8226; Folha do Leste","og_url":"https:\/\/folhadoleste.com.br\/en\/supervia-e-governo-do-rio-decidem-futuro-dos-trens\/","og_site_name":"Folha do Leste","article_publisher":"https:\/\/www.facebook.com\/folhadoleste","article_published_time":"2024-06-05T20:24:48+00:00","og_image":[{"width":1200,"height":750,"url":"https:\/\/folhadoleste.com.br\/wp-content\/uploads\/2024\/06\/Supervia-e-Governo-do-Rio-decidem-futuro-dos-trens-Foto-Divulgacao.webp","type":"image\/webp"}],"author":"Folha do Leste","twitter_card":"summary_large_image","twitter_creator":"@FolhadoLesteRJ","twitter_site":"@FolhadoLesteRJ","twitter_misc":{"Written by":"Folha do Leste","Est. reading time":"3 minutes"},"schema":{"@context":"https:\/\/schema.org","@graph":[{"@type":"NewsArticle","@id":"https:\/\/folhadoleste.com.br\/supervia-e-governo-do-rio-decidem-futuro-dos-trens\/#article","isPartOf":{"@id":"https:\/\/folhadoleste.com.br\/supervia-e-governo-do-rio-decidem-futuro-dos-trens\/"},"author":{"name":"Folha do Leste","@id":"https:\/\/folhadoleste.com.br\/#\/schema\/person\/3e97145b2e1861276e84471aa85a3899"},"headline":"Supervia e Governo do Rio decidem futuro dos trens","datePublished":"2024-06-05T20:24:48+00:00","mainEntityOfPage":{"@id":"https:\/\/folhadoleste.com.br\/supervia-e-governo-do-rio-decidem-futuro-dos-trens\/"},"wordCount":320,"commentCount":0,"publisher":{"@id":"https:\/\/folhadoleste.com.br\/#organization"},"image":{"@id":"https:\/\/folhadoleste.com.br\/supervia-e-governo-do-rio-decidem-futuro-dos-trens\/#primaryimage"},"thumbnailUrl":"https:\/\/folhadoleste.com.br\/wp-content\/uploads\/2024\/06\/Supervia-e-Governo-do-Rio-decidem-futuro-dos-trens-Foto-Divulgacao.webp","keywords":["concess\u00e3o","Crise","Dividas","estado do rio","fal\u00eancia","Falha","Governo do Rio","Indeniza\u00e7\u00e3o","investimentos","Justi\u00e7a","metr\u00f4","Passageiros","per\u00edcia","Rio de Janeiro","tarifas","transporte p\u00fablico","trens"],"articleSection":["Estado do Rio de Janeiro"],"inLanguage":"en-US","potentialAction":[{"@type":"CommentAction","name":"Comment","target":["https:\/\/folhadoleste.com.br\/supervia-e-governo-do-rio-decidem-futuro-dos-trens\/#respond"]}]},{"@type":"WebPage","@id":"https:\/\/folhadoleste.com.br\/supervia-e-governo-do-rio-decidem-futuro-dos-trens\/","url":"https:\/\/folhadoleste.com.br\/supervia-e-governo-do-rio-decidem-futuro-dos-trens\/","name":"Supervia e Governo do Rio decidem futuro dos trens &#8226; Folha do Leste","isPartOf":{"@id":"https:\/\/folhadoleste.com.br\/#website"},"primaryImageOfPage":{"@id":"https:\/\/folhadoleste.com.br\/supervia-e-governo-do-rio-decidem-futuro-dos-trens\/#primaryimage"},"image":{"@id":"https:\/\/folhadoleste.com.br\/supervia-e-governo-do-rio-decidem-futuro-dos-trens\/#primaryimage"},"thumbnailUrl":"https:\/\/folhadoleste.com.br\/wp-content\/uploads\/2024\/06\/Supervia-e-Governo-do-Rio-decidem-futuro-dos-trens-Foto-Divulgacao.webp","datePublished":"2024-06-05T20:24:48+00:00","description":"Supervia e Governo do Rio decidem futuro dos trens. Uma audi\u00eancia no dia 27 de junho definir\u00e1 o destino da Supervia, que enfrenta uma grave...","breadcrumb":{"@id":"https:\/\/folhadoleste.com.br\/supervia-e-governo-do-rio-decidem-futuro-dos-trens\/#breadcrumb"},"inLanguage":"en-US","potentialAction":[{"@type":"ReadAction","target":["https:\/\/folhadoleste.com.br\/supervia-e-governo-do-rio-decidem-futuro-dos-trens\/"]}]},{"@type":"ImageObject","inLanguage":"en-US","@id":"https:\/\/folhadoleste.com.br\/supervia-e-governo-do-rio-decidem-futuro-dos-trens\/#primaryimage","url":"https:\/\/folhadoleste.com.br\/wp-content\/uploads\/2024\/06\/Supervia-e-Governo-do-Rio-decidem-futuro-dos-trens-Foto-Divulgacao.webp","contentUrl":"https:\/\/folhadoleste.com.br\/wp-content\/uploads\/2024\/06\/Supervia-e-Governo-do-Rio-decidem-futuro-dos-trens-Foto-Divulgacao.webp","width":1200,"height":750,"caption":"Supervia e Governo do Rio decidem futuro dos trens | Divulga\u00e7\u00e3o"},{"@type":"BreadcrumbList","@id":"https:\/\/folhadoleste.com.br\/supervia-e-governo-do-rio-decidem-futuro-dos-trens\/#breadcrumb","itemListElement":[{"@type":"ListItem","position":1,"name":"In\u00edcio","item":"https:\/\/folhadoleste.com.br\/"},{"@type":"ListItem","position":2,"name":"Estado do Rio de Janeiro","item":"https:\/\/folhadoleste.com.br\/category\/estado-do-rio-de-janeiro\/"},{"@type":"ListItem","position":3,"name":"Supervia e Governo do Rio decidem futuro dos trens"}]},{"@type":"WebSite","@id":"https:\/\/folhadoleste.com.br\/#website","url":"https:\/\/folhadoleste.com.br\/","name":"Folha do Leste","description":"Portal de Not\u00edcias com \u00eanfase em Niter\u00f3i, criando conte\u00fados desde a capital Rio de Janeiro, com olhar para o Leste Fluminense e suas cidades como S\u00e3o Gon\u00e7alo, Itabora\u00ed, Rio Bonito, Maric\u00e1, Saquarema e Araruama","publisher":{"@id":"https:\/\/folhadoleste.com.br\/#organization"},"alternateName":"FL","potentialAction":[{"@type":"SearchAction","target":{"@type":"EntryPoint","urlTemplate":"https:\/\/folhadoleste.com.br\/?s={search_term_string}"},"query-input":{"@type":"PropertyValueSpecification","valueRequired":true,"valueName":"search_term_string"}}],"inLanguage":"en-US"},{"@type":"Organization","@id":"https:\/\/folhadoleste.com.br\/#organization","name":"Brasil 21 Comunica\u00e7\u00e3o","alternateName":"BR21","url":"https:\/\/folhadoleste.com.br\/","logo":{"@type":"ImageObject","inLanguage":"en-US","@id":"https:\/\/folhadoleste.com.br\/#\/schema\/logo\/image\/","url":"https:\/\/folhadoleste.com.br\/wp-content\/uploads\/2025\/12\/brasil-21-logomarca.avif","contentUrl":"https:\/\/folhadoleste.com.br\/wp-content\/uploads\/2025\/12\/brasil-21-logomarca.avif","width":1044,"height":1044,"caption":"Brasil 21 Comunica\u00e7\u00e3o"},"image":{"@id":"https:\/\/folhadoleste.com.br\/#\/schema\/logo\/image\/"},"sameAs":["https:\/\/www.facebook.com\/folhadoleste","https:\/\/x.com\/FolhadoLesteRJ","https:\/\/www.instagram.com\/folhadoleste\/"]},{"@type":"Person","@id":"https:\/\/folhadoleste.com.br\/#\/schema\/person\/3e97145b2e1861276e84471aa85a3899","name":"Folha do Leste","image":{"@type":"ImageObject","inLanguage":"en-US","@id":"https:\/\/folhadoleste.com.br\/wp-content\/litespeed\/avatar\/1ca8c218432e7045e748610eb3db0259.jpg?ver=1777161142","url":"https:\/\/folhadoleste.com.br\/wp-content\/litespeed\/avatar\/1ca8c218432e7045e748610eb3db0259.jpg?ver=1777161142","contentUrl":"https:\/\/folhadoleste.com.br\/wp-content\/litespeed\/avatar\/1ca8c218432e7045e748610eb3db0259.jpg?ver=1777161142","caption":"Folha do Leste"},"url":"https:\/\/folhadoleste.com.br\/en\/author\/reportagem-01\/"}]}},"_links":{"self":[{"href":"https:\/\/folhadoleste.com.br\/en\/wp-json\/wp\/v2\/posts\/69566","targetHints":{"allow":["GET"]}}],"collection":[{"href":"https:\/\/folhadoleste.com.br\/en\/wp-json\/wp\/v2\/posts"}],"about":[{"href":"https:\/\/folhadoleste.com.br\/en\/wp-json\/wp\/v2\/types\/post"}],"author":[{"embeddable":true,"href":"https:\/\/folhadoleste.com.br\/en\/wp-json\/wp\/v2\/users\/4"}],"replies":[{"embeddable":true,"href":"https:\/\/folhadoleste.com.br\/en\/wp-json\/wp\/v2\/comments?post=69566"}],"version-history":[{"count":1,"href":"https:\/\/folhadoleste.com.br\/en\/wp-json\/wp\/v2\/posts\/69566\/revisions"}],"predecessor-version":[{"id":69569,"href":"https:\/\/folhadoleste.com.br\/en\/wp-json\/wp\/v2\/posts\/69566\/revisions\/69569"}],"wp:featuredmedia":[{"embeddable":true,"href":"https:\/\/folhadoleste.com.br\/en\/wp-json\/wp\/v2\/media\/69568"}],"wp:attachment":[{"href":"https:\/\/folhadoleste.com.br\/en\/wp-json\/wp\/v2\/media?parent=69566"}],"wp:term":[{"taxonomy":"category","embeddable":true,"href":"https:\/\/folhadoleste.com.br\/en\/wp-json\/wp\/v2\/categories?post=69566"},{"taxonomy":"post_tag","embeddable":true,"href":"https:\/\/folhadoleste.com.br\/en\/wp-json\/wp\/v2\/tags?post=69566"}],"curies":[{"name":"wp","href":"https:\/\/api.w.org\/{rel}","templated":true}]}}