{"id":69540,"date":"2024-06-05T15:38:36","date_gmt":"2024-06-05T18:38:36","guid":{"rendered":"https:\/\/folhadoleste.com.br\/?p=69540"},"modified":"2024-06-05T15:38:36","modified_gmt":"2024-06-05T18:38:36","slug":"joia-de-11-anos-troca-flamengo-por-palmeiras","status":"publish","type":"post","link":"https:\/\/folhadoleste.com.br\/en\/joia-de-11-anos-troca-flamengo-por-palmeiras\/","title":{"rendered":"Joia de 11 anos troca Flamengo por Palmeiras"},"content":{"rendered":"<div id=\"attachment_69542\" style=\"width: 1210px\" class=\"wp-caption aligncenter\"><a href=\"https:\/\/folhadoleste.com.br\/wp-content\/uploads\/2024\/06\/Joia-de-11-anos-troca-Flamengo-por-Palmeiras-Foto-Reproducao-Instagram.webp\"><img decoding=\"async\" aria-describedby=\"caption-attachment-69542\" class=\"size-full wp-image-69542\" src=\"https:\/\/folhadoleste.com.br\/wp-content\/uploads\/2024\/06\/Joia-de-11-anos-troca-Flamengo-por-Palmeiras-Foto-Reproducao-Instagram.webp\" alt=\"Joia de 11 anos troca Flamengo por Palmeiras\" width=\"1200\" height=\"750\" \/><\/a><p id=\"caption-attachment-69542\" class=\"wp-caption-text\">Joia de 11 anos troca Flamengo por Palmeiras | Reprodu\u00e7\u00e3o\/Instagram<\/p><\/div>\n<p style=\"text-align: justify;\" data-sourcepos=\"3:1-3:163\">Kevyn Wallace, jovem talento de apenas 11 anos, trocou o Flamengo pelo Palmeiras em uma transfer\u00eancia que movimentou a base do futebol brasileiro. O garoto, que era considerado um dos maiores destaques da categoria sub-11 do Rubro-Negro, acertou com o Verd\u00e3o em busca de novos desafios.<\/p>\n<h6><span style=\"color: #ff0000;\"><strong>+<\/strong><\/span> <span style=\"color: #000000;\">LEIA TAMB\u00c9M: \u25ba<\/span><a href=\"https:\/\/folhadoleste.com.br\/en\/city-a-justica-clube-entra-com-acao-contra-a-premier-league\/\"><strong>City \u00e0 Justi\u00e7a: Clube entra com a\u00e7\u00e3o contra a Premier League<\/strong><\/a><\/h6>\n<p style=\"text-align: justify;\" data-sourcepos=\"7:1-7:280\">Um dos principais motivos para a sa\u00edda de Kevyn foi a dificuldade de adapta\u00e7\u00e3o da fam\u00edlia \u00e0 vida no Rio de Janeiro. O jovem atleta, natural do bairro Itaim Paulista, na Zona Leste de S\u00e3o Paulo, buscava um ambiente mais pr\u00f3ximo de casa para seguir seu desenvolvimento profissional.<\/p>\n<p style=\"text-align: justify;\" data-sourcepos=\"9:1-9:186\">Apesar da mudan\u00e7a, o Flamengo n\u00e3o sai da hist\u00f3ria de Kevyn Wallace. O clube da G\u00e1vea ter\u00e1 direito a uma porcentagem futura dos direitos econ\u00f4micos do jogador, segundo informa\u00e7\u00f5es do UOL.<\/p>\n<h5 style=\"text-align: center;\"><span style=\"color: #000000;\"><span style=\"color: #ff0000;\"><strong>+ <\/strong><\/span><\/span><span style=\"color: #000000;\"><strong><span style=\"color: #ff9900;\">MAIS NOT\u00cdCIAS DE ESPORTES?<\/span> <span style=\"color: #008080;\"><a style=\"color: #008080;\" href=\"https:\/\/folhadoleste.com.br\/en\/category\/esportes\/\">CLIQUE AQUI<\/a><\/span><\/strong><\/span><\/h5>\n<p style=\"text-align: justify;\" data-sourcepos=\"13:1-13:18\">Dessa forma, Kevyn j\u00e1 demonstra grande habilidade com a bola e chama a aten\u00e7\u00e3o por sua t\u00e9cnica refinada e estilo de jogo. Assim, a promessa da base chegou a ser comparada com o craque Ronaldinho Ga\u00facho pela semelhan\u00e7a na forma de atuar.<\/p>\n<p style=\"text-align: justify;\" data-sourcepos=\"15:1-15:268\">Enfim, o jovem atleta tamb\u00e9m \u00e9 agenciado pela mesma empresa que gerencia a carreira de grandes estrelas do futebol mundial, como Haaland (Manchester City), Verratti (ex-PSG) e De Ligt (Bayern de Munique). Isso demonstra o potencial e as expectativas que cercam Kevyn Wallace.<\/p>\n<p data-sourcepos=\"15:1-15:268\"><a href=\"https:\/\/folhadoleste.com.br\/wp-content\/uploads\/2024\/05\/Ajude-o-Rio-Grande-do-Sul-Campanha-Oficial-Folha-do-Leste.jpg\"><img decoding=\"async\" class=\"aligncenter size-full wp-image-64672\" src=\"https:\/\/folhadoleste.com.br\/wp-content\/uploads\/2024\/05\/Ajude-o-Rio-Grande-do-Sul-Campanha-Oficial-Folha-do-Leste.jpg\" alt=\"\" width=\"728\" height=\"250\" \/><\/a><\/p>\n<p data-sourcepos=\"15:1-15:268\">\n<p data-sourcepos=\"15:1-15:268\"><a href=\"https:\/\/www.instagram.com\/folhadoleste\/\"><img decoding=\"async\" class=\"aligncenter wp-image-15962\" src=\"https:\/\/folhadoleste.com.br\/wp-content\/uploads\/2023\/07\/instagram.jpg.webp\" alt=\"Itaipu-Itaipua\u00e7u: Caminh\u00e3o causa grave acidente na RJ-102, a estrada da Serrinha\" width=\"49\" height=\"49\" \/><\/a><a href=\"https:\/\/www.facebook.com\/folhadoleste\"><img decoding=\"async\" class=\"aligncenter wp-image-7424\" src=\"https:\/\/folhadoleste.com.br\/wp-content\/uploads\/2023\/05\/facebook-logo-3-1.png.webp\" alt=\"Itaipu-Itaipua\u00e7u: Caminh\u00e3o causa grave acidente na RJ-102, a estrada da Serrinha\" width=\"49\" height=\"49\" \/><\/a><\/p>","protected":false},"excerpt":{"rendered":"<p>Kevyn Wallace, jovem talento de apenas 11 anos, trocou o Flamengo pelo Palmeiras em uma transfer\u00eancia que movimentou a base do futebol brasileiro. O garoto, que era considerado um dos maiores destaques da categoria sub-11 do Rubro-Negro, acertou com o Verd\u00e3o em busca de novos desafios. + LEIA TAMB\u00c9M: \u25baCity \u00e0 Justi\u00e7a: Clube entra com a\u00e7\u00e3o contra a Premier League Um dos principais motivos para a sa\u00edda de Kevyn foi a dificuldade de adapta\u00e7\u00e3o da fam\u00edlia \u00e0 vida no Rio de Janeiro. O jovem atleta, natural do bairro Itaim Paulista, na Zona Leste de S\u00e3o Paulo, buscava um ambiente mais [&hellip;]<\/p>\n","protected":false},"author":4,"featured_media":69542,"comment_status":"open","ping_status":"open","sticky":false,"template":"","format":"standard","meta":{"footnotes":""},"categories":[48,65],"tags":[20689,3537,13769,28636,105,285,101,7793,28635,540,19323,10356,21648,202,7231],"class_list":["post-69540","post","type-post","status-publish","format-standard","has-post-thumbnail","hentry","category-esportes","category-futebol-esportes","tag-adaptacao","tag-agencia","tag-base","tag-direitos-economicos","tag-esportes","tag-flamengo","tag-futebol","tag-futuro","tag-kevyn-wallace","tag-palmeiras","tag-promessa","tag-ronaldinho-gaucho","tag-talento","tag-titulos","tag-transferencia","post--single"],"yoast_head":"<!-- This site is optimized with the Yoast SEO plugin v27.4 - https:\/\/yoast.com\/product\/yoast-seo-wordpress\/ -->\n<title>Joia de 11 anos troca Flamengo por Palmeiras &#8226; Folha do Leste<\/title>\n<meta name=\"description\" content=\"Joia de 11 anos troca Flamengo por Palmeiras. Dificuldade de adapta\u00e7\u00e3o ao Rio de Janeiro foi um dos motivos da mudan\u00e7a...\" \/>\n<meta name=\"robots\" content=\"index, follow, max-snippet:-1, max-image-preview:large, max-video-preview:-1\" \/>\n<link rel=\"canonical\" href=\"https:\/\/folhadoleste.com.br\/en\/joia-de-11-anos-troca-flamengo-por-palmeiras\/\" \/>\n<meta property=\"og:locale\" content=\"en_US\" \/>\n<meta property=\"og:type\" content=\"article\" \/>\n<meta property=\"og:title\" content=\"Joia de 11 anos troca Flamengo por Palmeiras &#8226; Folha do Leste\" \/>\n<meta property=\"og:description\" content=\"Futebol &#8226; 5 de June de 2024 &#8226; Folha do Leste\" \/>\n<meta property=\"og:url\" content=\"https:\/\/folhadoleste.com.br\/en\/joia-de-11-anos-troca-flamengo-por-palmeiras\/\" \/>\n<meta property=\"og:site_name\" content=\"Folha do Leste\" \/>\n<meta property=\"article:publisher\" content=\"https:\/\/www.facebook.com\/folhadoleste\" \/>\n<meta property=\"article:published_time\" content=\"2024-06-05T18:38:36+00:00\" \/>\n<meta property=\"og:image\" content=\"https:\/\/folhadoleste.com.br\/wp-content\/uploads\/2024\/06\/Joia-de-11-anos-troca-Flamengo-por-Palmeiras-Foto-Reproducao-Instagram.webp\" \/>\n\t<meta property=\"og:image:width\" content=\"1200\" \/>\n\t<meta property=\"og:image:height\" content=\"750\" \/>\n\t<meta property=\"og:image:type\" content=\"image\/webp\" \/>\n<meta name=\"author\" content=\"Folha do Leste\" \/>\n<meta name=\"twitter:card\" content=\"summary_large_image\" \/>\n<meta name=\"twitter:creator\" content=\"@FolhadoLesteRJ\" \/>\n<meta name=\"twitter:site\" content=\"@FolhadoLesteRJ\" \/>\n<meta name=\"twitter:label1\" content=\"Written by\" \/>\n\t<meta name=\"twitter:data1\" content=\"Folha do Leste\" \/>\n\t<meta name=\"twitter:label2\" content=\"Est. reading time\" \/>\n\t<meta name=\"twitter:data2\" content=\"3 minutes\" \/>\n<script type=\"application\/ld+json\" class=\"yoast-schema-graph\">{\"@context\":\"https:\\\/\\\/schema.org\",\"@graph\":[{\"@type\":\"NewsArticle\",\"@id\":\"https:\\\/\\\/folhadoleste.com.br\\\/joia-de-11-anos-troca-flamengo-por-palmeiras\\\/#article\",\"isPartOf\":{\"@id\":\"https:\\\/\\\/folhadoleste.com.br\\\/joia-de-11-anos-troca-flamengo-por-palmeiras\\\/\"},\"author\":{\"name\":\"Folha do Leste\",\"@id\":\"https:\\\/\\\/folhadoleste.com.br\\\/#\\\/schema\\\/person\\\/3e97145b2e1861276e84471aa85a3899\"},\"headline\":\"Joia de 11 anos troca Flamengo por Palmeiras\",\"datePublished\":\"2024-06-05T18:38:36+00:00\",\"mainEntityOfPage\":{\"@id\":\"https:\\\/\\\/folhadoleste.com.br\\\/joia-de-11-anos-troca-flamengo-por-palmeiras\\\/\"},\"wordCount\":271,\"commentCount\":0,\"publisher\":{\"@id\":\"https:\\\/\\\/folhadoleste.com.br\\\/#organization\"},\"image\":{\"@id\":\"https:\\\/\\\/folhadoleste.com.br\\\/joia-de-11-anos-troca-flamengo-por-palmeiras\\\/#primaryimage\"},\"thumbnailUrl\":\"https:\\\/\\\/folhadoleste.com.br\\\/wp-content\\\/uploads\\\/2024\\\/06\\\/Joia-de-11-anos-troca-Flamengo-por-Palmeiras-Foto-Reproducao-Instagram.webp\",\"keywords\":[\"Adapta\u00e7\u00e3o\",\"ag\u00eancia\",\"base\",\"Direitos Econ\u00f4micos\",\"Esportes\",\"Flamengo\",\"futebol\",\"futuro\",\"Kevyn Wallace\",\"Palmeiras\",\"Promessa\",\"Ronaldinho Ga\u00facho\",\"Talento\",\"t\u00edtulos\",\"transfer\u00eancia\"],\"articleSection\":[\"Esportes\",\"Futebol\"],\"inLanguage\":\"en-US\",\"potentialAction\":[{\"@type\":\"CommentAction\",\"name\":\"Comment\",\"target\":[\"https:\\\/\\\/folhadoleste.com.br\\\/joia-de-11-anos-troca-flamengo-por-palmeiras\\\/#respond\"]}]},{\"@type\":\"WebPage\",\"@id\":\"https:\\\/\\\/folhadoleste.com.br\\\/joia-de-11-anos-troca-flamengo-por-palmeiras\\\/\",\"url\":\"https:\\\/\\\/folhadoleste.com.br\\\/joia-de-11-anos-troca-flamengo-por-palmeiras\\\/\",\"name\":\"Joia de 11 anos troca Flamengo por Palmeiras &#8226; Folha do Leste\",\"isPartOf\":{\"@id\":\"https:\\\/\\\/folhadoleste.com.br\\\/#website\"},\"primaryImageOfPage\":{\"@id\":\"https:\\\/\\\/folhadoleste.com.br\\\/joia-de-11-anos-troca-flamengo-por-palmeiras\\\/#primaryimage\"},\"image\":{\"@id\":\"https:\\\/\\\/folhadoleste.com.br\\\/joia-de-11-anos-troca-flamengo-por-palmeiras\\\/#primaryimage\"},\"thumbnailUrl\":\"https:\\\/\\\/folhadoleste.com.br\\\/wp-content\\\/uploads\\\/2024\\\/06\\\/Joia-de-11-anos-troca-Flamengo-por-Palmeiras-Foto-Reproducao-Instagram.webp\",\"datePublished\":\"2024-06-05T18:38:36+00:00\",\"description\":\"Joia de 11 anos troca Flamengo por Palmeiras. Dificuldade de adapta\u00e7\u00e3o ao Rio de Janeiro foi um dos motivos da mudan\u00e7a...\",\"breadcrumb\":{\"@id\":\"https:\\\/\\\/folhadoleste.com.br\\\/joia-de-11-anos-troca-flamengo-por-palmeiras\\\/#breadcrumb\"},\"inLanguage\":\"en-US\",\"potentialAction\":[{\"@type\":\"ReadAction\",\"target\":[\"https:\\\/\\\/folhadoleste.com.br\\\/joia-de-11-anos-troca-flamengo-por-palmeiras\\\/\"]}]},{\"@type\":\"ImageObject\",\"inLanguage\":\"en-US\",\"@id\":\"https:\\\/\\\/folhadoleste.com.br\\\/joia-de-11-anos-troca-flamengo-por-palmeiras\\\/#primaryimage\",\"url\":\"https:\\\/\\\/folhadoleste.com.br\\\/wp-content\\\/uploads\\\/2024\\\/06\\\/Joia-de-11-anos-troca-Flamengo-por-Palmeiras-Foto-Reproducao-Instagram.webp\",\"contentUrl\":\"https:\\\/\\\/folhadoleste.com.br\\\/wp-content\\\/uploads\\\/2024\\\/06\\\/Joia-de-11-anos-troca-Flamengo-por-Palmeiras-Foto-Reproducao-Instagram.webp\",\"width\":1200,\"height\":750,\"caption\":\"Joia de 11 anos troca Flamengo por Palmeiras | Reprodu\u00e7\u00e3o\\\/Instagram\"},{\"@type\":\"BreadcrumbList\",\"@id\":\"https:\\\/\\\/folhadoleste.com.br\\\/joia-de-11-anos-troca-flamengo-por-palmeiras\\\/#breadcrumb\",\"itemListElement\":[{\"@type\":\"ListItem\",\"position\":1,\"name\":\"In\u00edcio\",\"item\":\"https:\\\/\\\/folhadoleste.com.br\\\/\"},{\"@type\":\"ListItem\",\"position\":2,\"name\":\"Esportes\",\"item\":\"https:\\\/\\\/folhadoleste.com.br\\\/category\\\/esportes\\\/\"},{\"@type\":\"ListItem\",\"position\":3,\"name\":\"Futebol\",\"item\":\"https:\\\/\\\/folhadoleste.com.br\\\/category\\\/esportes\\\/futebol-esportes\\\/\"},{\"@type\":\"ListItem\",\"position\":4,\"name\":\"Joia de 11 anos troca Flamengo por Palmeiras\"}]},{\"@type\":\"WebSite\",\"@id\":\"https:\\\/\\\/folhadoleste.com.br\\\/#website\",\"url\":\"https:\\\/\\\/folhadoleste.com.br\\\/\",\"name\":\"Folha do Leste\",\"description\":\"Portal de Not\u00edcias com \u00eanfase em Niter\u00f3i, criando conte\u00fados desde a capital Rio de Janeiro, com olhar para o Leste Fluminense e suas cidades como S\u00e3o Gon\u00e7alo, Itabora\u00ed, Rio Bonito, Maric\u00e1, Saquarema e Araruama\",\"publisher\":{\"@id\":\"https:\\\/\\\/folhadoleste.com.br\\\/#organization\"},\"alternateName\":\"FL\",\"potentialAction\":[{\"@type\":\"SearchAction\",\"target\":{\"@type\":\"EntryPoint\",\"urlTemplate\":\"https:\\\/\\\/folhadoleste.com.br\\\/?s={search_term_string}\"},\"query-input\":{\"@type\":\"PropertyValueSpecification\",\"valueRequired\":true,\"valueName\":\"search_term_string\"}}],\"inLanguage\":\"en-US\"},{\"@type\":\"Organization\",\"@id\":\"https:\\\/\\\/folhadoleste.com.br\\\/#organization\",\"name\":\"Brasil 21 Comunica\u00e7\u00e3o\",\"alternateName\":\"BR21\",\"url\":\"https:\\\/\\\/folhadoleste.com.br\\\/\",\"logo\":{\"@type\":\"ImageObject\",\"inLanguage\":\"en-US\",\"@id\":\"https:\\\/\\\/folhadoleste.com.br\\\/#\\\/schema\\\/logo\\\/image\\\/\",\"url\":\"https:\\\/\\\/folhadoleste.com.br\\\/wp-content\\\/uploads\\\/2025\\\/12\\\/brasil-21-logomarca.avif\",\"contentUrl\":\"https:\\\/\\\/folhadoleste.com.br\\\/wp-content\\\/uploads\\\/2025\\\/12\\\/brasil-21-logomarca.avif\",\"width\":1044,\"height\":1044,\"caption\":\"Brasil 21 Comunica\u00e7\u00e3o\"},\"image\":{\"@id\":\"https:\\\/\\\/folhadoleste.com.br\\\/#\\\/schema\\\/logo\\\/image\\\/\"},\"sameAs\":[\"https:\\\/\\\/www.facebook.com\\\/folhadoleste\",\"https:\\\/\\\/x.com\\\/FolhadoLesteRJ\",\"https:\\\/\\\/www.instagram.com\\\/folhadoleste\\\/\"]},{\"@type\":\"Person\",\"@id\":\"https:\\\/\\\/folhadoleste.com.br\\\/#\\\/schema\\\/person\\\/3e97145b2e1861276e84471aa85a3899\",\"name\":\"Folha do Leste\",\"image\":{\"@type\":\"ImageObject\",\"inLanguage\":\"en-US\",\"@id\":\"https:\\\/\\\/folhadoleste.com.br\\\/wp-content\\\/litespeed\\\/avatar\\\/1ca8c218432e7045e748610eb3db0259.jpg?ver=1777161142\",\"url\":\"https:\\\/\\\/folhadoleste.com.br\\\/wp-content\\\/litespeed\\\/avatar\\\/1ca8c218432e7045e748610eb3db0259.jpg?ver=1777161142\",\"contentUrl\":\"https:\\\/\\\/folhadoleste.com.br\\\/wp-content\\\/litespeed\\\/avatar\\\/1ca8c218432e7045e748610eb3db0259.jpg?ver=1777161142\",\"caption\":\"Folha do Leste\"},\"url\":\"https:\\\/\\\/folhadoleste.com.br\\\/en\\\/author\\\/reportagem-01\\\/\"}]}<\/script>\n<!-- \/ Yoast SEO plugin. -->","yoast_head_json":{"title":"Joia de 11 anos troca Flamengo por Palmeiras &#8226; Folha do Leste","description":"Joia de 11 anos troca Flamengo por Palmeiras. Dificuldade de adapta\u00e7\u00e3o ao Rio de Janeiro foi um dos motivos da mudan\u00e7a...","robots":{"index":"index","follow":"follow","max-snippet":"max-snippet:-1","max-image-preview":"max-image-preview:large","max-video-preview":"max-video-preview:-1"},"canonical":"https:\/\/folhadoleste.com.br\/en\/joia-de-11-anos-troca-flamengo-por-palmeiras\/","og_locale":"en_US","og_type":"article","og_title":"Joia de 11 anos troca Flamengo por Palmeiras &#8226; Folha do Leste","og_description":"Futebol &#8226; 5 de June de 2024 &#8226; Folha do Leste","og_url":"https:\/\/folhadoleste.com.br\/en\/joia-de-11-anos-troca-flamengo-por-palmeiras\/","og_site_name":"Folha do Leste","article_publisher":"https:\/\/www.facebook.com\/folhadoleste","article_published_time":"2024-06-05T18:38:36+00:00","og_image":[{"width":1200,"height":750,"url":"https:\/\/folhadoleste.com.br\/wp-content\/uploads\/2024\/06\/Joia-de-11-anos-troca-Flamengo-por-Palmeiras-Foto-Reproducao-Instagram.webp","type":"image\/webp"}],"author":"Folha do Leste","twitter_card":"summary_large_image","twitter_creator":"@FolhadoLesteRJ","twitter_site":"@FolhadoLesteRJ","twitter_misc":{"Written by":"Folha do Leste","Est. reading time":"3 minutes"},"schema":{"@context":"https:\/\/schema.org","@graph":[{"@type":"NewsArticle","@id":"https:\/\/folhadoleste.com.br\/joia-de-11-anos-troca-flamengo-por-palmeiras\/#article","isPartOf":{"@id":"https:\/\/folhadoleste.com.br\/joia-de-11-anos-troca-flamengo-por-palmeiras\/"},"author":{"name":"Folha do Leste","@id":"https:\/\/folhadoleste.com.br\/#\/schema\/person\/3e97145b2e1861276e84471aa85a3899"},"headline":"Joia de 11 anos troca Flamengo por Palmeiras","datePublished":"2024-06-05T18:38:36+00:00","mainEntityOfPage":{"@id":"https:\/\/folhadoleste.com.br\/joia-de-11-anos-troca-flamengo-por-palmeiras\/"},"wordCount":271,"commentCount":0,"publisher":{"@id":"https:\/\/folhadoleste.com.br\/#organization"},"image":{"@id":"https:\/\/folhadoleste.com.br\/joia-de-11-anos-troca-flamengo-por-palmeiras\/#primaryimage"},"thumbnailUrl":"https:\/\/folhadoleste.com.br\/wp-content\/uploads\/2024\/06\/Joia-de-11-anos-troca-Flamengo-por-Palmeiras-Foto-Reproducao-Instagram.webp","keywords":["Adapta\u00e7\u00e3o","ag\u00eancia","base","Direitos Econ\u00f4micos","Esportes","Flamengo","futebol","futuro","Kevyn Wallace","Palmeiras","Promessa","Ronaldinho Ga\u00facho","Talento","t\u00edtulos","transfer\u00eancia"],"articleSection":["Esportes","Futebol"],"inLanguage":"en-US","potentialAction":[{"@type":"CommentAction","name":"Comment","target":["https:\/\/folhadoleste.com.br\/joia-de-11-anos-troca-flamengo-por-palmeiras\/#respond"]}]},{"@type":"WebPage","@id":"https:\/\/folhadoleste.com.br\/joia-de-11-anos-troca-flamengo-por-palmeiras\/","url":"https:\/\/folhadoleste.com.br\/joia-de-11-anos-troca-flamengo-por-palmeiras\/","name":"Joia de 11 anos troca Flamengo por Palmeiras &#8226; Folha do Leste","isPartOf":{"@id":"https:\/\/folhadoleste.com.br\/#website"},"primaryImageOfPage":{"@id":"https:\/\/folhadoleste.com.br\/joia-de-11-anos-troca-flamengo-por-palmeiras\/#primaryimage"},"image":{"@id":"https:\/\/folhadoleste.com.br\/joia-de-11-anos-troca-flamengo-por-palmeiras\/#primaryimage"},"thumbnailUrl":"https:\/\/folhadoleste.com.br\/wp-content\/uploads\/2024\/06\/Joia-de-11-anos-troca-Flamengo-por-Palmeiras-Foto-Reproducao-Instagram.webp","datePublished":"2024-06-05T18:38:36+00:00","description":"Joia de 11 anos troca Flamengo por Palmeiras. Dificuldade de adapta\u00e7\u00e3o ao Rio de Janeiro foi um dos motivos da mudan\u00e7a...","breadcrumb":{"@id":"https:\/\/folhadoleste.com.br\/joia-de-11-anos-troca-flamengo-por-palmeiras\/#breadcrumb"},"inLanguage":"en-US","potentialAction":[{"@type":"ReadAction","target":["https:\/\/folhadoleste.com.br\/joia-de-11-anos-troca-flamengo-por-palmeiras\/"]}]},{"@type":"ImageObject","inLanguage":"en-US","@id":"https:\/\/folhadoleste.com.br\/joia-de-11-anos-troca-flamengo-por-palmeiras\/#primaryimage","url":"https:\/\/folhadoleste.com.br\/wp-content\/uploads\/2024\/06\/Joia-de-11-anos-troca-Flamengo-por-Palmeiras-Foto-Reproducao-Instagram.webp","contentUrl":"https:\/\/folhadoleste.com.br\/wp-content\/uploads\/2024\/06\/Joia-de-11-anos-troca-Flamengo-por-Palmeiras-Foto-Reproducao-Instagram.webp","width":1200,"height":750,"caption":"Joia de 11 anos troca Flamengo por Palmeiras | Reprodu\u00e7\u00e3o\/Instagram"},{"@type":"BreadcrumbList","@id":"https:\/\/folhadoleste.com.br\/joia-de-11-anos-troca-flamengo-por-palmeiras\/#breadcrumb","itemListElement":[{"@type":"ListItem","position":1,"name":"In\u00edcio","item":"https:\/\/folhadoleste.com.br\/"},{"@type":"ListItem","position":2,"name":"Esportes","item":"https:\/\/folhadoleste.com.br\/category\/esportes\/"},{"@type":"ListItem","position":3,"name":"Futebol","item":"https:\/\/folhadoleste.com.br\/category\/esportes\/futebol-esportes\/"},{"@type":"ListItem","position":4,"name":"Joia de 11 anos troca Flamengo por Palmeiras"}]},{"@type":"WebSite","@id":"https:\/\/folhadoleste.com.br\/#website","url":"https:\/\/folhadoleste.com.br\/","name":"Folha do Leste","description":"Portal de Not\u00edcias com \u00eanfase em Niter\u00f3i, criando conte\u00fados desde a capital Rio de Janeiro, com olhar para o Leste Fluminense e suas cidades como S\u00e3o Gon\u00e7alo, Itabora\u00ed, Rio Bonito, Maric\u00e1, Saquarema e Araruama","publisher":{"@id":"https:\/\/folhadoleste.com.br\/#organization"},"alternateName":"FL","potentialAction":[{"@type":"SearchAction","target":{"@type":"EntryPoint","urlTemplate":"https:\/\/folhadoleste.com.br\/?s={search_term_string}"},"query-input":{"@type":"PropertyValueSpecification","valueRequired":true,"valueName":"search_term_string"}}],"inLanguage":"en-US"},{"@type":"Organization","@id":"https:\/\/folhadoleste.com.br\/#organization","name":"Brasil 21 Comunica\u00e7\u00e3o","alternateName":"BR21","url":"https:\/\/folhadoleste.com.br\/","logo":{"@type":"ImageObject","inLanguage":"en-US","@id":"https:\/\/folhadoleste.com.br\/#\/schema\/logo\/image\/","url":"https:\/\/folhadoleste.com.br\/wp-content\/uploads\/2025\/12\/brasil-21-logomarca.avif","contentUrl":"https:\/\/folhadoleste.com.br\/wp-content\/uploads\/2025\/12\/brasil-21-logomarca.avif","width":1044,"height":1044,"caption":"Brasil 21 Comunica\u00e7\u00e3o"},"image":{"@id":"https:\/\/folhadoleste.com.br\/#\/schema\/logo\/image\/"},"sameAs":["https:\/\/www.facebook.com\/folhadoleste","https:\/\/x.com\/FolhadoLesteRJ","https:\/\/www.instagram.com\/folhadoleste\/"]},{"@type":"Person","@id":"https:\/\/folhadoleste.com.br\/#\/schema\/person\/3e97145b2e1861276e84471aa85a3899","name":"Folha do Leste","image":{"@type":"ImageObject","inLanguage":"en-US","@id":"https:\/\/folhadoleste.com.br\/wp-content\/litespeed\/avatar\/1ca8c218432e7045e748610eb3db0259.jpg?ver=1777161142","url":"https:\/\/folhadoleste.com.br\/wp-content\/litespeed\/avatar\/1ca8c218432e7045e748610eb3db0259.jpg?ver=1777161142","contentUrl":"https:\/\/folhadoleste.com.br\/wp-content\/litespeed\/avatar\/1ca8c218432e7045e748610eb3db0259.jpg?ver=1777161142","caption":"Folha do Leste"},"url":"https:\/\/folhadoleste.com.br\/en\/author\/reportagem-01\/"}]}},"_links":{"self":[{"href":"https:\/\/folhadoleste.com.br\/en\/wp-json\/wp\/v2\/posts\/69540","targetHints":{"allow":["GET"]}}],"collection":[{"href":"https:\/\/folhadoleste.com.br\/en\/wp-json\/wp\/v2\/posts"}],"about":[{"href":"https:\/\/folhadoleste.com.br\/en\/wp-json\/wp\/v2\/types\/post"}],"author":[{"embeddable":true,"href":"https:\/\/folhadoleste.com.br\/en\/wp-json\/wp\/v2\/users\/4"}],"replies":[{"embeddable":true,"href":"https:\/\/folhadoleste.com.br\/en\/wp-json\/wp\/v2\/comments?post=69540"}],"version-history":[{"count":1,"href":"https:\/\/folhadoleste.com.br\/en\/wp-json\/wp\/v2\/posts\/69540\/revisions"}],"predecessor-version":[{"id":69543,"href":"https:\/\/folhadoleste.com.br\/en\/wp-json\/wp\/v2\/posts\/69540\/revisions\/69543"}],"wp:featuredmedia":[{"embeddable":true,"href":"https:\/\/folhadoleste.com.br\/en\/wp-json\/wp\/v2\/media\/69542"}],"wp:attachment":[{"href":"https:\/\/folhadoleste.com.br\/en\/wp-json\/wp\/v2\/media?parent=69540"}],"wp:term":[{"taxonomy":"category","embeddable":true,"href":"https:\/\/folhadoleste.com.br\/en\/wp-json\/wp\/v2\/categories?post=69540"},{"taxonomy":"post_tag","embeddable":true,"href":"https:\/\/folhadoleste.com.br\/en\/wp-json\/wp\/v2\/tags?post=69540"}],"curies":[{"name":"wp","href":"https:\/\/api.w.org\/{rel}","templated":true}]}}