{"id":69169,"date":"2024-06-03T17:23:43","date_gmt":"2024-06-03T20:23:43","guid":{"rendered":"https:\/\/folhadoleste.com.br\/?p=69169"},"modified":"2024-06-03T17:23:43","modified_gmt":"2024-06-03T20:23:43","slug":"botafogo-bastos-brilha-e-enaltece-elenco","status":"publish","type":"post","link":"https:\/\/folhadoleste.com.br\/en\/botafogo-bastos-brilha-e-enaltece-elenco\/","title":{"rendered":"Botafogo: Bastos brilha e enaltece elenco"},"content":{"rendered":"<div id=\"attachment_69171\" style=\"width: 1210px\" class=\"wp-caption aligncenter\"><a href=\"https:\/\/folhadoleste.com.br\/wp-content\/uploads\/2024\/06\/Botafogo-Bastos-brilha-e-enaltece-elenco-Foto-Vitor-Silva-Botafogo.webp\"><img decoding=\"async\" aria-describedby=\"caption-attachment-69171\" class=\"size-full wp-image-69171\" src=\"https:\/\/folhadoleste.com.br\/wp-content\/uploads\/2024\/06\/Botafogo-Bastos-brilha-e-enaltece-elenco-Foto-Vitor-Silva-Botafogo.webp\" alt=\"Botafogo: Bastos brilha e enaltece elenco\" width=\"1200\" height=\"750\" \/><\/a><p id=\"caption-attachment-69171\" class=\"wp-caption-text\">Botafogo: Bastos brilha e enaltece elenco | Vitor Silva\/Botafogo<\/p><\/div>\n<p style=\"text-align: justify;\" data-sourcepos=\"3:1-3:239\">O zagueiro angolano Bastos se tornou pe\u00e7a fundamental na zaga do Botafogo desde a chegada do t\u00e9cnico Artur Jorge. Com atua\u00e7\u00f5es s\u00f3lidas e consistentes, ele se consolidou como um dos pilares da equipe e conquistou a confian\u00e7a da torcida.<\/p>\n<h6><span style=\"color: #ff0000;\"><strong>+<\/strong><\/span> <span style=\"color: #000000;\">LEIA TAMB\u00c9M: \u25ba<\/span><a href=\"https:\/\/folhadoleste.com.br\/en\/e-oficial-mbappe-e-do-real-madrid\/\"><strong>\u00c9 oficial! Mbapp\u00e9 \u00e9 do Real Madrid<\/strong><\/a><\/h6>\n<p style=\"text-align: justify;\">Bastos iniciou em 12 dos 14 jogos sob o comando de Artur Jorge, demonstrando sua import\u00e2ncia para o esquema t\u00e1tico do treinador portugu\u00eas.<\/p>\n<blockquote>\n<p style=\"text-align: justify;\">&#8220;Temos trabalhado dia ap\u00f3s dia, com a mentalidade de melhorar. Tem sido isso o segredo da consist\u00eancia de resultado. Temos que seguir trabalhando e dando o nosso melhor&#8221;, destacou o zagueiro, revelando a import\u00e2ncia da dedica\u00e7\u00e3o e do trabalho em equipe para o bom desempenho do Botafogo.<\/p>\n<\/blockquote>\n<h5 style=\"text-align: center;\"><span style=\"color: #000000;\"><span style=\"color: #ff0000;\"><strong>+ <\/strong><\/span><\/span><span style=\"color: #000000;\"><strong><span style=\"color: #ff9900;\">MAIS NOT\u00cdCIAS DE ESPORTES?<\/span> <span style=\"color: #008080;\"><a style=\"color: #008080;\" href=\"https:\/\/folhadoleste.com.br\/en\/category\/esportes\/\">CLIQUE AQUI<\/a><\/span><\/strong><\/span><\/h5>\n<p style=\"text-align: justify;\">Bastos chegou ao Botafogo em agosto de 2023, mas teve um in\u00edcio de temporada marcado pela timidez, disputando apenas quatro jogos naquele ano.<\/p>\n<p style=\"text-align: justify;\">Para o camisa 15, o passado n\u00e3o importa. Ele est\u00e1 totalmente concentrado em contribuir para o sucesso do time no presente e no futuro.<\/p>\n<blockquote>\n<p style=\"text-align: justify;\">&#8220;Vamos continuar a trabalhar para dar o melhor. O que passou passou, temos que ter a cabe\u00e7a erguida, seguir trabalhando a cada dia e a cada jogo. \u00c9 a mentalidade que temos at\u00e9 agora&#8221;, finalizou Bastos, demonstrando maturidade e resili\u00eancia.<\/p>\n<\/blockquote>\n<p><a href=\"https:\/\/folhadoleste.com.br\/wp-content\/uploads\/2024\/05\/Ajude-o-Rio-Grande-do-Sul-Campanha-Oficial-Folha-do-Leste.jpg\"><img decoding=\"async\" class=\"aligncenter size-full wp-image-64672\" src=\"https:\/\/folhadoleste.com.br\/wp-content\/uploads\/2024\/05\/Ajude-o-Rio-Grande-do-Sul-Campanha-Oficial-Folha-do-Leste.jpg\" alt=\"\" width=\"728\" height=\"250\" \/><\/a><\/p>\n<p>&nbsp;<\/p>\n<p><a href=\"https:\/\/www.instagram.com\/folhadoleste\/\"><img decoding=\"async\" class=\"aligncenter wp-image-15962\" src=\"https:\/\/folhadoleste.com.br\/wp-content\/uploads\/2023\/07\/instagram.jpg.webp\" alt=\"Itaipu-Itaipua\u00e7u: Caminh\u00e3o causa grave acidente na RJ-102, a estrada da Serrinha\" width=\"49\" height=\"49\" \/><\/a><a href=\"https:\/\/www.facebook.com\/folhadoleste\"><img decoding=\"async\" class=\"aligncenter wp-image-7424\" src=\"https:\/\/folhadoleste.com.br\/wp-content\/uploads\/2023\/05\/facebook-logo-3-1.png.webp\" alt=\"Itaipu-Itaipua\u00e7u: Caminh\u00e3o causa grave acidente na RJ-102, a estrada da Serrinha\" width=\"49\" height=\"49\" \/><\/a><\/p>","protected":false},"excerpt":{"rendered":"<p>O zagueiro angolano Bastos se tornou pe\u00e7a fundamental na zaga do Botafogo desde a chegada do t\u00e9cnico Artur Jorge. Com atua\u00e7\u00f5es s\u00f3lidas e consistentes, ele se consolidou como um dos pilares da equipe e conquistou a confian\u00e7a da torcida. + LEIA TAMB\u00c9M: \u25ba\u00c9 oficial! Mbapp\u00e9 \u00e9 do Real Madrid Bastos iniciou em 12 dos 14 jogos sob o comando de Artur Jorge, demonstrando sua import\u00e2ncia para o esquema t\u00e1tico do treinador portugu\u00eas. &#8220;Temos trabalhado dia ap\u00f3s dia, com a mentalidade de melhorar. Tem sido isso o segredo da consist\u00eancia de resultado. Temos que seguir trabalhando e dando o nosso melhor&#8221;, [&hellip;]<\/p>\n","protected":false},"author":4,"featured_media":69171,"comment_status":"open","ping_status":"open","sticky":false,"template":"","format":"standard","meta":{"footnotes":""},"categories":[48,65],"tags":[22429,24395,99,24738,23816,105,9804,101,25916,21901,1891,4725,3349,28460,6172],"class_list":["post-69169","post","type-post","status-publish","format-standard","has-post-thumbnail","hentry","category-esportes","category-futebol-esportes","tag-artur-jorge","tag-bastos","tag-botafogo","tag-consistencia","tag-dedicacao","tag-esportes","tag-evolucao","tag-futebol","tag-futuro-promissor","tag-protagonismo","tag-sucesso","tag-titular","tag-torcida","tag-trabalho-duro","tag-zagueiro","post--single"],"yoast_head":"<!-- This site is optimized with the Yoast SEO plugin v27.4 - https:\/\/yoast.com\/product\/yoast-seo-wordpress\/ -->\n<title>Botafogo: Bastos brilha e enaltece elenco &#8226; Folha do Leste<\/title>\n<meta name=\"description\" content=\"Botafogo: Bastos brilha e enaltece elenco. O zagueiro angolano Bastos se tornou pe\u00e7a fundamental na zaga do Botafogo...\" \/>\n<meta name=\"robots\" content=\"index, follow, max-snippet:-1, max-image-preview:large, max-video-preview:-1\" \/>\n<link rel=\"canonical\" href=\"https:\/\/folhadoleste.com.br\/en\/botafogo-bastos-brilha-e-enaltece-elenco\/\" \/>\n<meta property=\"og:locale\" content=\"en_US\" \/>\n<meta property=\"og:type\" content=\"article\" \/>\n<meta property=\"og:title\" content=\"Botafogo: Bastos brilha e enaltece elenco &#8226; Folha do Leste\" \/>\n<meta property=\"og:description\" content=\"Futebol &#8226; 3 de June de 2024 &#8226; Folha do Leste\" \/>\n<meta property=\"og:url\" content=\"https:\/\/folhadoleste.com.br\/en\/botafogo-bastos-brilha-e-enaltece-elenco\/\" \/>\n<meta property=\"og:site_name\" content=\"Folha do Leste\" \/>\n<meta property=\"article:publisher\" content=\"https:\/\/www.facebook.com\/folhadoleste\" \/>\n<meta property=\"article:published_time\" content=\"2024-06-03T20:23:43+00:00\" \/>\n<meta property=\"og:image\" content=\"https:\/\/folhadoleste.com.br\/wp-content\/uploads\/2024\/06\/Botafogo-Bastos-brilha-e-enaltece-elenco-Foto-Vitor-Silva-Botafogo.webp\" \/>\n\t<meta property=\"og:image:width\" content=\"1200\" \/>\n\t<meta property=\"og:image:height\" content=\"750\" \/>\n\t<meta property=\"og:image:type\" content=\"image\/webp\" \/>\n<meta name=\"author\" content=\"Folha do Leste\" \/>\n<meta name=\"twitter:card\" content=\"summary_large_image\" \/>\n<meta name=\"twitter:creator\" content=\"@FolhadoLesteRJ\" \/>\n<meta name=\"twitter:site\" content=\"@FolhadoLesteRJ\" \/>\n<meta name=\"twitter:label1\" content=\"Written by\" \/>\n\t<meta name=\"twitter:data1\" content=\"Folha do Leste\" \/>\n\t<meta name=\"twitter:label2\" content=\"Est. reading time\" \/>\n\t<meta name=\"twitter:data2\" content=\"2 minutes\" \/>\n<script type=\"application\/ld+json\" class=\"yoast-schema-graph\">{\"@context\":\"https:\\\/\\\/schema.org\",\"@graph\":[{\"@type\":\"NewsArticle\",\"@id\":\"https:\\\/\\\/folhadoleste.com.br\\\/botafogo-bastos-brilha-e-enaltece-elenco\\\/#article\",\"isPartOf\":{\"@id\":\"https:\\\/\\\/folhadoleste.com.br\\\/botafogo-bastos-brilha-e-enaltece-elenco\\\/\"},\"author\":{\"name\":\"Folha do Leste\",\"@id\":\"https:\\\/\\\/folhadoleste.com.br\\\/#\\\/schema\\\/person\\\/3e97145b2e1861276e84471aa85a3899\"},\"headline\":\"Botafogo: Bastos brilha e enaltece elenco\",\"datePublished\":\"2024-06-03T20:23:43+00:00\",\"mainEntityOfPage\":{\"@id\":\"https:\\\/\\\/folhadoleste.com.br\\\/botafogo-bastos-brilha-e-enaltece-elenco\\\/\"},\"wordCount\":245,\"commentCount\":0,\"publisher\":{\"@id\":\"https:\\\/\\\/folhadoleste.com.br\\\/#organization\"},\"image\":{\"@id\":\"https:\\\/\\\/folhadoleste.com.br\\\/botafogo-bastos-brilha-e-enaltece-elenco\\\/#primaryimage\"},\"thumbnailUrl\":\"https:\\\/\\\/folhadoleste.com.br\\\/wp-content\\\/uploads\\\/2024\\\/06\\\/Botafogo-Bastos-brilha-e-enaltece-elenco-Foto-Vitor-Silva-Botafogo.webp\",\"keywords\":[\"Artur Jorge\",\"Bastos\",\"botafogo\",\"Consist\u00eancia\",\"Dedica\u00e7\u00e3o\",\"Esportes\",\"evolu\u00e7\u00e3o\",\"futebol\",\"futuro promissor\",\"Protagonismo\",\"sucesso\",\"Titular\",\"torcida\",\"Trabalho duro\",\"zagueiro\"],\"articleSection\":[\"Esportes\",\"Futebol\"],\"inLanguage\":\"en-US\",\"potentialAction\":[{\"@type\":\"CommentAction\",\"name\":\"Comment\",\"target\":[\"https:\\\/\\\/folhadoleste.com.br\\\/botafogo-bastos-brilha-e-enaltece-elenco\\\/#respond\"]}]},{\"@type\":\"WebPage\",\"@id\":\"https:\\\/\\\/folhadoleste.com.br\\\/botafogo-bastos-brilha-e-enaltece-elenco\\\/\",\"url\":\"https:\\\/\\\/folhadoleste.com.br\\\/botafogo-bastos-brilha-e-enaltece-elenco\\\/\",\"name\":\"Botafogo: Bastos brilha e enaltece elenco &#8226; Folha do Leste\",\"isPartOf\":{\"@id\":\"https:\\\/\\\/folhadoleste.com.br\\\/#website\"},\"primaryImageOfPage\":{\"@id\":\"https:\\\/\\\/folhadoleste.com.br\\\/botafogo-bastos-brilha-e-enaltece-elenco\\\/#primaryimage\"},\"image\":{\"@id\":\"https:\\\/\\\/folhadoleste.com.br\\\/botafogo-bastos-brilha-e-enaltece-elenco\\\/#primaryimage\"},\"thumbnailUrl\":\"https:\\\/\\\/folhadoleste.com.br\\\/wp-content\\\/uploads\\\/2024\\\/06\\\/Botafogo-Bastos-brilha-e-enaltece-elenco-Foto-Vitor-Silva-Botafogo.webp\",\"datePublished\":\"2024-06-03T20:23:43+00:00\",\"description\":\"Botafogo: Bastos brilha e enaltece elenco. O zagueiro angolano Bastos se tornou pe\u00e7a fundamental na zaga do Botafogo...\",\"breadcrumb\":{\"@id\":\"https:\\\/\\\/folhadoleste.com.br\\\/botafogo-bastos-brilha-e-enaltece-elenco\\\/#breadcrumb\"},\"inLanguage\":\"en-US\",\"potentialAction\":[{\"@type\":\"ReadAction\",\"target\":[\"https:\\\/\\\/folhadoleste.com.br\\\/botafogo-bastos-brilha-e-enaltece-elenco\\\/\"]}]},{\"@type\":\"ImageObject\",\"inLanguage\":\"en-US\",\"@id\":\"https:\\\/\\\/folhadoleste.com.br\\\/botafogo-bastos-brilha-e-enaltece-elenco\\\/#primaryimage\",\"url\":\"https:\\\/\\\/folhadoleste.com.br\\\/wp-content\\\/uploads\\\/2024\\\/06\\\/Botafogo-Bastos-brilha-e-enaltece-elenco-Foto-Vitor-Silva-Botafogo.webp\",\"contentUrl\":\"https:\\\/\\\/folhadoleste.com.br\\\/wp-content\\\/uploads\\\/2024\\\/06\\\/Botafogo-Bastos-brilha-e-enaltece-elenco-Foto-Vitor-Silva-Botafogo.webp\",\"width\":1200,\"height\":750,\"caption\":\"Botafogo: Bastos brilha e enaltece elenco | Vitor Silva\\\/Botafogo\"},{\"@type\":\"BreadcrumbList\",\"@id\":\"https:\\\/\\\/folhadoleste.com.br\\\/botafogo-bastos-brilha-e-enaltece-elenco\\\/#breadcrumb\",\"itemListElement\":[{\"@type\":\"ListItem\",\"position\":1,\"name\":\"In\u00edcio\",\"item\":\"https:\\\/\\\/folhadoleste.com.br\\\/\"},{\"@type\":\"ListItem\",\"position\":2,\"name\":\"Esportes\",\"item\":\"https:\\\/\\\/folhadoleste.com.br\\\/category\\\/esportes\\\/\"},{\"@type\":\"ListItem\",\"position\":3,\"name\":\"Futebol\",\"item\":\"https:\\\/\\\/folhadoleste.com.br\\\/category\\\/esportes\\\/futebol-esportes\\\/\"},{\"@type\":\"ListItem\",\"position\":4,\"name\":\"Botafogo: Bastos brilha e enaltece elenco\"}]},{\"@type\":\"WebSite\",\"@id\":\"https:\\\/\\\/folhadoleste.com.br\\\/#website\",\"url\":\"https:\\\/\\\/folhadoleste.com.br\\\/\",\"name\":\"Folha do Leste\",\"description\":\"Portal de Not\u00edcias com \u00eanfase em Niter\u00f3i, criando conte\u00fados desde a capital Rio de Janeiro, com olhar para o Leste Fluminense e suas cidades como S\u00e3o Gon\u00e7alo, Itabora\u00ed, Rio Bonito, Maric\u00e1, Saquarema e Araruama\",\"publisher\":{\"@id\":\"https:\\\/\\\/folhadoleste.com.br\\\/#organization\"},\"alternateName\":\"FL\",\"potentialAction\":[{\"@type\":\"SearchAction\",\"target\":{\"@type\":\"EntryPoint\",\"urlTemplate\":\"https:\\\/\\\/folhadoleste.com.br\\\/?s={search_term_string}\"},\"query-input\":{\"@type\":\"PropertyValueSpecification\",\"valueRequired\":true,\"valueName\":\"search_term_string\"}}],\"inLanguage\":\"en-US\"},{\"@type\":\"Organization\",\"@id\":\"https:\\\/\\\/folhadoleste.com.br\\\/#organization\",\"name\":\"Brasil 21 Comunica\u00e7\u00e3o\",\"alternateName\":\"BR21\",\"url\":\"https:\\\/\\\/folhadoleste.com.br\\\/\",\"logo\":{\"@type\":\"ImageObject\",\"inLanguage\":\"en-US\",\"@id\":\"https:\\\/\\\/folhadoleste.com.br\\\/#\\\/schema\\\/logo\\\/image\\\/\",\"url\":\"https:\\\/\\\/folhadoleste.com.br\\\/wp-content\\\/uploads\\\/2025\\\/12\\\/brasil-21-logomarca.avif\",\"contentUrl\":\"https:\\\/\\\/folhadoleste.com.br\\\/wp-content\\\/uploads\\\/2025\\\/12\\\/brasil-21-logomarca.avif\",\"width\":1044,\"height\":1044,\"caption\":\"Brasil 21 Comunica\u00e7\u00e3o\"},\"image\":{\"@id\":\"https:\\\/\\\/folhadoleste.com.br\\\/#\\\/schema\\\/logo\\\/image\\\/\"},\"sameAs\":[\"https:\\\/\\\/www.facebook.com\\\/folhadoleste\",\"https:\\\/\\\/x.com\\\/FolhadoLesteRJ\",\"https:\\\/\\\/www.instagram.com\\\/folhadoleste\\\/\"]},{\"@type\":\"Person\",\"@id\":\"https:\\\/\\\/folhadoleste.com.br\\\/#\\\/schema\\\/person\\\/3e97145b2e1861276e84471aa85a3899\",\"name\":\"Folha do Leste\",\"image\":{\"@type\":\"ImageObject\",\"inLanguage\":\"en-US\",\"@id\":\"https:\\\/\\\/folhadoleste.com.br\\\/wp-content\\\/litespeed\\\/avatar\\\/1ca8c218432e7045e748610eb3db0259.jpg?ver=1777161142\",\"url\":\"https:\\\/\\\/folhadoleste.com.br\\\/wp-content\\\/litespeed\\\/avatar\\\/1ca8c218432e7045e748610eb3db0259.jpg?ver=1777161142\",\"contentUrl\":\"https:\\\/\\\/folhadoleste.com.br\\\/wp-content\\\/litespeed\\\/avatar\\\/1ca8c218432e7045e748610eb3db0259.jpg?ver=1777161142\",\"caption\":\"Folha do Leste\"},\"url\":\"https:\\\/\\\/folhadoleste.com.br\\\/en\\\/author\\\/reportagem-01\\\/\"}]}<\/script>\n<!-- \/ Yoast SEO plugin. -->","yoast_head_json":{"title":"Botafogo: Bastos brilha e enaltece elenco &#8226; Folha do Leste","description":"Botafogo: Bastos brilha e enaltece elenco. O zagueiro angolano Bastos se tornou pe\u00e7a fundamental na zaga do Botafogo...","robots":{"index":"index","follow":"follow","max-snippet":"max-snippet:-1","max-image-preview":"max-image-preview:large","max-video-preview":"max-video-preview:-1"},"canonical":"https:\/\/folhadoleste.com.br\/en\/botafogo-bastos-brilha-e-enaltece-elenco\/","og_locale":"en_US","og_type":"article","og_title":"Botafogo: Bastos brilha e enaltece elenco &#8226; Folha do Leste","og_description":"Futebol &#8226; 3 de June de 2024 &#8226; Folha do Leste","og_url":"https:\/\/folhadoleste.com.br\/en\/botafogo-bastos-brilha-e-enaltece-elenco\/","og_site_name":"Folha do Leste","article_publisher":"https:\/\/www.facebook.com\/folhadoleste","article_published_time":"2024-06-03T20:23:43+00:00","og_image":[{"width":1200,"height":750,"url":"https:\/\/folhadoleste.com.br\/wp-content\/uploads\/2024\/06\/Botafogo-Bastos-brilha-e-enaltece-elenco-Foto-Vitor-Silva-Botafogo.webp","type":"image\/webp"}],"author":"Folha do Leste","twitter_card":"summary_large_image","twitter_creator":"@FolhadoLesteRJ","twitter_site":"@FolhadoLesteRJ","twitter_misc":{"Written by":"Folha do Leste","Est. reading time":"2 minutes"},"schema":{"@context":"https:\/\/schema.org","@graph":[{"@type":"NewsArticle","@id":"https:\/\/folhadoleste.com.br\/botafogo-bastos-brilha-e-enaltece-elenco\/#article","isPartOf":{"@id":"https:\/\/folhadoleste.com.br\/botafogo-bastos-brilha-e-enaltece-elenco\/"},"author":{"name":"Folha do Leste","@id":"https:\/\/folhadoleste.com.br\/#\/schema\/person\/3e97145b2e1861276e84471aa85a3899"},"headline":"Botafogo: Bastos brilha e enaltece elenco","datePublished":"2024-06-03T20:23:43+00:00","mainEntityOfPage":{"@id":"https:\/\/folhadoleste.com.br\/botafogo-bastos-brilha-e-enaltece-elenco\/"},"wordCount":245,"commentCount":0,"publisher":{"@id":"https:\/\/folhadoleste.com.br\/#organization"},"image":{"@id":"https:\/\/folhadoleste.com.br\/botafogo-bastos-brilha-e-enaltece-elenco\/#primaryimage"},"thumbnailUrl":"https:\/\/folhadoleste.com.br\/wp-content\/uploads\/2024\/06\/Botafogo-Bastos-brilha-e-enaltece-elenco-Foto-Vitor-Silva-Botafogo.webp","keywords":["Artur Jorge","Bastos","botafogo","Consist\u00eancia","Dedica\u00e7\u00e3o","Esportes","evolu\u00e7\u00e3o","futebol","futuro promissor","Protagonismo","sucesso","Titular","torcida","Trabalho duro","zagueiro"],"articleSection":["Esportes","Futebol"],"inLanguage":"en-US","potentialAction":[{"@type":"CommentAction","name":"Comment","target":["https:\/\/folhadoleste.com.br\/botafogo-bastos-brilha-e-enaltece-elenco\/#respond"]}]},{"@type":"WebPage","@id":"https:\/\/folhadoleste.com.br\/botafogo-bastos-brilha-e-enaltece-elenco\/","url":"https:\/\/folhadoleste.com.br\/botafogo-bastos-brilha-e-enaltece-elenco\/","name":"Botafogo: Bastos brilha e enaltece elenco &#8226; Folha do Leste","isPartOf":{"@id":"https:\/\/folhadoleste.com.br\/#website"},"primaryImageOfPage":{"@id":"https:\/\/folhadoleste.com.br\/botafogo-bastos-brilha-e-enaltece-elenco\/#primaryimage"},"image":{"@id":"https:\/\/folhadoleste.com.br\/botafogo-bastos-brilha-e-enaltece-elenco\/#primaryimage"},"thumbnailUrl":"https:\/\/folhadoleste.com.br\/wp-content\/uploads\/2024\/06\/Botafogo-Bastos-brilha-e-enaltece-elenco-Foto-Vitor-Silva-Botafogo.webp","datePublished":"2024-06-03T20:23:43+00:00","description":"Botafogo: Bastos brilha e enaltece elenco. O zagueiro angolano Bastos se tornou pe\u00e7a fundamental na zaga do Botafogo...","breadcrumb":{"@id":"https:\/\/folhadoleste.com.br\/botafogo-bastos-brilha-e-enaltece-elenco\/#breadcrumb"},"inLanguage":"en-US","potentialAction":[{"@type":"ReadAction","target":["https:\/\/folhadoleste.com.br\/botafogo-bastos-brilha-e-enaltece-elenco\/"]}]},{"@type":"ImageObject","inLanguage":"en-US","@id":"https:\/\/folhadoleste.com.br\/botafogo-bastos-brilha-e-enaltece-elenco\/#primaryimage","url":"https:\/\/folhadoleste.com.br\/wp-content\/uploads\/2024\/06\/Botafogo-Bastos-brilha-e-enaltece-elenco-Foto-Vitor-Silva-Botafogo.webp","contentUrl":"https:\/\/folhadoleste.com.br\/wp-content\/uploads\/2024\/06\/Botafogo-Bastos-brilha-e-enaltece-elenco-Foto-Vitor-Silva-Botafogo.webp","width":1200,"height":750,"caption":"Botafogo: Bastos brilha e enaltece elenco | Vitor Silva\/Botafogo"},{"@type":"BreadcrumbList","@id":"https:\/\/folhadoleste.com.br\/botafogo-bastos-brilha-e-enaltece-elenco\/#breadcrumb","itemListElement":[{"@type":"ListItem","position":1,"name":"In\u00edcio","item":"https:\/\/folhadoleste.com.br\/"},{"@type":"ListItem","position":2,"name":"Esportes","item":"https:\/\/folhadoleste.com.br\/category\/esportes\/"},{"@type":"ListItem","position":3,"name":"Futebol","item":"https:\/\/folhadoleste.com.br\/category\/esportes\/futebol-esportes\/"},{"@type":"ListItem","position":4,"name":"Botafogo: Bastos brilha e enaltece elenco"}]},{"@type":"WebSite","@id":"https:\/\/folhadoleste.com.br\/#website","url":"https:\/\/folhadoleste.com.br\/","name":"Folha do Leste","description":"Portal de Not\u00edcias com \u00eanfase em Niter\u00f3i, criando conte\u00fados desde a capital Rio de Janeiro, com olhar para o Leste Fluminense e suas cidades como S\u00e3o Gon\u00e7alo, Itabora\u00ed, Rio Bonito, Maric\u00e1, Saquarema e Araruama","publisher":{"@id":"https:\/\/folhadoleste.com.br\/#organization"},"alternateName":"FL","potentialAction":[{"@type":"SearchAction","target":{"@type":"EntryPoint","urlTemplate":"https:\/\/folhadoleste.com.br\/?s={search_term_string}"},"query-input":{"@type":"PropertyValueSpecification","valueRequired":true,"valueName":"search_term_string"}}],"inLanguage":"en-US"},{"@type":"Organization","@id":"https:\/\/folhadoleste.com.br\/#organization","name":"Brasil 21 Comunica\u00e7\u00e3o","alternateName":"BR21","url":"https:\/\/folhadoleste.com.br\/","logo":{"@type":"ImageObject","inLanguage":"en-US","@id":"https:\/\/folhadoleste.com.br\/#\/schema\/logo\/image\/","url":"https:\/\/folhadoleste.com.br\/wp-content\/uploads\/2025\/12\/brasil-21-logomarca.avif","contentUrl":"https:\/\/folhadoleste.com.br\/wp-content\/uploads\/2025\/12\/brasil-21-logomarca.avif","width":1044,"height":1044,"caption":"Brasil 21 Comunica\u00e7\u00e3o"},"image":{"@id":"https:\/\/folhadoleste.com.br\/#\/schema\/logo\/image\/"},"sameAs":["https:\/\/www.facebook.com\/folhadoleste","https:\/\/x.com\/FolhadoLesteRJ","https:\/\/www.instagram.com\/folhadoleste\/"]},{"@type":"Person","@id":"https:\/\/folhadoleste.com.br\/#\/schema\/person\/3e97145b2e1861276e84471aa85a3899","name":"Folha do Leste","image":{"@type":"ImageObject","inLanguage":"en-US","@id":"https:\/\/folhadoleste.com.br\/wp-content\/litespeed\/avatar\/1ca8c218432e7045e748610eb3db0259.jpg?ver=1777161142","url":"https:\/\/folhadoleste.com.br\/wp-content\/litespeed\/avatar\/1ca8c218432e7045e748610eb3db0259.jpg?ver=1777161142","contentUrl":"https:\/\/folhadoleste.com.br\/wp-content\/litespeed\/avatar\/1ca8c218432e7045e748610eb3db0259.jpg?ver=1777161142","caption":"Folha do Leste"},"url":"https:\/\/folhadoleste.com.br\/en\/author\/reportagem-01\/"}]}},"_links":{"self":[{"href":"https:\/\/folhadoleste.com.br\/en\/wp-json\/wp\/v2\/posts\/69169","targetHints":{"allow":["GET"]}}],"collection":[{"href":"https:\/\/folhadoleste.com.br\/en\/wp-json\/wp\/v2\/posts"}],"about":[{"href":"https:\/\/folhadoleste.com.br\/en\/wp-json\/wp\/v2\/types\/post"}],"author":[{"embeddable":true,"href":"https:\/\/folhadoleste.com.br\/en\/wp-json\/wp\/v2\/users\/4"}],"replies":[{"embeddable":true,"href":"https:\/\/folhadoleste.com.br\/en\/wp-json\/wp\/v2\/comments?post=69169"}],"version-history":[{"count":1,"href":"https:\/\/folhadoleste.com.br\/en\/wp-json\/wp\/v2\/posts\/69169\/revisions"}],"predecessor-version":[{"id":69172,"href":"https:\/\/folhadoleste.com.br\/en\/wp-json\/wp\/v2\/posts\/69169\/revisions\/69172"}],"wp:featuredmedia":[{"embeddable":true,"href":"https:\/\/folhadoleste.com.br\/en\/wp-json\/wp\/v2\/media\/69171"}],"wp:attachment":[{"href":"https:\/\/folhadoleste.com.br\/en\/wp-json\/wp\/v2\/media?parent=69169"}],"wp:term":[{"taxonomy":"category","embeddable":true,"href":"https:\/\/folhadoleste.com.br\/en\/wp-json\/wp\/v2\/categories?post=69169"},{"taxonomy":"post_tag","embeddable":true,"href":"https:\/\/folhadoleste.com.br\/en\/wp-json\/wp\/v2\/tags?post=69169"}],"curies":[{"name":"wp","href":"https:\/\/api.w.org\/{rel}","templated":true}]}}