{"id":68990,"date":"2024-06-02T09:42:34","date_gmt":"2024-06-02T12:42:34","guid":{"rendered":"https:\/\/folhadoleste.com.br\/?p=68990"},"modified":"2024-06-02T09:42:34","modified_gmt":"2024-06-02T12:42:34","slug":"cet-rio-monta-esquema-especial-para-vasco-x-flamengo-no-maracana","status":"publish","type":"post","link":"https:\/\/folhadoleste.com.br\/en\/cet-rio-monta-esquema-especial-para-vasco-x-flamengo-no-maracana\/","title":{"rendered":"CET-Rio monta esquema especial para Vasco x Flamengo no Maracan\u00e3"},"content":{"rendered":"<div id=\"attachment_68992\" style=\"width: 2058px\" class=\"wp-caption aligncenter\"><a href=\"https:\/\/folhadoleste.com.br\/wp-content\/uploads\/2024\/06\/CET-Rio-monta-esquema-especial-para-Vasco-x-Flamengo-no-Maracana-Foto-Divulgacao-Arquivo-Prefeitura-do-Rio.jpg\"><img decoding=\"async\" aria-describedby=\"caption-attachment-68992\" class=\"size-full wp-image-68992\" src=\"https:\/\/folhadoleste.com.br\/wp-content\/uploads\/2024\/06\/CET-Rio-monta-esquema-especial-para-Vasco-x-Flamengo-no-Maracana-Foto-Divulgacao-Arquivo-Prefeitura-do-Rio.jpg\" alt=\"CET-Rio monta esquema especial para Vasco x Flamengo no Maracan\u00e3\" width=\"2048\" height=\"1365\" \/><\/a><p id=\"caption-attachment-68992\" class=\"wp-caption-text\">CET-Rio monta esquema especial para Vasco x Flamengo no Maracan\u00e3 | Divulga\u00e7\u00e3o\/Arquivo\/Prefeitura do Rio<\/p><\/div>\n<p style=\"text-align: justify;\" data-sourcepos=\"3:1-3:39\">Domingo \u00e9 dia de cl\u00e1ssico no Maracan\u00e3! Vasco e Flamengo se enfrentam neste domingo (02), \u00e0s 16h, pela 7\u00aa rodada do Campeonato Brasileiro. E para garantir a seguran\u00e7a de todos, a CET-Rio preparou um esquema especial de tr\u00e2nsito na regi\u00e3o do est\u00e1dio.<\/p>\n<h6><span style=\"color: #ff0000;\"><strong>+<\/strong><\/span> <span style=\"color: #000000;\">LEIA TAMB\u00c9M: \u25ba<\/span><a href=\"https:\/\/folhadoleste.com.br\/en\/vasco-x-flamengo-informacoes-escalacoes-onde-assistir\/\"><strong>Vasco x Flamengo: Informa\u00e7\u00f5es, escala\u00e7\u00f5es, onde assistir<\/strong><\/a><\/h6>\n<p style=\"text-align: justify;\" data-sourcepos=\"5:1-5:25\">Dessa forma, a partir das 13h, haver\u00e1 interdi\u00e7\u00f5es ao tr\u00e2nsito de ve\u00edculos no entorno do Maracan\u00e3. Assim, para garantir a fluidez do tr\u00e2nsito e evitar congestionamentos, a CET-Rio contar\u00e1 com 60 agentes e apoiadores de tr\u00e1fego, 8 ve\u00edculos operacionais e 12 motocicletas. Al\u00e9m disso, 13 pain\u00e9is de mensagens vari\u00e1veis informar\u00e3o sobre os hor\u00e1rios dos fechamentos e as rotas alternativas.<\/p>\n<h5 style=\"text-align: center;\"><span style=\"color: #000000;\"><span style=\"color: #ff0000;\"><strong>+ <\/strong><\/span><\/span><span style=\"color: #000000;\"><span style=\"color: #ff9900;\"><strong>MAIS NOT\u00cdCIAS DO RIO DE JANEIRO?<\/strong><\/span> <span style=\"color: #008080;\"><strong><a style=\"color: #008080;\" href=\"https:\/\/folhadoleste.com.br\/en\/category\/rio-de-janeiro-capital\/\">CLIQUE AQUI<\/a><\/strong><\/span><\/span><\/h5>\n<p style=\"text-align: justify;\" data-sourcepos=\"7:1-7:279\">Enfim, t\u00e9cnicos da CET-Rio tamb\u00e9m estar\u00e3o monitorando toda a movimenta\u00e7\u00e3o do tr\u00e2nsito em tempo real por meio de c\u00e2meras instaladas no Centro de Opera\u00e7\u00f5es Rio (COR). Assim, se necess\u00e1rio, ser\u00e3o feitos ajustes na programa\u00e7\u00e3o semaf\u00f3rica para garantir as melhores condi\u00e7\u00f5es vi\u00e1rias para todos.<\/p>\n<h4 style=\"text-align: justify;\"><strong>Interdi\u00e7\u00f5es<\/strong><\/h4>\n<p style=\"text-align: justify;\"><strong><em>Das 13h \u00e0s 20h<\/em><\/strong><br \/>\n\u2013 Rua Professor Eurico Rabelo<br \/>\n\u2013 Rua Artur Menezes<br \/>\n\u2013 Rua Conselheiro Oleg\u00e1rio<br \/>\n\u2013 Rua Isidro de Figueiredo<br \/>\n\u2013 Rua Visconde de Itamarati, entre a Rua S\u00e3o Francisco Xavier e a Avenida Professor Eurico Rabelo<br \/>\n\u2013 Avenida Maracan\u00e3, ambos os sentidos, entre a Rua S\u00e3o Francisco Xavier e a Rua Mata Machado<br \/>\n\u2013 Viaduto Oduvaldo Cozzi e seus acessos<br \/>\n\u2013 Avenida Rei Pel\u00e9, todas as faixas no sentido Centro, entre a Rua S\u00e3o Francisco Xavier at\u00e9 a altura do Museu do \u00cdndio, incluindo a al\u00e7a de acesso \u00e0 Avenida Maracan\u00e3<br \/>\n\u2013 Rua Mata Machado, entre a Avenida Paula Sousa e a Avenida Maracan\u00e3<br \/>\n\u2013 Avenida Professor Manoel de Abreu, sentido Centro, entre a Rua S\u00e3o Francisco Xavier e a Avenida Rei Pel\u00e9<br \/>\n\u2013 Rua Dona Zulmira, entre a Avenida Professor Manoel de Abreu e a Rua S\u00e3o Francisco Xavier<\/p>\n<h4 style=\"text-align: justify;\"><strong>Proibi\u00e7\u00e3o de estacionamento<\/strong><\/h4>\n<p style=\"text-align: justify;\"><strong><em>Das 10h \u00e0s 20h<\/em><\/strong><br \/>\n\u2013 Rua Professor Eurico Rabelo<br \/>\n\u2013 Rua Visconde de Itamarati, entre a Rua S\u00e3o Francisco Xavier e a Rua Professor Eurico Rabelo<br \/>\n\u2013 Rua Isidro de Figueiredo<br \/>\n\u2013 Rua Artur Menezes<br \/>\n\u2013 Rua Conselheiro Oleg\u00e1rio<br \/>\n\u2013 Avenida Paula Sousa, lado esquerdo, entre a Rua S\u00e3o Francisco Xavier e a Rua Professor Eurico Rabelo<\/p>\n<h4 style=\"text-align: justify;\"><strong>Rotas alternativas<\/strong><\/h4>\n<p style=\"text-align: justify;\"><strong><em>Provenientes do Centro e Zona Sul<\/em><\/strong><br \/>\n\u2013 Para a Tijuca: Utilizar a Avenida Paulo de Frontin e Rua Dr. Satamini, ou seguir pela Pra\u00e7a da Bandeira, Rua Par\u00e1 ou Rua Para\u00edba e, em seguida, Rua Mariz e Barros<br \/>\n\u2013 Para Vila Isabel e Graja\u00fa: Utilizar a Avenida Paulo de Frontin e Rua Dr. Satamini, ou seguir pela Pra\u00e7a da Bandeira, Rua Par\u00e1 ou Rua Para\u00edba, Rua Mariz e Barros e, em seguida, Rua Major \u00c1vila e Rua Felipe Camar\u00e3o<br \/>\n\u2013 Para a regi\u00e3o do Grande M\u00e9ier: Utilizar a Rua Visconde de Niter\u00f3i<\/p>\n<p style=\"text-align: justify;\"><strong><em>Provenientes da Tijuca, Graja\u00fa, Vila Isabel e entorno<\/em><\/strong><br \/>\n\u2013 Para o Centro e Zona Sul: Utilizar a Rua Conde de Bonfim e a Rua Haddock Lobo<\/p>\n<p style=\"text-align: justify;\"><strong><em>Provenientes do Grande M\u00e9ier<\/em><\/strong><br \/>\n\u2013 Para o Centro e Zona Sul: Utilizar a Rua Visconde de Niter\u00f3i<\/p>\n<h4 style=\"text-align: justify;\"><strong>Recomenda\u00e7\u00f5es<\/strong><\/h4>\n<p style=\"text-align: justify;\">\u2013 Respeite os locais e hor\u00e1rios de proibi\u00e7\u00e3o de estacionamento<br \/>\n\u2013 D\u00ea prefer\u00eancia ao transporte p\u00fablico, como o trem da Supervia e o metr\u00f4<br \/>\n\u2013 Evite circular de carro pela regi\u00e3o onde ocorrer\u00e1 a partida<br \/>\n\u2013 Para a seguran\u00e7a de todos, os pedestres s\u00f3 devem fazer a travessia das vias nos locais sinalizados<\/p>\n<p><a href=\"https:\/\/folhadoleste.com.br\/wp-content\/uploads\/2024\/05\/Ajude-o-Rio-Grande-do-Sul-Campanha-Oficial-Folha-do-Leste.jpg\"><img decoding=\"async\" class=\"aligncenter size-full wp-image-64672\" src=\"https:\/\/folhadoleste.com.br\/wp-content\/uploads\/2024\/05\/Ajude-o-Rio-Grande-do-Sul-Campanha-Oficial-Folha-do-Leste.jpg\" alt=\"\" width=\"728\" height=\"250\" \/><\/a><\/p>\n<p>&nbsp;<\/p>\n<p>&nbsp;<\/p>\n<p><a href=\"https:\/\/www.instagram.com\/folhadoleste\/\"><img decoding=\"async\" class=\"aligncenter wp-image-15962\" src=\"https:\/\/folhadoleste.com.br\/wp-content\/uploads\/2023\/07\/instagram.jpg.webp\" alt=\"Itaipu-Itaipua\u00e7u: Caminh\u00e3o causa grave acidente na RJ-102, a estrada da Serrinha\" width=\"49\" height=\"49\" \/><\/a><a href=\"https:\/\/www.facebook.com\/folhadoleste\"><img decoding=\"async\" class=\"aligncenter wp-image-7424\" src=\"https:\/\/folhadoleste.com.br\/wp-content\/uploads\/2023\/05\/facebook-logo-3-1.png.webp\" alt=\"Itaipu-Itaipua\u00e7u: Caminh\u00e3o causa grave acidente na RJ-102, a estrada da Serrinha\" width=\"49\" height=\"49\" \/><\/a><\/p>","protected":false},"excerpt":{"rendered":"<p>Domingo \u00e9 dia de cl\u00e1ssico no Maracan\u00e3! Vasco e Flamengo se enfrentam neste domingo (02), \u00e0s 16h, pela 7\u00aa rodada do Campeonato Brasileiro. E para garantir a seguran\u00e7a de todos, a CET-Rio preparou um esquema especial de tr\u00e2nsito na regi\u00e3o do est\u00e1dio. + LEIA TAMB\u00c9M: \u25baVasco x Flamengo: Informa\u00e7\u00f5es, escala\u00e7\u00f5es, onde assistir Dessa forma, a partir das 13h, haver\u00e1 interdi\u00e7\u00f5es ao tr\u00e2nsito de ve\u00edculos no entorno do Maracan\u00e3. Assim, para garantir a fluidez do tr\u00e2nsito e evitar congestionamentos, a CET-Rio contar\u00e1 com 60 agentes e apoiadores de tr\u00e1fego, 8 ve\u00edculos operacionais e 12 motocicletas. Al\u00e9m disso, 13 pain\u00e9is de mensagens [&hellip;]<\/p>\n","protected":false},"author":4,"featured_media":68992,"comment_status":"open","ping_status":"open","sticky":false,"template":"","format":"standard","meta":{"footnotes":""},"categories":[67],"tags":[28367,2482,10707,23798,380,285,25887,1698,286,4923,9246,9728,93,23796,585,28366,730,5147,104,5477],"class_list":["post-68990","post","type-post","status-publish","format-standard","has-post-thumbnail","hentry","category-rio-de-janeiro-capital","tag-caronas","tag-cet-rio","tag-classico","tag-desvios","tag-dicas","tag-flamengo","tag-fluidez","tag-interdicoes","tag-maracana","tag-monitoramento","tag-paciencia","tag-planejamento","tag-rio-de-janeiro","tag-rotas-alternativas","tag-seguranca","tag-sinalizacoes","tag-transito","tag-transporte-publico","tag-vasco","tag-vasco-x-flamengo","post--single"],"yoast_head":"<!-- This site is optimized with the Yoast SEO plugin v27.4 - https:\/\/yoast.com\/product\/yoast-seo-wordpress\/ -->\n<title>CET-Rio monta esquema especial para Vasco x Flamengo no Maracan\u00e3<\/title>\n<meta name=\"description\" content=\"CET-Rio monta esquema especial para Vasco x Flamengo no Maracan\u00e3. Confira as dicas para aproveitar o cl\u00e1ssico com seguran\u00e7a e tranquilidade...\" \/>\n<meta name=\"robots\" content=\"index, follow, max-snippet:-1, max-image-preview:large, max-video-preview:-1\" \/>\n<link rel=\"canonical\" href=\"https:\/\/folhadoleste.com.br\/en\/cet-rio-monta-esquema-especial-para-vasco-x-flamengo-no-maracana\/\" \/>\n<meta property=\"og:locale\" content=\"en_US\" \/>\n<meta property=\"og:type\" content=\"article\" \/>\n<meta property=\"og:title\" content=\"CET-Rio monta esquema especial para Vasco x Flamengo no Maracan\u00e3\" \/>\n<meta property=\"og:description\" content=\"Rio de Janeiro - Capital &#8226; 2 de June de 2024 &#8226; Folha do Leste\" \/>\n<meta property=\"og:url\" content=\"https:\/\/folhadoleste.com.br\/en\/cet-rio-monta-esquema-especial-para-vasco-x-flamengo-no-maracana\/\" \/>\n<meta property=\"og:site_name\" content=\"Folha do Leste\" \/>\n<meta property=\"article:publisher\" content=\"https:\/\/www.facebook.com\/folhadoleste\" \/>\n<meta property=\"article:published_time\" content=\"2024-06-02T12:42:34+00:00\" \/>\n<meta property=\"og:image\" content=\"https:\/\/folhadoleste.com.br\/wp-content\/uploads\/2024\/06\/CET-Rio-monta-esquema-especial-para-Vasco-x-Flamengo-no-Maracana-Foto-Divulgacao-Arquivo-Prefeitura-do-Rio.jpg\" \/>\n\t<meta property=\"og:image:width\" content=\"2048\" \/>\n\t<meta property=\"og:image:height\" content=\"1365\" \/>\n\t<meta property=\"og:image:type\" content=\"image\/jpeg\" \/>\n<meta name=\"author\" content=\"Folha do Leste\" \/>\n<meta name=\"twitter:card\" content=\"summary_large_image\" \/>\n<meta name=\"twitter:creator\" content=\"@FolhadoLesteRJ\" \/>\n<meta name=\"twitter:site\" content=\"@FolhadoLesteRJ\" \/>\n<meta name=\"twitter:label1\" content=\"Written by\" \/>\n\t<meta name=\"twitter:data1\" content=\"Folha do Leste\" \/>\n\t<meta name=\"twitter:label2\" content=\"Est. reading time\" \/>\n\t<meta name=\"twitter:data2\" content=\"5 minutes\" \/>\n<script type=\"application\/ld+json\" class=\"yoast-schema-graph\">{\"@context\":\"https:\\\/\\\/schema.org\",\"@graph\":[{\"@type\":\"NewsArticle\",\"@id\":\"https:\\\/\\\/folhadoleste.com.br\\\/cet-rio-monta-esquema-especial-para-vasco-x-flamengo-no-maracana\\\/#article\",\"isPartOf\":{\"@id\":\"https:\\\/\\\/folhadoleste.com.br\\\/cet-rio-monta-esquema-especial-para-vasco-x-flamengo-no-maracana\\\/\"},\"author\":{\"name\":\"Folha do Leste\",\"@id\":\"https:\\\/\\\/folhadoleste.com.br\\\/#\\\/schema\\\/person\\\/3e97145b2e1861276e84471aa85a3899\"},\"headline\":\"CET-Rio monta esquema especial para Vasco x Flamengo no Maracan\u00e3\",\"datePublished\":\"2024-06-02T12:42:34+00:00\",\"mainEntityOfPage\":{\"@id\":\"https:\\\/\\\/folhadoleste.com.br\\\/cet-rio-monta-esquema-especial-para-vasco-x-flamengo-no-maracana\\\/\"},\"wordCount\":619,\"commentCount\":0,\"publisher\":{\"@id\":\"https:\\\/\\\/folhadoleste.com.br\\\/#organization\"},\"image\":{\"@id\":\"https:\\\/\\\/folhadoleste.com.br\\\/cet-rio-monta-esquema-especial-para-vasco-x-flamengo-no-maracana\\\/#primaryimage\"},\"thumbnailUrl\":\"https:\\\/\\\/folhadoleste.com.br\\\/wp-content\\\/uploads\\\/2024\\\/06\\\/CET-Rio-monta-esquema-especial-para-Vasco-x-Flamengo-no-Maracana-Foto-Divulgacao-Arquivo-Prefeitura-do-Rio.jpg\",\"keywords\":[\"Caronas\",\"CET-Rio\",\"cl\u00e1ssico\",\"Desvios\",\"dicas\",\"Flamengo\",\"Fluidez\",\"interdi\u00e7\u00f5es\",\"Maracan\u00e3\",\"monitoramento\",\"Paci\u00eancia\",\"planejamento\",\"Rio de Janeiro\",\"Rotas Alternativas\",\"seguran\u00e7a\",\"sinaliza\u00e7\u00f5es\",\"Tr\u00e2nsito\",\"transporte p\u00fablico\",\"Vasco\",\"Vasco x Flamengo\"],\"articleSection\":[\"Rio de Janeiro - Capital\"],\"inLanguage\":\"en-US\",\"potentialAction\":[{\"@type\":\"CommentAction\",\"name\":\"Comment\",\"target\":[\"https:\\\/\\\/folhadoleste.com.br\\\/cet-rio-monta-esquema-especial-para-vasco-x-flamengo-no-maracana\\\/#respond\"]}]},{\"@type\":\"WebPage\",\"@id\":\"https:\\\/\\\/folhadoleste.com.br\\\/cet-rio-monta-esquema-especial-para-vasco-x-flamengo-no-maracana\\\/\",\"url\":\"https:\\\/\\\/folhadoleste.com.br\\\/cet-rio-monta-esquema-especial-para-vasco-x-flamengo-no-maracana\\\/\",\"name\":\"CET-Rio monta esquema especial para Vasco x Flamengo no Maracan\u00e3\",\"isPartOf\":{\"@id\":\"https:\\\/\\\/folhadoleste.com.br\\\/#website\"},\"primaryImageOfPage\":{\"@id\":\"https:\\\/\\\/folhadoleste.com.br\\\/cet-rio-monta-esquema-especial-para-vasco-x-flamengo-no-maracana\\\/#primaryimage\"},\"image\":{\"@id\":\"https:\\\/\\\/folhadoleste.com.br\\\/cet-rio-monta-esquema-especial-para-vasco-x-flamengo-no-maracana\\\/#primaryimage\"},\"thumbnailUrl\":\"https:\\\/\\\/folhadoleste.com.br\\\/wp-content\\\/uploads\\\/2024\\\/06\\\/CET-Rio-monta-esquema-especial-para-Vasco-x-Flamengo-no-Maracana-Foto-Divulgacao-Arquivo-Prefeitura-do-Rio.jpg\",\"datePublished\":\"2024-06-02T12:42:34+00:00\",\"description\":\"CET-Rio monta esquema especial para Vasco x Flamengo no Maracan\u00e3. Confira as dicas para aproveitar o cl\u00e1ssico com seguran\u00e7a e tranquilidade...\",\"breadcrumb\":{\"@id\":\"https:\\\/\\\/folhadoleste.com.br\\\/cet-rio-monta-esquema-especial-para-vasco-x-flamengo-no-maracana\\\/#breadcrumb\"},\"inLanguage\":\"en-US\",\"potentialAction\":[{\"@type\":\"ReadAction\",\"target\":[\"https:\\\/\\\/folhadoleste.com.br\\\/cet-rio-monta-esquema-especial-para-vasco-x-flamengo-no-maracana\\\/\"]}]},{\"@type\":\"ImageObject\",\"inLanguage\":\"en-US\",\"@id\":\"https:\\\/\\\/folhadoleste.com.br\\\/cet-rio-monta-esquema-especial-para-vasco-x-flamengo-no-maracana\\\/#primaryimage\",\"url\":\"https:\\\/\\\/folhadoleste.com.br\\\/wp-content\\\/uploads\\\/2024\\\/06\\\/CET-Rio-monta-esquema-especial-para-Vasco-x-Flamengo-no-Maracana-Foto-Divulgacao-Arquivo-Prefeitura-do-Rio.jpg\",\"contentUrl\":\"https:\\\/\\\/folhadoleste.com.br\\\/wp-content\\\/uploads\\\/2024\\\/06\\\/CET-Rio-monta-esquema-especial-para-Vasco-x-Flamengo-no-Maracana-Foto-Divulgacao-Arquivo-Prefeitura-do-Rio.jpg\",\"width\":2048,\"height\":1365,\"caption\":\"CET-Rio monta esquema especial para Vasco x Flamengo no Maracan\u00e3 | Divulga\u00e7\u00e3o\\\/Arquivo\\\/Prefeitura do Rio\"},{\"@type\":\"BreadcrumbList\",\"@id\":\"https:\\\/\\\/folhadoleste.com.br\\\/cet-rio-monta-esquema-especial-para-vasco-x-flamengo-no-maracana\\\/#breadcrumb\",\"itemListElement\":[{\"@type\":\"ListItem\",\"position\":1,\"name\":\"In\u00edcio\",\"item\":\"https:\\\/\\\/folhadoleste.com.br\\\/\"},{\"@type\":\"ListItem\",\"position\":2,\"name\":\"Rio de Janeiro - Capital\",\"item\":\"https:\\\/\\\/folhadoleste.com.br\\\/category\\\/rio-de-janeiro-capital\\\/\"},{\"@type\":\"ListItem\",\"position\":3,\"name\":\"CET-Rio monta esquema especial para Vasco x Flamengo no Maracan\u00e3\"}]},{\"@type\":\"WebSite\",\"@id\":\"https:\\\/\\\/folhadoleste.com.br\\\/#website\",\"url\":\"https:\\\/\\\/folhadoleste.com.br\\\/\",\"name\":\"Folha do Leste\",\"description\":\"Portal de Not\u00edcias com \u00eanfase em Niter\u00f3i, criando conte\u00fados desde a capital Rio de Janeiro, com olhar para o Leste Fluminense e suas cidades como S\u00e3o Gon\u00e7alo, Itabora\u00ed, Rio Bonito, Maric\u00e1, Saquarema e Araruama\",\"publisher\":{\"@id\":\"https:\\\/\\\/folhadoleste.com.br\\\/#organization\"},\"alternateName\":\"FL\",\"potentialAction\":[{\"@type\":\"SearchAction\",\"target\":{\"@type\":\"EntryPoint\",\"urlTemplate\":\"https:\\\/\\\/folhadoleste.com.br\\\/?s={search_term_string}\"},\"query-input\":{\"@type\":\"PropertyValueSpecification\",\"valueRequired\":true,\"valueName\":\"search_term_string\"}}],\"inLanguage\":\"en-US\"},{\"@type\":\"Organization\",\"@id\":\"https:\\\/\\\/folhadoleste.com.br\\\/#organization\",\"name\":\"Brasil 21 Comunica\u00e7\u00e3o\",\"alternateName\":\"BR21\",\"url\":\"https:\\\/\\\/folhadoleste.com.br\\\/\",\"logo\":{\"@type\":\"ImageObject\",\"inLanguage\":\"en-US\",\"@id\":\"https:\\\/\\\/folhadoleste.com.br\\\/#\\\/schema\\\/logo\\\/image\\\/\",\"url\":\"https:\\\/\\\/folhadoleste.com.br\\\/wp-content\\\/uploads\\\/2025\\\/12\\\/brasil-21-logomarca.avif\",\"contentUrl\":\"https:\\\/\\\/folhadoleste.com.br\\\/wp-content\\\/uploads\\\/2025\\\/12\\\/brasil-21-logomarca.avif\",\"width\":1044,\"height\":1044,\"caption\":\"Brasil 21 Comunica\u00e7\u00e3o\"},\"image\":{\"@id\":\"https:\\\/\\\/folhadoleste.com.br\\\/#\\\/schema\\\/logo\\\/image\\\/\"},\"sameAs\":[\"https:\\\/\\\/www.facebook.com\\\/folhadoleste\",\"https:\\\/\\\/x.com\\\/FolhadoLesteRJ\",\"https:\\\/\\\/www.instagram.com\\\/folhadoleste\\\/\"]},{\"@type\":\"Person\",\"@id\":\"https:\\\/\\\/folhadoleste.com.br\\\/#\\\/schema\\\/person\\\/3e97145b2e1861276e84471aa85a3899\",\"name\":\"Folha do Leste\",\"image\":{\"@type\":\"ImageObject\",\"inLanguage\":\"en-US\",\"@id\":\"https:\\\/\\\/folhadoleste.com.br\\\/wp-content\\\/litespeed\\\/avatar\\\/1ca8c218432e7045e748610eb3db0259.jpg?ver=1777161142\",\"url\":\"https:\\\/\\\/folhadoleste.com.br\\\/wp-content\\\/litespeed\\\/avatar\\\/1ca8c218432e7045e748610eb3db0259.jpg?ver=1777161142\",\"contentUrl\":\"https:\\\/\\\/folhadoleste.com.br\\\/wp-content\\\/litespeed\\\/avatar\\\/1ca8c218432e7045e748610eb3db0259.jpg?ver=1777161142\",\"caption\":\"Folha do Leste\"},\"url\":\"https:\\\/\\\/folhadoleste.com.br\\\/en\\\/author\\\/reportagem-01\\\/\"}]}<\/script>\n<!-- \/ Yoast SEO plugin. -->","yoast_head_json":{"title":"CET-Rio monta esquema especial para Vasco x Flamengo no Maracan\u00e3","description":"CET-Rio monta esquema especial para Vasco x Flamengo no Maracan\u00e3. Confira as dicas para aproveitar o cl\u00e1ssico com seguran\u00e7a e tranquilidade...","robots":{"index":"index","follow":"follow","max-snippet":"max-snippet:-1","max-image-preview":"max-image-preview:large","max-video-preview":"max-video-preview:-1"},"canonical":"https:\/\/folhadoleste.com.br\/en\/cet-rio-monta-esquema-especial-para-vasco-x-flamengo-no-maracana\/","og_locale":"en_US","og_type":"article","og_title":"CET-Rio monta esquema especial para Vasco x Flamengo no Maracan\u00e3","og_description":"Rio de Janeiro - Capital &#8226; 2 de June de 2024 &#8226; Folha do Leste","og_url":"https:\/\/folhadoleste.com.br\/en\/cet-rio-monta-esquema-especial-para-vasco-x-flamengo-no-maracana\/","og_site_name":"Folha do Leste","article_publisher":"https:\/\/www.facebook.com\/folhadoleste","article_published_time":"2024-06-02T12:42:34+00:00","og_image":[{"width":2048,"height":1365,"url":"https:\/\/folhadoleste.com.br\/wp-content\/uploads\/2024\/06\/CET-Rio-monta-esquema-especial-para-Vasco-x-Flamengo-no-Maracana-Foto-Divulgacao-Arquivo-Prefeitura-do-Rio.jpg","type":"image\/jpeg"}],"author":"Folha do Leste","twitter_card":"summary_large_image","twitter_creator":"@FolhadoLesteRJ","twitter_site":"@FolhadoLesteRJ","twitter_misc":{"Written by":"Folha do Leste","Est. reading time":"5 minutes"},"schema":{"@context":"https:\/\/schema.org","@graph":[{"@type":"NewsArticle","@id":"https:\/\/folhadoleste.com.br\/cet-rio-monta-esquema-especial-para-vasco-x-flamengo-no-maracana\/#article","isPartOf":{"@id":"https:\/\/folhadoleste.com.br\/cet-rio-monta-esquema-especial-para-vasco-x-flamengo-no-maracana\/"},"author":{"name":"Folha do Leste","@id":"https:\/\/folhadoleste.com.br\/#\/schema\/person\/3e97145b2e1861276e84471aa85a3899"},"headline":"CET-Rio monta esquema especial para Vasco x Flamengo no Maracan\u00e3","datePublished":"2024-06-02T12:42:34+00:00","mainEntityOfPage":{"@id":"https:\/\/folhadoleste.com.br\/cet-rio-monta-esquema-especial-para-vasco-x-flamengo-no-maracana\/"},"wordCount":619,"commentCount":0,"publisher":{"@id":"https:\/\/folhadoleste.com.br\/#organization"},"image":{"@id":"https:\/\/folhadoleste.com.br\/cet-rio-monta-esquema-especial-para-vasco-x-flamengo-no-maracana\/#primaryimage"},"thumbnailUrl":"https:\/\/folhadoleste.com.br\/wp-content\/uploads\/2024\/06\/CET-Rio-monta-esquema-especial-para-Vasco-x-Flamengo-no-Maracana-Foto-Divulgacao-Arquivo-Prefeitura-do-Rio.jpg","keywords":["Caronas","CET-Rio","cl\u00e1ssico","Desvios","dicas","Flamengo","Fluidez","interdi\u00e7\u00f5es","Maracan\u00e3","monitoramento","Paci\u00eancia","planejamento","Rio de Janeiro","Rotas Alternativas","seguran\u00e7a","sinaliza\u00e7\u00f5es","Tr\u00e2nsito","transporte p\u00fablico","Vasco","Vasco x Flamengo"],"articleSection":["Rio de Janeiro - Capital"],"inLanguage":"en-US","potentialAction":[{"@type":"CommentAction","name":"Comment","target":["https:\/\/folhadoleste.com.br\/cet-rio-monta-esquema-especial-para-vasco-x-flamengo-no-maracana\/#respond"]}]},{"@type":"WebPage","@id":"https:\/\/folhadoleste.com.br\/cet-rio-monta-esquema-especial-para-vasco-x-flamengo-no-maracana\/","url":"https:\/\/folhadoleste.com.br\/cet-rio-monta-esquema-especial-para-vasco-x-flamengo-no-maracana\/","name":"CET-Rio monta esquema especial para Vasco x Flamengo no Maracan\u00e3","isPartOf":{"@id":"https:\/\/folhadoleste.com.br\/#website"},"primaryImageOfPage":{"@id":"https:\/\/folhadoleste.com.br\/cet-rio-monta-esquema-especial-para-vasco-x-flamengo-no-maracana\/#primaryimage"},"image":{"@id":"https:\/\/folhadoleste.com.br\/cet-rio-monta-esquema-especial-para-vasco-x-flamengo-no-maracana\/#primaryimage"},"thumbnailUrl":"https:\/\/folhadoleste.com.br\/wp-content\/uploads\/2024\/06\/CET-Rio-monta-esquema-especial-para-Vasco-x-Flamengo-no-Maracana-Foto-Divulgacao-Arquivo-Prefeitura-do-Rio.jpg","datePublished":"2024-06-02T12:42:34+00:00","description":"CET-Rio monta esquema especial para Vasco x Flamengo no Maracan\u00e3. Confira as dicas para aproveitar o cl\u00e1ssico com seguran\u00e7a e tranquilidade...","breadcrumb":{"@id":"https:\/\/folhadoleste.com.br\/cet-rio-monta-esquema-especial-para-vasco-x-flamengo-no-maracana\/#breadcrumb"},"inLanguage":"en-US","potentialAction":[{"@type":"ReadAction","target":["https:\/\/folhadoleste.com.br\/cet-rio-monta-esquema-especial-para-vasco-x-flamengo-no-maracana\/"]}]},{"@type":"ImageObject","inLanguage":"en-US","@id":"https:\/\/folhadoleste.com.br\/cet-rio-monta-esquema-especial-para-vasco-x-flamengo-no-maracana\/#primaryimage","url":"https:\/\/folhadoleste.com.br\/wp-content\/uploads\/2024\/06\/CET-Rio-monta-esquema-especial-para-Vasco-x-Flamengo-no-Maracana-Foto-Divulgacao-Arquivo-Prefeitura-do-Rio.jpg","contentUrl":"https:\/\/folhadoleste.com.br\/wp-content\/uploads\/2024\/06\/CET-Rio-monta-esquema-especial-para-Vasco-x-Flamengo-no-Maracana-Foto-Divulgacao-Arquivo-Prefeitura-do-Rio.jpg","width":2048,"height":1365,"caption":"CET-Rio monta esquema especial para Vasco x Flamengo no Maracan\u00e3 | Divulga\u00e7\u00e3o\/Arquivo\/Prefeitura do Rio"},{"@type":"BreadcrumbList","@id":"https:\/\/folhadoleste.com.br\/cet-rio-monta-esquema-especial-para-vasco-x-flamengo-no-maracana\/#breadcrumb","itemListElement":[{"@type":"ListItem","position":1,"name":"In\u00edcio","item":"https:\/\/folhadoleste.com.br\/"},{"@type":"ListItem","position":2,"name":"Rio de Janeiro - Capital","item":"https:\/\/folhadoleste.com.br\/category\/rio-de-janeiro-capital\/"},{"@type":"ListItem","position":3,"name":"CET-Rio monta esquema especial para Vasco x Flamengo no Maracan\u00e3"}]},{"@type":"WebSite","@id":"https:\/\/folhadoleste.com.br\/#website","url":"https:\/\/folhadoleste.com.br\/","name":"Folha do Leste","description":"Portal de Not\u00edcias com \u00eanfase em Niter\u00f3i, criando conte\u00fados desde a capital Rio de Janeiro, com olhar para o Leste Fluminense e suas cidades como S\u00e3o Gon\u00e7alo, Itabora\u00ed, Rio Bonito, Maric\u00e1, Saquarema e Araruama","publisher":{"@id":"https:\/\/folhadoleste.com.br\/#organization"},"alternateName":"FL","potentialAction":[{"@type":"SearchAction","target":{"@type":"EntryPoint","urlTemplate":"https:\/\/folhadoleste.com.br\/?s={search_term_string}"},"query-input":{"@type":"PropertyValueSpecification","valueRequired":true,"valueName":"search_term_string"}}],"inLanguage":"en-US"},{"@type":"Organization","@id":"https:\/\/folhadoleste.com.br\/#organization","name":"Brasil 21 Comunica\u00e7\u00e3o","alternateName":"BR21","url":"https:\/\/folhadoleste.com.br\/","logo":{"@type":"ImageObject","inLanguage":"en-US","@id":"https:\/\/folhadoleste.com.br\/#\/schema\/logo\/image\/","url":"https:\/\/folhadoleste.com.br\/wp-content\/uploads\/2025\/12\/brasil-21-logomarca.avif","contentUrl":"https:\/\/folhadoleste.com.br\/wp-content\/uploads\/2025\/12\/brasil-21-logomarca.avif","width":1044,"height":1044,"caption":"Brasil 21 Comunica\u00e7\u00e3o"},"image":{"@id":"https:\/\/folhadoleste.com.br\/#\/schema\/logo\/image\/"},"sameAs":["https:\/\/www.facebook.com\/folhadoleste","https:\/\/x.com\/FolhadoLesteRJ","https:\/\/www.instagram.com\/folhadoleste\/"]},{"@type":"Person","@id":"https:\/\/folhadoleste.com.br\/#\/schema\/person\/3e97145b2e1861276e84471aa85a3899","name":"Folha do Leste","image":{"@type":"ImageObject","inLanguage":"en-US","@id":"https:\/\/folhadoleste.com.br\/wp-content\/litespeed\/avatar\/1ca8c218432e7045e748610eb3db0259.jpg?ver=1777161142","url":"https:\/\/folhadoleste.com.br\/wp-content\/litespeed\/avatar\/1ca8c218432e7045e748610eb3db0259.jpg?ver=1777161142","contentUrl":"https:\/\/folhadoleste.com.br\/wp-content\/litespeed\/avatar\/1ca8c218432e7045e748610eb3db0259.jpg?ver=1777161142","caption":"Folha do Leste"},"url":"https:\/\/folhadoleste.com.br\/en\/author\/reportagem-01\/"}]}},"_links":{"self":[{"href":"https:\/\/folhadoleste.com.br\/en\/wp-json\/wp\/v2\/posts\/68990","targetHints":{"allow":["GET"]}}],"collection":[{"href":"https:\/\/folhadoleste.com.br\/en\/wp-json\/wp\/v2\/posts"}],"about":[{"href":"https:\/\/folhadoleste.com.br\/en\/wp-json\/wp\/v2\/types\/post"}],"author":[{"embeddable":true,"href":"https:\/\/folhadoleste.com.br\/en\/wp-json\/wp\/v2\/users\/4"}],"replies":[{"embeddable":true,"href":"https:\/\/folhadoleste.com.br\/en\/wp-json\/wp\/v2\/comments?post=68990"}],"version-history":[{"count":1,"href":"https:\/\/folhadoleste.com.br\/en\/wp-json\/wp\/v2\/posts\/68990\/revisions"}],"predecessor-version":[{"id":68993,"href":"https:\/\/folhadoleste.com.br\/en\/wp-json\/wp\/v2\/posts\/68990\/revisions\/68993"}],"wp:featuredmedia":[{"embeddable":true,"href":"https:\/\/folhadoleste.com.br\/en\/wp-json\/wp\/v2\/media\/68992"}],"wp:attachment":[{"href":"https:\/\/folhadoleste.com.br\/en\/wp-json\/wp\/v2\/media?parent=68990"}],"wp:term":[{"taxonomy":"category","embeddable":true,"href":"https:\/\/folhadoleste.com.br\/en\/wp-json\/wp\/v2\/categories?post=68990"},{"taxonomy":"post_tag","embeddable":true,"href":"https:\/\/folhadoleste.com.br\/en\/wp-json\/wp\/v2\/tags?post=68990"}],"curies":[{"name":"wp","href":"https:\/\/api.w.org\/{rel}","templated":true}]}}