{"id":67644,"date":"2024-05-25T13:25:11","date_gmt":"2024-05-25T16:25:11","guid":{"rendered":"https:\/\/folhadoleste.com.br\/?p=67644"},"modified":"2024-05-25T16:59:44","modified_gmt":"2024-05-25T19:59:44","slug":"crianca-baleada-em-duque-de-caxias","status":"publish","type":"post","link":"https:\/\/folhadoleste.com.br\/en\/crianca-baleada-em-duque-de-caxias\/","title":{"rendered":"Crian\u00e7a baleada em Duque de Caxias"},"content":{"rendered":"<div id=\"attachment_67652\" style=\"width: 1290px\" class=\"wp-caption aligncenter\"><a href=\"https:\/\/folhadoleste.com.br\/wp-content\/uploads\/2024\/05\/Crianca-baleada-por-bala-perdida-em-Duque-de-Caxias-Foto-Reproducao-Internet.jpg\"><img decoding=\"async\" aria-describedby=\"caption-attachment-67652\" class=\"size-full wp-image-67652\" src=\"https:\/\/folhadoleste.com.br\/wp-content\/uploads\/2024\/05\/Crianca-baleada-por-bala-perdida-em-Duque-de-Caxias-Foto-Reproducao-Internet.jpg\" alt=\"Crian\u00e7a baleada por bala perdida em Duque de Caxias\" width=\"1280\" height=\"853\" \/><\/a><p id=\"caption-attachment-67652\" class=\"wp-caption-text\">Crian\u00e7a baleada em Duque de Caxias | Reprodu\u00e7\u00e3o\/Internet<\/p><\/div>\n<p style=\"text-align: justify;\" data-sourcepos=\"3:1-3:25\">Uma menina de apenas 7 anos se tornou mais uma v\u00edtima da viol\u00eancia na tarde desta sexta-feira (24), no Complexo da Mangueirinha, em Duque de Caxias, na Baixada Fluminense, ao ser atingida por uma bala perdida durante uma opera\u00e7\u00e3o policial na regi\u00e3o.<\/p>\n<h6><span style=\"color: #ff0000;\"><strong>+<\/strong><\/span> <span style=\"color: #000000;\">LEIA TAMB\u00c9M: \u25ba<\/span><a href=\"https:\/\/folhadoleste.com.br\/en\/rs-nivel-do-guaiba-cai-16cm-mas-segue-alto-e-em-alerta\/\"><strong>RS: N\u00edvel do Gua\u00edba cai 16cm, mas segue alto e em alerta<\/strong><\/a><\/h6>\n<p style=\"text-align: justify;\" data-sourcepos=\"7:1-7:106\">Segundo relatos de moradores, a menina estava brincando na rua quando baleada. V\u00eddeos que circulam nas redes sociais mostram um helic\u00f3ptero sobrevoando a comunidade no momento do incidente.<\/p>\n<h6><span style=\"color: #000000;\"><a href=\"https:\/\/folhadoleste.com.br\/en\/policia-prende-homem-com-fuzil-na-cidade-de-deus\/\"><strong>\u25ba RIO DE JANEIRO: Pol\u00edcia prende homem com fuzil na Cidade de Deus &#8211; V\u00cdDEO<\/strong><\/a><\/span><\/h6>\n<p style=\"text-align: justify;\" data-sourcepos=\"15:1-15:244\">Familiares prestaram socorro \u00e0 crian\u00e7a, levando-a para o Hospital Municipal Dr. Moacyr Rodrigues do Carmo. Segundo a Secretaria Municipal de Sa\u00fade de Duque de Caxias, ela deu entrada na sala vermelha \u00e0s 16h33, com ferimento na perna esquerda, mas sem sinais de fratura.<\/p>\n<h6><span style=\"color: #ff0000;\"><strong>+<\/strong><\/span> <span style=\"color: #000000;\">LEIA TAMB\u00c9M:\u00a0<\/span><a href=\"https:\/\/folhadoleste.com.br\/en\/rio-303-casos-de-covid-19-e-9-mortes-na-ultima-semana\/\"><strong>\u25ba Rio registra 303 casos de Covid-19, com 9 mortes na \u00faltima semana<\/strong><\/a><\/h6>\n<h6><\/h6>\n<p style=\"text-align: justify;\" data-sourcepos=\"15:1-15:244\">Posteriormente, j\u00e1 em estado consider\u00e1vel hemodinamicamente est\u00e1vel, a crian\u00e7a foi transferida o Hospital Municipalizado Ad\u00e3o Pereira Nunes. L\u00e1, ela segue em observa\u00e7\u00e3o e acompanhamento pela equipe interdisciplinar. A menina est\u00e1 com quadro de sa\u00fade est\u00e1vel, l\u00facida e orientada.<\/p>\n<h6><\/h6>\n<div style=\"width: 720px;\" class=\"wp-video\"><video class=\"wp-video-shortcode\" id=\"video-67644-1\" width=\"720\" height=\"900\" preload=\"metadata\" controls=\"controls\"><source type=\"video\/mp4\" src=\"https:\/\/folhadoleste.com.br\/wp-content\/uploads\/2024\/05\/Crianca-baleada-por-bala-perdida-em-Duque-de-Caxias.mp4?_=1\" \/><a href=\"https:\/\/folhadoleste.com.br\/wp-content\/uploads\/2024\/05\/Crianca-baleada-por-bala-perdida-em-Duque-de-Caxias.mp4\">https:\/\/folhadoleste.com.br\/wp-content\/uploads\/2024\/05\/Crianca-baleada-por-bala-perdida-em-Duque-de-Caxias.mp4<\/a><\/video><\/div>\n<p style=\"text-align: justify;\" data-sourcepos=\"11:1-11:358\">Agentes do 15\u00ba Batalh\u00e3o da PM (Duque de Caxias) realizavam patrulhamento na comunidade Mangueirinha e dizem que os criminosos que atuam no local lhes receberam com tiros. Apesar de confirmar a pris\u00e3o de um homem, a PM n\u00e3o detalhou se houve confronto. Ainda de acordo com a PM, a a\u00e7\u00e3o resultou na apreens\u00e3o de uma pistola calibre 9mm, um carregador e 1.311 trouxinhas de maconha.<\/p>\n<h6><span style=\"color: #ff0000;\"><strong>+<\/strong><\/span> <span style=\"color: #000000;\">LEIA TAMB\u00c9M:\u00a0<\/span><a href=\"https:\/\/folhadoleste.com.br\/en\/pedinte-agride-idosa-em-ponto-de-onibus-no-centro-de-niteroi\/\"><strong>\u25ba Pedinte agride idosa em ponto de \u00f4nibus no Centro de Niter\u00f3i<\/strong><\/a><\/h6>\n<p style=\"text-align: justify;\" data-sourcepos=\"21:1-21:129\">Por fim, o caso foi teve registro na 59\u00aa DP (Duque de Caxias), que ter\u00e1 a incumb\u00eancia de realizar as investiga\u00e7\u00f5es sobre o tiro que atingiu a menina.<\/p>\n<h6 style=\"text-align: center;\"><span style=\"color: #000000;\"><span style=\"color: #ff0000;\"><strong>+ <\/strong><\/span><\/span><span style=\"color: #000000;\"><strong><span style=\"color: #ff9900;\">MAIS NOT\u00cdCIAS DO ESTADO DO RIO DE JANEIRO?<\/span> <span style=\"color: #008080;\"><a style=\"color: #008080;\" href=\"https:\/\/folhadoleste.com.br\/en\/category\/estado-do-rio-de-janeiro\/\">CLIQUE AQUI<\/a><\/span><\/strong><\/span><\/h6>\n<p data-sourcepos=\"21:1-21:129\"><a href=\"https:\/\/folhadoleste.com.br\/wp-content\/uploads\/2024\/05\/Ajude-o-Rio-Grande-do-Sul-Campanha-Oficial-Folha-do-Leste.jpg\"><img decoding=\"async\" class=\"aligncenter size-full wp-image-64672\" src=\"https:\/\/folhadoleste.com.br\/wp-content\/uploads\/2024\/05\/Ajude-o-Rio-Grande-do-Sul-Campanha-Oficial-Folha-do-Leste.jpg\" alt=\"\" width=\"728\" height=\"250\" \/><\/a><\/p>\n<p data-sourcepos=\"21:1-21:129\"><a href=\"https:\/\/www.instagram.com\/folhadoleste\/\"><img decoding=\"async\" class=\"aligncenter wp-image-15962\" src=\"https:\/\/folhadoleste.com.br\/wp-content\/uploads\/2023\/07\/instagram.jpg.webp\" alt=\"Itaipu-Itaipua\u00e7u: Caminh\u00e3o causa grave acidente na RJ-102, a estrada da Serrinha\" width=\"49\" height=\"49\" \/><\/a><a href=\"https:\/\/www.facebook.com\/folhadoleste\"><img decoding=\"async\" class=\"aligncenter wp-image-7424\" src=\"https:\/\/folhadoleste.com.br\/wp-content\/uploads\/2023\/05\/facebook-logo-3-1.png.webp\" alt=\"Itaipu-Itaipua\u00e7u: Caminh\u00e3o causa grave acidente na RJ-102, a estrada da Serrinha\" width=\"49\" height=\"49\" \/><\/a><\/p>","protected":false},"excerpt":{"rendered":"<p>Uma menina de apenas 7 anos se tornou mais uma v\u00edtima da viol\u00eancia na tarde desta sexta-feira (24), no Complexo da Mangueirinha, em Duque de Caxias, na Baixada Fluminense, ao ser atingida por uma bala perdida durante uma opera\u00e7\u00e3o policial na regi\u00e3o. + LEIA TAMB\u00c9M: \u25baRS: N\u00edvel do Gua\u00edba cai 16cm, mas segue alto e em alerta Segundo relatos de moradores, a menina estava brincando na rua quando baleada. V\u00eddeos que circulam nas redes sociais mostram um helic\u00f3ptero sobrevoando a comunidade no momento do incidente. \u25ba RIO DE JANEIRO: Pol\u00edcia prende homem com fuzil na Cidade de Deus &#8211; V\u00cdDEO [&hellip;]<\/p>\n","protected":false},"author":4,"featured_media":67652,"comment_status":"open","ping_status":"open","sticky":false,"template":"","format":"standard","meta":{"footnotes":""},"categories":[2213,46],"tags":[3385,10055,10345,27580,2362,1758,1857,600,875,3605,864,697,27581,6586,824,3388,651],"class_list":["post-67644","post","type-post","status-publish","format-standard","has-post-thumbnail","hentry","category-noticias-da-baixada-fluminense","category-estado-do-rio-de-janeiro","tag-baixada-fluminense","tag-bala-perdida","tag-complexo-da-mangueirinha","tag-crianca-baleada","tag-crime","tag-direitos-humanos","tag-duque-de-caxias","tag-estado-do-rio","tag-hospital","tag-infancia","tag-investigacao","tag-justica","tag-menor-ferido","tag-operacao-policial","tag-seguranca-publica","tag-trafico-de-drogas","tag-violencia","post--single"],"yoast_head":"<!-- This site is optimized with the Yoast SEO plugin v27.4 - https:\/\/yoast.com\/product\/yoast-seo-wordpress\/ -->\n<title>Crian\u00e7a baleada em Duque de Caxias &#8226; Folha do Leste<\/title>\n<meta name=\"description\" content=\"Crian\u00e7a baleada em Duque de Caxias. Crian\u00e7a \u00e9 atingida por bala perdida em Duque de Caxias e gera como\u00e7\u00e3o...\" \/>\n<meta name=\"robots\" content=\"index, follow, max-snippet:-1, max-image-preview:large, max-video-preview:-1\" \/>\n<link rel=\"canonical\" href=\"https:\/\/folhadoleste.com.br\/en\/crianca-baleada-em-duque-de-caxias\/\" \/>\n<meta property=\"og:locale\" content=\"en_US\" \/>\n<meta property=\"og:type\" content=\"article\" \/>\n<meta property=\"og:title\" content=\"BAIXADA FLUMIENSE: Crian\u00e7a baleada em Duque de Caxias\" \/>\n<meta property=\"og:description\" content=\"Baixada Fluminense &#8226; 25 de May de 2024 &#8226; Folha do Leste\" \/>\n<meta property=\"og:url\" content=\"https:\/\/folhadoleste.com.br\/en\/crianca-baleada-em-duque-de-caxias\/\" \/>\n<meta property=\"og:site_name\" content=\"Folha do Leste\" \/>\n<meta property=\"article:publisher\" content=\"https:\/\/www.facebook.com\/folhadoleste\" \/>\n<meta property=\"article:published_time\" content=\"2024-05-25T16:25:11+00:00\" \/>\n<meta property=\"article:modified_time\" content=\"2024-05-25T19:59:44+00:00\" \/>\n<meta property=\"og:image\" content=\"https:\/\/folhadoleste.com.br\/wp-content\/uploads\/2024\/05\/Crianca-baleada-por-bala-perdida-em-Duque-de-Caxias-Foto-Reproducao-Internet.jpg\" \/>\n\t<meta property=\"og:image:width\" content=\"1280\" \/>\n\t<meta property=\"og:image:height\" content=\"853\" \/>\n\t<meta property=\"og:image:type\" content=\"image\/jpeg\" \/>\n<meta name=\"author\" content=\"Folha do Leste\" \/>\n<meta name=\"twitter:card\" content=\"summary_large_image\" \/>\n<meta name=\"twitter:creator\" content=\"@FolhadoLesteRJ\" \/>\n<meta name=\"twitter:site\" content=\"@FolhadoLesteRJ\" \/>\n<meta name=\"twitter:label1\" content=\"Written by\" \/>\n\t<meta name=\"twitter:data1\" content=\"Folha do Leste\" \/>\n\t<meta name=\"twitter:label2\" content=\"Est. reading time\" \/>\n\t<meta name=\"twitter:data2\" content=\"3 minutes\" \/>\n<script type=\"application\/ld+json\" class=\"yoast-schema-graph\">{\"@context\":\"https:\\\/\\\/schema.org\",\"@graph\":[{\"@type\":\"NewsArticle\",\"@id\":\"https:\\\/\\\/folhadoleste.com.br\\\/crianca-baleada-em-duque-de-caxias\\\/#article\",\"isPartOf\":{\"@id\":\"https:\\\/\\\/folhadoleste.com.br\\\/crianca-baleada-em-duque-de-caxias\\\/\"},\"author\":{\"name\":\"Folha do Leste\",\"@id\":\"https:\\\/\\\/folhadoleste.com.br\\\/#\\\/schema\\\/person\\\/3e97145b2e1861276e84471aa85a3899\"},\"headline\":\"Crian\u00e7a baleada em Duque de Caxias\",\"datePublished\":\"2024-05-25T16:25:11+00:00\",\"dateModified\":\"2024-05-25T19:59:44+00:00\",\"mainEntityOfPage\":{\"@id\":\"https:\\\/\\\/folhadoleste.com.br\\\/crianca-baleada-em-duque-de-caxias\\\/\"},\"wordCount\":370,\"commentCount\":0,\"publisher\":{\"@id\":\"https:\\\/\\\/folhadoleste.com.br\\\/#organization\"},\"image\":{\"@id\":\"https:\\\/\\\/folhadoleste.com.br\\\/crianca-baleada-em-duque-de-caxias\\\/#primaryimage\"},\"thumbnailUrl\":\"https:\\\/\\\/folhadoleste.com.br\\\/wp-content\\\/uploads\\\/2024\\\/05\\\/Crianca-baleada-por-bala-perdida-em-Duque-de-Caxias-Foto-Reproducao-Internet.jpg\",\"keywords\":[\"Baixada Fluminense\",\"bala perdida\",\"Complexo da Mangueirinha\",\"Crian\u00e7a Baleada\",\"crime\",\"Direitos Humanos\",\"Duque de Caxias\",\"estado do rio\",\"Hospital\",\"inf\u00e2ncia\",\"Investiga\u00e7\u00e3o\",\"Justi\u00e7a\",\"Menor Ferido\",\"Opera\u00e7\u00e3o Policial\",\"Seguran\u00e7a publica\",\"tr\u00e1fico de drogas\",\"viol\u00eancia\"],\"articleSection\":[\"Baixada Fluminense\",\"Estado do Rio de Janeiro\"],\"inLanguage\":\"en-US\",\"potentialAction\":[{\"@type\":\"CommentAction\",\"name\":\"Comment\",\"target\":[\"https:\\\/\\\/folhadoleste.com.br\\\/crianca-baleada-em-duque-de-caxias\\\/#respond\"]}]},{\"@type\":\"WebPage\",\"@id\":\"https:\\\/\\\/folhadoleste.com.br\\\/crianca-baleada-em-duque-de-caxias\\\/\",\"url\":\"https:\\\/\\\/folhadoleste.com.br\\\/crianca-baleada-em-duque-de-caxias\\\/\",\"name\":\"Crian\u00e7a baleada em Duque de Caxias &#8226; Folha do Leste\",\"isPartOf\":{\"@id\":\"https:\\\/\\\/folhadoleste.com.br\\\/#website\"},\"primaryImageOfPage\":{\"@id\":\"https:\\\/\\\/folhadoleste.com.br\\\/crianca-baleada-em-duque-de-caxias\\\/#primaryimage\"},\"image\":{\"@id\":\"https:\\\/\\\/folhadoleste.com.br\\\/crianca-baleada-em-duque-de-caxias\\\/#primaryimage\"},\"thumbnailUrl\":\"https:\\\/\\\/folhadoleste.com.br\\\/wp-content\\\/uploads\\\/2024\\\/05\\\/Crianca-baleada-por-bala-perdida-em-Duque-de-Caxias-Foto-Reproducao-Internet.jpg\",\"datePublished\":\"2024-05-25T16:25:11+00:00\",\"dateModified\":\"2024-05-25T19:59:44+00:00\",\"description\":\"Crian\u00e7a baleada em Duque de Caxias. Crian\u00e7a \u00e9 atingida por bala perdida em Duque de Caxias e gera como\u00e7\u00e3o...\",\"breadcrumb\":{\"@id\":\"https:\\\/\\\/folhadoleste.com.br\\\/crianca-baleada-em-duque-de-caxias\\\/#breadcrumb\"},\"inLanguage\":\"en-US\",\"potentialAction\":[{\"@type\":\"ReadAction\",\"target\":[\"https:\\\/\\\/folhadoleste.com.br\\\/crianca-baleada-em-duque-de-caxias\\\/\"]}]},{\"@type\":\"ImageObject\",\"inLanguage\":\"en-US\",\"@id\":\"https:\\\/\\\/folhadoleste.com.br\\\/crianca-baleada-em-duque-de-caxias\\\/#primaryimage\",\"url\":\"https:\\\/\\\/folhadoleste.com.br\\\/wp-content\\\/uploads\\\/2024\\\/05\\\/Crianca-baleada-por-bala-perdida-em-Duque-de-Caxias-Foto-Reproducao-Internet.jpg\",\"contentUrl\":\"https:\\\/\\\/folhadoleste.com.br\\\/wp-content\\\/uploads\\\/2024\\\/05\\\/Crianca-baleada-por-bala-perdida-em-Duque-de-Caxias-Foto-Reproducao-Internet.jpg\",\"width\":1280,\"height\":853,\"caption\":\"Crian\u00e7a baleada por bala perdida em Duque de Caxias | Reprodu\u00e7\u00e3o\\\/Internet\"},{\"@type\":\"BreadcrumbList\",\"@id\":\"https:\\\/\\\/folhadoleste.com.br\\\/crianca-baleada-em-duque-de-caxias\\\/#breadcrumb\",\"itemListElement\":[{\"@type\":\"ListItem\",\"position\":1,\"name\":\"In\u00edcio\",\"item\":\"https:\\\/\\\/folhadoleste.com.br\\\/\"},{\"@type\":\"ListItem\",\"position\":2,\"name\":\"Estado do Rio de Janeiro\",\"item\":\"https:\\\/\\\/folhadoleste.com.br\\\/category\\\/estado-do-rio-de-janeiro\\\/\"},{\"@type\":\"ListItem\",\"position\":3,\"name\":\"Baixada Fluminense\",\"item\":\"https:\\\/\\\/folhadoleste.com.br\\\/category\\\/estado-do-rio-de-janeiro\\\/noticias-da-baixada-fluminense\\\/\"},{\"@type\":\"ListItem\",\"position\":4,\"name\":\"Crian\u00e7a baleada em Duque de Caxias\"}]},{\"@type\":\"WebSite\",\"@id\":\"https:\\\/\\\/folhadoleste.com.br\\\/#website\",\"url\":\"https:\\\/\\\/folhadoleste.com.br\\\/\",\"name\":\"Folha do Leste\",\"description\":\"Portal de Not\u00edcias com \u00eanfase em Niter\u00f3i, criando conte\u00fados desde a capital Rio de Janeiro, com olhar para o Leste Fluminense e suas cidades como S\u00e3o Gon\u00e7alo, Itabora\u00ed, Rio Bonito, Maric\u00e1, Saquarema e Araruama\",\"publisher\":{\"@id\":\"https:\\\/\\\/folhadoleste.com.br\\\/#organization\"},\"alternateName\":\"FL\",\"potentialAction\":[{\"@type\":\"SearchAction\",\"target\":{\"@type\":\"EntryPoint\",\"urlTemplate\":\"https:\\\/\\\/folhadoleste.com.br\\\/?s={search_term_string}\"},\"query-input\":{\"@type\":\"PropertyValueSpecification\",\"valueRequired\":true,\"valueName\":\"search_term_string\"}}],\"inLanguage\":\"en-US\"},{\"@type\":\"Organization\",\"@id\":\"https:\\\/\\\/folhadoleste.com.br\\\/#organization\",\"name\":\"Brasil 21 Comunica\u00e7\u00e3o\",\"alternateName\":\"BR21\",\"url\":\"https:\\\/\\\/folhadoleste.com.br\\\/\",\"logo\":{\"@type\":\"ImageObject\",\"inLanguage\":\"en-US\",\"@id\":\"https:\\\/\\\/folhadoleste.com.br\\\/#\\\/schema\\\/logo\\\/image\\\/\",\"url\":\"https:\\\/\\\/folhadoleste.com.br\\\/wp-content\\\/uploads\\\/2025\\\/12\\\/brasil-21-logomarca.avif\",\"contentUrl\":\"https:\\\/\\\/folhadoleste.com.br\\\/wp-content\\\/uploads\\\/2025\\\/12\\\/brasil-21-logomarca.avif\",\"width\":1044,\"height\":1044,\"caption\":\"Brasil 21 Comunica\u00e7\u00e3o\"},\"image\":{\"@id\":\"https:\\\/\\\/folhadoleste.com.br\\\/#\\\/schema\\\/logo\\\/image\\\/\"},\"sameAs\":[\"https:\\\/\\\/www.facebook.com\\\/folhadoleste\",\"https:\\\/\\\/x.com\\\/FolhadoLesteRJ\",\"https:\\\/\\\/www.instagram.com\\\/folhadoleste\\\/\"]},{\"@type\":\"Person\",\"@id\":\"https:\\\/\\\/folhadoleste.com.br\\\/#\\\/schema\\\/person\\\/3e97145b2e1861276e84471aa85a3899\",\"name\":\"Folha do Leste\",\"image\":{\"@type\":\"ImageObject\",\"inLanguage\":\"en-US\",\"@id\":\"https:\\\/\\\/folhadoleste.com.br\\\/wp-content\\\/litespeed\\\/avatar\\\/1ca8c218432e7045e748610eb3db0259.jpg?ver=1777161142\",\"url\":\"https:\\\/\\\/folhadoleste.com.br\\\/wp-content\\\/litespeed\\\/avatar\\\/1ca8c218432e7045e748610eb3db0259.jpg?ver=1777161142\",\"contentUrl\":\"https:\\\/\\\/folhadoleste.com.br\\\/wp-content\\\/litespeed\\\/avatar\\\/1ca8c218432e7045e748610eb3db0259.jpg?ver=1777161142\",\"caption\":\"Folha do Leste\"},\"url\":\"https:\\\/\\\/folhadoleste.com.br\\\/en\\\/author\\\/reportagem-01\\\/\"}]}<\/script>\n<!-- \/ Yoast SEO plugin. -->","yoast_head_json":{"title":"Crian\u00e7a baleada em Duque de Caxias &#8226; Folha do Leste","description":"Crian\u00e7a baleada em Duque de Caxias. Crian\u00e7a \u00e9 atingida por bala perdida em Duque de Caxias e gera como\u00e7\u00e3o...","robots":{"index":"index","follow":"follow","max-snippet":"max-snippet:-1","max-image-preview":"max-image-preview:large","max-video-preview":"max-video-preview:-1"},"canonical":"https:\/\/folhadoleste.com.br\/en\/crianca-baleada-em-duque-de-caxias\/","og_locale":"en_US","og_type":"article","og_title":"BAIXADA FLUMIENSE: Crian\u00e7a baleada em Duque de Caxias","og_description":"Baixada Fluminense &#8226; 25 de May de 2024 &#8226; Folha do Leste","og_url":"https:\/\/folhadoleste.com.br\/en\/crianca-baleada-em-duque-de-caxias\/","og_site_name":"Folha do Leste","article_publisher":"https:\/\/www.facebook.com\/folhadoleste","article_published_time":"2024-05-25T16:25:11+00:00","article_modified_time":"2024-05-25T19:59:44+00:00","og_image":[{"width":1280,"height":853,"url":"https:\/\/folhadoleste.com.br\/wp-content\/uploads\/2024\/05\/Crianca-baleada-por-bala-perdida-em-Duque-de-Caxias-Foto-Reproducao-Internet.jpg","type":"image\/jpeg"}],"author":"Folha do Leste","twitter_card":"summary_large_image","twitter_creator":"@FolhadoLesteRJ","twitter_site":"@FolhadoLesteRJ","twitter_misc":{"Written by":"Folha do Leste","Est. reading time":"3 minutes"},"schema":{"@context":"https:\/\/schema.org","@graph":[{"@type":"NewsArticle","@id":"https:\/\/folhadoleste.com.br\/crianca-baleada-em-duque-de-caxias\/#article","isPartOf":{"@id":"https:\/\/folhadoleste.com.br\/crianca-baleada-em-duque-de-caxias\/"},"author":{"name":"Folha do Leste","@id":"https:\/\/folhadoleste.com.br\/#\/schema\/person\/3e97145b2e1861276e84471aa85a3899"},"headline":"Crian\u00e7a baleada em Duque de Caxias","datePublished":"2024-05-25T16:25:11+00:00","dateModified":"2024-05-25T19:59:44+00:00","mainEntityOfPage":{"@id":"https:\/\/folhadoleste.com.br\/crianca-baleada-em-duque-de-caxias\/"},"wordCount":370,"commentCount":0,"publisher":{"@id":"https:\/\/folhadoleste.com.br\/#organization"},"image":{"@id":"https:\/\/folhadoleste.com.br\/crianca-baleada-em-duque-de-caxias\/#primaryimage"},"thumbnailUrl":"https:\/\/folhadoleste.com.br\/wp-content\/uploads\/2024\/05\/Crianca-baleada-por-bala-perdida-em-Duque-de-Caxias-Foto-Reproducao-Internet.jpg","keywords":["Baixada Fluminense","bala perdida","Complexo da Mangueirinha","Crian\u00e7a Baleada","crime","Direitos Humanos","Duque de Caxias","estado do rio","Hospital","inf\u00e2ncia","Investiga\u00e7\u00e3o","Justi\u00e7a","Menor Ferido","Opera\u00e7\u00e3o Policial","Seguran\u00e7a publica","tr\u00e1fico de drogas","viol\u00eancia"],"articleSection":["Baixada Fluminense","Estado do Rio de Janeiro"],"inLanguage":"en-US","potentialAction":[{"@type":"CommentAction","name":"Comment","target":["https:\/\/folhadoleste.com.br\/crianca-baleada-em-duque-de-caxias\/#respond"]}]},{"@type":"WebPage","@id":"https:\/\/folhadoleste.com.br\/crianca-baleada-em-duque-de-caxias\/","url":"https:\/\/folhadoleste.com.br\/crianca-baleada-em-duque-de-caxias\/","name":"Crian\u00e7a baleada em Duque de Caxias &#8226; Folha do Leste","isPartOf":{"@id":"https:\/\/folhadoleste.com.br\/#website"},"primaryImageOfPage":{"@id":"https:\/\/folhadoleste.com.br\/crianca-baleada-em-duque-de-caxias\/#primaryimage"},"image":{"@id":"https:\/\/folhadoleste.com.br\/crianca-baleada-em-duque-de-caxias\/#primaryimage"},"thumbnailUrl":"https:\/\/folhadoleste.com.br\/wp-content\/uploads\/2024\/05\/Crianca-baleada-por-bala-perdida-em-Duque-de-Caxias-Foto-Reproducao-Internet.jpg","datePublished":"2024-05-25T16:25:11+00:00","dateModified":"2024-05-25T19:59:44+00:00","description":"Crian\u00e7a baleada em Duque de Caxias. Crian\u00e7a \u00e9 atingida por bala perdida em Duque de Caxias e gera como\u00e7\u00e3o...","breadcrumb":{"@id":"https:\/\/folhadoleste.com.br\/crianca-baleada-em-duque-de-caxias\/#breadcrumb"},"inLanguage":"en-US","potentialAction":[{"@type":"ReadAction","target":["https:\/\/folhadoleste.com.br\/crianca-baleada-em-duque-de-caxias\/"]}]},{"@type":"ImageObject","inLanguage":"en-US","@id":"https:\/\/folhadoleste.com.br\/crianca-baleada-em-duque-de-caxias\/#primaryimage","url":"https:\/\/folhadoleste.com.br\/wp-content\/uploads\/2024\/05\/Crianca-baleada-por-bala-perdida-em-Duque-de-Caxias-Foto-Reproducao-Internet.jpg","contentUrl":"https:\/\/folhadoleste.com.br\/wp-content\/uploads\/2024\/05\/Crianca-baleada-por-bala-perdida-em-Duque-de-Caxias-Foto-Reproducao-Internet.jpg","width":1280,"height":853,"caption":"Crian\u00e7a baleada por bala perdida em Duque de Caxias | Reprodu\u00e7\u00e3o\/Internet"},{"@type":"BreadcrumbList","@id":"https:\/\/folhadoleste.com.br\/crianca-baleada-em-duque-de-caxias\/#breadcrumb","itemListElement":[{"@type":"ListItem","position":1,"name":"In\u00edcio","item":"https:\/\/folhadoleste.com.br\/"},{"@type":"ListItem","position":2,"name":"Estado do Rio de Janeiro","item":"https:\/\/folhadoleste.com.br\/category\/estado-do-rio-de-janeiro\/"},{"@type":"ListItem","position":3,"name":"Baixada Fluminense","item":"https:\/\/folhadoleste.com.br\/category\/estado-do-rio-de-janeiro\/noticias-da-baixada-fluminense\/"},{"@type":"ListItem","position":4,"name":"Crian\u00e7a baleada em Duque de Caxias"}]},{"@type":"WebSite","@id":"https:\/\/folhadoleste.com.br\/#website","url":"https:\/\/folhadoleste.com.br\/","name":"Folha do Leste","description":"Portal de Not\u00edcias com \u00eanfase em Niter\u00f3i, criando conte\u00fados desde a capital Rio de Janeiro, com olhar para o Leste Fluminense e suas cidades como S\u00e3o Gon\u00e7alo, Itabora\u00ed, Rio Bonito, Maric\u00e1, Saquarema e Araruama","publisher":{"@id":"https:\/\/folhadoleste.com.br\/#organization"},"alternateName":"FL","potentialAction":[{"@type":"SearchAction","target":{"@type":"EntryPoint","urlTemplate":"https:\/\/folhadoleste.com.br\/?s={search_term_string}"},"query-input":{"@type":"PropertyValueSpecification","valueRequired":true,"valueName":"search_term_string"}}],"inLanguage":"en-US"},{"@type":"Organization","@id":"https:\/\/folhadoleste.com.br\/#organization","name":"Brasil 21 Comunica\u00e7\u00e3o","alternateName":"BR21","url":"https:\/\/folhadoleste.com.br\/","logo":{"@type":"ImageObject","inLanguage":"en-US","@id":"https:\/\/folhadoleste.com.br\/#\/schema\/logo\/image\/","url":"https:\/\/folhadoleste.com.br\/wp-content\/uploads\/2025\/12\/brasil-21-logomarca.avif","contentUrl":"https:\/\/folhadoleste.com.br\/wp-content\/uploads\/2025\/12\/brasil-21-logomarca.avif","width":1044,"height":1044,"caption":"Brasil 21 Comunica\u00e7\u00e3o"},"image":{"@id":"https:\/\/folhadoleste.com.br\/#\/schema\/logo\/image\/"},"sameAs":["https:\/\/www.facebook.com\/folhadoleste","https:\/\/x.com\/FolhadoLesteRJ","https:\/\/www.instagram.com\/folhadoleste\/"]},{"@type":"Person","@id":"https:\/\/folhadoleste.com.br\/#\/schema\/person\/3e97145b2e1861276e84471aa85a3899","name":"Folha do Leste","image":{"@type":"ImageObject","inLanguage":"en-US","@id":"https:\/\/folhadoleste.com.br\/wp-content\/litespeed\/avatar\/1ca8c218432e7045e748610eb3db0259.jpg?ver=1777161142","url":"https:\/\/folhadoleste.com.br\/wp-content\/litespeed\/avatar\/1ca8c218432e7045e748610eb3db0259.jpg?ver=1777161142","contentUrl":"https:\/\/folhadoleste.com.br\/wp-content\/litespeed\/avatar\/1ca8c218432e7045e748610eb3db0259.jpg?ver=1777161142","caption":"Folha do Leste"},"url":"https:\/\/folhadoleste.com.br\/en\/author\/reportagem-01\/"}]}},"_links":{"self":[{"href":"https:\/\/folhadoleste.com.br\/en\/wp-json\/wp\/v2\/posts\/67644","targetHints":{"allow":["GET"]}}],"collection":[{"href":"https:\/\/folhadoleste.com.br\/en\/wp-json\/wp\/v2\/posts"}],"about":[{"href":"https:\/\/folhadoleste.com.br\/en\/wp-json\/wp\/v2\/types\/post"}],"author":[{"embeddable":true,"href":"https:\/\/folhadoleste.com.br\/en\/wp-json\/wp\/v2\/users\/4"}],"replies":[{"embeddable":true,"href":"https:\/\/folhadoleste.com.br\/en\/wp-json\/wp\/v2\/comments?post=67644"}],"version-history":[{"count":4,"href":"https:\/\/folhadoleste.com.br\/en\/wp-json\/wp\/v2\/posts\/67644\/revisions"}],"predecessor-version":[{"id":67690,"href":"https:\/\/folhadoleste.com.br\/en\/wp-json\/wp\/v2\/posts\/67644\/revisions\/67690"}],"wp:featuredmedia":[{"embeddable":true,"href":"https:\/\/folhadoleste.com.br\/en\/wp-json\/wp\/v2\/media\/67652"}],"wp:attachment":[{"href":"https:\/\/folhadoleste.com.br\/en\/wp-json\/wp\/v2\/media?parent=67644"}],"wp:term":[{"taxonomy":"category","embeddable":true,"href":"https:\/\/folhadoleste.com.br\/en\/wp-json\/wp\/v2\/categories?post=67644"},{"taxonomy":"post_tag","embeddable":true,"href":"https:\/\/folhadoleste.com.br\/en\/wp-json\/wp\/v2\/tags?post=67644"}],"curies":[{"name":"wp","href":"https:\/\/api.w.org\/{rel}","templated":true}]}}