{"id":67212,"date":"2024-05-23T00:19:33","date_gmt":"2024-05-23T03:19:33","guid":{"rendered":"https:\/\/folhadoleste.com.br\/?p=67212"},"modified":"2024-05-23T00:20:13","modified_gmt":"2024-05-23T03:20:13","slug":"direitos-humanos-e-cidadania-de-niteroi-nova-secretaria","status":"publish","type":"post","link":"https:\/\/folhadoleste.com.br\/en\/direitos-humanos-e-cidadania-de-niteroi-nova-secretaria\/","title":{"rendered":"Direitos Humanos e Cidadania de Niter\u00f3i: nova secret\u00e1ria"},"content":{"rendered":"<div>\n<div id=\"attachment_67214\" style=\"width: 1609px\" class=\"wp-caption aligncenter\"><img decoding=\"async\" aria-describedby=\"caption-attachment-67214\" class=\"size-full wp-image-67214\" src=\"https:\/\/folhadoleste.com.br\/wp-content\/uploads\/2024\/05\/Elana-Costa-secretaria-de-direitos-humanos.jpeg\" alt=\"Elana Costa, secret\u00e1ria de direitos humanos\" width=\"1599\" height=\"1105\" \/><p id=\"caption-attachment-67214\" class=\"wp-caption-text\">Elana Costa, nova secret\u00e1ria Direitos Humanos e Cidadania de Niter\u00f3i | Divulga\u00e7\u00e3o<\/p><\/div>\n<\/div>\n<div style=\"text-align: justify;\">A secretaria de Direitos Humanos e Cidadania, em Niter\u00f3i, conta com uma nova uma nova titular desde o dia 7 desse m\u00eas. Trata-se de Elana Cristiana dos Santos Costa, graduada em comunica\u00e7\u00e3o social, pedagogia e mestra em\u00a0 educa\u00e7\u00e3o pela Universidade Federal Fluminense (UFF). Ela passa a fazer parte do governo Axel Grael (PDT) ap\u00f3s a exonera\u00e7\u00e3o da advogada Nadine Borges (PSB), e que decidiu apoiar a pr\u00e9-candidatura da deputada federal oposicionista Tal\u00edria Petrone (Psol) \u00e0 prefeitura municipal.<\/div>\n<div><\/div>\n<div>\n<h6 style=\"text-align: center;\"><span style=\"color: #000000;\"><span style=\"color: #ff0000;\"><strong>+ <\/strong><\/span><\/span><span style=\"color: #000000;\"><strong><span style=\"color: #ff9900;\">MAIS NOT\u00cdCIAS DE NITER\u00d3I?<\/span>\u00a0<\/strong><\/span><span style=\"color: #008080;\"><a style=\"color: #008080;\" href=\"https:\/\/folhadoleste.com.br\/en\/category\/jornal-folha-do-leste-rj\/niteroi\/\"><strong>CLIQUE AQUI<\/strong><\/a><\/span><\/h6>\n<\/div>\n<div><\/div>\n<div style=\"text-align: justify;\">Apesar de estar h\u00e1 apenas 15 dias no cargo, Elana Costa j\u00e1 alinhavou quais pol\u00edticas pretende executar atrav\u00e9s da secretaria. Nesse sentido, simplesmente adotar\u00e1 os princ\u00edpios fundamentais da Rep\u00fablica, t\u00e3o bem redigidos no primeiro t\u00edtulo da Constitui\u00e7\u00e3o Federal. N\u00e3o \u00e0 toa a Carta Magna recebeu o nome de Constitui\u00e7\u00e3o Cidad\u00e3.<\/div>\n<div><\/div>\n<div>\n<h6><span style=\"color: #ff0000;\"><strong>+<\/strong><\/span> <span style=\"color: #000000;\">LEIA TAMB\u00c9M: <\/span><a href=\"https:\/\/folhadoleste.com.br\/en\/peixe-gigante-e-encontrado-em-praia-de-niteroi-video\/\"><strong>\u25ba Peixe gigante \u00e9 encontrado em praia de Niter\u00f3i \u2013 V\u00cdDEO<\/strong><\/a><\/h6>\n<\/div>\n<div><\/div>\n<div style=\"text-align: justify;\">Elana afirma que seu trabalho ter\u00e1 foco na indu\u00e7\u00e3o, formula\u00e7\u00e3o e fortalecimento de pol\u00edticas p\u00fablicas que fomentem a\u00e7\u00f5es de cidadania e garantia de direitos fundamentais \u00e0 popula\u00e7\u00e3o mais vulner\u00e1vel da cidade.<\/div>\n<div><\/div>\n<div>\n<h6><span style=\"color: #ff0000;\"><strong>+<\/strong><\/span> <span style=\"color: #000000;\">LEIA TAMB\u00c9M: <\/span><a href=\"https:\/\/folhadoleste.com.br\/en\/mega-sena-acumula-e-premio-salta-para-r-42-milhoes\/\"><strong>\u25ba Mega-Sena acumula e pr\u00eamio salta para R$ 42 milh\u00f5es<\/strong><\/a><\/h6>\n<\/div>\n<div><\/div>\n<div style=\"text-align: justify;\">Por\u00e9m, quase sempre os objetivos, princ\u00edpios e fundamentos que lei maior estabelece, t\u00eam interpreta\u00e7\u00e3o distorcida, equivocada ou, simplesmente adaptada \u00e0 situa\u00e7\u00f5es que afrontam a cidadania e os direitos humanos. Sobretudo, nestes tempos em que debates sobre seguran\u00e7a p\u00fablica colidem com as a\u00e7\u00f5es p\u00fablicas de assist\u00eancia social e promo\u00e7\u00e3o \u00e0 dignidade da pessoa humana.<\/div>\n<div><\/div>\n<div><\/div>\n<blockquote>\n<div style=\"text-align: justify;\">\u201cNosso compromisso com a sociedade civil envolve o combate \u00e0s viola\u00e7\u00f5es de direitos, o enfrentamento ao racismo estrutural, a valoriza\u00e7\u00e3o das diferen\u00e7as, a aten\u00e7\u00e3o aos direitos das crian\u00e7as, adolescentes, adultos e idosos, ou seja, o compromisso com a dignidade humana para todas as pessoas, sem distin\u00e7\u00e3o de ra\u00e7a, etnia, g\u00eanero, religi\u00e3o, orienta\u00e7\u00e3o sexual ou idade\u201d, afirmou Elana.<\/div>\n<\/blockquote>\n<div>\n<h6 style=\"text-align: center;\"><span style=\"color: #000000;\"><span style=\"color: #ff0000;\"><strong>+ <\/strong><\/span><\/span><span style=\"color: #000000;\"><strong><span style=\"color: #ff9900;\">MAIS NOT\u00cdCIAS DO LESTE FLUMINENSE?<\/span> <span style=\"color: #008080;\"><a style=\"color: #008080;\" href=\"https:\/\/folhadoleste.com.br\/en\/category\/jornal-folha-do-leste-rj\/\">CLIQUE AQUI<\/a><\/span><\/strong><\/span><\/h6>\n<\/div>\n<div>\n<div style=\"text-align: justify;\">Contudo, mesmo com a pondera\u00e7\u00e3o adequada e necess\u00e1ria para o exerc\u00edcio do cargo, a nova secret\u00e1ria ter\u00e1 pela frente um gigantesco desafio: o da irracionalidade de alguns humanos.<\/div>\n<div><\/div>\n<div>\n<h6><span style=\"color: #ff0000;\"><strong>+<\/strong><\/span> <span style=\"color: #000000;\">LEIA TAMB\u00c9M: <\/span><a href=\"https:\/\/folhadoleste.com.br\/en\/programa-de-passagens-aereas-acessiveis-deve-chegar-em-junho\/\"><strong>\u25baPrograma de passagens a\u00e9reas acess\u00edveis deve chegar em junho<\/strong><\/a><\/h6>\n<\/div>\n<div><\/div>\n<div style=\"text-align: justify;\">Nos referimos, especificamente, a um grupo de indiv\u00edduos que se autoproclama como &#8220;cidad\u00e3o ou cidad\u00e3 de bem&#8221;. Alguns, estendem essa nobreza aos seus semelhantes. Para eles, por exemplo, o crime \u00e9 relativo. Constantemente, depende da etnia e da classe social de quem trafica; ou daquele que consome o t\u00f3xico. <span style=\"font-size: 1.21429rem;\">Analogamente<\/span>, depende da etnia ou classe social de quem est\u00e1 &#8220;portando uma arma&#8221;: em alguns casos, entender\u00e3o como um &#8220;colecionador&#8221;; noutros, assaltante de folga.<\/div>\n<div><\/div>\n<div>\n<h6><span style=\"color: #ff0000;\"><strong>+<\/strong><\/span> <span style=\"color: #000000;\">LEIA TAMB\u00c9M: <\/span><a href=\"https:\/\/folhadoleste.com.br\/en\/lei-de-sigilo-para-vitimas-de-violencia-domestica-e-sancionada\/\"><strong>\u25ba Lei de sigilo para v\u00edtimas de viol\u00eancia dom\u00e9stica \u00e9 sancionada<\/strong><\/a><\/h6>\n<\/div>\n<div><\/div>\n<div style=\"text-align: justify;\">Em suma, enquanto os &#8220;cidad\u00e3os ou cidad\u00e3s de bem&#8221; sempre ter\u00e3o a compreens\u00e3o de seus semelhantes para seus desvios, n\u00e3o restar\u00e1 nada &#8211; sen\u00e3o \u00f3dio &#8211; \u00e0queles que n\u00e3o pertencem a esta casta.<\/div>\n<div><\/div>\n<div>\n<h6><span style=\"color: #ff0000;\"><strong>+<\/strong><\/span> <span style=\"color: #000000;\">LEIA TAMB\u00c9M: <strong>\u25ba\u00a0<\/strong><\/span><strong><a href=\"https:\/\/folhadoleste.com.br\/en\/vacinacao-nas-escolas-pode-se-tornar-lei\/\">Vacina\u00e7\u00e3o nas escolas pode se tornar lei<\/a><\/strong><\/h6>\n<\/div>\n<\/div>\n<div><\/div>\n<div style=\"text-align: justify;\">Diante disso, resta-nos desejar, \u00e0 nova secret\u00e1ria, resili\u00eancia, paci\u00eancia, serenidade e equil\u00edbrio. Al\u00e9m dos desafios naturais que qualquer \u00e1rea na administra\u00e7\u00e3o p\u00fablica imp\u00f5e, Elana ter\u00e1 de se confrontar com um dos piores sentimentos que o ser humano \u00e9 capaz de produzir: o \u00f3dio.<\/div>\n<div><\/div>\n<div><img decoding=\"async\" class=\"aligncenter size-full wp-image-64672\" src=\"https:\/\/folhadoleste.com.br\/wp-content\/uploads\/2024\/05\/Ajude-o-Rio-Grande-do-Sul-Campanha-Oficial-Folha-do-Leste.jpg\" alt=\"\" width=\"728\" height=\"250\" \/><\/div>\n<div><a href=\"https:\/\/www.instagram.com\/folhadoleste\/\"><img decoding=\"async\" class=\"aligncenter wp-image-15962\" src=\"https:\/\/folhadoleste.com.br\/wp-content\/uploads\/2023\/07\/instagram.jpg.webp\" alt=\"Itaipu-Itaipua\u00e7u: Caminh\u00e3o causa grave acidente na RJ-102, a estrada da Serrinha\" width=\"49\" height=\"49\" \/><\/a><a href=\"https:\/\/www.facebook.com\/folhadoleste\"><img decoding=\"async\" class=\"aligncenter wp-image-7424\" src=\"https:\/\/folhadoleste.com.br\/wp-content\/uploads\/2023\/05\/facebook-logo-3-1.png.webp\" alt=\"Itaipu-Itaipua\u00e7u: Caminh\u00e3o causa grave acidente na RJ-102, a estrada da Serrinha\" width=\"49\" height=\"49\" \/><\/a><\/div>","protected":false},"excerpt":{"rendered":"<p>A secretaria de Direitos Humanos e Cidadania, em Niter\u00f3i, conta com uma nova uma nova titular desde o dia 7 desse m\u00eas. Trata-se de Elana Cristiana dos Santos Costa, graduada em comunica\u00e7\u00e3o social, pedagogia e mestra em\u00a0 educa\u00e7\u00e3o pela Universidade Federal Fluminense (UFF). Ela passa a fazer parte do governo Axel Grael (PDT) ap\u00f3s a exonera\u00e7\u00e3o da advogada Nadine Borges (PSB), e que decidiu apoiar a pr\u00e9-candidatura da deputada federal oposicionista Tal\u00edria Petrone (Psol) \u00e0 prefeitura municipal. + MAIS NOT\u00cdCIAS DE NITER\u00d3I?\u00a0CLIQUE AQUI Apesar de estar h\u00e1 apenas 15 dias no cargo, Elana Costa j\u00e1 alinhavou quais pol\u00edticas pretende executar [&hellip;]<\/p>\n","protected":false},"author":4,"featured_media":67214,"comment_status":"open","ping_status":"open","sticky":false,"template":"","format":"standard","meta":{"footnotes":""},"categories":[47,5],"tags":[2953,191,5054,27317,1758,27313,27318,27314,27315,7585,27316,957,26200,911,16203,51,4183],"class_list":["post-67212","post","type-post","status-publish","format-standard","has-post-thumbnail","hentry","category-leste-fluminense","category-noticias-de-niteroi","tag-assistencia-social","tag-axel-grael","tag-cidadania","tag-dignidade-da-pessoa-humana","tag-direitos-humanos","tag-elana-costa","tag-elana-cristiana-dos-santos-costa","tag-etnia","tag-genero","tag-nadine-borges","tag-orientacao-sexual","tag-politicas-publicas","tag-raca","tag-religiao","tag-taliria-petrone","tag-uff","tag-universidade-federal-fluminense","post--single"],"yoast_head":"<!-- This site is optimized with the Yoast SEO plugin v27.5 - https:\/\/yoast.com\/product\/yoast-seo-wordpress\/ -->\n<title>Direitos Humanos e Cidadania de Niter\u00f3i: nova secret\u00e1ria &#8226; Folha do Leste<\/title>\n<meta name=\"description\" content=\"Elana Cristiana dos Santos Costa, graduada em comunica\u00e7\u00e3o social, pedagogia e mestra em\u00a0 educa\u00e7\u00e3o pela Universidade Federal Fluminense\" \/>\n<meta name=\"robots\" content=\"index, follow, max-snippet:-1, max-image-preview:large, max-video-preview:-1\" \/>\n<link rel=\"canonical\" href=\"https:\/\/folhadoleste.com.br\/en\/direitos-humanos-e-cidadania-de-niteroi-nova-secretaria\/\" \/>\n<meta property=\"og:locale\" content=\"en_US\" \/>\n<meta property=\"og:type\" content=\"article\" \/>\n<meta property=\"og:title\" content=\"Direitos Humanos e Cidadania de Niter\u00f3i: nova secret\u00e1ria &#8226; Folha do Leste\" \/>\n<meta property=\"og:description\" content=\"Leste Fluminense, Niter\u00f3i &#8226; 23 de May de 2024 &#8226; Folha do Leste\" \/>\n<meta property=\"og:url\" content=\"https:\/\/folhadoleste.com.br\/en\/direitos-humanos-e-cidadania-de-niteroi-nova-secretaria\/\" \/>\n<meta property=\"og:site_name\" content=\"Folha do Leste\" \/>\n<meta property=\"article:publisher\" content=\"https:\/\/www.facebook.com\/folhadoleste\" \/>\n<meta property=\"article:published_time\" content=\"2024-05-23T03:19:33+00:00\" \/>\n<meta property=\"article:modified_time\" content=\"2024-05-23T03:20:13+00:00\" \/>\n<meta property=\"og:image\" content=\"https:\/\/folhadoleste.com.br\/wp-content\/uploads\/2024\/05\/Elana-Costa-secretaria-de-direitos-humanos.jpeg\" \/>\n\t<meta property=\"og:image:width\" content=\"1599\" \/>\n\t<meta property=\"og:image:height\" content=\"1105\" \/>\n\t<meta property=\"og:image:type\" content=\"image\/jpeg\" \/>\n<meta name=\"author\" content=\"Folha do Leste\" \/>\n<meta name=\"twitter:card\" content=\"summary_large_image\" \/>\n<meta name=\"twitter:creator\" content=\"@FolhadoLesteRJ\" \/>\n<meta name=\"twitter:site\" content=\"@FolhadoLesteRJ\" \/>\n<meta name=\"twitter:label1\" content=\"Written by\" \/>\n\t<meta name=\"twitter:data1\" content=\"Folha do Leste\" \/>\n\t<meta name=\"twitter:label2\" content=\"Est. reading time\" \/>\n\t<meta name=\"twitter:data2\" content=\"4 minutes\" \/>\n<script type=\"application\/ld+json\" class=\"yoast-schema-graph\">{\"@context\":\"https:\\\/\\\/schema.org\",\"@graph\":[{\"@type\":\"NewsArticle\",\"@id\":\"https:\\\/\\\/folhadoleste.com.br\\\/direitos-humanos-e-cidadania-de-niteroi-nova-secretaria\\\/#article\",\"isPartOf\":{\"@id\":\"https:\\\/\\\/folhadoleste.com.br\\\/direitos-humanos-e-cidadania-de-niteroi-nova-secretaria\\\/\"},\"author\":{\"name\":\"Folha do Leste\",\"@id\":\"https:\\\/\\\/folhadoleste.com.br\\\/#\\\/schema\\\/person\\\/3e97145b2e1861276e84471aa85a3899\"},\"headline\":\"Direitos Humanos e Cidadania de Niter\u00f3i: nova secret\u00e1ria\",\"datePublished\":\"2024-05-23T03:19:33+00:00\",\"dateModified\":\"2024-05-23T03:20:13+00:00\",\"mainEntityOfPage\":{\"@id\":\"https:\\\/\\\/folhadoleste.com.br\\\/direitos-humanos-e-cidadania-de-niteroi-nova-secretaria\\\/\"},\"wordCount\":616,\"commentCount\":0,\"publisher\":{\"@id\":\"https:\\\/\\\/folhadoleste.com.br\\\/#organization\"},\"image\":{\"@id\":\"https:\\\/\\\/folhadoleste.com.br\\\/direitos-humanos-e-cidadania-de-niteroi-nova-secretaria\\\/#primaryimage\"},\"thumbnailUrl\":\"https:\\\/\\\/folhadoleste.com.br\\\/wp-content\\\/uploads\\\/2024\\\/05\\\/Elana-Costa-secretaria-de-direitos-humanos.jpeg\",\"keywords\":[\"Assist\u00eancia Social\",\"Axel Grael\",\"Cidadania\",\"dignidade da pessoa humana\",\"Direitos Humanos\",\"Elana Costa\",\"Elana Cristiana dos Santos Costa\",\"etnia\",\"g\u00eanero\",\"Nadine Borges\",\"orienta\u00e7\u00e3o sexual\",\"pol\u00edticas p\u00fablicas\",\"ra\u00e7a\",\"Religi\u00e3o\",\"Tal\u00edria Petrone\",\"UFF\",\"Universidade Federal Fluminense\"],\"articleSection\":[\"Leste Fluminense\",\"Niter\u00f3i\"],\"inLanguage\":\"en-US\",\"potentialAction\":[{\"@type\":\"CommentAction\",\"name\":\"Comment\",\"target\":[\"https:\\\/\\\/folhadoleste.com.br\\\/direitos-humanos-e-cidadania-de-niteroi-nova-secretaria\\\/#respond\"]}]},{\"@type\":\"WebPage\",\"@id\":\"https:\\\/\\\/folhadoleste.com.br\\\/direitos-humanos-e-cidadania-de-niteroi-nova-secretaria\\\/\",\"url\":\"https:\\\/\\\/folhadoleste.com.br\\\/direitos-humanos-e-cidadania-de-niteroi-nova-secretaria\\\/\",\"name\":\"Direitos Humanos e Cidadania de Niter\u00f3i: nova secret\u00e1ria &#8226; Folha do Leste\",\"isPartOf\":{\"@id\":\"https:\\\/\\\/folhadoleste.com.br\\\/#website\"},\"primaryImageOfPage\":{\"@id\":\"https:\\\/\\\/folhadoleste.com.br\\\/direitos-humanos-e-cidadania-de-niteroi-nova-secretaria\\\/#primaryimage\"},\"image\":{\"@id\":\"https:\\\/\\\/folhadoleste.com.br\\\/direitos-humanos-e-cidadania-de-niteroi-nova-secretaria\\\/#primaryimage\"},\"thumbnailUrl\":\"https:\\\/\\\/folhadoleste.com.br\\\/wp-content\\\/uploads\\\/2024\\\/05\\\/Elana-Costa-secretaria-de-direitos-humanos.jpeg\",\"datePublished\":\"2024-05-23T03:19:33+00:00\",\"dateModified\":\"2024-05-23T03:20:13+00:00\",\"description\":\"Elana Cristiana dos Santos Costa, graduada em comunica\u00e7\u00e3o social, pedagogia e mestra em\u00a0 educa\u00e7\u00e3o pela Universidade Federal Fluminense\",\"breadcrumb\":{\"@id\":\"https:\\\/\\\/folhadoleste.com.br\\\/direitos-humanos-e-cidadania-de-niteroi-nova-secretaria\\\/#breadcrumb\"},\"inLanguage\":\"en-US\",\"potentialAction\":[{\"@type\":\"ReadAction\",\"target\":[\"https:\\\/\\\/folhadoleste.com.br\\\/direitos-humanos-e-cidadania-de-niteroi-nova-secretaria\\\/\"]}]},{\"@type\":\"ImageObject\",\"inLanguage\":\"en-US\",\"@id\":\"https:\\\/\\\/folhadoleste.com.br\\\/direitos-humanos-e-cidadania-de-niteroi-nova-secretaria\\\/#primaryimage\",\"url\":\"https:\\\/\\\/folhadoleste.com.br\\\/wp-content\\\/uploads\\\/2024\\\/05\\\/Elana-Costa-secretaria-de-direitos-humanos.jpeg\",\"contentUrl\":\"https:\\\/\\\/folhadoleste.com.br\\\/wp-content\\\/uploads\\\/2024\\\/05\\\/Elana-Costa-secretaria-de-direitos-humanos.jpeg\",\"width\":1599,\"height\":1105,\"caption\":\"Elana Costa, secret\u00e1ria de direitos humanos\"},{\"@type\":\"BreadcrumbList\",\"@id\":\"https:\\\/\\\/folhadoleste.com.br\\\/direitos-humanos-e-cidadania-de-niteroi-nova-secretaria\\\/#breadcrumb\",\"itemListElement\":[{\"@type\":\"ListItem\",\"position\":1,\"name\":\"In\u00edcio\",\"item\":\"https:\\\/\\\/folhadoleste.com.br\\\/\"},{\"@type\":\"ListItem\",\"position\":2,\"name\":\"Estado do Rio de Janeiro\",\"item\":\"https:\\\/\\\/folhadoleste.com.br\\\/category\\\/estado-do-rio-de-janeiro\\\/\"},{\"@type\":\"ListItem\",\"position\":3,\"name\":\"Leste Fluminense\",\"item\":\"https:\\\/\\\/folhadoleste.com.br\\\/category\\\/estado-do-rio-de-janeiro\\\/leste-fluminense\\\/\"},{\"@type\":\"ListItem\",\"position\":4,\"name\":\"Niter\u00f3i\",\"item\":\"https:\\\/\\\/folhadoleste.com.br\\\/category\\\/estado-do-rio-de-janeiro\\\/leste-fluminense\\\/noticias-de-niteroi\\\/\"},{\"@type\":\"ListItem\",\"position\":5,\"name\":\"Direitos Humanos e Cidadania de Niter\u00f3i: nova secret\u00e1ria\"}]},{\"@type\":\"WebSite\",\"@id\":\"https:\\\/\\\/folhadoleste.com.br\\\/#website\",\"url\":\"https:\\\/\\\/folhadoleste.com.br\\\/\",\"name\":\"Folha do Leste\",\"description\":\"Portal de Not\u00edcias com \u00eanfase em Niter\u00f3i, criando conte\u00fados desde a capital Rio de Janeiro, com olhar para o Leste Fluminense e suas cidades como S\u00e3o Gon\u00e7alo, Itabora\u00ed, Rio Bonito, Maric\u00e1, Saquarema e Araruama\",\"publisher\":{\"@id\":\"https:\\\/\\\/folhadoleste.com.br\\\/#organization\"},\"alternateName\":\"FL\",\"potentialAction\":[{\"@type\":\"SearchAction\",\"target\":{\"@type\":\"EntryPoint\",\"urlTemplate\":\"https:\\\/\\\/folhadoleste.com.br\\\/?s={search_term_string}\"},\"query-input\":{\"@type\":\"PropertyValueSpecification\",\"valueRequired\":true,\"valueName\":\"search_term_string\"}}],\"inLanguage\":\"en-US\"},{\"@type\":\"Organization\",\"@id\":\"https:\\\/\\\/folhadoleste.com.br\\\/#organization\",\"name\":\"Brasil 21 Comunica\u00e7\u00e3o\",\"alternateName\":\"BR21\",\"url\":\"https:\\\/\\\/folhadoleste.com.br\\\/\",\"logo\":{\"@type\":\"ImageObject\",\"inLanguage\":\"en-US\",\"@id\":\"https:\\\/\\\/folhadoleste.com.br\\\/#\\\/schema\\\/logo\\\/image\\\/\",\"url\":\"https:\\\/\\\/folhadoleste.com.br\\\/wp-content\\\/uploads\\\/2025\\\/12\\\/brasil-21-logomarca.avif\",\"contentUrl\":\"https:\\\/\\\/folhadoleste.com.br\\\/wp-content\\\/uploads\\\/2025\\\/12\\\/brasil-21-logomarca.avif\",\"width\":1044,\"height\":1044,\"caption\":\"Brasil 21 Comunica\u00e7\u00e3o\"},\"image\":{\"@id\":\"https:\\\/\\\/folhadoleste.com.br\\\/#\\\/schema\\\/logo\\\/image\\\/\"},\"sameAs\":[\"https:\\\/\\\/www.facebook.com\\\/folhadoleste\",\"https:\\\/\\\/x.com\\\/FolhadoLesteRJ\",\"https:\\\/\\\/www.instagram.com\\\/folhadoleste\\\/\"]},{\"@type\":\"Person\",\"@id\":\"https:\\\/\\\/folhadoleste.com.br\\\/#\\\/schema\\\/person\\\/3e97145b2e1861276e84471aa85a3899\",\"name\":\"Folha do Leste\",\"image\":{\"@type\":\"ImageObject\",\"inLanguage\":\"en-US\",\"@id\":\"https:\\\/\\\/folhadoleste.com.br\\\/wp-content\\\/litespeed\\\/avatar\\\/1ca8c218432e7045e748610eb3db0259.jpg?ver=1777161142\",\"url\":\"https:\\\/\\\/folhadoleste.com.br\\\/wp-content\\\/litespeed\\\/avatar\\\/1ca8c218432e7045e748610eb3db0259.jpg?ver=1777161142\",\"contentUrl\":\"https:\\\/\\\/folhadoleste.com.br\\\/wp-content\\\/litespeed\\\/avatar\\\/1ca8c218432e7045e748610eb3db0259.jpg?ver=1777161142\",\"caption\":\"Folha do Leste\"},\"url\":\"https:\\\/\\\/folhadoleste.com.br\\\/en\\\/author\\\/reportagem-01\\\/\"}]}<\/script>\n<!-- \/ Yoast SEO plugin. -->","yoast_head_json":{"title":"Direitos Humanos e Cidadania de Niter\u00f3i: nova secret\u00e1ria &#8226; Folha do Leste","description":"Elana Cristiana dos Santos Costa, graduada em comunica\u00e7\u00e3o social, pedagogia e mestra em\u00a0 educa\u00e7\u00e3o pela Universidade Federal Fluminense","robots":{"index":"index","follow":"follow","max-snippet":"max-snippet:-1","max-image-preview":"max-image-preview:large","max-video-preview":"max-video-preview:-1"},"canonical":"https:\/\/folhadoleste.com.br\/en\/direitos-humanos-e-cidadania-de-niteroi-nova-secretaria\/","og_locale":"en_US","og_type":"article","og_title":"Direitos Humanos e Cidadania de Niter\u00f3i: nova secret\u00e1ria &#8226; Folha do Leste","og_description":"Leste Fluminense, Niter\u00f3i &#8226; 23 de May de 2024 &#8226; Folha do Leste","og_url":"https:\/\/folhadoleste.com.br\/en\/direitos-humanos-e-cidadania-de-niteroi-nova-secretaria\/","og_site_name":"Folha do Leste","article_publisher":"https:\/\/www.facebook.com\/folhadoleste","article_published_time":"2024-05-23T03:19:33+00:00","article_modified_time":"2024-05-23T03:20:13+00:00","og_image":[{"width":1599,"height":1105,"url":"https:\/\/folhadoleste.com.br\/wp-content\/uploads\/2024\/05\/Elana-Costa-secretaria-de-direitos-humanos.jpeg","type":"image\/jpeg"}],"author":"Folha do Leste","twitter_card":"summary_large_image","twitter_creator":"@FolhadoLesteRJ","twitter_site":"@FolhadoLesteRJ","twitter_misc":{"Written by":"Folha do Leste","Est. reading time":"4 minutes"},"schema":{"@context":"https:\/\/schema.org","@graph":[{"@type":"NewsArticle","@id":"https:\/\/folhadoleste.com.br\/direitos-humanos-e-cidadania-de-niteroi-nova-secretaria\/#article","isPartOf":{"@id":"https:\/\/folhadoleste.com.br\/direitos-humanos-e-cidadania-de-niteroi-nova-secretaria\/"},"author":{"name":"Folha do Leste","@id":"https:\/\/folhadoleste.com.br\/#\/schema\/person\/3e97145b2e1861276e84471aa85a3899"},"headline":"Direitos Humanos e Cidadania de Niter\u00f3i: nova secret\u00e1ria","datePublished":"2024-05-23T03:19:33+00:00","dateModified":"2024-05-23T03:20:13+00:00","mainEntityOfPage":{"@id":"https:\/\/folhadoleste.com.br\/direitos-humanos-e-cidadania-de-niteroi-nova-secretaria\/"},"wordCount":616,"commentCount":0,"publisher":{"@id":"https:\/\/folhadoleste.com.br\/#organization"},"image":{"@id":"https:\/\/folhadoleste.com.br\/direitos-humanos-e-cidadania-de-niteroi-nova-secretaria\/#primaryimage"},"thumbnailUrl":"https:\/\/folhadoleste.com.br\/wp-content\/uploads\/2024\/05\/Elana-Costa-secretaria-de-direitos-humanos.jpeg","keywords":["Assist\u00eancia Social","Axel Grael","Cidadania","dignidade da pessoa humana","Direitos Humanos","Elana Costa","Elana Cristiana dos Santos Costa","etnia","g\u00eanero","Nadine Borges","orienta\u00e7\u00e3o sexual","pol\u00edticas p\u00fablicas","ra\u00e7a","Religi\u00e3o","Tal\u00edria Petrone","UFF","Universidade Federal Fluminense"],"articleSection":["Leste Fluminense","Niter\u00f3i"],"inLanguage":"en-US","potentialAction":[{"@type":"CommentAction","name":"Comment","target":["https:\/\/folhadoleste.com.br\/direitos-humanos-e-cidadania-de-niteroi-nova-secretaria\/#respond"]}]},{"@type":"WebPage","@id":"https:\/\/folhadoleste.com.br\/direitos-humanos-e-cidadania-de-niteroi-nova-secretaria\/","url":"https:\/\/folhadoleste.com.br\/direitos-humanos-e-cidadania-de-niteroi-nova-secretaria\/","name":"Direitos Humanos e Cidadania de Niter\u00f3i: nova secret\u00e1ria &#8226; Folha do Leste","isPartOf":{"@id":"https:\/\/folhadoleste.com.br\/#website"},"primaryImageOfPage":{"@id":"https:\/\/folhadoleste.com.br\/direitos-humanos-e-cidadania-de-niteroi-nova-secretaria\/#primaryimage"},"image":{"@id":"https:\/\/folhadoleste.com.br\/direitos-humanos-e-cidadania-de-niteroi-nova-secretaria\/#primaryimage"},"thumbnailUrl":"https:\/\/folhadoleste.com.br\/wp-content\/uploads\/2024\/05\/Elana-Costa-secretaria-de-direitos-humanos.jpeg","datePublished":"2024-05-23T03:19:33+00:00","dateModified":"2024-05-23T03:20:13+00:00","description":"Elana Cristiana dos Santos Costa, graduada em comunica\u00e7\u00e3o social, pedagogia e mestra em\u00a0 educa\u00e7\u00e3o pela Universidade Federal Fluminense","breadcrumb":{"@id":"https:\/\/folhadoleste.com.br\/direitos-humanos-e-cidadania-de-niteroi-nova-secretaria\/#breadcrumb"},"inLanguage":"en-US","potentialAction":[{"@type":"ReadAction","target":["https:\/\/folhadoleste.com.br\/direitos-humanos-e-cidadania-de-niteroi-nova-secretaria\/"]}]},{"@type":"ImageObject","inLanguage":"en-US","@id":"https:\/\/folhadoleste.com.br\/direitos-humanos-e-cidadania-de-niteroi-nova-secretaria\/#primaryimage","url":"https:\/\/folhadoleste.com.br\/wp-content\/uploads\/2024\/05\/Elana-Costa-secretaria-de-direitos-humanos.jpeg","contentUrl":"https:\/\/folhadoleste.com.br\/wp-content\/uploads\/2024\/05\/Elana-Costa-secretaria-de-direitos-humanos.jpeg","width":1599,"height":1105,"caption":"Elana Costa, secret\u00e1ria de direitos humanos"},{"@type":"BreadcrumbList","@id":"https:\/\/folhadoleste.com.br\/direitos-humanos-e-cidadania-de-niteroi-nova-secretaria\/#breadcrumb","itemListElement":[{"@type":"ListItem","position":1,"name":"In\u00edcio","item":"https:\/\/folhadoleste.com.br\/"},{"@type":"ListItem","position":2,"name":"Estado do Rio de Janeiro","item":"https:\/\/folhadoleste.com.br\/category\/estado-do-rio-de-janeiro\/"},{"@type":"ListItem","position":3,"name":"Leste Fluminense","item":"https:\/\/folhadoleste.com.br\/category\/estado-do-rio-de-janeiro\/leste-fluminense\/"},{"@type":"ListItem","position":4,"name":"Niter\u00f3i","item":"https:\/\/folhadoleste.com.br\/category\/estado-do-rio-de-janeiro\/leste-fluminense\/noticias-de-niteroi\/"},{"@type":"ListItem","position":5,"name":"Direitos Humanos e Cidadania de Niter\u00f3i: nova secret\u00e1ria"}]},{"@type":"WebSite","@id":"https:\/\/folhadoleste.com.br\/#website","url":"https:\/\/folhadoleste.com.br\/","name":"Folha do Leste","description":"Portal de Not\u00edcias com \u00eanfase em Niter\u00f3i, criando conte\u00fados desde a capital Rio de Janeiro, com olhar para o Leste Fluminense e suas cidades como S\u00e3o Gon\u00e7alo, Itabora\u00ed, Rio Bonito, Maric\u00e1, Saquarema e Araruama","publisher":{"@id":"https:\/\/folhadoleste.com.br\/#organization"},"alternateName":"FL","potentialAction":[{"@type":"SearchAction","target":{"@type":"EntryPoint","urlTemplate":"https:\/\/folhadoleste.com.br\/?s={search_term_string}"},"query-input":{"@type":"PropertyValueSpecification","valueRequired":true,"valueName":"search_term_string"}}],"inLanguage":"en-US"},{"@type":"Organization","@id":"https:\/\/folhadoleste.com.br\/#organization","name":"Brasil 21 Comunica\u00e7\u00e3o","alternateName":"BR21","url":"https:\/\/folhadoleste.com.br\/","logo":{"@type":"ImageObject","inLanguage":"en-US","@id":"https:\/\/folhadoleste.com.br\/#\/schema\/logo\/image\/","url":"https:\/\/folhadoleste.com.br\/wp-content\/uploads\/2025\/12\/brasil-21-logomarca.avif","contentUrl":"https:\/\/folhadoleste.com.br\/wp-content\/uploads\/2025\/12\/brasil-21-logomarca.avif","width":1044,"height":1044,"caption":"Brasil 21 Comunica\u00e7\u00e3o"},"image":{"@id":"https:\/\/folhadoleste.com.br\/#\/schema\/logo\/image\/"},"sameAs":["https:\/\/www.facebook.com\/folhadoleste","https:\/\/x.com\/FolhadoLesteRJ","https:\/\/www.instagram.com\/folhadoleste\/"]},{"@type":"Person","@id":"https:\/\/folhadoleste.com.br\/#\/schema\/person\/3e97145b2e1861276e84471aa85a3899","name":"Folha do Leste","image":{"@type":"ImageObject","inLanguage":"en-US","@id":"https:\/\/folhadoleste.com.br\/wp-content\/litespeed\/avatar\/1ca8c218432e7045e748610eb3db0259.jpg?ver=1777161142","url":"https:\/\/folhadoleste.com.br\/wp-content\/litespeed\/avatar\/1ca8c218432e7045e748610eb3db0259.jpg?ver=1777161142","contentUrl":"https:\/\/folhadoleste.com.br\/wp-content\/litespeed\/avatar\/1ca8c218432e7045e748610eb3db0259.jpg?ver=1777161142","caption":"Folha do Leste"},"url":"https:\/\/folhadoleste.com.br\/en\/author\/reportagem-01\/"}]}},"_links":{"self":[{"href":"https:\/\/folhadoleste.com.br\/en\/wp-json\/wp\/v2\/posts\/67212","targetHints":{"allow":["GET"]}}],"collection":[{"href":"https:\/\/folhadoleste.com.br\/en\/wp-json\/wp\/v2\/posts"}],"about":[{"href":"https:\/\/folhadoleste.com.br\/en\/wp-json\/wp\/v2\/types\/post"}],"author":[{"embeddable":true,"href":"https:\/\/folhadoleste.com.br\/en\/wp-json\/wp\/v2\/users\/4"}],"replies":[{"embeddable":true,"href":"https:\/\/folhadoleste.com.br\/en\/wp-json\/wp\/v2\/comments?post=67212"}],"version-history":[{"count":1,"href":"https:\/\/folhadoleste.com.br\/en\/wp-json\/wp\/v2\/posts\/67212\/revisions"}],"predecessor-version":[{"id":67215,"href":"https:\/\/folhadoleste.com.br\/en\/wp-json\/wp\/v2\/posts\/67212\/revisions\/67215"}],"wp:featuredmedia":[{"embeddable":true,"href":"https:\/\/folhadoleste.com.br\/en\/wp-json\/wp\/v2\/media\/67214"}],"wp:attachment":[{"href":"https:\/\/folhadoleste.com.br\/en\/wp-json\/wp\/v2\/media?parent=67212"}],"wp:term":[{"taxonomy":"category","embeddable":true,"href":"https:\/\/folhadoleste.com.br\/en\/wp-json\/wp\/v2\/categories?post=67212"},{"taxonomy":"post_tag","embeddable":true,"href":"https:\/\/folhadoleste.com.br\/en\/wp-json\/wp\/v2\/tags?post=67212"}],"curies":[{"name":"wp","href":"https:\/\/api.w.org\/{rel}","templated":true}]}}