{"id":67000,"date":"2024-05-22T00:48:52","date_gmt":"2024-05-22T03:48:52","guid":{"rendered":"https:\/\/folhadoleste.com.br\/?p=67000"},"modified":"2024-05-22T00:48:52","modified_gmt":"2024-05-22T03:48:52","slug":"leo-jardim-garante-classificacao-do-vasco","status":"publish","type":"post","link":"https:\/\/folhadoleste.com.br\/en\/leo-jardim-garante-classificacao-do-vasco\/","title":{"rendered":"Leo Jardim garante classifica\u00e7\u00e3o do Vasco"},"content":{"rendered":"<div>\n<div class=\"texto\">\n<div id=\"attachment_67021\" style=\"width: 1090px\" class=\"wp-caption aligncenter\"><img decoding=\"async\" aria-describedby=\"caption-attachment-67021\" class=\"size-full wp-image-67021\" src=\"https:\/\/folhadoleste.com.br\/wp-content\/uploads\/2024\/05\/Leo-Jardim-garante-classificacao-do-Vasco-Foto-Thiago-Ribeiro-AGIF.webp\" alt=\"Leo Jardim garante classifica\u00e7\u00e3o do Vasco\" width=\"1080\" height=\"675\" \/><p id=\"caption-attachment-67021\" class=\"wp-caption-text\">Leo Jardim garante classifica\u00e7\u00e3o do Vasco | Thiago Ribeiro\/AGIF<\/p><\/div>\n<\/div>\n<div style=\"text-align: justify;\">\n<p data-sourcepos=\"3:1-3:7\">Em um jogo emocionante e cheio de reviravoltas, o Vasco, sob os olhares do novo t\u00e9cnico \u00c1lvaro Pacheco, arrancou uma classifica\u00e7\u00e3o heroica para as oitavas de final da Copa do Brasil.<\/p>\n<h6><span style=\"color: #ff0000;\"><strong>+<\/strong><\/span> <span style=\"color: #000000;\">LEIA TAMB\u00c9M: \u25ba<\/span><a href=\"https:\/\/folhadoleste.com.br\/en\/previsao-do-tempo-niteroi-quarta-feira-22-de-maio\/\"><strong>Previs\u00e3o do tempo Niter\u00f3i: quarta-feira, 22 de maio<\/strong><\/a><\/h6>\n<p data-sourcepos=\"3:1-3:7\">Em um duelo eletrizante contra o Fortaleza, o Cruz-Maltino se viu duas vezes atr\u00e1s no placar, mas buscou o empate na segunda etapa e, ap\u00f3s um empate emocionante em 3 a 3, garantiu a vaga nos p\u00eanaltis, com vit\u00f3ria por 5 a 4.<\/p>\n<p data-sourcepos=\"5:1-5:262\">O Gigante da Colina come\u00e7ou o jogo pressionado, mas viu o Fortaleza abrir o placar logo aos 7 minutos. O empate veio aos 12, em p\u00eanalti convertido por Vegetti. O primeiro tempo foi equilibrado, com chances para os dois lados.<\/p>\n<h5 style=\"text-align: center;\"><span style=\"color: #000000;\"><span style=\"color: #ff0000;\"><strong>+ <\/strong><\/span><\/span><span style=\"color: #000000;\"><strong><span style=\"color: #808080;\">MAIS NOT\u00cdCIAS DE ESPORTES?<\/span> <a href=\"https:\/\/folhadoleste.com.br\/en\/category\/esportes\/\">CLIQUE AQUI<\/a><\/strong><\/span><\/h5>\n<p data-sourcepos=\"7:1-7:53\">Na volta do intervalo, o Fortaleza ampliou o placar aos 8 minutos. Mas o Vasco n\u00e3o se entregou e, em dois minutos, empatou a partida com gols de Vegetti e Lucas Piton. O jogo ficou aberto e emocionante, com chances para os dois lados. Nos \u00faltimos minutos, o Fortaleza empatou novamente, com H\u00e9rcules, levando a decis\u00e3o para os p\u00eanaltis.<\/p>\n<h6><span style=\"color: #ff0000;\"><strong>+<\/strong><\/span> <span style=\"color: #000000;\">LEIA TAMB\u00c9M: \u25ba<\/span><a href=\"https:\/\/folhadoleste.com.br\/en\/lesao-muscular-tira-jeffinho-do-botafogo-por-10-semanas\/\"><strong>Les\u00e3o muscular tira Jeffinho do Botafogo por 10 semanas<\/strong><\/a><\/h6>\n<p data-sourcepos=\"9:1-9:254\">Na disputa por p\u00eanaltis, o Vasco foi superior e converteu todas as suas cobran\u00e7as. O grande destaque foi o goleiro L\u00e9o Jardim, que defendeu a cobran\u00e7a de Kervin Andrade e garantiu a classifica\u00e7\u00e3o heroica para o Gigante da Colina.<\/p>\n<\/div>\n<h4 style=\"text-align: justify;\">FICHA T\u00c9CNICA<\/h4>\n<p style=\"text-align: justify;\"><strong>VASCO 3 (5) X 3 (4) FORTALEZA &#8211; TERCEIRA FASE DA COPA DO BRASIL<\/strong><\/p>\n<p style=\"text-align: justify;\"><strong>Data e hor\u00e1rio:<\/strong> ter\u00e7a-feira, 21 de maio de 2024, \u00e0s 21h30 (de Bras\u00edlia); | <strong>Local:<\/strong> S\u00e3o Janu\u00e1rio, Rio de Janeiro (RJ); | <strong>\u00c1rbitro:<\/strong> Wilton Pereira Sampaio (FIFA-GO); | <strong>Assistentes:<\/strong> Bruno Boschilia (FIFA-PR) e Felipe Alan Costa de Oliveira (MG); | <strong>VAR:<\/strong> Wagner Reway (FIFA-ES).<\/p>\n<p class=\"w-full mb-8 text-lg font-roboto text-gray-500 leading-30\" style=\"text-align: justify;\"><strong class=\"font-bold\">VASCO (T\u00e9cnico: T\u00e9cnico: Rafael Paiva)<\/strong><br \/>\nL\u00e9o Jardim; Jo\u00e3o Victor, Maicon, L\u00e9o e Lucas Piton; Sforza, Galdames e Payet; Adson, David e Vegetti.<\/p>\n<p class=\"w-full mb-8 text-lg font-roboto text-gray-500 leading-30\" style=\"text-align: justify;\"><strong class=\"font-bold\">FORTALEZA (T\u00e9cnico:\u00a0Juan Pablo Vojvoda)<\/strong><br \/>\nJo\u00e3o Ricardo; Tinga, Titi, Kuscevic e Felipe Jonatan; Jos\u00e9 Wellison, Matheus Rossetto e Pochettino; Breno Lopes, Marinho e Lucero.<\/p>\n<div id=\"attachment_64672\" style=\"width: 738px\" class=\"wp-caption aligncenter\"><img decoding=\"async\" aria-describedby=\"caption-attachment-64672\" class=\"size-full wp-image-64672\" src=\"https:\/\/folhadoleste.com.br\/wp-content\/uploads\/2024\/05\/Ajude-o-Rio-Grande-do-Sul-Campanha-Oficial-Folha-do-Leste.jpg\" alt=\"\" width=\"728\" height=\"250\" \/><p id=\"caption-attachment-64672\" class=\"wp-caption-text\">Portal de Not\u00edcias Folha do Leste faz campanha pelo Rio Grande do Sul<\/p><\/div>\n<\/div>\n<p>&nbsp;<\/p>\n<p><a href=\"https:\/\/www.instagram.com\/folhadoleste\/\"><img decoding=\"async\" class=\"aligncenter wp-image-15962\" src=\"https:\/\/folhadoleste.com.br\/wp-content\/uploads\/2023\/07\/instagram.jpg.webp\" alt=\"Itaipu-Itaipua\u00e7u: Caminh\u00e3o causa grave acidente na RJ-102, a estrada da Serrinha\" width=\"49\" height=\"49\" \/><\/a><a href=\"https:\/\/www.facebook.com\/folhadoleste\"><img decoding=\"async\" class=\"aligncenter wp-image-7424\" src=\"https:\/\/folhadoleste.com.br\/wp-content\/uploads\/2023\/05\/facebook-logo-3-1.png.webp\" alt=\"Itaipu-Itaipua\u00e7u: Caminh\u00e3o causa grave acidente na RJ-102, a estrada da Serrinha\" width=\"49\" height=\"49\" \/><\/a><\/p>","protected":false},"excerpt":{"rendered":"<p>Em um jogo emocionante e cheio de reviravoltas, o Vasco, sob os olhares do novo t\u00e9cnico \u00c1lvaro Pacheco, arrancou uma classifica\u00e7\u00e3o heroica para as oitavas de final da Copa do Brasil. + LEIA TAMB\u00c9M: \u25baPrevis\u00e3o do tempo Niter\u00f3i: quarta-feira, 22 de maio Em um duelo eletrizante contra o Fortaleza, o Cruz-Maltino se viu duas vezes atr\u00e1s no placar, mas buscou o empate na segunda etapa e, ap\u00f3s um empate emocionante em 3 a 3, garantiu a vaga nos p\u00eanaltis, com vit\u00f3ria por 5 a 4. O Gigante da Colina come\u00e7ou o jogo pressionado, mas viu o Fortaleza abrir o placar [&hellip;]<\/p>\n","protected":false},"author":4,"featured_media":67021,"comment_status":"open","ping_status":"open","sticky":false,"template":"","format":"standard","meta":{"footnotes":""},"categories":[48,65],"tags":[25911,3960,548,19180,5603,105,545,101,3906,19116,4575,5085,104,27186,7626],"class_list":["post-67000","post","type-post","status-publish","format-standard","has-post-thumbnail","hentry","category-esportes","category-futebol-esportes","tag-alvaro-pacheco","tag-classificacao","tag-copa-do-brasil","tag-drama","tag-emocao","tag-esportes","tag-fortaleza","tag-futebol","tag-gigante-da-colina","tag-leo-jardim","tag-lucas-piton","tag-penaltis","tag-vasco","tag-vegetti","tag-virada","post--single"],"yoast_head":"<!-- This site is optimized with the Yoast SEO plugin v27.4 - https:\/\/yoast.com\/product\/yoast-seo-wordpress\/ -->\n<title>Leo Jardim garante classifica\u00e7\u00e3o do Vasco &#8226; Folha do Leste<\/title>\n<meta name=\"description\" content=\"Leo Jardim garante classifica\u00e7\u00e3o do Vasco. Com ra\u00e7a e supera\u00e7\u00e3o, Gigante da Colina garante vaga nas oitavas da Copa do Brasil...\" \/>\n<meta name=\"robots\" content=\"index, follow, max-snippet:-1, max-image-preview:large, max-video-preview:-1\" \/>\n<link rel=\"canonical\" href=\"https:\/\/folhadoleste.com.br\/en\/leo-jardim-garante-classificacao-do-vasco\/\" \/>\n<meta property=\"og:locale\" content=\"en_US\" \/>\n<meta property=\"og:type\" content=\"article\" \/>\n<meta property=\"og:title\" content=\"Leo Jardim garante classifica\u00e7\u00e3o do Vasco &#8226; Folha do Leste\" \/>\n<meta property=\"og:description\" content=\"Futebol &#8226; 22 de May de 2024 &#8226; Folha do Leste\" \/>\n<meta property=\"og:url\" content=\"https:\/\/folhadoleste.com.br\/en\/leo-jardim-garante-classificacao-do-vasco\/\" \/>\n<meta property=\"og:site_name\" content=\"Folha do Leste\" \/>\n<meta property=\"article:publisher\" content=\"https:\/\/www.facebook.com\/folhadoleste\" \/>\n<meta property=\"article:published_time\" content=\"2024-05-22T03:48:52+00:00\" \/>\n<meta property=\"og:image\" content=\"https:\/\/folhadoleste.com.br\/wp-content\/uploads\/2024\/05\/Leo-Jardim-garante-classificacao-do-Vasco-Foto-Thiago-Ribeiro-AGIF.webp\" \/>\n\t<meta property=\"og:image:width\" content=\"1080\" \/>\n\t<meta property=\"og:image:height\" content=\"675\" \/>\n\t<meta property=\"og:image:type\" content=\"image\/webp\" \/>\n<meta name=\"author\" content=\"Folha do Leste\" \/>\n<meta name=\"twitter:card\" content=\"summary_large_image\" \/>\n<meta name=\"twitter:creator\" content=\"@FolhadoLesteRJ\" \/>\n<meta name=\"twitter:site\" content=\"@FolhadoLesteRJ\" \/>\n<meta name=\"twitter:label1\" content=\"Written by\" \/>\n\t<meta name=\"twitter:data1\" content=\"Folha do Leste\" \/>\n\t<meta name=\"twitter:label2\" content=\"Est. reading time\" \/>\n\t<meta name=\"twitter:data2\" content=\"4 minutes\" \/>\n<script type=\"application\/ld+json\" class=\"yoast-schema-graph\">{\"@context\":\"https:\\\/\\\/schema.org\",\"@graph\":[{\"@type\":\"NewsArticle\",\"@id\":\"https:\\\/\\\/folhadoleste.com.br\\\/leo-jardim-garante-classificacao-do-vasco\\\/#article\",\"isPartOf\":{\"@id\":\"https:\\\/\\\/folhadoleste.com.br\\\/leo-jardim-garante-classificacao-do-vasco\\\/\"},\"author\":{\"name\":\"Folha do Leste\",\"@id\":\"https:\\\/\\\/folhadoleste.com.br\\\/#\\\/schema\\\/person\\\/3e97145b2e1861276e84471aa85a3899\"},\"headline\":\"Leo Jardim garante classifica\u00e7\u00e3o do Vasco\",\"datePublished\":\"2024-05-22T03:48:52+00:00\",\"mainEntityOfPage\":{\"@id\":\"https:\\\/\\\/folhadoleste.com.br\\\/leo-jardim-garante-classificacao-do-vasco\\\/\"},\"wordCount\":408,\"commentCount\":0,\"publisher\":{\"@id\":\"https:\\\/\\\/folhadoleste.com.br\\\/#organization\"},\"image\":{\"@id\":\"https:\\\/\\\/folhadoleste.com.br\\\/leo-jardim-garante-classificacao-do-vasco\\\/#primaryimage\"},\"thumbnailUrl\":\"https:\\\/\\\/folhadoleste.com.br\\\/wp-content\\\/uploads\\\/2024\\\/05\\\/Leo-Jardim-garante-classificacao-do-Vasco-Foto-Thiago-Ribeiro-AGIF.webp\",\"keywords\":[\"\u00c1lvaro Pacheco\",\"Classifica\u00e7\u00e3o\",\"Copa do Brasil\",\"drama\",\"emo\u00e7\u00e3o\",\"Esportes\",\"Fortaleza\",\"futebol\",\"Gigante da Colina\",\"L\u00e9o Jardim\",\"Lucas Piton\",\"P\u00eanaltis\",\"Vasco\",\"Vegetti\",\"virada\"],\"articleSection\":[\"Esportes\",\"Futebol\"],\"inLanguage\":\"en-US\",\"potentialAction\":[{\"@type\":\"CommentAction\",\"name\":\"Comment\",\"target\":[\"https:\\\/\\\/folhadoleste.com.br\\\/leo-jardim-garante-classificacao-do-vasco\\\/#respond\"]}]},{\"@type\":\"WebPage\",\"@id\":\"https:\\\/\\\/folhadoleste.com.br\\\/leo-jardim-garante-classificacao-do-vasco\\\/\",\"url\":\"https:\\\/\\\/folhadoleste.com.br\\\/leo-jardim-garante-classificacao-do-vasco\\\/\",\"name\":\"Leo Jardim garante classifica\u00e7\u00e3o do Vasco &#8226; Folha do Leste\",\"isPartOf\":{\"@id\":\"https:\\\/\\\/folhadoleste.com.br\\\/#website\"},\"primaryImageOfPage\":{\"@id\":\"https:\\\/\\\/folhadoleste.com.br\\\/leo-jardim-garante-classificacao-do-vasco\\\/#primaryimage\"},\"image\":{\"@id\":\"https:\\\/\\\/folhadoleste.com.br\\\/leo-jardim-garante-classificacao-do-vasco\\\/#primaryimage\"},\"thumbnailUrl\":\"https:\\\/\\\/folhadoleste.com.br\\\/wp-content\\\/uploads\\\/2024\\\/05\\\/Leo-Jardim-garante-classificacao-do-Vasco-Foto-Thiago-Ribeiro-AGIF.webp\",\"datePublished\":\"2024-05-22T03:48:52+00:00\",\"description\":\"Leo Jardim garante classifica\u00e7\u00e3o do Vasco. Com ra\u00e7a e supera\u00e7\u00e3o, Gigante da Colina garante vaga nas oitavas da Copa do Brasil...\",\"breadcrumb\":{\"@id\":\"https:\\\/\\\/folhadoleste.com.br\\\/leo-jardim-garante-classificacao-do-vasco\\\/#breadcrumb\"},\"inLanguage\":\"en-US\",\"potentialAction\":[{\"@type\":\"ReadAction\",\"target\":[\"https:\\\/\\\/folhadoleste.com.br\\\/leo-jardim-garante-classificacao-do-vasco\\\/\"]}]},{\"@type\":\"ImageObject\",\"inLanguage\":\"en-US\",\"@id\":\"https:\\\/\\\/folhadoleste.com.br\\\/leo-jardim-garante-classificacao-do-vasco\\\/#primaryimage\",\"url\":\"https:\\\/\\\/folhadoleste.com.br\\\/wp-content\\\/uploads\\\/2024\\\/05\\\/Leo-Jardim-garante-classificacao-do-Vasco-Foto-Thiago-Ribeiro-AGIF.webp\",\"contentUrl\":\"https:\\\/\\\/folhadoleste.com.br\\\/wp-content\\\/uploads\\\/2024\\\/05\\\/Leo-Jardim-garante-classificacao-do-Vasco-Foto-Thiago-Ribeiro-AGIF.webp\",\"width\":1080,\"height\":675,\"caption\":\"Leo Jardim garante classifica\u00e7\u00e3o do Vasco | Thiago Ribeiro\\\/AGIF\"},{\"@type\":\"BreadcrumbList\",\"@id\":\"https:\\\/\\\/folhadoleste.com.br\\\/leo-jardim-garante-classificacao-do-vasco\\\/#breadcrumb\",\"itemListElement\":[{\"@type\":\"ListItem\",\"position\":1,\"name\":\"In\u00edcio\",\"item\":\"https:\\\/\\\/folhadoleste.com.br\\\/\"},{\"@type\":\"ListItem\",\"position\":2,\"name\":\"Esportes\",\"item\":\"https:\\\/\\\/folhadoleste.com.br\\\/category\\\/esportes\\\/\"},{\"@type\":\"ListItem\",\"position\":3,\"name\":\"Futebol\",\"item\":\"https:\\\/\\\/folhadoleste.com.br\\\/category\\\/esportes\\\/futebol-esportes\\\/\"},{\"@type\":\"ListItem\",\"position\":4,\"name\":\"Leo Jardim garante classifica\u00e7\u00e3o do Vasco\"}]},{\"@type\":\"WebSite\",\"@id\":\"https:\\\/\\\/folhadoleste.com.br\\\/#website\",\"url\":\"https:\\\/\\\/folhadoleste.com.br\\\/\",\"name\":\"Folha do Leste\",\"description\":\"Portal de Not\u00edcias com \u00eanfase em Niter\u00f3i, criando conte\u00fados desde a capital Rio de Janeiro, com olhar para o Leste Fluminense e suas cidades como S\u00e3o Gon\u00e7alo, Itabora\u00ed, Rio Bonito, Maric\u00e1, Saquarema e Araruama\",\"publisher\":{\"@id\":\"https:\\\/\\\/folhadoleste.com.br\\\/#organization\"},\"alternateName\":\"FL\",\"potentialAction\":[{\"@type\":\"SearchAction\",\"target\":{\"@type\":\"EntryPoint\",\"urlTemplate\":\"https:\\\/\\\/folhadoleste.com.br\\\/?s={search_term_string}\"},\"query-input\":{\"@type\":\"PropertyValueSpecification\",\"valueRequired\":true,\"valueName\":\"search_term_string\"}}],\"inLanguage\":\"en-US\"},{\"@type\":\"Organization\",\"@id\":\"https:\\\/\\\/folhadoleste.com.br\\\/#organization\",\"name\":\"Brasil 21 Comunica\u00e7\u00e3o\",\"alternateName\":\"BR21\",\"url\":\"https:\\\/\\\/folhadoleste.com.br\\\/\",\"logo\":{\"@type\":\"ImageObject\",\"inLanguage\":\"en-US\",\"@id\":\"https:\\\/\\\/folhadoleste.com.br\\\/#\\\/schema\\\/logo\\\/image\\\/\",\"url\":\"https:\\\/\\\/folhadoleste.com.br\\\/wp-content\\\/uploads\\\/2025\\\/12\\\/brasil-21-logomarca.avif\",\"contentUrl\":\"https:\\\/\\\/folhadoleste.com.br\\\/wp-content\\\/uploads\\\/2025\\\/12\\\/brasil-21-logomarca.avif\",\"width\":1044,\"height\":1044,\"caption\":\"Brasil 21 Comunica\u00e7\u00e3o\"},\"image\":{\"@id\":\"https:\\\/\\\/folhadoleste.com.br\\\/#\\\/schema\\\/logo\\\/image\\\/\"},\"sameAs\":[\"https:\\\/\\\/www.facebook.com\\\/folhadoleste\",\"https:\\\/\\\/x.com\\\/FolhadoLesteRJ\",\"https:\\\/\\\/www.instagram.com\\\/folhadoleste\\\/\"]},{\"@type\":\"Person\",\"@id\":\"https:\\\/\\\/folhadoleste.com.br\\\/#\\\/schema\\\/person\\\/3e97145b2e1861276e84471aa85a3899\",\"name\":\"Folha do Leste\",\"image\":{\"@type\":\"ImageObject\",\"inLanguage\":\"en-US\",\"@id\":\"https:\\\/\\\/folhadoleste.com.br\\\/wp-content\\\/litespeed\\\/avatar\\\/1ca8c218432e7045e748610eb3db0259.jpg?ver=1777161142\",\"url\":\"https:\\\/\\\/folhadoleste.com.br\\\/wp-content\\\/litespeed\\\/avatar\\\/1ca8c218432e7045e748610eb3db0259.jpg?ver=1777161142\",\"contentUrl\":\"https:\\\/\\\/folhadoleste.com.br\\\/wp-content\\\/litespeed\\\/avatar\\\/1ca8c218432e7045e748610eb3db0259.jpg?ver=1777161142\",\"caption\":\"Folha do Leste\"},\"url\":\"https:\\\/\\\/folhadoleste.com.br\\\/en\\\/author\\\/reportagem-01\\\/\"}]}<\/script>\n<!-- \/ Yoast SEO plugin. -->","yoast_head_json":{"title":"Leo Jardim garante classifica\u00e7\u00e3o do Vasco &#8226; Folha do Leste","description":"Leo Jardim garante classifica\u00e7\u00e3o do Vasco. Com ra\u00e7a e supera\u00e7\u00e3o, Gigante da Colina garante vaga nas oitavas da Copa do Brasil...","robots":{"index":"index","follow":"follow","max-snippet":"max-snippet:-1","max-image-preview":"max-image-preview:large","max-video-preview":"max-video-preview:-1"},"canonical":"https:\/\/folhadoleste.com.br\/en\/leo-jardim-garante-classificacao-do-vasco\/","og_locale":"en_US","og_type":"article","og_title":"Leo Jardim garante classifica\u00e7\u00e3o do Vasco &#8226; Folha do Leste","og_description":"Futebol &#8226; 22 de May de 2024 &#8226; Folha do Leste","og_url":"https:\/\/folhadoleste.com.br\/en\/leo-jardim-garante-classificacao-do-vasco\/","og_site_name":"Folha do Leste","article_publisher":"https:\/\/www.facebook.com\/folhadoleste","article_published_time":"2024-05-22T03:48:52+00:00","og_image":[{"width":1080,"height":675,"url":"https:\/\/folhadoleste.com.br\/wp-content\/uploads\/2024\/05\/Leo-Jardim-garante-classificacao-do-Vasco-Foto-Thiago-Ribeiro-AGIF.webp","type":"image\/webp"}],"author":"Folha do Leste","twitter_card":"summary_large_image","twitter_creator":"@FolhadoLesteRJ","twitter_site":"@FolhadoLesteRJ","twitter_misc":{"Written by":"Folha do Leste","Est. reading time":"4 minutes"},"schema":{"@context":"https:\/\/schema.org","@graph":[{"@type":"NewsArticle","@id":"https:\/\/folhadoleste.com.br\/leo-jardim-garante-classificacao-do-vasco\/#article","isPartOf":{"@id":"https:\/\/folhadoleste.com.br\/leo-jardim-garante-classificacao-do-vasco\/"},"author":{"name":"Folha do Leste","@id":"https:\/\/folhadoleste.com.br\/#\/schema\/person\/3e97145b2e1861276e84471aa85a3899"},"headline":"Leo Jardim garante classifica\u00e7\u00e3o do Vasco","datePublished":"2024-05-22T03:48:52+00:00","mainEntityOfPage":{"@id":"https:\/\/folhadoleste.com.br\/leo-jardim-garante-classificacao-do-vasco\/"},"wordCount":408,"commentCount":0,"publisher":{"@id":"https:\/\/folhadoleste.com.br\/#organization"},"image":{"@id":"https:\/\/folhadoleste.com.br\/leo-jardim-garante-classificacao-do-vasco\/#primaryimage"},"thumbnailUrl":"https:\/\/folhadoleste.com.br\/wp-content\/uploads\/2024\/05\/Leo-Jardim-garante-classificacao-do-Vasco-Foto-Thiago-Ribeiro-AGIF.webp","keywords":["\u00c1lvaro Pacheco","Classifica\u00e7\u00e3o","Copa do Brasil","drama","emo\u00e7\u00e3o","Esportes","Fortaleza","futebol","Gigante da Colina","L\u00e9o Jardim","Lucas Piton","P\u00eanaltis","Vasco","Vegetti","virada"],"articleSection":["Esportes","Futebol"],"inLanguage":"en-US","potentialAction":[{"@type":"CommentAction","name":"Comment","target":["https:\/\/folhadoleste.com.br\/leo-jardim-garante-classificacao-do-vasco\/#respond"]}]},{"@type":"WebPage","@id":"https:\/\/folhadoleste.com.br\/leo-jardim-garante-classificacao-do-vasco\/","url":"https:\/\/folhadoleste.com.br\/leo-jardim-garante-classificacao-do-vasco\/","name":"Leo Jardim garante classifica\u00e7\u00e3o do Vasco &#8226; Folha do Leste","isPartOf":{"@id":"https:\/\/folhadoleste.com.br\/#website"},"primaryImageOfPage":{"@id":"https:\/\/folhadoleste.com.br\/leo-jardim-garante-classificacao-do-vasco\/#primaryimage"},"image":{"@id":"https:\/\/folhadoleste.com.br\/leo-jardim-garante-classificacao-do-vasco\/#primaryimage"},"thumbnailUrl":"https:\/\/folhadoleste.com.br\/wp-content\/uploads\/2024\/05\/Leo-Jardim-garante-classificacao-do-Vasco-Foto-Thiago-Ribeiro-AGIF.webp","datePublished":"2024-05-22T03:48:52+00:00","description":"Leo Jardim garante classifica\u00e7\u00e3o do Vasco. Com ra\u00e7a e supera\u00e7\u00e3o, Gigante da Colina garante vaga nas oitavas da Copa do Brasil...","breadcrumb":{"@id":"https:\/\/folhadoleste.com.br\/leo-jardim-garante-classificacao-do-vasco\/#breadcrumb"},"inLanguage":"en-US","potentialAction":[{"@type":"ReadAction","target":["https:\/\/folhadoleste.com.br\/leo-jardim-garante-classificacao-do-vasco\/"]}]},{"@type":"ImageObject","inLanguage":"en-US","@id":"https:\/\/folhadoleste.com.br\/leo-jardim-garante-classificacao-do-vasco\/#primaryimage","url":"https:\/\/folhadoleste.com.br\/wp-content\/uploads\/2024\/05\/Leo-Jardim-garante-classificacao-do-Vasco-Foto-Thiago-Ribeiro-AGIF.webp","contentUrl":"https:\/\/folhadoleste.com.br\/wp-content\/uploads\/2024\/05\/Leo-Jardim-garante-classificacao-do-Vasco-Foto-Thiago-Ribeiro-AGIF.webp","width":1080,"height":675,"caption":"Leo Jardim garante classifica\u00e7\u00e3o do Vasco | Thiago Ribeiro\/AGIF"},{"@type":"BreadcrumbList","@id":"https:\/\/folhadoleste.com.br\/leo-jardim-garante-classificacao-do-vasco\/#breadcrumb","itemListElement":[{"@type":"ListItem","position":1,"name":"In\u00edcio","item":"https:\/\/folhadoleste.com.br\/"},{"@type":"ListItem","position":2,"name":"Esportes","item":"https:\/\/folhadoleste.com.br\/category\/esportes\/"},{"@type":"ListItem","position":3,"name":"Futebol","item":"https:\/\/folhadoleste.com.br\/category\/esportes\/futebol-esportes\/"},{"@type":"ListItem","position":4,"name":"Leo Jardim garante classifica\u00e7\u00e3o do Vasco"}]},{"@type":"WebSite","@id":"https:\/\/folhadoleste.com.br\/#website","url":"https:\/\/folhadoleste.com.br\/","name":"Folha do Leste","description":"Portal de Not\u00edcias com \u00eanfase em Niter\u00f3i, criando conte\u00fados desde a capital Rio de Janeiro, com olhar para o Leste Fluminense e suas cidades como S\u00e3o Gon\u00e7alo, Itabora\u00ed, Rio Bonito, Maric\u00e1, Saquarema e Araruama","publisher":{"@id":"https:\/\/folhadoleste.com.br\/#organization"},"alternateName":"FL","potentialAction":[{"@type":"SearchAction","target":{"@type":"EntryPoint","urlTemplate":"https:\/\/folhadoleste.com.br\/?s={search_term_string}"},"query-input":{"@type":"PropertyValueSpecification","valueRequired":true,"valueName":"search_term_string"}}],"inLanguage":"en-US"},{"@type":"Organization","@id":"https:\/\/folhadoleste.com.br\/#organization","name":"Brasil 21 Comunica\u00e7\u00e3o","alternateName":"BR21","url":"https:\/\/folhadoleste.com.br\/","logo":{"@type":"ImageObject","inLanguage":"en-US","@id":"https:\/\/folhadoleste.com.br\/#\/schema\/logo\/image\/","url":"https:\/\/folhadoleste.com.br\/wp-content\/uploads\/2025\/12\/brasil-21-logomarca.avif","contentUrl":"https:\/\/folhadoleste.com.br\/wp-content\/uploads\/2025\/12\/brasil-21-logomarca.avif","width":1044,"height":1044,"caption":"Brasil 21 Comunica\u00e7\u00e3o"},"image":{"@id":"https:\/\/folhadoleste.com.br\/#\/schema\/logo\/image\/"},"sameAs":["https:\/\/www.facebook.com\/folhadoleste","https:\/\/x.com\/FolhadoLesteRJ","https:\/\/www.instagram.com\/folhadoleste\/"]},{"@type":"Person","@id":"https:\/\/folhadoleste.com.br\/#\/schema\/person\/3e97145b2e1861276e84471aa85a3899","name":"Folha do Leste","image":{"@type":"ImageObject","inLanguage":"en-US","@id":"https:\/\/folhadoleste.com.br\/wp-content\/litespeed\/avatar\/1ca8c218432e7045e748610eb3db0259.jpg?ver=1777161142","url":"https:\/\/folhadoleste.com.br\/wp-content\/litespeed\/avatar\/1ca8c218432e7045e748610eb3db0259.jpg?ver=1777161142","contentUrl":"https:\/\/folhadoleste.com.br\/wp-content\/litespeed\/avatar\/1ca8c218432e7045e748610eb3db0259.jpg?ver=1777161142","caption":"Folha do Leste"},"url":"https:\/\/folhadoleste.com.br\/en\/author\/reportagem-01\/"}]}},"_links":{"self":[{"href":"https:\/\/folhadoleste.com.br\/en\/wp-json\/wp\/v2\/posts\/67000","targetHints":{"allow":["GET"]}}],"collection":[{"href":"https:\/\/folhadoleste.com.br\/en\/wp-json\/wp\/v2\/posts"}],"about":[{"href":"https:\/\/folhadoleste.com.br\/en\/wp-json\/wp\/v2\/types\/post"}],"author":[{"embeddable":true,"href":"https:\/\/folhadoleste.com.br\/en\/wp-json\/wp\/v2\/users\/4"}],"replies":[{"embeddable":true,"href":"https:\/\/folhadoleste.com.br\/en\/wp-json\/wp\/v2\/comments?post=67000"}],"version-history":[{"count":1,"href":"https:\/\/folhadoleste.com.br\/en\/wp-json\/wp\/v2\/posts\/67000\/revisions"}],"predecessor-version":[{"id":67023,"href":"https:\/\/folhadoleste.com.br\/en\/wp-json\/wp\/v2\/posts\/67000\/revisions\/67023"}],"wp:featuredmedia":[{"embeddable":true,"href":"https:\/\/folhadoleste.com.br\/en\/wp-json\/wp\/v2\/media\/67021"}],"wp:attachment":[{"href":"https:\/\/folhadoleste.com.br\/en\/wp-json\/wp\/v2\/media?parent=67000"}],"wp:term":[{"taxonomy":"category","embeddable":true,"href":"https:\/\/folhadoleste.com.br\/en\/wp-json\/wp\/v2\/categories?post=67000"},{"taxonomy":"post_tag","embeddable":true,"href":"https:\/\/folhadoleste.com.br\/en\/wp-json\/wp\/v2\/tags?post=67000"}],"curies":[{"name":"wp","href":"https:\/\/api.w.org\/{rel}","templated":true}]}}