{"id":6653,"date":"2023-05-23T18:20:14","date_gmt":"2023-05-23T21:20:14","guid":{"rendered":"https:\/\/folhadoleste.com.br\/?p=6653"},"modified":"2023-05-23T18:22:17","modified_gmt":"2023-05-23T21:22:17","slug":"vasco-torcedores-protestam-na-sede-da-777","status":"publish","type":"post","link":"https:\/\/folhadoleste.com.br\/en\/vasco-torcedores-protestam-na-sede-da-777\/","title":{"rendered":"Vasco: torcedores protestam na sede da 777"},"content":{"rendered":"<p>Foram todos protestar de cora\u00e7\u00e3o. E a Cruz de Malta era o pend\u00e3o deles. E nada de torcida bem feliz. Na verdade, uma galera vasca\u00edna bem furiosa. Insatisfeitos com a situa\u00e7\u00e3o do time no Campeonato Brasileiro, um grupo de torcedores decidiu criar um alvoro\u00e7o na porta da empresa 777, investidora do futebol do Vasco, na Barra da Tijuca, nesta ter\u00e7a-feira (23).<\/p>\n<p>&nbsp;<\/p>\n<p>Os torcedores miraram suas cobran\u00e7as no t\u00e9cnico Maur\u00edcio Barbieri e em v\u00e1rios dos dirigentes, incluindo Paulo Bracks, Abel Braga, Luis Mello e at\u00e9 mesmo o magnata Josh Wander, propriet\u00e1rio da 777.<\/p>\n<p>&nbsp;<\/p>\n<p>Com todos esses nomes riscados em uma bandeira, a turma escolheu uma frase em ingl\u00eas para resumir sua indigna\u00e7\u00e3o: &#8220;Fa\u00e7am as promessas verem a luz do dia.&#8221;<\/p>\n<div id=\"attachment_6658\" style=\"width: 994px\" class=\"wp-caption aligncenter\"><img decoding=\"async\" aria-describedby=\"caption-attachment-6658\" class=\"size-full wp-image-6658\" src=\"https:\/\/folhadoleste.com.br\/wp-content\/uploads\/2023\/05\/Protesto-torcida-do-vasco-777-2.webp\" alt=\"\" width=\"984\" height=\"689\" \/><p id=\"caption-attachment-6658\" class=\"wp-caption-text\">Reprodu\u00e7\u00e3o Redes Sociais<\/p><\/div>\n<p>&nbsp;<\/p>\n<h4>Crise<\/h4>\n<p>&nbsp;<\/p>\n<p>A situa\u00e7\u00e3o complicou ainda mais com o Vasco afundando na zona de rebaixamento do Brasileir\u00e3o, <a href=\"https:\/\/folhadoleste.com.br\/en\/cuiaba-vence-o-cruzeiro-e-manda-vasco-pra-zona-de-rebaixamento\/\">ap\u00f3s o Cuiab\u00e1 derrotar o Cruzeiro<\/a> na segunda-feira (22). <a href=\"https:\/\/folhadoleste.com.br\/en\/vasco-perde-e-tera-que-torcer-pelo-flamengo-para-nao-ir-a-zona\/\">No s\u00e1bado, o time foi derrotado pelo S\u00e3o Paulo por 4&#215;2.<\/a><\/p>\n<p>&nbsp;<\/p>\n<p>Apesar das explica\u00e7\u00f5es de Barbieri e dos chef\u00f5es todo-poderosos do clube sobre o momento ruim da equipe, a torcida se mostra impaciente.<\/p>\n<p>&nbsp;<\/p>\n<p>\u00c9 claro que todo mundo entende que o treinador n\u00e3o \u00e9 o \u00fanico culpado pela maldi\u00e7\u00e3o de vit\u00f3rias. E que ainda h\u00e1 muito trabalho a fazer para criar um grupo forte.<\/p>\n<p>&nbsp;<\/p>\n<p>A esperan\u00e7a \u00e9 que o Vasco possa garantir alguns refor\u00e7os na janela de transfer\u00eancia de julho. Mas, isso pode n\u00e3o ser t\u00e3o f\u00e1cil assim com a 777 cambaleando sob dificuldades financeiras.<\/p>","protected":false},"excerpt":{"rendered":"<p>Foram todos protestar de cora\u00e7\u00e3o. E a Cruz de Malta era o pend\u00e3o deles. E nada de torcida bem feliz. Na verdade, uma galera vasca\u00edna bem furiosa. Insatisfeitos com a situa\u00e7\u00e3o do time no Campeonato Brasileiro, um grupo de torcedores decidiu criar um alvoro\u00e7o na porta da empresa 777, investidora do futebol do Vasco, na Barra da Tijuca, nesta ter\u00e7a-feira (23). &nbsp; Os torcedores miraram suas cobran\u00e7as no t\u00e9cnico Maur\u00edcio Barbieri e em v\u00e1rios dos dirigentes, incluindo Paulo Bracks, Abel Braga, Luis Mello e at\u00e9 mesmo o magnata Josh Wander, propriet\u00e1rio da 777. &nbsp; Com todos esses nomes riscados em [&hellip;]<\/p>\n","protected":false},"author":4,"featured_media":6657,"comment_status":"open","ping_status":"open","sticky":false,"template":"","format":"standard","meta":{"footnotes":""},"categories":[65],"tags":[],"class_list":["post-6653","post","type-post","status-publish","format-standard","has-post-thumbnail","hentry","category-futebol-esportes","post--single"],"yoast_head":"<!-- This site is optimized with the Yoast SEO plugin v27.4 - https:\/\/yoast.com\/product\/yoast-seo-wordpress\/ -->\n<title>Vasco: torcedores protestam na sede da 777 &#8226; Folha do Leste<\/title>\n<meta name=\"description\" content=\"Insatisfeitos com a situa\u00e7\u00e3o do time no Campeonato Brasileiro, um grupo de torcedores decidiu criar um alvoro\u00e7o na porta da empresa 777.\" \/>\n<meta name=\"robots\" content=\"index, follow, max-snippet:-1, max-image-preview:large, max-video-preview:-1\" \/>\n<link rel=\"canonical\" href=\"https:\/\/folhadoleste.com.br\/en\/vasco-torcedores-protestam-na-sede-da-777\/\" \/>\n<meta property=\"og:locale\" content=\"en_US\" \/>\n<meta property=\"og:type\" content=\"article\" \/>\n<meta property=\"og:title\" content=\"Vasco: torcedores protestam na sede da 777 &#8226; Folha do Leste\" \/>\n<meta property=\"og:description\" content=\"Insatisfeitos com a situa\u00e7\u00e3o do time no Campeonato Brasileiro, um grupo de torcedores decidiu criar um alvoro\u00e7o na porta da empresa 777.\" \/>\n<meta property=\"og:url\" content=\"https:\/\/folhadoleste.com.br\/en\/vasco-torcedores-protestam-na-sede-da-777\/\" \/>\n<meta property=\"og:site_name\" content=\"Folha do Leste\" \/>\n<meta property=\"article:publisher\" content=\"https:\/\/www.facebook.com\/folhadoleste\" \/>\n<meta property=\"article:published_time\" content=\"2023-05-23T21:20:14+00:00\" \/>\n<meta property=\"article:modified_time\" content=\"2023-05-23T21:22:17+00:00\" \/>\n<meta property=\"og:image\" content=\"https:\/\/folhadoleste.com.br\/wp-content\/uploads\/2023\/05\/Protesto-torcida-do-vasco-777.jpg\" \/>\n\t<meta property=\"og:image:width\" content=\"885\" \/>\n\t<meta property=\"og:image:height\" content=\"546\" \/>\n\t<meta property=\"og:image:type\" content=\"image\/jpeg\" \/>\n<meta name=\"author\" content=\"Folha do Leste\" \/>\n<meta name=\"twitter:card\" content=\"summary_large_image\" \/>\n<meta name=\"twitter:creator\" content=\"@FolhadoLesteRJ\" \/>\n<meta name=\"twitter:site\" content=\"@FolhadoLesteRJ\" \/>\n<meta name=\"twitter:label1\" content=\"Written by\" \/>\n\t<meta name=\"twitter:data1\" content=\"Folha do Leste\" \/>\n\t<meta name=\"twitter:label2\" content=\"Est. reading time\" \/>\n\t<meta name=\"twitter:data2\" content=\"2 minutes\" \/>\n<script type=\"application\/ld+json\" class=\"yoast-schema-graph\">{\"@context\":\"https:\\\/\\\/schema.org\",\"@graph\":[{\"@type\":\"NewsArticle\",\"@id\":\"https:\\\/\\\/folhadoleste.com.br\\\/vasco-torcedores-protestam-na-sede-da-777\\\/#article\",\"isPartOf\":{\"@id\":\"https:\\\/\\\/folhadoleste.com.br\\\/vasco-torcedores-protestam-na-sede-da-777\\\/\"},\"author\":{\"name\":\"Folha do Leste\",\"@id\":\"https:\\\/\\\/folhadoleste.com.br\\\/#\\\/schema\\\/person\\\/3e97145b2e1861276e84471aa85a3899\"},\"headline\":\"Vasco: torcedores protestam na sede da 777\",\"datePublished\":\"2023-05-23T21:20:14+00:00\",\"dateModified\":\"2023-05-23T21:22:17+00:00\",\"mainEntityOfPage\":{\"@id\":\"https:\\\/\\\/folhadoleste.com.br\\\/vasco-torcedores-protestam-na-sede-da-777\\\/\"},\"wordCount\":285,\"commentCount\":0,\"publisher\":{\"@id\":\"https:\\\/\\\/folhadoleste.com.br\\\/#organization\"},\"image\":{\"@id\":\"https:\\\/\\\/folhadoleste.com.br\\\/vasco-torcedores-protestam-na-sede-da-777\\\/#primaryimage\"},\"thumbnailUrl\":\"https:\\\/\\\/folhadoleste.com.br\\\/wp-content\\\/uploads\\\/2023\\\/05\\\/Protesto-torcida-do-vasco-777.jpg\",\"articleSection\":[\"Futebol\"],\"inLanguage\":\"en-US\",\"potentialAction\":[{\"@type\":\"CommentAction\",\"name\":\"Comment\",\"target\":[\"https:\\\/\\\/folhadoleste.com.br\\\/vasco-torcedores-protestam-na-sede-da-777\\\/#respond\"]}]},{\"@type\":\"WebPage\",\"@id\":\"https:\\\/\\\/folhadoleste.com.br\\\/vasco-torcedores-protestam-na-sede-da-777\\\/\",\"url\":\"https:\\\/\\\/folhadoleste.com.br\\\/vasco-torcedores-protestam-na-sede-da-777\\\/\",\"name\":\"Vasco: torcedores protestam na sede da 777 &#8226; Folha do Leste\",\"isPartOf\":{\"@id\":\"https:\\\/\\\/folhadoleste.com.br\\\/#website\"},\"primaryImageOfPage\":{\"@id\":\"https:\\\/\\\/folhadoleste.com.br\\\/vasco-torcedores-protestam-na-sede-da-777\\\/#primaryimage\"},\"image\":{\"@id\":\"https:\\\/\\\/folhadoleste.com.br\\\/vasco-torcedores-protestam-na-sede-da-777\\\/#primaryimage\"},\"thumbnailUrl\":\"https:\\\/\\\/folhadoleste.com.br\\\/wp-content\\\/uploads\\\/2023\\\/05\\\/Protesto-torcida-do-vasco-777.jpg\",\"datePublished\":\"2023-05-23T21:20:14+00:00\",\"dateModified\":\"2023-05-23T21:22:17+00:00\",\"description\":\"Insatisfeitos com a situa\u00e7\u00e3o do time no Campeonato Brasileiro, um grupo de torcedores decidiu criar um alvoro\u00e7o na porta da empresa 777.\",\"breadcrumb\":{\"@id\":\"https:\\\/\\\/folhadoleste.com.br\\\/vasco-torcedores-protestam-na-sede-da-777\\\/#breadcrumb\"},\"inLanguage\":\"en-US\",\"potentialAction\":[{\"@type\":\"ReadAction\",\"target\":[\"https:\\\/\\\/folhadoleste.com.br\\\/vasco-torcedores-protestam-na-sede-da-777\\\/\"]}]},{\"@type\":\"ImageObject\",\"inLanguage\":\"en-US\",\"@id\":\"https:\\\/\\\/folhadoleste.com.br\\\/vasco-torcedores-protestam-na-sede-da-777\\\/#primaryimage\",\"url\":\"https:\\\/\\\/folhadoleste.com.br\\\/wp-content\\\/uploads\\\/2023\\\/05\\\/Protesto-torcida-do-vasco-777.jpg\",\"contentUrl\":\"https:\\\/\\\/folhadoleste.com.br\\\/wp-content\\\/uploads\\\/2023\\\/05\\\/Protesto-torcida-do-vasco-777.jpg\",\"width\":885,\"height\":546,\"caption\":\"Reprodu\u00e7\u00e3o Redes Sociais\"},{\"@type\":\"BreadcrumbList\",\"@id\":\"https:\\\/\\\/folhadoleste.com.br\\\/vasco-torcedores-protestam-na-sede-da-777\\\/#breadcrumb\",\"itemListElement\":[{\"@type\":\"ListItem\",\"position\":1,\"name\":\"In\u00edcio\",\"item\":\"https:\\\/\\\/folhadoleste.com.br\\\/\"},{\"@type\":\"ListItem\",\"position\":2,\"name\":\"Esportes\",\"item\":\"https:\\\/\\\/folhadoleste.com.br\\\/category\\\/esportes\\\/\"},{\"@type\":\"ListItem\",\"position\":3,\"name\":\"Futebol\",\"item\":\"https:\\\/\\\/folhadoleste.com.br\\\/category\\\/esportes\\\/futebol-esportes\\\/\"},{\"@type\":\"ListItem\",\"position\":4,\"name\":\"Vasco: torcedores protestam na sede da 777\"}]},{\"@type\":\"WebSite\",\"@id\":\"https:\\\/\\\/folhadoleste.com.br\\\/#website\",\"url\":\"https:\\\/\\\/folhadoleste.com.br\\\/\",\"name\":\"Folha do Leste\",\"description\":\"Portal de Not\u00edcias com \u00eanfase em Niter\u00f3i, criando conte\u00fados desde a capital Rio de Janeiro, com olhar para o Leste Fluminense e suas cidades como S\u00e3o Gon\u00e7alo, Itabora\u00ed, Rio Bonito, Maric\u00e1, Saquarema e Araruama\",\"publisher\":{\"@id\":\"https:\\\/\\\/folhadoleste.com.br\\\/#organization\"},\"alternateName\":\"FL\",\"potentialAction\":[{\"@type\":\"SearchAction\",\"target\":{\"@type\":\"EntryPoint\",\"urlTemplate\":\"https:\\\/\\\/folhadoleste.com.br\\\/?s={search_term_string}\"},\"query-input\":{\"@type\":\"PropertyValueSpecification\",\"valueRequired\":true,\"valueName\":\"search_term_string\"}}],\"inLanguage\":\"en-US\"},{\"@type\":\"Organization\",\"@id\":\"https:\\\/\\\/folhadoleste.com.br\\\/#organization\",\"name\":\"Brasil 21 Comunica\u00e7\u00e3o\",\"alternateName\":\"BR21\",\"url\":\"https:\\\/\\\/folhadoleste.com.br\\\/\",\"logo\":{\"@type\":\"ImageObject\",\"inLanguage\":\"en-US\",\"@id\":\"https:\\\/\\\/folhadoleste.com.br\\\/#\\\/schema\\\/logo\\\/image\\\/\",\"url\":\"https:\\\/\\\/folhadoleste.com.br\\\/wp-content\\\/uploads\\\/2025\\\/12\\\/brasil-21-logomarca.avif\",\"contentUrl\":\"https:\\\/\\\/folhadoleste.com.br\\\/wp-content\\\/uploads\\\/2025\\\/12\\\/brasil-21-logomarca.avif\",\"width\":1044,\"height\":1044,\"caption\":\"Brasil 21 Comunica\u00e7\u00e3o\"},\"image\":{\"@id\":\"https:\\\/\\\/folhadoleste.com.br\\\/#\\\/schema\\\/logo\\\/image\\\/\"},\"sameAs\":[\"https:\\\/\\\/www.facebook.com\\\/folhadoleste\",\"https:\\\/\\\/x.com\\\/FolhadoLesteRJ\",\"https:\\\/\\\/www.instagram.com\\\/folhadoleste\\\/\"]},{\"@type\":\"Person\",\"@id\":\"https:\\\/\\\/folhadoleste.com.br\\\/#\\\/schema\\\/person\\\/3e97145b2e1861276e84471aa85a3899\",\"name\":\"Folha do Leste\",\"image\":{\"@type\":\"ImageObject\",\"inLanguage\":\"en-US\",\"@id\":\"https:\\\/\\\/folhadoleste.com.br\\\/wp-content\\\/litespeed\\\/avatar\\\/1ca8c218432e7045e748610eb3db0259.jpg?ver=1777161142\",\"url\":\"https:\\\/\\\/folhadoleste.com.br\\\/wp-content\\\/litespeed\\\/avatar\\\/1ca8c218432e7045e748610eb3db0259.jpg?ver=1777161142\",\"contentUrl\":\"https:\\\/\\\/folhadoleste.com.br\\\/wp-content\\\/litespeed\\\/avatar\\\/1ca8c218432e7045e748610eb3db0259.jpg?ver=1777161142\",\"caption\":\"Folha do Leste\"},\"url\":\"https:\\\/\\\/folhadoleste.com.br\\\/en\\\/author\\\/reportagem-01\\\/\"}]}<\/script>\n<!-- \/ Yoast SEO plugin. -->","yoast_head_json":{"title":"Vasco: torcedores protestam na sede da 777 &#8226; Folha do Leste","description":"Insatisfeitos com a situa\u00e7\u00e3o do time no Campeonato Brasileiro, um grupo de torcedores decidiu criar um alvoro\u00e7o na porta da empresa 777.","robots":{"index":"index","follow":"follow","max-snippet":"max-snippet:-1","max-image-preview":"max-image-preview:large","max-video-preview":"max-video-preview:-1"},"canonical":"https:\/\/folhadoleste.com.br\/en\/vasco-torcedores-protestam-na-sede-da-777\/","og_locale":"en_US","og_type":"article","og_title":"Vasco: torcedores protestam na sede da 777 &#8226; Folha do Leste","og_description":"Insatisfeitos com a situa\u00e7\u00e3o do time no Campeonato Brasileiro, um grupo de torcedores decidiu criar um alvoro\u00e7o na porta da empresa 777.","og_url":"https:\/\/folhadoleste.com.br\/en\/vasco-torcedores-protestam-na-sede-da-777\/","og_site_name":"Folha do Leste","article_publisher":"https:\/\/www.facebook.com\/folhadoleste","article_published_time":"2023-05-23T21:20:14+00:00","article_modified_time":"2023-05-23T21:22:17+00:00","og_image":[{"width":885,"height":546,"url":"https:\/\/folhadoleste.com.br\/wp-content\/uploads\/2023\/05\/Protesto-torcida-do-vasco-777.jpg","type":"image\/jpeg"}],"author":"Folha do Leste","twitter_card":"summary_large_image","twitter_creator":"@FolhadoLesteRJ","twitter_site":"@FolhadoLesteRJ","twitter_misc":{"Written by":"Folha do Leste","Est. reading time":"2 minutes"},"schema":{"@context":"https:\/\/schema.org","@graph":[{"@type":"NewsArticle","@id":"https:\/\/folhadoleste.com.br\/vasco-torcedores-protestam-na-sede-da-777\/#article","isPartOf":{"@id":"https:\/\/folhadoleste.com.br\/vasco-torcedores-protestam-na-sede-da-777\/"},"author":{"name":"Folha do Leste","@id":"https:\/\/folhadoleste.com.br\/#\/schema\/person\/3e97145b2e1861276e84471aa85a3899"},"headline":"Vasco: torcedores protestam na sede da 777","datePublished":"2023-05-23T21:20:14+00:00","dateModified":"2023-05-23T21:22:17+00:00","mainEntityOfPage":{"@id":"https:\/\/folhadoleste.com.br\/vasco-torcedores-protestam-na-sede-da-777\/"},"wordCount":285,"commentCount":0,"publisher":{"@id":"https:\/\/folhadoleste.com.br\/#organization"},"image":{"@id":"https:\/\/folhadoleste.com.br\/vasco-torcedores-protestam-na-sede-da-777\/#primaryimage"},"thumbnailUrl":"https:\/\/folhadoleste.com.br\/wp-content\/uploads\/2023\/05\/Protesto-torcida-do-vasco-777.jpg","articleSection":["Futebol"],"inLanguage":"en-US","potentialAction":[{"@type":"CommentAction","name":"Comment","target":["https:\/\/folhadoleste.com.br\/vasco-torcedores-protestam-na-sede-da-777\/#respond"]}]},{"@type":"WebPage","@id":"https:\/\/folhadoleste.com.br\/vasco-torcedores-protestam-na-sede-da-777\/","url":"https:\/\/folhadoleste.com.br\/vasco-torcedores-protestam-na-sede-da-777\/","name":"Vasco: torcedores protestam na sede da 777 &#8226; Folha do Leste","isPartOf":{"@id":"https:\/\/folhadoleste.com.br\/#website"},"primaryImageOfPage":{"@id":"https:\/\/folhadoleste.com.br\/vasco-torcedores-protestam-na-sede-da-777\/#primaryimage"},"image":{"@id":"https:\/\/folhadoleste.com.br\/vasco-torcedores-protestam-na-sede-da-777\/#primaryimage"},"thumbnailUrl":"https:\/\/folhadoleste.com.br\/wp-content\/uploads\/2023\/05\/Protesto-torcida-do-vasco-777.jpg","datePublished":"2023-05-23T21:20:14+00:00","dateModified":"2023-05-23T21:22:17+00:00","description":"Insatisfeitos com a situa\u00e7\u00e3o do time no Campeonato Brasileiro, um grupo de torcedores decidiu criar um alvoro\u00e7o na porta da empresa 777.","breadcrumb":{"@id":"https:\/\/folhadoleste.com.br\/vasco-torcedores-protestam-na-sede-da-777\/#breadcrumb"},"inLanguage":"en-US","potentialAction":[{"@type":"ReadAction","target":["https:\/\/folhadoleste.com.br\/vasco-torcedores-protestam-na-sede-da-777\/"]}]},{"@type":"ImageObject","inLanguage":"en-US","@id":"https:\/\/folhadoleste.com.br\/vasco-torcedores-protestam-na-sede-da-777\/#primaryimage","url":"https:\/\/folhadoleste.com.br\/wp-content\/uploads\/2023\/05\/Protesto-torcida-do-vasco-777.jpg","contentUrl":"https:\/\/folhadoleste.com.br\/wp-content\/uploads\/2023\/05\/Protesto-torcida-do-vasco-777.jpg","width":885,"height":546,"caption":"Reprodu\u00e7\u00e3o Redes Sociais"},{"@type":"BreadcrumbList","@id":"https:\/\/folhadoleste.com.br\/vasco-torcedores-protestam-na-sede-da-777\/#breadcrumb","itemListElement":[{"@type":"ListItem","position":1,"name":"In\u00edcio","item":"https:\/\/folhadoleste.com.br\/"},{"@type":"ListItem","position":2,"name":"Esportes","item":"https:\/\/folhadoleste.com.br\/category\/esportes\/"},{"@type":"ListItem","position":3,"name":"Futebol","item":"https:\/\/folhadoleste.com.br\/category\/esportes\/futebol-esportes\/"},{"@type":"ListItem","position":4,"name":"Vasco: torcedores protestam na sede da 777"}]},{"@type":"WebSite","@id":"https:\/\/folhadoleste.com.br\/#website","url":"https:\/\/folhadoleste.com.br\/","name":"Folha do Leste","description":"Portal de Not\u00edcias com \u00eanfase em Niter\u00f3i, criando conte\u00fados desde a capital Rio de Janeiro, com olhar para o Leste Fluminense e suas cidades como S\u00e3o Gon\u00e7alo, Itabora\u00ed, Rio Bonito, Maric\u00e1, Saquarema e Araruama","publisher":{"@id":"https:\/\/folhadoleste.com.br\/#organization"},"alternateName":"FL","potentialAction":[{"@type":"SearchAction","target":{"@type":"EntryPoint","urlTemplate":"https:\/\/folhadoleste.com.br\/?s={search_term_string}"},"query-input":{"@type":"PropertyValueSpecification","valueRequired":true,"valueName":"search_term_string"}}],"inLanguage":"en-US"},{"@type":"Organization","@id":"https:\/\/folhadoleste.com.br\/#organization","name":"Brasil 21 Comunica\u00e7\u00e3o","alternateName":"BR21","url":"https:\/\/folhadoleste.com.br\/","logo":{"@type":"ImageObject","inLanguage":"en-US","@id":"https:\/\/folhadoleste.com.br\/#\/schema\/logo\/image\/","url":"https:\/\/folhadoleste.com.br\/wp-content\/uploads\/2025\/12\/brasil-21-logomarca.avif","contentUrl":"https:\/\/folhadoleste.com.br\/wp-content\/uploads\/2025\/12\/brasil-21-logomarca.avif","width":1044,"height":1044,"caption":"Brasil 21 Comunica\u00e7\u00e3o"},"image":{"@id":"https:\/\/folhadoleste.com.br\/#\/schema\/logo\/image\/"},"sameAs":["https:\/\/www.facebook.com\/folhadoleste","https:\/\/x.com\/FolhadoLesteRJ","https:\/\/www.instagram.com\/folhadoleste\/"]},{"@type":"Person","@id":"https:\/\/folhadoleste.com.br\/#\/schema\/person\/3e97145b2e1861276e84471aa85a3899","name":"Folha do Leste","image":{"@type":"ImageObject","inLanguage":"en-US","@id":"https:\/\/folhadoleste.com.br\/wp-content\/litespeed\/avatar\/1ca8c218432e7045e748610eb3db0259.jpg?ver=1777161142","url":"https:\/\/folhadoleste.com.br\/wp-content\/litespeed\/avatar\/1ca8c218432e7045e748610eb3db0259.jpg?ver=1777161142","contentUrl":"https:\/\/folhadoleste.com.br\/wp-content\/litespeed\/avatar\/1ca8c218432e7045e748610eb3db0259.jpg?ver=1777161142","caption":"Folha do Leste"},"url":"https:\/\/folhadoleste.com.br\/en\/author\/reportagem-01\/"}]}},"_links":{"self":[{"href":"https:\/\/folhadoleste.com.br\/en\/wp-json\/wp\/v2\/posts\/6653","targetHints":{"allow":["GET"]}}],"collection":[{"href":"https:\/\/folhadoleste.com.br\/en\/wp-json\/wp\/v2\/posts"}],"about":[{"href":"https:\/\/folhadoleste.com.br\/en\/wp-json\/wp\/v2\/types\/post"}],"author":[{"embeddable":true,"href":"https:\/\/folhadoleste.com.br\/en\/wp-json\/wp\/v2\/users\/4"}],"replies":[{"embeddable":true,"href":"https:\/\/folhadoleste.com.br\/en\/wp-json\/wp\/v2\/comments?post=6653"}],"version-history":[{"count":3,"href":"https:\/\/folhadoleste.com.br\/en\/wp-json\/wp\/v2\/posts\/6653\/revisions"}],"predecessor-version":[{"id":6660,"href":"https:\/\/folhadoleste.com.br\/en\/wp-json\/wp\/v2\/posts\/6653\/revisions\/6660"}],"wp:featuredmedia":[{"embeddable":true,"href":"https:\/\/folhadoleste.com.br\/en\/wp-json\/wp\/v2\/media\/6657"}],"wp:attachment":[{"href":"https:\/\/folhadoleste.com.br\/en\/wp-json\/wp\/v2\/media?parent=6653"}],"wp:term":[{"taxonomy":"category","embeddable":true,"href":"https:\/\/folhadoleste.com.br\/en\/wp-json\/wp\/v2\/categories?post=6653"},{"taxonomy":"post_tag","embeddable":true,"href":"https:\/\/folhadoleste.com.br\/en\/wp-json\/wp\/v2\/tags?post=6653"}],"curies":[{"name":"wp","href":"https:\/\/api.w.org\/{rel}","templated":true}]}}