{"id":6622,"date":"2023-05-23T15:35:06","date_gmt":"2023-05-23T18:35:06","guid":{"rendered":"https:\/\/folhadoleste.com.br\/?p=6622"},"modified":"2023-05-23T15:42:07","modified_gmt":"2023-05-23T18:42:07","slug":"adolescente-e-queimado-no-micro-ondas-do-trafico","status":"publish","type":"post","link":"https:\/\/folhadoleste.com.br\/en\/adolescente-e-queimado-no-micro-ondas-do-trafico\/","title":{"rendered":"Adolescente \u00e9 queimado no &#8220;micro-ondas&#8221; do tr\u00e1fico"},"content":{"rendered":"<p>&nbsp;<\/p>\n<p>&nbsp;<\/p>\n<p>Um crime com requintes de crueldade. Em uma das piores esp\u00e9cies de tortura humana que existe. Nada que at\u00e9 mesmo os mais experientes rep\u00f3rteres consigam deixar de exprimir repulsa ao ter que escrever sobre tal fato.\u00a0 Falamos desse tribunal paralelo que o poder p\u00fablico finge n\u00e3o ver. Como se varresse a sujeira para debaixo do tapete \u2013 ou da terra.<\/p>\n<p>&nbsp;<\/p>\n<p>O Hospital Estadual Alberto Torres (HEAT), mantido com o dinheiro dos nossos tributos, est\u00e1 arcando com os custos da interna\u00e7\u00e3o de um adolescente, de 17 anos, com 95% do seu corpo queimado.<\/p>\n<p>&nbsp;<\/p>\n<p>Ele foi temperado pela tortura e queimado pela torpeza no chamado \u201cmicro-ondas\u201d \u2013 onde pessoas s\u00e3o presas entre aros de pneus. Local onde bandidos, por h\u00e1bito, aplicam seus castigos a quem eles acham jus.<\/p>\n<p>&nbsp;<\/p>\n<p>O J\u00fari: traficantes que atuam em S\u00e3o Gon\u00e7alo, no bairro Pita. Data prov\u00e1vel do fato: sexta-feira (19\/5). Estado de sa\u00fade do rapaz: grav\u00edssimo, na UTI do HEAT. N\u00e3o se sabe, at\u00e9 ent\u00e3o, de envolvimento da v\u00edtima com o tr\u00e1fico.<\/p>\n<p>&nbsp;<\/p>\n<h5><strong><a href=\"https:\/\/www.facebook.com\/folhadoleste\">CURTA E SIGA NOSSA P\u00c1GINA NO FACEBOOK CLICANDO AQUI<\/a><\/strong><\/h5>\n<h5><strong><a href=\"https:\/\/www.instagram.com\/folhadoleste\/\">CURTA E SIGA NOSSA P\u00c1GINA NO INSTAGRAM CLICANDO AQUI<\/a><\/strong><\/h5>","protected":false},"excerpt":{"rendered":"<p>&nbsp; &nbsp; Um crime com requintes de crueldade. Em uma das piores esp\u00e9cies de tortura humana que existe. Nada que at\u00e9 mesmo os mais experientes rep\u00f3rteres consigam deixar de exprimir repulsa ao ter que escrever sobre tal fato.\u00a0 Falamos desse tribunal paralelo que o poder p\u00fablico finge n\u00e3o ver. Como se varresse a sujeira para debaixo do tapete \u2013 ou da terra. &nbsp; O Hospital Estadual Alberto Torres (HEAT), mantido com o dinheiro dos nossos tributos, est\u00e1 arcando com os custos da interna\u00e7\u00e3o de um adolescente, de 17 anos, com 95% do seu corpo queimado. &nbsp; Ele foi temperado pela [&hellip;]<\/p>\n","protected":false},"author":4,"featured_media":4496,"comment_status":"open","ping_status":"open","sticky":false,"template":"","format":"standard","meta":{"footnotes":""},"categories":[305,52],"tags":[3773,4378,4379,306,4377,76,3333,4380,2454],"class_list":["post-6622","post","type-post","status-publish","format-standard","has-post-thumbnail","hentry","category-policia-sao-goncalo-2","category-sao-goncalo","tag-adolescente","tag-heat","tag-hospital-estadual-alberto-torres","tag-pita","tag-queimado-micro-ondas","tag-sao-goncalo","tag-trafico","tag-uti","tag-vitima","post--single"],"yoast_head":"<!-- This site is optimized with the Yoast SEO plugin v27.5 - https:\/\/yoast.com\/product\/yoast-seo-wordpress\/ -->\n<title>Adolescente \u00e9 queimado no &quot;micro-ondas&quot; do tr\u00e1fico &#8226; Pol\u00edcia<\/title>\n<meta name=\"description\" content=\"O Hospital Estadual Alberto Torres (HEAT), mant\u00e9m internado em estado grave um adolescente, de 17 anos, com 95% do seu corpo queimado.\" \/>\n<meta name=\"robots\" content=\"index, follow, max-snippet:-1, max-image-preview:large, max-video-preview:-1\" \/>\n<link rel=\"canonical\" href=\"https:\/\/folhadoleste.com.br\/en\/adolescente-e-queimado-no-micro-ondas-do-trafico\/\" \/>\n<meta property=\"og:locale\" content=\"en_US\" \/>\n<meta property=\"og:type\" content=\"article\" \/>\n<meta property=\"og:title\" content=\"S\u00e3o Gon\u00e7alo: Adolescente \u00e9 queimado no &quot;micro-ondas&quot; do tr\u00e1fico\" \/>\n<meta property=\"og:description\" content=\"Saiba mais!\" \/>\n<meta property=\"og:url\" content=\"https:\/\/folhadoleste.com.br\/en\/adolescente-e-queimado-no-micro-ondas-do-trafico\/\" \/>\n<meta property=\"og:site_name\" content=\"Folha do Leste\" \/>\n<meta property=\"article:publisher\" content=\"https:\/\/www.facebook.com\/folhadoleste\" \/>\n<meta property=\"article:published_time\" content=\"2023-05-23T18:35:06+00:00\" \/>\n<meta property=\"article:modified_time\" content=\"2023-05-23T18:42:07+00:00\" \/>\n<meta property=\"og:image\" content=\"https:\/\/folhadoleste.com.br\/wp-content\/uploads\/2023\/05\/HEAT.jpg\" \/>\n\t<meta property=\"og:image:width\" content=\"1599\" \/>\n\t<meta property=\"og:image:height\" content=\"900\" \/>\n\t<meta property=\"og:image:type\" content=\"image\/jpeg\" \/>\n<meta name=\"author\" content=\"Folha do Leste\" \/>\n<meta name=\"twitter:card\" content=\"summary_large_image\" \/>\n<meta name=\"twitter:title\" content=\"S\u00e3o Gon\u00e7alo: Adolescente \u00e9 queimado no &quot;micro-ondas&quot; do tr\u00e1fico\" \/>\n<meta name=\"twitter:description\" content=\"Folha do Leste &#8226; Pol\u00edcia\" \/>\n<meta name=\"twitter:image\" content=\"https:\/\/folhadoleste.com.br\/wp-content\/uploads\/2023\/05\/HEAT-divulgacao.webp\" \/>\n<meta name=\"twitter:creator\" content=\"@FolhadoLesteRJ\" \/>\n<meta name=\"twitter:site\" content=\"@FolhadoLesteRJ\" \/>\n<meta name=\"twitter:label1\" content=\"Written by\" \/>\n\t<meta name=\"twitter:data1\" content=\"Folha do Leste\" \/>\n\t<meta name=\"twitter:label2\" content=\"Est. reading time\" \/>\n\t<meta name=\"twitter:data2\" content=\"1 minute\" \/>\n<script type=\"application\/ld+json\" class=\"yoast-schema-graph\">{\"@context\":\"https:\\\/\\\/schema.org\",\"@graph\":[{\"@type\":\"NewsArticle\",\"@id\":\"https:\\\/\\\/folhadoleste.com.br\\\/adolescente-e-queimado-no-micro-ondas-do-trafico\\\/#article\",\"isPartOf\":{\"@id\":\"https:\\\/\\\/folhadoleste.com.br\\\/adolescente-e-queimado-no-micro-ondas-do-trafico\\\/\"},\"author\":{\"name\":\"Folha do Leste\",\"@id\":\"https:\\\/\\\/folhadoleste.com.br\\\/#\\\/schema\\\/person\\\/3e97145b2e1861276e84471aa85a3899\"},\"headline\":\"Adolescente \u00e9 queimado no &#8220;micro-ondas&#8221; do tr\u00e1fico\",\"datePublished\":\"2023-05-23T18:35:06+00:00\",\"dateModified\":\"2023-05-23T18:42:07+00:00\",\"mainEntityOfPage\":{\"@id\":\"https:\\\/\\\/folhadoleste.com.br\\\/adolescente-e-queimado-no-micro-ondas-do-trafico\\\/\"},\"wordCount\":210,\"commentCount\":0,\"publisher\":{\"@id\":\"https:\\\/\\\/folhadoleste.com.br\\\/#organization\"},\"image\":{\"@id\":\"https:\\\/\\\/folhadoleste.com.br\\\/adolescente-e-queimado-no-micro-ondas-do-trafico\\\/#primaryimage\"},\"thumbnailUrl\":\"https:\\\/\\\/folhadoleste.com.br\\\/wp-content\\\/uploads\\\/2023\\\/05\\\/HEAT-divulgacao.webp\",\"keywords\":[\"adolescente\",\"HEAT\",\"Hospital Estadual Alberto Torres\",\"Pita\",\"Queimado micro-ondas\",\"s\u00e3o gon\u00e7alo\",\"tr\u00e1fico\",\"UTI\",\"v\u00edtima\"],\"articleSection\":[\"Pol\u00edcia\",\"S\u00e3o Gon\u00e7alo\"],\"inLanguage\":\"en-US\",\"potentialAction\":[{\"@type\":\"CommentAction\",\"name\":\"Comment\",\"target\":[\"https:\\\/\\\/folhadoleste.com.br\\\/adolescente-e-queimado-no-micro-ondas-do-trafico\\\/#respond\"]}]},{\"@type\":\"WebPage\",\"@id\":\"https:\\\/\\\/folhadoleste.com.br\\\/adolescente-e-queimado-no-micro-ondas-do-trafico\\\/\",\"url\":\"https:\\\/\\\/folhadoleste.com.br\\\/adolescente-e-queimado-no-micro-ondas-do-trafico\\\/\",\"name\":\"Adolescente \u00e9 queimado no \\\"micro-ondas\\\" do tr\u00e1fico &#8226; Pol\u00edcia\",\"isPartOf\":{\"@id\":\"https:\\\/\\\/folhadoleste.com.br\\\/#website\"},\"primaryImageOfPage\":{\"@id\":\"https:\\\/\\\/folhadoleste.com.br\\\/adolescente-e-queimado-no-micro-ondas-do-trafico\\\/#primaryimage\"},\"image\":{\"@id\":\"https:\\\/\\\/folhadoleste.com.br\\\/adolescente-e-queimado-no-micro-ondas-do-trafico\\\/#primaryimage\"},\"thumbnailUrl\":\"https:\\\/\\\/folhadoleste.com.br\\\/wp-content\\\/uploads\\\/2023\\\/05\\\/HEAT-divulgacao.webp\",\"datePublished\":\"2023-05-23T18:35:06+00:00\",\"dateModified\":\"2023-05-23T18:42:07+00:00\",\"description\":\"O Hospital Estadual Alberto Torres (HEAT), mant\u00e9m internado em estado grave um adolescente, de 17 anos, com 95% do seu corpo queimado.\",\"breadcrumb\":{\"@id\":\"https:\\\/\\\/folhadoleste.com.br\\\/adolescente-e-queimado-no-micro-ondas-do-trafico\\\/#breadcrumb\"},\"inLanguage\":\"en-US\",\"potentialAction\":[{\"@type\":\"ReadAction\",\"target\":[\"https:\\\/\\\/folhadoleste.com.br\\\/adolescente-e-queimado-no-micro-ondas-do-trafico\\\/\"]}]},{\"@type\":\"ImageObject\",\"inLanguage\":\"en-US\",\"@id\":\"https:\\\/\\\/folhadoleste.com.br\\\/adolescente-e-queimado-no-micro-ondas-do-trafico\\\/#primaryimage\",\"url\":\"https:\\\/\\\/folhadoleste.com.br\\\/wp-content\\\/uploads\\\/2023\\\/05\\\/HEAT-divulgacao.webp\",\"contentUrl\":\"https:\\\/\\\/folhadoleste.com.br\\\/wp-content\\\/uploads\\\/2023\\\/05\\\/HEAT-divulgacao.webp\",\"width\":1200,\"height\":750,\"caption\":\"Foto: Divulga\u00e7\u00e3o\"},{\"@type\":\"BreadcrumbList\",\"@id\":\"https:\\\/\\\/folhadoleste.com.br\\\/adolescente-e-queimado-no-micro-ondas-do-trafico\\\/#breadcrumb\",\"itemListElement\":[{\"@type\":\"ListItem\",\"position\":1,\"name\":\"In\u00edcio\",\"item\":\"https:\\\/\\\/folhadoleste.com.br\\\/\"},{\"@type\":\"ListItem\",\"position\":2,\"name\":\"Estado do Rio de Janeiro\",\"item\":\"https:\\\/\\\/folhadoleste.com.br\\\/category\\\/estado-do-rio-de-janeiro\\\/\"},{\"@type\":\"ListItem\",\"position\":3,\"name\":\"Leste Fluminense\",\"item\":\"https:\\\/\\\/folhadoleste.com.br\\\/category\\\/estado-do-rio-de-janeiro\\\/leste-fluminense\\\/\"},{\"@type\":\"ListItem\",\"position\":4,\"name\":\"S\u00e3o Gon\u00e7alo\",\"item\":\"https:\\\/\\\/folhadoleste.com.br\\\/category\\\/estado-do-rio-de-janeiro\\\/leste-fluminense\\\/sao-goncalo\\\/\"},{\"@type\":\"ListItem\",\"position\":5,\"name\":\"Pol\u00edcia\",\"item\":\"https:\\\/\\\/folhadoleste.com.br\\\/category\\\/estado-do-rio-de-janeiro\\\/leste-fluminense\\\/sao-goncalo\\\/policia-sao-goncalo-2\\\/\"},{\"@type\":\"ListItem\",\"position\":6,\"name\":\"Adolescente \u00e9 queimado no &#8220;micro-ondas&#8221; do tr\u00e1fico\"}]},{\"@type\":\"WebSite\",\"@id\":\"https:\\\/\\\/folhadoleste.com.br\\\/#website\",\"url\":\"https:\\\/\\\/folhadoleste.com.br\\\/\",\"name\":\"Folha do Leste\",\"description\":\"Portal de Not\u00edcias com \u00eanfase em Niter\u00f3i, criando conte\u00fados desde a capital Rio de Janeiro, com olhar para o Leste Fluminense e suas cidades como S\u00e3o Gon\u00e7alo, Itabora\u00ed, Rio Bonito, Maric\u00e1, Saquarema e Araruama\",\"publisher\":{\"@id\":\"https:\\\/\\\/folhadoleste.com.br\\\/#organization\"},\"alternateName\":\"FL\",\"potentialAction\":[{\"@type\":\"SearchAction\",\"target\":{\"@type\":\"EntryPoint\",\"urlTemplate\":\"https:\\\/\\\/folhadoleste.com.br\\\/?s={search_term_string}\"},\"query-input\":{\"@type\":\"PropertyValueSpecification\",\"valueRequired\":true,\"valueName\":\"search_term_string\"}}],\"inLanguage\":\"en-US\"},{\"@type\":\"Organization\",\"@id\":\"https:\\\/\\\/folhadoleste.com.br\\\/#organization\",\"name\":\"Brasil 21 Comunica\u00e7\u00e3o\",\"alternateName\":\"BR21\",\"url\":\"https:\\\/\\\/folhadoleste.com.br\\\/\",\"logo\":{\"@type\":\"ImageObject\",\"inLanguage\":\"en-US\",\"@id\":\"https:\\\/\\\/folhadoleste.com.br\\\/#\\\/schema\\\/logo\\\/image\\\/\",\"url\":\"https:\\\/\\\/folhadoleste.com.br\\\/wp-content\\\/uploads\\\/2025\\\/12\\\/brasil-21-logomarca.avif\",\"contentUrl\":\"https:\\\/\\\/folhadoleste.com.br\\\/wp-content\\\/uploads\\\/2025\\\/12\\\/brasil-21-logomarca.avif\",\"width\":1044,\"height\":1044,\"caption\":\"Brasil 21 Comunica\u00e7\u00e3o\"},\"image\":{\"@id\":\"https:\\\/\\\/folhadoleste.com.br\\\/#\\\/schema\\\/logo\\\/image\\\/\"},\"sameAs\":[\"https:\\\/\\\/www.facebook.com\\\/folhadoleste\",\"https:\\\/\\\/x.com\\\/FolhadoLesteRJ\",\"https:\\\/\\\/www.instagram.com\\\/folhadoleste\\\/\"]},{\"@type\":\"Person\",\"@id\":\"https:\\\/\\\/folhadoleste.com.br\\\/#\\\/schema\\\/person\\\/3e97145b2e1861276e84471aa85a3899\",\"name\":\"Folha do Leste\",\"image\":{\"@type\":\"ImageObject\",\"inLanguage\":\"en-US\",\"@id\":\"https:\\\/\\\/folhadoleste.com.br\\\/wp-content\\\/litespeed\\\/avatar\\\/1ca8c218432e7045e748610eb3db0259.jpg?ver=1777161142\",\"url\":\"https:\\\/\\\/folhadoleste.com.br\\\/wp-content\\\/litespeed\\\/avatar\\\/1ca8c218432e7045e748610eb3db0259.jpg?ver=1777161142\",\"contentUrl\":\"https:\\\/\\\/folhadoleste.com.br\\\/wp-content\\\/litespeed\\\/avatar\\\/1ca8c218432e7045e748610eb3db0259.jpg?ver=1777161142\",\"caption\":\"Folha do Leste\"},\"url\":\"https:\\\/\\\/folhadoleste.com.br\\\/en\\\/author\\\/reportagem-01\\\/\"}]}<\/script>\n<!-- \/ Yoast SEO plugin. -->","yoast_head_json":{"title":"Adolescente \u00e9 queimado no \"micro-ondas\" do tr\u00e1fico &#8226; Pol\u00edcia","description":"O Hospital Estadual Alberto Torres (HEAT), mant\u00e9m internado em estado grave um adolescente, de 17 anos, com 95% do seu corpo queimado.","robots":{"index":"index","follow":"follow","max-snippet":"max-snippet:-1","max-image-preview":"max-image-preview:large","max-video-preview":"max-video-preview:-1"},"canonical":"https:\/\/folhadoleste.com.br\/en\/adolescente-e-queimado-no-micro-ondas-do-trafico\/","og_locale":"en_US","og_type":"article","og_title":"S\u00e3o Gon\u00e7alo: Adolescente \u00e9 queimado no \"micro-ondas\" do tr\u00e1fico","og_description":"Saiba mais!","og_url":"https:\/\/folhadoleste.com.br\/en\/adolescente-e-queimado-no-micro-ondas-do-trafico\/","og_site_name":"Folha do Leste","article_publisher":"https:\/\/www.facebook.com\/folhadoleste","article_published_time":"2023-05-23T18:35:06+00:00","article_modified_time":"2023-05-23T18:42:07+00:00","og_image":[{"width":1599,"height":900,"url":"https:\/\/folhadoleste.com.br\/wp-content\/uploads\/2023\/05\/HEAT.jpg","type":"image\/jpeg"}],"author":"Folha do Leste","twitter_card":"summary_large_image","twitter_title":"S\u00e3o Gon\u00e7alo: Adolescente \u00e9 queimado no \"micro-ondas\" do tr\u00e1fico","twitter_description":"Folha do Leste &#8226; Pol\u00edcia","twitter_image":"https:\/\/folhadoleste.com.br\/wp-content\/uploads\/2023\/05\/HEAT-divulgacao.webp","twitter_creator":"@FolhadoLesteRJ","twitter_site":"@FolhadoLesteRJ","twitter_misc":{"Written by":"Folha do Leste","Est. reading time":"1 minute"},"schema":{"@context":"https:\/\/schema.org","@graph":[{"@type":"NewsArticle","@id":"https:\/\/folhadoleste.com.br\/adolescente-e-queimado-no-micro-ondas-do-trafico\/#article","isPartOf":{"@id":"https:\/\/folhadoleste.com.br\/adolescente-e-queimado-no-micro-ondas-do-trafico\/"},"author":{"name":"Folha do Leste","@id":"https:\/\/folhadoleste.com.br\/#\/schema\/person\/3e97145b2e1861276e84471aa85a3899"},"headline":"Adolescente \u00e9 queimado no &#8220;micro-ondas&#8221; do tr\u00e1fico","datePublished":"2023-05-23T18:35:06+00:00","dateModified":"2023-05-23T18:42:07+00:00","mainEntityOfPage":{"@id":"https:\/\/folhadoleste.com.br\/adolescente-e-queimado-no-micro-ondas-do-trafico\/"},"wordCount":210,"commentCount":0,"publisher":{"@id":"https:\/\/folhadoleste.com.br\/#organization"},"image":{"@id":"https:\/\/folhadoleste.com.br\/adolescente-e-queimado-no-micro-ondas-do-trafico\/#primaryimage"},"thumbnailUrl":"https:\/\/folhadoleste.com.br\/wp-content\/uploads\/2023\/05\/HEAT-divulgacao.webp","keywords":["adolescente","HEAT","Hospital Estadual Alberto Torres","Pita","Queimado micro-ondas","s\u00e3o gon\u00e7alo","tr\u00e1fico","UTI","v\u00edtima"],"articleSection":["Pol\u00edcia","S\u00e3o Gon\u00e7alo"],"inLanguage":"en-US","potentialAction":[{"@type":"CommentAction","name":"Comment","target":["https:\/\/folhadoleste.com.br\/adolescente-e-queimado-no-micro-ondas-do-trafico\/#respond"]}]},{"@type":"WebPage","@id":"https:\/\/folhadoleste.com.br\/adolescente-e-queimado-no-micro-ondas-do-trafico\/","url":"https:\/\/folhadoleste.com.br\/adolescente-e-queimado-no-micro-ondas-do-trafico\/","name":"Adolescente \u00e9 queimado no \"micro-ondas\" do tr\u00e1fico &#8226; Pol\u00edcia","isPartOf":{"@id":"https:\/\/folhadoleste.com.br\/#website"},"primaryImageOfPage":{"@id":"https:\/\/folhadoleste.com.br\/adolescente-e-queimado-no-micro-ondas-do-trafico\/#primaryimage"},"image":{"@id":"https:\/\/folhadoleste.com.br\/adolescente-e-queimado-no-micro-ondas-do-trafico\/#primaryimage"},"thumbnailUrl":"https:\/\/folhadoleste.com.br\/wp-content\/uploads\/2023\/05\/HEAT-divulgacao.webp","datePublished":"2023-05-23T18:35:06+00:00","dateModified":"2023-05-23T18:42:07+00:00","description":"O Hospital Estadual Alberto Torres (HEAT), mant\u00e9m internado em estado grave um adolescente, de 17 anos, com 95% do seu corpo queimado.","breadcrumb":{"@id":"https:\/\/folhadoleste.com.br\/adolescente-e-queimado-no-micro-ondas-do-trafico\/#breadcrumb"},"inLanguage":"en-US","potentialAction":[{"@type":"ReadAction","target":["https:\/\/folhadoleste.com.br\/adolescente-e-queimado-no-micro-ondas-do-trafico\/"]}]},{"@type":"ImageObject","inLanguage":"en-US","@id":"https:\/\/folhadoleste.com.br\/adolescente-e-queimado-no-micro-ondas-do-trafico\/#primaryimage","url":"https:\/\/folhadoleste.com.br\/wp-content\/uploads\/2023\/05\/HEAT-divulgacao.webp","contentUrl":"https:\/\/folhadoleste.com.br\/wp-content\/uploads\/2023\/05\/HEAT-divulgacao.webp","width":1200,"height":750,"caption":"Foto: Divulga\u00e7\u00e3o"},{"@type":"BreadcrumbList","@id":"https:\/\/folhadoleste.com.br\/adolescente-e-queimado-no-micro-ondas-do-trafico\/#breadcrumb","itemListElement":[{"@type":"ListItem","position":1,"name":"In\u00edcio","item":"https:\/\/folhadoleste.com.br\/"},{"@type":"ListItem","position":2,"name":"Estado do Rio de Janeiro","item":"https:\/\/folhadoleste.com.br\/category\/estado-do-rio-de-janeiro\/"},{"@type":"ListItem","position":3,"name":"Leste Fluminense","item":"https:\/\/folhadoleste.com.br\/category\/estado-do-rio-de-janeiro\/leste-fluminense\/"},{"@type":"ListItem","position":4,"name":"S\u00e3o Gon\u00e7alo","item":"https:\/\/folhadoleste.com.br\/category\/estado-do-rio-de-janeiro\/leste-fluminense\/sao-goncalo\/"},{"@type":"ListItem","position":5,"name":"Pol\u00edcia","item":"https:\/\/folhadoleste.com.br\/category\/estado-do-rio-de-janeiro\/leste-fluminense\/sao-goncalo\/policia-sao-goncalo-2\/"},{"@type":"ListItem","position":6,"name":"Adolescente \u00e9 queimado no &#8220;micro-ondas&#8221; do tr\u00e1fico"}]},{"@type":"WebSite","@id":"https:\/\/folhadoleste.com.br\/#website","url":"https:\/\/folhadoleste.com.br\/","name":"Folha do Leste","description":"Portal de Not\u00edcias com \u00eanfase em Niter\u00f3i, criando conte\u00fados desde a capital Rio de Janeiro, com olhar para o Leste Fluminense e suas cidades como S\u00e3o Gon\u00e7alo, Itabora\u00ed, Rio Bonito, Maric\u00e1, Saquarema e Araruama","publisher":{"@id":"https:\/\/folhadoleste.com.br\/#organization"},"alternateName":"FL","potentialAction":[{"@type":"SearchAction","target":{"@type":"EntryPoint","urlTemplate":"https:\/\/folhadoleste.com.br\/?s={search_term_string}"},"query-input":{"@type":"PropertyValueSpecification","valueRequired":true,"valueName":"search_term_string"}}],"inLanguage":"en-US"},{"@type":"Organization","@id":"https:\/\/folhadoleste.com.br\/#organization","name":"Brasil 21 Comunica\u00e7\u00e3o","alternateName":"BR21","url":"https:\/\/folhadoleste.com.br\/","logo":{"@type":"ImageObject","inLanguage":"en-US","@id":"https:\/\/folhadoleste.com.br\/#\/schema\/logo\/image\/","url":"https:\/\/folhadoleste.com.br\/wp-content\/uploads\/2025\/12\/brasil-21-logomarca.avif","contentUrl":"https:\/\/folhadoleste.com.br\/wp-content\/uploads\/2025\/12\/brasil-21-logomarca.avif","width":1044,"height":1044,"caption":"Brasil 21 Comunica\u00e7\u00e3o"},"image":{"@id":"https:\/\/folhadoleste.com.br\/#\/schema\/logo\/image\/"},"sameAs":["https:\/\/www.facebook.com\/folhadoleste","https:\/\/x.com\/FolhadoLesteRJ","https:\/\/www.instagram.com\/folhadoleste\/"]},{"@type":"Person","@id":"https:\/\/folhadoleste.com.br\/#\/schema\/person\/3e97145b2e1861276e84471aa85a3899","name":"Folha do Leste","image":{"@type":"ImageObject","inLanguage":"en-US","@id":"https:\/\/folhadoleste.com.br\/wp-content\/litespeed\/avatar\/1ca8c218432e7045e748610eb3db0259.jpg?ver=1777161142","url":"https:\/\/folhadoleste.com.br\/wp-content\/litespeed\/avatar\/1ca8c218432e7045e748610eb3db0259.jpg?ver=1777161142","contentUrl":"https:\/\/folhadoleste.com.br\/wp-content\/litespeed\/avatar\/1ca8c218432e7045e748610eb3db0259.jpg?ver=1777161142","caption":"Folha do Leste"},"url":"https:\/\/folhadoleste.com.br\/en\/author\/reportagem-01\/"}]}},"_links":{"self":[{"href":"https:\/\/folhadoleste.com.br\/en\/wp-json\/wp\/v2\/posts\/6622","targetHints":{"allow":["GET"]}}],"collection":[{"href":"https:\/\/folhadoleste.com.br\/en\/wp-json\/wp\/v2\/posts"}],"about":[{"href":"https:\/\/folhadoleste.com.br\/en\/wp-json\/wp\/v2\/types\/post"}],"author":[{"embeddable":true,"href":"https:\/\/folhadoleste.com.br\/en\/wp-json\/wp\/v2\/users\/4"}],"replies":[{"embeddable":true,"href":"https:\/\/folhadoleste.com.br\/en\/wp-json\/wp\/v2\/comments?post=6622"}],"version-history":[{"count":5,"href":"https:\/\/folhadoleste.com.br\/en\/wp-json\/wp\/v2\/posts\/6622\/revisions"}],"predecessor-version":[{"id":6630,"href":"https:\/\/folhadoleste.com.br\/en\/wp-json\/wp\/v2\/posts\/6622\/revisions\/6630"}],"wp:featuredmedia":[{"embeddable":true,"href":"https:\/\/folhadoleste.com.br\/en\/wp-json\/wp\/v2\/media\/4496"}],"wp:attachment":[{"href":"https:\/\/folhadoleste.com.br\/en\/wp-json\/wp\/v2\/media?parent=6622"}],"wp:term":[{"taxonomy":"category","embeddable":true,"href":"https:\/\/folhadoleste.com.br\/en\/wp-json\/wp\/v2\/categories?post=6622"},{"taxonomy":"post_tag","embeddable":true,"href":"https:\/\/folhadoleste.com.br\/en\/wp-json\/wp\/v2\/tags?post=6622"}],"curies":[{"name":"wp","href":"https:\/\/api.w.org\/{rel}","templated":true}]}}