{"id":6497,"date":"2023-05-22T20:18:51","date_gmt":"2023-05-22T23:18:51","guid":{"rendered":"https:\/\/folhadoleste.com.br\/?p=6497"},"modified":"2023-05-22T20:24:07","modified_gmt":"2023-05-22T23:24:07","slug":"wine-in-buzios-2023-sera-em-junho","status":"publish","type":"post","link":"https:\/\/folhadoleste.com.br\/en\/wine-in-buzios-2023-sera-em-junho\/","title":{"rendered":"&#8220;Wine in B\u00fazios 2023&#8221; ser\u00e1 em junho"},"content":{"rendered":"<div id=\"v1m_1579448064027206134replybody1\">\n<div dir=\"ltr\">\n<div>\n<div dir=\"ltr\">\n<div dir=\"ltr\">\n<div dir=\"ltr\">\n<div>\n<div dir=\"ltr\">\n<div>\n<div dir=\"ltr\">\n<div dir=\"ltr\">\n<h5><strong><a href=\"https:\/\/www.facebook.com\/folhadoleste\">CURTA E SIGA NOSSA P\u00c1GINA NO FACEBOOK CLICANDO AQUI<\/a><\/strong><\/h5>\n<h5><strong><a href=\"https:\/\/www.instagram.com\/folhadoleste\/\">CURTA E SIGA NOSSA P\u00c1GINA NO INSTAGRAM CLICANDO AQUI<\/a><\/strong><\/h5>\n<p>&nbsp;<\/p>\n<p>A 4\u00aa edi\u00e7\u00e3o do Wine in B\u00fazios acontecer\u00e1 entre os dias 08 e 18 de junho, na Cidade de Arma\u00e7\u00e3o dos B\u00fazios, situada na Regi\u00e3o dos Lagos, no Rio de Janeiro.<\/p>\n<p>O evento tem in\u00edcio no feriado de Corpus Christi, e pretende atrair turistas interessados em vinho e gastronomia, para aproveitar uma oportunidade \u00fanica de apreciar diferentes r\u00f3tulos, pratos, m\u00fasica e eventos que exploram a enogastronomia em meio a um dos maiores pontos tur\u00edsticos do Brasil.<\/p>\n<\/div>\n<\/div>\n<\/div>\n<\/div>\n<\/div>\n<p>&nbsp;<\/p>\n<div>\n<div dir=\"ltr\">\n<div>\n<div dir=\"ltr\">\n<div dir=\"ltr\">\n<p><img decoding=\"async\" class=\"aligncenter size-full wp-image-6498\" src=\"https:\/\/folhadoleste.com.br\/wp-content\/uploads\/2023\/05\/WB_8-3-de-5.jpg\" alt=\"\" width=\"1200\" height=\"800\" \/><\/p>\n<p>&nbsp;<\/p>\n<p>A atra\u00e7\u00e3o pretende fomentar a economia local, movimentando o setor hoteleiro e gastron\u00f4mico da cidade. A programa\u00e7\u00e3o ser\u00e1 divulgada em breve. A venda dos ingressos teve in\u00edcio no dia 01 de maio. Informa\u00e7\u00f5es pelo site: <a href=\"https:\/\/www.wineinbuzios.com\/\" target=\"_blank\" rel=\"noopener noreferrer\">https:\/\/www.wineinbuzios.com\/<\/a><\/p>\n<\/div>\n<\/div>\n<\/div>\n<\/div>\n<\/div>\n<\/div>\n<\/div>\n<\/div>\n<\/div>\n<\/div>\n<\/div>\n<div id=\"v1m_1579448064027206134replybody1\">\n<div dir=\"ltr\">\n<div>\n<div dir=\"ltr\">\n<div dir=\"ltr\">\n<div dir=\"ltr\">\n<div>\n<div dir=\"ltr\">\n<div>\n<div dir=\"ltr\">\n<div dir=\"ltr\">\n<p>&nbsp;<\/p>\n<blockquote><p>&#8220;Segundo dados divulgados pela Uni\u00e3o Brasileira de Vitivinicultura (Uvibra), at\u00e9 outubro de 2022, o mercado brasileiro comercializou 23 milh\u00f5es de litros de vinho, apontando um aumento de 11% em compara\u00e7\u00e3o ao mesmo per\u00edodo de 2020. E, diante deste cen\u00e1rio otimista, a organiza\u00e7\u00e3o pretende reunir fornecedores e representantes da bebida, motivando a visita\u00e7\u00e3o a B\u00fazios, por pessoas que apreciam a degusta\u00e7\u00e3o de vinhos, assim como pessoas que gostam de um bom motivo para conhecer novos locais, e gastronomias&#8221;, afirma B\u00e1rbara Arouca, gerente de produtos do Grupo BZ, que est\u00e1 a frente da organiza\u00e7\u00e3o do Wine.<\/p><\/blockquote>\n<p>&nbsp;<\/p>\n<p>Ser\u00e3o 11 dias de evento, que promover\u00e3o memor\u00e1veis experi\u00eancias no universo enol\u00f3gico como: palestras, jantares harmonizados, passeios, degusta\u00e7\u00f5es, happy hours, menus especiais criados para o evento por restaurantes de toda a cidade, encontros com especialistas e uma feira com diversos r\u00f3tulos, al\u00e9m de atra\u00e7\u00f5es gastron\u00f4micas e musicais.<\/p>\n<p>&nbsp;<\/p>\n<p>J\u00e1 presente no calend\u00e1rio da cidade desde 2018, no ano passado a feira reuniu cerca de 18 expositores, que apresentaram mais de 200 diferentes r\u00f3tulos, variedades de pratos, doces entre outros produtos que fizeram da feira um verdadeiro sucesso de vendas para os expositores (ainda \u00e9 poss\u00edvel garantir presen\u00e7a como expositor no festival).<\/p>\n<\/div>\n<\/div>\n<\/div>\n<p><img decoding=\"async\" class=\"aligncenter size-full wp-image-6499\" src=\"https:\/\/folhadoleste.com.br\/wp-content\/uploads\/2023\/05\/IMG_3849.jpg\" alt=\"\" width=\"1200\" height=\"800\" \/><\/p>\n<div>\n<p>&nbsp;<\/p>\n<div dir=\"ltr\">\n<div dir=\"ltr\">\n<blockquote><p>B\u00fazios \u00e9 uma regi\u00e3o bastante cobi\u00e7ada por suas belezas naturais, e todo charme apresentado em sua arquitetura. Mesmo n\u00e3o sendo uma regi\u00e3o fabricante de vinho, \u00e9 um cen\u00e1rio bastante atrativo para se viver experi\u00eancias enogastron\u00f4micas.<\/p>\n<p>Queremos ser palco para eventos gastron\u00f4micos como a Wine In B\u00fazios, em um interc\u00e2mbio entre representantes e fornecedores da bebida, e seus consumidores. Queremos sempre surpreender, para que o p\u00fablico continue se encantando com as experi\u00eancias, e expositores, patrocinadores e parceiros continuem realizando excelentes neg\u00f3cios&#8221;, conta M\u00e1rcio Arouca, CEO do Grupo BZ.<\/p><\/blockquote>\n<p>&nbsp;<\/p>\n<p>As inscri\u00e7\u00f5es para participar do evento podem ser feitas, atrav\u00e9s do e-mail:\u00a0<a href=\"mailto:contato@wineinbuzios.com\" rel=\"noreferrer\">contato@wineinbuzios.com<\/a><\/p>\n<\/div>\n<\/div>\n<\/div>\n<\/div>\n<\/div>\n<\/div>\n<\/div>\n<\/div>\n<\/div>\n<\/div>\n<\/div>\n<div id=\"v1m_1579448064027206134replybody1\">\n<div dir=\"ltr\">\n<div>\n<div dir=\"ltr\">\n<div dir=\"ltr\">\n<div dir=\"ltr\">\n<div>\n<div dir=\"ltr\">\n<div>\n<div dir=\"ltr\">\n<div dir=\"ltr\">\n<p>&nbsp;<\/p>\n<p>Informa\u00e7\u00f5es e compra de ingresso pelo site:\u00a0<a href=\"https:\/\/www.wineinbuzios.com\/\" target=\"_blank\" rel=\"noopener noreferrer\">https:\/\/www.wineinbuzios.com\/<\/a><\/p>\n<\/div>\n<h5><strong><a href=\"https:\/\/www.facebook.com\/folhadoleste\">CURTA E SIGA NOSSA P\u00c1GINA NO FACEBOOK CLICANDO AQUI<\/a><\/strong><\/h5>\n<h5><strong><a href=\"https:\/\/www.instagram.com\/folhadoleste\/\">CURTA E SIGA NOSSA P\u00c1GINA NO INSTAGRAM CLICANDO AQUI<\/a><\/strong><\/h5>\n<\/div>\n<\/div>\n<\/div>\n<\/div>\n<\/div>\n<\/div>\n<\/div>\n<\/div>\n<\/div>\n<\/div>","protected":false},"excerpt":{"rendered":"<p>CURTA E SIGA NOSSA P\u00c1GINA NO FACEBOOK CLICANDO AQUI CURTA E SIGA NOSSA P\u00c1GINA NO INSTAGRAM CLICANDO AQUI &nbsp; A 4\u00aa edi\u00e7\u00e3o do Wine in B\u00fazios acontecer\u00e1 entre os dias 08 e 18 de junho, na Cidade de Arma\u00e7\u00e3o dos B\u00fazios, situada na Regi\u00e3o dos Lagos, no Rio de Janeiro. O evento tem in\u00edcio no feriado de Corpus Christi, e pretende atrair turistas interessados em vinho e gastronomia, para aproveitar uma oportunidade \u00fanica de apreciar diferentes r\u00f3tulos, pratos, m\u00fasica e eventos que exploram a enogastronomia em meio a um dos maiores pontos tur\u00edsticos do Brasil. &nbsp; &nbsp; A atra\u00e7\u00e3o pretende [&hellip;]<\/p>\n","protected":false},"author":4,"featured_media":6498,"comment_status":"open","ping_status":"open","sticky":false,"template":"","format":"standard","meta":{"footnotes":""},"categories":[46,4301],"tags":[4304,4302,4306,1659,2847,869,4305,4303],"class_list":["post-6497","post","type-post","status-publish","format-standard","has-post-thumbnail","hentry","category-estado-do-rio-de-janeiro","category-regiao-dos-lagos","tag-armacao-de-buzios","tag-corpus-christi","tag-enogastronomia","tag-gastronomia","tag-junho","tag-turismo","tag-vinho","tag-wine-in-buzios","post--single"],"yoast_head":"<!-- This site is optimized with the Yoast SEO plugin v27.4 - https:\/\/yoast.com\/product\/yoast-seo-wordpress\/ -->\n<title>&quot;Wine in B\u00fazios 2023&quot; ser\u00e1 em junho &#8226; Folha do Leste<\/title>\n<meta name=\"description\" content=\"A 4\u00aa edi\u00e7\u00e3o do Wine in B\u00fazios acontecer\u00e1 entre os dias 08 e 18 de junho, na Cidade de Arma\u00e7\u00e3o dos B\u00fazios,\" \/>\n<meta name=\"robots\" content=\"index, follow, max-snippet:-1, max-image-preview:large, max-video-preview:-1\" \/>\n<link rel=\"canonical\" href=\"https:\/\/folhadoleste.com.br\/en\/wine-in-buzios-2023-sera-em-junho\/\" \/>\n<meta property=\"og:locale\" content=\"en_US\" \/>\n<meta property=\"og:type\" content=\"article\" \/>\n<meta property=\"og:title\" content=\"&quot;Wine in B\u00fazios 2023&quot; ser\u00e1 em junho\" \/>\n<meta property=\"og:description\" content=\"Saiba mais!\" \/>\n<meta property=\"og:url\" content=\"https:\/\/folhadoleste.com.br\/en\/wine-in-buzios-2023-sera-em-junho\/\" \/>\n<meta property=\"og:site_name\" content=\"Folha do Leste\" \/>\n<meta property=\"article:publisher\" content=\"https:\/\/www.facebook.com\/folhadoleste\" \/>\n<meta property=\"article:published_time\" content=\"2023-05-22T23:18:51+00:00\" \/>\n<meta property=\"article:modified_time\" content=\"2023-05-22T23:24:07+00:00\" \/>\n<meta property=\"og:image\" content=\"https:\/\/folhadoleste.com.br\/wp-content\/uploads\/2023\/05\/WB_8-3-de-5.jpg\" \/>\n\t<meta property=\"og:image:width\" content=\"1200\" \/>\n\t<meta property=\"og:image:height\" content=\"800\" \/>\n\t<meta property=\"og:image:type\" content=\"image\/jpeg\" \/>\n<meta name=\"author\" content=\"Folha do Leste\" \/>\n<meta name=\"twitter:card\" content=\"summary_large_image\" \/>\n<meta name=\"twitter:title\" content=\"&quot;Wine in B\u00fazios 2023&quot; ser\u00e1 em junho\" \/>\n<meta name=\"twitter:description\" content=\"Folha do Leste &#8226; Regi\u00e3o dos Lagos\" \/>\n<meta name=\"twitter:creator\" content=\"@FolhadoLesteRJ\" \/>\n<meta name=\"twitter:site\" content=\"@FolhadoLesteRJ\" \/>\n<meta name=\"twitter:label1\" content=\"Written by\" \/>\n\t<meta name=\"twitter:data1\" content=\"Folha do Leste\" \/>\n\t<meta name=\"twitter:label2\" content=\"Est. reading time\" \/>\n\t<meta name=\"twitter:data2\" content=\"3 minutes\" \/>\n<script type=\"application\/ld+json\" class=\"yoast-schema-graph\">{\"@context\":\"https:\\\/\\\/schema.org\",\"@graph\":[{\"@type\":\"NewsArticle\",\"@id\":\"https:\\\/\\\/folhadoleste.com.br\\\/wine-in-buzios-2023-sera-em-junho\\\/#article\",\"isPartOf\":{\"@id\":\"https:\\\/\\\/folhadoleste.com.br\\\/wine-in-buzios-2023-sera-em-junho\\\/\"},\"author\":{\"name\":\"Folha do Leste\",\"@id\":\"https:\\\/\\\/folhadoleste.com.br\\\/#\\\/schema\\\/person\\\/3e97145b2e1861276e84471aa85a3899\"},\"headline\":\"&#8220;Wine in B\u00fazios 2023&#8221; ser\u00e1 em junho\",\"datePublished\":\"2023-05-22T23:18:51+00:00\",\"dateModified\":\"2023-05-22T23:24:07+00:00\",\"mainEntityOfPage\":{\"@id\":\"https:\\\/\\\/folhadoleste.com.br\\\/wine-in-buzios-2023-sera-em-junho\\\/\"},\"wordCount\":520,\"commentCount\":0,\"publisher\":{\"@id\":\"https:\\\/\\\/folhadoleste.com.br\\\/#organization\"},\"image\":{\"@id\":\"https:\\\/\\\/folhadoleste.com.br\\\/wine-in-buzios-2023-sera-em-junho\\\/#primaryimage\"},\"thumbnailUrl\":\"https:\\\/\\\/folhadoleste.com.br\\\/wp-content\\\/uploads\\\/2023\\\/05\\\/WB_8-3-de-5.jpg\",\"keywords\":[\"Arma\u00e7\u00e3o de B\u00fazios\",\"Corpus Christi\",\"enogastronomia\",\"gastronomia\",\"junho\",\"Turismo\",\"Vinho\",\"Wine in B\u00fazios\"],\"articleSection\":[\"Estado do Rio de Janeiro\",\"Regi\u00e3o dos Lagos\"],\"inLanguage\":\"en-US\",\"potentialAction\":[{\"@type\":\"CommentAction\",\"name\":\"Comment\",\"target\":[\"https:\\\/\\\/folhadoleste.com.br\\\/wine-in-buzios-2023-sera-em-junho\\\/#respond\"]}]},{\"@type\":\"WebPage\",\"@id\":\"https:\\\/\\\/folhadoleste.com.br\\\/wine-in-buzios-2023-sera-em-junho\\\/\",\"url\":\"https:\\\/\\\/folhadoleste.com.br\\\/wine-in-buzios-2023-sera-em-junho\\\/\",\"name\":\"\\\"Wine in B\u00fazios 2023\\\" ser\u00e1 em junho &#8226; Folha do Leste\",\"isPartOf\":{\"@id\":\"https:\\\/\\\/folhadoleste.com.br\\\/#website\"},\"primaryImageOfPage\":{\"@id\":\"https:\\\/\\\/folhadoleste.com.br\\\/wine-in-buzios-2023-sera-em-junho\\\/#primaryimage\"},\"image\":{\"@id\":\"https:\\\/\\\/folhadoleste.com.br\\\/wine-in-buzios-2023-sera-em-junho\\\/#primaryimage\"},\"thumbnailUrl\":\"https:\\\/\\\/folhadoleste.com.br\\\/wp-content\\\/uploads\\\/2023\\\/05\\\/WB_8-3-de-5.jpg\",\"datePublished\":\"2023-05-22T23:18:51+00:00\",\"dateModified\":\"2023-05-22T23:24:07+00:00\",\"description\":\"A 4\u00aa edi\u00e7\u00e3o do Wine in B\u00fazios acontecer\u00e1 entre os dias 08 e 18 de junho, na Cidade de Arma\u00e7\u00e3o dos B\u00fazios,\",\"breadcrumb\":{\"@id\":\"https:\\\/\\\/folhadoleste.com.br\\\/wine-in-buzios-2023-sera-em-junho\\\/#breadcrumb\"},\"inLanguage\":\"en-US\",\"potentialAction\":[{\"@type\":\"ReadAction\",\"target\":[\"https:\\\/\\\/folhadoleste.com.br\\\/wine-in-buzios-2023-sera-em-junho\\\/\"]}]},{\"@type\":\"ImageObject\",\"inLanguage\":\"en-US\",\"@id\":\"https:\\\/\\\/folhadoleste.com.br\\\/wine-in-buzios-2023-sera-em-junho\\\/#primaryimage\",\"url\":\"https:\\\/\\\/folhadoleste.com.br\\\/wp-content\\\/uploads\\\/2023\\\/05\\\/WB_8-3-de-5.jpg\",\"contentUrl\":\"https:\\\/\\\/folhadoleste.com.br\\\/wp-content\\\/uploads\\\/2023\\\/05\\\/WB_8-3-de-5.jpg\",\"width\":1200,\"height\":800},{\"@type\":\"BreadcrumbList\",\"@id\":\"https:\\\/\\\/folhadoleste.com.br\\\/wine-in-buzios-2023-sera-em-junho\\\/#breadcrumb\",\"itemListElement\":[{\"@type\":\"ListItem\",\"position\":1,\"name\":\"In\u00edcio\",\"item\":\"https:\\\/\\\/folhadoleste.com.br\\\/\"},{\"@type\":\"ListItem\",\"position\":2,\"name\":\"Regi\u00e3o dos Lagos\",\"item\":\"https:\\\/\\\/folhadoleste.com.br\\\/category\\\/regiao-dos-lagos\\\/\"},{\"@type\":\"ListItem\",\"position\":3,\"name\":\"&#8220;Wine in B\u00fazios 2023&#8221; ser\u00e1 em junho\"}]},{\"@type\":\"WebSite\",\"@id\":\"https:\\\/\\\/folhadoleste.com.br\\\/#website\",\"url\":\"https:\\\/\\\/folhadoleste.com.br\\\/\",\"name\":\"Folha do Leste\",\"description\":\"Portal de Not\u00edcias com \u00eanfase em Niter\u00f3i, criando conte\u00fados desde a capital Rio de Janeiro, com olhar para o Leste Fluminense e suas cidades como S\u00e3o Gon\u00e7alo, Itabora\u00ed, Rio Bonito, Maric\u00e1, Saquarema e Araruama\",\"publisher\":{\"@id\":\"https:\\\/\\\/folhadoleste.com.br\\\/#organization\"},\"alternateName\":\"FL\",\"potentialAction\":[{\"@type\":\"SearchAction\",\"target\":{\"@type\":\"EntryPoint\",\"urlTemplate\":\"https:\\\/\\\/folhadoleste.com.br\\\/?s={search_term_string}\"},\"query-input\":{\"@type\":\"PropertyValueSpecification\",\"valueRequired\":true,\"valueName\":\"search_term_string\"}}],\"inLanguage\":\"en-US\"},{\"@type\":\"Organization\",\"@id\":\"https:\\\/\\\/folhadoleste.com.br\\\/#organization\",\"name\":\"Brasil 21 Comunica\u00e7\u00e3o\",\"alternateName\":\"BR21\",\"url\":\"https:\\\/\\\/folhadoleste.com.br\\\/\",\"logo\":{\"@type\":\"ImageObject\",\"inLanguage\":\"en-US\",\"@id\":\"https:\\\/\\\/folhadoleste.com.br\\\/#\\\/schema\\\/logo\\\/image\\\/\",\"url\":\"https:\\\/\\\/folhadoleste.com.br\\\/wp-content\\\/uploads\\\/2025\\\/12\\\/brasil-21-logomarca.avif\",\"contentUrl\":\"https:\\\/\\\/folhadoleste.com.br\\\/wp-content\\\/uploads\\\/2025\\\/12\\\/brasil-21-logomarca.avif\",\"width\":1044,\"height\":1044,\"caption\":\"Brasil 21 Comunica\u00e7\u00e3o\"},\"image\":{\"@id\":\"https:\\\/\\\/folhadoleste.com.br\\\/#\\\/schema\\\/logo\\\/image\\\/\"},\"sameAs\":[\"https:\\\/\\\/www.facebook.com\\\/folhadoleste\",\"https:\\\/\\\/x.com\\\/FolhadoLesteRJ\",\"https:\\\/\\\/www.instagram.com\\\/folhadoleste\\\/\"]},{\"@type\":\"Person\",\"@id\":\"https:\\\/\\\/folhadoleste.com.br\\\/#\\\/schema\\\/person\\\/3e97145b2e1861276e84471aa85a3899\",\"name\":\"Folha do Leste\",\"image\":{\"@type\":\"ImageObject\",\"inLanguage\":\"en-US\",\"@id\":\"https:\\\/\\\/folhadoleste.com.br\\\/wp-content\\\/litespeed\\\/avatar\\\/1ca8c218432e7045e748610eb3db0259.jpg?ver=1777161142\",\"url\":\"https:\\\/\\\/folhadoleste.com.br\\\/wp-content\\\/litespeed\\\/avatar\\\/1ca8c218432e7045e748610eb3db0259.jpg?ver=1777161142\",\"contentUrl\":\"https:\\\/\\\/folhadoleste.com.br\\\/wp-content\\\/litespeed\\\/avatar\\\/1ca8c218432e7045e748610eb3db0259.jpg?ver=1777161142\",\"caption\":\"Folha do Leste\"},\"url\":\"https:\\\/\\\/folhadoleste.com.br\\\/en\\\/author\\\/reportagem-01\\\/\"}]}<\/script>\n<!-- \/ Yoast SEO plugin. -->","yoast_head_json":{"title":"\"Wine in B\u00fazios 2023\" ser\u00e1 em junho &#8226; Folha do Leste","description":"A 4\u00aa edi\u00e7\u00e3o do Wine in B\u00fazios acontecer\u00e1 entre os dias 08 e 18 de junho, na Cidade de Arma\u00e7\u00e3o dos B\u00fazios,","robots":{"index":"index","follow":"follow","max-snippet":"max-snippet:-1","max-image-preview":"max-image-preview:large","max-video-preview":"max-video-preview:-1"},"canonical":"https:\/\/folhadoleste.com.br\/en\/wine-in-buzios-2023-sera-em-junho\/","og_locale":"en_US","og_type":"article","og_title":"\"Wine in B\u00fazios 2023\" ser\u00e1 em junho","og_description":"Saiba mais!","og_url":"https:\/\/folhadoleste.com.br\/en\/wine-in-buzios-2023-sera-em-junho\/","og_site_name":"Folha do Leste","article_publisher":"https:\/\/www.facebook.com\/folhadoleste","article_published_time":"2023-05-22T23:18:51+00:00","article_modified_time":"2023-05-22T23:24:07+00:00","og_image":[{"width":1200,"height":800,"url":"https:\/\/folhadoleste.com.br\/wp-content\/uploads\/2023\/05\/WB_8-3-de-5.jpg","type":"image\/jpeg"}],"author":"Folha do Leste","twitter_card":"summary_large_image","twitter_title":"\"Wine in B\u00fazios 2023\" ser\u00e1 em junho","twitter_description":"Folha do Leste &#8226; Regi\u00e3o dos Lagos","twitter_creator":"@FolhadoLesteRJ","twitter_site":"@FolhadoLesteRJ","twitter_misc":{"Written by":"Folha do Leste","Est. reading time":"3 minutes"},"schema":{"@context":"https:\/\/schema.org","@graph":[{"@type":"NewsArticle","@id":"https:\/\/folhadoleste.com.br\/wine-in-buzios-2023-sera-em-junho\/#article","isPartOf":{"@id":"https:\/\/folhadoleste.com.br\/wine-in-buzios-2023-sera-em-junho\/"},"author":{"name":"Folha do Leste","@id":"https:\/\/folhadoleste.com.br\/#\/schema\/person\/3e97145b2e1861276e84471aa85a3899"},"headline":"&#8220;Wine in B\u00fazios 2023&#8221; ser\u00e1 em junho","datePublished":"2023-05-22T23:18:51+00:00","dateModified":"2023-05-22T23:24:07+00:00","mainEntityOfPage":{"@id":"https:\/\/folhadoleste.com.br\/wine-in-buzios-2023-sera-em-junho\/"},"wordCount":520,"commentCount":0,"publisher":{"@id":"https:\/\/folhadoleste.com.br\/#organization"},"image":{"@id":"https:\/\/folhadoleste.com.br\/wine-in-buzios-2023-sera-em-junho\/#primaryimage"},"thumbnailUrl":"https:\/\/folhadoleste.com.br\/wp-content\/uploads\/2023\/05\/WB_8-3-de-5.jpg","keywords":["Arma\u00e7\u00e3o de B\u00fazios","Corpus Christi","enogastronomia","gastronomia","junho","Turismo","Vinho","Wine in B\u00fazios"],"articleSection":["Estado do Rio de Janeiro","Regi\u00e3o dos Lagos"],"inLanguage":"en-US","potentialAction":[{"@type":"CommentAction","name":"Comment","target":["https:\/\/folhadoleste.com.br\/wine-in-buzios-2023-sera-em-junho\/#respond"]}]},{"@type":"WebPage","@id":"https:\/\/folhadoleste.com.br\/wine-in-buzios-2023-sera-em-junho\/","url":"https:\/\/folhadoleste.com.br\/wine-in-buzios-2023-sera-em-junho\/","name":"\"Wine in B\u00fazios 2023\" ser\u00e1 em junho &#8226; Folha do Leste","isPartOf":{"@id":"https:\/\/folhadoleste.com.br\/#website"},"primaryImageOfPage":{"@id":"https:\/\/folhadoleste.com.br\/wine-in-buzios-2023-sera-em-junho\/#primaryimage"},"image":{"@id":"https:\/\/folhadoleste.com.br\/wine-in-buzios-2023-sera-em-junho\/#primaryimage"},"thumbnailUrl":"https:\/\/folhadoleste.com.br\/wp-content\/uploads\/2023\/05\/WB_8-3-de-5.jpg","datePublished":"2023-05-22T23:18:51+00:00","dateModified":"2023-05-22T23:24:07+00:00","description":"A 4\u00aa edi\u00e7\u00e3o do Wine in B\u00fazios acontecer\u00e1 entre os dias 08 e 18 de junho, na Cidade de Arma\u00e7\u00e3o dos B\u00fazios,","breadcrumb":{"@id":"https:\/\/folhadoleste.com.br\/wine-in-buzios-2023-sera-em-junho\/#breadcrumb"},"inLanguage":"en-US","potentialAction":[{"@type":"ReadAction","target":["https:\/\/folhadoleste.com.br\/wine-in-buzios-2023-sera-em-junho\/"]}]},{"@type":"ImageObject","inLanguage":"en-US","@id":"https:\/\/folhadoleste.com.br\/wine-in-buzios-2023-sera-em-junho\/#primaryimage","url":"https:\/\/folhadoleste.com.br\/wp-content\/uploads\/2023\/05\/WB_8-3-de-5.jpg","contentUrl":"https:\/\/folhadoleste.com.br\/wp-content\/uploads\/2023\/05\/WB_8-3-de-5.jpg","width":1200,"height":800},{"@type":"BreadcrumbList","@id":"https:\/\/folhadoleste.com.br\/wine-in-buzios-2023-sera-em-junho\/#breadcrumb","itemListElement":[{"@type":"ListItem","position":1,"name":"In\u00edcio","item":"https:\/\/folhadoleste.com.br\/"},{"@type":"ListItem","position":2,"name":"Regi\u00e3o dos Lagos","item":"https:\/\/folhadoleste.com.br\/category\/regiao-dos-lagos\/"},{"@type":"ListItem","position":3,"name":"&#8220;Wine in B\u00fazios 2023&#8221; ser\u00e1 em junho"}]},{"@type":"WebSite","@id":"https:\/\/folhadoleste.com.br\/#website","url":"https:\/\/folhadoleste.com.br\/","name":"Folha do Leste","description":"Portal de Not\u00edcias com \u00eanfase em Niter\u00f3i, criando conte\u00fados desde a capital Rio de Janeiro, com olhar para o Leste Fluminense e suas cidades como S\u00e3o Gon\u00e7alo, Itabora\u00ed, Rio Bonito, Maric\u00e1, Saquarema e Araruama","publisher":{"@id":"https:\/\/folhadoleste.com.br\/#organization"},"alternateName":"FL","potentialAction":[{"@type":"SearchAction","target":{"@type":"EntryPoint","urlTemplate":"https:\/\/folhadoleste.com.br\/?s={search_term_string}"},"query-input":{"@type":"PropertyValueSpecification","valueRequired":true,"valueName":"search_term_string"}}],"inLanguage":"en-US"},{"@type":"Organization","@id":"https:\/\/folhadoleste.com.br\/#organization","name":"Brasil 21 Comunica\u00e7\u00e3o","alternateName":"BR21","url":"https:\/\/folhadoleste.com.br\/","logo":{"@type":"ImageObject","inLanguage":"en-US","@id":"https:\/\/folhadoleste.com.br\/#\/schema\/logo\/image\/","url":"https:\/\/folhadoleste.com.br\/wp-content\/uploads\/2025\/12\/brasil-21-logomarca.avif","contentUrl":"https:\/\/folhadoleste.com.br\/wp-content\/uploads\/2025\/12\/brasil-21-logomarca.avif","width":1044,"height":1044,"caption":"Brasil 21 Comunica\u00e7\u00e3o"},"image":{"@id":"https:\/\/folhadoleste.com.br\/#\/schema\/logo\/image\/"},"sameAs":["https:\/\/www.facebook.com\/folhadoleste","https:\/\/x.com\/FolhadoLesteRJ","https:\/\/www.instagram.com\/folhadoleste\/"]},{"@type":"Person","@id":"https:\/\/folhadoleste.com.br\/#\/schema\/person\/3e97145b2e1861276e84471aa85a3899","name":"Folha do Leste","image":{"@type":"ImageObject","inLanguage":"en-US","@id":"https:\/\/folhadoleste.com.br\/wp-content\/litespeed\/avatar\/1ca8c218432e7045e748610eb3db0259.jpg?ver=1777161142","url":"https:\/\/folhadoleste.com.br\/wp-content\/litespeed\/avatar\/1ca8c218432e7045e748610eb3db0259.jpg?ver=1777161142","contentUrl":"https:\/\/folhadoleste.com.br\/wp-content\/litespeed\/avatar\/1ca8c218432e7045e748610eb3db0259.jpg?ver=1777161142","caption":"Folha do Leste"},"url":"https:\/\/folhadoleste.com.br\/en\/author\/reportagem-01\/"}]}},"_links":{"self":[{"href":"https:\/\/folhadoleste.com.br\/en\/wp-json\/wp\/v2\/posts\/6497","targetHints":{"allow":["GET"]}}],"collection":[{"href":"https:\/\/folhadoleste.com.br\/en\/wp-json\/wp\/v2\/posts"}],"about":[{"href":"https:\/\/folhadoleste.com.br\/en\/wp-json\/wp\/v2\/types\/post"}],"author":[{"embeddable":true,"href":"https:\/\/folhadoleste.com.br\/en\/wp-json\/wp\/v2\/users\/4"}],"replies":[{"embeddable":true,"href":"https:\/\/folhadoleste.com.br\/en\/wp-json\/wp\/v2\/comments?post=6497"}],"version-history":[{"count":1,"href":"https:\/\/folhadoleste.com.br\/en\/wp-json\/wp\/v2\/posts\/6497\/revisions"}],"predecessor-version":[{"id":6500,"href":"https:\/\/folhadoleste.com.br\/en\/wp-json\/wp\/v2\/posts\/6497\/revisions\/6500"}],"wp:featuredmedia":[{"embeddable":true,"href":"https:\/\/folhadoleste.com.br\/en\/wp-json\/wp\/v2\/media\/6498"}],"wp:attachment":[{"href":"https:\/\/folhadoleste.com.br\/en\/wp-json\/wp\/v2\/media?parent=6497"}],"wp:term":[{"taxonomy":"category","embeddable":true,"href":"https:\/\/folhadoleste.com.br\/en\/wp-json\/wp\/v2\/categories?post=6497"},{"taxonomy":"post_tag","embeddable":true,"href":"https:\/\/folhadoleste.com.br\/en\/wp-json\/wp\/v2\/tags?post=6497"}],"curies":[{"name":"wp","href":"https:\/\/api.w.org\/{rel}","templated":true}]}}