{"id":64949,"date":"2024-05-09T19:37:41","date_gmt":"2024-05-09T22:37:41","guid":{"rendered":"https:\/\/folhadoleste.com.br\/?p=64949"},"modified":"2024-05-09T19:37:41","modified_gmt":"2024-05-09T22:37:41","slug":"camboinhas-pode-ter-cemiterio-ancestral-entenda","status":"publish","type":"post","link":"https:\/\/folhadoleste.com.br\/en\/camboinhas-pode-ter-cemiterio-ancestral-entenda\/","title":{"rendered":"Camboinhas pode ter cemit\u00e9rio ancestral; entenda"},"content":{"rendered":"<div id=\"attachment_64951\" style=\"width: 898px\" class=\"wp-caption aligncenter\"><img decoding=\"async\" aria-describedby=\"caption-attachment-64951\" class=\"size-full wp-image-64951\" src=\"https:\/\/folhadoleste.com.br\/wp-content\/uploads\/2024\/05\/Camboinhas-pode-ter-cemiterio-ancestral-entenda-Foto-Divulgacao.jpg\" alt=\"Camboinhas pode ter cemit\u00e9rio ancestral; entenda\" width=\"888\" height=\"667\" \/><p id=\"caption-attachment-64951\" class=\"wp-caption-text\">Local onde ossada foi achada | Divulga\u00e7\u00e3o<\/p><\/div>\n<p>Um dos bairros mais nobres e com uma das praias mais paradis\u00edacas da cidade, Camboinhas pode ter um cemit\u00e9rio ancestral. Pesquisadores do Instituto do Patrim\u00f4nio Hist\u00f3rico e Art\u00edstico Nacional (Iphan) estudam uma ossada humana, encontrada em um terreno onde ser\u00e1 erguido um residencial, que pode significar a exist\u00eancia de um antigo cemit\u00e9rio.<\/p>\n<h6><span style=\"color: #ff0000;\"><strong>+<\/strong><\/span> <span style=\"color: #000000;\">LEIA TAMB\u00c9M: \u25ba<\/span><a href=\"https:\/\/folhadoleste.com.br\/en\/niteroi-tiroteio-na-zona-norte-termina-com-dois-presos\/\"><strong>Niter\u00f3i: tiroteio na Zona Norte termina com dois presos<\/strong><\/a><\/h6>\n<p>A \u00e1rea fica no Sambaqui Camboinhas, s\u00edtio arqueol\u00f3gico de cerca de 7 mil anos. O Iphan atua em conjunto com a empresa Lasca Arqueologia para identificar a origem da ossada.<\/p>\n<h5>\u25ba\u00a0<a href=\"https:\/\/folhadoleste.com.br\/en\/category\/jornal-folha-do-leste-rj\/niteroi\/\"><strong>Leia mais not\u00edcias sobre Niter\u00f3i aqui<\/strong><\/a><\/h5>\n<p>O terreno pertence \u00e0 empresa VKS Imobili\u00e1ria, que afirmou que s\u00f3 se manifestar\u00e1 ap\u00f3s a conclus\u00e3o da pesquisa. O jornal O Globo divulgou as informa\u00e7\u00f5es inicialmente.<\/p>\n<p>Por sua vez, a Lasca Arqueologia explicou que o estudo est\u00e1 em andamento e que, at\u00e9 o momento, ainda n\u00e3o h\u00e1 conclus\u00f5es cient\u00edficas.<\/p>\n<blockquote><p>\u201cAs evid\u00eancias de sepultamento ainda dependem de relat\u00f3rios e orienta\u00e7\u00f5es do Iphan, pois todos os procedimentos s\u00e3o devidamente registrados e orientados pelo \u00f3rg\u00e3o\u201d, disse a empresa.<\/p><\/blockquote>\n<h4>O sambaqui<\/h4>\n<p>O Sambaqui de Camboinhas \u00e9 o \u00faltimo remanescente arqueol\u00f3gico de tipo sambaqui entre a regi\u00e3o de Niter\u00f3i a Saquarema. \u00c9 desse s\u00edtio que prov\u00e9m os blocos testemunhos, cuja t\u00e9cnica de preserva\u00e7\u00e3o \u2013 cimenta\u00e7\u00e3o ou plastifica\u00e7\u00e3o do encaixotamento de vest\u00edgios arqueol\u00f3gicos, tais como o solo, a estratigrafia etc. \u2013 foi desenvolvida e aplicada pioneiramente pelo Padre Rohr no S\u00edtio do Sambaqui de Camboinhas, visando ao estudo posterior do material em laborat\u00f3rio. Somente um dos seis blocos foi datado, constando sua exist\u00eancia de 6000 a.C..<\/p>\n<p>Esses blocos testemunhos do Sambaqui de Camboinhas, hoje sob guarda do Museu SocioAmbiental de Itaipu, foram preservados gra\u00e7as \u00e0 \u201cPesquisa de Salvamento em Itaipu\u201d, realizada em 1979 sob coordena\u00e7\u00e3o da Prof. Dra. Lina Maria Kneip, por meio de um acordo de coopera\u00e7\u00e3o t\u00e9cnica entre o IPHAN e o Museu Nacional\/UFRJ.<\/p>\n<p>&nbsp;<\/p>\n<p><a href=\"https:\/\/www.instagram.com\/folhadoleste\/\"><img decoding=\"async\" class=\"aligncenter wp-image-15962\" src=\"https:\/\/folhadoleste.com.br\/wp-content\/uploads\/2023\/07\/instagram.jpg.webp\" alt=\"Itaipu-Itaipua\u00e7u: Caminh\u00e3o causa grave acidente na RJ-102, a estrada da Serrinha\" width=\"49\" height=\"49\" \/><\/a><a href=\"https:\/\/www.facebook.com\/folhadoleste\"><img decoding=\"async\" class=\"aligncenter wp-image-7424\" src=\"https:\/\/folhadoleste.com.br\/wp-content\/uploads\/2023\/05\/facebook-logo-3-1.png.webp\" alt=\"Itaipu-Itaipua\u00e7u: Caminh\u00e3o causa grave acidente na RJ-102, a estrada da Serrinha\" width=\"49\" height=\"49\" \/><\/a><\/p>","protected":false},"excerpt":{"rendered":"<p>Um dos bairros mais nobres e com uma das praias mais paradis\u00edacas da cidade, Camboinhas pode ter um cemit\u00e9rio ancestral. Pesquisadores do Instituto do Patrim\u00f4nio Hist\u00f3rico e Art\u00edstico Nacional (Iphan) estudam uma ossada humana, encontrada em um terreno onde ser\u00e1 erguido um residencial, que pode significar a exist\u00eancia de um antigo cemit\u00e9rio. + LEIA TAMB\u00c9M: \u25baNiter\u00f3i: tiroteio na Zona Norte termina com dois presos A \u00e1rea fica no Sambaqui Camboinhas, s\u00edtio arqueol\u00f3gico de cerca de 7 mil anos. O Iphan atua em conjunto com a empresa Lasca Arqueologia para identificar a origem da ossada. \u25ba\u00a0Leia mais not\u00edcias sobre Niter\u00f3i aqui [&hellip;]<\/p>\n","protected":false},"author":4,"featured_media":64951,"comment_status":"open","ping_status":"open","sticky":false,"template":"","format":"standard","meta":{"footnotes":""},"categories":[47,5],"tags":[5049,25527,25528,54,50,7573,1334,806],"class_list":["post-64949","post","type-post","status-publish","format-standard","has-post-thumbnail","hentry","category-leste-fluminense","category-noticias-de-niteroi","tag-camboinhas","tag-cemiterio-ancestral","tag-descoberta","tag-leste-fluminense","tag-niteroi","tag-pesquisadores","tag-piratininga","tag-regiao-oceanica","post--single"],"yoast_head":"<!-- This site is optimized with the Yoast SEO plugin v27.5 - https:\/\/yoast.com\/product\/yoast-seo-wordpress\/ -->\n<title>Camboinhas pode ter cemit\u00e9rio ancestral; entenda &#8226; Folha do Leste<\/title>\n<meta name=\"description\" content=\"Camboinhas pode ter cemit\u00e9rio ancestral; entenda.\" \/>\n<meta name=\"robots\" content=\"index, follow, max-snippet:-1, max-image-preview:large, max-video-preview:-1\" \/>\n<link rel=\"canonical\" href=\"https:\/\/folhadoleste.com.br\/en\/camboinhas-pode-ter-cemiterio-ancestral-entenda\/\" \/>\n<meta property=\"og:locale\" content=\"en_US\" \/>\n<meta property=\"og:type\" content=\"article\" \/>\n<meta property=\"og:title\" content=\"Camboinhas pode ter cemit\u00e9rio ancestral; entenda &#8226; Folha do Leste\" \/>\n<meta property=\"og:description\" content=\"Niter\u00f3i &#8226; 9 de May de 2024 &#8226; Folha do Leste\" \/>\n<meta property=\"og:url\" content=\"https:\/\/folhadoleste.com.br\/en\/camboinhas-pode-ter-cemiterio-ancestral-entenda\/\" \/>\n<meta property=\"og:site_name\" content=\"Folha do Leste\" \/>\n<meta property=\"article:publisher\" content=\"https:\/\/www.facebook.com\/folhadoleste\" \/>\n<meta property=\"article:published_time\" content=\"2024-05-09T22:37:41+00:00\" \/>\n<meta property=\"og:image\" content=\"https:\/\/folhadoleste.com.br\/wp-content\/uploads\/2024\/05\/Camboinhas-pode-ter-cemiterio-ancestral-entenda-Foto-Divulgacao.jpg\" \/>\n\t<meta property=\"og:image:width\" content=\"888\" \/>\n\t<meta property=\"og:image:height\" content=\"667\" \/>\n\t<meta property=\"og:image:type\" content=\"image\/jpeg\" \/>\n<meta name=\"author\" content=\"Folha do Leste\" \/>\n<meta name=\"twitter:card\" content=\"summary_large_image\" \/>\n<meta name=\"twitter:creator\" content=\"@FolhadoLesteRJ\" \/>\n<meta name=\"twitter:site\" content=\"@FolhadoLesteRJ\" \/>\n<meta name=\"twitter:label1\" content=\"Written by\" \/>\n\t<meta name=\"twitter:data1\" content=\"Folha do Leste\" \/>\n\t<meta name=\"twitter:label2\" content=\"Est. reading time\" \/>\n\t<meta name=\"twitter:data2\" content=\"3 minutes\" \/>\n<script type=\"application\/ld+json\" class=\"yoast-schema-graph\">{\"@context\":\"https:\\\/\\\/schema.org\",\"@graph\":[{\"@type\":\"NewsArticle\",\"@id\":\"https:\\\/\\\/folhadoleste.com.br\\\/camboinhas-pode-ter-cemiterio-ancestral-entenda\\\/#article\",\"isPartOf\":{\"@id\":\"https:\\\/\\\/folhadoleste.com.br\\\/camboinhas-pode-ter-cemiterio-ancestral-entenda\\\/\"},\"author\":{\"name\":\"Folha do Leste\",\"@id\":\"https:\\\/\\\/folhadoleste.com.br\\\/#\\\/schema\\\/person\\\/3e97145b2e1861276e84471aa85a3899\"},\"headline\":\"Camboinhas pode ter cemit\u00e9rio ancestral; entenda\",\"datePublished\":\"2024-05-09T22:37:41+00:00\",\"mainEntityOfPage\":{\"@id\":\"https:\\\/\\\/folhadoleste.com.br\\\/camboinhas-pode-ter-cemiterio-ancestral-entenda\\\/\"},\"wordCount\":367,\"commentCount\":0,\"publisher\":{\"@id\":\"https:\\\/\\\/folhadoleste.com.br\\\/#organization\"},\"image\":{\"@id\":\"https:\\\/\\\/folhadoleste.com.br\\\/camboinhas-pode-ter-cemiterio-ancestral-entenda\\\/#primaryimage\"},\"thumbnailUrl\":\"https:\\\/\\\/folhadoleste.com.br\\\/wp-content\\\/uploads\\\/2024\\\/05\\\/Camboinhas-pode-ter-cemiterio-ancestral-entenda-Foto-Divulgacao.jpg\",\"keywords\":[\"camboinhas\",\"Cemit\u00e9rio Ancestral\",\"Descoberta\",\"Leste Fluminense\",\"Niter\u00f3i\",\"pesquisadores\",\"Piratininga\",\"Regi\u00e3o Oce\u00e2nica\"],\"articleSection\":[\"Leste Fluminense\",\"Niter\u00f3i\"],\"inLanguage\":\"en-US\",\"potentialAction\":[{\"@type\":\"CommentAction\",\"name\":\"Comment\",\"target\":[\"https:\\\/\\\/folhadoleste.com.br\\\/camboinhas-pode-ter-cemiterio-ancestral-entenda\\\/#respond\"]}]},{\"@type\":\"WebPage\",\"@id\":\"https:\\\/\\\/folhadoleste.com.br\\\/camboinhas-pode-ter-cemiterio-ancestral-entenda\\\/\",\"url\":\"https:\\\/\\\/folhadoleste.com.br\\\/camboinhas-pode-ter-cemiterio-ancestral-entenda\\\/\",\"name\":\"Camboinhas pode ter cemit\u00e9rio ancestral; entenda &#8226; Folha do Leste\",\"isPartOf\":{\"@id\":\"https:\\\/\\\/folhadoleste.com.br\\\/#website\"},\"primaryImageOfPage\":{\"@id\":\"https:\\\/\\\/folhadoleste.com.br\\\/camboinhas-pode-ter-cemiterio-ancestral-entenda\\\/#primaryimage\"},\"image\":{\"@id\":\"https:\\\/\\\/folhadoleste.com.br\\\/camboinhas-pode-ter-cemiterio-ancestral-entenda\\\/#primaryimage\"},\"thumbnailUrl\":\"https:\\\/\\\/folhadoleste.com.br\\\/wp-content\\\/uploads\\\/2024\\\/05\\\/Camboinhas-pode-ter-cemiterio-ancestral-entenda-Foto-Divulgacao.jpg\",\"datePublished\":\"2024-05-09T22:37:41+00:00\",\"description\":\"Camboinhas pode ter cemit\u00e9rio ancestral; entenda.\",\"breadcrumb\":{\"@id\":\"https:\\\/\\\/folhadoleste.com.br\\\/camboinhas-pode-ter-cemiterio-ancestral-entenda\\\/#breadcrumb\"},\"inLanguage\":\"en-US\",\"potentialAction\":[{\"@type\":\"ReadAction\",\"target\":[\"https:\\\/\\\/folhadoleste.com.br\\\/camboinhas-pode-ter-cemiterio-ancestral-entenda\\\/\"]}]},{\"@type\":\"ImageObject\",\"inLanguage\":\"en-US\",\"@id\":\"https:\\\/\\\/folhadoleste.com.br\\\/camboinhas-pode-ter-cemiterio-ancestral-entenda\\\/#primaryimage\",\"url\":\"https:\\\/\\\/folhadoleste.com.br\\\/wp-content\\\/uploads\\\/2024\\\/05\\\/Camboinhas-pode-ter-cemiterio-ancestral-entenda-Foto-Divulgacao.jpg\",\"contentUrl\":\"https:\\\/\\\/folhadoleste.com.br\\\/wp-content\\\/uploads\\\/2024\\\/05\\\/Camboinhas-pode-ter-cemiterio-ancestral-entenda-Foto-Divulgacao.jpg\",\"width\":888,\"height\":667,\"caption\":\"Local onde ossada foi achada | Divulga\u00e7\u00e3o\"},{\"@type\":\"BreadcrumbList\",\"@id\":\"https:\\\/\\\/folhadoleste.com.br\\\/camboinhas-pode-ter-cemiterio-ancestral-entenda\\\/#breadcrumb\",\"itemListElement\":[{\"@type\":\"ListItem\",\"position\":1,\"name\":\"In\u00edcio\",\"item\":\"https:\\\/\\\/folhadoleste.com.br\\\/\"},{\"@type\":\"ListItem\",\"position\":2,\"name\":\"Estado do Rio de Janeiro\",\"item\":\"https:\\\/\\\/folhadoleste.com.br\\\/category\\\/estado-do-rio-de-janeiro\\\/\"},{\"@type\":\"ListItem\",\"position\":3,\"name\":\"Leste Fluminense\",\"item\":\"https:\\\/\\\/folhadoleste.com.br\\\/category\\\/estado-do-rio-de-janeiro\\\/leste-fluminense\\\/\"},{\"@type\":\"ListItem\",\"position\":4,\"name\":\"Niter\u00f3i\",\"item\":\"https:\\\/\\\/folhadoleste.com.br\\\/category\\\/estado-do-rio-de-janeiro\\\/leste-fluminense\\\/noticias-de-niteroi\\\/\"},{\"@type\":\"ListItem\",\"position\":5,\"name\":\"Camboinhas pode ter cemit\u00e9rio ancestral; entenda\"}]},{\"@type\":\"WebSite\",\"@id\":\"https:\\\/\\\/folhadoleste.com.br\\\/#website\",\"url\":\"https:\\\/\\\/folhadoleste.com.br\\\/\",\"name\":\"Folha do Leste\",\"description\":\"Portal de Not\u00edcias com \u00eanfase em Niter\u00f3i, criando conte\u00fados desde a capital Rio de Janeiro, com olhar para o Leste Fluminense e suas cidades como S\u00e3o Gon\u00e7alo, Itabora\u00ed, Rio Bonito, Maric\u00e1, Saquarema e Araruama\",\"publisher\":{\"@id\":\"https:\\\/\\\/folhadoleste.com.br\\\/#organization\"},\"alternateName\":\"FL\",\"potentialAction\":[{\"@type\":\"SearchAction\",\"target\":{\"@type\":\"EntryPoint\",\"urlTemplate\":\"https:\\\/\\\/folhadoleste.com.br\\\/?s={search_term_string}\"},\"query-input\":{\"@type\":\"PropertyValueSpecification\",\"valueRequired\":true,\"valueName\":\"search_term_string\"}}],\"inLanguage\":\"en-US\"},{\"@type\":\"Organization\",\"@id\":\"https:\\\/\\\/folhadoleste.com.br\\\/#organization\",\"name\":\"Brasil 21 Comunica\u00e7\u00e3o\",\"alternateName\":\"BR21\",\"url\":\"https:\\\/\\\/folhadoleste.com.br\\\/\",\"logo\":{\"@type\":\"ImageObject\",\"inLanguage\":\"en-US\",\"@id\":\"https:\\\/\\\/folhadoleste.com.br\\\/#\\\/schema\\\/logo\\\/image\\\/\",\"url\":\"https:\\\/\\\/folhadoleste.com.br\\\/wp-content\\\/uploads\\\/2025\\\/12\\\/brasil-21-logomarca.avif\",\"contentUrl\":\"https:\\\/\\\/folhadoleste.com.br\\\/wp-content\\\/uploads\\\/2025\\\/12\\\/brasil-21-logomarca.avif\",\"width\":1044,\"height\":1044,\"caption\":\"Brasil 21 Comunica\u00e7\u00e3o\"},\"image\":{\"@id\":\"https:\\\/\\\/folhadoleste.com.br\\\/#\\\/schema\\\/logo\\\/image\\\/\"},\"sameAs\":[\"https:\\\/\\\/www.facebook.com\\\/folhadoleste\",\"https:\\\/\\\/x.com\\\/FolhadoLesteRJ\",\"https:\\\/\\\/www.instagram.com\\\/folhadoleste\\\/\"]},{\"@type\":\"Person\",\"@id\":\"https:\\\/\\\/folhadoleste.com.br\\\/#\\\/schema\\\/person\\\/3e97145b2e1861276e84471aa85a3899\",\"name\":\"Folha do Leste\",\"image\":{\"@type\":\"ImageObject\",\"inLanguage\":\"en-US\",\"@id\":\"https:\\\/\\\/folhadoleste.com.br\\\/wp-content\\\/litespeed\\\/avatar\\\/1ca8c218432e7045e748610eb3db0259.jpg?ver=1777161142\",\"url\":\"https:\\\/\\\/folhadoleste.com.br\\\/wp-content\\\/litespeed\\\/avatar\\\/1ca8c218432e7045e748610eb3db0259.jpg?ver=1777161142\",\"contentUrl\":\"https:\\\/\\\/folhadoleste.com.br\\\/wp-content\\\/litespeed\\\/avatar\\\/1ca8c218432e7045e748610eb3db0259.jpg?ver=1777161142\",\"caption\":\"Folha do Leste\"},\"url\":\"https:\\\/\\\/folhadoleste.com.br\\\/en\\\/author\\\/reportagem-01\\\/\"}]}<\/script>\n<!-- \/ Yoast SEO plugin. -->","yoast_head_json":{"title":"Camboinhas pode ter cemit\u00e9rio ancestral; entenda &#8226; Folha do Leste","description":"Camboinhas pode ter cemit\u00e9rio ancestral; entenda.","robots":{"index":"index","follow":"follow","max-snippet":"max-snippet:-1","max-image-preview":"max-image-preview:large","max-video-preview":"max-video-preview:-1"},"canonical":"https:\/\/folhadoleste.com.br\/en\/camboinhas-pode-ter-cemiterio-ancestral-entenda\/","og_locale":"en_US","og_type":"article","og_title":"Camboinhas pode ter cemit\u00e9rio ancestral; entenda &#8226; Folha do Leste","og_description":"Niter\u00f3i &#8226; 9 de May de 2024 &#8226; Folha do Leste","og_url":"https:\/\/folhadoleste.com.br\/en\/camboinhas-pode-ter-cemiterio-ancestral-entenda\/","og_site_name":"Folha do Leste","article_publisher":"https:\/\/www.facebook.com\/folhadoleste","article_published_time":"2024-05-09T22:37:41+00:00","og_image":[{"width":888,"height":667,"url":"https:\/\/folhadoleste.com.br\/wp-content\/uploads\/2024\/05\/Camboinhas-pode-ter-cemiterio-ancestral-entenda-Foto-Divulgacao.jpg","type":"image\/jpeg"}],"author":"Folha do Leste","twitter_card":"summary_large_image","twitter_creator":"@FolhadoLesteRJ","twitter_site":"@FolhadoLesteRJ","twitter_misc":{"Written by":"Folha do Leste","Est. reading time":"3 minutes"},"schema":{"@context":"https:\/\/schema.org","@graph":[{"@type":"NewsArticle","@id":"https:\/\/folhadoleste.com.br\/camboinhas-pode-ter-cemiterio-ancestral-entenda\/#article","isPartOf":{"@id":"https:\/\/folhadoleste.com.br\/camboinhas-pode-ter-cemiterio-ancestral-entenda\/"},"author":{"name":"Folha do Leste","@id":"https:\/\/folhadoleste.com.br\/#\/schema\/person\/3e97145b2e1861276e84471aa85a3899"},"headline":"Camboinhas pode ter cemit\u00e9rio ancestral; entenda","datePublished":"2024-05-09T22:37:41+00:00","mainEntityOfPage":{"@id":"https:\/\/folhadoleste.com.br\/camboinhas-pode-ter-cemiterio-ancestral-entenda\/"},"wordCount":367,"commentCount":0,"publisher":{"@id":"https:\/\/folhadoleste.com.br\/#organization"},"image":{"@id":"https:\/\/folhadoleste.com.br\/camboinhas-pode-ter-cemiterio-ancestral-entenda\/#primaryimage"},"thumbnailUrl":"https:\/\/folhadoleste.com.br\/wp-content\/uploads\/2024\/05\/Camboinhas-pode-ter-cemiterio-ancestral-entenda-Foto-Divulgacao.jpg","keywords":["camboinhas","Cemit\u00e9rio Ancestral","Descoberta","Leste Fluminense","Niter\u00f3i","pesquisadores","Piratininga","Regi\u00e3o Oce\u00e2nica"],"articleSection":["Leste Fluminense","Niter\u00f3i"],"inLanguage":"en-US","potentialAction":[{"@type":"CommentAction","name":"Comment","target":["https:\/\/folhadoleste.com.br\/camboinhas-pode-ter-cemiterio-ancestral-entenda\/#respond"]}]},{"@type":"WebPage","@id":"https:\/\/folhadoleste.com.br\/camboinhas-pode-ter-cemiterio-ancestral-entenda\/","url":"https:\/\/folhadoleste.com.br\/camboinhas-pode-ter-cemiterio-ancestral-entenda\/","name":"Camboinhas pode ter cemit\u00e9rio ancestral; entenda &#8226; Folha do Leste","isPartOf":{"@id":"https:\/\/folhadoleste.com.br\/#website"},"primaryImageOfPage":{"@id":"https:\/\/folhadoleste.com.br\/camboinhas-pode-ter-cemiterio-ancestral-entenda\/#primaryimage"},"image":{"@id":"https:\/\/folhadoleste.com.br\/camboinhas-pode-ter-cemiterio-ancestral-entenda\/#primaryimage"},"thumbnailUrl":"https:\/\/folhadoleste.com.br\/wp-content\/uploads\/2024\/05\/Camboinhas-pode-ter-cemiterio-ancestral-entenda-Foto-Divulgacao.jpg","datePublished":"2024-05-09T22:37:41+00:00","description":"Camboinhas pode ter cemit\u00e9rio ancestral; entenda.","breadcrumb":{"@id":"https:\/\/folhadoleste.com.br\/camboinhas-pode-ter-cemiterio-ancestral-entenda\/#breadcrumb"},"inLanguage":"en-US","potentialAction":[{"@type":"ReadAction","target":["https:\/\/folhadoleste.com.br\/camboinhas-pode-ter-cemiterio-ancestral-entenda\/"]}]},{"@type":"ImageObject","inLanguage":"en-US","@id":"https:\/\/folhadoleste.com.br\/camboinhas-pode-ter-cemiterio-ancestral-entenda\/#primaryimage","url":"https:\/\/folhadoleste.com.br\/wp-content\/uploads\/2024\/05\/Camboinhas-pode-ter-cemiterio-ancestral-entenda-Foto-Divulgacao.jpg","contentUrl":"https:\/\/folhadoleste.com.br\/wp-content\/uploads\/2024\/05\/Camboinhas-pode-ter-cemiterio-ancestral-entenda-Foto-Divulgacao.jpg","width":888,"height":667,"caption":"Local onde ossada foi achada | Divulga\u00e7\u00e3o"},{"@type":"BreadcrumbList","@id":"https:\/\/folhadoleste.com.br\/camboinhas-pode-ter-cemiterio-ancestral-entenda\/#breadcrumb","itemListElement":[{"@type":"ListItem","position":1,"name":"In\u00edcio","item":"https:\/\/folhadoleste.com.br\/"},{"@type":"ListItem","position":2,"name":"Estado do Rio de Janeiro","item":"https:\/\/folhadoleste.com.br\/category\/estado-do-rio-de-janeiro\/"},{"@type":"ListItem","position":3,"name":"Leste Fluminense","item":"https:\/\/folhadoleste.com.br\/category\/estado-do-rio-de-janeiro\/leste-fluminense\/"},{"@type":"ListItem","position":4,"name":"Niter\u00f3i","item":"https:\/\/folhadoleste.com.br\/category\/estado-do-rio-de-janeiro\/leste-fluminense\/noticias-de-niteroi\/"},{"@type":"ListItem","position":5,"name":"Camboinhas pode ter cemit\u00e9rio ancestral; entenda"}]},{"@type":"WebSite","@id":"https:\/\/folhadoleste.com.br\/#website","url":"https:\/\/folhadoleste.com.br\/","name":"Folha do Leste","description":"Portal de Not\u00edcias com \u00eanfase em Niter\u00f3i, criando conte\u00fados desde a capital Rio de Janeiro, com olhar para o Leste Fluminense e suas cidades como S\u00e3o Gon\u00e7alo, Itabora\u00ed, Rio Bonito, Maric\u00e1, Saquarema e Araruama","publisher":{"@id":"https:\/\/folhadoleste.com.br\/#organization"},"alternateName":"FL","potentialAction":[{"@type":"SearchAction","target":{"@type":"EntryPoint","urlTemplate":"https:\/\/folhadoleste.com.br\/?s={search_term_string}"},"query-input":{"@type":"PropertyValueSpecification","valueRequired":true,"valueName":"search_term_string"}}],"inLanguage":"en-US"},{"@type":"Organization","@id":"https:\/\/folhadoleste.com.br\/#organization","name":"Brasil 21 Comunica\u00e7\u00e3o","alternateName":"BR21","url":"https:\/\/folhadoleste.com.br\/","logo":{"@type":"ImageObject","inLanguage":"en-US","@id":"https:\/\/folhadoleste.com.br\/#\/schema\/logo\/image\/","url":"https:\/\/folhadoleste.com.br\/wp-content\/uploads\/2025\/12\/brasil-21-logomarca.avif","contentUrl":"https:\/\/folhadoleste.com.br\/wp-content\/uploads\/2025\/12\/brasil-21-logomarca.avif","width":1044,"height":1044,"caption":"Brasil 21 Comunica\u00e7\u00e3o"},"image":{"@id":"https:\/\/folhadoleste.com.br\/#\/schema\/logo\/image\/"},"sameAs":["https:\/\/www.facebook.com\/folhadoleste","https:\/\/x.com\/FolhadoLesteRJ","https:\/\/www.instagram.com\/folhadoleste\/"]},{"@type":"Person","@id":"https:\/\/folhadoleste.com.br\/#\/schema\/person\/3e97145b2e1861276e84471aa85a3899","name":"Folha do Leste","image":{"@type":"ImageObject","inLanguage":"en-US","@id":"https:\/\/folhadoleste.com.br\/wp-content\/litespeed\/avatar\/1ca8c218432e7045e748610eb3db0259.jpg?ver=1777161142","url":"https:\/\/folhadoleste.com.br\/wp-content\/litespeed\/avatar\/1ca8c218432e7045e748610eb3db0259.jpg?ver=1777161142","contentUrl":"https:\/\/folhadoleste.com.br\/wp-content\/litespeed\/avatar\/1ca8c218432e7045e748610eb3db0259.jpg?ver=1777161142","caption":"Folha do Leste"},"url":"https:\/\/folhadoleste.com.br\/en\/author\/reportagem-01\/"}]}},"_links":{"self":[{"href":"https:\/\/folhadoleste.com.br\/en\/wp-json\/wp\/v2\/posts\/64949","targetHints":{"allow":["GET"]}}],"collection":[{"href":"https:\/\/folhadoleste.com.br\/en\/wp-json\/wp\/v2\/posts"}],"about":[{"href":"https:\/\/folhadoleste.com.br\/en\/wp-json\/wp\/v2\/types\/post"}],"author":[{"embeddable":true,"href":"https:\/\/folhadoleste.com.br\/en\/wp-json\/wp\/v2\/users\/4"}],"replies":[{"embeddable":true,"href":"https:\/\/folhadoleste.com.br\/en\/wp-json\/wp\/v2\/comments?post=64949"}],"version-history":[{"count":1,"href":"https:\/\/folhadoleste.com.br\/en\/wp-json\/wp\/v2\/posts\/64949\/revisions"}],"predecessor-version":[{"id":64952,"href":"https:\/\/folhadoleste.com.br\/en\/wp-json\/wp\/v2\/posts\/64949\/revisions\/64952"}],"wp:featuredmedia":[{"embeddable":true,"href":"https:\/\/folhadoleste.com.br\/en\/wp-json\/wp\/v2\/media\/64951"}],"wp:attachment":[{"href":"https:\/\/folhadoleste.com.br\/en\/wp-json\/wp\/v2\/media?parent=64949"}],"wp:term":[{"taxonomy":"category","embeddable":true,"href":"https:\/\/folhadoleste.com.br\/en\/wp-json\/wp\/v2\/categories?post=64949"},{"taxonomy":"post_tag","embeddable":true,"href":"https:\/\/folhadoleste.com.br\/en\/wp-json\/wp\/v2\/tags?post=64949"}],"curies":[{"name":"wp","href":"https:\/\/api.w.org\/{rel}","templated":true}]}}