{"id":64706,"date":"2024-05-08T11:56:07","date_gmt":"2024-05-08T14:56:07","guid":{"rendered":"https:\/\/folhadoleste.com.br\/?p=64706"},"modified":"2024-05-08T11:56:07","modified_gmt":"2024-05-08T14:56:07","slug":"ead-crescimento-de-novos-alunos-desacelera","status":"publish","type":"post","link":"https:\/\/folhadoleste.com.br\/en\/ead-crescimento-de-novos-alunos-desacelera\/","title":{"rendered":"EAD: Crescimento de novos alunos desacelera"},"content":{"rendered":"<div id=\"attachment_64708\" style=\"width: 1210px\" class=\"wp-caption aligncenter\"><img decoding=\"async\" aria-describedby=\"caption-attachment-64708\" class=\"size-full wp-image-64708\" src=\"https:\/\/folhadoleste.com.br\/wp-content\/uploads\/2024\/05\/EAD-Crescimento-de-novos-alunos-desacelera-Foto-Reproducao.webp\" alt=\"EAD: Crescimento de novos alunos desacelera\" width=\"1200\" height=\"750\" \/><p id=\"caption-attachment-64708\" class=\"wp-caption-text\">EAD: Crescimento de novos alunos desacelera | Reprodu\u00e7\u00e3o<\/p><\/div>\n<p data-sourcepos=\"11:1-11:284\">O crescimento de matr\u00edculas em cursos de ensino superior a dist\u00e2ncia (EAD) desacelerou pela primeira vez em tr\u00eas anos, segundo o Mapa do Ensino Superior no Brasil, do Instituto Semesp. J\u00e1 as matr\u00edculas no ensino superior presencial tamb\u00e9m desaceleraram a queda, mas ainda n\u00e3o crescem.<\/p>\n<h6><span style=\"color: #ff0000;\"><strong>+<\/strong><\/span> <span style=\"color: #000000;\">LEIA TAMB\u00c9M: \u25ba<\/span><a href=\"https:\/\/folhadoleste.com.br\/en\/jacare-nas-ruas-alagadas-de-porto-alegre-video\/\"><strong>Jacar\u00e9 nas ruas alagadas de Porto Alegre \u2013 V\u00eddeo<\/strong><\/a><\/h6>\n<p data-sourcepos=\"15:1-15:355\">Os especialistas acreditam que a desacelera\u00e7\u00e3o no EAD pode estar relacionada ao fim da pandemia, quando muitos alunos buscaram essa modalidade por praticidade e seguran\u00e7a.<\/p>\n<p data-sourcepos=\"15:1-15:355\">Al\u00e9m disso, a modalidade ainda enfrenta cr\u00edticas quanto \u00e0 qualidade, com o Conselho Nacional da Educa\u00e7\u00e3o (CNE) exigindo 50% das aulas presenciais em cursos de forma\u00e7\u00e3o de professores.<\/p>\n<h5 data-sourcepos=\"7:1-7:333\">\u25ba\u00a0<a href=\"https:\/\/folhadoleste.com.br\/en\/category\/brasil\/\">Leia mais not\u00edcias sobre Brasil aqui<\/a><\/h5>\n<p data-sourcepos=\"17:1-17:152\">No presencial, a queda menos acentuada pode ser explicada pela retomada gradual das atividades presenciais nas escolas, diminuindo a necessidade de EAD.<\/p>\n<p data-sourcepos=\"21:1-21:262\">Os dados sugerem que o EAD pode estar se estabilizando, enquanto o presencial ainda busca se recuperar. O total de alunos no ensino superior ainda est\u00e1 abaixo da meta do Plano Nacional de Educa\u00e7\u00e3o (PNE), com apenas 20% dos jovens entre 18 e 24 anos matriculados.<\/p>\n<h6><span style=\"color: #ff0000;\"><strong>+<\/strong><\/span> <span style=\"color: #000000;\">LEIA TAMB\u00c9M: \u25ba<\/span><a href=\"https:\/\/folhadoleste.com.br\/en\/rio-tera-novo-canecao-saiba-tudo\/\"><strong>Rio ter\u00e1 novo Canec\u00e3o; saiba tudo<\/strong><\/a><\/h6>\n<p data-sourcepos=\"25:1-25:275\">Especialistas defendem a amplia\u00e7\u00e3o do acesso \u00e0 educa\u00e7\u00e3o superior p\u00fablica e gratuita, al\u00e9m de investimentos em programas de financiamento como ProUni e Fies. Combater a evas\u00e3o no ensino m\u00e9dio tamb\u00e9m \u00e9 fundamental para aumentar o n\u00famero de potenciais ingressantes na gradua\u00e7\u00e3o.<\/p>\n<div id=\"attachment_64672\" style=\"width: 738px\" class=\"wp-caption aligncenter\"><img decoding=\"async\" aria-describedby=\"caption-attachment-64672\" class=\"size-full wp-image-64672\" src=\"https:\/\/folhadoleste.com.br\/wp-content\/uploads\/2024\/05\/Ajude-o-Rio-Grande-do-Sul-Campanha-Oficial-Folha-do-Leste.jpg\" alt=\"\" width=\"728\" height=\"250\" \/><p id=\"caption-attachment-64672\" class=\"wp-caption-text\">Portal de Not\u00edcias Folha do Leste faz campanha pelo Rio Grande do Sul<\/p><\/div>\n<p data-sourcepos=\"25:1-25:275\">\n<p data-sourcepos=\"25:1-25:275\"><a href=\"https:\/\/www.instagram.com\/folhadoleste\/\"><img decoding=\"async\" class=\"aligncenter wp-image-15962\" src=\"https:\/\/folhadoleste.com.br\/wp-content\/uploads\/2023\/07\/instagram.jpg.webp\" alt=\"Itaipu-Itaipua\u00e7u: Caminh\u00e3o causa grave acidente na RJ-102, a estrada da Serrinha\" width=\"49\" height=\"49\" \/><\/a><a href=\"https:\/\/www.facebook.com\/folhadoleste\"><img decoding=\"async\" class=\"aligncenter wp-image-7424\" src=\"https:\/\/folhadoleste.com.br\/wp-content\/uploads\/2023\/05\/facebook-logo-3-1.png.webp\" alt=\"Itaipu-Itaipua\u00e7u: Caminh\u00e3o causa grave acidente na RJ-102, a estrada da Serrinha\" width=\"49\" height=\"49\" \/><\/a><\/p>","protected":false},"excerpt":{"rendered":"<p>O crescimento de matr\u00edculas em cursos de ensino superior a dist\u00e2ncia (EAD) desacelerou pela primeira vez em tr\u00eas anos, segundo o Mapa do Ensino Superior no Brasil, do Instituto Semesp. J\u00e1 as matr\u00edculas no ensino superior presencial tamb\u00e9m desaceleraram a queda, mas ainda n\u00e3o crescem. + LEIA TAMB\u00c9M: \u25baJacar\u00e9 nas ruas alagadas de Porto Alegre \u2013 V\u00eddeo Os especialistas acreditam que a desacelera\u00e7\u00e3o no EAD pode estar relacionada ao fim da pandemia, quando muitos alunos buscaram essa modalidade por praticidade e seguran\u00e7a. Al\u00e9m disso, a modalidade ainda enfrenta cr\u00edticas quanto \u00e0 qualidade, com o Conselho Nacional da Educa\u00e7\u00e3o (CNE) exigindo [&hellip;]<\/p>\n","protected":false},"author":4,"featured_media":64708,"comment_status":"open","ping_status":"open","sticky":false,"template":"","format":"standard","meta":{"footnotes":""},"categories":[64,646],"tags":[1306,649,68,615,25436,21861,15233,611,22482,1131,6296,25435,8091,8767,8213,16068,607,1067,5222,2489,808],"class_list":["post-64706","post","type-post","status-publish","format-standard","has-post-thumbnail","hentry","category-brasil","category-educacao","tag-acesso","tag-alunos","tag-brasil","tag-crescimento","tag-cursos-de-formacao-de-professores","tag-desaceleracao","tag-ead","tag-educacao","tag-educacao-publica","tag-ensino-medio","tag-ensino-superior","tag-estagnacao","tag-evasao","tag-financiamento","tag-matriculas","tag-metas","tag-pandemia","tag-pne","tag-presencial","tag-qualidade","tag-recuperacao","post--single"],"yoast_head":"<!-- This site is optimized with the Yoast SEO plugin v27.4 - https:\/\/yoast.com\/product\/yoast-seo-wordpress\/ -->\n<title>EAD: Crescimento de novos alunos desacelera &#8226; Folha do Leste<\/title>\n<meta name=\"description\" content=\"EAD: Crescimento de novos alunos desacelera. Alunos de gradua\u00e7\u00e3o a dist\u00e2ncia desaceleram, enquanto presencial volta a cair menos...\" \/>\n<meta name=\"robots\" content=\"index, follow, max-snippet:-1, max-image-preview:large, max-video-preview:-1\" \/>\n<link rel=\"canonical\" href=\"https:\/\/folhadoleste.com.br\/en\/ead-crescimento-de-novos-alunos-desacelera\/\" \/>\n<meta property=\"og:locale\" content=\"en_US\" \/>\n<meta property=\"og:type\" content=\"article\" \/>\n<meta property=\"og:title\" content=\"EAD: Crescimento de novos alunos desacelera &#8226; Folha do Leste\" \/>\n<meta property=\"og:description\" content=\"Brasil &#8226; 8 de May de 2024 &#8226; Folha do Leste\" \/>\n<meta property=\"og:url\" content=\"https:\/\/folhadoleste.com.br\/en\/ead-crescimento-de-novos-alunos-desacelera\/\" \/>\n<meta property=\"og:site_name\" content=\"Folha do Leste\" \/>\n<meta property=\"article:publisher\" content=\"https:\/\/www.facebook.com\/folhadoleste\" \/>\n<meta property=\"article:published_time\" content=\"2024-05-08T14:56:07+00:00\" \/>\n<meta property=\"og:image\" content=\"https:\/\/folhadoleste.com.br\/wp-content\/uploads\/2024\/05\/EAD-Crescimento-de-novos-alunos-desacelera-Foto-Reproducao.webp\" \/>\n\t<meta property=\"og:image:width\" content=\"1200\" \/>\n\t<meta property=\"og:image:height\" content=\"750\" \/>\n\t<meta property=\"og:image:type\" content=\"image\/webp\" \/>\n<meta name=\"author\" content=\"Folha do Leste\" \/>\n<meta name=\"twitter:card\" content=\"summary_large_image\" \/>\n<meta name=\"twitter:creator\" content=\"@FolhadoLesteRJ\" \/>\n<meta name=\"twitter:site\" content=\"@FolhadoLesteRJ\" \/>\n<meta name=\"twitter:label1\" content=\"Written by\" \/>\n\t<meta name=\"twitter:data1\" content=\"Folha do Leste\" \/>\n\t<meta name=\"twitter:label2\" content=\"Est. reading time\" \/>\n\t<meta name=\"twitter:data2\" content=\"3 minutes\" \/>\n<script type=\"application\/ld+json\" class=\"yoast-schema-graph\">{\"@context\":\"https:\\\/\\\/schema.org\",\"@graph\":[{\"@type\":\"NewsArticle\",\"@id\":\"https:\\\/\\\/folhadoleste.com.br\\\/ead-crescimento-de-novos-alunos-desacelera\\\/#article\",\"isPartOf\":{\"@id\":\"https:\\\/\\\/folhadoleste.com.br\\\/ead-crescimento-de-novos-alunos-desacelera\\\/\"},\"author\":{\"name\":\"Folha do Leste\",\"@id\":\"https:\\\/\\\/folhadoleste.com.br\\\/#\\\/schema\\\/person\\\/3e97145b2e1861276e84471aa85a3899\"},\"headline\":\"EAD: Crescimento de novos alunos desacelera\",\"datePublished\":\"2024-05-08T14:56:07+00:00\",\"mainEntityOfPage\":{\"@id\":\"https:\\\/\\\/folhadoleste.com.br\\\/ead-crescimento-de-novos-alunos-desacelera\\\/\"},\"wordCount\":293,\"commentCount\":0,\"publisher\":{\"@id\":\"https:\\\/\\\/folhadoleste.com.br\\\/#organization\"},\"image\":{\"@id\":\"https:\\\/\\\/folhadoleste.com.br\\\/ead-crescimento-de-novos-alunos-desacelera\\\/#primaryimage\"},\"thumbnailUrl\":\"https:\\\/\\\/folhadoleste.com.br\\\/wp-content\\\/uploads\\\/2024\\\/05\\\/EAD-Crescimento-de-novos-alunos-desacelera-Foto-Reproducao.webp\",\"keywords\":[\"acesso\",\"alunos\",\"Brasil\",\"crescimento\",\"Cursos de Forma\u00e7\u00e3o de Professores\",\"Desacelera\u00e7\u00e3o\",\"EAD\",\"educa\u00e7\u00e3o\",\"Educa\u00e7\u00e3o P\u00fablica\",\"Ensino medio\",\"Ensino Superior\",\"Estagna\u00e7\u00e3o\",\"evas\u00e3o\",\"financiamento\",\"matr\u00edculas\",\"Metas\",\"pandemia\",\"PNE\",\"presencial\",\"qualidade\",\"recupera\u00e7\u00e3o\"],\"articleSection\":[\"Brasil\",\"Educa\u00e7\u00e3o\"],\"inLanguage\":\"en-US\",\"potentialAction\":[{\"@type\":\"CommentAction\",\"name\":\"Comment\",\"target\":[\"https:\\\/\\\/folhadoleste.com.br\\\/ead-crescimento-de-novos-alunos-desacelera\\\/#respond\"]}]},{\"@type\":\"WebPage\",\"@id\":\"https:\\\/\\\/folhadoleste.com.br\\\/ead-crescimento-de-novos-alunos-desacelera\\\/\",\"url\":\"https:\\\/\\\/folhadoleste.com.br\\\/ead-crescimento-de-novos-alunos-desacelera\\\/\",\"name\":\"EAD: Crescimento de novos alunos desacelera &#8226; Folha do Leste\",\"isPartOf\":{\"@id\":\"https:\\\/\\\/folhadoleste.com.br\\\/#website\"},\"primaryImageOfPage\":{\"@id\":\"https:\\\/\\\/folhadoleste.com.br\\\/ead-crescimento-de-novos-alunos-desacelera\\\/#primaryimage\"},\"image\":{\"@id\":\"https:\\\/\\\/folhadoleste.com.br\\\/ead-crescimento-de-novos-alunos-desacelera\\\/#primaryimage\"},\"thumbnailUrl\":\"https:\\\/\\\/folhadoleste.com.br\\\/wp-content\\\/uploads\\\/2024\\\/05\\\/EAD-Crescimento-de-novos-alunos-desacelera-Foto-Reproducao.webp\",\"datePublished\":\"2024-05-08T14:56:07+00:00\",\"description\":\"EAD: Crescimento de novos alunos desacelera. Alunos de gradua\u00e7\u00e3o a dist\u00e2ncia desaceleram, enquanto presencial volta a cair menos...\",\"breadcrumb\":{\"@id\":\"https:\\\/\\\/folhadoleste.com.br\\\/ead-crescimento-de-novos-alunos-desacelera\\\/#breadcrumb\"},\"inLanguage\":\"en-US\",\"potentialAction\":[{\"@type\":\"ReadAction\",\"target\":[\"https:\\\/\\\/folhadoleste.com.br\\\/ead-crescimento-de-novos-alunos-desacelera\\\/\"]}]},{\"@type\":\"ImageObject\",\"inLanguage\":\"en-US\",\"@id\":\"https:\\\/\\\/folhadoleste.com.br\\\/ead-crescimento-de-novos-alunos-desacelera\\\/#primaryimage\",\"url\":\"https:\\\/\\\/folhadoleste.com.br\\\/wp-content\\\/uploads\\\/2024\\\/05\\\/EAD-Crescimento-de-novos-alunos-desacelera-Foto-Reproducao.webp\",\"contentUrl\":\"https:\\\/\\\/folhadoleste.com.br\\\/wp-content\\\/uploads\\\/2024\\\/05\\\/EAD-Crescimento-de-novos-alunos-desacelera-Foto-Reproducao.webp\",\"width\":1200,\"height\":750,\"caption\":\"EAD: Crescimento de novos alunos desacelera | Reprodu\u00e7\u00e3o\"},{\"@type\":\"BreadcrumbList\",\"@id\":\"https:\\\/\\\/folhadoleste.com.br\\\/ead-crescimento-de-novos-alunos-desacelera\\\/#breadcrumb\",\"itemListElement\":[{\"@type\":\"ListItem\",\"position\":1,\"name\":\"In\u00edcio\",\"item\":\"https:\\\/\\\/folhadoleste.com.br\\\/\"},{\"@type\":\"ListItem\",\"position\":2,\"name\":\"Brasil\",\"item\":\"https:\\\/\\\/folhadoleste.com.br\\\/category\\\/brasil\\\/\"},{\"@type\":\"ListItem\",\"position\":3,\"name\":\"EAD: Crescimento de novos alunos desacelera\"}]},{\"@type\":\"WebSite\",\"@id\":\"https:\\\/\\\/folhadoleste.com.br\\\/#website\",\"url\":\"https:\\\/\\\/folhadoleste.com.br\\\/\",\"name\":\"Folha do Leste\",\"description\":\"Portal de Not\u00edcias com \u00eanfase em Niter\u00f3i, criando conte\u00fados desde a capital Rio de Janeiro, com olhar para o Leste Fluminense e suas cidades como S\u00e3o Gon\u00e7alo, Itabora\u00ed, Rio Bonito, Maric\u00e1, Saquarema e Araruama\",\"publisher\":{\"@id\":\"https:\\\/\\\/folhadoleste.com.br\\\/#organization\"},\"alternateName\":\"FL\",\"potentialAction\":[{\"@type\":\"SearchAction\",\"target\":{\"@type\":\"EntryPoint\",\"urlTemplate\":\"https:\\\/\\\/folhadoleste.com.br\\\/?s={search_term_string}\"},\"query-input\":{\"@type\":\"PropertyValueSpecification\",\"valueRequired\":true,\"valueName\":\"search_term_string\"}}],\"inLanguage\":\"en-US\"},{\"@type\":\"Organization\",\"@id\":\"https:\\\/\\\/folhadoleste.com.br\\\/#organization\",\"name\":\"Brasil 21 Comunica\u00e7\u00e3o\",\"alternateName\":\"BR21\",\"url\":\"https:\\\/\\\/folhadoleste.com.br\\\/\",\"logo\":{\"@type\":\"ImageObject\",\"inLanguage\":\"en-US\",\"@id\":\"https:\\\/\\\/folhadoleste.com.br\\\/#\\\/schema\\\/logo\\\/image\\\/\",\"url\":\"https:\\\/\\\/folhadoleste.com.br\\\/wp-content\\\/uploads\\\/2025\\\/12\\\/brasil-21-logomarca.avif\",\"contentUrl\":\"https:\\\/\\\/folhadoleste.com.br\\\/wp-content\\\/uploads\\\/2025\\\/12\\\/brasil-21-logomarca.avif\",\"width\":1044,\"height\":1044,\"caption\":\"Brasil 21 Comunica\u00e7\u00e3o\"},\"image\":{\"@id\":\"https:\\\/\\\/folhadoleste.com.br\\\/#\\\/schema\\\/logo\\\/image\\\/\"},\"sameAs\":[\"https:\\\/\\\/www.facebook.com\\\/folhadoleste\",\"https:\\\/\\\/x.com\\\/FolhadoLesteRJ\",\"https:\\\/\\\/www.instagram.com\\\/folhadoleste\\\/\"]},{\"@type\":\"Person\",\"@id\":\"https:\\\/\\\/folhadoleste.com.br\\\/#\\\/schema\\\/person\\\/3e97145b2e1861276e84471aa85a3899\",\"name\":\"Folha do Leste\",\"image\":{\"@type\":\"ImageObject\",\"inLanguage\":\"en-US\",\"@id\":\"https:\\\/\\\/folhadoleste.com.br\\\/wp-content\\\/litespeed\\\/avatar\\\/1ca8c218432e7045e748610eb3db0259.jpg?ver=1777161142\",\"url\":\"https:\\\/\\\/folhadoleste.com.br\\\/wp-content\\\/litespeed\\\/avatar\\\/1ca8c218432e7045e748610eb3db0259.jpg?ver=1777161142\",\"contentUrl\":\"https:\\\/\\\/folhadoleste.com.br\\\/wp-content\\\/litespeed\\\/avatar\\\/1ca8c218432e7045e748610eb3db0259.jpg?ver=1777161142\",\"caption\":\"Folha do Leste\"},\"url\":\"https:\\\/\\\/folhadoleste.com.br\\\/en\\\/author\\\/reportagem-01\\\/\"}]}<\/script>\n<!-- \/ Yoast SEO plugin. -->","yoast_head_json":{"title":"EAD: Crescimento de novos alunos desacelera &#8226; Folha do Leste","description":"EAD: Crescimento de novos alunos desacelera. Alunos de gradua\u00e7\u00e3o a dist\u00e2ncia desaceleram, enquanto presencial volta a cair menos...","robots":{"index":"index","follow":"follow","max-snippet":"max-snippet:-1","max-image-preview":"max-image-preview:large","max-video-preview":"max-video-preview:-1"},"canonical":"https:\/\/folhadoleste.com.br\/en\/ead-crescimento-de-novos-alunos-desacelera\/","og_locale":"en_US","og_type":"article","og_title":"EAD: Crescimento de novos alunos desacelera &#8226; Folha do Leste","og_description":"Brasil &#8226; 8 de May de 2024 &#8226; Folha do Leste","og_url":"https:\/\/folhadoleste.com.br\/en\/ead-crescimento-de-novos-alunos-desacelera\/","og_site_name":"Folha do Leste","article_publisher":"https:\/\/www.facebook.com\/folhadoleste","article_published_time":"2024-05-08T14:56:07+00:00","og_image":[{"width":1200,"height":750,"url":"https:\/\/folhadoleste.com.br\/wp-content\/uploads\/2024\/05\/EAD-Crescimento-de-novos-alunos-desacelera-Foto-Reproducao.webp","type":"image\/webp"}],"author":"Folha do Leste","twitter_card":"summary_large_image","twitter_creator":"@FolhadoLesteRJ","twitter_site":"@FolhadoLesteRJ","twitter_misc":{"Written by":"Folha do Leste","Est. reading time":"3 minutes"},"schema":{"@context":"https:\/\/schema.org","@graph":[{"@type":"NewsArticle","@id":"https:\/\/folhadoleste.com.br\/ead-crescimento-de-novos-alunos-desacelera\/#article","isPartOf":{"@id":"https:\/\/folhadoleste.com.br\/ead-crescimento-de-novos-alunos-desacelera\/"},"author":{"name":"Folha do Leste","@id":"https:\/\/folhadoleste.com.br\/#\/schema\/person\/3e97145b2e1861276e84471aa85a3899"},"headline":"EAD: Crescimento de novos alunos desacelera","datePublished":"2024-05-08T14:56:07+00:00","mainEntityOfPage":{"@id":"https:\/\/folhadoleste.com.br\/ead-crescimento-de-novos-alunos-desacelera\/"},"wordCount":293,"commentCount":0,"publisher":{"@id":"https:\/\/folhadoleste.com.br\/#organization"},"image":{"@id":"https:\/\/folhadoleste.com.br\/ead-crescimento-de-novos-alunos-desacelera\/#primaryimage"},"thumbnailUrl":"https:\/\/folhadoleste.com.br\/wp-content\/uploads\/2024\/05\/EAD-Crescimento-de-novos-alunos-desacelera-Foto-Reproducao.webp","keywords":["acesso","alunos","Brasil","crescimento","Cursos de Forma\u00e7\u00e3o de Professores","Desacelera\u00e7\u00e3o","EAD","educa\u00e7\u00e3o","Educa\u00e7\u00e3o P\u00fablica","Ensino medio","Ensino Superior","Estagna\u00e7\u00e3o","evas\u00e3o","financiamento","matr\u00edculas","Metas","pandemia","PNE","presencial","qualidade","recupera\u00e7\u00e3o"],"articleSection":["Brasil","Educa\u00e7\u00e3o"],"inLanguage":"en-US","potentialAction":[{"@type":"CommentAction","name":"Comment","target":["https:\/\/folhadoleste.com.br\/ead-crescimento-de-novos-alunos-desacelera\/#respond"]}]},{"@type":"WebPage","@id":"https:\/\/folhadoleste.com.br\/ead-crescimento-de-novos-alunos-desacelera\/","url":"https:\/\/folhadoleste.com.br\/ead-crescimento-de-novos-alunos-desacelera\/","name":"EAD: Crescimento de novos alunos desacelera &#8226; Folha do Leste","isPartOf":{"@id":"https:\/\/folhadoleste.com.br\/#website"},"primaryImageOfPage":{"@id":"https:\/\/folhadoleste.com.br\/ead-crescimento-de-novos-alunos-desacelera\/#primaryimage"},"image":{"@id":"https:\/\/folhadoleste.com.br\/ead-crescimento-de-novos-alunos-desacelera\/#primaryimage"},"thumbnailUrl":"https:\/\/folhadoleste.com.br\/wp-content\/uploads\/2024\/05\/EAD-Crescimento-de-novos-alunos-desacelera-Foto-Reproducao.webp","datePublished":"2024-05-08T14:56:07+00:00","description":"EAD: Crescimento de novos alunos desacelera. Alunos de gradua\u00e7\u00e3o a dist\u00e2ncia desaceleram, enquanto presencial volta a cair menos...","breadcrumb":{"@id":"https:\/\/folhadoleste.com.br\/ead-crescimento-de-novos-alunos-desacelera\/#breadcrumb"},"inLanguage":"en-US","potentialAction":[{"@type":"ReadAction","target":["https:\/\/folhadoleste.com.br\/ead-crescimento-de-novos-alunos-desacelera\/"]}]},{"@type":"ImageObject","inLanguage":"en-US","@id":"https:\/\/folhadoleste.com.br\/ead-crescimento-de-novos-alunos-desacelera\/#primaryimage","url":"https:\/\/folhadoleste.com.br\/wp-content\/uploads\/2024\/05\/EAD-Crescimento-de-novos-alunos-desacelera-Foto-Reproducao.webp","contentUrl":"https:\/\/folhadoleste.com.br\/wp-content\/uploads\/2024\/05\/EAD-Crescimento-de-novos-alunos-desacelera-Foto-Reproducao.webp","width":1200,"height":750,"caption":"EAD: Crescimento de novos alunos desacelera | Reprodu\u00e7\u00e3o"},{"@type":"BreadcrumbList","@id":"https:\/\/folhadoleste.com.br\/ead-crescimento-de-novos-alunos-desacelera\/#breadcrumb","itemListElement":[{"@type":"ListItem","position":1,"name":"In\u00edcio","item":"https:\/\/folhadoleste.com.br\/"},{"@type":"ListItem","position":2,"name":"Brasil","item":"https:\/\/folhadoleste.com.br\/category\/brasil\/"},{"@type":"ListItem","position":3,"name":"EAD: Crescimento de novos alunos desacelera"}]},{"@type":"WebSite","@id":"https:\/\/folhadoleste.com.br\/#website","url":"https:\/\/folhadoleste.com.br\/","name":"Folha do Leste","description":"Portal de Not\u00edcias com \u00eanfase em Niter\u00f3i, criando conte\u00fados desde a capital Rio de Janeiro, com olhar para o Leste Fluminense e suas cidades como S\u00e3o Gon\u00e7alo, Itabora\u00ed, Rio Bonito, Maric\u00e1, Saquarema e Araruama","publisher":{"@id":"https:\/\/folhadoleste.com.br\/#organization"},"alternateName":"FL","potentialAction":[{"@type":"SearchAction","target":{"@type":"EntryPoint","urlTemplate":"https:\/\/folhadoleste.com.br\/?s={search_term_string}"},"query-input":{"@type":"PropertyValueSpecification","valueRequired":true,"valueName":"search_term_string"}}],"inLanguage":"en-US"},{"@type":"Organization","@id":"https:\/\/folhadoleste.com.br\/#organization","name":"Brasil 21 Comunica\u00e7\u00e3o","alternateName":"BR21","url":"https:\/\/folhadoleste.com.br\/","logo":{"@type":"ImageObject","inLanguage":"en-US","@id":"https:\/\/folhadoleste.com.br\/#\/schema\/logo\/image\/","url":"https:\/\/folhadoleste.com.br\/wp-content\/uploads\/2025\/12\/brasil-21-logomarca.avif","contentUrl":"https:\/\/folhadoleste.com.br\/wp-content\/uploads\/2025\/12\/brasil-21-logomarca.avif","width":1044,"height":1044,"caption":"Brasil 21 Comunica\u00e7\u00e3o"},"image":{"@id":"https:\/\/folhadoleste.com.br\/#\/schema\/logo\/image\/"},"sameAs":["https:\/\/www.facebook.com\/folhadoleste","https:\/\/x.com\/FolhadoLesteRJ","https:\/\/www.instagram.com\/folhadoleste\/"]},{"@type":"Person","@id":"https:\/\/folhadoleste.com.br\/#\/schema\/person\/3e97145b2e1861276e84471aa85a3899","name":"Folha do Leste","image":{"@type":"ImageObject","inLanguage":"en-US","@id":"https:\/\/folhadoleste.com.br\/wp-content\/litespeed\/avatar\/1ca8c218432e7045e748610eb3db0259.jpg?ver=1777161142","url":"https:\/\/folhadoleste.com.br\/wp-content\/litespeed\/avatar\/1ca8c218432e7045e748610eb3db0259.jpg?ver=1777161142","contentUrl":"https:\/\/folhadoleste.com.br\/wp-content\/litespeed\/avatar\/1ca8c218432e7045e748610eb3db0259.jpg?ver=1777161142","caption":"Folha do Leste"},"url":"https:\/\/folhadoleste.com.br\/en\/author\/reportagem-01\/"}]}},"_links":{"self":[{"href":"https:\/\/folhadoleste.com.br\/en\/wp-json\/wp\/v2\/posts\/64706","targetHints":{"allow":["GET"]}}],"collection":[{"href":"https:\/\/folhadoleste.com.br\/en\/wp-json\/wp\/v2\/posts"}],"about":[{"href":"https:\/\/folhadoleste.com.br\/en\/wp-json\/wp\/v2\/types\/post"}],"author":[{"embeddable":true,"href":"https:\/\/folhadoleste.com.br\/en\/wp-json\/wp\/v2\/users\/4"}],"replies":[{"embeddable":true,"href":"https:\/\/folhadoleste.com.br\/en\/wp-json\/wp\/v2\/comments?post=64706"}],"version-history":[{"count":1,"href":"https:\/\/folhadoleste.com.br\/en\/wp-json\/wp\/v2\/posts\/64706\/revisions"}],"predecessor-version":[{"id":64709,"href":"https:\/\/folhadoleste.com.br\/en\/wp-json\/wp\/v2\/posts\/64706\/revisions\/64709"}],"wp:featuredmedia":[{"embeddable":true,"href":"https:\/\/folhadoleste.com.br\/en\/wp-json\/wp\/v2\/media\/64708"}],"wp:attachment":[{"href":"https:\/\/folhadoleste.com.br\/en\/wp-json\/wp\/v2\/media?parent=64706"}],"wp:term":[{"taxonomy":"category","embeddable":true,"href":"https:\/\/folhadoleste.com.br\/en\/wp-json\/wp\/v2\/categories?post=64706"},{"taxonomy":"post_tag","embeddable":true,"href":"https:\/\/folhadoleste.com.br\/en\/wp-json\/wp\/v2\/tags?post=64706"}],"curies":[{"name":"wp","href":"https:\/\/api.w.org\/{rel}","templated":true}]}}