{"id":64249,"date":"2024-05-05T13:03:54","date_gmt":"2024-05-05T16:03:54","guid":{"rendered":"https:\/\/folhadoleste.com.br\/?p=64249"},"modified":"2024-05-05T13:03:54","modified_gmt":"2024-05-05T16:03:54","slug":"vasco-cede-sao-januario-para-whindersson-nunes","status":"publish","type":"post","link":"https:\/\/folhadoleste.com.br\/en\/vasco-cede-sao-januario-para-whindersson-nunes\/","title":{"rendered":"Vasco cede S\u00e3o Janu\u00e1rio para Whindersson Nunes"},"content":{"rendered":"<div id=\"attachment_64251\" style=\"width: 1210px\" class=\"wp-caption aligncenter\"><img decoding=\"async\" aria-describedby=\"caption-attachment-64251\" class=\"size-full wp-image-64251\" src=\"https:\/\/folhadoleste.com.br\/wp-content\/uploads\/2024\/05\/Vasco-cede-Sao-Januario-para-Whindersson-Nunes-Foto-Reproducao-Instagram.webp\" alt=\"Vasco cede S\u00e3o Janu\u00e1rio para Whindersson Nunes\" width=\"1200\" height=\"750\" \/><p id=\"caption-attachment-64251\" class=\"wp-caption-text\">Vasco cede S\u00e3o Janu\u00e1rio para Whindersson Nunes | Reprodu\u00e7\u00e3o\/Instagram<\/p><\/div>\n<p data-sourcepos=\"3:1-3:421\">Em um gesto de solidariedade emocionante, o Vasco da Gama anunciou que vai ceder o ic\u00f4nico est\u00e1dio S\u00e3o Janu\u00e1rio para Whindersson Nunes realizar um show beneficente em prol das v\u00edtimas das fortes chuvas que assolam o Rio Grande do Sul.<\/p>\n<h4><a href=\"https:\/\/folhadoleste.com.br\/en\/category\/entretenimento-artes-e-cultura-destaque\/celebridades\/\"><strong>\u201cLeia mais sobre Celebridades aqui\u201d<\/strong><\/a><\/h4>\n<p data-sourcepos=\"3:1-3:421\">A iniciativa, idealizada pelo pr\u00f3prio humorista e f\u00e3 do clube, visa arrecadar fundos para auxiliar os milhares de desabrigados e fam\u00edlias afetadas pela trag\u00e9dia.<\/p>\n<blockquote class=\"twitter-tweet\" data-width=\"550\" data-dnt=\"true\">\n<p lang=\"pt\" dir=\"ltr\">Podia me emprestar Sao Janu\u00e1rio ne nao <a href=\"https:\/\/twitter.com\/VascodaGama?ref_src=twsrc%5Etfw\">@VascodaGama<\/a> ?? \ud83e\udd79<br \/>Eu fa\u00e7o um show e a gente manda a grana pro pessoal no Sul, eu pago a estrutura e vc me empresta o estadio, b\u00f3?<\/p>\n<p>&mdash; Whindersson (@whindersson) <a href=\"https:\/\/twitter.com\/whindersson\/status\/1786934083055968604?ref_src=twsrc%5Etfw\">May 5, 2024<\/a><\/p><\/blockquote>\n<p><script async src=\"https:\/\/platform.twitter.com\/widgets.js\" charset=\"utf-8\"><\/script><\/p>\n<h6><span style=\"color: #ff0000;\"><strong>+<\/strong><\/span> <span style=\"color: #000000;\">LEIA TAMB\u00c9M: \u25ba\u00a0<\/span><a href=\"https:\/\/folhadoleste.com.br\/en\/nivel-do-rio-guaiba-continua-subindo-em-porto-alegre\/\"><strong>N\u00edvel do rio Gua\u00edba continua subindo em Porto Alegre<\/strong><\/a><\/h6>\n<p data-sourcepos=\"5:1-5:339\">No \u00faltimo s\u00e1bado (04), Whindersson Nunes utilizou suas redes sociais para fazer um apelo comovente ao Vasco.<\/p>\n<blockquote>\n<p data-sourcepos=\"5:1-5:339\">&#8220;Podia me emprestar o S\u00e3o Janu\u00e1rio n\u00e9 n\u00e3o, Vasco da Gama? Eu fa\u00e7o um show e a gente manda a grana pro pessoal no Sul, eu pago a estrutura e vc me empresta o est\u00e1dio, b\u00f3?&#8221;, escreveu o artista na publica\u00e7\u00e3o.<\/p>\n<\/blockquote>\n<blockquote class=\"twitter-tweet\" data-width=\"550\" data-dnt=\"true\">\n<p lang=\"pt\" dir=\"ltr\">Vambora! Boa ideia. Conte conosco. <\/p>\n<p>Vamos falar no pv pra combinar os detalhes. \ud83d\udc4a\ud83d\udca2 <a href=\"https:\/\/t.co\/OxSGuqJuN4\">https:\/\/t.co\/OxSGuqJuN4<\/a><\/p>\n<p>&mdash; Vasco da Gama (@VascodaGama) <a href=\"https:\/\/twitter.com\/VascodaGama\/status\/1786941065292869670?ref_src=twsrc%5Etfw\">May 5, 2024<\/a><\/p><\/blockquote>\n<p><script async src=\"https:\/\/platform.twitter.com\/widgets.js\" charset=\"utf-8\"><\/script><\/p>\n<p data-sourcepos=\"7:1-7:405\">O Cruz-Maltino, tocado pela iniciativa do humorista, n\u00e3o hesitou em responder positivamente ao pedido.<\/p>\n<blockquote>\n<p data-sourcepos=\"7:1-7:405\">\u00a0&#8220;Vambora! Boa ideia. Vamos juntos ajudar o povo do Sul&#8221;, respondeu o clube em suas redes sociais. Para dar seguimento \u00e0 a\u00e7\u00e3o, Whindersson foi convidado a enviar uma mensagem para o perfil oficial do Vasco, a fim de oficializar a parceria e iniciar os preparativos para o show.<\/p>\n<\/blockquote>\n<h6><span style=\"color: #ff0000;\"><strong>+<\/strong><\/span> <span style=\"color: #000000;\">LEIA TAMB\u00c9M: \u25ba\u00a0<\/span><a href=\"https:\/\/folhadoleste.com.br\/en\/nivel-do-rio-guaiba-continua-subindo-em-porto-alegre\/\"><strong>N\u00edvel do rio Gua\u00edba continua subindo em Porto Alegre<\/strong><\/a><\/h6>\n<p data-sourcepos=\"9:1-9:306\">As fortes chuvas que atingiram o Rio Grande do Sul nos \u00faltimos dias causaram um cen\u00e1rio de devasta\u00e7\u00e3o, com 62 mortes confirmadas, 74 pessoas desaparecidas e 107 feridas. Al\u00e9m disso, mais de 82 mil pessoas foram afetadas, com milhares delas desalojadas e necessitando de abrigo e apoio.<\/p>\n<p data-sourcepos=\"9:1-9:306\">\n<p data-sourcepos=\"9:1-9:306\"><a href=\"https:\/\/www.instagram.com\/folhadoleste\/\"><img decoding=\"async\" class=\"aligncenter wp-image-15962\" src=\"https:\/\/folhadoleste.com.br\/wp-content\/uploads\/2023\/07\/instagram.jpg.webp\" alt=\"Itaipu-Itaipua\u00e7u: Caminh\u00e3o causa grave acidente na RJ-102, a estrada da Serrinha\" width=\"49\" height=\"49\" \/><\/a><a href=\"https:\/\/www.facebook.com\/folhadoleste\"><img decoding=\"async\" class=\"aligncenter wp-image-7424\" src=\"https:\/\/folhadoleste.com.br\/wp-content\/uploads\/2023\/05\/facebook-logo-3-1.png.webp\" alt=\"Itaipu-Itaipua\u00e7u: Caminh\u00e3o causa grave acidente na RJ-102, a estrada da Serrinha\" width=\"49\" height=\"49\" \/><\/a><\/p>","protected":false},"excerpt":{"rendered":"<p>Em um gesto de solidariedade emocionante, o Vasco da Gama anunciou que vai ceder o ic\u00f4nico est\u00e1dio S\u00e3o Janu\u00e1rio para Whindersson Nunes realizar um show beneficente em prol das v\u00edtimas das fortes chuvas que assolam o Rio Grande do Sul. \u201cLeia mais sobre Celebridades aqui\u201d A iniciativa, idealizada pelo pr\u00f3prio humorista e f\u00e3 do clube, visa arrecadar fundos para auxiliar os milhares de desabrigados e fam\u00edlias afetadas pela trag\u00e9dia. Podia me emprestar Sao Janu\u00e1rio ne nao @VascodaGama ?? \ud83e\udd79Eu fa\u00e7o um show e a gente manda a grana pro pessoal no Sul, eu pago a estrutura e vc me empresta [&hellip;]<\/p>\n","protected":false},"author":4,"featured_media":64251,"comment_status":"open","ping_status":"open","sticky":false,"template":"","format":"standard","meta":{"footnotes":""},"categories":[5167,83,48],"tags":[6646,1537,7063,2381,3162,101,2288,541,6245,2032,1369,25227,435,4220,104,25226],"class_list":["post-64249","post","type-post","status-publish","format-standard","has-post-thumbnail","hentry","category-celebridades","category-entretenimento-artes-e-cultura-destaque","category-esportes","tag-celebridades","tag-chuvas","tag-conmebol","tag-entretenimento","tag-estadio","tag-futebol","tag-gremio","tag-internacional","tag-rio-grande-do-sul","tag-sao-januario","tag-show","tag-show-beneficente","tag-solidariedade","tag-tragedia","tag-vasco","tag-whindersson-nunes","post--single"],"yoast_head":"<!-- This site is optimized with the Yoast SEO plugin v27.4 - https:\/\/yoast.com\/product\/yoast-seo-wordpress\/ -->\n<title>Vasco cede S\u00e3o Janu\u00e1rio para Whindersson Nunes &#8226; Folha do Leste<\/title>\n<meta name=\"description\" content=\"Vasco cede S\u00e3o Janu\u00e1rio para Whindersson Nunes. Vasco cede S\u00e3o Janu\u00e1rio para Whindersson Nunes fazer show beneficente para v\u00edtimas de chuvas.\" \/>\n<meta name=\"robots\" content=\"index, follow, max-snippet:-1, max-image-preview:large, max-video-preview:-1\" \/>\n<link rel=\"canonical\" href=\"https:\/\/folhadoleste.com.br\/en\/vasco-cede-sao-januario-para-whindersson-nunes\/\" \/>\n<meta property=\"og:locale\" content=\"en_US\" \/>\n<meta property=\"og:type\" content=\"article\" \/>\n<meta property=\"og:title\" content=\"Vasco cede S\u00e3o Janu\u00e1rio para Whindersson Nunes &#8226; Folha do Leste\" \/>\n<meta property=\"og:description\" content=\"Celebridades &#8226; 5 de May de 2024 &#8226; Folha do Leste\" \/>\n<meta property=\"og:url\" content=\"https:\/\/folhadoleste.com.br\/en\/vasco-cede-sao-januario-para-whindersson-nunes\/\" \/>\n<meta property=\"og:site_name\" content=\"Folha do Leste\" \/>\n<meta property=\"article:publisher\" content=\"https:\/\/www.facebook.com\/folhadoleste\" \/>\n<meta property=\"article:published_time\" content=\"2024-05-05T16:03:54+00:00\" \/>\n<meta property=\"og:image\" content=\"https:\/\/folhadoleste.com.br\/wp-content\/uploads\/2024\/05\/Vasco-cede-Sao-Januario-para-Whindersson-Nunes-Foto-Reproducao-Instagram.webp\" \/>\n\t<meta property=\"og:image:width\" content=\"1200\" \/>\n\t<meta property=\"og:image:height\" content=\"750\" \/>\n\t<meta property=\"og:image:type\" content=\"image\/webp\" \/>\n<meta name=\"author\" content=\"Folha do Leste\" \/>\n<meta name=\"twitter:card\" content=\"summary_large_image\" \/>\n<meta name=\"twitter:creator\" content=\"@FolhadoLesteRJ\" \/>\n<meta name=\"twitter:site\" content=\"@FolhadoLesteRJ\" \/>\n<meta name=\"twitter:label1\" content=\"Written by\" \/>\n\t<meta name=\"twitter:data1\" content=\"Folha do Leste\" \/>\n\t<meta name=\"twitter:label2\" content=\"Est. reading time\" \/>\n\t<meta name=\"twitter:data2\" content=\"2 minutes\" \/>\n<script type=\"application\/ld+json\" class=\"yoast-schema-graph\">{\"@context\":\"https:\\\/\\\/schema.org\",\"@graph\":[{\"@type\":\"NewsArticle\",\"@id\":\"https:\\\/\\\/folhadoleste.com.br\\\/vasco-cede-sao-januario-para-whindersson-nunes\\\/#article\",\"isPartOf\":{\"@id\":\"https:\\\/\\\/folhadoleste.com.br\\\/vasco-cede-sao-januario-para-whindersson-nunes\\\/\"},\"author\":{\"name\":\"Folha do Leste\",\"@id\":\"https:\\\/\\\/folhadoleste.com.br\\\/#\\\/schema\\\/person\\\/3e97145b2e1861276e84471aa85a3899\"},\"headline\":\"Vasco cede S\u00e3o Janu\u00e1rio para Whindersson Nunes\",\"datePublished\":\"2024-05-05T16:03:54+00:00\",\"mainEntityOfPage\":{\"@id\":\"https:\\\/\\\/folhadoleste.com.br\\\/vasco-cede-sao-januario-para-whindersson-nunes\\\/\"},\"wordCount\":392,\"commentCount\":0,\"publisher\":{\"@id\":\"https:\\\/\\\/folhadoleste.com.br\\\/#organization\"},\"image\":{\"@id\":\"https:\\\/\\\/folhadoleste.com.br\\\/vasco-cede-sao-januario-para-whindersson-nunes\\\/#primaryimage\"},\"thumbnailUrl\":\"https:\\\/\\\/folhadoleste.com.br\\\/wp-content\\\/uploads\\\/2024\\\/05\\\/Vasco-cede-Sao-Januario-para-Whindersson-Nunes-Foto-Reproducao-Instagram.webp\",\"keywords\":[\"Celebridades\",\"chuvas\",\"Conmebol\",\"entretenimento\",\"est\u00e1dio\",\"futebol\",\"Gr\u00eamio\",\"Internacional\",\"Rio Grande do Sul\",\"S\u00e3o Janu\u00e1rio\",\"show\",\"show beneficente\",\"solidariedade\",\"Trag\u00e9dia\",\"Vasco\",\"Whindersson Nunes\"],\"articleSection\":[\"Celebridades\",\"Entretenimento, Artes e Cultura\",\"Esportes\"],\"inLanguage\":\"en-US\",\"potentialAction\":[{\"@type\":\"CommentAction\",\"name\":\"Comment\",\"target\":[\"https:\\\/\\\/folhadoleste.com.br\\\/vasco-cede-sao-januario-para-whindersson-nunes\\\/#respond\"]}]},{\"@type\":\"WebPage\",\"@id\":\"https:\\\/\\\/folhadoleste.com.br\\\/vasco-cede-sao-januario-para-whindersson-nunes\\\/\",\"url\":\"https:\\\/\\\/folhadoleste.com.br\\\/vasco-cede-sao-januario-para-whindersson-nunes\\\/\",\"name\":\"Vasco cede S\u00e3o Janu\u00e1rio para Whindersson Nunes &#8226; Folha do Leste\",\"isPartOf\":{\"@id\":\"https:\\\/\\\/folhadoleste.com.br\\\/#website\"},\"primaryImageOfPage\":{\"@id\":\"https:\\\/\\\/folhadoleste.com.br\\\/vasco-cede-sao-januario-para-whindersson-nunes\\\/#primaryimage\"},\"image\":{\"@id\":\"https:\\\/\\\/folhadoleste.com.br\\\/vasco-cede-sao-januario-para-whindersson-nunes\\\/#primaryimage\"},\"thumbnailUrl\":\"https:\\\/\\\/folhadoleste.com.br\\\/wp-content\\\/uploads\\\/2024\\\/05\\\/Vasco-cede-Sao-Januario-para-Whindersson-Nunes-Foto-Reproducao-Instagram.webp\",\"datePublished\":\"2024-05-05T16:03:54+00:00\",\"description\":\"Vasco cede S\u00e3o Janu\u00e1rio para Whindersson Nunes. Vasco cede S\u00e3o Janu\u00e1rio para Whindersson Nunes fazer show beneficente para v\u00edtimas de chuvas.\",\"breadcrumb\":{\"@id\":\"https:\\\/\\\/folhadoleste.com.br\\\/vasco-cede-sao-januario-para-whindersson-nunes\\\/#breadcrumb\"},\"inLanguage\":\"en-US\",\"potentialAction\":[{\"@type\":\"ReadAction\",\"target\":[\"https:\\\/\\\/folhadoleste.com.br\\\/vasco-cede-sao-januario-para-whindersson-nunes\\\/\"]}]},{\"@type\":\"ImageObject\",\"inLanguage\":\"en-US\",\"@id\":\"https:\\\/\\\/folhadoleste.com.br\\\/vasco-cede-sao-januario-para-whindersson-nunes\\\/#primaryimage\",\"url\":\"https:\\\/\\\/folhadoleste.com.br\\\/wp-content\\\/uploads\\\/2024\\\/05\\\/Vasco-cede-Sao-Januario-para-Whindersson-Nunes-Foto-Reproducao-Instagram.webp\",\"contentUrl\":\"https:\\\/\\\/folhadoleste.com.br\\\/wp-content\\\/uploads\\\/2024\\\/05\\\/Vasco-cede-Sao-Januario-para-Whindersson-Nunes-Foto-Reproducao-Instagram.webp\",\"width\":1200,\"height\":750,\"caption\":\"Whindersson Nunes est\u00e1 internado em cl\u00ednica psiqui\u00e1trica em S\u00e3o Paulo | Reprodu\u00e7\u00e3o\\\/Instagram\"},{\"@type\":\"BreadcrumbList\",\"@id\":\"https:\\\/\\\/folhadoleste.com.br\\\/vasco-cede-sao-januario-para-whindersson-nunes\\\/#breadcrumb\",\"itemListElement\":[{\"@type\":\"ListItem\",\"position\":1,\"name\":\"In\u00edcio\",\"item\":\"https:\\\/\\\/folhadoleste.com.br\\\/\"},{\"@type\":\"ListItem\",\"position\":2,\"name\":\"Entretenimento, Artes e Cultura\",\"item\":\"https:\\\/\\\/folhadoleste.com.br\\\/category\\\/entretenimento-artes-e-cultura-destaque\\\/\"},{\"@type\":\"ListItem\",\"position\":3,\"name\":\"Celebridades\",\"item\":\"https:\\\/\\\/folhadoleste.com.br\\\/category\\\/entretenimento-artes-e-cultura-destaque\\\/celebridades\\\/\"},{\"@type\":\"ListItem\",\"position\":4,\"name\":\"Vasco cede S\u00e3o Janu\u00e1rio para Whindersson Nunes\"}]},{\"@type\":\"WebSite\",\"@id\":\"https:\\\/\\\/folhadoleste.com.br\\\/#website\",\"url\":\"https:\\\/\\\/folhadoleste.com.br\\\/\",\"name\":\"Folha do Leste\",\"description\":\"Portal de Not\u00edcias com \u00eanfase em Niter\u00f3i, criando conte\u00fados desde a capital Rio de Janeiro, com olhar para o Leste Fluminense e suas cidades como S\u00e3o Gon\u00e7alo, Itabora\u00ed, Rio Bonito, Maric\u00e1, Saquarema e Araruama\",\"publisher\":{\"@id\":\"https:\\\/\\\/folhadoleste.com.br\\\/#organization\"},\"alternateName\":\"FL\",\"potentialAction\":[{\"@type\":\"SearchAction\",\"target\":{\"@type\":\"EntryPoint\",\"urlTemplate\":\"https:\\\/\\\/folhadoleste.com.br\\\/?s={search_term_string}\"},\"query-input\":{\"@type\":\"PropertyValueSpecification\",\"valueRequired\":true,\"valueName\":\"search_term_string\"}}],\"inLanguage\":\"en-US\"},{\"@type\":\"Organization\",\"@id\":\"https:\\\/\\\/folhadoleste.com.br\\\/#organization\",\"name\":\"Brasil 21 Comunica\u00e7\u00e3o\",\"alternateName\":\"BR21\",\"url\":\"https:\\\/\\\/folhadoleste.com.br\\\/\",\"logo\":{\"@type\":\"ImageObject\",\"inLanguage\":\"en-US\",\"@id\":\"https:\\\/\\\/folhadoleste.com.br\\\/#\\\/schema\\\/logo\\\/image\\\/\",\"url\":\"https:\\\/\\\/folhadoleste.com.br\\\/wp-content\\\/uploads\\\/2025\\\/12\\\/brasil-21-logomarca.avif\",\"contentUrl\":\"https:\\\/\\\/folhadoleste.com.br\\\/wp-content\\\/uploads\\\/2025\\\/12\\\/brasil-21-logomarca.avif\",\"width\":1044,\"height\":1044,\"caption\":\"Brasil 21 Comunica\u00e7\u00e3o\"},\"image\":{\"@id\":\"https:\\\/\\\/folhadoleste.com.br\\\/#\\\/schema\\\/logo\\\/image\\\/\"},\"sameAs\":[\"https:\\\/\\\/www.facebook.com\\\/folhadoleste\",\"https:\\\/\\\/x.com\\\/FolhadoLesteRJ\",\"https:\\\/\\\/www.instagram.com\\\/folhadoleste\\\/\"]},{\"@type\":\"Person\",\"@id\":\"https:\\\/\\\/folhadoleste.com.br\\\/#\\\/schema\\\/person\\\/3e97145b2e1861276e84471aa85a3899\",\"name\":\"Folha do Leste\",\"image\":{\"@type\":\"ImageObject\",\"inLanguage\":\"en-US\",\"@id\":\"https:\\\/\\\/folhadoleste.com.br\\\/wp-content\\\/litespeed\\\/avatar\\\/1ca8c218432e7045e748610eb3db0259.jpg?ver=1777161142\",\"url\":\"https:\\\/\\\/folhadoleste.com.br\\\/wp-content\\\/litespeed\\\/avatar\\\/1ca8c218432e7045e748610eb3db0259.jpg?ver=1777161142\",\"contentUrl\":\"https:\\\/\\\/folhadoleste.com.br\\\/wp-content\\\/litespeed\\\/avatar\\\/1ca8c218432e7045e748610eb3db0259.jpg?ver=1777161142\",\"caption\":\"Folha do Leste\"},\"url\":\"https:\\\/\\\/folhadoleste.com.br\\\/en\\\/author\\\/reportagem-01\\\/\"}]}<\/script>\n<!-- \/ Yoast SEO plugin. -->","yoast_head_json":{"title":"Vasco cede S\u00e3o Janu\u00e1rio para Whindersson Nunes &#8226; Folha do Leste","description":"Vasco cede S\u00e3o Janu\u00e1rio para Whindersson Nunes. Vasco cede S\u00e3o Janu\u00e1rio para Whindersson Nunes fazer show beneficente para v\u00edtimas de chuvas.","robots":{"index":"index","follow":"follow","max-snippet":"max-snippet:-1","max-image-preview":"max-image-preview:large","max-video-preview":"max-video-preview:-1"},"canonical":"https:\/\/folhadoleste.com.br\/en\/vasco-cede-sao-januario-para-whindersson-nunes\/","og_locale":"en_US","og_type":"article","og_title":"Vasco cede S\u00e3o Janu\u00e1rio para Whindersson Nunes &#8226; Folha do Leste","og_description":"Celebridades &#8226; 5 de May de 2024 &#8226; Folha do Leste","og_url":"https:\/\/folhadoleste.com.br\/en\/vasco-cede-sao-januario-para-whindersson-nunes\/","og_site_name":"Folha do Leste","article_publisher":"https:\/\/www.facebook.com\/folhadoleste","article_published_time":"2024-05-05T16:03:54+00:00","og_image":[{"width":1200,"height":750,"url":"https:\/\/folhadoleste.com.br\/wp-content\/uploads\/2024\/05\/Vasco-cede-Sao-Januario-para-Whindersson-Nunes-Foto-Reproducao-Instagram.webp","type":"image\/webp"}],"author":"Folha do Leste","twitter_card":"summary_large_image","twitter_creator":"@FolhadoLesteRJ","twitter_site":"@FolhadoLesteRJ","twitter_misc":{"Written by":"Folha do Leste","Est. reading time":"2 minutes"},"schema":{"@context":"https:\/\/schema.org","@graph":[{"@type":"NewsArticle","@id":"https:\/\/folhadoleste.com.br\/vasco-cede-sao-januario-para-whindersson-nunes\/#article","isPartOf":{"@id":"https:\/\/folhadoleste.com.br\/vasco-cede-sao-januario-para-whindersson-nunes\/"},"author":{"name":"Folha do Leste","@id":"https:\/\/folhadoleste.com.br\/#\/schema\/person\/3e97145b2e1861276e84471aa85a3899"},"headline":"Vasco cede S\u00e3o Janu\u00e1rio para Whindersson Nunes","datePublished":"2024-05-05T16:03:54+00:00","mainEntityOfPage":{"@id":"https:\/\/folhadoleste.com.br\/vasco-cede-sao-januario-para-whindersson-nunes\/"},"wordCount":392,"commentCount":0,"publisher":{"@id":"https:\/\/folhadoleste.com.br\/#organization"},"image":{"@id":"https:\/\/folhadoleste.com.br\/vasco-cede-sao-januario-para-whindersson-nunes\/#primaryimage"},"thumbnailUrl":"https:\/\/folhadoleste.com.br\/wp-content\/uploads\/2024\/05\/Vasco-cede-Sao-Januario-para-Whindersson-Nunes-Foto-Reproducao-Instagram.webp","keywords":["Celebridades","chuvas","Conmebol","entretenimento","est\u00e1dio","futebol","Gr\u00eamio","Internacional","Rio Grande do Sul","S\u00e3o Janu\u00e1rio","show","show beneficente","solidariedade","Trag\u00e9dia","Vasco","Whindersson Nunes"],"articleSection":["Celebridades","Entretenimento, Artes e Cultura","Esportes"],"inLanguage":"en-US","potentialAction":[{"@type":"CommentAction","name":"Comment","target":["https:\/\/folhadoleste.com.br\/vasco-cede-sao-januario-para-whindersson-nunes\/#respond"]}]},{"@type":"WebPage","@id":"https:\/\/folhadoleste.com.br\/vasco-cede-sao-januario-para-whindersson-nunes\/","url":"https:\/\/folhadoleste.com.br\/vasco-cede-sao-januario-para-whindersson-nunes\/","name":"Vasco cede S\u00e3o Janu\u00e1rio para Whindersson Nunes &#8226; Folha do Leste","isPartOf":{"@id":"https:\/\/folhadoleste.com.br\/#website"},"primaryImageOfPage":{"@id":"https:\/\/folhadoleste.com.br\/vasco-cede-sao-januario-para-whindersson-nunes\/#primaryimage"},"image":{"@id":"https:\/\/folhadoleste.com.br\/vasco-cede-sao-januario-para-whindersson-nunes\/#primaryimage"},"thumbnailUrl":"https:\/\/folhadoleste.com.br\/wp-content\/uploads\/2024\/05\/Vasco-cede-Sao-Januario-para-Whindersson-Nunes-Foto-Reproducao-Instagram.webp","datePublished":"2024-05-05T16:03:54+00:00","description":"Vasco cede S\u00e3o Janu\u00e1rio para Whindersson Nunes. Vasco cede S\u00e3o Janu\u00e1rio para Whindersson Nunes fazer show beneficente para v\u00edtimas de chuvas.","breadcrumb":{"@id":"https:\/\/folhadoleste.com.br\/vasco-cede-sao-januario-para-whindersson-nunes\/#breadcrumb"},"inLanguage":"en-US","potentialAction":[{"@type":"ReadAction","target":["https:\/\/folhadoleste.com.br\/vasco-cede-sao-januario-para-whindersson-nunes\/"]}]},{"@type":"ImageObject","inLanguage":"en-US","@id":"https:\/\/folhadoleste.com.br\/vasco-cede-sao-januario-para-whindersson-nunes\/#primaryimage","url":"https:\/\/folhadoleste.com.br\/wp-content\/uploads\/2024\/05\/Vasco-cede-Sao-Januario-para-Whindersson-Nunes-Foto-Reproducao-Instagram.webp","contentUrl":"https:\/\/folhadoleste.com.br\/wp-content\/uploads\/2024\/05\/Vasco-cede-Sao-Januario-para-Whindersson-Nunes-Foto-Reproducao-Instagram.webp","width":1200,"height":750,"caption":"Whindersson Nunes est\u00e1 internado em cl\u00ednica psiqui\u00e1trica em S\u00e3o Paulo | Reprodu\u00e7\u00e3o\/Instagram"},{"@type":"BreadcrumbList","@id":"https:\/\/folhadoleste.com.br\/vasco-cede-sao-januario-para-whindersson-nunes\/#breadcrumb","itemListElement":[{"@type":"ListItem","position":1,"name":"In\u00edcio","item":"https:\/\/folhadoleste.com.br\/"},{"@type":"ListItem","position":2,"name":"Entretenimento, Artes e Cultura","item":"https:\/\/folhadoleste.com.br\/category\/entretenimento-artes-e-cultura-destaque\/"},{"@type":"ListItem","position":3,"name":"Celebridades","item":"https:\/\/folhadoleste.com.br\/category\/entretenimento-artes-e-cultura-destaque\/celebridades\/"},{"@type":"ListItem","position":4,"name":"Vasco cede S\u00e3o Janu\u00e1rio para Whindersson Nunes"}]},{"@type":"WebSite","@id":"https:\/\/folhadoleste.com.br\/#website","url":"https:\/\/folhadoleste.com.br\/","name":"Folha do Leste","description":"Portal de Not\u00edcias com \u00eanfase em Niter\u00f3i, criando conte\u00fados desde a capital Rio de Janeiro, com olhar para o Leste Fluminense e suas cidades como S\u00e3o Gon\u00e7alo, Itabora\u00ed, Rio Bonito, Maric\u00e1, Saquarema e Araruama","publisher":{"@id":"https:\/\/folhadoleste.com.br\/#organization"},"alternateName":"FL","potentialAction":[{"@type":"SearchAction","target":{"@type":"EntryPoint","urlTemplate":"https:\/\/folhadoleste.com.br\/?s={search_term_string}"},"query-input":{"@type":"PropertyValueSpecification","valueRequired":true,"valueName":"search_term_string"}}],"inLanguage":"en-US"},{"@type":"Organization","@id":"https:\/\/folhadoleste.com.br\/#organization","name":"Brasil 21 Comunica\u00e7\u00e3o","alternateName":"BR21","url":"https:\/\/folhadoleste.com.br\/","logo":{"@type":"ImageObject","inLanguage":"en-US","@id":"https:\/\/folhadoleste.com.br\/#\/schema\/logo\/image\/","url":"https:\/\/folhadoleste.com.br\/wp-content\/uploads\/2025\/12\/brasil-21-logomarca.avif","contentUrl":"https:\/\/folhadoleste.com.br\/wp-content\/uploads\/2025\/12\/brasil-21-logomarca.avif","width":1044,"height":1044,"caption":"Brasil 21 Comunica\u00e7\u00e3o"},"image":{"@id":"https:\/\/folhadoleste.com.br\/#\/schema\/logo\/image\/"},"sameAs":["https:\/\/www.facebook.com\/folhadoleste","https:\/\/x.com\/FolhadoLesteRJ","https:\/\/www.instagram.com\/folhadoleste\/"]},{"@type":"Person","@id":"https:\/\/folhadoleste.com.br\/#\/schema\/person\/3e97145b2e1861276e84471aa85a3899","name":"Folha do Leste","image":{"@type":"ImageObject","inLanguage":"en-US","@id":"https:\/\/folhadoleste.com.br\/wp-content\/litespeed\/avatar\/1ca8c218432e7045e748610eb3db0259.jpg?ver=1777161142","url":"https:\/\/folhadoleste.com.br\/wp-content\/litespeed\/avatar\/1ca8c218432e7045e748610eb3db0259.jpg?ver=1777161142","contentUrl":"https:\/\/folhadoleste.com.br\/wp-content\/litespeed\/avatar\/1ca8c218432e7045e748610eb3db0259.jpg?ver=1777161142","caption":"Folha do Leste"},"url":"https:\/\/folhadoleste.com.br\/en\/author\/reportagem-01\/"}]}},"_links":{"self":[{"href":"https:\/\/folhadoleste.com.br\/en\/wp-json\/wp\/v2\/posts\/64249","targetHints":{"allow":["GET"]}}],"collection":[{"href":"https:\/\/folhadoleste.com.br\/en\/wp-json\/wp\/v2\/posts"}],"about":[{"href":"https:\/\/folhadoleste.com.br\/en\/wp-json\/wp\/v2\/types\/post"}],"author":[{"embeddable":true,"href":"https:\/\/folhadoleste.com.br\/en\/wp-json\/wp\/v2\/users\/4"}],"replies":[{"embeddable":true,"href":"https:\/\/folhadoleste.com.br\/en\/wp-json\/wp\/v2\/comments?post=64249"}],"version-history":[{"count":1,"href":"https:\/\/folhadoleste.com.br\/en\/wp-json\/wp\/v2\/posts\/64249\/revisions"}],"predecessor-version":[{"id":64252,"href":"https:\/\/folhadoleste.com.br\/en\/wp-json\/wp\/v2\/posts\/64249\/revisions\/64252"}],"wp:featuredmedia":[{"embeddable":true,"href":"https:\/\/folhadoleste.com.br\/en\/wp-json\/wp\/v2\/media\/64251"}],"wp:attachment":[{"href":"https:\/\/folhadoleste.com.br\/en\/wp-json\/wp\/v2\/media?parent=64249"}],"wp:term":[{"taxonomy":"category","embeddable":true,"href":"https:\/\/folhadoleste.com.br\/en\/wp-json\/wp\/v2\/categories?post=64249"},{"taxonomy":"post_tag","embeddable":true,"href":"https:\/\/folhadoleste.com.br\/en\/wp-json\/wp\/v2\/tags?post=64249"}],"curies":[{"name":"wp","href":"https:\/\/api.w.org\/{rel}","templated":true}]}}