{"id":63988,"date":"2024-05-03T14:08:37","date_gmt":"2024-05-03T17:08:37","guid":{"rendered":"https:\/\/folhadoleste.com.br\/?p=63988"},"modified":"2024-05-03T14:08:37","modified_gmt":"2024-05-03T17:08:37","slug":"marcelo-retorna-de-madri-e-esta-a-disposicao-do-fluminense","status":"publish","type":"post","link":"https:\/\/folhadoleste.com.br\/en\/marcelo-retorna-de-madri-e-esta-a-disposicao-do-fluminense\/","title":{"rendered":"Marcelo retorna de Madri e est\u00e1 a disposi\u00e7\u00e3o do Fluminense"},"content":{"rendered":"<div id=\"attachment_63990\" style=\"width: 1210px\" class=\"wp-caption aligncenter\"><img decoding=\"async\" aria-describedby=\"caption-attachment-63990\" class=\"size-full wp-image-63990\" src=\"https:\/\/folhadoleste.com.br\/wp-content\/uploads\/2024\/05\/Marcelo-retorna-de-Madri-e-esta-a-disposicao-do-Fluminense-Foto-Reproducao-X.webp\" alt=\"Marcelo retorna de Madri e est\u00e1 a disposi\u00e7\u00e3o do Fluminense\" width=\"1200\" height=\"750\" \/><p id=\"caption-attachment-63990\" class=\"wp-caption-text\">Foto: Reprodu\u00e7\u00e3o &#8211; X<\/p><\/div>\n<p data-sourcepos=\"3:1-3:344\">Ap\u00f3s ser poupado do jogo contra o Sampaio Corr\u00eaa pela Copa do Brasil, o lateral-esquerdo Marcelo se reapresentou ao Fluminense nesta sexta-feira (3) e est\u00e1 \u00e0 disposi\u00e7\u00e3o do t\u00e9cnico Fernando Diniz para o confronto contra o Atl\u00e9tico-MG neste s\u00e1bado (04), \u00e0s 16h (de Bras\u00edlia), no Est\u00e1dio Kleber Andrade, em Cariacica, pela 5\u00aa rodada do Brasileir\u00e3o.<\/p>\n<p data-sourcepos=\"7:1-7:389\">O lateral aproveitou a folga para viajar \u00e0 Madri, na Espanha, para acompanhar o filho Enzo, de 15 anos, na assinatura do novo contrato com o Real Madrid.<\/p>\n<h5 data-sourcepos=\"7:1-7:169\">\u25ba<a href=\"https:\/\/folhadoleste.com.br\/en\/category\/esportes\/\"><strong>Leia mais not\u00edcias sobre Esportes Aqui<\/strong><\/a><\/h5>\n<p data-sourcepos=\"7:1-7:389\">Enzo, primog\u00eanito do craque tricolor, atua na categoria de base do gigante espanhol e se destaca no time Cadete B, com 17 gols na temporada. Recentemente, ele foi decisivo para a conquista de um t\u00edtulo pela Espanha na categoria sub-15.<\/p>\n<p data-sourcepos=\"11:1-11:300\">Marcelo desembarcou em Vit\u00f3ria, no Esp\u00edrito Santo, na manh\u00e3 desta sexta-feira e participou da atividade no Est\u00e1dio Kleber Andrade. Assim, o Fluminense finalizou a prepara\u00e7\u00e3o para o duelo contra o Atl\u00e9tico-MG. A tend\u00eancia \u00e9 que o lateral retorne ao time titular ap\u00f3s ser poupado contra o Sampaio Corr\u00eaa.<\/p>\n<p data-sourcepos=\"11:1-11:300\">\n<p data-sourcepos=\"11:1-11:300\"><a href=\"https:\/\/www.instagram.com\/folhadoleste\/\"><img decoding=\"async\" class=\"aligncenter wp-image-15962\" src=\"https:\/\/folhadoleste.com.br\/wp-content\/uploads\/2023\/07\/instagram.jpg.webp\" alt=\"Itaipu-Itaipua\u00e7u: Caminh\u00e3o causa grave acidente na RJ-102, a estrada da Serrinha\" width=\"49\" height=\"49\" \/><\/a><a href=\"https:\/\/www.facebook.com\/folhadoleste\"><img decoding=\"async\" class=\"aligncenter wp-image-7424\" src=\"https:\/\/folhadoleste.com.br\/wp-content\/uploads\/2023\/05\/facebook-logo-3-1.png.webp\" alt=\"Itaipu-Itaipua\u00e7u: Caminh\u00e3o causa grave acidente na RJ-102, a estrada da Serrinha\" width=\"49\" height=\"49\" \/><\/a><\/p>","protected":false},"excerpt":{"rendered":"<p>Ap\u00f3s ser poupado do jogo contra o Sampaio Corr\u00eaa pela Copa do Brasil, o lateral-esquerdo Marcelo se reapresentou ao Fluminense nesta sexta-feira (3) e est\u00e1 \u00e0 disposi\u00e7\u00e3o do t\u00e9cnico Fernando Diniz para o confronto contra o Atl\u00e9tico-MG neste s\u00e1bado (04), \u00e0s 16h (de Bras\u00edlia), no Est\u00e1dio Kleber Andrade, em Cariacica, pela 5\u00aa rodada do Brasileir\u00e3o. O lateral aproveitou a folga para viajar \u00e0 Madri, na Espanha, para acompanhar o filho Enzo, de 15 anos, na assinatura do novo contrato com o Real Madrid. \u25baLeia mais not\u00edcias sobre Esportes Aqui Enzo, primog\u00eanito do craque tricolor, atua na categoria de base do [&hellip;]<\/p>\n","protected":false},"author":4,"featured_media":63990,"comment_status":"open","ping_status":"open","sticky":false,"template":"","format":"standard","meta":{"footnotes":""},"categories":[48,65],"tags":[544,548,25130,4277,105,4553,5831,101,18359,3914,25129,2030,564],"class_list":["post-63988","post","type-post","status-publish","format-standard","has-post-thumbnail","hentry","category-esportes","category-futebol-esportes","tag-atletico-mg","tag-copa-do-brasil","tag-enzo","tag-espanha","tag-esportes","tag-fernando-diniz","tag-filho","tag-futebol","tag-madri","tag-marcelo","tag-poupado","tag-sampaio-correa","tag-viagem","post--single"],"yoast_head":"<!-- This site is optimized with the Yoast SEO plugin v27.4 - https:\/\/yoast.com\/product\/yoast-seo-wordpress\/ -->\n<title>Marcelo retorna de Madri e est\u00e1 a disposi\u00e7\u00e3o do Fluminense &#8226; Folha do Leste<\/title>\n<meta name=\"robots\" content=\"index, follow, max-snippet:-1, max-image-preview:large, max-video-preview:-1\" \/>\n<link rel=\"canonical\" href=\"https:\/\/folhadoleste.com.br\/en\/marcelo-retorna-de-madri-e-esta-a-disposicao-do-fluminense\/\" \/>\n<meta property=\"og:locale\" content=\"en_US\" \/>\n<meta property=\"og:type\" content=\"article\" \/>\n<meta property=\"og:title\" content=\"Marcelo retorna de Madri e est\u00e1 a disposi\u00e7\u00e3o do Fluminense &#8226; Folha do Leste\" \/>\n<meta property=\"og:description\" content=\"Futebol &#8226; 3 de May de 2024 &#8226; Folha do Leste\" \/>\n<meta property=\"og:url\" content=\"https:\/\/folhadoleste.com.br\/en\/marcelo-retorna-de-madri-e-esta-a-disposicao-do-fluminense\/\" \/>\n<meta property=\"og:site_name\" content=\"Folha do Leste\" \/>\n<meta property=\"article:publisher\" content=\"https:\/\/www.facebook.com\/folhadoleste\" \/>\n<meta property=\"article:published_time\" content=\"2024-05-03T17:08:37+00:00\" \/>\n<meta property=\"og:image\" content=\"https:\/\/folhadoleste.com.br\/wp-content\/uploads\/2024\/05\/Marcelo-retorna-de-Madri-e-esta-a-disposicao-do-Fluminense-Foto-Reproducao-X.webp\" \/>\n\t<meta property=\"og:image:width\" content=\"1200\" \/>\n\t<meta property=\"og:image:height\" content=\"750\" \/>\n\t<meta property=\"og:image:type\" content=\"image\/webp\" \/>\n<meta name=\"author\" content=\"Folha do Leste\" \/>\n<meta name=\"twitter:card\" content=\"summary_large_image\" \/>\n<meta name=\"twitter:creator\" content=\"@FolhadoLesteRJ\" \/>\n<meta name=\"twitter:site\" content=\"@FolhadoLesteRJ\" \/>\n<meta name=\"twitter:label1\" content=\"Written by\" \/>\n\t<meta name=\"twitter:data1\" content=\"Folha do Leste\" \/>\n\t<meta name=\"twitter:label2\" content=\"Est. reading time\" \/>\n\t<meta name=\"twitter:data2\" content=\"2 minutes\" \/>\n<script type=\"application\/ld+json\" class=\"yoast-schema-graph\">{\"@context\":\"https:\\\/\\\/schema.org\",\"@graph\":[{\"@type\":\"NewsArticle\",\"@id\":\"https:\\\/\\\/folhadoleste.com.br\\\/marcelo-retorna-de-madri-e-esta-a-disposicao-do-fluminense\\\/#article\",\"isPartOf\":{\"@id\":\"https:\\\/\\\/folhadoleste.com.br\\\/marcelo-retorna-de-madri-e-esta-a-disposicao-do-fluminense\\\/\"},\"author\":{\"name\":\"Folha do Leste\",\"@id\":\"https:\\\/\\\/folhadoleste.com.br\\\/#\\\/schema\\\/person\\\/3e97145b2e1861276e84471aa85a3899\"},\"headline\":\"Marcelo retorna de Madri e est\u00e1 a disposi\u00e7\u00e3o do Fluminense\",\"datePublished\":\"2024-05-03T17:08:37+00:00\",\"mainEntityOfPage\":{\"@id\":\"https:\\\/\\\/folhadoleste.com.br\\\/marcelo-retorna-de-madri-e-esta-a-disposicao-do-fluminense\\\/\"},\"wordCount\":212,\"commentCount\":0,\"publisher\":{\"@id\":\"https:\\\/\\\/folhadoleste.com.br\\\/#organization\"},\"image\":{\"@id\":\"https:\\\/\\\/folhadoleste.com.br\\\/marcelo-retorna-de-madri-e-esta-a-disposicao-do-fluminense\\\/#primaryimage\"},\"thumbnailUrl\":\"https:\\\/\\\/folhadoleste.com.br\\\/wp-content\\\/uploads\\\/2024\\\/05\\\/Marcelo-retorna-de-Madri-e-esta-a-disposicao-do-Fluminense-Foto-Reproducao-X.webp\",\"keywords\":[\"Atl\u00e9tico (MG)\",\"Copa do Brasil\",\"Enzo\",\"Espanha\",\"Esportes\",\"Fernando Diniz\",\"filho\",\"futebol\",\"Madri\",\"Marcelo\",\"Poupado\",\"Sampaio Corr\u00eaa\",\"viagem\"],\"articleSection\":[\"Esportes\",\"Futebol\"],\"inLanguage\":\"en-US\",\"potentialAction\":[{\"@type\":\"CommentAction\",\"name\":\"Comment\",\"target\":[\"https:\\\/\\\/folhadoleste.com.br\\\/marcelo-retorna-de-madri-e-esta-a-disposicao-do-fluminense\\\/#respond\"]}]},{\"@type\":\"WebPage\",\"@id\":\"https:\\\/\\\/folhadoleste.com.br\\\/marcelo-retorna-de-madri-e-esta-a-disposicao-do-fluminense\\\/\",\"url\":\"https:\\\/\\\/folhadoleste.com.br\\\/marcelo-retorna-de-madri-e-esta-a-disposicao-do-fluminense\\\/\",\"name\":\"Marcelo retorna de Madri e est\u00e1 a disposi\u00e7\u00e3o do Fluminense &#8226; Folha do Leste\",\"isPartOf\":{\"@id\":\"https:\\\/\\\/folhadoleste.com.br\\\/#website\"},\"primaryImageOfPage\":{\"@id\":\"https:\\\/\\\/folhadoleste.com.br\\\/marcelo-retorna-de-madri-e-esta-a-disposicao-do-fluminense\\\/#primaryimage\"},\"image\":{\"@id\":\"https:\\\/\\\/folhadoleste.com.br\\\/marcelo-retorna-de-madri-e-esta-a-disposicao-do-fluminense\\\/#primaryimage\"},\"thumbnailUrl\":\"https:\\\/\\\/folhadoleste.com.br\\\/wp-content\\\/uploads\\\/2024\\\/05\\\/Marcelo-retorna-de-Madri-e-esta-a-disposicao-do-Fluminense-Foto-Reproducao-X.webp\",\"datePublished\":\"2024-05-03T17:08:37+00:00\",\"breadcrumb\":{\"@id\":\"https:\\\/\\\/folhadoleste.com.br\\\/marcelo-retorna-de-madri-e-esta-a-disposicao-do-fluminense\\\/#breadcrumb\"},\"inLanguage\":\"en-US\",\"potentialAction\":[{\"@type\":\"ReadAction\",\"target\":[\"https:\\\/\\\/folhadoleste.com.br\\\/marcelo-retorna-de-madri-e-esta-a-disposicao-do-fluminense\\\/\"]}]},{\"@type\":\"ImageObject\",\"inLanguage\":\"en-US\",\"@id\":\"https:\\\/\\\/folhadoleste.com.br\\\/marcelo-retorna-de-madri-e-esta-a-disposicao-do-fluminense\\\/#primaryimage\",\"url\":\"https:\\\/\\\/folhadoleste.com.br\\\/wp-content\\\/uploads\\\/2024\\\/05\\\/Marcelo-retorna-de-Madri-e-esta-a-disposicao-do-Fluminense-Foto-Reproducao-X.webp\",\"contentUrl\":\"https:\\\/\\\/folhadoleste.com.br\\\/wp-content\\\/uploads\\\/2024\\\/05\\\/Marcelo-retorna-de-Madri-e-esta-a-disposicao-do-Fluminense-Foto-Reproducao-X.webp\",\"width\":1200,\"height\":750,\"caption\":\"Foto: Reprodu\u00e7\u00e3o - X\"},{\"@type\":\"BreadcrumbList\",\"@id\":\"https:\\\/\\\/folhadoleste.com.br\\\/marcelo-retorna-de-madri-e-esta-a-disposicao-do-fluminense\\\/#breadcrumb\",\"itemListElement\":[{\"@type\":\"ListItem\",\"position\":1,\"name\":\"In\u00edcio\",\"item\":\"https:\\\/\\\/folhadoleste.com.br\\\/\"},{\"@type\":\"ListItem\",\"position\":2,\"name\":\"Esportes\",\"item\":\"https:\\\/\\\/folhadoleste.com.br\\\/category\\\/esportes\\\/\"},{\"@type\":\"ListItem\",\"position\":3,\"name\":\"Futebol\",\"item\":\"https:\\\/\\\/folhadoleste.com.br\\\/category\\\/esportes\\\/futebol-esportes\\\/\"},{\"@type\":\"ListItem\",\"position\":4,\"name\":\"Marcelo retorna de Madri e est\u00e1 a disposi\u00e7\u00e3o do Fluminense\"}]},{\"@type\":\"WebSite\",\"@id\":\"https:\\\/\\\/folhadoleste.com.br\\\/#website\",\"url\":\"https:\\\/\\\/folhadoleste.com.br\\\/\",\"name\":\"Folha do Leste\",\"description\":\"Portal de Not\u00edcias com \u00eanfase em Niter\u00f3i, criando conte\u00fados desde a capital Rio de Janeiro, com olhar para o Leste Fluminense e suas cidades como S\u00e3o Gon\u00e7alo, Itabora\u00ed, Rio Bonito, Maric\u00e1, Saquarema e Araruama\",\"publisher\":{\"@id\":\"https:\\\/\\\/folhadoleste.com.br\\\/#organization\"},\"alternateName\":\"FL\",\"potentialAction\":[{\"@type\":\"SearchAction\",\"target\":{\"@type\":\"EntryPoint\",\"urlTemplate\":\"https:\\\/\\\/folhadoleste.com.br\\\/?s={search_term_string}\"},\"query-input\":{\"@type\":\"PropertyValueSpecification\",\"valueRequired\":true,\"valueName\":\"search_term_string\"}}],\"inLanguage\":\"en-US\"},{\"@type\":\"Organization\",\"@id\":\"https:\\\/\\\/folhadoleste.com.br\\\/#organization\",\"name\":\"Brasil 21 Comunica\u00e7\u00e3o\",\"alternateName\":\"BR21\",\"url\":\"https:\\\/\\\/folhadoleste.com.br\\\/\",\"logo\":{\"@type\":\"ImageObject\",\"inLanguage\":\"en-US\",\"@id\":\"https:\\\/\\\/folhadoleste.com.br\\\/#\\\/schema\\\/logo\\\/image\\\/\",\"url\":\"https:\\\/\\\/folhadoleste.com.br\\\/wp-content\\\/uploads\\\/2025\\\/12\\\/brasil-21-logomarca.avif\",\"contentUrl\":\"https:\\\/\\\/folhadoleste.com.br\\\/wp-content\\\/uploads\\\/2025\\\/12\\\/brasil-21-logomarca.avif\",\"width\":1044,\"height\":1044,\"caption\":\"Brasil 21 Comunica\u00e7\u00e3o\"},\"image\":{\"@id\":\"https:\\\/\\\/folhadoleste.com.br\\\/#\\\/schema\\\/logo\\\/image\\\/\"},\"sameAs\":[\"https:\\\/\\\/www.facebook.com\\\/folhadoleste\",\"https:\\\/\\\/x.com\\\/FolhadoLesteRJ\",\"https:\\\/\\\/www.instagram.com\\\/folhadoleste\\\/\"]},{\"@type\":\"Person\",\"@id\":\"https:\\\/\\\/folhadoleste.com.br\\\/#\\\/schema\\\/person\\\/3e97145b2e1861276e84471aa85a3899\",\"name\":\"Folha do Leste\",\"image\":{\"@type\":\"ImageObject\",\"inLanguage\":\"en-US\",\"@id\":\"https:\\\/\\\/folhadoleste.com.br\\\/wp-content\\\/litespeed\\\/avatar\\\/1ca8c218432e7045e748610eb3db0259.jpg?ver=1777161142\",\"url\":\"https:\\\/\\\/folhadoleste.com.br\\\/wp-content\\\/litespeed\\\/avatar\\\/1ca8c218432e7045e748610eb3db0259.jpg?ver=1777161142\",\"contentUrl\":\"https:\\\/\\\/folhadoleste.com.br\\\/wp-content\\\/litespeed\\\/avatar\\\/1ca8c218432e7045e748610eb3db0259.jpg?ver=1777161142\",\"caption\":\"Folha do Leste\"},\"url\":\"https:\\\/\\\/folhadoleste.com.br\\\/en\\\/author\\\/reportagem-01\\\/\"}]}<\/script>\n<!-- \/ Yoast SEO plugin. -->","yoast_head_json":{"title":"Marcelo retorna de Madri e est\u00e1 a disposi\u00e7\u00e3o do Fluminense &#8226; Folha do Leste","robots":{"index":"index","follow":"follow","max-snippet":"max-snippet:-1","max-image-preview":"max-image-preview:large","max-video-preview":"max-video-preview:-1"},"canonical":"https:\/\/folhadoleste.com.br\/en\/marcelo-retorna-de-madri-e-esta-a-disposicao-do-fluminense\/","og_locale":"en_US","og_type":"article","og_title":"Marcelo retorna de Madri e est\u00e1 a disposi\u00e7\u00e3o do Fluminense &#8226; Folha do Leste","og_description":"Futebol &#8226; 3 de May de 2024 &#8226; Folha do Leste","og_url":"https:\/\/folhadoleste.com.br\/en\/marcelo-retorna-de-madri-e-esta-a-disposicao-do-fluminense\/","og_site_name":"Folha do Leste","article_publisher":"https:\/\/www.facebook.com\/folhadoleste","article_published_time":"2024-05-03T17:08:37+00:00","og_image":[{"width":1200,"height":750,"url":"https:\/\/folhadoleste.com.br\/wp-content\/uploads\/2024\/05\/Marcelo-retorna-de-Madri-e-esta-a-disposicao-do-Fluminense-Foto-Reproducao-X.webp","type":"image\/webp"}],"author":"Folha do Leste","twitter_card":"summary_large_image","twitter_creator":"@FolhadoLesteRJ","twitter_site":"@FolhadoLesteRJ","twitter_misc":{"Written by":"Folha do Leste","Est. reading time":"2 minutes"},"schema":{"@context":"https:\/\/schema.org","@graph":[{"@type":"NewsArticle","@id":"https:\/\/folhadoleste.com.br\/marcelo-retorna-de-madri-e-esta-a-disposicao-do-fluminense\/#article","isPartOf":{"@id":"https:\/\/folhadoleste.com.br\/marcelo-retorna-de-madri-e-esta-a-disposicao-do-fluminense\/"},"author":{"name":"Folha do Leste","@id":"https:\/\/folhadoleste.com.br\/#\/schema\/person\/3e97145b2e1861276e84471aa85a3899"},"headline":"Marcelo retorna de Madri e est\u00e1 a disposi\u00e7\u00e3o do Fluminense","datePublished":"2024-05-03T17:08:37+00:00","mainEntityOfPage":{"@id":"https:\/\/folhadoleste.com.br\/marcelo-retorna-de-madri-e-esta-a-disposicao-do-fluminense\/"},"wordCount":212,"commentCount":0,"publisher":{"@id":"https:\/\/folhadoleste.com.br\/#organization"},"image":{"@id":"https:\/\/folhadoleste.com.br\/marcelo-retorna-de-madri-e-esta-a-disposicao-do-fluminense\/#primaryimage"},"thumbnailUrl":"https:\/\/folhadoleste.com.br\/wp-content\/uploads\/2024\/05\/Marcelo-retorna-de-Madri-e-esta-a-disposicao-do-Fluminense-Foto-Reproducao-X.webp","keywords":["Atl\u00e9tico (MG)","Copa do Brasil","Enzo","Espanha","Esportes","Fernando Diniz","filho","futebol","Madri","Marcelo","Poupado","Sampaio Corr\u00eaa","viagem"],"articleSection":["Esportes","Futebol"],"inLanguage":"en-US","potentialAction":[{"@type":"CommentAction","name":"Comment","target":["https:\/\/folhadoleste.com.br\/marcelo-retorna-de-madri-e-esta-a-disposicao-do-fluminense\/#respond"]}]},{"@type":"WebPage","@id":"https:\/\/folhadoleste.com.br\/marcelo-retorna-de-madri-e-esta-a-disposicao-do-fluminense\/","url":"https:\/\/folhadoleste.com.br\/marcelo-retorna-de-madri-e-esta-a-disposicao-do-fluminense\/","name":"Marcelo retorna de Madri e est\u00e1 a disposi\u00e7\u00e3o do Fluminense &#8226; Folha do Leste","isPartOf":{"@id":"https:\/\/folhadoleste.com.br\/#website"},"primaryImageOfPage":{"@id":"https:\/\/folhadoleste.com.br\/marcelo-retorna-de-madri-e-esta-a-disposicao-do-fluminense\/#primaryimage"},"image":{"@id":"https:\/\/folhadoleste.com.br\/marcelo-retorna-de-madri-e-esta-a-disposicao-do-fluminense\/#primaryimage"},"thumbnailUrl":"https:\/\/folhadoleste.com.br\/wp-content\/uploads\/2024\/05\/Marcelo-retorna-de-Madri-e-esta-a-disposicao-do-Fluminense-Foto-Reproducao-X.webp","datePublished":"2024-05-03T17:08:37+00:00","breadcrumb":{"@id":"https:\/\/folhadoleste.com.br\/marcelo-retorna-de-madri-e-esta-a-disposicao-do-fluminense\/#breadcrumb"},"inLanguage":"en-US","potentialAction":[{"@type":"ReadAction","target":["https:\/\/folhadoleste.com.br\/marcelo-retorna-de-madri-e-esta-a-disposicao-do-fluminense\/"]}]},{"@type":"ImageObject","inLanguage":"en-US","@id":"https:\/\/folhadoleste.com.br\/marcelo-retorna-de-madri-e-esta-a-disposicao-do-fluminense\/#primaryimage","url":"https:\/\/folhadoleste.com.br\/wp-content\/uploads\/2024\/05\/Marcelo-retorna-de-Madri-e-esta-a-disposicao-do-Fluminense-Foto-Reproducao-X.webp","contentUrl":"https:\/\/folhadoleste.com.br\/wp-content\/uploads\/2024\/05\/Marcelo-retorna-de-Madri-e-esta-a-disposicao-do-Fluminense-Foto-Reproducao-X.webp","width":1200,"height":750,"caption":"Foto: Reprodu\u00e7\u00e3o - X"},{"@type":"BreadcrumbList","@id":"https:\/\/folhadoleste.com.br\/marcelo-retorna-de-madri-e-esta-a-disposicao-do-fluminense\/#breadcrumb","itemListElement":[{"@type":"ListItem","position":1,"name":"In\u00edcio","item":"https:\/\/folhadoleste.com.br\/"},{"@type":"ListItem","position":2,"name":"Esportes","item":"https:\/\/folhadoleste.com.br\/category\/esportes\/"},{"@type":"ListItem","position":3,"name":"Futebol","item":"https:\/\/folhadoleste.com.br\/category\/esportes\/futebol-esportes\/"},{"@type":"ListItem","position":4,"name":"Marcelo retorna de Madri e est\u00e1 a disposi\u00e7\u00e3o do Fluminense"}]},{"@type":"WebSite","@id":"https:\/\/folhadoleste.com.br\/#website","url":"https:\/\/folhadoleste.com.br\/","name":"Folha do Leste","description":"Portal de Not\u00edcias com \u00eanfase em Niter\u00f3i, criando conte\u00fados desde a capital Rio de Janeiro, com olhar para o Leste Fluminense e suas cidades como S\u00e3o Gon\u00e7alo, Itabora\u00ed, Rio Bonito, Maric\u00e1, Saquarema e Araruama","publisher":{"@id":"https:\/\/folhadoleste.com.br\/#organization"},"alternateName":"FL","potentialAction":[{"@type":"SearchAction","target":{"@type":"EntryPoint","urlTemplate":"https:\/\/folhadoleste.com.br\/?s={search_term_string}"},"query-input":{"@type":"PropertyValueSpecification","valueRequired":true,"valueName":"search_term_string"}}],"inLanguage":"en-US"},{"@type":"Organization","@id":"https:\/\/folhadoleste.com.br\/#organization","name":"Brasil 21 Comunica\u00e7\u00e3o","alternateName":"BR21","url":"https:\/\/folhadoleste.com.br\/","logo":{"@type":"ImageObject","inLanguage":"en-US","@id":"https:\/\/folhadoleste.com.br\/#\/schema\/logo\/image\/","url":"https:\/\/folhadoleste.com.br\/wp-content\/uploads\/2025\/12\/brasil-21-logomarca.avif","contentUrl":"https:\/\/folhadoleste.com.br\/wp-content\/uploads\/2025\/12\/brasil-21-logomarca.avif","width":1044,"height":1044,"caption":"Brasil 21 Comunica\u00e7\u00e3o"},"image":{"@id":"https:\/\/folhadoleste.com.br\/#\/schema\/logo\/image\/"},"sameAs":["https:\/\/www.facebook.com\/folhadoleste","https:\/\/x.com\/FolhadoLesteRJ","https:\/\/www.instagram.com\/folhadoleste\/"]},{"@type":"Person","@id":"https:\/\/folhadoleste.com.br\/#\/schema\/person\/3e97145b2e1861276e84471aa85a3899","name":"Folha do Leste","image":{"@type":"ImageObject","inLanguage":"en-US","@id":"https:\/\/folhadoleste.com.br\/wp-content\/litespeed\/avatar\/1ca8c218432e7045e748610eb3db0259.jpg?ver=1777161142","url":"https:\/\/folhadoleste.com.br\/wp-content\/litespeed\/avatar\/1ca8c218432e7045e748610eb3db0259.jpg?ver=1777161142","contentUrl":"https:\/\/folhadoleste.com.br\/wp-content\/litespeed\/avatar\/1ca8c218432e7045e748610eb3db0259.jpg?ver=1777161142","caption":"Folha do Leste"},"url":"https:\/\/folhadoleste.com.br\/en\/author\/reportagem-01\/"}]}},"_links":{"self":[{"href":"https:\/\/folhadoleste.com.br\/en\/wp-json\/wp\/v2\/posts\/63988","targetHints":{"allow":["GET"]}}],"collection":[{"href":"https:\/\/folhadoleste.com.br\/en\/wp-json\/wp\/v2\/posts"}],"about":[{"href":"https:\/\/folhadoleste.com.br\/en\/wp-json\/wp\/v2\/types\/post"}],"author":[{"embeddable":true,"href":"https:\/\/folhadoleste.com.br\/en\/wp-json\/wp\/v2\/users\/4"}],"replies":[{"embeddable":true,"href":"https:\/\/folhadoleste.com.br\/en\/wp-json\/wp\/v2\/comments?post=63988"}],"version-history":[{"count":1,"href":"https:\/\/folhadoleste.com.br\/en\/wp-json\/wp\/v2\/posts\/63988\/revisions"}],"predecessor-version":[{"id":63991,"href":"https:\/\/folhadoleste.com.br\/en\/wp-json\/wp\/v2\/posts\/63988\/revisions\/63991"}],"wp:featuredmedia":[{"embeddable":true,"href":"https:\/\/folhadoleste.com.br\/en\/wp-json\/wp\/v2\/media\/63990"}],"wp:attachment":[{"href":"https:\/\/folhadoleste.com.br\/en\/wp-json\/wp\/v2\/media?parent=63988"}],"wp:term":[{"taxonomy":"category","embeddable":true,"href":"https:\/\/folhadoleste.com.br\/en\/wp-json\/wp\/v2\/categories?post=63988"},{"taxonomy":"post_tag","embeddable":true,"href":"https:\/\/folhadoleste.com.br\/en\/wp-json\/wp\/v2\/tags?post=63988"}],"curies":[{"name":"wp","href":"https:\/\/api.w.org\/{rel}","templated":true}]}}