{"id":62843,"date":"2024-04-25T22:00:15","date_gmt":"2024-04-26T01:00:15","guid":{"rendered":"https:\/\/folhadoleste.com.br\/?p=62843"},"modified":"2024-04-25T22:02:42","modified_gmt":"2024-04-26T01:02:42","slug":"estado-do-rio-anuncia-contratacao-imediata-de-47-mil-professores","status":"publish","type":"post","link":"https:\/\/folhadoleste.com.br\/en\/estado-do-rio-anuncia-contratacao-imediata-de-47-mil-professores\/","title":{"rendered":"Estado do Rio anuncia contrata\u00e7\u00e3o imediata de 4,7 mil professores"},"content":{"rendered":"<div id=\"attachment_62845\" style=\"width: 1290px\" class=\"wp-caption aligncenter\"><img decoding=\"async\" aria-describedby=\"caption-attachment-62845\" class=\"wp-image-62845 size-full\" src=\"https:\/\/folhadoleste.com.br\/wp-content\/uploads\/2024\/04\/Estado-do-Rio-anuncia-contratacao-de-47-mil-professores.jpeg\" alt=\"Estado do Rio anuncia contrata\u00e7\u00e3o imediata de 4,7 mil professores\" width=\"1280\" height=\"853\" \/><p id=\"caption-attachment-62845\" class=\"wp-caption-text\">Estado do Rio anuncia contrata\u00e7\u00e3o imediata de 4,7 mil professores | Divulga\u00e7\u00e3o<\/p><\/div>\n<p style=\"text-align: justify;\" data-sourcepos=\"3:1-3:388\">O Governo do Estado do Rio de Janeiro recebeu autoriza\u00e7\u00e3o da Assembleia Legislativa do Estado (Alerj) para contratar at\u00e9 15 mil professores. Com isso, pretende suprir necessidades tempor\u00e1rias na rede estadual de ensino. A modalidade de contrata\u00e7\u00e3o obedecer\u00e1 ao regime de tempo determinado. Desse modo, n\u00e3o h\u00e1 necessidade da realiza\u00e7\u00e3o de concurso p\u00fablico.<\/p>\n<h4 data-sourcepos=\"5:1-5:37\"><strong>Sele\u00e7\u00e3o imediata para 4.700 vagas<\/strong><\/h4>\n<p style=\"text-align: justify;\" data-sourcepos=\"7:1-7:192\">Como parte do plano de refor\u00e7o imediato, a Secretaria de Estado de Educa\u00e7\u00e3o (Seeduc) realizar\u00e1 processo seletivo para 4.700 professores. As inscri\u00e7\u00f5es ser\u00e3o abertas em breve no site da Seeduc. A medida visa reduzir a car\u00eancia de profissionais em sala de aula e garantir a qualidade da educa\u00e7\u00e3o para os alunos.<\/p>\n<h6>LEIA TAMB\u00c9M:\u00a0<strong><a href=\"https:\/\/folhadoleste.com.br\/en\/rio-define-operacao-madonna-para-show-em-copacabana\/\">\u25ba Rio define \u201cOpera\u00e7\u00e3o Madonna\u201d para show em Copacabana<\/a><\/strong><\/h6>\n<h4 data-sourcepos=\"9:1-9:46\"><strong>Governador destaca import\u00e2ncia da educa\u00e7\u00e3o<\/strong><\/h4>\n<div id=\"attachment_38959\" style=\"width: 879px\" class=\"wp-caption alignnone\"><img decoding=\"async\" aria-describedby=\"caption-attachment-38959\" class=\"wp-image-38959 size-full\" style=\"font-weight: bold; font-size: 1.21429rem;\" src=\"https:\/\/folhadoleste.com.br\/wp-content\/uploads\/2023\/12\/claudio-castro-destaque.jpg\" alt=\"Estado do Rio anuncia contrata\u00e7\u00e3o imediata de 4,7 mil professores\" width=\"869\" height=\"537\" \/><p id=\"caption-attachment-38959\" class=\"wp-caption-text\">Estado do Rio anuncia contrata\u00e7\u00e3o imediata de 4,7 mil professores | Divulga\u00e7\u00e3o<\/p><\/div>\n<p style=\"text-align: justify;\" data-sourcepos=\"11:1-11:446\">O governador Cl\u00e1udio Castro, que estudou na rede estadual, ressaltou a import\u00e2ncia da educa\u00e7\u00e3o para o futuro dos jovens fluminenses.<\/p>\n<div class=\"mceTemp\"><\/div>\n<blockquote>\n<p style=\"text-align: justify;\" data-sourcepos=\"11:1-11:446\">&#8220;Trabalhamos para que essa aprova\u00e7\u00e3o acontecesse o mais r\u00e1pido poss\u00edvel. Continuamos certos da for\u00e7a transformadora da educa\u00e7\u00e3o e da necessidade de t\u00ea-la como pilar em nossas vidas. Refor\u00e7amos nosso compromisso de valorizar os profissionais da educa\u00e7\u00e3o e atender \u00e0s demandas dos estudantes&#8221;, afirmou o governador.<\/p>\n<\/blockquote>\n<h4 data-sourcepos=\"13:1-13:50\"><strong>Contrata\u00e7\u00f5es para suprir car\u00eancias tempor\u00e1rias<\/strong><\/h4>\n<p style=\"text-align: justify;\" data-sourcepos=\"15:1-15:233\">As contrata\u00e7\u00f5es tempor\u00e1rias visam, sobretudo, suprir faltas pontuais de professores, como em casos de licen\u00e7as m\u00e9dicas, afastamentos para estudo e outras situa\u00e7\u00f5es. O objetivo consiste, primordialmente, em garantir que os alunos n\u00e3o fiquem sem aulas durante esses per\u00edodos.<\/p>\n<h4 data-sourcepos=\"17:1-17:41\"><strong>Investimento em educa\u00e7\u00e3o<\/strong><\/h4>\n<p style=\"text-align: justify;\" data-sourcepos=\"19:1-19:462\">A secret\u00e1ria de Estado de Educa\u00e7\u00e3o, Roberta Barreto, destacou a import\u00e2ncia da medida para a educa\u00e7\u00e3o p\u00fablica no estado.<\/p>\n<blockquote>\n<p style=\"text-align: justify;\" data-sourcepos=\"19:1-19:462\">&#8220;Essa \u00e9 uma conquista muito importante para a educa\u00e7\u00e3o p\u00fablica no estado. As contrata\u00e7\u00f5es n\u00e3o substituem os concursos p\u00fablicos e visam suprir faltas tempor\u00e1rias. Seguimos no nosso prop\u00f3sito de oferecer um ensino de qualidade aos alunos da nossa rede e, tamb\u00e9m, as melhores condi\u00e7\u00f5es de trabalho aos nossos professores&#8221;, afirmou a secret\u00e1ria.<\/p>\n<\/blockquote>\n<h4 data-sourcepos=\"21:1-21:31\"><strong>Amplia\u00e7\u00e3o da rede de ensino<\/strong><\/h4>\n<p style=\"text-align: justify;\" data-sourcepos=\"23:1-23:202\">Por fim, com a nova medida, a rede estadual de ensino do Rio de Janeiro ir\u00e1 superar o n\u00famero de 2 mil vagas abertas em 2023. Em suma, garantindo o acesso \u00e0 educa\u00e7\u00e3o de qualidade para todos os alunos do estado.<\/p>\n<p>&nbsp;<\/p>","protected":false},"excerpt":{"rendered":"<p>O Governo do Estado do Rio de Janeiro recebeu autoriza\u00e7\u00e3o da Assembleia Legislativa do Estado (Alerj) para contratar at\u00e9 15 mil professores. Com isso, pretende suprir necessidades tempor\u00e1rias na rede estadual de ensino. A modalidade de contrata\u00e7\u00e3o obedecer\u00e1 ao regime de tempo determinado. Desse modo, n\u00e3o h\u00e1 necessidade da realiza\u00e7\u00e3o de concurso p\u00fablico. Sele\u00e7\u00e3o imediata para 4.700 vagas Como parte do plano de refor\u00e7o imediato, a Secretaria de Estado de Educa\u00e7\u00e3o (Seeduc) realizar\u00e1 processo seletivo para 4.700 professores. As inscri\u00e7\u00f5es ser\u00e3o abertas em breve no site da Seeduc. A medida visa reduzir a car\u00eancia de profissionais em sala de aula [&hellip;]<\/p>\n","protected":false},"author":4,"featured_media":62845,"comment_status":"open","ping_status":"open","sticky":false,"template":"","format":"standard","meta":{"footnotes":""},"categories":[646,46],"tags":[20805,649,24542,334,611,1056,535,268,580,2489,3438,93,3288,4484,552,6377,300],"class_list":["post-62843","post","type-post","status-publish","format-standard","has-post-thumbnail","hentry","category-educacao","category-estado-do-rio-de-janeiro","tag-1o-lugar-no-rio-de-janeiro","tag-alunos","tag-carencias","tag-claudio-castro","tag-educacao","tag-ensino","tag-governo","tag-processo-seletivo","tag-professores","tag-qualidade","tag-rede-estadual","tag-rio-de-janeiro","tag-roberta-barreto","tag-seeduc","tag-selecao","tag-temporario","tag-vagas","post--single"],"yoast_head":"<!-- This site is optimized with the Yoast SEO plugin v27.4 - https:\/\/yoast.com\/product\/yoast-seo-wordpress\/ -->\n<title>Estado do Rio anuncia contrata\u00e7\u00e3o imediata de 4,7 mil professores &#8226; Folha do Leste<\/title>\n<meta name=\"description\" content=\"Estado do Rio anuncia contrata\u00e7\u00e3o imediata de 4,7 mil professores. O governador Cl\u00e1udio Castro ressaltou a import\u00e2ncia da educa\u00e7\u00e3o\" \/>\n<meta name=\"robots\" content=\"index, follow, max-snippet:-1, max-image-preview:large, max-video-preview:-1\" \/>\n<link rel=\"canonical\" href=\"https:\/\/folhadoleste.com.br\/en\/estado-do-rio-anuncia-contratacao-imediata-de-47-mil-professores\/\" \/>\n<meta property=\"og:locale\" content=\"en_US\" \/>\n<meta property=\"og:type\" content=\"article\" \/>\n<meta property=\"og:title\" content=\"Estado do Rio anuncia contrata\u00e7\u00e3o imediata de 4,7 mil professores &#8226; Folha do Leste\" \/>\n<meta property=\"og:description\" content=\"Educa\u00e7\u00e3o, Estado do Rio de Janeiro &#8226; 25 de April de 2024 &#8226; Folha do Leste\" \/>\n<meta property=\"og:url\" content=\"https:\/\/folhadoleste.com.br\/en\/estado-do-rio-anuncia-contratacao-imediata-de-47-mil-professores\/\" \/>\n<meta property=\"og:site_name\" content=\"Folha do Leste\" \/>\n<meta property=\"article:publisher\" content=\"https:\/\/www.facebook.com\/folhadoleste\" \/>\n<meta property=\"article:published_time\" content=\"2024-04-26T01:00:15+00:00\" \/>\n<meta property=\"article:modified_time\" content=\"2024-04-26T01:02:42+00:00\" \/>\n<meta property=\"og:image\" content=\"https:\/\/folhadoleste.com.br\/wp-content\/uploads\/2024\/04\/Estado-do-Rio-anuncia-contratacao-de-47-mil-professores.jpeg\" \/>\n\t<meta property=\"og:image:width\" content=\"1280\" \/>\n\t<meta property=\"og:image:height\" content=\"853\" \/>\n\t<meta property=\"og:image:type\" content=\"image\/jpeg\" \/>\n<meta name=\"author\" content=\"Folha do Leste\" \/>\n<meta name=\"twitter:card\" content=\"summary_large_image\" \/>\n<meta name=\"twitter:creator\" content=\"@FolhadoLesteRJ\" \/>\n<meta name=\"twitter:site\" content=\"@FolhadoLesteRJ\" \/>\n<meta name=\"twitter:label1\" content=\"Written by\" \/>\n\t<meta name=\"twitter:data1\" content=\"Folha do Leste\" \/>\n\t<meta name=\"twitter:label2\" content=\"Est. reading time\" \/>\n\t<meta name=\"twitter:data2\" content=\"3 minutes\" \/>\n<script type=\"application\/ld+json\" class=\"yoast-schema-graph\">{\"@context\":\"https:\\\/\\\/schema.org\",\"@graph\":[{\"@type\":\"NewsArticle\",\"@id\":\"https:\\\/\\\/folhadoleste.com.br\\\/estado-do-rio-anuncia-contratacao-imediata-de-47-mil-professores\\\/#article\",\"isPartOf\":{\"@id\":\"https:\\\/\\\/folhadoleste.com.br\\\/estado-do-rio-anuncia-contratacao-imediata-de-47-mil-professores\\\/\"},\"author\":{\"name\":\"Folha do Leste\",\"@id\":\"https:\\\/\\\/folhadoleste.com.br\\\/#\\\/schema\\\/person\\\/3e97145b2e1861276e84471aa85a3899\"},\"headline\":\"Estado do Rio anuncia contrata\u00e7\u00e3o imediata de 4,7 mil professores\",\"datePublished\":\"2024-04-26T01:00:15+00:00\",\"dateModified\":\"2024-04-26T01:02:42+00:00\",\"mainEntityOfPage\":{\"@id\":\"https:\\\/\\\/folhadoleste.com.br\\\/estado-do-rio-anuncia-contratacao-imediata-de-47-mil-professores\\\/\"},\"wordCount\":451,\"commentCount\":0,\"publisher\":{\"@id\":\"https:\\\/\\\/folhadoleste.com.br\\\/#organization\"},\"image\":{\"@id\":\"https:\\\/\\\/folhadoleste.com.br\\\/estado-do-rio-anuncia-contratacao-imediata-de-47-mil-professores\\\/#primaryimage\"},\"thumbnailUrl\":\"https:\\\/\\\/folhadoleste.com.br\\\/wp-content\\\/uploads\\\/2024\\\/04\\\/Estado-do-Rio-anuncia-contratacao-de-47-mil-professores.jpeg\",\"keywords\":[\"1\u00ba Lugar no Rio de Janeiro\",\"alunos\",\"car\u00eancias\",\"Claudio Castro\",\"educa\u00e7\u00e3o\",\"Ensino\",\"governo\",\"processo seletivo\",\"professores\",\"qualidade\",\"rede estadual\",\"Rio de Janeiro\",\"Roberta Barreto\",\"Seeduc\",\"Sele\u00e7\u00e3o\",\"tempor\u00e1rio\",\"vagas\"],\"articleSection\":[\"Educa\u00e7\u00e3o\",\"Estado do Rio de Janeiro\"],\"inLanguage\":\"en-US\",\"potentialAction\":[{\"@type\":\"CommentAction\",\"name\":\"Comment\",\"target\":[\"https:\\\/\\\/folhadoleste.com.br\\\/estado-do-rio-anuncia-contratacao-imediata-de-47-mil-professores\\\/#respond\"]}]},{\"@type\":\"WebPage\",\"@id\":\"https:\\\/\\\/folhadoleste.com.br\\\/estado-do-rio-anuncia-contratacao-imediata-de-47-mil-professores\\\/\",\"url\":\"https:\\\/\\\/folhadoleste.com.br\\\/estado-do-rio-anuncia-contratacao-imediata-de-47-mil-professores\\\/\",\"name\":\"Estado do Rio anuncia contrata\u00e7\u00e3o imediata de 4,7 mil professores &#8226; Folha do Leste\",\"isPartOf\":{\"@id\":\"https:\\\/\\\/folhadoleste.com.br\\\/#website\"},\"primaryImageOfPage\":{\"@id\":\"https:\\\/\\\/folhadoleste.com.br\\\/estado-do-rio-anuncia-contratacao-imediata-de-47-mil-professores\\\/#primaryimage\"},\"image\":{\"@id\":\"https:\\\/\\\/folhadoleste.com.br\\\/estado-do-rio-anuncia-contratacao-imediata-de-47-mil-professores\\\/#primaryimage\"},\"thumbnailUrl\":\"https:\\\/\\\/folhadoleste.com.br\\\/wp-content\\\/uploads\\\/2024\\\/04\\\/Estado-do-Rio-anuncia-contratacao-de-47-mil-professores.jpeg\",\"datePublished\":\"2024-04-26T01:00:15+00:00\",\"dateModified\":\"2024-04-26T01:02:42+00:00\",\"description\":\"Estado do Rio anuncia contrata\u00e7\u00e3o imediata de 4,7 mil professores. O governador Cl\u00e1udio Castro ressaltou a import\u00e2ncia da educa\u00e7\u00e3o\",\"breadcrumb\":{\"@id\":\"https:\\\/\\\/folhadoleste.com.br\\\/estado-do-rio-anuncia-contratacao-imediata-de-47-mil-professores\\\/#breadcrumb\"},\"inLanguage\":\"en-US\",\"potentialAction\":[{\"@type\":\"ReadAction\",\"target\":[\"https:\\\/\\\/folhadoleste.com.br\\\/estado-do-rio-anuncia-contratacao-imediata-de-47-mil-professores\\\/\"]}]},{\"@type\":\"ImageObject\",\"inLanguage\":\"en-US\",\"@id\":\"https:\\\/\\\/folhadoleste.com.br\\\/estado-do-rio-anuncia-contratacao-imediata-de-47-mil-professores\\\/#primaryimage\",\"url\":\"https:\\\/\\\/folhadoleste.com.br\\\/wp-content\\\/uploads\\\/2024\\\/04\\\/Estado-do-Rio-anuncia-contratacao-de-47-mil-professores.jpeg\",\"contentUrl\":\"https:\\\/\\\/folhadoleste.com.br\\\/wp-content\\\/uploads\\\/2024\\\/04\\\/Estado-do-Rio-anuncia-contratacao-de-47-mil-professores.jpeg\",\"width\":1280,\"height\":853},{\"@type\":\"BreadcrumbList\",\"@id\":\"https:\\\/\\\/folhadoleste.com.br\\\/estado-do-rio-anuncia-contratacao-imediata-de-47-mil-professores\\\/#breadcrumb\",\"itemListElement\":[{\"@type\":\"ListItem\",\"position\":1,\"name\":\"In\u00edcio\",\"item\":\"https:\\\/\\\/folhadoleste.com.br\\\/\"},{\"@type\":\"ListItem\",\"position\":2,\"name\":\"Brasil\",\"item\":\"https:\\\/\\\/folhadoleste.com.br\\\/category\\\/brasil\\\/\"},{\"@type\":\"ListItem\",\"position\":3,\"name\":\"Educa\u00e7\u00e3o\",\"item\":\"https:\\\/\\\/folhadoleste.com.br\\\/category\\\/brasil\\\/educacao\\\/\"},{\"@type\":\"ListItem\",\"position\":4,\"name\":\"Estado do Rio anuncia contrata\u00e7\u00e3o imediata de 4,7 mil professores\"}]},{\"@type\":\"WebSite\",\"@id\":\"https:\\\/\\\/folhadoleste.com.br\\\/#website\",\"url\":\"https:\\\/\\\/folhadoleste.com.br\\\/\",\"name\":\"Folha do Leste\",\"description\":\"Portal de Not\u00edcias com \u00eanfase em Niter\u00f3i, criando conte\u00fados desde a capital Rio de Janeiro, com olhar para o Leste Fluminense e suas cidades como S\u00e3o Gon\u00e7alo, Itabora\u00ed, Rio Bonito, Maric\u00e1, Saquarema e Araruama\",\"publisher\":{\"@id\":\"https:\\\/\\\/folhadoleste.com.br\\\/#organization\"},\"alternateName\":\"FL\",\"potentialAction\":[{\"@type\":\"SearchAction\",\"target\":{\"@type\":\"EntryPoint\",\"urlTemplate\":\"https:\\\/\\\/folhadoleste.com.br\\\/?s={search_term_string}\"},\"query-input\":{\"@type\":\"PropertyValueSpecification\",\"valueRequired\":true,\"valueName\":\"search_term_string\"}}],\"inLanguage\":\"en-US\"},{\"@type\":\"Organization\",\"@id\":\"https:\\\/\\\/folhadoleste.com.br\\\/#organization\",\"name\":\"Brasil 21 Comunica\u00e7\u00e3o\",\"alternateName\":\"BR21\",\"url\":\"https:\\\/\\\/folhadoleste.com.br\\\/\",\"logo\":{\"@type\":\"ImageObject\",\"inLanguage\":\"en-US\",\"@id\":\"https:\\\/\\\/folhadoleste.com.br\\\/#\\\/schema\\\/logo\\\/image\\\/\",\"url\":\"https:\\\/\\\/folhadoleste.com.br\\\/wp-content\\\/uploads\\\/2025\\\/12\\\/brasil-21-logomarca.avif\",\"contentUrl\":\"https:\\\/\\\/folhadoleste.com.br\\\/wp-content\\\/uploads\\\/2025\\\/12\\\/brasil-21-logomarca.avif\",\"width\":1044,\"height\":1044,\"caption\":\"Brasil 21 Comunica\u00e7\u00e3o\"},\"image\":{\"@id\":\"https:\\\/\\\/folhadoleste.com.br\\\/#\\\/schema\\\/logo\\\/image\\\/\"},\"sameAs\":[\"https:\\\/\\\/www.facebook.com\\\/folhadoleste\",\"https:\\\/\\\/x.com\\\/FolhadoLesteRJ\",\"https:\\\/\\\/www.instagram.com\\\/folhadoleste\\\/\"]},{\"@type\":\"Person\",\"@id\":\"https:\\\/\\\/folhadoleste.com.br\\\/#\\\/schema\\\/person\\\/3e97145b2e1861276e84471aa85a3899\",\"name\":\"Folha do Leste\",\"image\":{\"@type\":\"ImageObject\",\"inLanguage\":\"en-US\",\"@id\":\"https:\\\/\\\/folhadoleste.com.br\\\/wp-content\\\/litespeed\\\/avatar\\\/1ca8c218432e7045e748610eb3db0259.jpg?ver=1777161142\",\"url\":\"https:\\\/\\\/folhadoleste.com.br\\\/wp-content\\\/litespeed\\\/avatar\\\/1ca8c218432e7045e748610eb3db0259.jpg?ver=1777161142\",\"contentUrl\":\"https:\\\/\\\/folhadoleste.com.br\\\/wp-content\\\/litespeed\\\/avatar\\\/1ca8c218432e7045e748610eb3db0259.jpg?ver=1777161142\",\"caption\":\"Folha do Leste\"},\"url\":\"https:\\\/\\\/folhadoleste.com.br\\\/en\\\/author\\\/reportagem-01\\\/\"}]}<\/script>\n<!-- \/ Yoast SEO plugin. -->","yoast_head_json":{"title":"Estado do Rio anuncia contrata\u00e7\u00e3o imediata de 4,7 mil professores &#8226; Folha do Leste","description":"Estado do Rio anuncia contrata\u00e7\u00e3o imediata de 4,7 mil professores. O governador Cl\u00e1udio Castro ressaltou a import\u00e2ncia da educa\u00e7\u00e3o","robots":{"index":"index","follow":"follow","max-snippet":"max-snippet:-1","max-image-preview":"max-image-preview:large","max-video-preview":"max-video-preview:-1"},"canonical":"https:\/\/folhadoleste.com.br\/en\/estado-do-rio-anuncia-contratacao-imediata-de-47-mil-professores\/","og_locale":"en_US","og_type":"article","og_title":"Estado do Rio anuncia contrata\u00e7\u00e3o imediata de 4,7 mil professores &#8226; Folha do Leste","og_description":"Educa\u00e7\u00e3o, Estado do Rio de Janeiro &#8226; 25 de April de 2024 &#8226; Folha do Leste","og_url":"https:\/\/folhadoleste.com.br\/en\/estado-do-rio-anuncia-contratacao-imediata-de-47-mil-professores\/","og_site_name":"Folha do Leste","article_publisher":"https:\/\/www.facebook.com\/folhadoleste","article_published_time":"2024-04-26T01:00:15+00:00","article_modified_time":"2024-04-26T01:02:42+00:00","og_image":[{"width":1280,"height":853,"url":"https:\/\/folhadoleste.com.br\/wp-content\/uploads\/2024\/04\/Estado-do-Rio-anuncia-contratacao-de-47-mil-professores.jpeg","type":"image\/jpeg"}],"author":"Folha do Leste","twitter_card":"summary_large_image","twitter_creator":"@FolhadoLesteRJ","twitter_site":"@FolhadoLesteRJ","twitter_misc":{"Written by":"Folha do Leste","Est. reading time":"3 minutes"},"schema":{"@context":"https:\/\/schema.org","@graph":[{"@type":"NewsArticle","@id":"https:\/\/folhadoleste.com.br\/estado-do-rio-anuncia-contratacao-imediata-de-47-mil-professores\/#article","isPartOf":{"@id":"https:\/\/folhadoleste.com.br\/estado-do-rio-anuncia-contratacao-imediata-de-47-mil-professores\/"},"author":{"name":"Folha do Leste","@id":"https:\/\/folhadoleste.com.br\/#\/schema\/person\/3e97145b2e1861276e84471aa85a3899"},"headline":"Estado do Rio anuncia contrata\u00e7\u00e3o imediata de 4,7 mil professores","datePublished":"2024-04-26T01:00:15+00:00","dateModified":"2024-04-26T01:02:42+00:00","mainEntityOfPage":{"@id":"https:\/\/folhadoleste.com.br\/estado-do-rio-anuncia-contratacao-imediata-de-47-mil-professores\/"},"wordCount":451,"commentCount":0,"publisher":{"@id":"https:\/\/folhadoleste.com.br\/#organization"},"image":{"@id":"https:\/\/folhadoleste.com.br\/estado-do-rio-anuncia-contratacao-imediata-de-47-mil-professores\/#primaryimage"},"thumbnailUrl":"https:\/\/folhadoleste.com.br\/wp-content\/uploads\/2024\/04\/Estado-do-Rio-anuncia-contratacao-de-47-mil-professores.jpeg","keywords":["1\u00ba Lugar no Rio de Janeiro","alunos","car\u00eancias","Claudio Castro","educa\u00e7\u00e3o","Ensino","governo","processo seletivo","professores","qualidade","rede estadual","Rio de Janeiro","Roberta Barreto","Seeduc","Sele\u00e7\u00e3o","tempor\u00e1rio","vagas"],"articleSection":["Educa\u00e7\u00e3o","Estado do Rio de Janeiro"],"inLanguage":"en-US","potentialAction":[{"@type":"CommentAction","name":"Comment","target":["https:\/\/folhadoleste.com.br\/estado-do-rio-anuncia-contratacao-imediata-de-47-mil-professores\/#respond"]}]},{"@type":"WebPage","@id":"https:\/\/folhadoleste.com.br\/estado-do-rio-anuncia-contratacao-imediata-de-47-mil-professores\/","url":"https:\/\/folhadoleste.com.br\/estado-do-rio-anuncia-contratacao-imediata-de-47-mil-professores\/","name":"Estado do Rio anuncia contrata\u00e7\u00e3o imediata de 4,7 mil professores &#8226; Folha do Leste","isPartOf":{"@id":"https:\/\/folhadoleste.com.br\/#website"},"primaryImageOfPage":{"@id":"https:\/\/folhadoleste.com.br\/estado-do-rio-anuncia-contratacao-imediata-de-47-mil-professores\/#primaryimage"},"image":{"@id":"https:\/\/folhadoleste.com.br\/estado-do-rio-anuncia-contratacao-imediata-de-47-mil-professores\/#primaryimage"},"thumbnailUrl":"https:\/\/folhadoleste.com.br\/wp-content\/uploads\/2024\/04\/Estado-do-Rio-anuncia-contratacao-de-47-mil-professores.jpeg","datePublished":"2024-04-26T01:00:15+00:00","dateModified":"2024-04-26T01:02:42+00:00","description":"Estado do Rio anuncia contrata\u00e7\u00e3o imediata de 4,7 mil professores. O governador Cl\u00e1udio Castro ressaltou a import\u00e2ncia da educa\u00e7\u00e3o","breadcrumb":{"@id":"https:\/\/folhadoleste.com.br\/estado-do-rio-anuncia-contratacao-imediata-de-47-mil-professores\/#breadcrumb"},"inLanguage":"en-US","potentialAction":[{"@type":"ReadAction","target":["https:\/\/folhadoleste.com.br\/estado-do-rio-anuncia-contratacao-imediata-de-47-mil-professores\/"]}]},{"@type":"ImageObject","inLanguage":"en-US","@id":"https:\/\/folhadoleste.com.br\/estado-do-rio-anuncia-contratacao-imediata-de-47-mil-professores\/#primaryimage","url":"https:\/\/folhadoleste.com.br\/wp-content\/uploads\/2024\/04\/Estado-do-Rio-anuncia-contratacao-de-47-mil-professores.jpeg","contentUrl":"https:\/\/folhadoleste.com.br\/wp-content\/uploads\/2024\/04\/Estado-do-Rio-anuncia-contratacao-de-47-mil-professores.jpeg","width":1280,"height":853},{"@type":"BreadcrumbList","@id":"https:\/\/folhadoleste.com.br\/estado-do-rio-anuncia-contratacao-imediata-de-47-mil-professores\/#breadcrumb","itemListElement":[{"@type":"ListItem","position":1,"name":"In\u00edcio","item":"https:\/\/folhadoleste.com.br\/"},{"@type":"ListItem","position":2,"name":"Brasil","item":"https:\/\/folhadoleste.com.br\/category\/brasil\/"},{"@type":"ListItem","position":3,"name":"Educa\u00e7\u00e3o","item":"https:\/\/folhadoleste.com.br\/category\/brasil\/educacao\/"},{"@type":"ListItem","position":4,"name":"Estado do Rio anuncia contrata\u00e7\u00e3o imediata de 4,7 mil professores"}]},{"@type":"WebSite","@id":"https:\/\/folhadoleste.com.br\/#website","url":"https:\/\/folhadoleste.com.br\/","name":"Folha do Leste","description":"Portal de Not\u00edcias com \u00eanfase em Niter\u00f3i, criando conte\u00fados desde a capital Rio de Janeiro, com olhar para o Leste Fluminense e suas cidades como S\u00e3o Gon\u00e7alo, Itabora\u00ed, Rio Bonito, Maric\u00e1, Saquarema e Araruama","publisher":{"@id":"https:\/\/folhadoleste.com.br\/#organization"},"alternateName":"FL","potentialAction":[{"@type":"SearchAction","target":{"@type":"EntryPoint","urlTemplate":"https:\/\/folhadoleste.com.br\/?s={search_term_string}"},"query-input":{"@type":"PropertyValueSpecification","valueRequired":true,"valueName":"search_term_string"}}],"inLanguage":"en-US"},{"@type":"Organization","@id":"https:\/\/folhadoleste.com.br\/#organization","name":"Brasil 21 Comunica\u00e7\u00e3o","alternateName":"BR21","url":"https:\/\/folhadoleste.com.br\/","logo":{"@type":"ImageObject","inLanguage":"en-US","@id":"https:\/\/folhadoleste.com.br\/#\/schema\/logo\/image\/","url":"https:\/\/folhadoleste.com.br\/wp-content\/uploads\/2025\/12\/brasil-21-logomarca.avif","contentUrl":"https:\/\/folhadoleste.com.br\/wp-content\/uploads\/2025\/12\/brasil-21-logomarca.avif","width":1044,"height":1044,"caption":"Brasil 21 Comunica\u00e7\u00e3o"},"image":{"@id":"https:\/\/folhadoleste.com.br\/#\/schema\/logo\/image\/"},"sameAs":["https:\/\/www.facebook.com\/folhadoleste","https:\/\/x.com\/FolhadoLesteRJ","https:\/\/www.instagram.com\/folhadoleste\/"]},{"@type":"Person","@id":"https:\/\/folhadoleste.com.br\/#\/schema\/person\/3e97145b2e1861276e84471aa85a3899","name":"Folha do Leste","image":{"@type":"ImageObject","inLanguage":"en-US","@id":"https:\/\/folhadoleste.com.br\/wp-content\/litespeed\/avatar\/1ca8c218432e7045e748610eb3db0259.jpg?ver=1777161142","url":"https:\/\/folhadoleste.com.br\/wp-content\/litespeed\/avatar\/1ca8c218432e7045e748610eb3db0259.jpg?ver=1777161142","contentUrl":"https:\/\/folhadoleste.com.br\/wp-content\/litespeed\/avatar\/1ca8c218432e7045e748610eb3db0259.jpg?ver=1777161142","caption":"Folha do Leste"},"url":"https:\/\/folhadoleste.com.br\/en\/author\/reportagem-01\/"}]}},"_links":{"self":[{"href":"https:\/\/folhadoleste.com.br\/en\/wp-json\/wp\/v2\/posts\/62843","targetHints":{"allow":["GET"]}}],"collection":[{"href":"https:\/\/folhadoleste.com.br\/en\/wp-json\/wp\/v2\/posts"}],"about":[{"href":"https:\/\/folhadoleste.com.br\/en\/wp-json\/wp\/v2\/types\/post"}],"author":[{"embeddable":true,"href":"https:\/\/folhadoleste.com.br\/en\/wp-json\/wp\/v2\/users\/4"}],"replies":[{"embeddable":true,"href":"https:\/\/folhadoleste.com.br\/en\/wp-json\/wp\/v2\/comments?post=62843"}],"version-history":[{"count":3,"href":"https:\/\/folhadoleste.com.br\/en\/wp-json\/wp\/v2\/posts\/62843\/revisions"}],"predecessor-version":[{"id":62850,"href":"https:\/\/folhadoleste.com.br\/en\/wp-json\/wp\/v2\/posts\/62843\/revisions\/62850"}],"wp:featuredmedia":[{"embeddable":true,"href":"https:\/\/folhadoleste.com.br\/en\/wp-json\/wp\/v2\/media\/62845"}],"wp:attachment":[{"href":"https:\/\/folhadoleste.com.br\/en\/wp-json\/wp\/v2\/media?parent=62843"}],"wp:term":[{"taxonomy":"category","embeddable":true,"href":"https:\/\/folhadoleste.com.br\/en\/wp-json\/wp\/v2\/categories?post=62843"},{"taxonomy":"post_tag","embeddable":true,"href":"https:\/\/folhadoleste.com.br\/en\/wp-json\/wp\/v2\/tags?post=62843"}],"curies":[{"name":"wp","href":"https:\/\/api.w.org\/{rel}","templated":true}]}}