{"id":62343,"date":"2024-04-18T19:07:28","date_gmt":"2024-04-18T22:07:28","guid":{"rendered":"https:\/\/folhadoleste.com.br\/?p=62343"},"modified":"2024-04-18T19:07:28","modified_gmt":"2024-04-18T22:07:28","slug":"dengue-todas-as-doses-perto-do-vencimento-ja-foram-aplicadas","status":"publish","type":"post","link":"https:\/\/folhadoleste.com.br\/en\/dengue-todas-as-doses-perto-do-vencimento-ja-foram-aplicadas\/","title":{"rendered":"Dengue: Todas as doses perto do vencimento j\u00e1 foram aplicadas"},"content":{"rendered":"<div id=\"attachment_62345\" style=\"width: 1210px\" class=\"wp-caption aligncenter\"><img decoding=\"async\" aria-describedby=\"caption-attachment-62345\" class=\"size-full wp-image-62345\" src=\"https:\/\/folhadoleste.com.br\/wp-content\/uploads\/2024\/04\/Dengue-Todas-as-doses-perto-do-vencimento-ja-foram-aplicadas-Foto-Reproducao-PMM.webp\" alt=\"Dengue: Todas as doses perto do vencimento j\u00e1 foram aplicadas\" width=\"1200\" height=\"750\" \/><p id=\"caption-attachment-62345\" class=\"wp-caption-text\">Foto: Reprodu\u00e7\u00e3o &#8211; PMM<\/p><\/div>\n<p data-sourcepos=\"3:1-3:421\">A Prefeitura do Rio de Janeiro decidiu n\u00e3o adotar a amplia\u00e7\u00e3o da faixa et\u00e1ria para a vacina\u00e7\u00e3o contra dengue, conforme orienta\u00e7\u00e3o do Minist\u00e9rio da Sa\u00fade nesta quinta-feira (18). A medida, que visava aplicar doses pr\u00f3ximas do vencimento em crian\u00e7as e adolescentes entre 6 e 16 anos, n\u00e3o ser\u00e1 implementada na cidade porque todas as doses com vencimento pr\u00f3ximo j\u00e1 foram utilizadas.<\/p>\n<p data-sourcepos=\"5:1-5:522\">A recomenda\u00e7\u00e3o do Minist\u00e9rio da Sa\u00fade se aplicava apenas aos munic\u00edpios com grande volume de doses prestes a expirar em 30 de abril. Segundo Eder Gatti, diretor do Departamento do Programa Nacional de Imuniza\u00e7\u00f5es (DPNI), a estrat\u00e9gia era tempor\u00e1ria e n\u00e3o se aplicava a todas as cidades:<\/p>\n<blockquote>\n<p data-sourcepos=\"5:1-5:522\">&#8220;\u00c9 importante ressaltar que essa estrat\u00e9gia se limita \u00e0s vacinas com prazo de validade em 30 de abril. Ou seja, as cidades que n\u00e3o possuem mais doses desse lote devem seguir o p\u00fablico recomendado anteriormente, de 10 a 14 anos&#8221;, disse.<\/p>\n<\/blockquote>\n<p data-sourcepos=\"9:1-9:368\">Apesar da decis\u00e3o de n\u00e3o ampliar a faixa et\u00e1ria para a vacina\u00e7\u00e3o, dados da Secretaria Estadual de Sa\u00fade do Rio indicam que o estado saiu do n\u00edvel 3 do plano de conting\u00eancia para dengue, que corresponde a um n\u00famero de casos prov\u00e1veis 10 vezes acima do limite end\u00eamico. Atualmente, o estado se encontra no n\u00edvel 2, com n\u00famero de casos entre 5 e 10 vezes acima do limite.<\/p>\n<p data-sourcepos=\"11:1-11:315\">Essa mudan\u00e7a se deve \u00e0 redu\u00e7\u00e3o progressiva no n\u00famero de casos prov\u00e1veis registrados no estado. De acordo com o boletim epidemiol\u00f3gico da Secretaria Estadual de Sa\u00fade, entre as semanas 12 (17 a 23 de mar\u00e7o) e 13 (24 a 30 de mar\u00e7o), o n\u00famero de casos prov\u00e1veis de dengue caiu quase 50%, passando de 14.782 para 7.406.<\/p>\n<p data-sourcepos=\"11:1-11:315\">\n<p data-sourcepos=\"11:1-11:315\"><a href=\"https:\/\/www.instagram.com\/folhadoleste\/\"><img decoding=\"async\" class=\"aligncenter wp-image-15962\" src=\"https:\/\/folhadoleste.com.br\/wp-content\/uploads\/2023\/07\/instagram.jpg.webp\" alt=\"Itaipu-Itaipua\u00e7u: Caminh\u00e3o causa grave acidente na RJ-102, a estrada da Serrinha\" width=\"49\" height=\"49\" \/><\/a><a href=\"https:\/\/www.facebook.com\/folhadoleste\"><img decoding=\"async\" class=\"aligncenter wp-image-7424\" src=\"https:\/\/folhadoleste.com.br\/wp-content\/uploads\/2023\/05\/facebook-logo-3-1.png.webp\" alt=\"Itaipu-Itaipua\u00e7u: Caminh\u00e3o causa grave acidente na RJ-102, a estrada da Serrinha\" width=\"49\" height=\"49\" \/><\/a><\/p>","protected":false},"excerpt":{"rendered":"<p>A Prefeitura do Rio de Janeiro decidiu n\u00e3o adotar a amplia\u00e7\u00e3o da faixa et\u00e1ria para a vacina\u00e7\u00e3o contra dengue, conforme orienta\u00e7\u00e3o do Minist\u00e9rio da Sa\u00fade nesta quinta-feira (18). A medida, que visava aplicar doses pr\u00f3ximas do vencimento em crian\u00e7as e adolescentes entre 6 e 16 anos, n\u00e3o ser\u00e1 implementada na cidade porque todas as doses com vencimento pr\u00f3ximo j\u00e1 foram utilizadas. A recomenda\u00e7\u00e3o do Minist\u00e9rio da Sa\u00fade se aplicava apenas aos munic\u00edpios com grande volume de doses prestes a expirar em 30 de abril. Segundo Eder Gatti, diretor do Departamento do Programa Nacional de Imuniza\u00e7\u00f5es (DPNI), a estrat\u00e9gia era tempor\u00e1ria [&hellip;]<\/p>\n","protected":false},"author":4,"featured_media":62345,"comment_status":"open","ping_status":"open","sticky":false,"template":"","format":"standard","meta":{"footnotes":""},"categories":[67],"tags":[8903,11554,891,18112,12116,279,24196,14871,2942,718,379,22697,93,73,637,95,24197],"class_list":["post-62343","post","type-post","status-publish","format-standard","has-post-thumbnail","hentry","category-rio-de-janeiro-capital","tag-aplicacao","tag-campanha-de-vacinacao","tag-dengue","tag-doses","tag-faixa-etaria","tag-ministerio-da-saude","tag-nivel-de-alerta","tag-plano-de-contingencia","tag-prefeitura","tag-prefeitura-do-rio","tag-prevencao","tag-reducao-de-casos","tag-rio-de-janeiro","tag-saude","tag-vacina","tag-vacinacao","tag-vencimento","post--single"],"yoast_head":"<!-- This site is optimized with the Yoast SEO plugin v27.4 - https:\/\/yoast.com\/product\/yoast-seo-wordpress\/ -->\n<title>Dengue: Todas as doses perto do vencimento j\u00e1 foram aplicadas &#8226; Folha do Leste<\/title>\n<meta name=\"description\" content=\"A Prefeitura do Rio de Janeiro decidiu n\u00e3o adotar a amplia\u00e7\u00e3o da faixa et\u00e1ria para a vacina\u00e7\u00e3o contra dengue, conforme orienta\u00e7\u00e3o...\" \/>\n<meta name=\"robots\" content=\"index, follow, max-snippet:-1, max-image-preview:large, max-video-preview:-1\" \/>\n<link rel=\"canonical\" href=\"https:\/\/folhadoleste.com.br\/en\/dengue-todas-as-doses-perto-do-vencimento-ja-foram-aplicadas\/\" \/>\n<meta property=\"og:locale\" content=\"en_US\" \/>\n<meta property=\"og:type\" content=\"article\" \/>\n<meta property=\"og:title\" content=\"Dengue: Todas as doses perto do vencimento j\u00e1 foram aplicadas &#8226; Folha do Leste\" \/>\n<meta property=\"og:description\" content=\"Rio de Janeiro - Capital &#8226; 18 de April de 2024 &#8226; Folha do Leste\" \/>\n<meta property=\"og:url\" content=\"https:\/\/folhadoleste.com.br\/en\/dengue-todas-as-doses-perto-do-vencimento-ja-foram-aplicadas\/\" \/>\n<meta property=\"og:site_name\" content=\"Folha do Leste\" \/>\n<meta property=\"article:publisher\" content=\"https:\/\/www.facebook.com\/folhadoleste\" \/>\n<meta property=\"article:published_time\" content=\"2024-04-18T22:07:28+00:00\" \/>\n<meta property=\"og:image\" content=\"https:\/\/folhadoleste.com.br\/wp-content\/uploads\/2024\/04\/Dengue-Todas-as-doses-perto-do-vencimento-ja-foram-aplicadas-Foto-Reproducao-PMM.webp\" \/>\n\t<meta property=\"og:image:width\" content=\"1200\" \/>\n\t<meta property=\"og:image:height\" content=\"750\" \/>\n\t<meta property=\"og:image:type\" content=\"image\/webp\" \/>\n<meta name=\"author\" content=\"Folha do Leste\" \/>\n<meta name=\"twitter:card\" content=\"summary_large_image\" \/>\n<meta name=\"twitter:creator\" content=\"@FolhadoLesteRJ\" \/>\n<meta name=\"twitter:site\" content=\"@FolhadoLesteRJ\" \/>\n<meta name=\"twitter:label1\" content=\"Written by\" \/>\n\t<meta name=\"twitter:data1\" content=\"Folha do Leste\" \/>\n\t<meta name=\"twitter:label2\" content=\"Est. reading time\" \/>\n\t<meta name=\"twitter:data2\" content=\"3 minutes\" \/>\n<script type=\"application\/ld+json\" class=\"yoast-schema-graph\">{\"@context\":\"https:\\\/\\\/schema.org\",\"@graph\":[{\"@type\":\"NewsArticle\",\"@id\":\"https:\\\/\\\/folhadoleste.com.br\\\/dengue-todas-as-doses-perto-do-vencimento-ja-foram-aplicadas\\\/#article\",\"isPartOf\":{\"@id\":\"https:\\\/\\\/folhadoleste.com.br\\\/dengue-todas-as-doses-perto-do-vencimento-ja-foram-aplicadas\\\/\"},\"author\":{\"name\":\"Folha do Leste\",\"@id\":\"https:\\\/\\\/folhadoleste.com.br\\\/#\\\/schema\\\/person\\\/3e97145b2e1861276e84471aa85a3899\"},\"headline\":\"Dengue: Todas as doses perto do vencimento j\u00e1 foram aplicadas\",\"datePublished\":\"2024-04-18T22:07:28+00:00\",\"mainEntityOfPage\":{\"@id\":\"https:\\\/\\\/folhadoleste.com.br\\\/dengue-todas-as-doses-perto-do-vencimento-ja-foram-aplicadas\\\/\"},\"wordCount\":317,\"commentCount\":0,\"publisher\":{\"@id\":\"https:\\\/\\\/folhadoleste.com.br\\\/#organization\"},\"image\":{\"@id\":\"https:\\\/\\\/folhadoleste.com.br\\\/dengue-todas-as-doses-perto-do-vencimento-ja-foram-aplicadas\\\/#primaryimage\"},\"thumbnailUrl\":\"https:\\\/\\\/folhadoleste.com.br\\\/wp-content\\\/uploads\\\/2024\\\/04\\\/Dengue-Todas-as-doses-perto-do-vencimento-ja-foram-aplicadas-Foto-Reproducao-PMM.webp\",\"keywords\":[\"aplica\u00e7\u00e3o\",\"campanha de vacina\u00e7\u00e3o\",\"Dengue\",\"Doses\",\"Faixa et\u00e1ria\",\"minist\u00e9rio da sa\u00fade\",\"N\u00edvel de Alerta\",\"Plano de Conting\u00eancia\",\"prefeitura\",\"prefeitura do Rio\",\"preven\u00e7\u00e3o\",\"Redu\u00e7\u00e3o de Casos\",\"Rio de Janeiro\",\"sa\u00fade\",\"vacina\",\"vacina\u00e7\u00e3o\",\"Vencimento\"],\"articleSection\":[\"Rio de Janeiro - Capital\"],\"inLanguage\":\"en-US\",\"potentialAction\":[{\"@type\":\"CommentAction\",\"name\":\"Comment\",\"target\":[\"https:\\\/\\\/folhadoleste.com.br\\\/dengue-todas-as-doses-perto-do-vencimento-ja-foram-aplicadas\\\/#respond\"]}]},{\"@type\":\"WebPage\",\"@id\":\"https:\\\/\\\/folhadoleste.com.br\\\/dengue-todas-as-doses-perto-do-vencimento-ja-foram-aplicadas\\\/\",\"url\":\"https:\\\/\\\/folhadoleste.com.br\\\/dengue-todas-as-doses-perto-do-vencimento-ja-foram-aplicadas\\\/\",\"name\":\"Dengue: Todas as doses perto do vencimento j\u00e1 foram aplicadas &#8226; Folha do Leste\",\"isPartOf\":{\"@id\":\"https:\\\/\\\/folhadoleste.com.br\\\/#website\"},\"primaryImageOfPage\":{\"@id\":\"https:\\\/\\\/folhadoleste.com.br\\\/dengue-todas-as-doses-perto-do-vencimento-ja-foram-aplicadas\\\/#primaryimage\"},\"image\":{\"@id\":\"https:\\\/\\\/folhadoleste.com.br\\\/dengue-todas-as-doses-perto-do-vencimento-ja-foram-aplicadas\\\/#primaryimage\"},\"thumbnailUrl\":\"https:\\\/\\\/folhadoleste.com.br\\\/wp-content\\\/uploads\\\/2024\\\/04\\\/Dengue-Todas-as-doses-perto-do-vencimento-ja-foram-aplicadas-Foto-Reproducao-PMM.webp\",\"datePublished\":\"2024-04-18T22:07:28+00:00\",\"description\":\"A Prefeitura do Rio de Janeiro decidiu n\u00e3o adotar a amplia\u00e7\u00e3o da faixa et\u00e1ria para a vacina\u00e7\u00e3o contra dengue, conforme orienta\u00e7\u00e3o...\",\"breadcrumb\":{\"@id\":\"https:\\\/\\\/folhadoleste.com.br\\\/dengue-todas-as-doses-perto-do-vencimento-ja-foram-aplicadas\\\/#breadcrumb\"},\"inLanguage\":\"en-US\",\"potentialAction\":[{\"@type\":\"ReadAction\",\"target\":[\"https:\\\/\\\/folhadoleste.com.br\\\/dengue-todas-as-doses-perto-do-vencimento-ja-foram-aplicadas\\\/\"]}]},{\"@type\":\"ImageObject\",\"inLanguage\":\"en-US\",\"@id\":\"https:\\\/\\\/folhadoleste.com.br\\\/dengue-todas-as-doses-perto-do-vencimento-ja-foram-aplicadas\\\/#primaryimage\",\"url\":\"https:\\\/\\\/folhadoleste.com.br\\\/wp-content\\\/uploads\\\/2024\\\/04\\\/Dengue-Todas-as-doses-perto-do-vencimento-ja-foram-aplicadas-Foto-Reproducao-PMM.webp\",\"contentUrl\":\"https:\\\/\\\/folhadoleste.com.br\\\/wp-content\\\/uploads\\\/2024\\\/04\\\/Dengue-Todas-as-doses-perto-do-vencimento-ja-foram-aplicadas-Foto-Reproducao-PMM.webp\",\"width\":1200,\"height\":750,\"caption\":\"Foto: Reprodu\u00e7\u00e3o - PMM\"},{\"@type\":\"BreadcrumbList\",\"@id\":\"https:\\\/\\\/folhadoleste.com.br\\\/dengue-todas-as-doses-perto-do-vencimento-ja-foram-aplicadas\\\/#breadcrumb\",\"itemListElement\":[{\"@type\":\"ListItem\",\"position\":1,\"name\":\"In\u00edcio\",\"item\":\"https:\\\/\\\/folhadoleste.com.br\\\/\"},{\"@type\":\"ListItem\",\"position\":2,\"name\":\"Rio de Janeiro - Capital\",\"item\":\"https:\\\/\\\/folhadoleste.com.br\\\/category\\\/rio-de-janeiro-capital\\\/\"},{\"@type\":\"ListItem\",\"position\":3,\"name\":\"Dengue: Todas as doses perto do vencimento j\u00e1 foram aplicadas\"}]},{\"@type\":\"WebSite\",\"@id\":\"https:\\\/\\\/folhadoleste.com.br\\\/#website\",\"url\":\"https:\\\/\\\/folhadoleste.com.br\\\/\",\"name\":\"Folha do Leste\",\"description\":\"Portal de Not\u00edcias com \u00eanfase em Niter\u00f3i, criando conte\u00fados desde a capital Rio de Janeiro, com olhar para o Leste Fluminense e suas cidades como S\u00e3o Gon\u00e7alo, Itabora\u00ed, Rio Bonito, Maric\u00e1, Saquarema e Araruama\",\"publisher\":{\"@id\":\"https:\\\/\\\/folhadoleste.com.br\\\/#organization\"},\"alternateName\":\"FL\",\"potentialAction\":[{\"@type\":\"SearchAction\",\"target\":{\"@type\":\"EntryPoint\",\"urlTemplate\":\"https:\\\/\\\/folhadoleste.com.br\\\/?s={search_term_string}\"},\"query-input\":{\"@type\":\"PropertyValueSpecification\",\"valueRequired\":true,\"valueName\":\"search_term_string\"}}],\"inLanguage\":\"en-US\"},{\"@type\":\"Organization\",\"@id\":\"https:\\\/\\\/folhadoleste.com.br\\\/#organization\",\"name\":\"Brasil 21 Comunica\u00e7\u00e3o\",\"alternateName\":\"BR21\",\"url\":\"https:\\\/\\\/folhadoleste.com.br\\\/\",\"logo\":{\"@type\":\"ImageObject\",\"inLanguage\":\"en-US\",\"@id\":\"https:\\\/\\\/folhadoleste.com.br\\\/#\\\/schema\\\/logo\\\/image\\\/\",\"url\":\"https:\\\/\\\/folhadoleste.com.br\\\/wp-content\\\/uploads\\\/2025\\\/12\\\/brasil-21-logomarca.avif\",\"contentUrl\":\"https:\\\/\\\/folhadoleste.com.br\\\/wp-content\\\/uploads\\\/2025\\\/12\\\/brasil-21-logomarca.avif\",\"width\":1044,\"height\":1044,\"caption\":\"Brasil 21 Comunica\u00e7\u00e3o\"},\"image\":{\"@id\":\"https:\\\/\\\/folhadoleste.com.br\\\/#\\\/schema\\\/logo\\\/image\\\/\"},\"sameAs\":[\"https:\\\/\\\/www.facebook.com\\\/folhadoleste\",\"https:\\\/\\\/x.com\\\/FolhadoLesteRJ\",\"https:\\\/\\\/www.instagram.com\\\/folhadoleste\\\/\"]},{\"@type\":\"Person\",\"@id\":\"https:\\\/\\\/folhadoleste.com.br\\\/#\\\/schema\\\/person\\\/3e97145b2e1861276e84471aa85a3899\",\"name\":\"Folha do Leste\",\"image\":{\"@type\":\"ImageObject\",\"inLanguage\":\"en-US\",\"@id\":\"https:\\\/\\\/folhadoleste.com.br\\\/wp-content\\\/litespeed\\\/avatar\\\/1ca8c218432e7045e748610eb3db0259.jpg?ver=1777161142\",\"url\":\"https:\\\/\\\/folhadoleste.com.br\\\/wp-content\\\/litespeed\\\/avatar\\\/1ca8c218432e7045e748610eb3db0259.jpg?ver=1777161142\",\"contentUrl\":\"https:\\\/\\\/folhadoleste.com.br\\\/wp-content\\\/litespeed\\\/avatar\\\/1ca8c218432e7045e748610eb3db0259.jpg?ver=1777161142\",\"caption\":\"Folha do Leste\"},\"url\":\"https:\\\/\\\/folhadoleste.com.br\\\/en\\\/author\\\/reportagem-01\\\/\"}]}<\/script>\n<!-- \/ Yoast SEO plugin. -->","yoast_head_json":{"title":"Dengue: Todas as doses perto do vencimento j\u00e1 foram aplicadas &#8226; Folha do Leste","description":"A Prefeitura do Rio de Janeiro decidiu n\u00e3o adotar a amplia\u00e7\u00e3o da faixa et\u00e1ria para a vacina\u00e7\u00e3o contra dengue, conforme orienta\u00e7\u00e3o...","robots":{"index":"index","follow":"follow","max-snippet":"max-snippet:-1","max-image-preview":"max-image-preview:large","max-video-preview":"max-video-preview:-1"},"canonical":"https:\/\/folhadoleste.com.br\/en\/dengue-todas-as-doses-perto-do-vencimento-ja-foram-aplicadas\/","og_locale":"en_US","og_type":"article","og_title":"Dengue: Todas as doses perto do vencimento j\u00e1 foram aplicadas &#8226; Folha do Leste","og_description":"Rio de Janeiro - Capital &#8226; 18 de April de 2024 &#8226; Folha do Leste","og_url":"https:\/\/folhadoleste.com.br\/en\/dengue-todas-as-doses-perto-do-vencimento-ja-foram-aplicadas\/","og_site_name":"Folha do Leste","article_publisher":"https:\/\/www.facebook.com\/folhadoleste","article_published_time":"2024-04-18T22:07:28+00:00","og_image":[{"width":1200,"height":750,"url":"https:\/\/folhadoleste.com.br\/wp-content\/uploads\/2024\/04\/Dengue-Todas-as-doses-perto-do-vencimento-ja-foram-aplicadas-Foto-Reproducao-PMM.webp","type":"image\/webp"}],"author":"Folha do Leste","twitter_card":"summary_large_image","twitter_creator":"@FolhadoLesteRJ","twitter_site":"@FolhadoLesteRJ","twitter_misc":{"Written by":"Folha do Leste","Est. reading time":"3 minutes"},"schema":{"@context":"https:\/\/schema.org","@graph":[{"@type":"NewsArticle","@id":"https:\/\/folhadoleste.com.br\/dengue-todas-as-doses-perto-do-vencimento-ja-foram-aplicadas\/#article","isPartOf":{"@id":"https:\/\/folhadoleste.com.br\/dengue-todas-as-doses-perto-do-vencimento-ja-foram-aplicadas\/"},"author":{"name":"Folha do Leste","@id":"https:\/\/folhadoleste.com.br\/#\/schema\/person\/3e97145b2e1861276e84471aa85a3899"},"headline":"Dengue: Todas as doses perto do vencimento j\u00e1 foram aplicadas","datePublished":"2024-04-18T22:07:28+00:00","mainEntityOfPage":{"@id":"https:\/\/folhadoleste.com.br\/dengue-todas-as-doses-perto-do-vencimento-ja-foram-aplicadas\/"},"wordCount":317,"commentCount":0,"publisher":{"@id":"https:\/\/folhadoleste.com.br\/#organization"},"image":{"@id":"https:\/\/folhadoleste.com.br\/dengue-todas-as-doses-perto-do-vencimento-ja-foram-aplicadas\/#primaryimage"},"thumbnailUrl":"https:\/\/folhadoleste.com.br\/wp-content\/uploads\/2024\/04\/Dengue-Todas-as-doses-perto-do-vencimento-ja-foram-aplicadas-Foto-Reproducao-PMM.webp","keywords":["aplica\u00e7\u00e3o","campanha de vacina\u00e7\u00e3o","Dengue","Doses","Faixa et\u00e1ria","minist\u00e9rio da sa\u00fade","N\u00edvel de Alerta","Plano de Conting\u00eancia","prefeitura","prefeitura do Rio","preven\u00e7\u00e3o","Redu\u00e7\u00e3o de Casos","Rio de Janeiro","sa\u00fade","vacina","vacina\u00e7\u00e3o","Vencimento"],"articleSection":["Rio de Janeiro - Capital"],"inLanguage":"en-US","potentialAction":[{"@type":"CommentAction","name":"Comment","target":["https:\/\/folhadoleste.com.br\/dengue-todas-as-doses-perto-do-vencimento-ja-foram-aplicadas\/#respond"]}]},{"@type":"WebPage","@id":"https:\/\/folhadoleste.com.br\/dengue-todas-as-doses-perto-do-vencimento-ja-foram-aplicadas\/","url":"https:\/\/folhadoleste.com.br\/dengue-todas-as-doses-perto-do-vencimento-ja-foram-aplicadas\/","name":"Dengue: Todas as doses perto do vencimento j\u00e1 foram aplicadas &#8226; Folha do Leste","isPartOf":{"@id":"https:\/\/folhadoleste.com.br\/#website"},"primaryImageOfPage":{"@id":"https:\/\/folhadoleste.com.br\/dengue-todas-as-doses-perto-do-vencimento-ja-foram-aplicadas\/#primaryimage"},"image":{"@id":"https:\/\/folhadoleste.com.br\/dengue-todas-as-doses-perto-do-vencimento-ja-foram-aplicadas\/#primaryimage"},"thumbnailUrl":"https:\/\/folhadoleste.com.br\/wp-content\/uploads\/2024\/04\/Dengue-Todas-as-doses-perto-do-vencimento-ja-foram-aplicadas-Foto-Reproducao-PMM.webp","datePublished":"2024-04-18T22:07:28+00:00","description":"A Prefeitura do Rio de Janeiro decidiu n\u00e3o adotar a amplia\u00e7\u00e3o da faixa et\u00e1ria para a vacina\u00e7\u00e3o contra dengue, conforme orienta\u00e7\u00e3o...","breadcrumb":{"@id":"https:\/\/folhadoleste.com.br\/dengue-todas-as-doses-perto-do-vencimento-ja-foram-aplicadas\/#breadcrumb"},"inLanguage":"en-US","potentialAction":[{"@type":"ReadAction","target":["https:\/\/folhadoleste.com.br\/dengue-todas-as-doses-perto-do-vencimento-ja-foram-aplicadas\/"]}]},{"@type":"ImageObject","inLanguage":"en-US","@id":"https:\/\/folhadoleste.com.br\/dengue-todas-as-doses-perto-do-vencimento-ja-foram-aplicadas\/#primaryimage","url":"https:\/\/folhadoleste.com.br\/wp-content\/uploads\/2024\/04\/Dengue-Todas-as-doses-perto-do-vencimento-ja-foram-aplicadas-Foto-Reproducao-PMM.webp","contentUrl":"https:\/\/folhadoleste.com.br\/wp-content\/uploads\/2024\/04\/Dengue-Todas-as-doses-perto-do-vencimento-ja-foram-aplicadas-Foto-Reproducao-PMM.webp","width":1200,"height":750,"caption":"Foto: Reprodu\u00e7\u00e3o - PMM"},{"@type":"BreadcrumbList","@id":"https:\/\/folhadoleste.com.br\/dengue-todas-as-doses-perto-do-vencimento-ja-foram-aplicadas\/#breadcrumb","itemListElement":[{"@type":"ListItem","position":1,"name":"In\u00edcio","item":"https:\/\/folhadoleste.com.br\/"},{"@type":"ListItem","position":2,"name":"Rio de Janeiro - Capital","item":"https:\/\/folhadoleste.com.br\/category\/rio-de-janeiro-capital\/"},{"@type":"ListItem","position":3,"name":"Dengue: Todas as doses perto do vencimento j\u00e1 foram aplicadas"}]},{"@type":"WebSite","@id":"https:\/\/folhadoleste.com.br\/#website","url":"https:\/\/folhadoleste.com.br\/","name":"Folha do Leste","description":"Portal de Not\u00edcias com \u00eanfase em Niter\u00f3i, criando conte\u00fados desde a capital Rio de Janeiro, com olhar para o Leste Fluminense e suas cidades como S\u00e3o Gon\u00e7alo, Itabora\u00ed, Rio Bonito, Maric\u00e1, Saquarema e Araruama","publisher":{"@id":"https:\/\/folhadoleste.com.br\/#organization"},"alternateName":"FL","potentialAction":[{"@type":"SearchAction","target":{"@type":"EntryPoint","urlTemplate":"https:\/\/folhadoleste.com.br\/?s={search_term_string}"},"query-input":{"@type":"PropertyValueSpecification","valueRequired":true,"valueName":"search_term_string"}}],"inLanguage":"en-US"},{"@type":"Organization","@id":"https:\/\/folhadoleste.com.br\/#organization","name":"Brasil 21 Comunica\u00e7\u00e3o","alternateName":"BR21","url":"https:\/\/folhadoleste.com.br\/","logo":{"@type":"ImageObject","inLanguage":"en-US","@id":"https:\/\/folhadoleste.com.br\/#\/schema\/logo\/image\/","url":"https:\/\/folhadoleste.com.br\/wp-content\/uploads\/2025\/12\/brasil-21-logomarca.avif","contentUrl":"https:\/\/folhadoleste.com.br\/wp-content\/uploads\/2025\/12\/brasil-21-logomarca.avif","width":1044,"height":1044,"caption":"Brasil 21 Comunica\u00e7\u00e3o"},"image":{"@id":"https:\/\/folhadoleste.com.br\/#\/schema\/logo\/image\/"},"sameAs":["https:\/\/www.facebook.com\/folhadoleste","https:\/\/x.com\/FolhadoLesteRJ","https:\/\/www.instagram.com\/folhadoleste\/"]},{"@type":"Person","@id":"https:\/\/folhadoleste.com.br\/#\/schema\/person\/3e97145b2e1861276e84471aa85a3899","name":"Folha do Leste","image":{"@type":"ImageObject","inLanguage":"en-US","@id":"https:\/\/folhadoleste.com.br\/wp-content\/litespeed\/avatar\/1ca8c218432e7045e748610eb3db0259.jpg?ver=1777161142","url":"https:\/\/folhadoleste.com.br\/wp-content\/litespeed\/avatar\/1ca8c218432e7045e748610eb3db0259.jpg?ver=1777161142","contentUrl":"https:\/\/folhadoleste.com.br\/wp-content\/litespeed\/avatar\/1ca8c218432e7045e748610eb3db0259.jpg?ver=1777161142","caption":"Folha do Leste"},"url":"https:\/\/folhadoleste.com.br\/en\/author\/reportagem-01\/"}]}},"_links":{"self":[{"href":"https:\/\/folhadoleste.com.br\/en\/wp-json\/wp\/v2\/posts\/62343","targetHints":{"allow":["GET"]}}],"collection":[{"href":"https:\/\/folhadoleste.com.br\/en\/wp-json\/wp\/v2\/posts"}],"about":[{"href":"https:\/\/folhadoleste.com.br\/en\/wp-json\/wp\/v2\/types\/post"}],"author":[{"embeddable":true,"href":"https:\/\/folhadoleste.com.br\/en\/wp-json\/wp\/v2\/users\/4"}],"replies":[{"embeddable":true,"href":"https:\/\/folhadoleste.com.br\/en\/wp-json\/wp\/v2\/comments?post=62343"}],"version-history":[{"count":1,"href":"https:\/\/folhadoleste.com.br\/en\/wp-json\/wp\/v2\/posts\/62343\/revisions"}],"predecessor-version":[{"id":62346,"href":"https:\/\/folhadoleste.com.br\/en\/wp-json\/wp\/v2\/posts\/62343\/revisions\/62346"}],"wp:featuredmedia":[{"embeddable":true,"href":"https:\/\/folhadoleste.com.br\/en\/wp-json\/wp\/v2\/media\/62345"}],"wp:attachment":[{"href":"https:\/\/folhadoleste.com.br\/en\/wp-json\/wp\/v2\/media?parent=62343"}],"wp:term":[{"taxonomy":"category","embeddable":true,"href":"https:\/\/folhadoleste.com.br\/en\/wp-json\/wp\/v2\/categories?post=62343"},{"taxonomy":"post_tag","embeddable":true,"href":"https:\/\/folhadoleste.com.br\/en\/wp-json\/wp\/v2\/tags?post=62343"}],"curies":[{"name":"wp","href":"https:\/\/api.w.org\/{rel}","templated":true}]}}