{"id":60189,"date":"2024-04-07T14:28:18","date_gmt":"2024-04-07T17:28:18","guid":{"rendered":"https:\/\/folhadoleste.com.br\/?p=60189"},"modified":"2024-04-07T20:42:57","modified_gmt":"2024-04-07T23:42:57","slug":"aguas-de-niteroi-promete-antecipar-abastecimento","status":"publish","type":"post","link":"https:\/\/folhadoleste.com.br\/en\/aguas-de-niteroi-promete-antecipar-abastecimento\/","title":{"rendered":"\u00c1guas de Niter\u00f3i promete antecipar abastecimento"},"content":{"rendered":"<p style=\"margin-top: 0cm; text-align: justify; background: white;\"><img decoding=\"async\" class=\"aligncenter size-full wp-image-60194\" src=\"https:\/\/folhadoleste.com.br\/wp-content\/uploads\/2024\/04\/torneira-Aguas-de-Niteroi-promete-antecipar-abastecimento.webp\" alt=\"\" width=\"702\" height=\"393\" \/><\/p>\n<p style=\"margin-top: 0cm; text-align: justify; background: white;\"><span style=\"font-family: Montserrat; color: #212529;\">Em comunicado feito neste domingo (7), a concession\u00e1ria \u00c1guas de Niter\u00f3i promete antecipar a normaliza\u00e7\u00e3o do abastecimento, em cidade, para at\u00e9 a noite de hoje. Anteriormente, a promessa consistia em ter 100% da cidade abastecida at\u00e9 a manh\u00e3 de segunda-feira (8), observado o prazo de 48h, previsto no s\u00e1bado (6).<\/span><\/p>\n<p style=\"margin-top: 0cm; text-align: justify; background: white;\"><span style=\"font-family: Montserrat; color: #212529;\">Segundo a \u00c1guas de Niter\u00f3i, a maior parte da cidade j\u00e1 est\u00e1 recebendo \u00e1gua. <\/span><\/p>\n<blockquote>\n<p style=\"margin-top: 0cm; text-align: justify; background: white;\"><span style=\"font-family: Montserrat; color: #212529;\">\u201cO abastecimento est\u00e1 sendo retomado de forma gradativa e tem previs\u00e3o para ser normalizado at\u00e9 a noite de hoje (7\/4)\u201d.<\/span><\/p>\n<\/blockquote>\n<p style=\"margin-top: 0cm; text-align: justify; background: white; box-sizing: border-box; margin-bottom: 1rem; font-variant-ligatures: normal; font-variant-caps: normal; orphans: 2; widows: 2; -webkit-text-stroke-width: 0px; text-decoration-thickness: initial; text-decoration-style: initial; text-decoration-color: initial; word-spacing: 0px;\"><span style=\"font-family: Montserrat; color: #212529;\">Ainda de acordo com a concession\u00e1ria, a \u00e1gua est\u00e1 pr\u00f3pria para consumo, considerando as an\u00e1lises realizadas pela Cedae. Al\u00e9m disso, a \u00c1guas de Niter\u00f3i se pronunciou sobre um fato que tem despertado desconfian\u00e7a em muitos consumidores: a cor da \u00e1gua.<\/span><\/p>\n<blockquote>\n<p style=\"margin-top: 0cm; text-align: justify; background: white;\"><span style=\"font-family: Montserrat; color: #212529;\">\u201cQualquer altera\u00e7\u00e3o na colora\u00e7\u00e3o da \u00e1gua pode ser causada pelas condi\u00e7\u00f5es da caixa d\u2019\u00e1gua e por seu esvaziamento nesse per\u00edodo\u201d, disseram.<\/span><\/p>\n<\/blockquote>\n<p>O prefeito de Niter\u00f3i, Axel Grael, disse que o abastecimento em toda cidade est\u00e1 se normalizando gradativamente. Ele tamb\u00e9m comentou o atendimento dado aos servi\u00e7os essenciais da cidade.<\/p>\n<blockquote><p>&#8220;Estou acompanhando, neste s\u00e1bado, o abastecimento de hospitais, p\u00fablicos e privados, e demais servi\u00e7os essenciais de nossa cidade. At\u00e9 que o servi\u00e7o seja totalmente normalizado, a \u00c1guas de Niter\u00f3i utilizar\u00e1 40 caminh\u00f5es-pipa para garantir o atendimento em pontos priorit\u00e1rios.&#8221;<\/p><\/blockquote>\n<p>Todavia, apesar da tend\u00eancia de normaliza\u00e7\u00e3o do servi\u00e7o, Axel pede que a popula\u00e7\u00e3o siga economizando \u00e1gua.<\/p>\n<blockquote><p>&#8220;Mantenho o pedido para que economizem \u00e1gua at\u00e9 que o sistema esteja operando normalmente&#8221;, disse.<\/p><\/blockquote>\n<p>No s\u00e1bado (6), Axel Grael afirmou que Ilha da Concei\u00e7\u00e3o, Centro, Icara\u00ed, Morro do Caval\u00e3o e Regi\u00e3o Oce\u00e2nica j\u00e1 estavam com o fornecimento\u00a0 de \u00e1gua restabelecido. Mas reconheceu a exist\u00eancia de dificuldades para a \u00e1gua chegar em algumas localidades.<\/p>\n<blockquote><p>&#8220;Os esfor\u00e7os s\u00e3o para atender tamb\u00e9m as chamadas \u201cpontas de linha\u201d, onde a \u00e1gua demora mais a chegar&#8221;, citou.<\/p><\/blockquote>\n<h3><\/h3>\n<h3>A falta de \u00e1gua<\/h3>\n<p><a href=\"https:\/\/folhadoleste.com.br\/en\/cidades-do-leste-fluminense-sem-agua\/\"><strong>A capta\u00e7\u00e3o e distribui\u00e7\u00e3o de \u00e1gua estava parada desde \u00e0s 5h59 de quarta-feira (3).<\/strong><\/a> <strong><a href=\"https:\/\/folhadoleste.com.br\/en\/cedae-retoma-captacao-de-agua-para-abastecer-leste-fluminense\/\">Por\u00e9m, ap\u00f3s 64 horas e 43 minutos, a Cedae retomou, \u00e0s 22h42 desta sexta-feira (6), a capta\u00e7\u00e3o e tratamento de \u00e1gua do Sistema Imunana-Laranjal<\/a><\/strong>.\u00a0 Diante disso, previu que a produ\u00e7\u00e3o chegaria a 100% durante a madrugada.<\/p>\n<h3>Primeiras provid\u00eancias<\/h3>\n<p>Inicialmente, t\u00e9cnicos da Cedae e do Instituto Estadual do Ambiente (Inea) trabalharam para descobrir o que havia alterado a qualidade da \u00e1gua bruta (ainda n\u00e3o tratada) no manancial de capta\u00e7\u00e3o.<\/p>\n<p>Na quinta-feira (4), a companhia revelou se tratar de um produto qu\u00edmico, o polueno. Tamb\u00e9m disse ter descoberto o local de vazamento, pr\u00f3ximo a um oleoduto desativado da Petrobr\u00e1s.<\/p>\n<p>Para impedir a progress\u00e3o do poluente at\u00e9 a Esta\u00e7\u00e3o de Tratamento de \u00c1gua, a Cedae montou uma barreira, em conjunto com o Inea, para impedir que os poluentes chegassem at\u00e9 o ponto de capta\u00e7\u00e3o.<\/p>\n<p>Com a ado\u00e7\u00e3o dessa provid\u00eancia,\u00a0<strong><a href=\"https:\/\/folhadoleste.com.br\/en\/cedae-ja-tem-prazo-para-voltar-a-fornecer-agua\/\">o presidente da Cedae, Aguinaldo Ballon, chegou a dizer que o fornecimento de \u00e1gua voltaria ainda na quinta-feira, pois os n\u00edveis do poluente estavam caindo<\/a><\/strong>. Mas isso, por si s\u00f3, n\u00e3o bastou e somente serviu para criar uma falsa expectativa na popula\u00e7\u00e3o em agonia.<\/p>\n<div class=\"wp-video\"><\/div>\n<h3>For\u00e7a-tarefa<\/h3>\n<p><strong><a href=\"https:\/\/folhadoleste.com.br\/en\/cedae-emite-novo-pronunciamento-sobre-desabastecimento-de-agua\/\">As medidas eficazes s\u00f3 foram tomadas na sexta-feira (5), com o governador Cl\u00e1udio Castro interferindo diretamente na situa\u00e7\u00e3o, determinando a amplia\u00e7\u00e3o da for\u00e7a-tarefa.<\/a><\/strong>\u00a0Primordialmente, com a participa\u00e7\u00e3o da Petrobras e as concession\u00e1rias \u00c1guas do Brasil e \u00c1guas do Rio. J\u00e1 estavam atuando no problema as secretarias de Estado do Ambiente e Sustentabilidade, da Pol\u00edcia Civil, da Pol\u00edcia Militar, bem como o Inea e a\u00a0 pr\u00f3pria Cedae.<\/p>\n<div id=\"attachment_59986\" class=\"wp-caption alignnone\">\n<div id=\"attachment_59986\" style=\"width: 1290px\" class=\"wp-caption alignnone\"><img decoding=\"async\" aria-describedby=\"caption-attachment-59986\" class=\"wp-image-59986 size-full\" src=\"https:\/\/folhadoleste.com.br\/wp-content\/uploads\/2024\/04\/Cedae-emite-novo-pronunciamento-sobre-desabastecimento-de-agua.jpeg\" alt=\"\u00c1guas de Niter\u00f3i promete antecipar abastecimento\" width=\"1280\" height=\"720\" \/><p id=\"caption-attachment-59986\" class=\"wp-caption-text\">\u00c1guas de Niter\u00f3i promete antecipar abastecimento &#8211; Trabalho intensificado na tarde de sexta-feira (5) foi determinante para retomada do Imunana-Laranjal. Agora, a concession\u00e1rias \u00c1guas de Niter\u00f3i, tal como a \u00c1guas do Rio, d\u00e3o prazo para regularizar abastecimento<\/p><\/div>\n<p id=\"caption-attachment-59986\" class=\"wp-caption-text\"><span style=\"color: rgba(0, 0, 0, 0.7); font-size: 1.21429rem;\">Ap\u00f3s uma reuni\u00e3o de trabalho, Inea, Cedae e Petrobras cederam maquin\u00e1rio para remover o poluente que\u00a0 contamina a \u00e1gua dos rios, ao passo que a Petrobras e a Transpetro disponibilizaram barreiras de conten\u00e7\u00e3o. Por exemplo, recolhedores de oleof\u00edlico e vertedouro e mantas absorventes.<\/span><\/p>\n<\/div>\n<p>Assim, na tarde de sexta-feira, p\u00f4de ter in\u00edcio o trabalho de isolamento e suc\u00e7\u00e3o do composto qu\u00edmico tolueno no ponto cr\u00edtico do Sistema Imunana-Laranjal.<\/p>\n<h3>Demora nas a\u00e7\u00f5es<\/h3>\n<p>Certamente, a demora na ado\u00e7\u00e3o destas provid\u00eancias, aprofundaram a popula\u00e7\u00e3o do Leste Fluminense neste problema. Mesmo havendo a necessidade de somente restabelecer o servi\u00e7o com total seguran\u00e7a, caso as a\u00e7\u00f5es da for\u00e7a tarefa tivessem implementa\u00e7\u00e3o antes, a solu\u00e7\u00e3o viria, possivelmente, de forma mais veloz.<\/p>\n<p>&nbsp;<\/p>\n<p><a href=\"https:\/\/www.instagram.com\/folhadoleste\/\"><img decoding=\"async\" class=\"aligncenter wp-image-15962\" src=\"https:\/\/folhadoleste.com.br\/wp-content\/uploads\/2023\/07\/instagram.jpg.webp\" alt=\"Itaipu-Itaipua\u00e7u: Caminh\u00e3o causa grave acidente na RJ-102, a estrada da Serrinha\" width=\"49\" height=\"49\" \/><\/a><a href=\"https:\/\/www.facebook.com\/folhadoleste\"><img decoding=\"async\" class=\"aligncenter wp-image-7424\" src=\"https:\/\/folhadoleste.com.br\/wp-content\/uploads\/2023\/05\/facebook-logo-3-1.png.webp\" alt=\"Itaipu-Itaipua\u00e7u: Caminh\u00e3o causa grave acidente na RJ-102, a estrada da Serrinha\" width=\"49\" height=\"49\" \/><\/a><\/p>","protected":false},"excerpt":{"rendered":"<p>Em comunicado feito neste domingo (7), a concession\u00e1ria \u00c1guas de Niter\u00f3i promete antecipar a normaliza\u00e7\u00e3o do abastecimento, em cidade, para at\u00e9 a noite de hoje. Anteriormente, a promessa consistia em ter 100% da cidade abastecida at\u00e9 a manh\u00e3 de segunda-feira (8), observado o prazo de 48h, previsto no s\u00e1bado (6). Segundo a \u00c1guas de Niter\u00f3i, a maior parte da cidade j\u00e1 est\u00e1 recebendo \u00e1gua. \u201cO abastecimento est\u00e1 sendo retomado de forma gradativa e tem previs\u00e3o para ser normalizado at\u00e9 a noite de hoje (7\/4)\u201d. Ainda de acordo com a concession\u00e1ria, a \u00e1gua est\u00e1 pr\u00f3pria para consumo, considerando as an\u00e1lises realizadas [&hellip;]<\/p>\n","protected":false},"author":2,"featured_media":60194,"comment_status":"open","ping_status":"open","sticky":false,"template":"","format":"standard","meta":{"footnotes":""},"categories":[47,5],"tags":[10657,613,9389,23072,2766,334,23073,22818,50,16036,206,23071,22846],"class_list":["post-60189","post","type-post","status-publish","format-standard","has-post-thumbnail","hentry","category-leste-fluminense","category-noticias-de-niteroi","tag-abastecimento","tag-agua","tag-aguas-de-niteroi","tag-alteracao-da-agua","tag-cedae","tag-claudio-castro","tag-cor-da-agua","tag-imunana-laranjal","tag-niteroi","tag-normalizacao","tag-rj","tag-sem-agua","tag-tolueno","post--single"],"yoast_head":"<!-- This site is optimized with the Yoast SEO plugin v27.4 - https:\/\/yoast.com\/product\/yoast-seo-wordpress\/ -->\n<title>\u00c1guas de Niter\u00f3i promete antecipar abastecimento &#8226; Folha do Leste<\/title>\n<meta name=\"description\" content=\"\u00c1guas de Niter\u00f3i promete antecipar a normaliza\u00e7\u00e3o do abastecimento. Antes, a promessa era 100% da cidade abastecida at\u00e9 segunda-feira (8)\" \/>\n<meta name=\"robots\" content=\"index, follow, max-snippet:-1, max-image-preview:large, max-video-preview:-1\" \/>\n<link rel=\"canonical\" href=\"https:\/\/folhadoleste.com.br\/en\/aguas-de-niteroi-promete-antecipar-abastecimento\/\" \/>\n<meta property=\"og:locale\" content=\"en_US\" \/>\n<meta property=\"og:type\" content=\"article\" \/>\n<meta property=\"og:title\" content=\"\u00c1guas de Niter\u00f3i promete antecipar abastecimento &#8226; Folha do Leste\" \/>\n<meta property=\"og:description\" content=\"Leste Fluminense, Niter\u00f3i &#8226; 7 de April de 2024 &#8226; Folha do Leste\" \/>\n<meta property=\"og:url\" content=\"https:\/\/folhadoleste.com.br\/en\/aguas-de-niteroi-promete-antecipar-abastecimento\/\" \/>\n<meta property=\"og:site_name\" content=\"Folha do Leste\" \/>\n<meta property=\"article:publisher\" content=\"https:\/\/www.facebook.com\/folhadoleste\" \/>\n<meta property=\"article:author\" content=\"https:\/\/www.facebook.com\/reporter.andrefreitas\/\" \/>\n<meta property=\"article:published_time\" content=\"2024-04-07T17:28:18+00:00\" \/>\n<meta property=\"article:modified_time\" content=\"2024-04-07T23:42:57+00:00\" \/>\n<meta property=\"og:image\" content=\"https:\/\/folhadoleste.com.br\/wp-content\/uploads\/2024\/04\/torneira-Aguas-de-Niteroi-promete-antecipar-abastecimento.webp\" \/>\n\t<meta property=\"og:image:width\" content=\"702\" \/>\n\t<meta property=\"og:image:height\" content=\"393\" \/>\n\t<meta property=\"og:image:type\" content=\"image\/webp\" \/>\n<meta name=\"author\" content=\"Andr\u00e9 Freitas\" \/>\n<meta name=\"twitter:card\" content=\"summary_large_image\" \/>\n<meta name=\"twitter:creator\" content=\"@andrefreitas_fl\" \/>\n<meta name=\"twitter:site\" content=\"@FolhadoLesteRJ\" \/>\n<meta name=\"twitter:label1\" content=\"Written by\" \/>\n\t<meta name=\"twitter:data1\" content=\"Andr\u00e9 Freitas\" \/>\n\t<meta name=\"twitter:label2\" content=\"Est. reading time\" \/>\n\t<meta name=\"twitter:data2\" content=\"5 minutes\" \/>\n<script type=\"application\/ld+json\" class=\"yoast-schema-graph\">{\"@context\":\"https:\\\/\\\/schema.org\",\"@graph\":[{\"@type\":\"NewsArticle\",\"@id\":\"https:\\\/\\\/folhadoleste.com.br\\\/aguas-de-niteroi-promete-antecipar-abastecimento\\\/#article\",\"isPartOf\":{\"@id\":\"https:\\\/\\\/folhadoleste.com.br\\\/aguas-de-niteroi-promete-antecipar-abastecimento\\\/\"},\"author\":{\"name\":\"Andr\u00e9 Freitas\",\"@id\":\"https:\\\/\\\/folhadoleste.com.br\\\/#\\\/schema\\\/person\\\/7df02ce7ce01cc6d79b740381f6f5446\"},\"headline\":\"\u00c1guas de Niter\u00f3i promete antecipar abastecimento\",\"datePublished\":\"2024-04-07T17:28:18+00:00\",\"dateModified\":\"2024-04-07T23:42:57+00:00\",\"mainEntityOfPage\":{\"@id\":\"https:\\\/\\\/folhadoleste.com.br\\\/aguas-de-niteroi-promete-antecipar-abastecimento\\\/\"},\"wordCount\":813,\"commentCount\":0,\"publisher\":{\"@id\":\"https:\\\/\\\/folhadoleste.com.br\\\/#organization\"},\"image\":{\"@id\":\"https:\\\/\\\/folhadoleste.com.br\\\/aguas-de-niteroi-promete-antecipar-abastecimento\\\/#primaryimage\"},\"thumbnailUrl\":\"https:\\\/\\\/folhadoleste.com.br\\\/wp-content\\\/uploads\\\/2024\\\/04\\\/torneira-Aguas-de-Niteroi-promete-antecipar-abastecimento.webp\",\"keywords\":[\"abastecimento\",\"\u00e1gua\",\"\u00e1guas de niter\u00f3i\",\"altera\u00e7\u00e3o da \u00e1gua\",\"Cedae\",\"Claudio Castro\",\"cor da \u00e1gua\",\"Imunana-Laranjal\",\"Niter\u00f3i\",\"Normaliza\u00e7\u00e3o\",\"RJ\",\"sem \u00e1gua\",\"Tolueno\"],\"articleSection\":[\"Leste Fluminense\",\"Niter\u00f3i\"],\"inLanguage\":\"en-US\",\"potentialAction\":[{\"@type\":\"CommentAction\",\"name\":\"Comment\",\"target\":[\"https:\\\/\\\/folhadoleste.com.br\\\/aguas-de-niteroi-promete-antecipar-abastecimento\\\/#respond\"]}]},{\"@type\":\"WebPage\",\"@id\":\"https:\\\/\\\/folhadoleste.com.br\\\/aguas-de-niteroi-promete-antecipar-abastecimento\\\/\",\"url\":\"https:\\\/\\\/folhadoleste.com.br\\\/aguas-de-niteroi-promete-antecipar-abastecimento\\\/\",\"name\":\"\u00c1guas de Niter\u00f3i promete antecipar abastecimento &#8226; Folha do Leste\",\"isPartOf\":{\"@id\":\"https:\\\/\\\/folhadoleste.com.br\\\/#website\"},\"primaryImageOfPage\":{\"@id\":\"https:\\\/\\\/folhadoleste.com.br\\\/aguas-de-niteroi-promete-antecipar-abastecimento\\\/#primaryimage\"},\"image\":{\"@id\":\"https:\\\/\\\/folhadoleste.com.br\\\/aguas-de-niteroi-promete-antecipar-abastecimento\\\/#primaryimage\"},\"thumbnailUrl\":\"https:\\\/\\\/folhadoleste.com.br\\\/wp-content\\\/uploads\\\/2024\\\/04\\\/torneira-Aguas-de-Niteroi-promete-antecipar-abastecimento.webp\",\"datePublished\":\"2024-04-07T17:28:18+00:00\",\"dateModified\":\"2024-04-07T23:42:57+00:00\",\"description\":\"\u00c1guas de Niter\u00f3i promete antecipar a normaliza\u00e7\u00e3o do abastecimento. Antes, a promessa era 100% da cidade abastecida at\u00e9 segunda-feira (8)\",\"breadcrumb\":{\"@id\":\"https:\\\/\\\/folhadoleste.com.br\\\/aguas-de-niteroi-promete-antecipar-abastecimento\\\/#breadcrumb\"},\"inLanguage\":\"en-US\",\"potentialAction\":[{\"@type\":\"ReadAction\",\"target\":[\"https:\\\/\\\/folhadoleste.com.br\\\/aguas-de-niteroi-promete-antecipar-abastecimento\\\/\"]}]},{\"@type\":\"ImageObject\",\"inLanguage\":\"en-US\",\"@id\":\"https:\\\/\\\/folhadoleste.com.br\\\/aguas-de-niteroi-promete-antecipar-abastecimento\\\/#primaryimage\",\"url\":\"https:\\\/\\\/folhadoleste.com.br\\\/wp-content\\\/uploads\\\/2024\\\/04\\\/torneira-Aguas-de-Niteroi-promete-antecipar-abastecimento.webp\",\"contentUrl\":\"https:\\\/\\\/folhadoleste.com.br\\\/wp-content\\\/uploads\\\/2024\\\/04\\\/torneira-Aguas-de-Niteroi-promete-antecipar-abastecimento.webp\",\"width\":702,\"height\":393},{\"@type\":\"BreadcrumbList\",\"@id\":\"https:\\\/\\\/folhadoleste.com.br\\\/aguas-de-niteroi-promete-antecipar-abastecimento\\\/#breadcrumb\",\"itemListElement\":[{\"@type\":\"ListItem\",\"position\":1,\"name\":\"In\u00edcio\",\"item\":\"https:\\\/\\\/folhadoleste.com.br\\\/\"},{\"@type\":\"ListItem\",\"position\":2,\"name\":\"Estado do Rio de Janeiro\",\"item\":\"https:\\\/\\\/folhadoleste.com.br\\\/category\\\/estado-do-rio-de-janeiro\\\/\"},{\"@type\":\"ListItem\",\"position\":3,\"name\":\"Leste Fluminense\",\"item\":\"https:\\\/\\\/folhadoleste.com.br\\\/category\\\/estado-do-rio-de-janeiro\\\/leste-fluminense\\\/\"},{\"@type\":\"ListItem\",\"position\":4,\"name\":\"Niter\u00f3i\",\"item\":\"https:\\\/\\\/folhadoleste.com.br\\\/category\\\/estado-do-rio-de-janeiro\\\/leste-fluminense\\\/noticias-de-niteroi\\\/\"},{\"@type\":\"ListItem\",\"position\":5,\"name\":\"\u00c1guas de Niter\u00f3i promete antecipar abastecimento\"}]},{\"@type\":\"WebSite\",\"@id\":\"https:\\\/\\\/folhadoleste.com.br\\\/#website\",\"url\":\"https:\\\/\\\/folhadoleste.com.br\\\/\",\"name\":\"Folha do Leste\",\"description\":\"Portal de Not\u00edcias com \u00eanfase em Niter\u00f3i, criando conte\u00fados desde a capital Rio de Janeiro, com olhar para o Leste Fluminense e suas cidades como S\u00e3o Gon\u00e7alo, Itabora\u00ed, Rio Bonito, Maric\u00e1, Saquarema e Araruama\",\"publisher\":{\"@id\":\"https:\\\/\\\/folhadoleste.com.br\\\/#organization\"},\"alternateName\":\"FL\",\"potentialAction\":[{\"@type\":\"SearchAction\",\"target\":{\"@type\":\"EntryPoint\",\"urlTemplate\":\"https:\\\/\\\/folhadoleste.com.br\\\/?s={search_term_string}\"},\"query-input\":{\"@type\":\"PropertyValueSpecification\",\"valueRequired\":true,\"valueName\":\"search_term_string\"}}],\"inLanguage\":\"en-US\"},{\"@type\":\"Organization\",\"@id\":\"https:\\\/\\\/folhadoleste.com.br\\\/#organization\",\"name\":\"Brasil 21 Comunica\u00e7\u00e3o\",\"alternateName\":\"BR21\",\"url\":\"https:\\\/\\\/folhadoleste.com.br\\\/\",\"logo\":{\"@type\":\"ImageObject\",\"inLanguage\":\"en-US\",\"@id\":\"https:\\\/\\\/folhadoleste.com.br\\\/#\\\/schema\\\/logo\\\/image\\\/\",\"url\":\"https:\\\/\\\/folhadoleste.com.br\\\/wp-content\\\/uploads\\\/2025\\\/12\\\/brasil-21-logomarca.avif\",\"contentUrl\":\"https:\\\/\\\/folhadoleste.com.br\\\/wp-content\\\/uploads\\\/2025\\\/12\\\/brasil-21-logomarca.avif\",\"width\":1044,\"height\":1044,\"caption\":\"Brasil 21 Comunica\u00e7\u00e3o\"},\"image\":{\"@id\":\"https:\\\/\\\/folhadoleste.com.br\\\/#\\\/schema\\\/logo\\\/image\\\/\"},\"sameAs\":[\"https:\\\/\\\/www.facebook.com\\\/folhadoleste\",\"https:\\\/\\\/x.com\\\/FolhadoLesteRJ\",\"https:\\\/\\\/www.instagram.com\\\/folhadoleste\\\/\"]},{\"@type\":\"Person\",\"@id\":\"https:\\\/\\\/folhadoleste.com.br\\\/#\\\/schema\\\/person\\\/7df02ce7ce01cc6d79b740381f6f5446\",\"name\":\"Andr\u00e9 Freitas\",\"pronouns\":\"Ele\\\/dele\",\"image\":{\"@type\":\"ImageObject\",\"inLanguage\":\"en-US\",\"@id\":\"https:\\\/\\\/folhadoleste.com.br\\\/wp-content\\\/litespeed\\\/avatar\\\/0357fd225fa38935ec9aabab3531fa5e.jpg?ver=1776694174\",\"url\":\"https:\\\/\\\/folhadoleste.com.br\\\/wp-content\\\/litespeed\\\/avatar\\\/0357fd225fa38935ec9aabab3531fa5e.jpg?ver=1776694174\",\"contentUrl\":\"https:\\\/\\\/folhadoleste.com.br\\\/wp-content\\\/litespeed\\\/avatar\\\/0357fd225fa38935ec9aabab3531fa5e.jpg?ver=1776694174\",\"caption\":\"Andr\u00e9 Freitas\"},\"description\":\"Andr\u00e9 Freitas \u00e9 diretor-executivo e rep\u00f3rter do Folha do Leste e da Brasil 21 Comunica\u00e7\u00e3o. Jornalista e radialista desde a d\u00e9cada de 1990, \u00e9 narrador esportivo e cronista especializado em Carnaval, com 26 coberturas presenciais na Marqu\u00eas de Sapuca\u00ed. Possui ampla experi\u00eancia na cobertura da editoria de pol\u00edtica, em raz\u00e3o de fun\u00e7\u00f5es exercidas nos poderes Legislativo e Executivo, com atua\u00e7\u00e3o nas C\u00e2maras Municipais de Niter\u00f3i, S\u00e3o Gon\u00e7alo e Campos dos Goytacazes, al\u00e9m da Assembleia Legislativa do Estado do Rio de Janeiro (Alerj) e da Prefeitura de Niter\u00f3i. Dirigiu por 15 anos a R\u00e1dio Absoluta, onde apresentou programas noticiosos di\u00e1rios e conduziu coberturas esportivas, incluindo mais de uma d\u00e9cada acompanhando a sele\u00e7\u00e3o brasileira de futebol. Nesse per\u00edodo, esteve presente em duas Copas do Mundo e em uma edi\u00e7\u00e3o dos Jogos Ol\u00edmpicos. Trabalhou tamb\u00e9m nas r\u00e1dios Campos Difusora (Campos\\\/RJ) e Litor\u00e2nea (ES). Exerceu o cargo de editor-chefe nos jornais Olho Vivo (Niter\u00f3i\\\/RJ) e A Tribuna (Niter\u00f3i\\\/RJ), al\u00e9m de atuar como colunista do jornal O Di\u00e1rio (Campos dos Goytacazes\\\/RJ).\",\"sameAs\":[\"https:\\\/\\\/folhadoleste.com.br\",\"https:\\\/\\\/www.facebook.com\\\/reporter.andrefreitas\\\/\",\"https:\\\/\\\/www.instagram.com\\\/andrefreitas.jornalista\\\/\",\"www.linkedin.com\\\/in\\\/andr\u00e9-freitas-jornalista\",\"https:\\\/\\\/x.com\\\/andrefreitas_fl\"],\"url\":\"https:\\\/\\\/folhadoleste.com.br\\\/en\\\/author\\\/andrefreitas\\\/\"}]}<\/script>\n<!-- \/ Yoast SEO plugin. -->","yoast_head_json":{"title":"\u00c1guas de Niter\u00f3i promete antecipar abastecimento &#8226; Folha do Leste","description":"\u00c1guas de Niter\u00f3i promete antecipar a normaliza\u00e7\u00e3o do abastecimento. Antes, a promessa era 100% da cidade abastecida at\u00e9 segunda-feira (8)","robots":{"index":"index","follow":"follow","max-snippet":"max-snippet:-1","max-image-preview":"max-image-preview:large","max-video-preview":"max-video-preview:-1"},"canonical":"https:\/\/folhadoleste.com.br\/en\/aguas-de-niteroi-promete-antecipar-abastecimento\/","og_locale":"en_US","og_type":"article","og_title":"\u00c1guas de Niter\u00f3i promete antecipar abastecimento &#8226; Folha do Leste","og_description":"Leste Fluminense, Niter\u00f3i &#8226; 7 de April de 2024 &#8226; Folha do Leste","og_url":"https:\/\/folhadoleste.com.br\/en\/aguas-de-niteroi-promete-antecipar-abastecimento\/","og_site_name":"Folha do Leste","article_publisher":"https:\/\/www.facebook.com\/folhadoleste","article_author":"https:\/\/www.facebook.com\/reporter.andrefreitas\/","article_published_time":"2024-04-07T17:28:18+00:00","article_modified_time":"2024-04-07T23:42:57+00:00","og_image":[{"width":702,"height":393,"url":"https:\/\/folhadoleste.com.br\/wp-content\/uploads\/2024\/04\/torneira-Aguas-de-Niteroi-promete-antecipar-abastecimento.webp","type":"image\/webp"}],"author":"Andr\u00e9 Freitas","twitter_card":"summary_large_image","twitter_creator":"@andrefreitas_fl","twitter_site":"@FolhadoLesteRJ","twitter_misc":{"Written by":"Andr\u00e9 Freitas","Est. reading time":"5 minutes"},"schema":{"@context":"https:\/\/schema.org","@graph":[{"@type":"NewsArticle","@id":"https:\/\/folhadoleste.com.br\/aguas-de-niteroi-promete-antecipar-abastecimento\/#article","isPartOf":{"@id":"https:\/\/folhadoleste.com.br\/aguas-de-niteroi-promete-antecipar-abastecimento\/"},"author":{"name":"Andr\u00e9 Freitas","@id":"https:\/\/folhadoleste.com.br\/#\/schema\/person\/7df02ce7ce01cc6d79b740381f6f5446"},"headline":"\u00c1guas de Niter\u00f3i promete antecipar abastecimento","datePublished":"2024-04-07T17:28:18+00:00","dateModified":"2024-04-07T23:42:57+00:00","mainEntityOfPage":{"@id":"https:\/\/folhadoleste.com.br\/aguas-de-niteroi-promete-antecipar-abastecimento\/"},"wordCount":813,"commentCount":0,"publisher":{"@id":"https:\/\/folhadoleste.com.br\/#organization"},"image":{"@id":"https:\/\/folhadoleste.com.br\/aguas-de-niteroi-promete-antecipar-abastecimento\/#primaryimage"},"thumbnailUrl":"https:\/\/folhadoleste.com.br\/wp-content\/uploads\/2024\/04\/torneira-Aguas-de-Niteroi-promete-antecipar-abastecimento.webp","keywords":["abastecimento","\u00e1gua","\u00e1guas de niter\u00f3i","altera\u00e7\u00e3o da \u00e1gua","Cedae","Claudio Castro","cor da \u00e1gua","Imunana-Laranjal","Niter\u00f3i","Normaliza\u00e7\u00e3o","RJ","sem \u00e1gua","Tolueno"],"articleSection":["Leste Fluminense","Niter\u00f3i"],"inLanguage":"en-US","potentialAction":[{"@type":"CommentAction","name":"Comment","target":["https:\/\/folhadoleste.com.br\/aguas-de-niteroi-promete-antecipar-abastecimento\/#respond"]}]},{"@type":"WebPage","@id":"https:\/\/folhadoleste.com.br\/aguas-de-niteroi-promete-antecipar-abastecimento\/","url":"https:\/\/folhadoleste.com.br\/aguas-de-niteroi-promete-antecipar-abastecimento\/","name":"\u00c1guas de Niter\u00f3i promete antecipar abastecimento &#8226; Folha do Leste","isPartOf":{"@id":"https:\/\/folhadoleste.com.br\/#website"},"primaryImageOfPage":{"@id":"https:\/\/folhadoleste.com.br\/aguas-de-niteroi-promete-antecipar-abastecimento\/#primaryimage"},"image":{"@id":"https:\/\/folhadoleste.com.br\/aguas-de-niteroi-promete-antecipar-abastecimento\/#primaryimage"},"thumbnailUrl":"https:\/\/folhadoleste.com.br\/wp-content\/uploads\/2024\/04\/torneira-Aguas-de-Niteroi-promete-antecipar-abastecimento.webp","datePublished":"2024-04-07T17:28:18+00:00","dateModified":"2024-04-07T23:42:57+00:00","description":"\u00c1guas de Niter\u00f3i promete antecipar a normaliza\u00e7\u00e3o do abastecimento. Antes, a promessa era 100% da cidade abastecida at\u00e9 segunda-feira (8)","breadcrumb":{"@id":"https:\/\/folhadoleste.com.br\/aguas-de-niteroi-promete-antecipar-abastecimento\/#breadcrumb"},"inLanguage":"en-US","potentialAction":[{"@type":"ReadAction","target":["https:\/\/folhadoleste.com.br\/aguas-de-niteroi-promete-antecipar-abastecimento\/"]}]},{"@type":"ImageObject","inLanguage":"en-US","@id":"https:\/\/folhadoleste.com.br\/aguas-de-niteroi-promete-antecipar-abastecimento\/#primaryimage","url":"https:\/\/folhadoleste.com.br\/wp-content\/uploads\/2024\/04\/torneira-Aguas-de-Niteroi-promete-antecipar-abastecimento.webp","contentUrl":"https:\/\/folhadoleste.com.br\/wp-content\/uploads\/2024\/04\/torneira-Aguas-de-Niteroi-promete-antecipar-abastecimento.webp","width":702,"height":393},{"@type":"BreadcrumbList","@id":"https:\/\/folhadoleste.com.br\/aguas-de-niteroi-promete-antecipar-abastecimento\/#breadcrumb","itemListElement":[{"@type":"ListItem","position":1,"name":"In\u00edcio","item":"https:\/\/folhadoleste.com.br\/"},{"@type":"ListItem","position":2,"name":"Estado do Rio de Janeiro","item":"https:\/\/folhadoleste.com.br\/category\/estado-do-rio-de-janeiro\/"},{"@type":"ListItem","position":3,"name":"Leste Fluminense","item":"https:\/\/folhadoleste.com.br\/category\/estado-do-rio-de-janeiro\/leste-fluminense\/"},{"@type":"ListItem","position":4,"name":"Niter\u00f3i","item":"https:\/\/folhadoleste.com.br\/category\/estado-do-rio-de-janeiro\/leste-fluminense\/noticias-de-niteroi\/"},{"@type":"ListItem","position":5,"name":"\u00c1guas de Niter\u00f3i promete antecipar abastecimento"}]},{"@type":"WebSite","@id":"https:\/\/folhadoleste.com.br\/#website","url":"https:\/\/folhadoleste.com.br\/","name":"Folha do Leste","description":"Portal de Not\u00edcias com \u00eanfase em Niter\u00f3i, criando conte\u00fados desde a capital Rio de Janeiro, com olhar para o Leste Fluminense e suas cidades como S\u00e3o Gon\u00e7alo, Itabora\u00ed, Rio Bonito, Maric\u00e1, Saquarema e Araruama","publisher":{"@id":"https:\/\/folhadoleste.com.br\/#organization"},"alternateName":"FL","potentialAction":[{"@type":"SearchAction","target":{"@type":"EntryPoint","urlTemplate":"https:\/\/folhadoleste.com.br\/?s={search_term_string}"},"query-input":{"@type":"PropertyValueSpecification","valueRequired":true,"valueName":"search_term_string"}}],"inLanguage":"en-US"},{"@type":"Organization","@id":"https:\/\/folhadoleste.com.br\/#organization","name":"Brasil 21 Comunica\u00e7\u00e3o","alternateName":"BR21","url":"https:\/\/folhadoleste.com.br\/","logo":{"@type":"ImageObject","inLanguage":"en-US","@id":"https:\/\/folhadoleste.com.br\/#\/schema\/logo\/image\/","url":"https:\/\/folhadoleste.com.br\/wp-content\/uploads\/2025\/12\/brasil-21-logomarca.avif","contentUrl":"https:\/\/folhadoleste.com.br\/wp-content\/uploads\/2025\/12\/brasil-21-logomarca.avif","width":1044,"height":1044,"caption":"Brasil 21 Comunica\u00e7\u00e3o"},"image":{"@id":"https:\/\/folhadoleste.com.br\/#\/schema\/logo\/image\/"},"sameAs":["https:\/\/www.facebook.com\/folhadoleste","https:\/\/x.com\/FolhadoLesteRJ","https:\/\/www.instagram.com\/folhadoleste\/"]},{"@type":"Person","@id":"https:\/\/folhadoleste.com.br\/#\/schema\/person\/7df02ce7ce01cc6d79b740381f6f5446","name":"Andr\u00e9 Freitas","pronouns":"Ele\/dele","image":{"@type":"ImageObject","inLanguage":"en-US","@id":"https:\/\/folhadoleste.com.br\/wp-content\/litespeed\/avatar\/0357fd225fa38935ec9aabab3531fa5e.jpg?ver=1776694174","url":"https:\/\/folhadoleste.com.br\/wp-content\/litespeed\/avatar\/0357fd225fa38935ec9aabab3531fa5e.jpg?ver=1776694174","contentUrl":"https:\/\/folhadoleste.com.br\/wp-content\/litespeed\/avatar\/0357fd225fa38935ec9aabab3531fa5e.jpg?ver=1776694174","caption":"Andr\u00e9 Freitas"},"description":"Andr\u00e9 Freitas \u00e9 diretor-executivo e rep\u00f3rter do Folha do Leste e da Brasil 21 Comunica\u00e7\u00e3o. Jornalista e radialista desde a d\u00e9cada de 1990, \u00e9 narrador esportivo e cronista especializado em Carnaval, com 26 coberturas presenciais na Marqu\u00eas de Sapuca\u00ed. Possui ampla experi\u00eancia na cobertura da editoria de pol\u00edtica, em raz\u00e3o de fun\u00e7\u00f5es exercidas nos poderes Legislativo e Executivo, com atua\u00e7\u00e3o nas C\u00e2maras Municipais de Niter\u00f3i, S\u00e3o Gon\u00e7alo e Campos dos Goytacazes, al\u00e9m da Assembleia Legislativa do Estado do Rio de Janeiro (Alerj) e da Prefeitura de Niter\u00f3i. Dirigiu por 15 anos a R\u00e1dio Absoluta, onde apresentou programas noticiosos di\u00e1rios e conduziu coberturas esportivas, incluindo mais de uma d\u00e9cada acompanhando a sele\u00e7\u00e3o brasileira de futebol. Nesse per\u00edodo, esteve presente em duas Copas do Mundo e em uma edi\u00e7\u00e3o dos Jogos Ol\u00edmpicos. Trabalhou tamb\u00e9m nas r\u00e1dios Campos Difusora (Campos\/RJ) e Litor\u00e2nea (ES). Exerceu o cargo de editor-chefe nos jornais Olho Vivo (Niter\u00f3i\/RJ) e A Tribuna (Niter\u00f3i\/RJ), al\u00e9m de atuar como colunista do jornal O Di\u00e1rio (Campos dos Goytacazes\/RJ).","sameAs":["https:\/\/folhadoleste.com.br","https:\/\/www.facebook.com\/reporter.andrefreitas\/","https:\/\/www.instagram.com\/andrefreitas.jornalista\/","www.linkedin.com\/in\/andr\u00e9-freitas-jornalista","https:\/\/x.com\/andrefreitas_fl"],"url":"https:\/\/folhadoleste.com.br\/en\/author\/andrefreitas\/"}]}},"_links":{"self":[{"href":"https:\/\/folhadoleste.com.br\/en\/wp-json\/wp\/v2\/posts\/60189","targetHints":{"allow":["GET"]}}],"collection":[{"href":"https:\/\/folhadoleste.com.br\/en\/wp-json\/wp\/v2\/posts"}],"about":[{"href":"https:\/\/folhadoleste.com.br\/en\/wp-json\/wp\/v2\/types\/post"}],"author":[{"embeddable":true,"href":"https:\/\/folhadoleste.com.br\/en\/wp-json\/wp\/v2\/users\/2"}],"replies":[{"embeddable":true,"href":"https:\/\/folhadoleste.com.br\/en\/wp-json\/wp\/v2\/comments?post=60189"}],"version-history":[{"count":5,"href":"https:\/\/folhadoleste.com.br\/en\/wp-json\/wp\/v2\/posts\/60189\/revisions"}],"predecessor-version":[{"id":60234,"href":"https:\/\/folhadoleste.com.br\/en\/wp-json\/wp\/v2\/posts\/60189\/revisions\/60234"}],"wp:featuredmedia":[{"embeddable":true,"href":"https:\/\/folhadoleste.com.br\/en\/wp-json\/wp\/v2\/media\/60194"}],"wp:attachment":[{"href":"https:\/\/folhadoleste.com.br\/en\/wp-json\/wp\/v2\/media?parent=60189"}],"wp:term":[{"taxonomy":"category","embeddable":true,"href":"https:\/\/folhadoleste.com.br\/en\/wp-json\/wp\/v2\/categories?post=60189"},{"taxonomy":"post_tag","embeddable":true,"href":"https:\/\/folhadoleste.com.br\/en\/wp-json\/wp\/v2\/tags?post=60189"}],"curies":[{"name":"wp","href":"https:\/\/api.w.org\/{rel}","templated":true}]}}