{"id":60161,"date":"2024-04-07T11:51:06","date_gmt":"2024-04-07T14:51:06","guid":{"rendered":"https:\/\/folhadoleste.com.br\/?p=60161"},"modified":"2024-04-07T11:51:06","modified_gmt":"2024-04-07T14:51:06","slug":"conheca-a-tv-3-0-o-futuro-da-televisao-chegou-ao-brasil","status":"publish","type":"post","link":"https:\/\/folhadoleste.com.br\/en\/conheca-a-tv-3-0-o-futuro-da-televisao-chegou-ao-brasil\/","title":{"rendered":"Conhe\u00e7a a TV 3.0: O futuro da televis\u00e3o chegou ao Brasil"},"content":{"rendered":"<div id=\"attachment_60163\" style=\"width: 1110px\" class=\"wp-caption aligncenter\"><img decoding=\"async\" aria-describedby=\"caption-attachment-60163\" class=\"size-full wp-image-60163\" src=\"https:\/\/folhadoleste.com.br\/wp-content\/uploads\/2024\/04\/Conheca-a-TV-3.0-O-futuro-da-televisao-chegou-ao-Brasil-Foto-Andres-Rodriguez-Pixabay.jpg\" alt=\"Conhe\u00e7a a TV 3.0: O futuro da televis\u00e3o chegou ao Brasil\" width=\"1100\" height=\"728\" \/><p id=\"caption-attachment-60163\" class=\"wp-caption-text\">Foto: Andr\u00e9s Rodriguez &#8211; Pixabay<\/p><\/div>\n<p data-sourcepos=\"3:1-3:360\">O ministro das Comunica\u00e7\u00f5es, Juscelino Filho, apresentou na \u00faltima quarta-feira (3) o plano de implanta\u00e7\u00e3o da TV 3.0 no Brasil, a nova gera\u00e7\u00e3o da TV digital para canais abertos e por assinatura. Previsto para ser implementado em 2025, o sistema trar\u00e1 melhorias de imagem e som, al\u00e9m de maior interatividade com o espectador.<\/p>\n<p data-sourcepos=\"7:1-7:297\">Com a TV 3.0, as TVs ter\u00e3o um salto de resolu\u00e7\u00e3o, do Full HD (1.920 x 1.080 pixels) para 4K (3.840 x 2.160 pixels) ou at\u00e9 8K (7.680 x 4.320 pixels). Al\u00e9m da maior defini\u00e7\u00e3o de imagem, a nova tecnologia oferecer\u00e1 melhor nitidez, contraste e cores, com suporte \u00e0 tecnologia HDR (High Dynamic Range).<\/p>\n<h5 data-sourcepos=\"7:1-7:333\">\u25ba\u00a0<a href=\"https:\/\/folhadoleste.com.br\/en\/category\/brasil\/\">Leia mais not\u00edcias sobre Brasil aqui<\/a><\/h5>\n<p data-sourcepos=\"11:1-11:216\">A interatividade ser\u00e1 um dos principais diferenciais da TV 3.0. Para isso, as TVs precisar\u00e3o estar conectadas \u00e0 internet. As op\u00e7\u00f5es de intera\u00e7\u00e3o depender\u00e3o do provedor de conte\u00fado, mas algumas possibilidades incluem:<\/p>\n<ul data-sourcepos=\"13:1-18:0\">\n<li data-sourcepos=\"13:1-13:21\">Responder enquetes;<\/li>\n<li data-sourcepos=\"14:1-14:74\">Escolher entre diferentes c\u00e2meras em um reality show ou jogo de futebol;<\/li>\n<li data-sourcepos=\"15:1-15:57\">Realizar compras online dos itens apresentados na tela;<\/li>\n<li data-sourcepos=\"16:1-16:76\">Acessar servi\u00e7os e pol\u00edticas p\u00fablicas, como programas de sa\u00fade e educa\u00e7\u00e3o;<\/li>\n<li data-sourcepos=\"17:1-18:0\">Personalizar os temas e as propagandas dispon\u00edveis nos canais.<\/li>\n<\/ul>\n<p data-sourcepos=\"19:1-19:185\">O Minist\u00e9rio das Comunica\u00e7\u00f5es tamb\u00e9m prev\u00ea a integra\u00e7\u00e3o da TV com aplicativos, permitindo uma navega\u00e7\u00e3o mais interativa e acesso a conte\u00fados sob demanda, como s\u00e9ries, jogos e programas.<\/p>\n<h5 data-sourcepos=\"7:1-7:333\">\u25ba\u00a0<a href=\"https:\/\/folhadoleste.com.br\/en\/category\/brasil\/\">Leia mais not\u00edcias sobre Brasil aqui<\/a><\/h5>\n<p data-sourcepos=\"23:1-23:345\">A migra\u00e7\u00e3o para a TV 3.0 ser\u00e1 gradativa, come\u00e7ando pelas grandes cidades. O governo ainda definir\u00e1 qual modelo ser\u00e1 adotado (japon\u00eas, americano ou uma mescla com o europeu) at\u00e9 31 de dezembro de 2024. A meta \u00e9 que o presidente Lula assine um decreto para que as emissoras se adequem ao cronograma de implanta\u00e7\u00e3o a tempo da Copa do Mundo de 2026.<\/p>\n<p data-sourcepos=\"25:1-25:331\">O acesso \u00e0 TV 3.0 ser\u00e1 gratuito, mas os telespectadores precisar\u00e3o de um conversor para receber o sinal do novo padr\u00e3o, at\u00e9 que as TVs dispon\u00edveis no mercado estejam prontas para receb\u00ea-lo. O governo ainda n\u00e3o definiu se oferecer\u00e1 conversores gratuitos para fam\u00edlias de baixa renda, como na migra\u00e7\u00e3o da TV anal\u00f3gica para a digital.<\/p>\n<p data-sourcepos=\"29:1-29:254\">Um dos desafios para a implementa\u00e7\u00e3o da TV 3.0 \u00e9 o acesso \u00e0 internet. De acordo com o IBGE, 6,4 milh\u00f5es de casas no Brasil n\u00e3o t\u00eam acesso \u00e0 rede. Outro desafio \u00e9 o custo dos conversores e das novas TVs, que podem ser inacess\u00edveis para parte da popula\u00e7\u00e3o.<\/p>\n<p data-sourcepos=\"29:1-29:254\">\n<p data-sourcepos=\"29:1-29:254\"><a href=\"https:\/\/www.instagram.com\/folhadoleste\/\"><img decoding=\"async\" class=\"aligncenter wp-image-15962\" src=\"https:\/\/folhadoleste.com.br\/wp-content\/uploads\/2023\/07\/instagram.jpg.webp\" alt=\"Itaipu-Itaipua\u00e7u: Caminh\u00e3o causa grave acidente na RJ-102, a estrada da Serrinha\" width=\"49\" height=\"49\" \/><\/a><a href=\"https:\/\/www.facebook.com\/folhadoleste\"><img decoding=\"async\" class=\"aligncenter wp-image-7424\" src=\"https:\/\/folhadoleste.com.br\/wp-content\/uploads\/2023\/05\/facebook-logo-3-1.png.webp\" alt=\"Itaipu-Itaipua\u00e7u: Caminh\u00e3o causa grave acidente na RJ-102, a estrada da Serrinha\" width=\"49\" height=\"49\" \/><\/a><\/p>","protected":false},"excerpt":{"rendered":"<p>O ministro das Comunica\u00e7\u00f5es, Juscelino Filho, apresentou na \u00faltima quarta-feira (3) o plano de implanta\u00e7\u00e3o da TV 3.0 no Brasil, a nova gera\u00e7\u00e3o da TV digital para canais abertos e por assinatura. Previsto para ser implementado em 2025, o sistema trar\u00e1 melhorias de imagem e som, al\u00e9m de maior interatividade com o espectador. Com a TV 3.0, as TVs ter\u00e3o um salto de resolu\u00e7\u00e3o, do Full HD (1.920 x 1.080 pixels) para 4K (3.840 x 2.160 pixels) ou at\u00e9 8K (7.680 x 4.320 pixels). Al\u00e9m da maior defini\u00e7\u00e3o de imagem, a nova tecnologia oferecer\u00e1 melhor nitidez, contraste e cores, com [&hellip;]<\/p>\n","protected":false},"author":4,"featured_media":60163,"comment_status":"open","ping_status":"open","sticky":false,"template":"","format":"standard","meta":{"footnotes":""},"categories":[64,9348],"tags":[68,23059,7597,2488,23058,23055,23057,16841,677,23060,23056],"class_list":["post-60161","post","type-post","status-publish","format-standard","has-post-thumbnail","hentry","category-brasil","category-tecnologia","tag-brasil","tag-conversor","tag-imagem","tag-melhorias","tag-migracao-gradativa","tag-nova-geracao","tag-plano-do-governo","tag-som","tag-tecnologia","tag-tv-3-0","tag-tv-digital","post--single"],"yoast_head":"<!-- This site is optimized with the Yoast SEO plugin v27.4 - https:\/\/yoast.com\/product\/yoast-seo-wordpress\/ -->\n<title>Conhe\u00e7a a TV 3.0: O futuro da televis\u00e3o chegou ao Brasil &#8226; Folha do Leste<\/title>\n<meta name=\"description\" content=\"O ministro das Comunica\u00e7\u00f5es, Juscelino Filho, apresentou na \u00faltima quarta-feira (3) o plano de implanta\u00e7\u00e3o da TV 3.0 no Brasil...\" \/>\n<meta name=\"robots\" content=\"index, follow, max-snippet:-1, max-image-preview:large, max-video-preview:-1\" \/>\n<link rel=\"canonical\" href=\"https:\/\/folhadoleste.com.br\/en\/conheca-a-tv-3-0-o-futuro-da-televisao-chegou-ao-brasil\/\" \/>\n<meta property=\"og:locale\" content=\"en_US\" \/>\n<meta property=\"og:type\" content=\"article\" \/>\n<meta property=\"og:title\" content=\"Conhe\u00e7a a TV 3.0: O futuro da televis\u00e3o chegou ao Brasil &#8226; Folha do Leste\" \/>\n<meta property=\"og:description\" content=\"Brasil &#8226; Folha do Leste\" \/>\n<meta property=\"og:url\" content=\"https:\/\/folhadoleste.com.br\/en\/conheca-a-tv-3-0-o-futuro-da-televisao-chegou-ao-brasil\/\" \/>\n<meta property=\"og:site_name\" content=\"Folha do Leste\" \/>\n<meta property=\"article:publisher\" content=\"https:\/\/www.facebook.com\/folhadoleste\" \/>\n<meta property=\"article:published_time\" content=\"2024-04-07T14:51:06+00:00\" \/>\n<meta property=\"og:image\" content=\"https:\/\/folhadoleste.com.br\/wp-content\/uploads\/2024\/04\/Conheca-a-TV-3.0-O-futuro-da-televisao-chegou-ao-Brasil-Foto-Andres-Rodriguez-Pixabay.jpg\" \/>\n\t<meta property=\"og:image:width\" content=\"1100\" \/>\n\t<meta property=\"og:image:height\" content=\"728\" \/>\n\t<meta property=\"og:image:type\" content=\"image\/jpeg\" \/>\n<meta name=\"author\" content=\"Folha do Leste\" \/>\n<meta name=\"twitter:card\" content=\"summary_large_image\" \/>\n<meta name=\"twitter:creator\" content=\"@FolhadoLesteRJ\" \/>\n<meta name=\"twitter:site\" content=\"@FolhadoLesteRJ\" \/>\n<meta name=\"twitter:label1\" content=\"Written by\" \/>\n\t<meta name=\"twitter:data1\" content=\"Folha do Leste\" \/>\n\t<meta name=\"twitter:label2\" content=\"Est. reading time\" \/>\n\t<meta name=\"twitter:data2\" content=\"3 minutes\" \/>\n<script type=\"application\/ld+json\" class=\"yoast-schema-graph\">{\"@context\":\"https:\\\/\\\/schema.org\",\"@graph\":[{\"@type\":\"NewsArticle\",\"@id\":\"https:\\\/\\\/folhadoleste.com.br\\\/conheca-a-tv-3-0-o-futuro-da-televisao-chegou-ao-brasil\\\/#article\",\"isPartOf\":{\"@id\":\"https:\\\/\\\/folhadoleste.com.br\\\/conheca-a-tv-3-0-o-futuro-da-televisao-chegou-ao-brasil\\\/\"},\"author\":{\"name\":\"Folha do Leste\",\"@id\":\"https:\\\/\\\/folhadoleste.com.br\\\/#\\\/schema\\\/person\\\/3e97145b2e1861276e84471aa85a3899\"},\"headline\":\"Conhe\u00e7a a TV 3.0: O futuro da televis\u00e3o chegou ao Brasil\",\"datePublished\":\"2024-04-07T14:51:06+00:00\",\"mainEntityOfPage\":{\"@id\":\"https:\\\/\\\/folhadoleste.com.br\\\/conheca-a-tv-3-0-o-futuro-da-televisao-chegou-ao-brasil\\\/\"},\"wordCount\":433,\"commentCount\":0,\"publisher\":{\"@id\":\"https:\\\/\\\/folhadoleste.com.br\\\/#organization\"},\"image\":{\"@id\":\"https:\\\/\\\/folhadoleste.com.br\\\/conheca-a-tv-3-0-o-futuro-da-televisao-chegou-ao-brasil\\\/#primaryimage\"},\"thumbnailUrl\":\"https:\\\/\\\/folhadoleste.com.br\\\/wp-content\\\/uploads\\\/2024\\\/04\\\/Conheca-a-TV-3.0-O-futuro-da-televisao-chegou-ao-Brasil-Foto-Andres-Rodriguez-Pixabay.jpg\",\"keywords\":[\"Brasil\",\"Conversor\",\"imagem\",\"melhorias\",\"Migra\u00e7\u00e3o Gradativa\",\"Nova Gera\u00e7\u00e3o\",\"Plano do Governo\",\"som\",\"Tecnologia\",\"TV 3.0\",\"TV Digital\"],\"articleSection\":[\"Brasil\",\"Tecnologia\"],\"inLanguage\":\"en-US\",\"potentialAction\":[{\"@type\":\"CommentAction\",\"name\":\"Comment\",\"target\":[\"https:\\\/\\\/folhadoleste.com.br\\\/conheca-a-tv-3-0-o-futuro-da-televisao-chegou-ao-brasil\\\/#respond\"]}]},{\"@type\":\"WebPage\",\"@id\":\"https:\\\/\\\/folhadoleste.com.br\\\/conheca-a-tv-3-0-o-futuro-da-televisao-chegou-ao-brasil\\\/\",\"url\":\"https:\\\/\\\/folhadoleste.com.br\\\/conheca-a-tv-3-0-o-futuro-da-televisao-chegou-ao-brasil\\\/\",\"name\":\"Conhe\u00e7a a TV 3.0: O futuro da televis\u00e3o chegou ao Brasil &#8226; Folha do Leste\",\"isPartOf\":{\"@id\":\"https:\\\/\\\/folhadoleste.com.br\\\/#website\"},\"primaryImageOfPage\":{\"@id\":\"https:\\\/\\\/folhadoleste.com.br\\\/conheca-a-tv-3-0-o-futuro-da-televisao-chegou-ao-brasil\\\/#primaryimage\"},\"image\":{\"@id\":\"https:\\\/\\\/folhadoleste.com.br\\\/conheca-a-tv-3-0-o-futuro-da-televisao-chegou-ao-brasil\\\/#primaryimage\"},\"thumbnailUrl\":\"https:\\\/\\\/folhadoleste.com.br\\\/wp-content\\\/uploads\\\/2024\\\/04\\\/Conheca-a-TV-3.0-O-futuro-da-televisao-chegou-ao-Brasil-Foto-Andres-Rodriguez-Pixabay.jpg\",\"datePublished\":\"2024-04-07T14:51:06+00:00\",\"description\":\"O ministro das Comunica\u00e7\u00f5es, Juscelino Filho, apresentou na \u00faltima quarta-feira (3) o plano de implanta\u00e7\u00e3o da TV 3.0 no Brasil...\",\"breadcrumb\":{\"@id\":\"https:\\\/\\\/folhadoleste.com.br\\\/conheca-a-tv-3-0-o-futuro-da-televisao-chegou-ao-brasil\\\/#breadcrumb\"},\"inLanguage\":\"en-US\",\"potentialAction\":[{\"@type\":\"ReadAction\",\"target\":[\"https:\\\/\\\/folhadoleste.com.br\\\/conheca-a-tv-3-0-o-futuro-da-televisao-chegou-ao-brasil\\\/\"]}]},{\"@type\":\"ImageObject\",\"inLanguage\":\"en-US\",\"@id\":\"https:\\\/\\\/folhadoleste.com.br\\\/conheca-a-tv-3-0-o-futuro-da-televisao-chegou-ao-brasil\\\/#primaryimage\",\"url\":\"https:\\\/\\\/folhadoleste.com.br\\\/wp-content\\\/uploads\\\/2024\\\/04\\\/Conheca-a-TV-3.0-O-futuro-da-televisao-chegou-ao-Brasil-Foto-Andres-Rodriguez-Pixabay.jpg\",\"contentUrl\":\"https:\\\/\\\/folhadoleste.com.br\\\/wp-content\\\/uploads\\\/2024\\\/04\\\/Conheca-a-TV-3.0-O-futuro-da-televisao-chegou-ao-Brasil-Foto-Andres-Rodriguez-Pixabay.jpg\",\"width\":1100,\"height\":728,\"caption\":\"Foto: Andr\u00e9s Rodriguez - Pixabay\"},{\"@type\":\"BreadcrumbList\",\"@id\":\"https:\\\/\\\/folhadoleste.com.br\\\/conheca-a-tv-3-0-o-futuro-da-televisao-chegou-ao-brasil\\\/#breadcrumb\",\"itemListElement\":[{\"@type\":\"ListItem\",\"position\":1,\"name\":\"In\u00edcio\",\"item\":\"https:\\\/\\\/folhadoleste.com.br\\\/\"},{\"@type\":\"ListItem\",\"position\":2,\"name\":\"Brasil\",\"item\":\"https:\\\/\\\/folhadoleste.com.br\\\/category\\\/brasil\\\/\"},{\"@type\":\"ListItem\",\"position\":3,\"name\":\"Conhe\u00e7a a TV 3.0: O futuro da televis\u00e3o chegou ao Brasil\"}]},{\"@type\":\"WebSite\",\"@id\":\"https:\\\/\\\/folhadoleste.com.br\\\/#website\",\"url\":\"https:\\\/\\\/folhadoleste.com.br\\\/\",\"name\":\"Folha do Leste\",\"description\":\"Portal de Not\u00edcias com \u00eanfase em Niter\u00f3i, criando conte\u00fados desde a capital Rio de Janeiro, com olhar para o Leste Fluminense e suas cidades como S\u00e3o Gon\u00e7alo, Itabora\u00ed, Rio Bonito, Maric\u00e1, Saquarema e Araruama\",\"publisher\":{\"@id\":\"https:\\\/\\\/folhadoleste.com.br\\\/#organization\"},\"alternateName\":\"FL\",\"potentialAction\":[{\"@type\":\"SearchAction\",\"target\":{\"@type\":\"EntryPoint\",\"urlTemplate\":\"https:\\\/\\\/folhadoleste.com.br\\\/?s={search_term_string}\"},\"query-input\":{\"@type\":\"PropertyValueSpecification\",\"valueRequired\":true,\"valueName\":\"search_term_string\"}}],\"inLanguage\":\"en-US\"},{\"@type\":\"Organization\",\"@id\":\"https:\\\/\\\/folhadoleste.com.br\\\/#organization\",\"name\":\"Brasil 21 Comunica\u00e7\u00e3o\",\"alternateName\":\"BR21\",\"url\":\"https:\\\/\\\/folhadoleste.com.br\\\/\",\"logo\":{\"@type\":\"ImageObject\",\"inLanguage\":\"en-US\",\"@id\":\"https:\\\/\\\/folhadoleste.com.br\\\/#\\\/schema\\\/logo\\\/image\\\/\",\"url\":\"https:\\\/\\\/folhadoleste.com.br\\\/wp-content\\\/uploads\\\/2025\\\/12\\\/brasil-21-logomarca.avif\",\"contentUrl\":\"https:\\\/\\\/folhadoleste.com.br\\\/wp-content\\\/uploads\\\/2025\\\/12\\\/brasil-21-logomarca.avif\",\"width\":1044,\"height\":1044,\"caption\":\"Brasil 21 Comunica\u00e7\u00e3o\"},\"image\":{\"@id\":\"https:\\\/\\\/folhadoleste.com.br\\\/#\\\/schema\\\/logo\\\/image\\\/\"},\"sameAs\":[\"https:\\\/\\\/www.facebook.com\\\/folhadoleste\",\"https:\\\/\\\/x.com\\\/FolhadoLesteRJ\",\"https:\\\/\\\/www.instagram.com\\\/folhadoleste\\\/\"]},{\"@type\":\"Person\",\"@id\":\"https:\\\/\\\/folhadoleste.com.br\\\/#\\\/schema\\\/person\\\/3e97145b2e1861276e84471aa85a3899\",\"name\":\"Folha do Leste\",\"image\":{\"@type\":\"ImageObject\",\"inLanguage\":\"en-US\",\"@id\":\"https:\\\/\\\/folhadoleste.com.br\\\/wp-content\\\/litespeed\\\/avatar\\\/1ca8c218432e7045e748610eb3db0259.jpg?ver=1777161142\",\"url\":\"https:\\\/\\\/folhadoleste.com.br\\\/wp-content\\\/litespeed\\\/avatar\\\/1ca8c218432e7045e748610eb3db0259.jpg?ver=1777161142\",\"contentUrl\":\"https:\\\/\\\/folhadoleste.com.br\\\/wp-content\\\/litespeed\\\/avatar\\\/1ca8c218432e7045e748610eb3db0259.jpg?ver=1777161142\",\"caption\":\"Folha do Leste\"},\"url\":\"https:\\\/\\\/folhadoleste.com.br\\\/en\\\/author\\\/reportagem-01\\\/\"}]}<\/script>\n<!-- \/ Yoast SEO plugin. -->","yoast_head_json":{"title":"Conhe\u00e7a a TV 3.0: O futuro da televis\u00e3o chegou ao Brasil &#8226; Folha do Leste","description":"O ministro das Comunica\u00e7\u00f5es, Juscelino Filho, apresentou na \u00faltima quarta-feira (3) o plano de implanta\u00e7\u00e3o da TV 3.0 no Brasil...","robots":{"index":"index","follow":"follow","max-snippet":"max-snippet:-1","max-image-preview":"max-image-preview:large","max-video-preview":"max-video-preview:-1"},"canonical":"https:\/\/folhadoleste.com.br\/en\/conheca-a-tv-3-0-o-futuro-da-televisao-chegou-ao-brasil\/","og_locale":"en_US","og_type":"article","og_title":"Conhe\u00e7a a TV 3.0: O futuro da televis\u00e3o chegou ao Brasil &#8226; Folha do Leste","og_description":"Brasil &#8226; Folha do Leste","og_url":"https:\/\/folhadoleste.com.br\/en\/conheca-a-tv-3-0-o-futuro-da-televisao-chegou-ao-brasil\/","og_site_name":"Folha do Leste","article_publisher":"https:\/\/www.facebook.com\/folhadoleste","article_published_time":"2024-04-07T14:51:06+00:00","og_image":[{"width":1100,"height":728,"url":"https:\/\/folhadoleste.com.br\/wp-content\/uploads\/2024\/04\/Conheca-a-TV-3.0-O-futuro-da-televisao-chegou-ao-Brasil-Foto-Andres-Rodriguez-Pixabay.jpg","type":"image\/jpeg"}],"author":"Folha do Leste","twitter_card":"summary_large_image","twitter_creator":"@FolhadoLesteRJ","twitter_site":"@FolhadoLesteRJ","twitter_misc":{"Written by":"Folha do Leste","Est. reading time":"3 minutes"},"schema":{"@context":"https:\/\/schema.org","@graph":[{"@type":"NewsArticle","@id":"https:\/\/folhadoleste.com.br\/conheca-a-tv-3-0-o-futuro-da-televisao-chegou-ao-brasil\/#article","isPartOf":{"@id":"https:\/\/folhadoleste.com.br\/conheca-a-tv-3-0-o-futuro-da-televisao-chegou-ao-brasil\/"},"author":{"name":"Folha do Leste","@id":"https:\/\/folhadoleste.com.br\/#\/schema\/person\/3e97145b2e1861276e84471aa85a3899"},"headline":"Conhe\u00e7a a TV 3.0: O futuro da televis\u00e3o chegou ao Brasil","datePublished":"2024-04-07T14:51:06+00:00","mainEntityOfPage":{"@id":"https:\/\/folhadoleste.com.br\/conheca-a-tv-3-0-o-futuro-da-televisao-chegou-ao-brasil\/"},"wordCount":433,"commentCount":0,"publisher":{"@id":"https:\/\/folhadoleste.com.br\/#organization"},"image":{"@id":"https:\/\/folhadoleste.com.br\/conheca-a-tv-3-0-o-futuro-da-televisao-chegou-ao-brasil\/#primaryimage"},"thumbnailUrl":"https:\/\/folhadoleste.com.br\/wp-content\/uploads\/2024\/04\/Conheca-a-TV-3.0-O-futuro-da-televisao-chegou-ao-Brasil-Foto-Andres-Rodriguez-Pixabay.jpg","keywords":["Brasil","Conversor","imagem","melhorias","Migra\u00e7\u00e3o Gradativa","Nova Gera\u00e7\u00e3o","Plano do Governo","som","Tecnologia","TV 3.0","TV Digital"],"articleSection":["Brasil","Tecnologia"],"inLanguage":"en-US","potentialAction":[{"@type":"CommentAction","name":"Comment","target":["https:\/\/folhadoleste.com.br\/conheca-a-tv-3-0-o-futuro-da-televisao-chegou-ao-brasil\/#respond"]}]},{"@type":"WebPage","@id":"https:\/\/folhadoleste.com.br\/conheca-a-tv-3-0-o-futuro-da-televisao-chegou-ao-brasil\/","url":"https:\/\/folhadoleste.com.br\/conheca-a-tv-3-0-o-futuro-da-televisao-chegou-ao-brasil\/","name":"Conhe\u00e7a a TV 3.0: O futuro da televis\u00e3o chegou ao Brasil &#8226; Folha do Leste","isPartOf":{"@id":"https:\/\/folhadoleste.com.br\/#website"},"primaryImageOfPage":{"@id":"https:\/\/folhadoleste.com.br\/conheca-a-tv-3-0-o-futuro-da-televisao-chegou-ao-brasil\/#primaryimage"},"image":{"@id":"https:\/\/folhadoleste.com.br\/conheca-a-tv-3-0-o-futuro-da-televisao-chegou-ao-brasil\/#primaryimage"},"thumbnailUrl":"https:\/\/folhadoleste.com.br\/wp-content\/uploads\/2024\/04\/Conheca-a-TV-3.0-O-futuro-da-televisao-chegou-ao-Brasil-Foto-Andres-Rodriguez-Pixabay.jpg","datePublished":"2024-04-07T14:51:06+00:00","description":"O ministro das Comunica\u00e7\u00f5es, Juscelino Filho, apresentou na \u00faltima quarta-feira (3) o plano de implanta\u00e7\u00e3o da TV 3.0 no Brasil...","breadcrumb":{"@id":"https:\/\/folhadoleste.com.br\/conheca-a-tv-3-0-o-futuro-da-televisao-chegou-ao-brasil\/#breadcrumb"},"inLanguage":"en-US","potentialAction":[{"@type":"ReadAction","target":["https:\/\/folhadoleste.com.br\/conheca-a-tv-3-0-o-futuro-da-televisao-chegou-ao-brasil\/"]}]},{"@type":"ImageObject","inLanguage":"en-US","@id":"https:\/\/folhadoleste.com.br\/conheca-a-tv-3-0-o-futuro-da-televisao-chegou-ao-brasil\/#primaryimage","url":"https:\/\/folhadoleste.com.br\/wp-content\/uploads\/2024\/04\/Conheca-a-TV-3.0-O-futuro-da-televisao-chegou-ao-Brasil-Foto-Andres-Rodriguez-Pixabay.jpg","contentUrl":"https:\/\/folhadoleste.com.br\/wp-content\/uploads\/2024\/04\/Conheca-a-TV-3.0-O-futuro-da-televisao-chegou-ao-Brasil-Foto-Andres-Rodriguez-Pixabay.jpg","width":1100,"height":728,"caption":"Foto: Andr\u00e9s Rodriguez - Pixabay"},{"@type":"BreadcrumbList","@id":"https:\/\/folhadoleste.com.br\/conheca-a-tv-3-0-o-futuro-da-televisao-chegou-ao-brasil\/#breadcrumb","itemListElement":[{"@type":"ListItem","position":1,"name":"In\u00edcio","item":"https:\/\/folhadoleste.com.br\/"},{"@type":"ListItem","position":2,"name":"Brasil","item":"https:\/\/folhadoleste.com.br\/category\/brasil\/"},{"@type":"ListItem","position":3,"name":"Conhe\u00e7a a TV 3.0: O futuro da televis\u00e3o chegou ao Brasil"}]},{"@type":"WebSite","@id":"https:\/\/folhadoleste.com.br\/#website","url":"https:\/\/folhadoleste.com.br\/","name":"Folha do Leste","description":"Portal de Not\u00edcias com \u00eanfase em Niter\u00f3i, criando conte\u00fados desde a capital Rio de Janeiro, com olhar para o Leste Fluminense e suas cidades como S\u00e3o Gon\u00e7alo, Itabora\u00ed, Rio Bonito, Maric\u00e1, Saquarema e Araruama","publisher":{"@id":"https:\/\/folhadoleste.com.br\/#organization"},"alternateName":"FL","potentialAction":[{"@type":"SearchAction","target":{"@type":"EntryPoint","urlTemplate":"https:\/\/folhadoleste.com.br\/?s={search_term_string}"},"query-input":{"@type":"PropertyValueSpecification","valueRequired":true,"valueName":"search_term_string"}}],"inLanguage":"en-US"},{"@type":"Organization","@id":"https:\/\/folhadoleste.com.br\/#organization","name":"Brasil 21 Comunica\u00e7\u00e3o","alternateName":"BR21","url":"https:\/\/folhadoleste.com.br\/","logo":{"@type":"ImageObject","inLanguage":"en-US","@id":"https:\/\/folhadoleste.com.br\/#\/schema\/logo\/image\/","url":"https:\/\/folhadoleste.com.br\/wp-content\/uploads\/2025\/12\/brasil-21-logomarca.avif","contentUrl":"https:\/\/folhadoleste.com.br\/wp-content\/uploads\/2025\/12\/brasil-21-logomarca.avif","width":1044,"height":1044,"caption":"Brasil 21 Comunica\u00e7\u00e3o"},"image":{"@id":"https:\/\/folhadoleste.com.br\/#\/schema\/logo\/image\/"},"sameAs":["https:\/\/www.facebook.com\/folhadoleste","https:\/\/x.com\/FolhadoLesteRJ","https:\/\/www.instagram.com\/folhadoleste\/"]},{"@type":"Person","@id":"https:\/\/folhadoleste.com.br\/#\/schema\/person\/3e97145b2e1861276e84471aa85a3899","name":"Folha do Leste","image":{"@type":"ImageObject","inLanguage":"en-US","@id":"https:\/\/folhadoleste.com.br\/wp-content\/litespeed\/avatar\/1ca8c218432e7045e748610eb3db0259.jpg?ver=1777161142","url":"https:\/\/folhadoleste.com.br\/wp-content\/litespeed\/avatar\/1ca8c218432e7045e748610eb3db0259.jpg?ver=1777161142","contentUrl":"https:\/\/folhadoleste.com.br\/wp-content\/litespeed\/avatar\/1ca8c218432e7045e748610eb3db0259.jpg?ver=1777161142","caption":"Folha do Leste"},"url":"https:\/\/folhadoleste.com.br\/en\/author\/reportagem-01\/"}]}},"_links":{"self":[{"href":"https:\/\/folhadoleste.com.br\/en\/wp-json\/wp\/v2\/posts\/60161","targetHints":{"allow":["GET"]}}],"collection":[{"href":"https:\/\/folhadoleste.com.br\/en\/wp-json\/wp\/v2\/posts"}],"about":[{"href":"https:\/\/folhadoleste.com.br\/en\/wp-json\/wp\/v2\/types\/post"}],"author":[{"embeddable":true,"href":"https:\/\/folhadoleste.com.br\/en\/wp-json\/wp\/v2\/users\/4"}],"replies":[{"embeddable":true,"href":"https:\/\/folhadoleste.com.br\/en\/wp-json\/wp\/v2\/comments?post=60161"}],"version-history":[{"count":1,"href":"https:\/\/folhadoleste.com.br\/en\/wp-json\/wp\/v2\/posts\/60161\/revisions"}],"predecessor-version":[{"id":60164,"href":"https:\/\/folhadoleste.com.br\/en\/wp-json\/wp\/v2\/posts\/60161\/revisions\/60164"}],"wp:featuredmedia":[{"embeddable":true,"href":"https:\/\/folhadoleste.com.br\/en\/wp-json\/wp\/v2\/media\/60163"}],"wp:attachment":[{"href":"https:\/\/folhadoleste.com.br\/en\/wp-json\/wp\/v2\/media?parent=60161"}],"wp:term":[{"taxonomy":"category","embeddable":true,"href":"https:\/\/folhadoleste.com.br\/en\/wp-json\/wp\/v2\/categories?post=60161"},{"taxonomy":"post_tag","embeddable":true,"href":"https:\/\/folhadoleste.com.br\/en\/wp-json\/wp\/v2\/tags?post=60161"}],"curies":[{"name":"wp","href":"https:\/\/api.w.org\/{rel}","templated":true}]}}