{"id":60147,"date":"2024-04-06T23:23:14","date_gmt":"2024-04-07T02:23:14","guid":{"rendered":"https:\/\/folhadoleste.com.br\/?p=60147"},"modified":"2024-04-06T23:23:14","modified_gmt":"2024-04-07T02:23:14","slug":"voz-brasileira-no-vaticano-lanca-livro-sobre-papa-bento-xvi-na-puc","status":"publish","type":"post","link":"https:\/\/folhadoleste.com.br\/en\/voz-brasileira-no-vaticano-lanca-livro-sobre-papa-bento-xvi-na-puc\/","title":{"rendered":"Voz brasileira no Vaticano lan\u00e7a livro sobre Papa Bento XVI na PUC"},"content":{"rendered":"<div id=\"attachment_60155\" style=\"width: 717px\" class=\"wp-caption aligncenter\"><img decoding=\"async\" aria-describedby=\"caption-attachment-60155\" class=\"wp-image-60155 size-full\" src=\"https:\/\/folhadoleste.com.br\/wp-content\/uploads\/2024\/04\/IMG-20240405-WA0059.jpg\" alt=\"\" width=\"707\" height=\"483\" \/><p id=\"caption-attachment-60155\" class=\"wp-caption-text\">Silvonei Jos\u00e9 Protz \u00e9 o autor do livro. Foto: Divulga\u00e7\u00e3o.<\/p><\/div>\n<p>Considerado como um papa defensor dos valores conservadores da Igreja Cat\u00f3lica, o Papa Bento XVI virou tema de livro. Isso porque o jornalista Silvonei Jos\u00e9 Protz, a voz brasileira no Vaticano, \u00e9 o autor de livro \u201cBento XVI &#8211; Simplesmente Peregrino\u201d. O lan\u00e7amento da obra acontece nesta segunda (8), a partir das 15 horas, em evento na PUC Rio, na G\u00e1vea, na Zona Sul.<\/p>\n<p>A publica\u00e7\u00e3o traz reflex\u00f5es a respeito do Papa Bento XVI que v\u00e3o ajudar a aprofundar na compreens\u00e3o da f\u00e9, do sentido de ser igreja e do amor de Deus, guiado pela sabedoria de um papa que marcou o espa\u00e7o religioso, de 2005 a 2013.<\/p>\n<h5>Ensinamentos da catequese de Bento XVI<\/h5>\n<p>O livro n\u00e3o \u00e9 uma biografia, mas um conjunto de ensinamentos que se baseiam nas catequeses do alem\u00e3o Joseph Ratzinger ap\u00f3s tornar-se Papa em 2005.<\/p>\n<p>Entre as li\u00e7\u00f5es, o material aborda li\u00e7\u00f5es sobre amar a igreja e a f\u00e9 que \u00e9 profetizada.<\/p>\n<div id=\"attachment_60154\" style=\"width: 531px\" class=\"wp-caption aligncenter\"><img decoding=\"async\" aria-describedby=\"caption-attachment-60154\" class=\"wp-image-60154 size-full\" src=\"https:\/\/folhadoleste.com.br\/wp-content\/uploads\/2024\/04\/IMG-20240405-WA0058.jpg\" alt=\"\" width=\"521\" height=\"761\" \/><p id=\"caption-attachment-60154\" class=\"wp-caption-text\">Foto; Divulga\u00e7\u00e3o<\/p><\/div>\n<p>Para Silvonei, que tamb\u00e9m \u00e9 doutor em comunica\u00e7\u00e3o e professor universit\u00e1rio, escolher trechos de textos, discursos, discursos, mensagens cheias de conte\u00fados n\u00e3o foi uma tarefa simples.<\/p>\n<p>&#8220;T<span style=\"font-size: 1.1429rem;\">udo parece ser essencial. Tudo deve ser lido. Mas a ideia deste livro \u00e9 fazer com que debrucemos em focos de pensamentos de Bento XVI, para que ele nos ajude a caminhar, seja na nossa f\u00e9, seja no di\u00e1logo com os nossos irm\u00e3os. \u00c9 um tesouro que pertence a toda igreja e ao povo de Deus\u201d, explicou o autor.<\/span><\/p>\n<p>O lan\u00e7amento do livro acontecer\u00e1 a partir das 15h, no Espa\u00e7o Francisco, da PUC Rio, na G\u00e1vea, Zona Sul da cidade. O evento contar\u00e1 ainda com a participa\u00e7\u00e3o ilustre do Cardeal Dom Orani Jo\u00e3o Tempesta.<\/p>\n<p>O projeto conta com a organiza\u00e7\u00e3o da Ordem Equestre do Santo Sepulcro de Jerusal\u00e9m,l\u00edderada por Isis Penido e pela Editora Angelus.<\/p>\n<p><strong>Ser<span style=\"font-size: 1.1429rem;\">vi\u00e7o:<\/span><\/strong><\/p>\n<p><em>Lan\u00e7amento do livro \u201cBento XVI &#8211; Simplesmente Peregrino\u201d, na PUC Rio<\/em><br \/>\nData: 8 de abril (segunda-feira)<br \/>\nLocal: PUC Rio (Rua Marques de S\u00e3o Vicente, 225, G\u00e1vea<br \/>\nHor\u00e1rio: a partir das 15h<\/p>","protected":false},"excerpt":{"rendered":"<p>Considerado como um papa defensor dos valores conservadores da Igreja Cat\u00f3lica, o Papa Bento XVI virou tema de livro. Isso porque o jornalista Silvonei Jos\u00e9 Protz, a voz brasileira no Vaticano, \u00e9 o autor de livro \u201cBento XVI &#8211; Simplesmente Peregrino\u201d. O lan\u00e7amento da obra acontece nesta segunda (8), a partir das 15 horas, em evento na PUC Rio, na G\u00e1vea, na Zona Sul. A publica\u00e7\u00e3o traz reflex\u00f5es a respeito do Papa Bento XVI que v\u00e3o ajudar a aprofundar na compreens\u00e3o da f\u00e9, do sentido de ser igreja e do amor de Deus, guiado pela sabedoria de um papa que [&hellip;]<\/p>\n","protected":false},"author":15,"featured_media":60154,"comment_status":"open","ping_status":"open","sticky":false,"template":"","format":"standard","meta":{"footnotes":""},"categories":[83,3394],"tags":[23054,23050,14796,5273,3635,23051,23052,93,23053,13904],"class_list":["post-60147","post","type-post","status-publish","format-standard","has-post-thumbnail","hentry","category-entretenimento-artes-e-cultura-destaque","category-literatura","tag-brasil-vaticano","tag-ensinamentos","tag-igreja-catolica","tag-lancamento","tag-livro","tag-papa-bento-xvi","tag-puc","tag-rio-de-janeiro","tag-silvonei-jose-protz","tag-voz","post--single"],"yoast_head":"<!-- This site is optimized with the Yoast SEO plugin v27.4 - https:\/\/yoast.com\/product\/yoast-seo-wordpress\/ -->\n<title>Voz brasileira no Vaticano lan\u00e7a livro sobre Papa Bento XVI na PUC &#8226; Folha do Leste<\/title>\n<meta name=\"description\" content=\"Isso porque o jornalista Silvonei Jos\u00e9 Protz, a voz brasileira no Vaticano, \u00e9 o autor de livro \u201cBento XVI - Simplesmente Peregrino\u201d\" \/>\n<meta name=\"robots\" content=\"index, follow, max-snippet:-1, max-image-preview:large, max-video-preview:-1\" \/>\n<link rel=\"canonical\" href=\"https:\/\/folhadoleste.com.br\/en\/voz-brasileira-no-vaticano-lanca-livro-sobre-papa-bento-xvi-na-puc\/\" \/>\n<meta property=\"og:locale\" content=\"en_US\" \/>\n<meta property=\"og:type\" content=\"article\" \/>\n<meta property=\"og:title\" content=\"Voz brasileira no Vaticano lan\u00e7a livro sobre Papa Bento XVI na PUC &#8226; Folha do Leste\" \/>\n<meta property=\"og:description\" content=\"Isso porque o jornalista Silvonei Jos\u00e9 Protz, a voz brasileira no Vaticano, \u00e9 o autor de livro \u201cBento XVI - Simplesmente Peregrino\u201d\" \/>\n<meta property=\"og:url\" content=\"https:\/\/folhadoleste.com.br\/en\/voz-brasileira-no-vaticano-lanca-livro-sobre-papa-bento-xvi-na-puc\/\" \/>\n<meta property=\"og:site_name\" content=\"Folha do Leste\" \/>\n<meta property=\"article:publisher\" content=\"https:\/\/www.facebook.com\/folhadoleste\" \/>\n<meta property=\"article:published_time\" content=\"2024-04-07T02:23:14+00:00\" \/>\n<meta property=\"og:image\" content=\"https:\/\/folhadoleste.com.br\/wp-content\/uploads\/2024\/04\/IMG-20240405-WA0058.jpg\" \/>\n\t<meta property=\"og:image:width\" content=\"521\" \/>\n\t<meta property=\"og:image:height\" content=\"761\" \/>\n\t<meta property=\"og:image:type\" content=\"image\/jpeg\" \/>\n<meta name=\"author\" content=\"Gabriel Gontijo\" \/>\n<meta name=\"twitter:card\" content=\"summary_large_image\" \/>\n<meta name=\"twitter:creator\" content=\"@FolhadoLesteRJ\" \/>\n<meta name=\"twitter:site\" content=\"@FolhadoLesteRJ\" \/>\n<meta name=\"twitter:label1\" content=\"Written by\" \/>\n\t<meta name=\"twitter:data1\" content=\"Gabriel Gontijo\" \/>\n\t<meta name=\"twitter:label2\" content=\"Est. reading time\" \/>\n\t<meta name=\"twitter:data2\" content=\"3 minutes\" \/>\n<script type=\"application\/ld+json\" class=\"yoast-schema-graph\">{\"@context\":\"https:\\\/\\\/schema.org\",\"@graph\":[{\"@type\":\"NewsArticle\",\"@id\":\"https:\\\/\\\/folhadoleste.com.br\\\/voz-brasileira-no-vaticano-lanca-livro-sobre-papa-bento-xvi-na-puc\\\/#article\",\"isPartOf\":{\"@id\":\"https:\\\/\\\/folhadoleste.com.br\\\/voz-brasileira-no-vaticano-lanca-livro-sobre-papa-bento-xvi-na-puc\\\/\"},\"author\":{\"name\":\"Gabriel Gontijo\",\"@id\":\"https:\\\/\\\/folhadoleste.com.br\\\/#\\\/schema\\\/person\\\/b221dfcb2145a1f2b2629b441b0a1270\"},\"headline\":\"Voz brasileira no Vaticano lan\u00e7a livro sobre Papa Bento XVI na PUC\",\"datePublished\":\"2024-04-07T02:23:14+00:00\",\"mainEntityOfPage\":{\"@id\":\"https:\\\/\\\/folhadoleste.com.br\\\/voz-brasileira-no-vaticano-lanca-livro-sobre-papa-bento-xvi-na-puc\\\/\"},\"wordCount\":390,\"commentCount\":0,\"publisher\":{\"@id\":\"https:\\\/\\\/folhadoleste.com.br\\\/#organization\"},\"image\":{\"@id\":\"https:\\\/\\\/folhadoleste.com.br\\\/voz-brasileira-no-vaticano-lanca-livro-sobre-papa-bento-xvi-na-puc\\\/#primaryimage\"},\"thumbnailUrl\":\"https:\\\/\\\/folhadoleste.com.br\\\/wp-content\\\/uploads\\\/2024\\\/04\\\/IMG-20240405-WA0058.jpg\",\"keywords\":[\"Brasil Vaticano\",\"ensinamentos\",\"Igreja Cat\u00f3lica\",\"lan\u00e7amento\",\"livro\",\"papa Bento XVI\",\"PUC\",\"Rio de Janeiro\",\"Silvonei Jos\u00e9 Protz\",\"Voz\"],\"articleSection\":[\"Entretenimento, Artes e Cultura\",\"Literatura\"],\"inLanguage\":\"en-US\",\"potentialAction\":[{\"@type\":\"CommentAction\",\"name\":\"Comment\",\"target\":[\"https:\\\/\\\/folhadoleste.com.br\\\/voz-brasileira-no-vaticano-lanca-livro-sobre-papa-bento-xvi-na-puc\\\/#respond\"]}]},{\"@type\":\"WebPage\",\"@id\":\"https:\\\/\\\/folhadoleste.com.br\\\/voz-brasileira-no-vaticano-lanca-livro-sobre-papa-bento-xvi-na-puc\\\/\",\"url\":\"https:\\\/\\\/folhadoleste.com.br\\\/voz-brasileira-no-vaticano-lanca-livro-sobre-papa-bento-xvi-na-puc\\\/\",\"name\":\"Voz brasileira no Vaticano lan\u00e7a livro sobre Papa Bento XVI na PUC &#8226; Folha do Leste\",\"isPartOf\":{\"@id\":\"https:\\\/\\\/folhadoleste.com.br\\\/#website\"},\"primaryImageOfPage\":{\"@id\":\"https:\\\/\\\/folhadoleste.com.br\\\/voz-brasileira-no-vaticano-lanca-livro-sobre-papa-bento-xvi-na-puc\\\/#primaryimage\"},\"image\":{\"@id\":\"https:\\\/\\\/folhadoleste.com.br\\\/voz-brasileira-no-vaticano-lanca-livro-sobre-papa-bento-xvi-na-puc\\\/#primaryimage\"},\"thumbnailUrl\":\"https:\\\/\\\/folhadoleste.com.br\\\/wp-content\\\/uploads\\\/2024\\\/04\\\/IMG-20240405-WA0058.jpg\",\"datePublished\":\"2024-04-07T02:23:14+00:00\",\"description\":\"Isso porque o jornalista Silvonei Jos\u00e9 Protz, a voz brasileira no Vaticano, \u00e9 o autor de livro \u201cBento XVI - Simplesmente Peregrino\u201d\",\"breadcrumb\":{\"@id\":\"https:\\\/\\\/folhadoleste.com.br\\\/voz-brasileira-no-vaticano-lanca-livro-sobre-papa-bento-xvi-na-puc\\\/#breadcrumb\"},\"inLanguage\":\"en-US\",\"potentialAction\":[{\"@type\":\"ReadAction\",\"target\":[\"https:\\\/\\\/folhadoleste.com.br\\\/voz-brasileira-no-vaticano-lanca-livro-sobre-papa-bento-xvi-na-puc\\\/\"]}]},{\"@type\":\"ImageObject\",\"inLanguage\":\"en-US\",\"@id\":\"https:\\\/\\\/folhadoleste.com.br\\\/voz-brasileira-no-vaticano-lanca-livro-sobre-papa-bento-xvi-na-puc\\\/#primaryimage\",\"url\":\"https:\\\/\\\/folhadoleste.com.br\\\/wp-content\\\/uploads\\\/2024\\\/04\\\/IMG-20240405-WA0058.jpg\",\"contentUrl\":\"https:\\\/\\\/folhadoleste.com.br\\\/wp-content\\\/uploads\\\/2024\\\/04\\\/IMG-20240405-WA0058.jpg\",\"width\":521,\"height\":761,\"caption\":\"Foto; Divulga\u00e7\u00e3o\"},{\"@type\":\"BreadcrumbList\",\"@id\":\"https:\\\/\\\/folhadoleste.com.br\\\/voz-brasileira-no-vaticano-lanca-livro-sobre-papa-bento-xvi-na-puc\\\/#breadcrumb\",\"itemListElement\":[{\"@type\":\"ListItem\",\"position\":1,\"name\":\"In\u00edcio\",\"item\":\"https:\\\/\\\/folhadoleste.com.br\\\/\"},{\"@type\":\"ListItem\",\"position\":2,\"name\":\"Entretenimento, Artes e Cultura\",\"item\":\"https:\\\/\\\/folhadoleste.com.br\\\/category\\\/entretenimento-artes-e-cultura-destaque\\\/\"},{\"@type\":\"ListItem\",\"position\":3,\"name\":\"Voz brasileira no Vaticano lan\u00e7a livro sobre Papa Bento XVI na PUC\"}]},{\"@type\":\"WebSite\",\"@id\":\"https:\\\/\\\/folhadoleste.com.br\\\/#website\",\"url\":\"https:\\\/\\\/folhadoleste.com.br\\\/\",\"name\":\"Folha do Leste\",\"description\":\"Portal de Not\u00edcias com \u00eanfase em Niter\u00f3i, criando conte\u00fados desde a capital Rio de Janeiro, com olhar para o Leste Fluminense e suas cidades como S\u00e3o Gon\u00e7alo, Itabora\u00ed, Rio Bonito, Maric\u00e1, Saquarema e Araruama\",\"publisher\":{\"@id\":\"https:\\\/\\\/folhadoleste.com.br\\\/#organization\"},\"alternateName\":\"FL\",\"potentialAction\":[{\"@type\":\"SearchAction\",\"target\":{\"@type\":\"EntryPoint\",\"urlTemplate\":\"https:\\\/\\\/folhadoleste.com.br\\\/?s={search_term_string}\"},\"query-input\":{\"@type\":\"PropertyValueSpecification\",\"valueRequired\":true,\"valueName\":\"search_term_string\"}}],\"inLanguage\":\"en-US\"},{\"@type\":\"Organization\",\"@id\":\"https:\\\/\\\/folhadoleste.com.br\\\/#organization\",\"name\":\"Brasil 21 Comunica\u00e7\u00e3o\",\"alternateName\":\"BR21\",\"url\":\"https:\\\/\\\/folhadoleste.com.br\\\/\",\"logo\":{\"@type\":\"ImageObject\",\"inLanguage\":\"en-US\",\"@id\":\"https:\\\/\\\/folhadoleste.com.br\\\/#\\\/schema\\\/logo\\\/image\\\/\",\"url\":\"https:\\\/\\\/folhadoleste.com.br\\\/wp-content\\\/uploads\\\/2025\\\/12\\\/brasil-21-logomarca.avif\",\"contentUrl\":\"https:\\\/\\\/folhadoleste.com.br\\\/wp-content\\\/uploads\\\/2025\\\/12\\\/brasil-21-logomarca.avif\",\"width\":1044,\"height\":1044,\"caption\":\"Brasil 21 Comunica\u00e7\u00e3o\"},\"image\":{\"@id\":\"https:\\\/\\\/folhadoleste.com.br\\\/#\\\/schema\\\/logo\\\/image\\\/\"},\"sameAs\":[\"https:\\\/\\\/www.facebook.com\\\/folhadoleste\",\"https:\\\/\\\/x.com\\\/FolhadoLesteRJ\",\"https:\\\/\\\/www.instagram.com\\\/folhadoleste\\\/\"]},{\"@type\":\"Person\",\"@id\":\"https:\\\/\\\/folhadoleste.com.br\\\/#\\\/schema\\\/person\\\/b221dfcb2145a1f2b2629b441b0a1270\",\"name\":\"Gabriel Gontijo\",\"image\":{\"@type\":\"ImageObject\",\"inLanguage\":\"en-US\",\"@id\":\"https:\\\/\\\/folhadoleste.com.br\\\/wp-content\\\/litespeed\\\/avatar\\\/ec69cbfd472624d176510944f17f9555.jpg?ver=1777161195\",\"url\":\"https:\\\/\\\/folhadoleste.com.br\\\/wp-content\\\/litespeed\\\/avatar\\\/ec69cbfd472624d176510944f17f9555.jpg?ver=1777161195\",\"contentUrl\":\"https:\\\/\\\/folhadoleste.com.br\\\/wp-content\\\/litespeed\\\/avatar\\\/ec69cbfd472624d176510944f17f9555.jpg?ver=1777161195\",\"caption\":\"Gabriel Gontijo\"},\"url\":\"https:\\\/\\\/folhadoleste.com.br\\\/en\\\/author\\\/gabriel-gontijo\\\/\"}]}<\/script>\n<!-- \/ Yoast SEO plugin. -->","yoast_head_json":{"title":"Voz brasileira no Vaticano lan\u00e7a livro sobre Papa Bento XVI na PUC &#8226; Folha do Leste","description":"Isso porque o jornalista Silvonei Jos\u00e9 Protz, a voz brasileira no Vaticano, \u00e9 o autor de livro \u201cBento XVI - Simplesmente Peregrino\u201d","robots":{"index":"index","follow":"follow","max-snippet":"max-snippet:-1","max-image-preview":"max-image-preview:large","max-video-preview":"max-video-preview:-1"},"canonical":"https:\/\/folhadoleste.com.br\/en\/voz-brasileira-no-vaticano-lanca-livro-sobre-papa-bento-xvi-na-puc\/","og_locale":"en_US","og_type":"article","og_title":"Voz brasileira no Vaticano lan\u00e7a livro sobre Papa Bento XVI na PUC &#8226; Folha do Leste","og_description":"Isso porque o jornalista Silvonei Jos\u00e9 Protz, a voz brasileira no Vaticano, \u00e9 o autor de livro \u201cBento XVI - Simplesmente Peregrino\u201d","og_url":"https:\/\/folhadoleste.com.br\/en\/voz-brasileira-no-vaticano-lanca-livro-sobre-papa-bento-xvi-na-puc\/","og_site_name":"Folha do Leste","article_publisher":"https:\/\/www.facebook.com\/folhadoleste","article_published_time":"2024-04-07T02:23:14+00:00","og_image":[{"width":521,"height":761,"url":"https:\/\/folhadoleste.com.br\/wp-content\/uploads\/2024\/04\/IMG-20240405-WA0058.jpg","type":"image\/jpeg"}],"author":"Gabriel Gontijo","twitter_card":"summary_large_image","twitter_creator":"@FolhadoLesteRJ","twitter_site":"@FolhadoLesteRJ","twitter_misc":{"Written by":"Gabriel Gontijo","Est. reading time":"3 minutes"},"schema":{"@context":"https:\/\/schema.org","@graph":[{"@type":"NewsArticle","@id":"https:\/\/folhadoleste.com.br\/voz-brasileira-no-vaticano-lanca-livro-sobre-papa-bento-xvi-na-puc\/#article","isPartOf":{"@id":"https:\/\/folhadoleste.com.br\/voz-brasileira-no-vaticano-lanca-livro-sobre-papa-bento-xvi-na-puc\/"},"author":{"name":"Gabriel Gontijo","@id":"https:\/\/folhadoleste.com.br\/#\/schema\/person\/b221dfcb2145a1f2b2629b441b0a1270"},"headline":"Voz brasileira no Vaticano lan\u00e7a livro sobre Papa Bento XVI na PUC","datePublished":"2024-04-07T02:23:14+00:00","mainEntityOfPage":{"@id":"https:\/\/folhadoleste.com.br\/voz-brasileira-no-vaticano-lanca-livro-sobre-papa-bento-xvi-na-puc\/"},"wordCount":390,"commentCount":0,"publisher":{"@id":"https:\/\/folhadoleste.com.br\/#organization"},"image":{"@id":"https:\/\/folhadoleste.com.br\/voz-brasileira-no-vaticano-lanca-livro-sobre-papa-bento-xvi-na-puc\/#primaryimage"},"thumbnailUrl":"https:\/\/folhadoleste.com.br\/wp-content\/uploads\/2024\/04\/IMG-20240405-WA0058.jpg","keywords":["Brasil Vaticano","ensinamentos","Igreja Cat\u00f3lica","lan\u00e7amento","livro","papa Bento XVI","PUC","Rio de Janeiro","Silvonei Jos\u00e9 Protz","Voz"],"articleSection":["Entretenimento, Artes e Cultura","Literatura"],"inLanguage":"en-US","potentialAction":[{"@type":"CommentAction","name":"Comment","target":["https:\/\/folhadoleste.com.br\/voz-brasileira-no-vaticano-lanca-livro-sobre-papa-bento-xvi-na-puc\/#respond"]}]},{"@type":"WebPage","@id":"https:\/\/folhadoleste.com.br\/voz-brasileira-no-vaticano-lanca-livro-sobre-papa-bento-xvi-na-puc\/","url":"https:\/\/folhadoleste.com.br\/voz-brasileira-no-vaticano-lanca-livro-sobre-papa-bento-xvi-na-puc\/","name":"Voz brasileira no Vaticano lan\u00e7a livro sobre Papa Bento XVI na PUC &#8226; Folha do Leste","isPartOf":{"@id":"https:\/\/folhadoleste.com.br\/#website"},"primaryImageOfPage":{"@id":"https:\/\/folhadoleste.com.br\/voz-brasileira-no-vaticano-lanca-livro-sobre-papa-bento-xvi-na-puc\/#primaryimage"},"image":{"@id":"https:\/\/folhadoleste.com.br\/voz-brasileira-no-vaticano-lanca-livro-sobre-papa-bento-xvi-na-puc\/#primaryimage"},"thumbnailUrl":"https:\/\/folhadoleste.com.br\/wp-content\/uploads\/2024\/04\/IMG-20240405-WA0058.jpg","datePublished":"2024-04-07T02:23:14+00:00","description":"Isso porque o jornalista Silvonei Jos\u00e9 Protz, a voz brasileira no Vaticano, \u00e9 o autor de livro \u201cBento XVI - Simplesmente Peregrino\u201d","breadcrumb":{"@id":"https:\/\/folhadoleste.com.br\/voz-brasileira-no-vaticano-lanca-livro-sobre-papa-bento-xvi-na-puc\/#breadcrumb"},"inLanguage":"en-US","potentialAction":[{"@type":"ReadAction","target":["https:\/\/folhadoleste.com.br\/voz-brasileira-no-vaticano-lanca-livro-sobre-papa-bento-xvi-na-puc\/"]}]},{"@type":"ImageObject","inLanguage":"en-US","@id":"https:\/\/folhadoleste.com.br\/voz-brasileira-no-vaticano-lanca-livro-sobre-papa-bento-xvi-na-puc\/#primaryimage","url":"https:\/\/folhadoleste.com.br\/wp-content\/uploads\/2024\/04\/IMG-20240405-WA0058.jpg","contentUrl":"https:\/\/folhadoleste.com.br\/wp-content\/uploads\/2024\/04\/IMG-20240405-WA0058.jpg","width":521,"height":761,"caption":"Foto; Divulga\u00e7\u00e3o"},{"@type":"BreadcrumbList","@id":"https:\/\/folhadoleste.com.br\/voz-brasileira-no-vaticano-lanca-livro-sobre-papa-bento-xvi-na-puc\/#breadcrumb","itemListElement":[{"@type":"ListItem","position":1,"name":"In\u00edcio","item":"https:\/\/folhadoleste.com.br\/"},{"@type":"ListItem","position":2,"name":"Entretenimento, Artes e Cultura","item":"https:\/\/folhadoleste.com.br\/category\/entretenimento-artes-e-cultura-destaque\/"},{"@type":"ListItem","position":3,"name":"Voz brasileira no Vaticano lan\u00e7a livro sobre Papa Bento XVI na PUC"}]},{"@type":"WebSite","@id":"https:\/\/folhadoleste.com.br\/#website","url":"https:\/\/folhadoleste.com.br\/","name":"Folha do Leste","description":"Portal de Not\u00edcias com \u00eanfase em Niter\u00f3i, criando conte\u00fados desde a capital Rio de Janeiro, com olhar para o Leste Fluminense e suas cidades como S\u00e3o Gon\u00e7alo, Itabora\u00ed, Rio Bonito, Maric\u00e1, Saquarema e Araruama","publisher":{"@id":"https:\/\/folhadoleste.com.br\/#organization"},"alternateName":"FL","potentialAction":[{"@type":"SearchAction","target":{"@type":"EntryPoint","urlTemplate":"https:\/\/folhadoleste.com.br\/?s={search_term_string}"},"query-input":{"@type":"PropertyValueSpecification","valueRequired":true,"valueName":"search_term_string"}}],"inLanguage":"en-US"},{"@type":"Organization","@id":"https:\/\/folhadoleste.com.br\/#organization","name":"Brasil 21 Comunica\u00e7\u00e3o","alternateName":"BR21","url":"https:\/\/folhadoleste.com.br\/","logo":{"@type":"ImageObject","inLanguage":"en-US","@id":"https:\/\/folhadoleste.com.br\/#\/schema\/logo\/image\/","url":"https:\/\/folhadoleste.com.br\/wp-content\/uploads\/2025\/12\/brasil-21-logomarca.avif","contentUrl":"https:\/\/folhadoleste.com.br\/wp-content\/uploads\/2025\/12\/brasil-21-logomarca.avif","width":1044,"height":1044,"caption":"Brasil 21 Comunica\u00e7\u00e3o"},"image":{"@id":"https:\/\/folhadoleste.com.br\/#\/schema\/logo\/image\/"},"sameAs":["https:\/\/www.facebook.com\/folhadoleste","https:\/\/x.com\/FolhadoLesteRJ","https:\/\/www.instagram.com\/folhadoleste\/"]},{"@type":"Person","@id":"https:\/\/folhadoleste.com.br\/#\/schema\/person\/b221dfcb2145a1f2b2629b441b0a1270","name":"Gabriel Gontijo","image":{"@type":"ImageObject","inLanguage":"en-US","@id":"https:\/\/folhadoleste.com.br\/wp-content\/litespeed\/avatar\/ec69cbfd472624d176510944f17f9555.jpg?ver=1777161195","url":"https:\/\/folhadoleste.com.br\/wp-content\/litespeed\/avatar\/ec69cbfd472624d176510944f17f9555.jpg?ver=1777161195","contentUrl":"https:\/\/folhadoleste.com.br\/wp-content\/litespeed\/avatar\/ec69cbfd472624d176510944f17f9555.jpg?ver=1777161195","caption":"Gabriel Gontijo"},"url":"https:\/\/folhadoleste.com.br\/en\/author\/gabriel-gontijo\/"}]}},"_links":{"self":[{"href":"https:\/\/folhadoleste.com.br\/en\/wp-json\/wp\/v2\/posts\/60147","targetHints":{"allow":["GET"]}}],"collection":[{"href":"https:\/\/folhadoleste.com.br\/en\/wp-json\/wp\/v2\/posts"}],"about":[{"href":"https:\/\/folhadoleste.com.br\/en\/wp-json\/wp\/v2\/types\/post"}],"author":[{"embeddable":true,"href":"https:\/\/folhadoleste.com.br\/en\/wp-json\/wp\/v2\/users\/15"}],"replies":[{"embeddable":true,"href":"https:\/\/folhadoleste.com.br\/en\/wp-json\/wp\/v2\/comments?post=60147"}],"version-history":[{"count":6,"href":"https:\/\/folhadoleste.com.br\/en\/wp-json\/wp\/v2\/posts\/60147\/revisions"}],"predecessor-version":[{"id":60156,"href":"https:\/\/folhadoleste.com.br\/en\/wp-json\/wp\/v2\/posts\/60147\/revisions\/60156"}],"wp:featuredmedia":[{"embeddable":true,"href":"https:\/\/folhadoleste.com.br\/en\/wp-json\/wp\/v2\/media\/60154"}],"wp:attachment":[{"href":"https:\/\/folhadoleste.com.br\/en\/wp-json\/wp\/v2\/media?parent=60147"}],"wp:term":[{"taxonomy":"category","embeddable":true,"href":"https:\/\/folhadoleste.com.br\/en\/wp-json\/wp\/v2\/categories?post=60147"},{"taxonomy":"post_tag","embeddable":true,"href":"https:\/\/folhadoleste.com.br\/en\/wp-json\/wp\/v2\/tags?post=60147"}],"curies":[{"name":"wp","href":"https:\/\/api.w.org\/{rel}","templated":true}]}}