{"id":59392,"date":"2024-04-02T12:06:41","date_gmt":"2024-04-02T15:06:41","guid":{"rendered":"https:\/\/folhadoleste.com.br\/?p=59392"},"modified":"2024-04-02T12:06:41","modified_gmt":"2024-04-02T15:06:41","slug":"flamengo-avalia-opcoes-no-mercado-brasileiro","status":"publish","type":"post","link":"https:\/\/folhadoleste.com.br\/en\/flamengo-avalia-opcoes-no-mercado-brasileiro\/","title":{"rendered":"Flamengo avalia op\u00e7\u00f5es no mercado brasileiro"},"content":{"rendered":"<div id=\"attachment_59394\" style=\"width: 1210px\" class=\"wp-caption aligncenter\"><a href=\"https:\/\/folhadoleste.com.br\/wp-content\/uploads\/2024\/04\/Flamengo-avalia-opcoes-no-mercado-brasileiro-Foto-Alexandre-Vidal-Flamengo.webp\"><img decoding=\"async\" aria-describedby=\"caption-attachment-59394\" class=\"size-full wp-image-59394\" src=\"https:\/\/folhadoleste.com.br\/wp-content\/uploads\/2024\/04\/Flamengo-avalia-opcoes-no-mercado-brasileiro-Foto-Alexandre-Vidal-Flamengo.webp\" alt=\"Flamengo avalia op\u00e7\u00f5es no mercado brasileiro\" width=\"1200\" height=\"750\" \/><\/a><p id=\"caption-attachment-59394\" class=\"wp-caption-text\">Foto: Alexandre Vidal &#8211; Flamengo<\/p><\/div>\n<p data-sourcepos=\"3:1-3:317\">Com a recente contrata\u00e7\u00e3o de Carlinhos para o meio-campo, o Flamengo segue ativo no mercado de transfer\u00eancias e busca refor\u00e7ar a lateral-esquerda. O objetivo \u00e9 ter mais op\u00e7\u00f5es para a posi\u00e7\u00e3o durante a disputa da Copa Am\u00e9rica, que acontecer\u00e1 no meio do ano, e evitar problemas com convoca\u00e7\u00f5es.<\/p>\n<p data-sourcepos=\"7:1-7:278\">O Rubro-Negro contratou Mat\u00edas Vi\u00f1a no in\u00edcio do ano, mas o jogador, assim como Ayrton Lucas, foi convocado para as \u00faltimas partidas de suas respectivas sele\u00e7\u00f5es (Chile e Brasil). Com a Copa Am\u00e9rica se aproximando, o clube teme ficar desfalcado na posi\u00e7\u00e3o durante o Brasileir\u00e3o.<\/p>\n<h5 data-sourcepos=\"7:1-7:169\">\u25ba<a href=\"https:\/\/folhadoleste.com.br\/en\/category\/esportes\/\"><strong>Leia mais not\u00edcias sobre Esportes Aqui<\/strong><\/a><\/h5>\n<p data-sourcepos=\"11:1-11:244\">Diante disso, o Flamengo busca um lateral-esquerdo sem a necessidade de realizar um grande investimento. A ideia \u00e9 seguir a estrat\u00e9gia utilizada na contrata\u00e7\u00e3o de Carlinhos, buscando oportunidades de mercado ou jogadores com valores acess\u00edveis.<\/p>\n<p data-sourcepos=\"13:1-13:221\">Investimentos mais expressivos s\u00f3 devem acontecer na janela de transfer\u00eancias do meio do ano, quando o mercado europeu estar\u00e1 aberto novamente. A contrata\u00e7\u00e3o de um volante \u00e9 uma das prioridades do clube para esse per\u00edodo.<\/p>\n<p data-sourcepos=\"13:1-13:221\">\n<p data-sourcepos=\"13:1-13:221\"><a href=\"https:\/\/www.instagram.com\/folhadoleste\/\"><img decoding=\"async\" class=\"aligncenter wp-image-15962\" src=\"https:\/\/folhadoleste.com.br\/wp-content\/uploads\/2023\/07\/instagram.jpg.webp\" alt=\"Itaipu-Itaipua\u00e7u: Caminh\u00e3o causa grave acidente na RJ-102, a estrada da Serrinha\" width=\"49\" height=\"49\" \/><\/a><a href=\"https:\/\/www.facebook.com\/folhadoleste\"><img decoding=\"async\" class=\"aligncenter wp-image-7424\" src=\"https:\/\/folhadoleste.com.br\/wp-content\/uploads\/2023\/05\/facebook-logo-3-1.png.webp\" alt=\"Itaipu-Itaipua\u00e7u: Caminh\u00e3o causa grave acidente na RJ-102, a estrada da Serrinha\" width=\"49\" height=\"49\" \/><\/a><\/p>","protected":false},"excerpt":{"rendered":"<p>Com a recente contrata\u00e7\u00e3o de Carlinhos para o meio-campo, o Flamengo segue ativo no mercado de transfer\u00eancias e busca refor\u00e7ar a lateral-esquerda. O objetivo \u00e9 ter mais op\u00e7\u00f5es para a posi\u00e7\u00e3o durante a disputa da Copa Am\u00e9rica, que acontecer\u00e1 no meio do ano, e evitar problemas com convoca\u00e7\u00f5es. O Rubro-Negro contratou Mat\u00edas Vi\u00f1a no in\u00edcio do ano, mas o jogador, assim como Ayrton Lucas, foi convocado para as \u00faltimas partidas de suas respectivas sele\u00e7\u00f5es (Chile e Brasil). Com a Copa Am\u00e9rica se aproximando, o clube teme ficar desfalcado na posi\u00e7\u00e3o durante o Brasileir\u00e3o. \u25baLeia mais not\u00edcias sobre Esportes Aqui Diante [&hellip;]<\/p>\n","protected":false},"author":4,"featured_media":26321,"comment_status":"open","ping_status":"open","sticky":false,"template":"","format":"standard","meta":{"footnotes":""},"categories":[48,65],"tags":[18684,988,22430,20200,3916,105,4230,285,101,889,4065,22665,15710,15969,22664,7614,9728,249,15674,16261],"class_list":["post-59392","post","type-post","status-publish","format-standard","has-post-thumbnail","hentry","category-esportes","category-futebol-esportes","tag-ayrton-lucas","tag-brasileirao","tag-carlinhos","tag-copa-america","tag-desfalque","tag-esportes","tag-europa","tag-flamengo","tag-futebol","tag-investimento","tag-janela-de-transferencias","tag-lateral-esquerda","tag-matias-vina","tag-mercado-da-bola","tag-mercado-de-transferencias","tag-negociacao","tag-planejamento","tag-reforco","tag-sondagem","tag-volante","post--single"],"yoast_head":"<!-- This site is optimized with the Yoast SEO plugin v27.4 - https:\/\/yoast.com\/product\/yoast-seo-wordpress\/ -->\n<title>Flamengo avalia op\u00e7\u00f5es no mercado brasileiro &#8226; Folha do Leste<\/title>\n<meta name=\"description\" content=\"Com a recente contrata\u00e7\u00e3o de Carlinhos para o meio-campo, o Flamengo segue ativo no mercado de transfer\u00eancias e busca refor\u00e7ar...\" \/>\n<meta name=\"robots\" content=\"index, follow, max-snippet:-1, max-image-preview:large, max-video-preview:-1\" \/>\n<link rel=\"canonical\" href=\"https:\/\/folhadoleste.com.br\/en\/flamengo-avalia-opcoes-no-mercado-brasileiro\/\" \/>\n<meta property=\"og:locale\" content=\"en_US\" \/>\n<meta property=\"og:type\" content=\"article\" \/>\n<meta property=\"og:title\" content=\"Flamengo avalia op\u00e7\u00f5es no mercado brasileiro &#8226; Folha do Leste\" \/>\n<meta property=\"og:description\" content=\"Futebol &#8226; Folha do Leste\" \/>\n<meta property=\"og:url\" content=\"https:\/\/folhadoleste.com.br\/en\/flamengo-avalia-opcoes-no-mercado-brasileiro\/\" \/>\n<meta property=\"og:site_name\" content=\"Folha do Leste\" \/>\n<meta property=\"article:publisher\" content=\"https:\/\/www.facebook.com\/folhadoleste\" \/>\n<meta property=\"article:published_time\" content=\"2024-04-02T15:06:41+00:00\" \/>\n<meta property=\"og:image\" content=\"https:\/\/folhadoleste.com.br\/wp-content\/uploads\/2023\/09\/Marcos-Braz-e-acusado-de-agredir-torcedor-em-shopping-Foto-Alexandre-Vidal-Flamengo.webp\" \/>\n\t<meta property=\"og:image:width\" content=\"1200\" \/>\n\t<meta property=\"og:image:height\" content=\"750\" \/>\n\t<meta property=\"og:image:type\" content=\"image\/webp\" \/>\n<meta name=\"author\" content=\"Folha do Leste\" \/>\n<meta name=\"twitter:card\" content=\"summary_large_image\" \/>\n<meta name=\"twitter:creator\" content=\"@FolhadoLesteRJ\" \/>\n<meta name=\"twitter:site\" content=\"@FolhadoLesteRJ\" \/>\n<meta name=\"twitter:label1\" content=\"Written by\" \/>\n\t<meta name=\"twitter:data1\" content=\"Folha do Leste\" \/>\n\t<meta name=\"twitter:label2\" content=\"Est. reading time\" \/>\n\t<meta name=\"twitter:data2\" content=\"2 minutes\" \/>\n<script type=\"application\/ld+json\" class=\"yoast-schema-graph\">{\"@context\":\"https:\\\/\\\/schema.org\",\"@graph\":[{\"@type\":\"NewsArticle\",\"@id\":\"https:\\\/\\\/folhadoleste.com.br\\\/flamengo-avalia-opcoes-no-mercado-brasileiro\\\/#article\",\"isPartOf\":{\"@id\":\"https:\\\/\\\/folhadoleste.com.br\\\/flamengo-avalia-opcoes-no-mercado-brasileiro\\\/\"},\"author\":{\"name\":\"Folha do Leste\",\"@id\":\"https:\\\/\\\/folhadoleste.com.br\\\/#\\\/schema\\\/person\\\/3e97145b2e1861276e84471aa85a3899\"},\"headline\":\"Flamengo avalia op\u00e7\u00f5es no mercado brasileiro\",\"datePublished\":\"2024-04-02T15:06:41+00:00\",\"mainEntityOfPage\":{\"@id\":\"https:\\\/\\\/folhadoleste.com.br\\\/flamengo-avalia-opcoes-no-mercado-brasileiro\\\/\"},\"wordCount\":206,\"commentCount\":0,\"publisher\":{\"@id\":\"https:\\\/\\\/folhadoleste.com.br\\\/#organization\"},\"image\":{\"@id\":\"https:\\\/\\\/folhadoleste.com.br\\\/flamengo-avalia-opcoes-no-mercado-brasileiro\\\/#primaryimage\"},\"thumbnailUrl\":\"https:\\\/\\\/folhadoleste.com.br\\\/wp-content\\\/uploads\\\/2023\\\/09\\\/Marcos-Braz-e-acusado-de-agredir-torcedor-em-shopping-Foto-Alexandre-Vidal-Flamengo.webp\",\"keywords\":[\"Ayrton Lucas\",\"Brasileir\u00e3o\",\"Carlinhos\",\"Copa Am\u00e9rica\",\"Desfalque\",\"Esportes\",\"Europa\",\"Flamengo\",\"futebol\",\"Investimento\",\"Janela de transfer\u00eancias\",\"Lateral Esquerda\",\"Matias Vi\u00f1a\",\"Mercado da bola\",\"Mercado de Transfer\u00eancias\",\"negocia\u00e7\u00e3o\",\"planejamento\",\"refor\u00e7o\",\"Sondagem\",\"volante\"],\"articleSection\":[\"Esportes\",\"Futebol\"],\"inLanguage\":\"en-US\",\"potentialAction\":[{\"@type\":\"CommentAction\",\"name\":\"Comment\",\"target\":[\"https:\\\/\\\/folhadoleste.com.br\\\/flamengo-avalia-opcoes-no-mercado-brasileiro\\\/#respond\"]}]},{\"@type\":\"WebPage\",\"@id\":\"https:\\\/\\\/folhadoleste.com.br\\\/flamengo-avalia-opcoes-no-mercado-brasileiro\\\/\",\"url\":\"https:\\\/\\\/folhadoleste.com.br\\\/flamengo-avalia-opcoes-no-mercado-brasileiro\\\/\",\"name\":\"Flamengo avalia op\u00e7\u00f5es no mercado brasileiro &#8226; Folha do Leste\",\"isPartOf\":{\"@id\":\"https:\\\/\\\/folhadoleste.com.br\\\/#website\"},\"primaryImageOfPage\":{\"@id\":\"https:\\\/\\\/folhadoleste.com.br\\\/flamengo-avalia-opcoes-no-mercado-brasileiro\\\/#primaryimage\"},\"image\":{\"@id\":\"https:\\\/\\\/folhadoleste.com.br\\\/flamengo-avalia-opcoes-no-mercado-brasileiro\\\/#primaryimage\"},\"thumbnailUrl\":\"https:\\\/\\\/folhadoleste.com.br\\\/wp-content\\\/uploads\\\/2023\\\/09\\\/Marcos-Braz-e-acusado-de-agredir-torcedor-em-shopping-Foto-Alexandre-Vidal-Flamengo.webp\",\"datePublished\":\"2024-04-02T15:06:41+00:00\",\"description\":\"Com a recente contrata\u00e7\u00e3o de Carlinhos para o meio-campo, o Flamengo segue ativo no mercado de transfer\u00eancias e busca refor\u00e7ar...\",\"breadcrumb\":{\"@id\":\"https:\\\/\\\/folhadoleste.com.br\\\/flamengo-avalia-opcoes-no-mercado-brasileiro\\\/#breadcrumb\"},\"inLanguage\":\"en-US\",\"potentialAction\":[{\"@type\":\"ReadAction\",\"target\":[\"https:\\\/\\\/folhadoleste.com.br\\\/flamengo-avalia-opcoes-no-mercado-brasileiro\\\/\"]}]},{\"@type\":\"ImageObject\",\"inLanguage\":\"en-US\",\"@id\":\"https:\\\/\\\/folhadoleste.com.br\\\/flamengo-avalia-opcoes-no-mercado-brasileiro\\\/#primaryimage\",\"url\":\"https:\\\/\\\/folhadoleste.com.br\\\/wp-content\\\/uploads\\\/2023\\\/09\\\/Marcos-Braz-e-acusado-de-agredir-torcedor-em-shopping-Foto-Alexandre-Vidal-Flamengo.webp\",\"contentUrl\":\"https:\\\/\\\/folhadoleste.com.br\\\/wp-content\\\/uploads\\\/2023\\\/09\\\/Marcos-Braz-e-acusado-de-agredir-torcedor-em-shopping-Foto-Alexandre-Vidal-Flamengo.webp\",\"width\":1200,\"height\":750,\"caption\":\"Foto: Alexandre Vidal - Flamengo\"},{\"@type\":\"BreadcrumbList\",\"@id\":\"https:\\\/\\\/folhadoleste.com.br\\\/flamengo-avalia-opcoes-no-mercado-brasileiro\\\/#breadcrumb\",\"itemListElement\":[{\"@type\":\"ListItem\",\"position\":1,\"name\":\"In\u00edcio\",\"item\":\"https:\\\/\\\/folhadoleste.com.br\\\/\"},{\"@type\":\"ListItem\",\"position\":2,\"name\":\"Esportes\",\"item\":\"https:\\\/\\\/folhadoleste.com.br\\\/category\\\/esportes\\\/\"},{\"@type\":\"ListItem\",\"position\":3,\"name\":\"Futebol\",\"item\":\"https:\\\/\\\/folhadoleste.com.br\\\/category\\\/esportes\\\/futebol-esportes\\\/\"},{\"@type\":\"ListItem\",\"position\":4,\"name\":\"Flamengo avalia op\u00e7\u00f5es no mercado brasileiro\"}]},{\"@type\":\"WebSite\",\"@id\":\"https:\\\/\\\/folhadoleste.com.br\\\/#website\",\"url\":\"https:\\\/\\\/folhadoleste.com.br\\\/\",\"name\":\"Folha do Leste\",\"description\":\"Portal de Not\u00edcias com \u00eanfase em Niter\u00f3i, criando conte\u00fados desde a capital Rio de Janeiro, com olhar para o Leste Fluminense e suas cidades como S\u00e3o Gon\u00e7alo, Itabora\u00ed, Rio Bonito, Maric\u00e1, Saquarema e Araruama\",\"publisher\":{\"@id\":\"https:\\\/\\\/folhadoleste.com.br\\\/#organization\"},\"alternateName\":\"FL\",\"potentialAction\":[{\"@type\":\"SearchAction\",\"target\":{\"@type\":\"EntryPoint\",\"urlTemplate\":\"https:\\\/\\\/folhadoleste.com.br\\\/?s={search_term_string}\"},\"query-input\":{\"@type\":\"PropertyValueSpecification\",\"valueRequired\":true,\"valueName\":\"search_term_string\"}}],\"inLanguage\":\"en-US\"},{\"@type\":\"Organization\",\"@id\":\"https:\\\/\\\/folhadoleste.com.br\\\/#organization\",\"name\":\"Brasil 21 Comunica\u00e7\u00e3o\",\"alternateName\":\"BR21\",\"url\":\"https:\\\/\\\/folhadoleste.com.br\\\/\",\"logo\":{\"@type\":\"ImageObject\",\"inLanguage\":\"en-US\",\"@id\":\"https:\\\/\\\/folhadoleste.com.br\\\/#\\\/schema\\\/logo\\\/image\\\/\",\"url\":\"https:\\\/\\\/folhadoleste.com.br\\\/wp-content\\\/uploads\\\/2025\\\/12\\\/brasil-21-logomarca.avif\",\"contentUrl\":\"https:\\\/\\\/folhadoleste.com.br\\\/wp-content\\\/uploads\\\/2025\\\/12\\\/brasil-21-logomarca.avif\",\"width\":1044,\"height\":1044,\"caption\":\"Brasil 21 Comunica\u00e7\u00e3o\"},\"image\":{\"@id\":\"https:\\\/\\\/folhadoleste.com.br\\\/#\\\/schema\\\/logo\\\/image\\\/\"},\"sameAs\":[\"https:\\\/\\\/www.facebook.com\\\/folhadoleste\",\"https:\\\/\\\/x.com\\\/FolhadoLesteRJ\",\"https:\\\/\\\/www.instagram.com\\\/folhadoleste\\\/\"]},{\"@type\":\"Person\",\"@id\":\"https:\\\/\\\/folhadoleste.com.br\\\/#\\\/schema\\\/person\\\/3e97145b2e1861276e84471aa85a3899\",\"name\":\"Folha do Leste\",\"image\":{\"@type\":\"ImageObject\",\"inLanguage\":\"en-US\",\"@id\":\"https:\\\/\\\/folhadoleste.com.br\\\/wp-content\\\/litespeed\\\/avatar\\\/1ca8c218432e7045e748610eb3db0259.jpg?ver=1777161142\",\"url\":\"https:\\\/\\\/folhadoleste.com.br\\\/wp-content\\\/litespeed\\\/avatar\\\/1ca8c218432e7045e748610eb3db0259.jpg?ver=1777161142\",\"contentUrl\":\"https:\\\/\\\/folhadoleste.com.br\\\/wp-content\\\/litespeed\\\/avatar\\\/1ca8c218432e7045e748610eb3db0259.jpg?ver=1777161142\",\"caption\":\"Folha do Leste\"},\"url\":\"https:\\\/\\\/folhadoleste.com.br\\\/en\\\/author\\\/reportagem-01\\\/\"}]}<\/script>\n<!-- \/ Yoast SEO plugin. -->","yoast_head_json":{"title":"Flamengo avalia op\u00e7\u00f5es no mercado brasileiro &#8226; Folha do Leste","description":"Com a recente contrata\u00e7\u00e3o de Carlinhos para o meio-campo, o Flamengo segue ativo no mercado de transfer\u00eancias e busca refor\u00e7ar...","robots":{"index":"index","follow":"follow","max-snippet":"max-snippet:-1","max-image-preview":"max-image-preview:large","max-video-preview":"max-video-preview:-1"},"canonical":"https:\/\/folhadoleste.com.br\/en\/flamengo-avalia-opcoes-no-mercado-brasileiro\/","og_locale":"en_US","og_type":"article","og_title":"Flamengo avalia op\u00e7\u00f5es no mercado brasileiro &#8226; Folha do Leste","og_description":"Futebol &#8226; Folha do Leste","og_url":"https:\/\/folhadoleste.com.br\/en\/flamengo-avalia-opcoes-no-mercado-brasileiro\/","og_site_name":"Folha do Leste","article_publisher":"https:\/\/www.facebook.com\/folhadoleste","article_published_time":"2024-04-02T15:06:41+00:00","og_image":[{"width":1200,"height":750,"url":"https:\/\/folhadoleste.com.br\/wp-content\/uploads\/2023\/09\/Marcos-Braz-e-acusado-de-agredir-torcedor-em-shopping-Foto-Alexandre-Vidal-Flamengo.webp","type":"image\/webp"}],"author":"Folha do Leste","twitter_card":"summary_large_image","twitter_creator":"@FolhadoLesteRJ","twitter_site":"@FolhadoLesteRJ","twitter_misc":{"Written by":"Folha do Leste","Est. reading time":"2 minutes"},"schema":{"@context":"https:\/\/schema.org","@graph":[{"@type":"NewsArticle","@id":"https:\/\/folhadoleste.com.br\/flamengo-avalia-opcoes-no-mercado-brasileiro\/#article","isPartOf":{"@id":"https:\/\/folhadoleste.com.br\/flamengo-avalia-opcoes-no-mercado-brasileiro\/"},"author":{"name":"Folha do Leste","@id":"https:\/\/folhadoleste.com.br\/#\/schema\/person\/3e97145b2e1861276e84471aa85a3899"},"headline":"Flamengo avalia op\u00e7\u00f5es no mercado brasileiro","datePublished":"2024-04-02T15:06:41+00:00","mainEntityOfPage":{"@id":"https:\/\/folhadoleste.com.br\/flamengo-avalia-opcoes-no-mercado-brasileiro\/"},"wordCount":206,"commentCount":0,"publisher":{"@id":"https:\/\/folhadoleste.com.br\/#organization"},"image":{"@id":"https:\/\/folhadoleste.com.br\/flamengo-avalia-opcoes-no-mercado-brasileiro\/#primaryimage"},"thumbnailUrl":"https:\/\/folhadoleste.com.br\/wp-content\/uploads\/2023\/09\/Marcos-Braz-e-acusado-de-agredir-torcedor-em-shopping-Foto-Alexandre-Vidal-Flamengo.webp","keywords":["Ayrton Lucas","Brasileir\u00e3o","Carlinhos","Copa Am\u00e9rica","Desfalque","Esportes","Europa","Flamengo","futebol","Investimento","Janela de transfer\u00eancias","Lateral Esquerda","Matias Vi\u00f1a","Mercado da bola","Mercado de Transfer\u00eancias","negocia\u00e7\u00e3o","planejamento","refor\u00e7o","Sondagem","volante"],"articleSection":["Esportes","Futebol"],"inLanguage":"en-US","potentialAction":[{"@type":"CommentAction","name":"Comment","target":["https:\/\/folhadoleste.com.br\/flamengo-avalia-opcoes-no-mercado-brasileiro\/#respond"]}]},{"@type":"WebPage","@id":"https:\/\/folhadoleste.com.br\/flamengo-avalia-opcoes-no-mercado-brasileiro\/","url":"https:\/\/folhadoleste.com.br\/flamengo-avalia-opcoes-no-mercado-brasileiro\/","name":"Flamengo avalia op\u00e7\u00f5es no mercado brasileiro &#8226; Folha do Leste","isPartOf":{"@id":"https:\/\/folhadoleste.com.br\/#website"},"primaryImageOfPage":{"@id":"https:\/\/folhadoleste.com.br\/flamengo-avalia-opcoes-no-mercado-brasileiro\/#primaryimage"},"image":{"@id":"https:\/\/folhadoleste.com.br\/flamengo-avalia-opcoes-no-mercado-brasileiro\/#primaryimage"},"thumbnailUrl":"https:\/\/folhadoleste.com.br\/wp-content\/uploads\/2023\/09\/Marcos-Braz-e-acusado-de-agredir-torcedor-em-shopping-Foto-Alexandre-Vidal-Flamengo.webp","datePublished":"2024-04-02T15:06:41+00:00","description":"Com a recente contrata\u00e7\u00e3o de Carlinhos para o meio-campo, o Flamengo segue ativo no mercado de transfer\u00eancias e busca refor\u00e7ar...","breadcrumb":{"@id":"https:\/\/folhadoleste.com.br\/flamengo-avalia-opcoes-no-mercado-brasileiro\/#breadcrumb"},"inLanguage":"en-US","potentialAction":[{"@type":"ReadAction","target":["https:\/\/folhadoleste.com.br\/flamengo-avalia-opcoes-no-mercado-brasileiro\/"]}]},{"@type":"ImageObject","inLanguage":"en-US","@id":"https:\/\/folhadoleste.com.br\/flamengo-avalia-opcoes-no-mercado-brasileiro\/#primaryimage","url":"https:\/\/folhadoleste.com.br\/wp-content\/uploads\/2023\/09\/Marcos-Braz-e-acusado-de-agredir-torcedor-em-shopping-Foto-Alexandre-Vidal-Flamengo.webp","contentUrl":"https:\/\/folhadoleste.com.br\/wp-content\/uploads\/2023\/09\/Marcos-Braz-e-acusado-de-agredir-torcedor-em-shopping-Foto-Alexandre-Vidal-Flamengo.webp","width":1200,"height":750,"caption":"Foto: Alexandre Vidal - Flamengo"},{"@type":"BreadcrumbList","@id":"https:\/\/folhadoleste.com.br\/flamengo-avalia-opcoes-no-mercado-brasileiro\/#breadcrumb","itemListElement":[{"@type":"ListItem","position":1,"name":"In\u00edcio","item":"https:\/\/folhadoleste.com.br\/"},{"@type":"ListItem","position":2,"name":"Esportes","item":"https:\/\/folhadoleste.com.br\/category\/esportes\/"},{"@type":"ListItem","position":3,"name":"Futebol","item":"https:\/\/folhadoleste.com.br\/category\/esportes\/futebol-esportes\/"},{"@type":"ListItem","position":4,"name":"Flamengo avalia op\u00e7\u00f5es no mercado brasileiro"}]},{"@type":"WebSite","@id":"https:\/\/folhadoleste.com.br\/#website","url":"https:\/\/folhadoleste.com.br\/","name":"Folha do Leste","description":"Portal de Not\u00edcias com \u00eanfase em Niter\u00f3i, criando conte\u00fados desde a capital Rio de Janeiro, com olhar para o Leste Fluminense e suas cidades como S\u00e3o Gon\u00e7alo, Itabora\u00ed, Rio Bonito, Maric\u00e1, Saquarema e Araruama","publisher":{"@id":"https:\/\/folhadoleste.com.br\/#organization"},"alternateName":"FL","potentialAction":[{"@type":"SearchAction","target":{"@type":"EntryPoint","urlTemplate":"https:\/\/folhadoleste.com.br\/?s={search_term_string}"},"query-input":{"@type":"PropertyValueSpecification","valueRequired":true,"valueName":"search_term_string"}}],"inLanguage":"en-US"},{"@type":"Organization","@id":"https:\/\/folhadoleste.com.br\/#organization","name":"Brasil 21 Comunica\u00e7\u00e3o","alternateName":"BR21","url":"https:\/\/folhadoleste.com.br\/","logo":{"@type":"ImageObject","inLanguage":"en-US","@id":"https:\/\/folhadoleste.com.br\/#\/schema\/logo\/image\/","url":"https:\/\/folhadoleste.com.br\/wp-content\/uploads\/2025\/12\/brasil-21-logomarca.avif","contentUrl":"https:\/\/folhadoleste.com.br\/wp-content\/uploads\/2025\/12\/brasil-21-logomarca.avif","width":1044,"height":1044,"caption":"Brasil 21 Comunica\u00e7\u00e3o"},"image":{"@id":"https:\/\/folhadoleste.com.br\/#\/schema\/logo\/image\/"},"sameAs":["https:\/\/www.facebook.com\/folhadoleste","https:\/\/x.com\/FolhadoLesteRJ","https:\/\/www.instagram.com\/folhadoleste\/"]},{"@type":"Person","@id":"https:\/\/folhadoleste.com.br\/#\/schema\/person\/3e97145b2e1861276e84471aa85a3899","name":"Folha do Leste","image":{"@type":"ImageObject","inLanguage":"en-US","@id":"https:\/\/folhadoleste.com.br\/wp-content\/litespeed\/avatar\/1ca8c218432e7045e748610eb3db0259.jpg?ver=1777161142","url":"https:\/\/folhadoleste.com.br\/wp-content\/litespeed\/avatar\/1ca8c218432e7045e748610eb3db0259.jpg?ver=1777161142","contentUrl":"https:\/\/folhadoleste.com.br\/wp-content\/litespeed\/avatar\/1ca8c218432e7045e748610eb3db0259.jpg?ver=1777161142","caption":"Folha do Leste"},"url":"https:\/\/folhadoleste.com.br\/en\/author\/reportagem-01\/"}]}},"_links":{"self":[{"href":"https:\/\/folhadoleste.com.br\/en\/wp-json\/wp\/v2\/posts\/59392","targetHints":{"allow":["GET"]}}],"collection":[{"href":"https:\/\/folhadoleste.com.br\/en\/wp-json\/wp\/v2\/posts"}],"about":[{"href":"https:\/\/folhadoleste.com.br\/en\/wp-json\/wp\/v2\/types\/post"}],"author":[{"embeddable":true,"href":"https:\/\/folhadoleste.com.br\/en\/wp-json\/wp\/v2\/users\/4"}],"replies":[{"embeddable":true,"href":"https:\/\/folhadoleste.com.br\/en\/wp-json\/wp\/v2\/comments?post=59392"}],"version-history":[{"count":1,"href":"https:\/\/folhadoleste.com.br\/en\/wp-json\/wp\/v2\/posts\/59392\/revisions"}],"predecessor-version":[{"id":59395,"href":"https:\/\/folhadoleste.com.br\/en\/wp-json\/wp\/v2\/posts\/59392\/revisions\/59395"}],"wp:featuredmedia":[{"embeddable":true,"href":"https:\/\/folhadoleste.com.br\/en\/wp-json\/wp\/v2\/media\/26321"}],"wp:attachment":[{"href":"https:\/\/folhadoleste.com.br\/en\/wp-json\/wp\/v2\/media?parent=59392"}],"wp:term":[{"taxonomy":"category","embeddable":true,"href":"https:\/\/folhadoleste.com.br\/en\/wp-json\/wp\/v2\/categories?post=59392"},{"taxonomy":"post_tag","embeddable":true,"href":"https:\/\/folhadoleste.com.br\/en\/wp-json\/wp\/v2\/tags?post=59392"}],"curies":[{"name":"wp","href":"https:\/\/api.w.org\/{rel}","templated":true}]}}