{"id":5926,"date":"2023-05-18T18:05:05","date_gmt":"2023-05-18T21:05:05","guid":{"rendered":"https:\/\/folhadoleste.com.br\/?p=5926"},"modified":"2023-05-18T19:36:52","modified_gmt":"2023-05-18T22:36:52","slug":"campanha-quer-ampliar-em-5-doacao-de-leite-materno-no-pais","status":"publish","type":"post","link":"https:\/\/folhadoleste.com.br\/en\/campanha-quer-ampliar-em-5-doacao-de-leite-materno-no-pais\/","title":{"rendered":"Campanha quer ampliar em 5% doa\u00e7\u00e3o de leite materno no pa\u00eds"},"content":{"rendered":"<h5><strong><a href=\"https:\/\/www.facebook.com\/folhadoleste\">CURTA E SIGA NOSSA P\u00c1GINA NO FACEBOOK CLICANDO AQUI<\/a><\/strong><\/h5>\n<h5><strong><a href=\"https:\/\/www.instagram.com\/folhadoleste\/\">CURTA E SIGA NOSSA P\u00c1GINA NO INSTAGRAM CLICANDO AQUI<\/a><\/strong><\/h5>\n<p>&nbsp;<\/p>\n<p>O Minist\u00e9rio da Sa\u00fade lan\u00e7ou nesta quinta-feira (18) a Campanha Nacional de Doa\u00e7\u00e3o de Leite Humano, com a meta de ampliar em 5%, em 2023, a oferta\u00a0de leite materno a beb\u00eas prematuros ou de baixo peso internados em UTIs e que n\u00e3o podem ser amamentados pelas pr\u00f3prias m\u00e3es.<\/p>\n<p>Com esse percentual, ser\u00e1 poss\u00edvel atender, pelo menos, 60% da demanda por leite humano, o equivalente a 245,7 mil litros. Atualmente, 55% dos beb\u00eas prematuros ou de baixo peso recebem leite humano.<\/p>\n<p>Em 2022, foram coletados 234 mil litros de leites, que alimentaram 222 mil rec\u00e9m-nascidos. No total, 197 mil mulheres fizeram doa\u00e7\u00f5es no per\u00edodo.<\/p>\n<p>Segundo o minist\u00e9rio, o leite humano reduz em at\u00e9 13% a mortalidade de crian\u00e7as menores de 5 anos por causas evit\u00e1veis. \u201cUm agravante \u00e9 que os estoques dos bancos de leite costumam cair durante\u00a0as f\u00e9rias escolares ou de feriados prolongados. Historicamente, os primeiros meses do ano s\u00e3o os que t\u00eam o menor n\u00famero de doa\u00e7\u00f5es. Por isso, a import\u00e2ncia da campanha ser realizada no primeiro semestre. Esta a\u00e7\u00e3o n\u00e3o pode se encerrar na campanha\u201d, explicou S\u00f4nia Ven\u00e2ncio, coordenadora de Sa\u00fade da Crian\u00e7a e do Adolescente do Minist\u00e9rio da Sa\u00fade.<\/p>\n<div id=\"attachment_5928\" style=\"width: 764px\" class=\"wp-caption alignnone\"><img decoding=\"async\" aria-describedby=\"caption-attachment-5928\" class=\"size-full wp-image-5928\" src=\"https:\/\/folhadoleste.com.br\/wp-content\/uploads\/2023\/05\/Campanha-quer-ampliar-em-5-doacao-de-leite-materno-no-pais2-Sandro-Araujo-Agencia-Saude-D-Agencia-Brasil.jpg\" alt=\"\" width=\"754\" height=\"503\" \/><p id=\"caption-attachment-5928\" class=\"wp-caption-text\">Bras\u00edlia (DF), 18\/05\/2023 &#8211; Coordenador da Rede Global de Banco de Leite Humano, Jo\u00e3o Apr\u00edgio, participa do Lan\u00e7amento da Campanha Nacional de Incentivo \u00e0 Doa\u00e7\u00e3o de Leite Materno .Foto: Wilson Dias\/Ag\u00eancia Brasil<\/p><\/div>\n<p>A coordenadora acrescentou que o leite humano diminui o tempo de interna\u00e7\u00e3o dos rec\u00e9m-nascidos prematuros e com baixo peso, risco de infec\u00e7\u00f5es nos hospitais e compra de f\u00f3rmulas infantis. Outra meta \u00e9 buscar a autossufici\u00eancia dos bancos de leite humano do pa\u00eds. Somente o banco do Distrito Federal \u00e9 autossuficiente.<\/p>\n<p>A campanha marca o Dia Nacional de Doa\u00e7\u00e3o de Leite Humano, celebrado nesta sexta-feira (19).<\/p>\n<p>O Brasil \u00e9 o pa\u00eds com a maior rede de bancos de leite humano do mundo, com 227 unidades e 240 postos de coleta distribu\u00eddos por todos os estados, conforme a Organiza\u00e7\u00e3o Mundial da Sa\u00fade (OMS). Al\u00e9m de coletar, processar e distribuir leite, os bancos e postos oferecem assist\u00eancia a mulheres na pr\u00e1tica do aleitamento materno.<\/p>\n<h2>Como doar leite materno<\/h2>\n<p>O Minist\u00e9rio da Sa\u00fade refor\u00e7a que qualquer quantidade de leite pode ser doada. Um pote de 200 ml, por exemplo, serve para alimentar at\u00e9 dez beb\u00eas prematuros ou com baixo peso. Toda mulher que est\u00e1 amamentando \u00e9 uma potencial doadora. \u00c9 preciso\u00a0estar em condi\u00e7\u00e3o saud\u00e1vel e n\u00e3o estar tomando medica\u00e7\u00e3o que interfira na amamenta\u00e7\u00e3o.<\/p>\n<p>Para saber a localiza\u00e7\u00e3o de um banco de leite humano, basta\u00a0ligar para o n\u00famero 136 ou acessar o\u00a0<a href=\"https:\/\/rblh.fiocruz.br\/pagina-inicial-rede-blh\" target=\"_blank\" rel=\"noopener\">site da Rede Brasileira de Bancos de Leite Humano<\/a>.<\/p>\n<p>&nbsp;<\/p>\n<h5><strong><a href=\"https:\/\/www.facebook.com\/folhadoleste\">CURTA E SIGA NOSSA P\u00c1GINA NO FACEBOOK CLICANDO AQUI<\/a><\/strong><\/h5>\n<h5><strong><a href=\"https:\/\/www.instagram.com\/folhadoleste\/\">CURTA E SIGA NOSSA P\u00c1GINA NO INSTAGRAM CLICANDO AQUI<\/a><\/strong><\/h5>\n<p>&nbsp;<\/p>\n<p>&nbsp;<\/p>\n<p>&nbsp;<\/p>\n<p>&nbsp;<\/p>\n<p>&nbsp;<\/p>\n<p>&nbsp;<\/p>\n<p><em>Fonte: Ag\u00eancia Brasil<\/em><\/p>","protected":false},"excerpt":{"rendered":"<p>CURTA E SIGA NOSSA P\u00c1GINA NO FACEBOOK CLICANDO AQUI CURTA E SIGA NOSSA P\u00c1GINA NO INSTAGRAM CLICANDO AQUI &nbsp; O Minist\u00e9rio da Sa\u00fade lan\u00e7ou nesta quinta-feira (18) a Campanha Nacional de Doa\u00e7\u00e3o de Leite Humano, com a meta de ampliar em 5%, em 2023, a oferta\u00a0de leite materno a beb\u00eas prematuros ou de baixo peso internados em UTIs e que n\u00e3o podem ser amamentados pelas pr\u00f3prias m\u00e3es. Com esse percentual, ser\u00e1 poss\u00edvel atender, pelo menos, 60% da demanda por leite humano, o equivalente a 245,7 mil litros. Atualmente, 55% dos beb\u00eas prematuros ou de baixo peso recebem leite humano. Em [&hellip;]<\/p>\n","protected":false},"author":4,"featured_media":5927,"comment_status":"open","ping_status":"open","sticky":false,"template":"","format":"standard","meta":{"footnotes":""},"categories":[631],"tags":[3965,3964,3963,279,73],"class_list":["post-5926","post","type-post","status-publish","format-standard","has-post-thumbnail","hentry","category-saude","tag-bebes-prematuros","tag-doacao-de-leite-humano","tag-leite-materno","tag-ministerio-da-saude","tag-saude","post--single"],"yoast_head":"<!-- This site is optimized with the Yoast SEO plugin v27.4 - https:\/\/yoast.com\/product\/yoast-seo-wordpress\/ -->\n<title>Campanha quer ampliar em 5% doa\u00e7\u00e3o de leite materno no pa\u00eds &#8226; Folha do Leste<\/title>\n<meta name=\"description\" content=\"O Minist\u00e9rio da Sa\u00fade lan\u00e7ou nesta quinta-feira (18) a Campanha Nacional de Doa\u00e7\u00e3o de Leite Humano, com a meta de ampliar em 5%, em 2023.\" \/>\n<meta name=\"robots\" content=\"index, follow, max-snippet:-1, max-image-preview:large, max-video-preview:-1\" \/>\n<link rel=\"canonical\" href=\"https:\/\/folhadoleste.com.br\/en\/campanha-quer-ampliar-em-5-doacao-de-leite-materno-no-pais\/\" \/>\n<meta property=\"og:locale\" content=\"en_US\" \/>\n<meta property=\"og:type\" content=\"article\" \/>\n<meta property=\"og:title\" content=\"Campanha quer ampliar em 5% doa\u00e7\u00e3o de leite materno no pa\u00eds\" \/>\n<meta property=\"og:description\" content=\"Clique e saiba mais...\" \/>\n<meta property=\"og:url\" content=\"https:\/\/folhadoleste.com.br\/en\/campanha-quer-ampliar-em-5-doacao-de-leite-materno-no-pais\/\" \/>\n<meta property=\"og:site_name\" content=\"Folha do Leste\" \/>\n<meta property=\"article:publisher\" content=\"https:\/\/www.facebook.com\/folhadoleste\" \/>\n<meta property=\"article:published_time\" content=\"2023-05-18T21:05:05+00:00\" \/>\n<meta property=\"article:modified_time\" content=\"2023-05-18T22:36:52+00:00\" \/>\n<meta property=\"og:image\" content=\"https:\/\/folhadoleste.com.br\/wp-content\/uploads\/2023\/05\/Campanha-quer-ampliar-em-5-doacao-de-leite-materno-no-pais-Sandro-Araujo-Agencia-Saude-D-Agencia-Brasil.jpg\" \/>\n\t<meta property=\"og:image:width\" content=\"1170\" \/>\n\t<meta property=\"og:image:height\" content=\"700\" \/>\n\t<meta property=\"og:image:type\" content=\"image\/jpeg\" \/>\n<meta name=\"author\" content=\"Folha do Leste\" \/>\n<meta name=\"twitter:card\" content=\"summary_large_image\" \/>\n<meta name=\"twitter:title\" content=\"Campanha quer ampliar em 5% doa\u00e7\u00e3o de leite materno no pa\u00eds\" \/>\n<meta name=\"twitter:description\" content=\"Clique e saiba mais...\" \/>\n<meta name=\"twitter:image\" content=\"https:\/\/folhadoleste.com.br\/wp-content\/uploads\/2023\/05\/Campanha-quer-ampliar-em-5-doacao-de-leite-materno-no-pais-Sandro-Araujo-Agencia-Saude-D-Agencia-Brasil.jpg\" \/>\n<meta name=\"twitter:creator\" content=\"@FolhadoLesteRJ\" \/>\n<meta name=\"twitter:site\" content=\"@FolhadoLesteRJ\" \/>\n<meta name=\"twitter:label1\" content=\"Written by\" \/>\n\t<meta name=\"twitter:data1\" content=\"Folha do Leste\" \/>\n\t<meta name=\"twitter:label2\" content=\"Est. reading time\" \/>\n\t<meta name=\"twitter:data2\" content=\"3 minutes\" \/>\n<script type=\"application\/ld+json\" class=\"yoast-schema-graph\">{\"@context\":\"https:\\\/\\\/schema.org\",\"@graph\":[{\"@type\":\"NewsArticle\",\"@id\":\"https:\\\/\\\/folhadoleste.com.br\\\/campanha-quer-ampliar-em-5-doacao-de-leite-materno-no-pais\\\/#article\",\"isPartOf\":{\"@id\":\"https:\\\/\\\/folhadoleste.com.br\\\/campanha-quer-ampliar-em-5-doacao-de-leite-materno-no-pais\\\/\"},\"author\":{\"name\":\"Folha do Leste\",\"@id\":\"https:\\\/\\\/folhadoleste.com.br\\\/#\\\/schema\\\/person\\\/3e97145b2e1861276e84471aa85a3899\"},\"headline\":\"Campanha quer ampliar em 5% doa\u00e7\u00e3o de leite materno no pa\u00eds\",\"datePublished\":\"2023-05-18T21:05:05+00:00\",\"dateModified\":\"2023-05-18T22:36:52+00:00\",\"mainEntityOfPage\":{\"@id\":\"https:\\\/\\\/folhadoleste.com.br\\\/campanha-quer-ampliar-em-5-doacao-de-leite-materno-no-pais\\\/\"},\"wordCount\":542,\"commentCount\":0,\"publisher\":{\"@id\":\"https:\\\/\\\/folhadoleste.com.br\\\/#organization\"},\"image\":{\"@id\":\"https:\\\/\\\/folhadoleste.com.br\\\/campanha-quer-ampliar-em-5-doacao-de-leite-materno-no-pais\\\/#primaryimage\"},\"thumbnailUrl\":\"https:\\\/\\\/folhadoleste.com.br\\\/wp-content\\\/uploads\\\/2023\\\/05\\\/Campanha-quer-ampliar-em-5-doacao-de-leite-materno-no-pais-Sandro-Araujo-Agencia-Saude-D-Agencia-Brasil.jpg\",\"keywords\":[\"beb\u00eas prematuros\",\"doa\u00e7\u00e3o de leite humano\",\"leite Materno\",\"minist\u00e9rio da sa\u00fade\",\"sa\u00fade\"],\"articleSection\":[\"Sa\u00fade\"],\"inLanguage\":\"en-US\",\"potentialAction\":[{\"@type\":\"CommentAction\",\"name\":\"Comment\",\"target\":[\"https:\\\/\\\/folhadoleste.com.br\\\/campanha-quer-ampliar-em-5-doacao-de-leite-materno-no-pais\\\/#respond\"]}]},{\"@type\":\"WebPage\",\"@id\":\"https:\\\/\\\/folhadoleste.com.br\\\/campanha-quer-ampliar-em-5-doacao-de-leite-materno-no-pais\\\/\",\"url\":\"https:\\\/\\\/folhadoleste.com.br\\\/campanha-quer-ampliar-em-5-doacao-de-leite-materno-no-pais\\\/\",\"name\":\"Campanha quer ampliar em 5% doa\u00e7\u00e3o de leite materno no pa\u00eds &#8226; Folha do Leste\",\"isPartOf\":{\"@id\":\"https:\\\/\\\/folhadoleste.com.br\\\/#website\"},\"primaryImageOfPage\":{\"@id\":\"https:\\\/\\\/folhadoleste.com.br\\\/campanha-quer-ampliar-em-5-doacao-de-leite-materno-no-pais\\\/#primaryimage\"},\"image\":{\"@id\":\"https:\\\/\\\/folhadoleste.com.br\\\/campanha-quer-ampliar-em-5-doacao-de-leite-materno-no-pais\\\/#primaryimage\"},\"thumbnailUrl\":\"https:\\\/\\\/folhadoleste.com.br\\\/wp-content\\\/uploads\\\/2023\\\/05\\\/Campanha-quer-ampliar-em-5-doacao-de-leite-materno-no-pais-Sandro-Araujo-Agencia-Saude-D-Agencia-Brasil.jpg\",\"datePublished\":\"2023-05-18T21:05:05+00:00\",\"dateModified\":\"2023-05-18T22:36:52+00:00\",\"description\":\"O Minist\u00e9rio da Sa\u00fade lan\u00e7ou nesta quinta-feira (18) a Campanha Nacional de Doa\u00e7\u00e3o de Leite Humano, com a meta de ampliar em 5%, em 2023.\",\"breadcrumb\":{\"@id\":\"https:\\\/\\\/folhadoleste.com.br\\\/campanha-quer-ampliar-em-5-doacao-de-leite-materno-no-pais\\\/#breadcrumb\"},\"inLanguage\":\"en-US\",\"potentialAction\":[{\"@type\":\"ReadAction\",\"target\":[\"https:\\\/\\\/folhadoleste.com.br\\\/campanha-quer-ampliar-em-5-doacao-de-leite-materno-no-pais\\\/\"]}]},{\"@type\":\"ImageObject\",\"inLanguage\":\"en-US\",\"@id\":\"https:\\\/\\\/folhadoleste.com.br\\\/campanha-quer-ampliar-em-5-doacao-de-leite-materno-no-pais\\\/#primaryimage\",\"url\":\"https:\\\/\\\/folhadoleste.com.br\\\/wp-content\\\/uploads\\\/2023\\\/05\\\/Campanha-quer-ampliar-em-5-doacao-de-leite-materno-no-pais-Sandro-Araujo-Agencia-Saude-D-Agencia-Brasil.jpg\",\"contentUrl\":\"https:\\\/\\\/folhadoleste.com.br\\\/wp-content\\\/uploads\\\/2023\\\/05\\\/Campanha-quer-ampliar-em-5-doacao-de-leite-materno-no-pais-Sandro-Araujo-Agencia-Saude-D-Agencia-Brasil.jpg\",\"width\":1170,\"height\":700,\"caption\":\"Bras\u00edlia (DF - Os bancos de leite de Bras\u00edlia s\u00e3o considerados os melhores do pa\u00eds e possuem classifica\u00e7\u00e3o de Padr\u00e3o Ouro pelo Programa Internacional Ibero-Americano de Bancos de Leite Humano. Foto Sandro Ara\u00fajo\\\/Ag\u00eancia Sa\u00fade-DF\"},{\"@type\":\"BreadcrumbList\",\"@id\":\"https:\\\/\\\/folhadoleste.com.br\\\/campanha-quer-ampliar-em-5-doacao-de-leite-materno-no-pais\\\/#breadcrumb\",\"itemListElement\":[{\"@type\":\"ListItem\",\"position\":1,\"name\":\"In\u00edcio\",\"item\":\"https:\\\/\\\/folhadoleste.com.br\\\/\"},{\"@type\":\"ListItem\",\"position\":2,\"name\":\"Brasil\",\"item\":\"https:\\\/\\\/folhadoleste.com.br\\\/category\\\/brasil\\\/\"},{\"@type\":\"ListItem\",\"position\":3,\"name\":\"Sa\u00fade\",\"item\":\"https:\\\/\\\/folhadoleste.com.br\\\/category\\\/brasil\\\/saude\\\/\"},{\"@type\":\"ListItem\",\"position\":4,\"name\":\"Campanha quer ampliar em 5% doa\u00e7\u00e3o de leite materno no pa\u00eds\"}]},{\"@type\":\"WebSite\",\"@id\":\"https:\\\/\\\/folhadoleste.com.br\\\/#website\",\"url\":\"https:\\\/\\\/folhadoleste.com.br\\\/\",\"name\":\"Folha do Leste\",\"description\":\"Portal de Not\u00edcias com \u00eanfase em Niter\u00f3i, criando conte\u00fados desde a capital Rio de Janeiro, com olhar para o Leste Fluminense e suas cidades como S\u00e3o Gon\u00e7alo, Itabora\u00ed, Rio Bonito, Maric\u00e1, Saquarema e Araruama\",\"publisher\":{\"@id\":\"https:\\\/\\\/folhadoleste.com.br\\\/#organization\"},\"alternateName\":\"FL\",\"potentialAction\":[{\"@type\":\"SearchAction\",\"target\":{\"@type\":\"EntryPoint\",\"urlTemplate\":\"https:\\\/\\\/folhadoleste.com.br\\\/?s={search_term_string}\"},\"query-input\":{\"@type\":\"PropertyValueSpecification\",\"valueRequired\":true,\"valueName\":\"search_term_string\"}}],\"inLanguage\":\"en-US\"},{\"@type\":\"Organization\",\"@id\":\"https:\\\/\\\/folhadoleste.com.br\\\/#organization\",\"name\":\"Brasil 21 Comunica\u00e7\u00e3o\",\"alternateName\":\"BR21\",\"url\":\"https:\\\/\\\/folhadoleste.com.br\\\/\",\"logo\":{\"@type\":\"ImageObject\",\"inLanguage\":\"en-US\",\"@id\":\"https:\\\/\\\/folhadoleste.com.br\\\/#\\\/schema\\\/logo\\\/image\\\/\",\"url\":\"https:\\\/\\\/folhadoleste.com.br\\\/wp-content\\\/uploads\\\/2025\\\/12\\\/brasil-21-logomarca.avif\",\"contentUrl\":\"https:\\\/\\\/folhadoleste.com.br\\\/wp-content\\\/uploads\\\/2025\\\/12\\\/brasil-21-logomarca.avif\",\"width\":1044,\"height\":1044,\"caption\":\"Brasil 21 Comunica\u00e7\u00e3o\"},\"image\":{\"@id\":\"https:\\\/\\\/folhadoleste.com.br\\\/#\\\/schema\\\/logo\\\/image\\\/\"},\"sameAs\":[\"https:\\\/\\\/www.facebook.com\\\/folhadoleste\",\"https:\\\/\\\/x.com\\\/FolhadoLesteRJ\",\"https:\\\/\\\/www.instagram.com\\\/folhadoleste\\\/\"]},{\"@type\":\"Person\",\"@id\":\"https:\\\/\\\/folhadoleste.com.br\\\/#\\\/schema\\\/person\\\/3e97145b2e1861276e84471aa85a3899\",\"name\":\"Folha do Leste\",\"image\":{\"@type\":\"ImageObject\",\"inLanguage\":\"en-US\",\"@id\":\"https:\\\/\\\/folhadoleste.com.br\\\/wp-content\\\/litespeed\\\/avatar\\\/1ca8c218432e7045e748610eb3db0259.jpg?ver=1777161142\",\"url\":\"https:\\\/\\\/folhadoleste.com.br\\\/wp-content\\\/litespeed\\\/avatar\\\/1ca8c218432e7045e748610eb3db0259.jpg?ver=1777161142\",\"contentUrl\":\"https:\\\/\\\/folhadoleste.com.br\\\/wp-content\\\/litespeed\\\/avatar\\\/1ca8c218432e7045e748610eb3db0259.jpg?ver=1777161142\",\"caption\":\"Folha do Leste\"},\"url\":\"https:\\\/\\\/folhadoleste.com.br\\\/en\\\/author\\\/reportagem-01\\\/\"}]}<\/script>\n<!-- \/ Yoast SEO plugin. -->","yoast_head_json":{"title":"Campanha quer ampliar em 5% doa\u00e7\u00e3o de leite materno no pa\u00eds &#8226; Folha do Leste","description":"O Minist\u00e9rio da Sa\u00fade lan\u00e7ou nesta quinta-feira (18) a Campanha Nacional de Doa\u00e7\u00e3o de Leite Humano, com a meta de ampliar em 5%, em 2023.","robots":{"index":"index","follow":"follow","max-snippet":"max-snippet:-1","max-image-preview":"max-image-preview:large","max-video-preview":"max-video-preview:-1"},"canonical":"https:\/\/folhadoleste.com.br\/en\/campanha-quer-ampliar-em-5-doacao-de-leite-materno-no-pais\/","og_locale":"en_US","og_type":"article","og_title":"Campanha quer ampliar em 5% doa\u00e7\u00e3o de leite materno no pa\u00eds","og_description":"Clique e saiba mais...","og_url":"https:\/\/folhadoleste.com.br\/en\/campanha-quer-ampliar-em-5-doacao-de-leite-materno-no-pais\/","og_site_name":"Folha do Leste","article_publisher":"https:\/\/www.facebook.com\/folhadoleste","article_published_time":"2023-05-18T21:05:05+00:00","article_modified_time":"2023-05-18T22:36:52+00:00","og_image":[{"width":1170,"height":700,"url":"https:\/\/folhadoleste.com.br\/wp-content\/uploads\/2023\/05\/Campanha-quer-ampliar-em-5-doacao-de-leite-materno-no-pais-Sandro-Araujo-Agencia-Saude-D-Agencia-Brasil.jpg","type":"image\/jpeg"}],"author":"Folha do Leste","twitter_card":"summary_large_image","twitter_title":"Campanha quer ampliar em 5% doa\u00e7\u00e3o de leite materno no pa\u00eds","twitter_description":"Clique e saiba mais...","twitter_image":"https:\/\/folhadoleste.com.br\/wp-content\/uploads\/2023\/05\/Campanha-quer-ampliar-em-5-doacao-de-leite-materno-no-pais-Sandro-Araujo-Agencia-Saude-D-Agencia-Brasil.jpg","twitter_creator":"@FolhadoLesteRJ","twitter_site":"@FolhadoLesteRJ","twitter_misc":{"Written by":"Folha do Leste","Est. reading time":"3 minutes"},"schema":{"@context":"https:\/\/schema.org","@graph":[{"@type":"NewsArticle","@id":"https:\/\/folhadoleste.com.br\/campanha-quer-ampliar-em-5-doacao-de-leite-materno-no-pais\/#article","isPartOf":{"@id":"https:\/\/folhadoleste.com.br\/campanha-quer-ampliar-em-5-doacao-de-leite-materno-no-pais\/"},"author":{"name":"Folha do Leste","@id":"https:\/\/folhadoleste.com.br\/#\/schema\/person\/3e97145b2e1861276e84471aa85a3899"},"headline":"Campanha quer ampliar em 5% doa\u00e7\u00e3o de leite materno no pa\u00eds","datePublished":"2023-05-18T21:05:05+00:00","dateModified":"2023-05-18T22:36:52+00:00","mainEntityOfPage":{"@id":"https:\/\/folhadoleste.com.br\/campanha-quer-ampliar-em-5-doacao-de-leite-materno-no-pais\/"},"wordCount":542,"commentCount":0,"publisher":{"@id":"https:\/\/folhadoleste.com.br\/#organization"},"image":{"@id":"https:\/\/folhadoleste.com.br\/campanha-quer-ampliar-em-5-doacao-de-leite-materno-no-pais\/#primaryimage"},"thumbnailUrl":"https:\/\/folhadoleste.com.br\/wp-content\/uploads\/2023\/05\/Campanha-quer-ampliar-em-5-doacao-de-leite-materno-no-pais-Sandro-Araujo-Agencia-Saude-D-Agencia-Brasil.jpg","keywords":["beb\u00eas prematuros","doa\u00e7\u00e3o de leite humano","leite Materno","minist\u00e9rio da sa\u00fade","sa\u00fade"],"articleSection":["Sa\u00fade"],"inLanguage":"en-US","potentialAction":[{"@type":"CommentAction","name":"Comment","target":["https:\/\/folhadoleste.com.br\/campanha-quer-ampliar-em-5-doacao-de-leite-materno-no-pais\/#respond"]}]},{"@type":"WebPage","@id":"https:\/\/folhadoleste.com.br\/campanha-quer-ampliar-em-5-doacao-de-leite-materno-no-pais\/","url":"https:\/\/folhadoleste.com.br\/campanha-quer-ampliar-em-5-doacao-de-leite-materno-no-pais\/","name":"Campanha quer ampliar em 5% doa\u00e7\u00e3o de leite materno no pa\u00eds &#8226; Folha do Leste","isPartOf":{"@id":"https:\/\/folhadoleste.com.br\/#website"},"primaryImageOfPage":{"@id":"https:\/\/folhadoleste.com.br\/campanha-quer-ampliar-em-5-doacao-de-leite-materno-no-pais\/#primaryimage"},"image":{"@id":"https:\/\/folhadoleste.com.br\/campanha-quer-ampliar-em-5-doacao-de-leite-materno-no-pais\/#primaryimage"},"thumbnailUrl":"https:\/\/folhadoleste.com.br\/wp-content\/uploads\/2023\/05\/Campanha-quer-ampliar-em-5-doacao-de-leite-materno-no-pais-Sandro-Araujo-Agencia-Saude-D-Agencia-Brasil.jpg","datePublished":"2023-05-18T21:05:05+00:00","dateModified":"2023-05-18T22:36:52+00:00","description":"O Minist\u00e9rio da Sa\u00fade lan\u00e7ou nesta quinta-feira (18) a Campanha Nacional de Doa\u00e7\u00e3o de Leite Humano, com a meta de ampliar em 5%, em 2023.","breadcrumb":{"@id":"https:\/\/folhadoleste.com.br\/campanha-quer-ampliar-em-5-doacao-de-leite-materno-no-pais\/#breadcrumb"},"inLanguage":"en-US","potentialAction":[{"@type":"ReadAction","target":["https:\/\/folhadoleste.com.br\/campanha-quer-ampliar-em-5-doacao-de-leite-materno-no-pais\/"]}]},{"@type":"ImageObject","inLanguage":"en-US","@id":"https:\/\/folhadoleste.com.br\/campanha-quer-ampliar-em-5-doacao-de-leite-materno-no-pais\/#primaryimage","url":"https:\/\/folhadoleste.com.br\/wp-content\/uploads\/2023\/05\/Campanha-quer-ampliar-em-5-doacao-de-leite-materno-no-pais-Sandro-Araujo-Agencia-Saude-D-Agencia-Brasil.jpg","contentUrl":"https:\/\/folhadoleste.com.br\/wp-content\/uploads\/2023\/05\/Campanha-quer-ampliar-em-5-doacao-de-leite-materno-no-pais-Sandro-Araujo-Agencia-Saude-D-Agencia-Brasil.jpg","width":1170,"height":700,"caption":"Bras\u00edlia (DF - Os bancos de leite de Bras\u00edlia s\u00e3o considerados os melhores do pa\u00eds e possuem classifica\u00e7\u00e3o de Padr\u00e3o Ouro pelo Programa Internacional Ibero-Americano de Bancos de Leite Humano. Foto Sandro Ara\u00fajo\/Ag\u00eancia Sa\u00fade-DF"},{"@type":"BreadcrumbList","@id":"https:\/\/folhadoleste.com.br\/campanha-quer-ampliar-em-5-doacao-de-leite-materno-no-pais\/#breadcrumb","itemListElement":[{"@type":"ListItem","position":1,"name":"In\u00edcio","item":"https:\/\/folhadoleste.com.br\/"},{"@type":"ListItem","position":2,"name":"Brasil","item":"https:\/\/folhadoleste.com.br\/category\/brasil\/"},{"@type":"ListItem","position":3,"name":"Sa\u00fade","item":"https:\/\/folhadoleste.com.br\/category\/brasil\/saude\/"},{"@type":"ListItem","position":4,"name":"Campanha quer ampliar em 5% doa\u00e7\u00e3o de leite materno no pa\u00eds"}]},{"@type":"WebSite","@id":"https:\/\/folhadoleste.com.br\/#website","url":"https:\/\/folhadoleste.com.br\/","name":"Folha do Leste","description":"Portal de Not\u00edcias com \u00eanfase em Niter\u00f3i, criando conte\u00fados desde a capital Rio de Janeiro, com olhar para o Leste Fluminense e suas cidades como S\u00e3o Gon\u00e7alo, Itabora\u00ed, Rio Bonito, Maric\u00e1, Saquarema e Araruama","publisher":{"@id":"https:\/\/folhadoleste.com.br\/#organization"},"alternateName":"FL","potentialAction":[{"@type":"SearchAction","target":{"@type":"EntryPoint","urlTemplate":"https:\/\/folhadoleste.com.br\/?s={search_term_string}"},"query-input":{"@type":"PropertyValueSpecification","valueRequired":true,"valueName":"search_term_string"}}],"inLanguage":"en-US"},{"@type":"Organization","@id":"https:\/\/folhadoleste.com.br\/#organization","name":"Brasil 21 Comunica\u00e7\u00e3o","alternateName":"BR21","url":"https:\/\/folhadoleste.com.br\/","logo":{"@type":"ImageObject","inLanguage":"en-US","@id":"https:\/\/folhadoleste.com.br\/#\/schema\/logo\/image\/","url":"https:\/\/folhadoleste.com.br\/wp-content\/uploads\/2025\/12\/brasil-21-logomarca.avif","contentUrl":"https:\/\/folhadoleste.com.br\/wp-content\/uploads\/2025\/12\/brasil-21-logomarca.avif","width":1044,"height":1044,"caption":"Brasil 21 Comunica\u00e7\u00e3o"},"image":{"@id":"https:\/\/folhadoleste.com.br\/#\/schema\/logo\/image\/"},"sameAs":["https:\/\/www.facebook.com\/folhadoleste","https:\/\/x.com\/FolhadoLesteRJ","https:\/\/www.instagram.com\/folhadoleste\/"]},{"@type":"Person","@id":"https:\/\/folhadoleste.com.br\/#\/schema\/person\/3e97145b2e1861276e84471aa85a3899","name":"Folha do Leste","image":{"@type":"ImageObject","inLanguage":"en-US","@id":"https:\/\/folhadoleste.com.br\/wp-content\/litespeed\/avatar\/1ca8c218432e7045e748610eb3db0259.jpg?ver=1777161142","url":"https:\/\/folhadoleste.com.br\/wp-content\/litespeed\/avatar\/1ca8c218432e7045e748610eb3db0259.jpg?ver=1777161142","contentUrl":"https:\/\/folhadoleste.com.br\/wp-content\/litespeed\/avatar\/1ca8c218432e7045e748610eb3db0259.jpg?ver=1777161142","caption":"Folha do Leste"},"url":"https:\/\/folhadoleste.com.br\/en\/author\/reportagem-01\/"}]}},"_links":{"self":[{"href":"https:\/\/folhadoleste.com.br\/en\/wp-json\/wp\/v2\/posts\/5926","targetHints":{"allow":["GET"]}}],"collection":[{"href":"https:\/\/folhadoleste.com.br\/en\/wp-json\/wp\/v2\/posts"}],"about":[{"href":"https:\/\/folhadoleste.com.br\/en\/wp-json\/wp\/v2\/types\/post"}],"author":[{"embeddable":true,"href":"https:\/\/folhadoleste.com.br\/en\/wp-json\/wp\/v2\/users\/4"}],"replies":[{"embeddable":true,"href":"https:\/\/folhadoleste.com.br\/en\/wp-json\/wp\/v2\/comments?post=5926"}],"version-history":[{"count":1,"href":"https:\/\/folhadoleste.com.br\/en\/wp-json\/wp\/v2\/posts\/5926\/revisions"}],"predecessor-version":[{"id":5929,"href":"https:\/\/folhadoleste.com.br\/en\/wp-json\/wp\/v2\/posts\/5926\/revisions\/5929"}],"wp:featuredmedia":[{"embeddable":true,"href":"https:\/\/folhadoleste.com.br\/en\/wp-json\/wp\/v2\/media\/5927"}],"wp:attachment":[{"href":"https:\/\/folhadoleste.com.br\/en\/wp-json\/wp\/v2\/media?parent=5926"}],"wp:term":[{"taxonomy":"category","embeddable":true,"href":"https:\/\/folhadoleste.com.br\/en\/wp-json\/wp\/v2\/categories?post=5926"},{"taxonomy":"post_tag","embeddable":true,"href":"https:\/\/folhadoleste.com.br\/en\/wp-json\/wp\/v2\/tags?post=5926"}],"curies":[{"name":"wp","href":"https:\/\/api.w.org\/{rel}","templated":true}]}}