{"id":5761,"date":"2023-05-17T17:26:16","date_gmt":"2023-05-17T20:26:16","guid":{"rendered":"https:\/\/folhadoleste.com.br\/?p=5761"},"modified":"2023-05-17T17:26:16","modified_gmt":"2023-05-17T20:26:16","slug":"fachin-vota-para-condenar-collor-a-33-anos-de-prisao-por-corrupcao","status":"publish","type":"post","link":"https:\/\/folhadoleste.com.br\/en\/fachin-vota-para-condenar-collor-a-33-anos-de-prisao-por-corrupcao\/","title":{"rendered":"Fachin vota para condenar Collor a 33 anos de pris\u00e3o por corrup\u00e7\u00e3o"},"content":{"rendered":"<h5><strong><a href=\"https:\/\/www.facebook.com\/folhadoleste\">CURTA E SIGA NOSSA P\u00c1GINA NO FACEBOOK CLICANDO AQUI<\/a><\/strong><\/h5>\n<h5><strong><a href=\"https:\/\/www.instagram.com\/folhadoleste\/\">CURTA E SIGA NOSSA P\u00c1GINA NO INSTAGRAM CLICANDO AQUI<\/a><\/strong><\/h5>\n<p>&nbsp;<\/p>\n<p>O ministro Edson Fachin, do Supremo Tribunal Federal (STF), votou nesta quarta-feira (17) para condenar o ex-senador Fernando Collor a 33 anos e 10 meses de pris\u00e3o por corrup\u00e7\u00e3o passiva, lavagem de dinheiro e associa\u00e7\u00e3o criminosa. O ministro tamb\u00e9m fixou pagamento de R$ 20 milh\u00f5es por danos morais coletivos.<\/p>\n<p>Fachin \u00e9 o relator da a\u00e7\u00e3o penal que vai definir se Collor ser\u00e1 condenado pelo tribunal em um processo oriundo da Opera\u00e7\u00e3o Lava Jato. O julgamento foi suspenso para o intervalo e ser\u00e1 retomado para a manifesta\u00e7\u00e3o dos demais ministros.<\/p>\n<p>Collor poder\u00e1 recorrer em liberdade se\u00a0a condena\u00e7\u00e3o for confirmada pelos demais ministros.<\/p>\n<p>Em complemento ao voto que come\u00e7ou a ser lido na quinta-feira (11), Fachin acrescentou que Collor, como antigo dirigente do PTB, foi respons\u00e1vel por indica\u00e7\u00f5es pol\u00edticas para a BR Distribuidora, empresa subsidi\u00e1ria da Petrobras e investigada na Lava Jato.<\/p>\n<p>&#8220;Collor recebeu vantagem indevida no valor de R$ 20 milh\u00f5es como contrapresta\u00e7\u00e3o \u00e0 facilita\u00e7\u00e3o da contrata\u00e7\u00e3o da UTC Engenharia para constru\u00e7\u00e3o de dois tanques de \u00f3leo diesel e um cais flutuante no terminal de combust\u00edvel de Manaus, na base de distribui\u00e7\u00e3o de Cacara\u00ed, em Roraima, e na base de distribui\u00e7\u00e3o de combust\u00edveis de Oriximin\u00e1, no Par\u00e1&#8221;, afirmou o relator.<\/p>\n<p>A Corte julga uma a\u00e7\u00e3o penal aberta em agosto de 2017. Segundo a Procuradoria-Geral da Rep\u00fablica (PGR), o ex-presidente da Rep\u00fablica teria recebido propina pela influ\u00eancia pol\u00edtica na BR Distribuidora. Os crimes teriam ocorrido entre 2010 e 2014.<\/p>\n<h2>Defesa<\/h2>\n<p>O advogado Marcelo Bessa pediu a absolvi\u00e7\u00e3o de Collor. O defensor afirmou que as acusa\u00e7\u00f5es da PGR est\u00e3o baseadas em depoimentos de dela\u00e7\u00e3o premiada e n\u00e3o foram apresentadas provas para incriminar o ex-senador.<\/p>\n<p>Bessa tamb\u00e9m negou que o ex-parlamentar tenha sido respons\u00e1vel pela indica\u00e7\u00e3o de diretores da empresa. Segundo ele, os delatores acusaram Collor com base em coment\u00e1rios de terceiros.<\/p>\n<p>&#8220;N\u00e3o h\u00e1 nenhuma prova id\u00f4nea que corrobore essa vers\u00e3o do Minist\u00e9rio P\u00fablico. Se tem aqui uma vers\u00e3o posta, \u00fanica e exclusivamente, por colaboradores premiados, que n\u00e3o dizem que a arrecada\u00e7\u00e3o desses valores teria rela\u00e7\u00e3o com Collor ou com suposta intermedia\u00e7\u00e3o desse contrato de embandeiramento&#8221;, afirmou.<\/p>\n<p>&nbsp;<\/p>\n<h5><strong><a href=\"https:\/\/www.facebook.com\/folhadoleste\">CURTA E SIGA NOSSA P\u00c1GINA NO FACEBOOK CLICANDO AQUI<\/a><\/strong><\/h5>\n<h5><strong><a href=\"https:\/\/www.instagram.com\/folhadoleste\/\">CURTA E SIGA NOSSA P\u00c1GINA NO INSTAGRAM CLICANDO AQUI<\/a><\/strong><\/h5>\n<p>&nbsp;<\/p>\n<p>&nbsp;<\/p>\n<p>&nbsp;<\/p>\n<p>&nbsp;<\/p>\n<p>&nbsp;<\/p>\n<p><em>Fonte: Ag\u00eancia Brasil<\/em><\/p>","protected":false},"excerpt":{"rendered":"<p>CURTA E SIGA NOSSA P\u00c1GINA NO FACEBOOK CLICANDO AQUI CURTA E SIGA NOSSA P\u00c1GINA NO INSTAGRAM CLICANDO AQUI &nbsp; O ministro Edson Fachin, do Supremo Tribunal Federal (STF), votou nesta quarta-feira (17) para condenar o ex-senador Fernando Collor a 33 anos e 10 meses de pris\u00e3o por corrup\u00e7\u00e3o passiva, lavagem de dinheiro e associa\u00e7\u00e3o criminosa. O ministro tamb\u00e9m fixou pagamento de R$ 20 milh\u00f5es por danos morais coletivos. Fachin \u00e9 o relator da a\u00e7\u00e3o penal que vai definir se Collor ser\u00e1 condenado pelo tribunal em um processo oriundo da Opera\u00e7\u00e3o Lava Jato. O julgamento foi suspenso para o intervalo e [&hellip;]<\/p>\n","protected":false},"author":4,"featured_media":5762,"comment_status":"open","ping_status":"open","sticky":false,"template":"","format":"standard","meta":{"footnotes":""},"categories":[288],"tags":[3378,2322,3377,697,2596,318],"class_list":["post-5761","post","type-post","status-publish","format-standard","has-post-thumbnail","hentry","category-justica","tag-corrupcao","tag-edson-fachin","tag-fernando-collor","tag-justica","tag-lava-jato","tag-stf","post--single"],"yoast_head":"<!-- This site is optimized with the Yoast SEO plugin v27.4 - https:\/\/yoast.com\/product\/yoast-seo-wordpress\/ -->\n<title>Fachin vota para condenar Collor a 33 anos de pris\u00e3o por corrup\u00e7\u00e3o &#8226; Folha do Leste<\/title>\n<meta name=\"description\" content=\"O ministro Edson Fachin(STF), votou nesta quarta-feira (17) para condenar o ex-senador Fernando Collor a 33 anos e 10 meses de pris\u00e3o por corrup\u00e7\u00e3o passiva, lavagem de dinheiro e associa\u00e7\u00e3o criminosa.\" \/>\n<meta name=\"robots\" content=\"index, follow, max-snippet:-1, max-image-preview:large, max-video-preview:-1\" \/>\n<link rel=\"canonical\" href=\"https:\/\/folhadoleste.com.br\/en\/fachin-vota-para-condenar-collor-a-33-anos-de-prisao-por-corrupcao\/\" \/>\n<meta property=\"og:locale\" content=\"en_US\" \/>\n<meta property=\"og:type\" content=\"article\" \/>\n<meta property=\"og:title\" content=\"Fachin vota para condenar Collor a 33 anos de pris\u00e3o por corrup\u00e7\u00e3o\" \/>\n<meta property=\"og:description\" content=\"Clique e saiba mais...\" \/>\n<meta property=\"og:url\" content=\"https:\/\/folhadoleste.com.br\/en\/fachin-vota-para-condenar-collor-a-33-anos-de-prisao-por-corrupcao\/\" \/>\n<meta property=\"og:site_name\" content=\"Folha do Leste\" \/>\n<meta property=\"article:publisher\" content=\"https:\/\/www.facebook.com\/folhadoleste\" \/>\n<meta property=\"article:published_time\" content=\"2023-05-17T20:26:16+00:00\" \/>\n<meta property=\"og:image\" content=\"https:\/\/folhadoleste.com.br\/wp-content\/uploads\/2023\/05\/Fachin-vota-para-condenar-Collor-a-33-anos-de-prisao-por-corrupcao-Marcelo-Camargo-Agencia-Brasil.jpg\" \/>\n\t<meta property=\"og:image:width\" content=\"1170\" \/>\n\t<meta property=\"og:image:height\" content=\"700\" \/>\n\t<meta property=\"og:image:type\" content=\"image\/jpeg\" \/>\n<meta name=\"author\" content=\"Folha do Leste\" \/>\n<meta name=\"twitter:card\" content=\"summary_large_image\" \/>\n<meta name=\"twitter:title\" content=\"Fachin vota para condenar Collor a 33 anos de pris\u00e3o por corrup\u00e7\u00e3o\" \/>\n<meta name=\"twitter:description\" content=\"Clique e saiba mais...\" \/>\n<meta name=\"twitter:image\" content=\"https:\/\/folhadoleste.com.br\/wp-content\/uploads\/2023\/05\/Fachin-vota-para-condenar-Collor-a-33-anos-de-prisao-por-corrupcao-Marcelo-Camargo-Agencia-Brasil.jpg\" \/>\n<meta name=\"twitter:creator\" content=\"@FolhadoLesteRJ\" \/>\n<meta name=\"twitter:site\" content=\"@FolhadoLesteRJ\" \/>\n<meta name=\"twitter:label1\" content=\"Written by\" \/>\n\t<meta name=\"twitter:data1\" content=\"Folha do Leste\" \/>\n\t<meta name=\"twitter:label2\" content=\"Est. reading time\" \/>\n\t<meta name=\"twitter:data2\" content=\"3 minutes\" \/>\n<script type=\"application\/ld+json\" class=\"yoast-schema-graph\">{\"@context\":\"https:\\\/\\\/schema.org\",\"@graph\":[{\"@type\":\"NewsArticle\",\"@id\":\"https:\\\/\\\/folhadoleste.com.br\\\/fachin-vota-para-condenar-collor-a-33-anos-de-prisao-por-corrupcao\\\/#article\",\"isPartOf\":{\"@id\":\"https:\\\/\\\/folhadoleste.com.br\\\/fachin-vota-para-condenar-collor-a-33-anos-de-prisao-por-corrupcao\\\/\"},\"author\":{\"name\":\"Folha do Leste\",\"@id\":\"https:\\\/\\\/folhadoleste.com.br\\\/#\\\/schema\\\/person\\\/3e97145b2e1861276e84471aa85a3899\"},\"headline\":\"Fachin vota para condenar Collor a 33 anos de pris\u00e3o por corrup\u00e7\u00e3o\",\"datePublished\":\"2023-05-17T20:26:16+00:00\",\"mainEntityOfPage\":{\"@id\":\"https:\\\/\\\/folhadoleste.com.br\\\/fachin-vota-para-condenar-collor-a-33-anos-de-prisao-por-corrupcao\\\/\"},\"wordCount\":444,\"commentCount\":0,\"publisher\":{\"@id\":\"https:\\\/\\\/folhadoleste.com.br\\\/#organization\"},\"image\":{\"@id\":\"https:\\\/\\\/folhadoleste.com.br\\\/fachin-vota-para-condenar-collor-a-33-anos-de-prisao-por-corrupcao\\\/#primaryimage\"},\"thumbnailUrl\":\"https:\\\/\\\/folhadoleste.com.br\\\/wp-content\\\/uploads\\\/2023\\\/05\\\/Fachin-vota-para-condenar-Collor-a-33-anos-de-prisao-por-corrupcao-Marcelo-Camargo-Agencia-Brasil.jpg\",\"keywords\":[\"corrup\u00e7\u00e3o\",\"Edson Fachin\",\"Fernando Collor\",\"Justi\u00e7a\",\"Lava Jato\",\"STF\"],\"articleSection\":[\"Justi\u00e7a\"],\"inLanguage\":\"en-US\",\"potentialAction\":[{\"@type\":\"CommentAction\",\"name\":\"Comment\",\"target\":[\"https:\\\/\\\/folhadoleste.com.br\\\/fachin-vota-para-condenar-collor-a-33-anos-de-prisao-por-corrupcao\\\/#respond\"]}]},{\"@type\":\"WebPage\",\"@id\":\"https:\\\/\\\/folhadoleste.com.br\\\/fachin-vota-para-condenar-collor-a-33-anos-de-prisao-por-corrupcao\\\/\",\"url\":\"https:\\\/\\\/folhadoleste.com.br\\\/fachin-vota-para-condenar-collor-a-33-anos-de-prisao-por-corrupcao\\\/\",\"name\":\"Fachin vota para condenar Collor a 33 anos de pris\u00e3o por corrup\u00e7\u00e3o &#8226; Folha do Leste\",\"isPartOf\":{\"@id\":\"https:\\\/\\\/folhadoleste.com.br\\\/#website\"},\"primaryImageOfPage\":{\"@id\":\"https:\\\/\\\/folhadoleste.com.br\\\/fachin-vota-para-condenar-collor-a-33-anos-de-prisao-por-corrupcao\\\/#primaryimage\"},\"image\":{\"@id\":\"https:\\\/\\\/folhadoleste.com.br\\\/fachin-vota-para-condenar-collor-a-33-anos-de-prisao-por-corrupcao\\\/#primaryimage\"},\"thumbnailUrl\":\"https:\\\/\\\/folhadoleste.com.br\\\/wp-content\\\/uploads\\\/2023\\\/05\\\/Fachin-vota-para-condenar-Collor-a-33-anos-de-prisao-por-corrupcao-Marcelo-Camargo-Agencia-Brasil.jpg\",\"datePublished\":\"2023-05-17T20:26:16+00:00\",\"description\":\"O ministro Edson Fachin(STF), votou nesta quarta-feira (17) para condenar o ex-senador Fernando Collor a 33 anos e 10 meses de pris\u00e3o por corrup\u00e7\u00e3o passiva, lavagem de dinheiro e associa\u00e7\u00e3o criminosa.\",\"breadcrumb\":{\"@id\":\"https:\\\/\\\/folhadoleste.com.br\\\/fachin-vota-para-condenar-collor-a-33-anos-de-prisao-por-corrupcao\\\/#breadcrumb\"},\"inLanguage\":\"en-US\",\"potentialAction\":[{\"@type\":\"ReadAction\",\"target\":[\"https:\\\/\\\/folhadoleste.com.br\\\/fachin-vota-para-condenar-collor-a-33-anos-de-prisao-por-corrupcao\\\/\"]}]},{\"@type\":\"ImageObject\",\"inLanguage\":\"en-US\",\"@id\":\"https:\\\/\\\/folhadoleste.com.br\\\/fachin-vota-para-condenar-collor-a-33-anos-de-prisao-por-corrupcao\\\/#primaryimage\",\"url\":\"https:\\\/\\\/folhadoleste.com.br\\\/wp-content\\\/uploads\\\/2023\\\/05\\\/Fachin-vota-para-condenar-Collor-a-33-anos-de-prisao-por-corrupcao-Marcelo-Camargo-Agencia-Brasil.jpg\",\"contentUrl\":\"https:\\\/\\\/folhadoleste.com.br\\\/wp-content\\\/uploads\\\/2023\\\/05\\\/Fachin-vota-para-condenar-Collor-a-33-anos-de-prisao-por-corrupcao-Marcelo-Camargo-Agencia-Brasil.jpg\",\"width\":1170,\"height\":700,\"caption\":\"Bras\u00edlia - O senador Fernando Collor, durante audi\u00eancia p\u00fablica na Comiss\u00e3o de Rela\u00e7\u00f5es Exteriores e Defesa Nacional, do Senado, para debater quest\u00f5es ligadas \u00e0 soberania nacional e aos projetos estrat\u00e9gicos do Ex\u00e9rcito do Brasil. (Marcelo Camargo\\\/Ag\u00eancia Brasil)\"},{\"@type\":\"BreadcrumbList\",\"@id\":\"https:\\\/\\\/folhadoleste.com.br\\\/fachin-vota-para-condenar-collor-a-33-anos-de-prisao-por-corrupcao\\\/#breadcrumb\",\"itemListElement\":[{\"@type\":\"ListItem\",\"position\":1,\"name\":\"In\u00edcio\",\"item\":\"https:\\\/\\\/folhadoleste.com.br\\\/\"},{\"@type\":\"ListItem\",\"position\":2,\"name\":\"Brasil\",\"item\":\"https:\\\/\\\/folhadoleste.com.br\\\/category\\\/brasil\\\/\"},{\"@type\":\"ListItem\",\"position\":3,\"name\":\"Justi\u00e7a\",\"item\":\"https:\\\/\\\/folhadoleste.com.br\\\/category\\\/brasil\\\/justica\\\/\"},{\"@type\":\"ListItem\",\"position\":4,\"name\":\"Fachin vota para condenar Collor a 33 anos de pris\u00e3o por corrup\u00e7\u00e3o\"}]},{\"@type\":\"WebSite\",\"@id\":\"https:\\\/\\\/folhadoleste.com.br\\\/#website\",\"url\":\"https:\\\/\\\/folhadoleste.com.br\\\/\",\"name\":\"Folha do Leste\",\"description\":\"Portal de Not\u00edcias com \u00eanfase em Niter\u00f3i, criando conte\u00fados desde a capital Rio de Janeiro, com olhar para o Leste Fluminense e suas cidades como S\u00e3o Gon\u00e7alo, Itabora\u00ed, Rio Bonito, Maric\u00e1, Saquarema e Araruama\",\"publisher\":{\"@id\":\"https:\\\/\\\/folhadoleste.com.br\\\/#organization\"},\"alternateName\":\"FL\",\"potentialAction\":[{\"@type\":\"SearchAction\",\"target\":{\"@type\":\"EntryPoint\",\"urlTemplate\":\"https:\\\/\\\/folhadoleste.com.br\\\/?s={search_term_string}\"},\"query-input\":{\"@type\":\"PropertyValueSpecification\",\"valueRequired\":true,\"valueName\":\"search_term_string\"}}],\"inLanguage\":\"en-US\"},{\"@type\":\"Organization\",\"@id\":\"https:\\\/\\\/folhadoleste.com.br\\\/#organization\",\"name\":\"Brasil 21 Comunica\u00e7\u00e3o\",\"alternateName\":\"BR21\",\"url\":\"https:\\\/\\\/folhadoleste.com.br\\\/\",\"logo\":{\"@type\":\"ImageObject\",\"inLanguage\":\"en-US\",\"@id\":\"https:\\\/\\\/folhadoleste.com.br\\\/#\\\/schema\\\/logo\\\/image\\\/\",\"url\":\"https:\\\/\\\/folhadoleste.com.br\\\/wp-content\\\/uploads\\\/2025\\\/12\\\/brasil-21-logomarca.avif\",\"contentUrl\":\"https:\\\/\\\/folhadoleste.com.br\\\/wp-content\\\/uploads\\\/2025\\\/12\\\/brasil-21-logomarca.avif\",\"width\":1044,\"height\":1044,\"caption\":\"Brasil 21 Comunica\u00e7\u00e3o\"},\"image\":{\"@id\":\"https:\\\/\\\/folhadoleste.com.br\\\/#\\\/schema\\\/logo\\\/image\\\/\"},\"sameAs\":[\"https:\\\/\\\/www.facebook.com\\\/folhadoleste\",\"https:\\\/\\\/x.com\\\/FolhadoLesteRJ\",\"https:\\\/\\\/www.instagram.com\\\/folhadoleste\\\/\"]},{\"@type\":\"Person\",\"@id\":\"https:\\\/\\\/folhadoleste.com.br\\\/#\\\/schema\\\/person\\\/3e97145b2e1861276e84471aa85a3899\",\"name\":\"Folha do Leste\",\"image\":{\"@type\":\"ImageObject\",\"inLanguage\":\"en-US\",\"@id\":\"https:\\\/\\\/folhadoleste.com.br\\\/wp-content\\\/litespeed\\\/avatar\\\/1ca8c218432e7045e748610eb3db0259.jpg?ver=1777161142\",\"url\":\"https:\\\/\\\/folhadoleste.com.br\\\/wp-content\\\/litespeed\\\/avatar\\\/1ca8c218432e7045e748610eb3db0259.jpg?ver=1777161142\",\"contentUrl\":\"https:\\\/\\\/folhadoleste.com.br\\\/wp-content\\\/litespeed\\\/avatar\\\/1ca8c218432e7045e748610eb3db0259.jpg?ver=1777161142\",\"caption\":\"Folha do Leste\"},\"url\":\"https:\\\/\\\/folhadoleste.com.br\\\/en\\\/author\\\/reportagem-01\\\/\"}]}<\/script>\n<!-- \/ Yoast SEO plugin. -->","yoast_head_json":{"title":"Fachin vota para condenar Collor a 33 anos de pris\u00e3o por corrup\u00e7\u00e3o &#8226; Folha do Leste","description":"O ministro Edson Fachin(STF), votou nesta quarta-feira (17) para condenar o ex-senador Fernando Collor a 33 anos e 10 meses de pris\u00e3o por corrup\u00e7\u00e3o passiva, lavagem de dinheiro e associa\u00e7\u00e3o criminosa.","robots":{"index":"index","follow":"follow","max-snippet":"max-snippet:-1","max-image-preview":"max-image-preview:large","max-video-preview":"max-video-preview:-1"},"canonical":"https:\/\/folhadoleste.com.br\/en\/fachin-vota-para-condenar-collor-a-33-anos-de-prisao-por-corrupcao\/","og_locale":"en_US","og_type":"article","og_title":"Fachin vota para condenar Collor a 33 anos de pris\u00e3o por corrup\u00e7\u00e3o","og_description":"Clique e saiba mais...","og_url":"https:\/\/folhadoleste.com.br\/en\/fachin-vota-para-condenar-collor-a-33-anos-de-prisao-por-corrupcao\/","og_site_name":"Folha do Leste","article_publisher":"https:\/\/www.facebook.com\/folhadoleste","article_published_time":"2023-05-17T20:26:16+00:00","og_image":[{"width":1170,"height":700,"url":"https:\/\/folhadoleste.com.br\/wp-content\/uploads\/2023\/05\/Fachin-vota-para-condenar-Collor-a-33-anos-de-prisao-por-corrupcao-Marcelo-Camargo-Agencia-Brasil.jpg","type":"image\/jpeg"}],"author":"Folha do Leste","twitter_card":"summary_large_image","twitter_title":"Fachin vota para condenar Collor a 33 anos de pris\u00e3o por corrup\u00e7\u00e3o","twitter_description":"Clique e saiba mais...","twitter_image":"https:\/\/folhadoleste.com.br\/wp-content\/uploads\/2023\/05\/Fachin-vota-para-condenar-Collor-a-33-anos-de-prisao-por-corrupcao-Marcelo-Camargo-Agencia-Brasil.jpg","twitter_creator":"@FolhadoLesteRJ","twitter_site":"@FolhadoLesteRJ","twitter_misc":{"Written by":"Folha do Leste","Est. reading time":"3 minutes"},"schema":{"@context":"https:\/\/schema.org","@graph":[{"@type":"NewsArticle","@id":"https:\/\/folhadoleste.com.br\/fachin-vota-para-condenar-collor-a-33-anos-de-prisao-por-corrupcao\/#article","isPartOf":{"@id":"https:\/\/folhadoleste.com.br\/fachin-vota-para-condenar-collor-a-33-anos-de-prisao-por-corrupcao\/"},"author":{"name":"Folha do Leste","@id":"https:\/\/folhadoleste.com.br\/#\/schema\/person\/3e97145b2e1861276e84471aa85a3899"},"headline":"Fachin vota para condenar Collor a 33 anos de pris\u00e3o por corrup\u00e7\u00e3o","datePublished":"2023-05-17T20:26:16+00:00","mainEntityOfPage":{"@id":"https:\/\/folhadoleste.com.br\/fachin-vota-para-condenar-collor-a-33-anos-de-prisao-por-corrupcao\/"},"wordCount":444,"commentCount":0,"publisher":{"@id":"https:\/\/folhadoleste.com.br\/#organization"},"image":{"@id":"https:\/\/folhadoleste.com.br\/fachin-vota-para-condenar-collor-a-33-anos-de-prisao-por-corrupcao\/#primaryimage"},"thumbnailUrl":"https:\/\/folhadoleste.com.br\/wp-content\/uploads\/2023\/05\/Fachin-vota-para-condenar-Collor-a-33-anos-de-prisao-por-corrupcao-Marcelo-Camargo-Agencia-Brasil.jpg","keywords":["corrup\u00e7\u00e3o","Edson Fachin","Fernando Collor","Justi\u00e7a","Lava Jato","STF"],"articleSection":["Justi\u00e7a"],"inLanguage":"en-US","potentialAction":[{"@type":"CommentAction","name":"Comment","target":["https:\/\/folhadoleste.com.br\/fachin-vota-para-condenar-collor-a-33-anos-de-prisao-por-corrupcao\/#respond"]}]},{"@type":"WebPage","@id":"https:\/\/folhadoleste.com.br\/fachin-vota-para-condenar-collor-a-33-anos-de-prisao-por-corrupcao\/","url":"https:\/\/folhadoleste.com.br\/fachin-vota-para-condenar-collor-a-33-anos-de-prisao-por-corrupcao\/","name":"Fachin vota para condenar Collor a 33 anos de pris\u00e3o por corrup\u00e7\u00e3o &#8226; Folha do Leste","isPartOf":{"@id":"https:\/\/folhadoleste.com.br\/#website"},"primaryImageOfPage":{"@id":"https:\/\/folhadoleste.com.br\/fachin-vota-para-condenar-collor-a-33-anos-de-prisao-por-corrupcao\/#primaryimage"},"image":{"@id":"https:\/\/folhadoleste.com.br\/fachin-vota-para-condenar-collor-a-33-anos-de-prisao-por-corrupcao\/#primaryimage"},"thumbnailUrl":"https:\/\/folhadoleste.com.br\/wp-content\/uploads\/2023\/05\/Fachin-vota-para-condenar-Collor-a-33-anos-de-prisao-por-corrupcao-Marcelo-Camargo-Agencia-Brasil.jpg","datePublished":"2023-05-17T20:26:16+00:00","description":"O ministro Edson Fachin(STF), votou nesta quarta-feira (17) para condenar o ex-senador Fernando Collor a 33 anos e 10 meses de pris\u00e3o por corrup\u00e7\u00e3o passiva, lavagem de dinheiro e associa\u00e7\u00e3o criminosa.","breadcrumb":{"@id":"https:\/\/folhadoleste.com.br\/fachin-vota-para-condenar-collor-a-33-anos-de-prisao-por-corrupcao\/#breadcrumb"},"inLanguage":"en-US","potentialAction":[{"@type":"ReadAction","target":["https:\/\/folhadoleste.com.br\/fachin-vota-para-condenar-collor-a-33-anos-de-prisao-por-corrupcao\/"]}]},{"@type":"ImageObject","inLanguage":"en-US","@id":"https:\/\/folhadoleste.com.br\/fachin-vota-para-condenar-collor-a-33-anos-de-prisao-por-corrupcao\/#primaryimage","url":"https:\/\/folhadoleste.com.br\/wp-content\/uploads\/2023\/05\/Fachin-vota-para-condenar-Collor-a-33-anos-de-prisao-por-corrupcao-Marcelo-Camargo-Agencia-Brasil.jpg","contentUrl":"https:\/\/folhadoleste.com.br\/wp-content\/uploads\/2023\/05\/Fachin-vota-para-condenar-Collor-a-33-anos-de-prisao-por-corrupcao-Marcelo-Camargo-Agencia-Brasil.jpg","width":1170,"height":700,"caption":"Bras\u00edlia - O senador Fernando Collor, durante audi\u00eancia p\u00fablica na Comiss\u00e3o de Rela\u00e7\u00f5es Exteriores e Defesa Nacional, do Senado, para debater quest\u00f5es ligadas \u00e0 soberania nacional e aos projetos estrat\u00e9gicos do Ex\u00e9rcito do Brasil. (Marcelo Camargo\/Ag\u00eancia Brasil)"},{"@type":"BreadcrumbList","@id":"https:\/\/folhadoleste.com.br\/fachin-vota-para-condenar-collor-a-33-anos-de-prisao-por-corrupcao\/#breadcrumb","itemListElement":[{"@type":"ListItem","position":1,"name":"In\u00edcio","item":"https:\/\/folhadoleste.com.br\/"},{"@type":"ListItem","position":2,"name":"Brasil","item":"https:\/\/folhadoleste.com.br\/category\/brasil\/"},{"@type":"ListItem","position":3,"name":"Justi\u00e7a","item":"https:\/\/folhadoleste.com.br\/category\/brasil\/justica\/"},{"@type":"ListItem","position":4,"name":"Fachin vota para condenar Collor a 33 anos de pris\u00e3o por corrup\u00e7\u00e3o"}]},{"@type":"WebSite","@id":"https:\/\/folhadoleste.com.br\/#website","url":"https:\/\/folhadoleste.com.br\/","name":"Folha do Leste","description":"Portal de Not\u00edcias com \u00eanfase em Niter\u00f3i, criando conte\u00fados desde a capital Rio de Janeiro, com olhar para o Leste Fluminense e suas cidades como S\u00e3o Gon\u00e7alo, Itabora\u00ed, Rio Bonito, Maric\u00e1, Saquarema e Araruama","publisher":{"@id":"https:\/\/folhadoleste.com.br\/#organization"},"alternateName":"FL","potentialAction":[{"@type":"SearchAction","target":{"@type":"EntryPoint","urlTemplate":"https:\/\/folhadoleste.com.br\/?s={search_term_string}"},"query-input":{"@type":"PropertyValueSpecification","valueRequired":true,"valueName":"search_term_string"}}],"inLanguage":"en-US"},{"@type":"Organization","@id":"https:\/\/folhadoleste.com.br\/#organization","name":"Brasil 21 Comunica\u00e7\u00e3o","alternateName":"BR21","url":"https:\/\/folhadoleste.com.br\/","logo":{"@type":"ImageObject","inLanguage":"en-US","@id":"https:\/\/folhadoleste.com.br\/#\/schema\/logo\/image\/","url":"https:\/\/folhadoleste.com.br\/wp-content\/uploads\/2025\/12\/brasil-21-logomarca.avif","contentUrl":"https:\/\/folhadoleste.com.br\/wp-content\/uploads\/2025\/12\/brasil-21-logomarca.avif","width":1044,"height":1044,"caption":"Brasil 21 Comunica\u00e7\u00e3o"},"image":{"@id":"https:\/\/folhadoleste.com.br\/#\/schema\/logo\/image\/"},"sameAs":["https:\/\/www.facebook.com\/folhadoleste","https:\/\/x.com\/FolhadoLesteRJ","https:\/\/www.instagram.com\/folhadoleste\/"]},{"@type":"Person","@id":"https:\/\/folhadoleste.com.br\/#\/schema\/person\/3e97145b2e1861276e84471aa85a3899","name":"Folha do Leste","image":{"@type":"ImageObject","inLanguage":"en-US","@id":"https:\/\/folhadoleste.com.br\/wp-content\/litespeed\/avatar\/1ca8c218432e7045e748610eb3db0259.jpg?ver=1777161142","url":"https:\/\/folhadoleste.com.br\/wp-content\/litespeed\/avatar\/1ca8c218432e7045e748610eb3db0259.jpg?ver=1777161142","contentUrl":"https:\/\/folhadoleste.com.br\/wp-content\/litespeed\/avatar\/1ca8c218432e7045e748610eb3db0259.jpg?ver=1777161142","caption":"Folha do Leste"},"url":"https:\/\/folhadoleste.com.br\/en\/author\/reportagem-01\/"}]}},"_links":{"self":[{"href":"https:\/\/folhadoleste.com.br\/en\/wp-json\/wp\/v2\/posts\/5761","targetHints":{"allow":["GET"]}}],"collection":[{"href":"https:\/\/folhadoleste.com.br\/en\/wp-json\/wp\/v2\/posts"}],"about":[{"href":"https:\/\/folhadoleste.com.br\/en\/wp-json\/wp\/v2\/types\/post"}],"author":[{"embeddable":true,"href":"https:\/\/folhadoleste.com.br\/en\/wp-json\/wp\/v2\/users\/4"}],"replies":[{"embeddable":true,"href":"https:\/\/folhadoleste.com.br\/en\/wp-json\/wp\/v2\/comments?post=5761"}],"version-history":[{"count":1,"href":"https:\/\/folhadoleste.com.br\/en\/wp-json\/wp\/v2\/posts\/5761\/revisions"}],"predecessor-version":[{"id":5763,"href":"https:\/\/folhadoleste.com.br\/en\/wp-json\/wp\/v2\/posts\/5761\/revisions\/5763"}],"wp:featuredmedia":[{"embeddable":true,"href":"https:\/\/folhadoleste.com.br\/en\/wp-json\/wp\/v2\/media\/5762"}],"wp:attachment":[{"href":"https:\/\/folhadoleste.com.br\/en\/wp-json\/wp\/v2\/media?parent=5761"}],"wp:term":[{"taxonomy":"category","embeddable":true,"href":"https:\/\/folhadoleste.com.br\/en\/wp-json\/wp\/v2\/categories?post=5761"},{"taxonomy":"post_tag","embeddable":true,"href":"https:\/\/folhadoleste.com.br\/en\/wp-json\/wp\/v2\/tags?post=5761"}],"curies":[{"name":"wp","href":"https:\/\/api.w.org\/{rel}","templated":true}]}}