{"id":55531,"date":"2024-03-11T12:17:09","date_gmt":"2024-03-11T15:17:09","guid":{"rendered":"https:\/\/folhadoleste.com.br\/?p=55531"},"modified":"2024-03-11T12:17:09","modified_gmt":"2024-03-11T15:17:09","slug":"funcionarios-de-deputado-federal-do-pt-sao-assaltados-no-rio","status":"publish","type":"post","link":"https:\/\/folhadoleste.com.br\/en\/funcionarios-de-deputado-federal-do-pt-sao-assaltados-no-rio\/","title":{"rendered":"Funcion\u00e1rios de deputado federal do PT s\u00e3o assaltados no Rio"},"content":{"rendered":"<div id=\"attachment_55533\" style=\"width: 1210px\" class=\"wp-caption aligncenter\"><a href=\"https:\/\/folhadoleste.com.br\/wp-content\/uploads\/2024\/03\/Funcionarios-de-deputado-federal-do-PT-sao-assaltados-no-Rio-Foto-Reproducao.webp\"><img decoding=\"async\" aria-describedby=\"caption-attachment-55533\" class=\"size-full wp-image-55533\" src=\"https:\/\/folhadoleste.com.br\/wp-content\/uploads\/2024\/03\/Funcionarios-de-deputado-federal-do-PT-sao-assaltados-no-Rio-Foto-Reproducao.webp\" alt=\"Funcion\u00e1rios de deputado federal do PT s\u00e3o assaltados no Rio\" width=\"1200\" height=\"750\" \/><\/a><p id=\"caption-attachment-55533\" class=\"wp-caption-text\">Foto: Reprodu\u00e7\u00e3o<\/p><\/div>\n<p data-sourcepos=\"3:1-3:434\">O motorista e a assessora do deputado federal Reimont Luiz Otoni Santa Barbara (PT) foram v\u00edtimas de um assalto \u00e0 m\u00e3o armada na manh\u00e3 do \u00faltimo domingo (10), na Rua Professor Gabizo, na Tijuca, Zona Norte do Rio de Janeiro. Dessa forma, a a\u00e7\u00e3o, que durou cerca de 20 segundos, foi registrada por c\u00e2meras de seguran\u00e7a e resultou no roubo dos pertences das v\u00edtimas e do carro do parlamentar, que foi recuperado horas depois pela Pol\u00edcia Militar.<\/p>\n<p data-sourcepos=\"5:1-5:235\">Segundo informa\u00e7\u00f5es da Pol\u00edcia Militar, os agentes do 6\u00ba BPM (Tijuca) foram acionados para a ocorr\u00eancia. Assim, as v\u00edtimas, que n\u00e3o tiveram a identidade revelada, foram levadas para a 18\u00aa DP (Pra\u00e7a da Bandeira), onde prestaram depoimento.<\/p>\n<h4><a href=\"https:\/\/folhadoleste.com.br\/en\/category\/rio-de-janeiro-capital\/\"><strong>\u201cLeia mais not\u00edcias sobre Rio de Janeiro aqui\u201d<\/strong><\/a><\/h4>\n<p data-sourcepos=\"5:1-5:235\">As imagens das c\u00e2meras de seguran\u00e7a mostram o momento em que o crime aconteceu. Um SUV preto passa pela frente do ve\u00edculo das v\u00edtimas, que estava estacionado na cal\u00e7ada.<\/p>\n<div style=\"width: 636px;\" class=\"wp-video\"><video class=\"wp-video-shortcode\" id=\"video-55531-1\" width=\"636\" height=\"360\" preload=\"metadata\" controls=\"controls\"><source type=\"video\/mp4\" src=\"https:\/\/folhadoleste.com.br\/wp-content\/uploads\/2024\/03\/Assessores-de-deputado-federal-sao-assaltados-na-Tijuca.mp4?_=1\" \/><a href=\"https:\/\/folhadoleste.com.br\/wp-content\/uploads\/2024\/03\/Assessores-de-deputado-federal-sao-assaltados-na-Tijuca.mp4\">https:\/\/folhadoleste.com.br\/wp-content\/uploads\/2024\/03\/Assessores-de-deputado-federal-sao-assaltados-na-Tijuca.mp4<\/a><\/video><\/div>\n<p data-sourcepos=\"5:1-5:235\">Segundos depois, o carro volta de r\u00e9 e tr\u00eas homens armados rendem o motorista e a assessora. A mulher, que estava no banco de tr\u00e1s, sai do carro com as m\u00e3os para cima, assim como o motorista. Em seguida, os bandidos entram no ve\u00edculo e fogem.<\/p>\n<p data-sourcepos=\"11:1-11:228\">A Pol\u00edcia Civil investiga o caso. Sendo assim, a 18\u00aa DP instaurou um inqu\u00e9rito para identificar os autores do crime. As imagens das c\u00e2meras de seguran\u00e7a est\u00e3o sendo analisadas e dilig\u00eancias est\u00e3o em andamento para localizar os suspeitos.<\/p>\n<p data-sourcepos=\"13:1-13:169\">Enfim, o carro do deputado foi recuperado horas depois do assalto por policiais do 4\u00ba BPM (S\u00e3o Crist\u00f3v\u00e3o). O ve\u00edculo estava abandonado em uma rua pr\u00f3xima ao local do crime.<\/p>\n<p data-sourcepos=\"13:1-13:169\">\n<p data-sourcepos=\"13:1-13:169\"><a href=\"https:\/\/www.instagram.com\/folhadoleste\/\"><img decoding=\"async\" class=\"aligncenter wp-image-15962\" src=\"https:\/\/folhadoleste.com.br\/wp-content\/uploads\/2023\/07\/instagram.jpg.webp\" alt=\"Itaipu-Itaipua\u00e7u: Caminh\u00e3o causa grave acidente na RJ-102, a estrada da Serrinha\" width=\"49\" height=\"49\" \/><\/a><a href=\"https:\/\/www.facebook.com\/folhadoleste\"><img decoding=\"async\" class=\"aligncenter wp-image-7424\" src=\"https:\/\/folhadoleste.com.br\/wp-content\/uploads\/2023\/05\/facebook-logo-3-1.png.webp\" alt=\"Itaipu-Itaipua\u00e7u: Caminh\u00e3o causa grave acidente na RJ-102, a estrada da Serrinha\" width=\"49\" height=\"49\" \/><\/a><\/p>","protected":false},"excerpt":{"rendered":"<p>O motorista e a assessora do deputado federal Reimont Luiz Otoni Santa Barbara (PT) foram v\u00edtimas de um assalto \u00e0 m\u00e3o armada na manh\u00e3 do \u00faltimo domingo (10), na Rua Professor Gabizo, na Tijuca, Zona Norte do Rio de Janeiro. Dessa forma, a a\u00e7\u00e3o, que durou cerca de 20 segundos, foi registrada por c\u00e2meras de seguran\u00e7a e resultou no roubo dos pertences das v\u00edtimas e do carro do parlamentar, que foi recuperado horas depois pela Pol\u00edcia Militar. Segundo informa\u00e7\u00f5es da Pol\u00edcia Militar, os agentes do 6\u00ba BPM (Tijuca) foram acionados para a ocorr\u00eancia. Assim, as v\u00edtimas, que n\u00e3o tiveram a [&hellip;]<\/p>\n","protected":false},"author":4,"featured_media":55533,"comment_status":"open","ping_status":"open","sticky":false,"template":"","format":"standard","meta":{"footnotes":""},"categories":[67],"tags":[3346,19308,19307,3830,19309,9342,1636,2862,19306,93,17328,19311,824,2233,19310,13611,504],"class_list":["post-55531","post","type-post","status-publish","format-standard","has-post-thumbnail","hentry","category-rio-de-janeiro-capital","tag-assalto","tag-assalto-a-mao-armada","tag-assessora","tag-deputado-federal","tag-inseguranca-publica","tag-investigacao-policial","tag-motorista","tag-pt","tag-reimont-luiz-otoni-santa-barbara","tag-rio-de-janeiro","tag-roubo-de-carro","tag-rua-professor-gabizo","tag-seguranca-publica","tag-tijuca","tag-violencia-contra-politicos","tag-violencia-no-rio-de-janeiro","tag-zona-norte","post--single"],"yoast_head":"<!-- This site is optimized with the Yoast SEO plugin v27.4 - https:\/\/yoast.com\/product\/yoast-seo-wordpress\/ -->\n<title>Funcion\u00e1rios de deputado federal do PT s\u00e3o assaltados no Rio &#8226; Folha do Leste<\/title>\n<meta name=\"description\" content=\"O motorista e a assessora do deputado federal Reimont Luiz Otoni Santa Barbara (PT) foram v\u00edtimas de um assalto \u00e0 m\u00e3o armada...\" \/>\n<meta name=\"robots\" content=\"index, follow, max-snippet:-1, max-image-preview:large, max-video-preview:-1\" \/>\n<link rel=\"canonical\" href=\"https:\/\/folhadoleste.com.br\/en\/funcionarios-de-deputado-federal-do-pt-sao-assaltados-no-rio\/\" \/>\n<meta property=\"og:locale\" content=\"en_US\" \/>\n<meta property=\"og:type\" content=\"article\" \/>\n<meta property=\"og:title\" content=\"Funcion\u00e1rios de deputado federal do PT s\u00e3o assaltados no Rio &#8226; Folha do Leste\" \/>\n<meta property=\"og:description\" content=\"Rio de Janeiro - Capital &#8226; Folha do Leste\" \/>\n<meta property=\"og:url\" content=\"https:\/\/folhadoleste.com.br\/en\/funcionarios-de-deputado-federal-do-pt-sao-assaltados-no-rio\/\" \/>\n<meta property=\"og:site_name\" content=\"Folha do Leste\" \/>\n<meta property=\"article:publisher\" content=\"https:\/\/www.facebook.com\/folhadoleste\" \/>\n<meta property=\"article:published_time\" content=\"2024-03-11T15:17:09+00:00\" \/>\n<meta property=\"og:image\" content=\"https:\/\/folhadoleste.com.br\/wp-content\/uploads\/2024\/03\/Funcionarios-de-deputado-federal-do-PT-sao-assaltados-no-Rio-Foto-Reproducao.webp\" \/>\n\t<meta property=\"og:image:width\" content=\"1200\" \/>\n\t<meta property=\"og:image:height\" content=\"750\" \/>\n\t<meta property=\"og:image:type\" content=\"image\/webp\" \/>\n<meta name=\"author\" content=\"Folha do Leste\" \/>\n<meta name=\"twitter:card\" content=\"summary_large_image\" \/>\n<meta name=\"twitter:creator\" content=\"@FolhadoLesteRJ\" \/>\n<meta name=\"twitter:site\" content=\"@FolhadoLesteRJ\" \/>\n<meta name=\"twitter:label1\" content=\"Written by\" \/>\n\t<meta name=\"twitter:data1\" content=\"Folha do Leste\" \/>\n\t<meta name=\"twitter:label2\" content=\"Est. reading time\" \/>\n\t<meta name=\"twitter:data2\" content=\"3 minutes\" \/>\n<script type=\"application\/ld+json\" class=\"yoast-schema-graph\">{\"@context\":\"https:\\\/\\\/schema.org\",\"@graph\":[{\"@type\":\"NewsArticle\",\"@id\":\"https:\\\/\\\/folhadoleste.com.br\\\/funcionarios-de-deputado-federal-do-pt-sao-assaltados-no-rio\\\/#article\",\"isPartOf\":{\"@id\":\"https:\\\/\\\/folhadoleste.com.br\\\/funcionarios-de-deputado-federal-do-pt-sao-assaltados-no-rio\\\/\"},\"author\":{\"name\":\"Folha do Leste\",\"@id\":\"https:\\\/\\\/folhadoleste.com.br\\\/#\\\/schema\\\/person\\\/3e97145b2e1861276e84471aa85a3899\"},\"headline\":\"Funcion\u00e1rios de deputado federal do PT s\u00e3o assaltados no Rio\",\"datePublished\":\"2024-03-11T15:17:09+00:00\",\"mainEntityOfPage\":{\"@id\":\"https:\\\/\\\/folhadoleste.com.br\\\/funcionarios-de-deputado-federal-do-pt-sao-assaltados-no-rio\\\/\"},\"wordCount\":328,\"commentCount\":0,\"publisher\":{\"@id\":\"https:\\\/\\\/folhadoleste.com.br\\\/#organization\"},\"image\":{\"@id\":\"https:\\\/\\\/folhadoleste.com.br\\\/funcionarios-de-deputado-federal-do-pt-sao-assaltados-no-rio\\\/#primaryimage\"},\"thumbnailUrl\":\"https:\\\/\\\/folhadoleste.com.br\\\/wp-content\\\/uploads\\\/2024\\\/03\\\/Funcionarios-de-deputado-federal-do-PT-sao-assaltados-no-Rio-Foto-Reproducao.webp\",\"keywords\":[\"assalto\",\"Assalto \u00e0 m\u00e3o armada\",\"Assessora\",\"deputado federal\",\"Inseguran\u00e7a p\u00fablica\",\"investiga\u00e7\u00e3o policial\",\"motorista\",\"PT\",\"Reimont Luiz Otoni Santa Barbara\",\"Rio de Janeiro\",\"roubo de carro\",\"Rua Professor Gabizo\",\"Seguran\u00e7a publica\",\"Tijuca\",\"Viol\u00eancia contra pol\u00edticos\",\"Viol\u00eancia no Rio de Janeiro\",\"Zona Norte\"],\"articleSection\":[\"Rio de Janeiro - Capital\"],\"inLanguage\":\"en-US\",\"potentialAction\":[{\"@type\":\"CommentAction\",\"name\":\"Comment\",\"target\":[\"https:\\\/\\\/folhadoleste.com.br\\\/funcionarios-de-deputado-federal-do-pt-sao-assaltados-no-rio\\\/#respond\"]}]},{\"@type\":\"WebPage\",\"@id\":\"https:\\\/\\\/folhadoleste.com.br\\\/funcionarios-de-deputado-federal-do-pt-sao-assaltados-no-rio\\\/\",\"url\":\"https:\\\/\\\/folhadoleste.com.br\\\/funcionarios-de-deputado-federal-do-pt-sao-assaltados-no-rio\\\/\",\"name\":\"Funcion\u00e1rios de deputado federal do PT s\u00e3o assaltados no Rio &#8226; Folha do Leste\",\"isPartOf\":{\"@id\":\"https:\\\/\\\/folhadoleste.com.br\\\/#website\"},\"primaryImageOfPage\":{\"@id\":\"https:\\\/\\\/folhadoleste.com.br\\\/funcionarios-de-deputado-federal-do-pt-sao-assaltados-no-rio\\\/#primaryimage\"},\"image\":{\"@id\":\"https:\\\/\\\/folhadoleste.com.br\\\/funcionarios-de-deputado-federal-do-pt-sao-assaltados-no-rio\\\/#primaryimage\"},\"thumbnailUrl\":\"https:\\\/\\\/folhadoleste.com.br\\\/wp-content\\\/uploads\\\/2024\\\/03\\\/Funcionarios-de-deputado-federal-do-PT-sao-assaltados-no-Rio-Foto-Reproducao.webp\",\"datePublished\":\"2024-03-11T15:17:09+00:00\",\"description\":\"O motorista e a assessora do deputado federal Reimont Luiz Otoni Santa Barbara (PT) foram v\u00edtimas de um assalto \u00e0 m\u00e3o armada...\",\"breadcrumb\":{\"@id\":\"https:\\\/\\\/folhadoleste.com.br\\\/funcionarios-de-deputado-federal-do-pt-sao-assaltados-no-rio\\\/#breadcrumb\"},\"inLanguage\":\"en-US\",\"potentialAction\":[{\"@type\":\"ReadAction\",\"target\":[\"https:\\\/\\\/folhadoleste.com.br\\\/funcionarios-de-deputado-federal-do-pt-sao-assaltados-no-rio\\\/\"]}]},{\"@type\":\"ImageObject\",\"inLanguage\":\"en-US\",\"@id\":\"https:\\\/\\\/folhadoleste.com.br\\\/funcionarios-de-deputado-federal-do-pt-sao-assaltados-no-rio\\\/#primaryimage\",\"url\":\"https:\\\/\\\/folhadoleste.com.br\\\/wp-content\\\/uploads\\\/2024\\\/03\\\/Funcionarios-de-deputado-federal-do-PT-sao-assaltados-no-Rio-Foto-Reproducao.webp\",\"contentUrl\":\"https:\\\/\\\/folhadoleste.com.br\\\/wp-content\\\/uploads\\\/2024\\\/03\\\/Funcionarios-de-deputado-federal-do-PT-sao-assaltados-no-Rio-Foto-Reproducao.webp\",\"width\":1200,\"height\":750,\"caption\":\"Foto: Reprodu\u00e7\u00e3o\"},{\"@type\":\"BreadcrumbList\",\"@id\":\"https:\\\/\\\/folhadoleste.com.br\\\/funcionarios-de-deputado-federal-do-pt-sao-assaltados-no-rio\\\/#breadcrumb\",\"itemListElement\":[{\"@type\":\"ListItem\",\"position\":1,\"name\":\"In\u00edcio\",\"item\":\"https:\\\/\\\/folhadoleste.com.br\\\/\"},{\"@type\":\"ListItem\",\"position\":2,\"name\":\"Rio de Janeiro - Capital\",\"item\":\"https:\\\/\\\/folhadoleste.com.br\\\/category\\\/rio-de-janeiro-capital\\\/\"},{\"@type\":\"ListItem\",\"position\":3,\"name\":\"Funcion\u00e1rios de deputado federal do PT s\u00e3o assaltados no Rio\"}]},{\"@type\":\"WebSite\",\"@id\":\"https:\\\/\\\/folhadoleste.com.br\\\/#website\",\"url\":\"https:\\\/\\\/folhadoleste.com.br\\\/\",\"name\":\"Folha do Leste\",\"description\":\"Portal de Not\u00edcias com \u00eanfase em Niter\u00f3i, criando conte\u00fados desde a capital Rio de Janeiro, com olhar para o Leste Fluminense e suas cidades como S\u00e3o Gon\u00e7alo, Itabora\u00ed, Rio Bonito, Maric\u00e1, Saquarema e Araruama\",\"publisher\":{\"@id\":\"https:\\\/\\\/folhadoleste.com.br\\\/#organization\"},\"alternateName\":\"FL\",\"potentialAction\":[{\"@type\":\"SearchAction\",\"target\":{\"@type\":\"EntryPoint\",\"urlTemplate\":\"https:\\\/\\\/folhadoleste.com.br\\\/?s={search_term_string}\"},\"query-input\":{\"@type\":\"PropertyValueSpecification\",\"valueRequired\":true,\"valueName\":\"search_term_string\"}}],\"inLanguage\":\"en-US\"},{\"@type\":\"Organization\",\"@id\":\"https:\\\/\\\/folhadoleste.com.br\\\/#organization\",\"name\":\"Brasil 21 Comunica\u00e7\u00e3o\",\"alternateName\":\"BR21\",\"url\":\"https:\\\/\\\/folhadoleste.com.br\\\/\",\"logo\":{\"@type\":\"ImageObject\",\"inLanguage\":\"en-US\",\"@id\":\"https:\\\/\\\/folhadoleste.com.br\\\/#\\\/schema\\\/logo\\\/image\\\/\",\"url\":\"https:\\\/\\\/folhadoleste.com.br\\\/wp-content\\\/uploads\\\/2025\\\/12\\\/brasil-21-logomarca.avif\",\"contentUrl\":\"https:\\\/\\\/folhadoleste.com.br\\\/wp-content\\\/uploads\\\/2025\\\/12\\\/brasil-21-logomarca.avif\",\"width\":1044,\"height\":1044,\"caption\":\"Brasil 21 Comunica\u00e7\u00e3o\"},\"image\":{\"@id\":\"https:\\\/\\\/folhadoleste.com.br\\\/#\\\/schema\\\/logo\\\/image\\\/\"},\"sameAs\":[\"https:\\\/\\\/www.facebook.com\\\/folhadoleste\",\"https:\\\/\\\/x.com\\\/FolhadoLesteRJ\",\"https:\\\/\\\/www.instagram.com\\\/folhadoleste\\\/\"]},{\"@type\":\"Person\",\"@id\":\"https:\\\/\\\/folhadoleste.com.br\\\/#\\\/schema\\\/person\\\/3e97145b2e1861276e84471aa85a3899\",\"name\":\"Folha do Leste\",\"image\":{\"@type\":\"ImageObject\",\"inLanguage\":\"en-US\",\"@id\":\"https:\\\/\\\/folhadoleste.com.br\\\/wp-content\\\/litespeed\\\/avatar\\\/1ca8c218432e7045e748610eb3db0259.jpg?ver=1777161142\",\"url\":\"https:\\\/\\\/folhadoleste.com.br\\\/wp-content\\\/litespeed\\\/avatar\\\/1ca8c218432e7045e748610eb3db0259.jpg?ver=1777161142\",\"contentUrl\":\"https:\\\/\\\/folhadoleste.com.br\\\/wp-content\\\/litespeed\\\/avatar\\\/1ca8c218432e7045e748610eb3db0259.jpg?ver=1777161142\",\"caption\":\"Folha do Leste\"},\"url\":\"https:\\\/\\\/folhadoleste.com.br\\\/en\\\/author\\\/reportagem-01\\\/\"}]}<\/script>\n<!-- \/ Yoast SEO plugin. -->","yoast_head_json":{"title":"Funcion\u00e1rios de deputado federal do PT s\u00e3o assaltados no Rio &#8226; Folha do Leste","description":"O motorista e a assessora do deputado federal Reimont Luiz Otoni Santa Barbara (PT) foram v\u00edtimas de um assalto \u00e0 m\u00e3o armada...","robots":{"index":"index","follow":"follow","max-snippet":"max-snippet:-1","max-image-preview":"max-image-preview:large","max-video-preview":"max-video-preview:-1"},"canonical":"https:\/\/folhadoleste.com.br\/en\/funcionarios-de-deputado-federal-do-pt-sao-assaltados-no-rio\/","og_locale":"en_US","og_type":"article","og_title":"Funcion\u00e1rios de deputado federal do PT s\u00e3o assaltados no Rio &#8226; Folha do Leste","og_description":"Rio de Janeiro - Capital &#8226; Folha do Leste","og_url":"https:\/\/folhadoleste.com.br\/en\/funcionarios-de-deputado-federal-do-pt-sao-assaltados-no-rio\/","og_site_name":"Folha do Leste","article_publisher":"https:\/\/www.facebook.com\/folhadoleste","article_published_time":"2024-03-11T15:17:09+00:00","og_image":[{"width":1200,"height":750,"url":"https:\/\/folhadoleste.com.br\/wp-content\/uploads\/2024\/03\/Funcionarios-de-deputado-federal-do-PT-sao-assaltados-no-Rio-Foto-Reproducao.webp","type":"image\/webp"}],"author":"Folha do Leste","twitter_card":"summary_large_image","twitter_creator":"@FolhadoLesteRJ","twitter_site":"@FolhadoLesteRJ","twitter_misc":{"Written by":"Folha do Leste","Est. reading time":"3 minutes"},"schema":{"@context":"https:\/\/schema.org","@graph":[{"@type":"NewsArticle","@id":"https:\/\/folhadoleste.com.br\/funcionarios-de-deputado-federal-do-pt-sao-assaltados-no-rio\/#article","isPartOf":{"@id":"https:\/\/folhadoleste.com.br\/funcionarios-de-deputado-federal-do-pt-sao-assaltados-no-rio\/"},"author":{"name":"Folha do Leste","@id":"https:\/\/folhadoleste.com.br\/#\/schema\/person\/3e97145b2e1861276e84471aa85a3899"},"headline":"Funcion\u00e1rios de deputado federal do PT s\u00e3o assaltados no Rio","datePublished":"2024-03-11T15:17:09+00:00","mainEntityOfPage":{"@id":"https:\/\/folhadoleste.com.br\/funcionarios-de-deputado-federal-do-pt-sao-assaltados-no-rio\/"},"wordCount":328,"commentCount":0,"publisher":{"@id":"https:\/\/folhadoleste.com.br\/#organization"},"image":{"@id":"https:\/\/folhadoleste.com.br\/funcionarios-de-deputado-federal-do-pt-sao-assaltados-no-rio\/#primaryimage"},"thumbnailUrl":"https:\/\/folhadoleste.com.br\/wp-content\/uploads\/2024\/03\/Funcionarios-de-deputado-federal-do-PT-sao-assaltados-no-Rio-Foto-Reproducao.webp","keywords":["assalto","Assalto \u00e0 m\u00e3o armada","Assessora","deputado federal","Inseguran\u00e7a p\u00fablica","investiga\u00e7\u00e3o policial","motorista","PT","Reimont Luiz Otoni Santa Barbara","Rio de Janeiro","roubo de carro","Rua Professor Gabizo","Seguran\u00e7a publica","Tijuca","Viol\u00eancia contra pol\u00edticos","Viol\u00eancia no Rio de Janeiro","Zona Norte"],"articleSection":["Rio de Janeiro - Capital"],"inLanguage":"en-US","potentialAction":[{"@type":"CommentAction","name":"Comment","target":["https:\/\/folhadoleste.com.br\/funcionarios-de-deputado-federal-do-pt-sao-assaltados-no-rio\/#respond"]}]},{"@type":"WebPage","@id":"https:\/\/folhadoleste.com.br\/funcionarios-de-deputado-federal-do-pt-sao-assaltados-no-rio\/","url":"https:\/\/folhadoleste.com.br\/funcionarios-de-deputado-federal-do-pt-sao-assaltados-no-rio\/","name":"Funcion\u00e1rios de deputado federal do PT s\u00e3o assaltados no Rio &#8226; Folha do Leste","isPartOf":{"@id":"https:\/\/folhadoleste.com.br\/#website"},"primaryImageOfPage":{"@id":"https:\/\/folhadoleste.com.br\/funcionarios-de-deputado-federal-do-pt-sao-assaltados-no-rio\/#primaryimage"},"image":{"@id":"https:\/\/folhadoleste.com.br\/funcionarios-de-deputado-federal-do-pt-sao-assaltados-no-rio\/#primaryimage"},"thumbnailUrl":"https:\/\/folhadoleste.com.br\/wp-content\/uploads\/2024\/03\/Funcionarios-de-deputado-federal-do-PT-sao-assaltados-no-Rio-Foto-Reproducao.webp","datePublished":"2024-03-11T15:17:09+00:00","description":"O motorista e a assessora do deputado federal Reimont Luiz Otoni Santa Barbara (PT) foram v\u00edtimas de um assalto \u00e0 m\u00e3o armada...","breadcrumb":{"@id":"https:\/\/folhadoleste.com.br\/funcionarios-de-deputado-federal-do-pt-sao-assaltados-no-rio\/#breadcrumb"},"inLanguage":"en-US","potentialAction":[{"@type":"ReadAction","target":["https:\/\/folhadoleste.com.br\/funcionarios-de-deputado-federal-do-pt-sao-assaltados-no-rio\/"]}]},{"@type":"ImageObject","inLanguage":"en-US","@id":"https:\/\/folhadoleste.com.br\/funcionarios-de-deputado-federal-do-pt-sao-assaltados-no-rio\/#primaryimage","url":"https:\/\/folhadoleste.com.br\/wp-content\/uploads\/2024\/03\/Funcionarios-de-deputado-federal-do-PT-sao-assaltados-no-Rio-Foto-Reproducao.webp","contentUrl":"https:\/\/folhadoleste.com.br\/wp-content\/uploads\/2024\/03\/Funcionarios-de-deputado-federal-do-PT-sao-assaltados-no-Rio-Foto-Reproducao.webp","width":1200,"height":750,"caption":"Foto: Reprodu\u00e7\u00e3o"},{"@type":"BreadcrumbList","@id":"https:\/\/folhadoleste.com.br\/funcionarios-de-deputado-federal-do-pt-sao-assaltados-no-rio\/#breadcrumb","itemListElement":[{"@type":"ListItem","position":1,"name":"In\u00edcio","item":"https:\/\/folhadoleste.com.br\/"},{"@type":"ListItem","position":2,"name":"Rio de Janeiro - Capital","item":"https:\/\/folhadoleste.com.br\/category\/rio-de-janeiro-capital\/"},{"@type":"ListItem","position":3,"name":"Funcion\u00e1rios de deputado federal do PT s\u00e3o assaltados no Rio"}]},{"@type":"WebSite","@id":"https:\/\/folhadoleste.com.br\/#website","url":"https:\/\/folhadoleste.com.br\/","name":"Folha do Leste","description":"Portal de Not\u00edcias com \u00eanfase em Niter\u00f3i, criando conte\u00fados desde a capital Rio de Janeiro, com olhar para o Leste Fluminense e suas cidades como S\u00e3o Gon\u00e7alo, Itabora\u00ed, Rio Bonito, Maric\u00e1, Saquarema e Araruama","publisher":{"@id":"https:\/\/folhadoleste.com.br\/#organization"},"alternateName":"FL","potentialAction":[{"@type":"SearchAction","target":{"@type":"EntryPoint","urlTemplate":"https:\/\/folhadoleste.com.br\/?s={search_term_string}"},"query-input":{"@type":"PropertyValueSpecification","valueRequired":true,"valueName":"search_term_string"}}],"inLanguage":"en-US"},{"@type":"Organization","@id":"https:\/\/folhadoleste.com.br\/#organization","name":"Brasil 21 Comunica\u00e7\u00e3o","alternateName":"BR21","url":"https:\/\/folhadoleste.com.br\/","logo":{"@type":"ImageObject","inLanguage":"en-US","@id":"https:\/\/folhadoleste.com.br\/#\/schema\/logo\/image\/","url":"https:\/\/folhadoleste.com.br\/wp-content\/uploads\/2025\/12\/brasil-21-logomarca.avif","contentUrl":"https:\/\/folhadoleste.com.br\/wp-content\/uploads\/2025\/12\/brasil-21-logomarca.avif","width":1044,"height":1044,"caption":"Brasil 21 Comunica\u00e7\u00e3o"},"image":{"@id":"https:\/\/folhadoleste.com.br\/#\/schema\/logo\/image\/"},"sameAs":["https:\/\/www.facebook.com\/folhadoleste","https:\/\/x.com\/FolhadoLesteRJ","https:\/\/www.instagram.com\/folhadoleste\/"]},{"@type":"Person","@id":"https:\/\/folhadoleste.com.br\/#\/schema\/person\/3e97145b2e1861276e84471aa85a3899","name":"Folha do Leste","image":{"@type":"ImageObject","inLanguage":"en-US","@id":"https:\/\/folhadoleste.com.br\/wp-content\/litespeed\/avatar\/1ca8c218432e7045e748610eb3db0259.jpg?ver=1777161142","url":"https:\/\/folhadoleste.com.br\/wp-content\/litespeed\/avatar\/1ca8c218432e7045e748610eb3db0259.jpg?ver=1777161142","contentUrl":"https:\/\/folhadoleste.com.br\/wp-content\/litespeed\/avatar\/1ca8c218432e7045e748610eb3db0259.jpg?ver=1777161142","caption":"Folha do Leste"},"url":"https:\/\/folhadoleste.com.br\/en\/author\/reportagem-01\/"}]}},"_links":{"self":[{"href":"https:\/\/folhadoleste.com.br\/en\/wp-json\/wp\/v2\/posts\/55531","targetHints":{"allow":["GET"]}}],"collection":[{"href":"https:\/\/folhadoleste.com.br\/en\/wp-json\/wp\/v2\/posts"}],"about":[{"href":"https:\/\/folhadoleste.com.br\/en\/wp-json\/wp\/v2\/types\/post"}],"author":[{"embeddable":true,"href":"https:\/\/folhadoleste.com.br\/en\/wp-json\/wp\/v2\/users\/4"}],"replies":[{"embeddable":true,"href":"https:\/\/folhadoleste.com.br\/en\/wp-json\/wp\/v2\/comments?post=55531"}],"version-history":[{"count":1,"href":"https:\/\/folhadoleste.com.br\/en\/wp-json\/wp\/v2\/posts\/55531\/revisions"}],"predecessor-version":[{"id":55535,"href":"https:\/\/folhadoleste.com.br\/en\/wp-json\/wp\/v2\/posts\/55531\/revisions\/55535"}],"wp:featuredmedia":[{"embeddable":true,"href":"https:\/\/folhadoleste.com.br\/en\/wp-json\/wp\/v2\/media\/55533"}],"wp:attachment":[{"href":"https:\/\/folhadoleste.com.br\/en\/wp-json\/wp\/v2\/media?parent=55531"}],"wp:term":[{"taxonomy":"category","embeddable":true,"href":"https:\/\/folhadoleste.com.br\/en\/wp-json\/wp\/v2\/categories?post=55531"},{"taxonomy":"post_tag","embeddable":true,"href":"https:\/\/folhadoleste.com.br\/en\/wp-json\/wp\/v2\/tags?post=55531"}],"curies":[{"name":"wp","href":"https:\/\/api.w.org\/{rel}","templated":true}]}}