{"id":5494,"date":"2023-05-15T12:10:15","date_gmt":"2023-05-15T15:10:15","guid":{"rendered":"https:\/\/folhadoleste.com.br\/?p=5494"},"modified":"2023-05-15T21:56:33","modified_gmt":"2023-05-16T00:56:33","slug":"motoristas-de-aplicativos-como-uber-e-99-fazem-greve-em-todo-o-pais","status":"publish","type":"post","link":"https:\/\/folhadoleste.com.br\/en\/motoristas-de-aplicativos-como-uber-e-99-fazem-greve-em-todo-o-pais\/","title":{"rendered":"Motoristas de aplicativos, como Uber e 99, fazem greve em todo o pa\u00eds"},"content":{"rendered":"<h5><strong><a href=\"https:\/\/www.facebook.com\/folhadoleste\">CURTA E SIGA NOSSA P\u00c1GINA NO FACEBOOK CLICANDO AQUI<\/a><\/strong><\/h5>\n<h5><strong>\u00a0<\/strong><\/h5>\n<h5><strong><a href=\"https:\/\/www.instagram.com\/folhadoleste\/\">CURTA E SIGA NOSSA P\u00c1GINA NO INSTAGRAM CLICANDO AQUI<\/a><\/strong><\/h5>\n<p>&nbsp;<\/p>\n<p>Motoristas de aplicativos como Uber e 99 entraram em greve em todo o Brasil nesta segunda-feira (15). A categoria reivindica melhores condi\u00e7\u00f5es de trabalho e repasses mais altos nas tarifas das corridas.<\/p>\n<p>A paralisa\u00e7\u00e3o, estimada para durar 24 horas, \u00e9 de iniciativa da Federa\u00e7\u00e3o dos Motoristas Por Aplicativos do Brasil (Fembrapp) e da Associa\u00e7\u00e3o de Motoristas de Aplicativos de S\u00e3o Paulo (Amasp). As entidades calculam que 70% dos profissionais da categoria em todo o pa\u00eds devem aderir \u00e0 greve.<\/p>\n<p>O presidente da Amasp, Eduardo Lima de Souza, disse que a paralisa\u00e7\u00e3o \u00e9 porque o motorista de aplicativo est\u00e1 recebendo o mesmo desde 2016. \u201cAt\u00e9 hoje, o motorista mant\u00e9m o valor das corridas ganhando a mesma coisa. O setor automobil\u00edstico aumentou suas pe\u00e7as, o valor do ve\u00edculo, o petr\u00f3leo teve aumentos consecutivos, e as empresas n\u00e3o acompanharam esse aumento\u201d, explicou.<\/p>\n<p>Outra reivindica\u00e7\u00e3o da categoria \u00e9 com rela\u00e7\u00e3o ao sistema de cobran\u00e7a. \u201cDe 2019 para c\u00e1 as empresas mudaram o sistema de cobran\u00e7a. Antes, voc\u00ea sa\u00eda da sua casa para ir para o seu trabalho, por exemplo, voc\u00ea sabia que esse valor informado seria o mesmo que voc\u00ea pagaria. Atualmente n\u00e3o \u00e9 isso mais, e com isso a taxa cobrada dos motoristas tamb\u00e9m est\u00e1 sofrendo essa varia\u00e7\u00e3o. As empresas reajustaram os valores das tarifas para os passageiros, mas n\u00e3o repassaram\u00a0para os motoristas, fazendo com que o valor de uma corrida chegue at\u00e9 60% de desconto de taxa. Com isso, os motoristas est\u00e3o trabalhando longas horas, chegando no final do dia com o lucro muito baixo, fazendo com que ele tenha que trabalhar todos os dias\u201d, lamentou.<\/p>\n<p>Em nota, a Associa\u00e7\u00e3o Brasileira de Mobilidade e Tecnologia (Amobitec)\u00a0disse que \u201crespeita o direito de manifesta\u00e7\u00e3o e informa que as empresas associadas mant\u00eam abertos seus canais de comunica\u00e7\u00e3o com os motoristas parceiros, reafirmando a disposi\u00e7\u00e3o para o di\u00e1logo cont\u00ednuo, de forma a aprimorar a experi\u00eancia de todos nas plataformas\u201d.<\/p>\n<p>A plataforma 99 informou, por meio de nota, que tem conversado com os motoristas do aplicativo e que tem programas de apoio \u00e0 categoria. &#8220;Ouvindo e conversando com cerca de 2 mil motoristas todos os meses, a 99 adotou solu\u00e7\u00f5es permanentes para incrementar os ganhos no app: foi a primeira plataforma a oferecer a taxa garantida, que assegura aos condutores a taxa m\u00e1xima semanal de at\u00e9 19,99%\u201d.<\/p>\n<p>O aplicativo ainda informou que foi pioneiro\u00a0em iniciativas com o Adicional Vari\u00e1vel de Combust\u00edvel, um aux\u00edlio no ganho que aumenta sempre que o combust\u00edvel sobe. &#8220;Al\u00e9m disso, lan\u00e7ou outros programas como: kit g\u00e1s; cons\u00f3rcios com taxas mais baixas para a compra de ve\u00edculo; vantagens no aluguel de carros; o 99Loc, que amplia o acesso \u00e0 loca\u00e7\u00e3o de ve\u00edculos e o DriverLAB, um centro de inova\u00e7\u00e3o criado pela 99 para fortalecer o cuidado com o motorista e a redu\u00e7\u00e3o de seus custos operacionais.&#8221;<\/p>\n<p>A reportagem entrou em contato com a Uber e aguarda a resposta da plataforma.<\/p>\n<p>&nbsp;<\/p>\n<h5><strong><a href=\"https:\/\/www.facebook.com\/folhadoleste\">CURTA E SIGA NOSSA P\u00c1GINA NO FACEBOOK CLICANDO AQUI<\/a><\/strong><\/h5>\n<h5><strong>\u00a0<\/strong><\/h5>\n<h5><strong><a href=\"https:\/\/www.instagram.com\/folhadoleste\/\">CURTA E SIGA NOSSA P\u00c1GINA NO INSTAGRAM CLICANDO AQUI<\/a><\/strong><\/h5>\n<p>&nbsp;<\/p>\n<p>&nbsp;<\/p>\n<p>&nbsp;<\/p>\n<p>&nbsp;<\/p>\n<p>&nbsp;<\/p>\n<p><em>Fonte: Ag\u00eancia Brasil<\/em><\/p>","protected":false},"excerpt":{"rendered":"<p>CURTA E SIGA NOSSA P\u00c1GINA NO FACEBOOK CLICANDO AQUI \u00a0 CURTA E SIGA NOSSA P\u00c1GINA NO INSTAGRAM CLICANDO AQUI &nbsp; Motoristas de aplicativos como Uber e 99 entraram em greve em todo o Brasil nesta segunda-feira (15). A categoria reivindica melhores condi\u00e7\u00f5es de trabalho e repasses mais altos nas tarifas das corridas. A paralisa\u00e7\u00e3o, estimada para durar 24 horas, \u00e9 de iniciativa da Federa\u00e7\u00e3o dos Motoristas Por Aplicativos do Brasil (Fembrapp) e da Associa\u00e7\u00e3o de Motoristas de Aplicativos de S\u00e3o Paulo (Amasp). As entidades calculam que 70% dos profissionais da categoria em todo o pa\u00eds devem aderir \u00e0 greve. O [&hellip;]<\/p>\n","protected":false},"author":4,"featured_media":5495,"comment_status":"open","ping_status":"open","sticky":false,"template":"","format":"standard","meta":{"footnotes":""},"categories":[64],"tags":[3683,2797,1636,3742,185,3682],"class_list":["post-5494","post","type-post","status-publish","format-standard","has-post-thumbnail","hentry","category-brasil","tag-3683","tag-greve","tag-motorista","tag-motorista-de-aplicatico","tag-transporte","tag-uber","post--single"],"yoast_head":"<!-- This site is optimized with the Yoast SEO plugin v27.4 - https:\/\/yoast.com\/product\/yoast-seo-wordpress\/ -->\n<title>Motoristas de aplicativos, como Uber e 99, fazem greve em todo o pa\u00eds &#8226; Folha do Leste<\/title>\n<meta name=\"description\" content=\"Motoristas de aplicativos como Uber e 99 entraram em greve em todo o Brasil nesta segunda-feira (15). Pedindo por condi\u00e7\u00f5es de trabalho melhores.\" \/>\n<meta name=\"robots\" content=\"index, follow, max-snippet:-1, max-image-preview:large, max-video-preview:-1\" \/>\n<link rel=\"canonical\" href=\"https:\/\/folhadoleste.com.br\/en\/motoristas-de-aplicativos-como-uber-e-99-fazem-greve-em-todo-o-pais\/\" \/>\n<meta property=\"og:locale\" content=\"en_US\" \/>\n<meta property=\"og:type\" content=\"article\" \/>\n<meta property=\"og:title\" content=\"Motoristas de aplicativos, como Uber e 99, fazem greve em todo o pa\u00eds\" \/>\n<meta property=\"og:description\" content=\"Clique e saiba mais...\" \/>\n<meta property=\"og:url\" content=\"https:\/\/folhadoleste.com.br\/en\/motoristas-de-aplicativos-como-uber-e-99-fazem-greve-em-todo-o-pais\/\" \/>\n<meta property=\"og:site_name\" content=\"Folha do Leste\" \/>\n<meta property=\"article:publisher\" content=\"https:\/\/www.facebook.com\/folhadoleste\" \/>\n<meta property=\"article:published_time\" content=\"2023-05-15T15:10:15+00:00\" \/>\n<meta property=\"article:modified_time\" content=\"2023-05-16T00:56:33+00:00\" \/>\n<meta property=\"og:image\" content=\"https:\/\/folhadoleste.com.br\/wp-content\/uploads\/2023\/05\/Motoristas-de-aplicativos-como-Uber-e-99-fazem-greve-em-todo-o-pais-Rovena-Rosa-Agencia-Brasil.jpg\" \/>\n\t<meta property=\"og:image:width\" content=\"1170\" \/>\n\t<meta property=\"og:image:height\" content=\"700\" \/>\n\t<meta property=\"og:image:type\" content=\"image\/jpeg\" \/>\n<meta name=\"author\" content=\"Folha do Leste\" \/>\n<meta name=\"twitter:card\" content=\"summary_large_image\" \/>\n<meta name=\"twitter:title\" content=\"Motoristas de aplicativos, como Uber e 99, fazem greve em todo o pa\u00eds\" \/>\n<meta name=\"twitter:description\" content=\"Clique e saiba mais...\" \/>\n<meta name=\"twitter:image\" content=\"https:\/\/folhadoleste.com.br\/wp-content\/uploads\/2023\/05\/Motoristas-de-aplicativos-como-Uber-e-99-fazem-greve-em-todo-o-pais-Rovena-Rosa-Agencia-Brasil.jpg\" \/>\n<meta name=\"twitter:creator\" content=\"@FolhadoLesteRJ\" \/>\n<meta name=\"twitter:site\" content=\"@FolhadoLesteRJ\" \/>\n<meta name=\"twitter:label1\" content=\"Written by\" \/>\n\t<meta name=\"twitter:data1\" content=\"Folha do Leste\" \/>\n\t<meta name=\"twitter:label2\" content=\"Est. reading time\" \/>\n\t<meta name=\"twitter:data2\" content=\"3 minutes\" \/>\n<script type=\"application\/ld+json\" class=\"yoast-schema-graph\">{\"@context\":\"https:\\\/\\\/schema.org\",\"@graph\":[{\"@type\":\"NewsArticle\",\"@id\":\"https:\\\/\\\/folhadoleste.com.br\\\/motoristas-de-aplicativos-como-uber-e-99-fazem-greve-em-todo-o-pais\\\/#article\",\"isPartOf\":{\"@id\":\"https:\\\/\\\/folhadoleste.com.br\\\/motoristas-de-aplicativos-como-uber-e-99-fazem-greve-em-todo-o-pais\\\/\"},\"author\":{\"name\":\"Folha do Leste\",\"@id\":\"https:\\\/\\\/folhadoleste.com.br\\\/#\\\/schema\\\/person\\\/3e97145b2e1861276e84471aa85a3899\"},\"headline\":\"Motoristas de aplicativos, como Uber e 99, fazem greve em todo o pa\u00eds\",\"datePublished\":\"2023-05-15T15:10:15+00:00\",\"dateModified\":\"2023-05-16T00:56:33+00:00\",\"mainEntityOfPage\":{\"@id\":\"https:\\\/\\\/folhadoleste.com.br\\\/motoristas-de-aplicativos-como-uber-e-99-fazem-greve-em-todo-o-pais\\\/\"},\"wordCount\":570,\"commentCount\":0,\"publisher\":{\"@id\":\"https:\\\/\\\/folhadoleste.com.br\\\/#organization\"},\"image\":{\"@id\":\"https:\\\/\\\/folhadoleste.com.br\\\/motoristas-de-aplicativos-como-uber-e-99-fazem-greve-em-todo-o-pais\\\/#primaryimage\"},\"thumbnailUrl\":\"https:\\\/\\\/folhadoleste.com.br\\\/wp-content\\\/uploads\\\/2023\\\/05\\\/Motoristas-de-aplicativos-como-Uber-e-99-fazem-greve-em-todo-o-pais-Rovena-Rosa-Agencia-Brasil.jpg\",\"keywords\":[\"99\",\"Greve\",\"motorista\",\"motorista de aplicatico\",\"transporte\",\"Uber\"],\"articleSection\":[\"Brasil\"],\"inLanguage\":\"en-US\",\"potentialAction\":[{\"@type\":\"CommentAction\",\"name\":\"Comment\",\"target\":[\"https:\\\/\\\/folhadoleste.com.br\\\/motoristas-de-aplicativos-como-uber-e-99-fazem-greve-em-todo-o-pais\\\/#respond\"]}]},{\"@type\":\"WebPage\",\"@id\":\"https:\\\/\\\/folhadoleste.com.br\\\/motoristas-de-aplicativos-como-uber-e-99-fazem-greve-em-todo-o-pais\\\/\",\"url\":\"https:\\\/\\\/folhadoleste.com.br\\\/motoristas-de-aplicativos-como-uber-e-99-fazem-greve-em-todo-o-pais\\\/\",\"name\":\"Motoristas de aplicativos, como Uber e 99, fazem greve em todo o pa\u00eds &#8226; Folha do Leste\",\"isPartOf\":{\"@id\":\"https:\\\/\\\/folhadoleste.com.br\\\/#website\"},\"primaryImageOfPage\":{\"@id\":\"https:\\\/\\\/folhadoleste.com.br\\\/motoristas-de-aplicativos-como-uber-e-99-fazem-greve-em-todo-o-pais\\\/#primaryimage\"},\"image\":{\"@id\":\"https:\\\/\\\/folhadoleste.com.br\\\/motoristas-de-aplicativos-como-uber-e-99-fazem-greve-em-todo-o-pais\\\/#primaryimage\"},\"thumbnailUrl\":\"https:\\\/\\\/folhadoleste.com.br\\\/wp-content\\\/uploads\\\/2023\\\/05\\\/Motoristas-de-aplicativos-como-Uber-e-99-fazem-greve-em-todo-o-pais-Rovena-Rosa-Agencia-Brasil.jpg\",\"datePublished\":\"2023-05-15T15:10:15+00:00\",\"dateModified\":\"2023-05-16T00:56:33+00:00\",\"description\":\"Motoristas de aplicativos como Uber e 99 entraram em greve em todo o Brasil nesta segunda-feira (15). Pedindo por condi\u00e7\u00f5es de trabalho melhores.\",\"breadcrumb\":{\"@id\":\"https:\\\/\\\/folhadoleste.com.br\\\/motoristas-de-aplicativos-como-uber-e-99-fazem-greve-em-todo-o-pais\\\/#breadcrumb\"},\"inLanguage\":\"en-US\",\"potentialAction\":[{\"@type\":\"ReadAction\",\"target\":[\"https:\\\/\\\/folhadoleste.com.br\\\/motoristas-de-aplicativos-como-uber-e-99-fazem-greve-em-todo-o-pais\\\/\"]}]},{\"@type\":\"ImageObject\",\"inLanguage\":\"en-US\",\"@id\":\"https:\\\/\\\/folhadoleste.com.br\\\/motoristas-de-aplicativos-como-uber-e-99-fazem-greve-em-todo-o-pais\\\/#primaryimage\",\"url\":\"https:\\\/\\\/folhadoleste.com.br\\\/wp-content\\\/uploads\\\/2023\\\/05\\\/Motoristas-de-aplicativos-como-Uber-e-99-fazem-greve-em-todo-o-pais-Rovena-Rosa-Agencia-Brasil.jpg\",\"contentUrl\":\"https:\\\/\\\/folhadoleste.com.br\\\/wp-content\\\/uploads\\\/2023\\\/05\\\/Motoristas-de-aplicativos-como-Uber-e-99-fazem-greve-em-todo-o-pais-Rovena-Rosa-Agencia-Brasil.jpg\",\"width\":1170,\"height\":700,\"caption\":\"S\u00e3o Paulo (SP), 28\\\/04\\\/2023 - O motorista de aplicativo Jonas Ferreira fala sobre os pr\u00f3s e contras do trabalho aut\u00f4nomo. Foto: Rovena Rosa\\\/Ag\u00eancia Brasil\"},{\"@type\":\"BreadcrumbList\",\"@id\":\"https:\\\/\\\/folhadoleste.com.br\\\/motoristas-de-aplicativos-como-uber-e-99-fazem-greve-em-todo-o-pais\\\/#breadcrumb\",\"itemListElement\":[{\"@type\":\"ListItem\",\"position\":1,\"name\":\"In\u00edcio\",\"item\":\"https:\\\/\\\/folhadoleste.com.br\\\/\"},{\"@type\":\"ListItem\",\"position\":2,\"name\":\"Brasil\",\"item\":\"https:\\\/\\\/folhadoleste.com.br\\\/category\\\/brasil\\\/\"},{\"@type\":\"ListItem\",\"position\":3,\"name\":\"Motoristas de aplicativos, como Uber e 99, fazem greve em todo o pa\u00eds\"}]},{\"@type\":\"WebSite\",\"@id\":\"https:\\\/\\\/folhadoleste.com.br\\\/#website\",\"url\":\"https:\\\/\\\/folhadoleste.com.br\\\/\",\"name\":\"Folha do Leste\",\"description\":\"Portal de Not\u00edcias com \u00eanfase em Niter\u00f3i, criando conte\u00fados desde a capital Rio de Janeiro, com olhar para o Leste Fluminense e suas cidades como S\u00e3o Gon\u00e7alo, Itabora\u00ed, Rio Bonito, Maric\u00e1, Saquarema e Araruama\",\"publisher\":{\"@id\":\"https:\\\/\\\/folhadoleste.com.br\\\/#organization\"},\"alternateName\":\"FL\",\"potentialAction\":[{\"@type\":\"SearchAction\",\"target\":{\"@type\":\"EntryPoint\",\"urlTemplate\":\"https:\\\/\\\/folhadoleste.com.br\\\/?s={search_term_string}\"},\"query-input\":{\"@type\":\"PropertyValueSpecification\",\"valueRequired\":true,\"valueName\":\"search_term_string\"}}],\"inLanguage\":\"en-US\"},{\"@type\":\"Organization\",\"@id\":\"https:\\\/\\\/folhadoleste.com.br\\\/#organization\",\"name\":\"Brasil 21 Comunica\u00e7\u00e3o\",\"alternateName\":\"BR21\",\"url\":\"https:\\\/\\\/folhadoleste.com.br\\\/\",\"logo\":{\"@type\":\"ImageObject\",\"inLanguage\":\"en-US\",\"@id\":\"https:\\\/\\\/folhadoleste.com.br\\\/#\\\/schema\\\/logo\\\/image\\\/\",\"url\":\"https:\\\/\\\/folhadoleste.com.br\\\/wp-content\\\/uploads\\\/2025\\\/12\\\/brasil-21-logomarca.avif\",\"contentUrl\":\"https:\\\/\\\/folhadoleste.com.br\\\/wp-content\\\/uploads\\\/2025\\\/12\\\/brasil-21-logomarca.avif\",\"width\":1044,\"height\":1044,\"caption\":\"Brasil 21 Comunica\u00e7\u00e3o\"},\"image\":{\"@id\":\"https:\\\/\\\/folhadoleste.com.br\\\/#\\\/schema\\\/logo\\\/image\\\/\"},\"sameAs\":[\"https:\\\/\\\/www.facebook.com\\\/folhadoleste\",\"https:\\\/\\\/x.com\\\/FolhadoLesteRJ\",\"https:\\\/\\\/www.instagram.com\\\/folhadoleste\\\/\"]},{\"@type\":\"Person\",\"@id\":\"https:\\\/\\\/folhadoleste.com.br\\\/#\\\/schema\\\/person\\\/3e97145b2e1861276e84471aa85a3899\",\"name\":\"Folha do Leste\",\"image\":{\"@type\":\"ImageObject\",\"inLanguage\":\"en-US\",\"@id\":\"https:\\\/\\\/folhadoleste.com.br\\\/wp-content\\\/litespeed\\\/avatar\\\/1ca8c218432e7045e748610eb3db0259.jpg?ver=1777161142\",\"url\":\"https:\\\/\\\/folhadoleste.com.br\\\/wp-content\\\/litespeed\\\/avatar\\\/1ca8c218432e7045e748610eb3db0259.jpg?ver=1777161142\",\"contentUrl\":\"https:\\\/\\\/folhadoleste.com.br\\\/wp-content\\\/litespeed\\\/avatar\\\/1ca8c218432e7045e748610eb3db0259.jpg?ver=1777161142\",\"caption\":\"Folha do Leste\"},\"url\":\"https:\\\/\\\/folhadoleste.com.br\\\/en\\\/author\\\/reportagem-01\\\/\"}]}<\/script>\n<!-- \/ Yoast SEO plugin. -->","yoast_head_json":{"title":"Motoristas de aplicativos, como Uber e 99, fazem greve em todo o pa\u00eds &#8226; Folha do Leste","description":"Motoristas de aplicativos como Uber e 99 entraram em greve em todo o Brasil nesta segunda-feira (15). Pedindo por condi\u00e7\u00f5es de trabalho melhores.","robots":{"index":"index","follow":"follow","max-snippet":"max-snippet:-1","max-image-preview":"max-image-preview:large","max-video-preview":"max-video-preview:-1"},"canonical":"https:\/\/folhadoleste.com.br\/en\/motoristas-de-aplicativos-como-uber-e-99-fazem-greve-em-todo-o-pais\/","og_locale":"en_US","og_type":"article","og_title":"Motoristas de aplicativos, como Uber e 99, fazem greve em todo o pa\u00eds","og_description":"Clique e saiba mais...","og_url":"https:\/\/folhadoleste.com.br\/en\/motoristas-de-aplicativos-como-uber-e-99-fazem-greve-em-todo-o-pais\/","og_site_name":"Folha do Leste","article_publisher":"https:\/\/www.facebook.com\/folhadoleste","article_published_time":"2023-05-15T15:10:15+00:00","article_modified_time":"2023-05-16T00:56:33+00:00","og_image":[{"width":1170,"height":700,"url":"https:\/\/folhadoleste.com.br\/wp-content\/uploads\/2023\/05\/Motoristas-de-aplicativos-como-Uber-e-99-fazem-greve-em-todo-o-pais-Rovena-Rosa-Agencia-Brasil.jpg","type":"image\/jpeg"}],"author":"Folha do Leste","twitter_card":"summary_large_image","twitter_title":"Motoristas de aplicativos, como Uber e 99, fazem greve em todo o pa\u00eds","twitter_description":"Clique e saiba mais...","twitter_image":"https:\/\/folhadoleste.com.br\/wp-content\/uploads\/2023\/05\/Motoristas-de-aplicativos-como-Uber-e-99-fazem-greve-em-todo-o-pais-Rovena-Rosa-Agencia-Brasil.jpg","twitter_creator":"@FolhadoLesteRJ","twitter_site":"@FolhadoLesteRJ","twitter_misc":{"Written by":"Folha do Leste","Est. reading time":"3 minutes"},"schema":{"@context":"https:\/\/schema.org","@graph":[{"@type":"NewsArticle","@id":"https:\/\/folhadoleste.com.br\/motoristas-de-aplicativos-como-uber-e-99-fazem-greve-em-todo-o-pais\/#article","isPartOf":{"@id":"https:\/\/folhadoleste.com.br\/motoristas-de-aplicativos-como-uber-e-99-fazem-greve-em-todo-o-pais\/"},"author":{"name":"Folha do Leste","@id":"https:\/\/folhadoleste.com.br\/#\/schema\/person\/3e97145b2e1861276e84471aa85a3899"},"headline":"Motoristas de aplicativos, como Uber e 99, fazem greve em todo o pa\u00eds","datePublished":"2023-05-15T15:10:15+00:00","dateModified":"2023-05-16T00:56:33+00:00","mainEntityOfPage":{"@id":"https:\/\/folhadoleste.com.br\/motoristas-de-aplicativos-como-uber-e-99-fazem-greve-em-todo-o-pais\/"},"wordCount":570,"commentCount":0,"publisher":{"@id":"https:\/\/folhadoleste.com.br\/#organization"},"image":{"@id":"https:\/\/folhadoleste.com.br\/motoristas-de-aplicativos-como-uber-e-99-fazem-greve-em-todo-o-pais\/#primaryimage"},"thumbnailUrl":"https:\/\/folhadoleste.com.br\/wp-content\/uploads\/2023\/05\/Motoristas-de-aplicativos-como-Uber-e-99-fazem-greve-em-todo-o-pais-Rovena-Rosa-Agencia-Brasil.jpg","keywords":["99","Greve","motorista","motorista de aplicatico","transporte","Uber"],"articleSection":["Brasil"],"inLanguage":"en-US","potentialAction":[{"@type":"CommentAction","name":"Comment","target":["https:\/\/folhadoleste.com.br\/motoristas-de-aplicativos-como-uber-e-99-fazem-greve-em-todo-o-pais\/#respond"]}]},{"@type":"WebPage","@id":"https:\/\/folhadoleste.com.br\/motoristas-de-aplicativos-como-uber-e-99-fazem-greve-em-todo-o-pais\/","url":"https:\/\/folhadoleste.com.br\/motoristas-de-aplicativos-como-uber-e-99-fazem-greve-em-todo-o-pais\/","name":"Motoristas de aplicativos, como Uber e 99, fazem greve em todo o pa\u00eds &#8226; Folha do Leste","isPartOf":{"@id":"https:\/\/folhadoleste.com.br\/#website"},"primaryImageOfPage":{"@id":"https:\/\/folhadoleste.com.br\/motoristas-de-aplicativos-como-uber-e-99-fazem-greve-em-todo-o-pais\/#primaryimage"},"image":{"@id":"https:\/\/folhadoleste.com.br\/motoristas-de-aplicativos-como-uber-e-99-fazem-greve-em-todo-o-pais\/#primaryimage"},"thumbnailUrl":"https:\/\/folhadoleste.com.br\/wp-content\/uploads\/2023\/05\/Motoristas-de-aplicativos-como-Uber-e-99-fazem-greve-em-todo-o-pais-Rovena-Rosa-Agencia-Brasil.jpg","datePublished":"2023-05-15T15:10:15+00:00","dateModified":"2023-05-16T00:56:33+00:00","description":"Motoristas de aplicativos como Uber e 99 entraram em greve em todo o Brasil nesta segunda-feira (15). Pedindo por condi\u00e7\u00f5es de trabalho melhores.","breadcrumb":{"@id":"https:\/\/folhadoleste.com.br\/motoristas-de-aplicativos-como-uber-e-99-fazem-greve-em-todo-o-pais\/#breadcrumb"},"inLanguage":"en-US","potentialAction":[{"@type":"ReadAction","target":["https:\/\/folhadoleste.com.br\/motoristas-de-aplicativos-como-uber-e-99-fazem-greve-em-todo-o-pais\/"]}]},{"@type":"ImageObject","inLanguage":"en-US","@id":"https:\/\/folhadoleste.com.br\/motoristas-de-aplicativos-como-uber-e-99-fazem-greve-em-todo-o-pais\/#primaryimage","url":"https:\/\/folhadoleste.com.br\/wp-content\/uploads\/2023\/05\/Motoristas-de-aplicativos-como-Uber-e-99-fazem-greve-em-todo-o-pais-Rovena-Rosa-Agencia-Brasil.jpg","contentUrl":"https:\/\/folhadoleste.com.br\/wp-content\/uploads\/2023\/05\/Motoristas-de-aplicativos-como-Uber-e-99-fazem-greve-em-todo-o-pais-Rovena-Rosa-Agencia-Brasil.jpg","width":1170,"height":700,"caption":"S\u00e3o Paulo (SP), 28\/04\/2023 - O motorista de aplicativo Jonas Ferreira fala sobre os pr\u00f3s e contras do trabalho aut\u00f4nomo. Foto: Rovena Rosa\/Ag\u00eancia Brasil"},{"@type":"BreadcrumbList","@id":"https:\/\/folhadoleste.com.br\/motoristas-de-aplicativos-como-uber-e-99-fazem-greve-em-todo-o-pais\/#breadcrumb","itemListElement":[{"@type":"ListItem","position":1,"name":"In\u00edcio","item":"https:\/\/folhadoleste.com.br\/"},{"@type":"ListItem","position":2,"name":"Brasil","item":"https:\/\/folhadoleste.com.br\/category\/brasil\/"},{"@type":"ListItem","position":3,"name":"Motoristas de aplicativos, como Uber e 99, fazem greve em todo o pa\u00eds"}]},{"@type":"WebSite","@id":"https:\/\/folhadoleste.com.br\/#website","url":"https:\/\/folhadoleste.com.br\/","name":"Folha do Leste","description":"Portal de Not\u00edcias com \u00eanfase em Niter\u00f3i, criando conte\u00fados desde a capital Rio de Janeiro, com olhar para o Leste Fluminense e suas cidades como S\u00e3o Gon\u00e7alo, Itabora\u00ed, Rio Bonito, Maric\u00e1, Saquarema e Araruama","publisher":{"@id":"https:\/\/folhadoleste.com.br\/#organization"},"alternateName":"FL","potentialAction":[{"@type":"SearchAction","target":{"@type":"EntryPoint","urlTemplate":"https:\/\/folhadoleste.com.br\/?s={search_term_string}"},"query-input":{"@type":"PropertyValueSpecification","valueRequired":true,"valueName":"search_term_string"}}],"inLanguage":"en-US"},{"@type":"Organization","@id":"https:\/\/folhadoleste.com.br\/#organization","name":"Brasil 21 Comunica\u00e7\u00e3o","alternateName":"BR21","url":"https:\/\/folhadoleste.com.br\/","logo":{"@type":"ImageObject","inLanguage":"en-US","@id":"https:\/\/folhadoleste.com.br\/#\/schema\/logo\/image\/","url":"https:\/\/folhadoleste.com.br\/wp-content\/uploads\/2025\/12\/brasil-21-logomarca.avif","contentUrl":"https:\/\/folhadoleste.com.br\/wp-content\/uploads\/2025\/12\/brasil-21-logomarca.avif","width":1044,"height":1044,"caption":"Brasil 21 Comunica\u00e7\u00e3o"},"image":{"@id":"https:\/\/folhadoleste.com.br\/#\/schema\/logo\/image\/"},"sameAs":["https:\/\/www.facebook.com\/folhadoleste","https:\/\/x.com\/FolhadoLesteRJ","https:\/\/www.instagram.com\/folhadoleste\/"]},{"@type":"Person","@id":"https:\/\/folhadoleste.com.br\/#\/schema\/person\/3e97145b2e1861276e84471aa85a3899","name":"Folha do Leste","image":{"@type":"ImageObject","inLanguage":"en-US","@id":"https:\/\/folhadoleste.com.br\/wp-content\/litespeed\/avatar\/1ca8c218432e7045e748610eb3db0259.jpg?ver=1777161142","url":"https:\/\/folhadoleste.com.br\/wp-content\/litespeed\/avatar\/1ca8c218432e7045e748610eb3db0259.jpg?ver=1777161142","contentUrl":"https:\/\/folhadoleste.com.br\/wp-content\/litespeed\/avatar\/1ca8c218432e7045e748610eb3db0259.jpg?ver=1777161142","caption":"Folha do Leste"},"url":"https:\/\/folhadoleste.com.br\/en\/author\/reportagem-01\/"}]}},"_links":{"self":[{"href":"https:\/\/folhadoleste.com.br\/en\/wp-json\/wp\/v2\/posts\/5494","targetHints":{"allow":["GET"]}}],"collection":[{"href":"https:\/\/folhadoleste.com.br\/en\/wp-json\/wp\/v2\/posts"}],"about":[{"href":"https:\/\/folhadoleste.com.br\/en\/wp-json\/wp\/v2\/types\/post"}],"author":[{"embeddable":true,"href":"https:\/\/folhadoleste.com.br\/en\/wp-json\/wp\/v2\/users\/4"}],"replies":[{"embeddable":true,"href":"https:\/\/folhadoleste.com.br\/en\/wp-json\/wp\/v2\/comments?post=5494"}],"version-history":[{"count":1,"href":"https:\/\/folhadoleste.com.br\/en\/wp-json\/wp\/v2\/posts\/5494\/revisions"}],"predecessor-version":[{"id":5496,"href":"https:\/\/folhadoleste.com.br\/en\/wp-json\/wp\/v2\/posts\/5494\/revisions\/5496"}],"wp:featuredmedia":[{"embeddable":true,"href":"https:\/\/folhadoleste.com.br\/en\/wp-json\/wp\/v2\/media\/5495"}],"wp:attachment":[{"href":"https:\/\/folhadoleste.com.br\/en\/wp-json\/wp\/v2\/media?parent=5494"}],"wp:term":[{"taxonomy":"category","embeddable":true,"href":"https:\/\/folhadoleste.com.br\/en\/wp-json\/wp\/v2\/categories?post=5494"},{"taxonomy":"post_tag","embeddable":true,"href":"https:\/\/folhadoleste.com.br\/en\/wp-json\/wp\/v2\/tags?post=5494"}],"curies":[{"name":"wp","href":"https:\/\/api.w.org\/{rel}","templated":true}]}}