{"id":53875,"date":"2024-03-01T23:27:41","date_gmt":"2024-03-02T02:27:41","guid":{"rendered":"https:\/\/folhadoleste.com.br\/?p=53875"},"modified":"2024-03-01T23:27:41","modified_gmt":"2024-03-02T02:27:41","slug":"niteroi-guarda-municipal-inicia-projeto-piloto-de-patrulhamento","status":"publish","type":"post","link":"https:\/\/folhadoleste.com.br\/en\/niteroi-guarda-municipal-inicia-projeto-piloto-de-patrulhamento\/","title":{"rendered":"Niter\u00f3i: Guarda Municipal inicia projeto-piloto de patrulhamento"},"content":{"rendered":"<div id=\"attachment_53880\" style=\"width: 2026px\" class=\"wp-caption aligncenter\"><a href=\"https:\/\/folhadoleste.com.br\/wp-content\/uploads\/2024\/03\/Niteroi-Guarda-Municipal-inicia-projeto-piloto-de-patrulhamento-Foto-Luciana-Carneiro.jpg\"><img decoding=\"async\" aria-describedby=\"caption-attachment-53880\" class=\"size-full wp-image-53880\" src=\"https:\/\/folhadoleste.com.br\/wp-content\/uploads\/2024\/03\/Niteroi-Guarda-Municipal-inicia-projeto-piloto-de-patrulhamento-Foto-Luciana-Carneiro.jpg\" alt=\"Niter\u00f3i: Guarda Municipal inicia projeto-piloto de patrulhamento\" width=\"2016\" height=\"1512\" \/><\/a><p id=\"caption-attachment-53880\" class=\"wp-caption-text\">Foto: Luciana Carneiro<\/p><\/div>\n<p dir=\"ltr\">A Prefeitura de Niter\u00f3i, por meio da Secretaria Municipal de Ordem P\u00fablica (Seop), deu in\u00edcio nesta sexta-feira (01) a um projeto piloto de patrulhamento preventivo com a Guarda Municipal. O projeto que est\u00e1 sendo implantado inicialmente no bairro de S\u00e3o Francisco, na Zona Sul da cidade, \u00e9 uma a\u00e7\u00e3o baseada na articula\u00e7\u00e3o com a comunidade local e em uma abordagem de proximidade com a sociedade.<\/p>\n<p dir=\"ltr\">O projeto une patrulhamento j\u00e1 feito atualmente pela 3\u00aa Inspetoria local da Guarda Municipal com o apoio de agentes em bicicletas el\u00e9tricas. O objetivo \u00e9 diminuir os \u00edndices de desordem p\u00fablica, aumentar a sensa\u00e7\u00e3o de seguran\u00e7a e colaborar para a diminui\u00e7\u00e3o dos \u00edndices de criminalidade nos bairros. O programa \u00e9 mais uma ferramenta disponibilizada pela prefeitura para o atendimento \u00e0 popula\u00e7\u00e3o.<\/p>\n<p dir=\"ltr\">Neste primeiro dia, os agentes percorreram diversas ruas do bairro apresentando o projeto para os moradores em um planejamento de aproxima\u00e7\u00e3o com o cidad\u00e3o. Al\u00e9m disso, deram apoio a moradores que acionaram para demandas de ordenamento urbano.<\/p>\n<blockquote>\n<p dir=\"ltr\">&#8220;Os moradores receberam muito bem o projeto. Nossas equipes v\u00e3o trabalhar para dar mais tranquilidade aos cidad\u00e3os e mostrar que estamos ao lado deles como parceiros e agentes p\u00fablicos. Nos pr\u00f3ximos dias, continuaremos nossas rondas e abordagens para termos o retorno do mun\u00edcipe e saber de que forma poderemos melhorar ainda mais o projeto&#8221;, relatou Renato Macedo, coordenador do programa no bairro.<\/p>\n<\/blockquote>\n<h4><a href=\"https:\/\/folhadoleste.com.br\/en\/category\/jornal-folha-do-leste-rj\/niteroi\/\"><strong>\u201cLeia mais not\u00edcias sobre Niter\u00f3i aqui\u201d<\/strong><\/a><\/h4>\n<p dir=\"ltr\">Para dar in\u00edcio ao programa, garantir o apoio da popula\u00e7\u00e3o, e adequar o projeto \u00e0s necessidades do bairro, o secret\u00e1rio municipal de Ordem P\u00fablica, Paulo Henrique de Moraes, e o Inspetor Geral da Guarda Municipal, Paulo Brito, se reuniram com moradores de S\u00e3o Francisco nesta primeira etapa<\/p>\n<div id=\"attachment_53879\" style=\"width: 2026px\" class=\"wp-caption aligncenter\"><a href=\"https:\/\/folhadoleste.com.br\/wp-content\/uploads\/2024\/03\/Niteroi-Guarda-Municipal-inicia-projeto-piloto-de-patrulhamento-2-Foto-Luciana-Carneiro.jpg\"><img decoding=\"async\" aria-describedby=\"caption-attachment-53879\" class=\"size-full wp-image-53879\" src=\"https:\/\/folhadoleste.com.br\/wp-content\/uploads\/2024\/03\/Niteroi-Guarda-Municipal-inicia-projeto-piloto-de-patrulhamento-2-Foto-Luciana-Carneiro.jpg\" alt=\"Niter\u00f3i: Guarda Municipal inicia projeto-piloto de patrulhamento\" width=\"2016\" height=\"1512\" \/><\/a><p id=\"caption-attachment-53879\" class=\"wp-caption-text\">Foto: Luciana Carneiro<\/p><\/div>\n<p dir=\"ltr\">A atua\u00e7\u00e3o dos guardas municipais acontecer\u00e1 diariamente no pol\u00edgono entre a Avenida Presidente Roosevelt at\u00e9 a Avenida Ruy Barbosa, e o outro Avenida Quintino Bocayuva at\u00e9 a Pra\u00e7a Em\u00edlio Abunamam.<\/p>\n<p dir=\"ltr\">Augusto Jos\u00e9, 83 anos, despachante aposentado de aduaneira, e morador do bairro h\u00e1 42 anos, gostou muito da medida.<\/p>\n<blockquote>\n<p dir=\"ltr\">&#8220;Achei a ideia muito boa, assim como a possibilidade de podermos nos comunicar com os guardas tanto pessoalmente como pelo whatsapp. Isso vai fazer com que a gente consiga ter mais proximidade e seguran\u00e7a&#8221;, disse o morador<\/p>\n<\/blockquote>\n<h4><a href=\"https:\/\/folhadoleste.com.br\/en\/category\/jornal-folha-do-leste-rj\/niteroi\/\"><strong>\u201cLeia mais not\u00edcias sobre Niter\u00f3i aqui\u201d<\/strong><\/a><\/h4>\n<p dir=\"ltr\">As equipes da ronda de bicicleta se unem \u00e0s nossas equipes de patrulhamento. O term\u00f4metro ser\u00e1 o contato di\u00e1rio com os moradores, para termos a certeza de que nossas estrat\u00e9gias est\u00e3o sendo bem empregadas, atendendo ao que o cidad\u00e3o precisa, mostrando a presen\u00e7a dos nossos guardas no dia-a-dia&#8221;, explicou o inspetor geral da Guarda Municipal, Paulo Brito.<\/p>\n<div id=\"attachment_53881\" style=\"width: 2026px\" class=\"wp-caption aligncenter\"><a href=\"https:\/\/folhadoleste.com.br\/wp-content\/uploads\/2024\/03\/Niteroi-Guarda-Municipal-inicia-projeto-piloto-de-patrulhamento-3-Foto-Luciana-Carneiro.jpg\"><img decoding=\"async\" aria-describedby=\"caption-attachment-53881\" class=\"size-full wp-image-53881\" src=\"https:\/\/folhadoleste.com.br\/wp-content\/uploads\/2024\/03\/Niteroi-Guarda-Municipal-inicia-projeto-piloto-de-patrulhamento-3-Foto-Luciana-Carneiro.jpg\" alt=\"Niter\u00f3i: Guarda Municipal inicia projeto-piloto de patrulhamento\" width=\"2016\" height=\"1512\" \/><\/a><p id=\"caption-attachment-53881\" class=\"wp-caption-text\">Foto: Luciana Carneiro<\/p><\/div>\n<p dir=\"ltr\">Al\u00e9m disso, a popula\u00e7\u00e3o pode contar com os j\u00e1 existentes canais de comunica\u00e7\u00e3o o 153, e o whatsapp do Centro Integrado de Seguran\u00e7a P\u00fablica (Cisp), al\u00e9m do grupo de apoio criado pelos moradores do qual os Guardas far\u00e3o parte. A popula\u00e7\u00e3o receber\u00e1 atendimento de Guardas Municipais treinados e experientes para agilizar os atendimentos.<\/p>\n<p dir=\"ltr\">Clotides Ribeiro, 73 anos, \u00e9 moradora do Bairro h\u00e1 51 anos, lembra de quando se mudou para o local.<\/p>\n<blockquote>\n<p dir=\"ltr\">&#8220;Quando nos mudamos era tudo muito tranquilo. \u00c9 muito natural a cidade crescer, mas com isso aparecem muitos problemas. Esta proximidade com os moradores \u00e9 de extrema import\u00e2ncia e acredito muito nesse tipo de projeto tem tudo para dar certo.&#8221; observou a moradora.<\/p>\n<\/blockquote>\n<p dir=\"ltr\">\n<p dir=\"ltr\"><a href=\"https:\/\/www.instagram.com\/folhadoleste\/\"><img decoding=\"async\" class=\"aligncenter wp-image-15962\" src=\"https:\/\/folhadoleste.com.br\/wp-content\/uploads\/2023\/07\/instagram.jpg.webp\" alt=\"Itaipu-Itaipua\u00e7u: Caminh\u00e3o causa grave acidente na RJ-102, a estrada da Serrinha\" width=\"49\" height=\"49\" \/><\/a><a href=\"https:\/\/www.facebook.com\/folhadoleste\"><img decoding=\"async\" class=\"aligncenter wp-image-7424\" src=\"https:\/\/folhadoleste.com.br\/wp-content\/uploads\/2023\/05\/facebook-logo-3-1.png.webp\" alt=\"Itaipu-Itaipua\u00e7u: Caminh\u00e3o causa grave acidente na RJ-102, a estrada da Serrinha\" width=\"49\" height=\"49\" \/><\/a><\/p>","protected":false},"excerpt":{"rendered":"<p>A Prefeitura de Niter\u00f3i, por meio da Secretaria Municipal de Ordem P\u00fablica (Seop), deu in\u00edcio nesta sexta-feira (01) a um projeto piloto de patrulhamento preventivo com a Guarda Municipal. O projeto que est\u00e1 sendo implantado inicialmente no bairro de S\u00e3o Francisco, na Zona Sul da cidade, \u00e9 uma a\u00e7\u00e3o baseada na articula\u00e7\u00e3o com a comunidade local e em uma abordagem de proximidade com a sociedade. O projeto une patrulhamento j\u00e1 feito atualmente pela 3\u00aa Inspetoria local da Guarda Municipal com o apoio de agentes em bicicletas el\u00e9tricas. O objetivo \u00e9 diminuir os \u00edndices de desordem p\u00fablica, aumentar a sensa\u00e7\u00e3o de [&hellip;]<\/p>\n","protected":false},"author":4,"featured_media":53880,"comment_status":"open","ping_status":"open","sticky":false,"template":"","format":"standard","meta":{"footnotes":""},"categories":[47,5],"tags":[18729,590,54,50,18731,2942,18730,1283],"class_list":["post-53875","post","type-post","status-publish","format-standard","has-post-thumbnail","hentry","category-leste-fluminense","category-noticias-de-niteroi","tag-guarda-civil","tag-guarda-municipal","tag-leste-fluminense","tag-niteroi","tag-patrulhamento-preventivo","tag-prefeitura","tag-projeto-piloto","tag-sao-francisco","post--single"],"yoast_head":"<!-- This site is optimized with the Yoast SEO plugin v27.4 - https:\/\/yoast.com\/product\/yoast-seo-wordpress\/ -->\n<title>Niter\u00f3i: Guarda Municipal inicia projeto-piloto de patrulhamento &#8226; Folha do Leste<\/title>\n<meta name=\"description\" content=\"A Prefeitura de Niter\u00f3i, por meio da Secretaria Municipal de Ordem P\u00fablica (Seop), deu in\u00edcio nesta sexta-feira (01)...\" \/>\n<meta name=\"robots\" content=\"index, follow, max-snippet:-1, max-image-preview:large, max-video-preview:-1\" \/>\n<link rel=\"canonical\" href=\"https:\/\/folhadoleste.com.br\/en\/niteroi-guarda-municipal-inicia-projeto-piloto-de-patrulhamento\/\" \/>\n<meta property=\"og:locale\" content=\"en_US\" \/>\n<meta property=\"og:type\" content=\"article\" \/>\n<meta property=\"og:title\" content=\"Niter\u00f3i: Guarda Municipal inicia projeto-piloto de patrulhamento &#8226; Folha do Leste\" \/>\n<meta property=\"og:description\" content=\"Niter\u00f3i &#8226; Folha do Leste\" \/>\n<meta property=\"og:url\" content=\"https:\/\/folhadoleste.com.br\/en\/niteroi-guarda-municipal-inicia-projeto-piloto-de-patrulhamento\/\" \/>\n<meta property=\"og:site_name\" content=\"Folha do Leste\" \/>\n<meta property=\"article:publisher\" content=\"https:\/\/www.facebook.com\/folhadoleste\" \/>\n<meta property=\"article:published_time\" content=\"2024-03-02T02:27:41+00:00\" \/>\n<meta property=\"og:image\" content=\"https:\/\/folhadoleste.com.br\/wp-content\/uploads\/2024\/03\/Niteroi-Guarda-Municipal-inicia-projeto-piloto-de-patrulhamento-Foto-Luciana-Carneiro.jpg\" \/>\n\t<meta property=\"og:image:width\" content=\"2016\" \/>\n\t<meta property=\"og:image:height\" content=\"1512\" \/>\n\t<meta property=\"og:image:type\" content=\"image\/jpeg\" \/>\n<meta name=\"author\" content=\"Folha do Leste\" \/>\n<meta name=\"twitter:card\" content=\"summary_large_image\" \/>\n<meta name=\"twitter:creator\" content=\"@FolhadoLesteRJ\" \/>\n<meta name=\"twitter:site\" content=\"@FolhadoLesteRJ\" \/>\n<meta name=\"twitter:label1\" content=\"Written by\" \/>\n\t<meta name=\"twitter:data1\" content=\"Folha do Leste\" \/>\n\t<meta name=\"twitter:label2\" content=\"Est. reading time\" \/>\n\t<meta name=\"twitter:data2\" content=\"4 minutes\" \/>\n<script type=\"application\/ld+json\" class=\"yoast-schema-graph\">{\"@context\":\"https:\\\/\\\/schema.org\",\"@graph\":[{\"@type\":\"NewsArticle\",\"@id\":\"https:\\\/\\\/folhadoleste.com.br\\\/niteroi-guarda-municipal-inicia-projeto-piloto-de-patrulhamento\\\/#article\",\"isPartOf\":{\"@id\":\"https:\\\/\\\/folhadoleste.com.br\\\/niteroi-guarda-municipal-inicia-projeto-piloto-de-patrulhamento\\\/\"},\"author\":{\"name\":\"Folha do Leste\",\"@id\":\"https:\\\/\\\/folhadoleste.com.br\\\/#\\\/schema\\\/person\\\/3e97145b2e1861276e84471aa85a3899\"},\"headline\":\"Niter\u00f3i: Guarda Municipal inicia projeto-piloto de patrulhamento\",\"datePublished\":\"2024-03-02T02:27:41+00:00\",\"mainEntityOfPage\":{\"@id\":\"https:\\\/\\\/folhadoleste.com.br\\\/niteroi-guarda-municipal-inicia-projeto-piloto-de-patrulhamento\\\/\"},\"wordCount\":615,\"commentCount\":0,\"publisher\":{\"@id\":\"https:\\\/\\\/folhadoleste.com.br\\\/#organization\"},\"image\":{\"@id\":\"https:\\\/\\\/folhadoleste.com.br\\\/niteroi-guarda-municipal-inicia-projeto-piloto-de-patrulhamento\\\/#primaryimage\"},\"thumbnailUrl\":\"https:\\\/\\\/folhadoleste.com.br\\\/wp-content\\\/uploads\\\/2024\\\/03\\\/Niteroi-Guarda-Municipal-inicia-projeto-piloto-de-patrulhamento-Foto-Luciana-Carneiro.jpg\",\"keywords\":[\"Guarda Civil\",\"guarda municipal\",\"Leste Fluminense\",\"Niter\u00f3i\",\"Patrulhamento preventivo\",\"prefeitura\",\"Projeto piloto\",\"S\u00e3o Francisco\"],\"articleSection\":[\"Leste Fluminense\",\"Niter\u00f3i\"],\"inLanguage\":\"en-US\",\"potentialAction\":[{\"@type\":\"CommentAction\",\"name\":\"Comment\",\"target\":[\"https:\\\/\\\/folhadoleste.com.br\\\/niteroi-guarda-municipal-inicia-projeto-piloto-de-patrulhamento\\\/#respond\"]}]},{\"@type\":\"WebPage\",\"@id\":\"https:\\\/\\\/folhadoleste.com.br\\\/niteroi-guarda-municipal-inicia-projeto-piloto-de-patrulhamento\\\/\",\"url\":\"https:\\\/\\\/folhadoleste.com.br\\\/niteroi-guarda-municipal-inicia-projeto-piloto-de-patrulhamento\\\/\",\"name\":\"Niter\u00f3i: Guarda Municipal inicia projeto-piloto de patrulhamento &#8226; Folha do Leste\",\"isPartOf\":{\"@id\":\"https:\\\/\\\/folhadoleste.com.br\\\/#website\"},\"primaryImageOfPage\":{\"@id\":\"https:\\\/\\\/folhadoleste.com.br\\\/niteroi-guarda-municipal-inicia-projeto-piloto-de-patrulhamento\\\/#primaryimage\"},\"image\":{\"@id\":\"https:\\\/\\\/folhadoleste.com.br\\\/niteroi-guarda-municipal-inicia-projeto-piloto-de-patrulhamento\\\/#primaryimage\"},\"thumbnailUrl\":\"https:\\\/\\\/folhadoleste.com.br\\\/wp-content\\\/uploads\\\/2024\\\/03\\\/Niteroi-Guarda-Municipal-inicia-projeto-piloto-de-patrulhamento-Foto-Luciana-Carneiro.jpg\",\"datePublished\":\"2024-03-02T02:27:41+00:00\",\"description\":\"A Prefeitura de Niter\u00f3i, por meio da Secretaria Municipal de Ordem P\u00fablica (Seop), deu in\u00edcio nesta sexta-feira (01)...\",\"breadcrumb\":{\"@id\":\"https:\\\/\\\/folhadoleste.com.br\\\/niteroi-guarda-municipal-inicia-projeto-piloto-de-patrulhamento\\\/#breadcrumb\"},\"inLanguage\":\"en-US\",\"potentialAction\":[{\"@type\":\"ReadAction\",\"target\":[\"https:\\\/\\\/folhadoleste.com.br\\\/niteroi-guarda-municipal-inicia-projeto-piloto-de-patrulhamento\\\/\"]}]},{\"@type\":\"ImageObject\",\"inLanguage\":\"en-US\",\"@id\":\"https:\\\/\\\/folhadoleste.com.br\\\/niteroi-guarda-municipal-inicia-projeto-piloto-de-patrulhamento\\\/#primaryimage\",\"url\":\"https:\\\/\\\/folhadoleste.com.br\\\/wp-content\\\/uploads\\\/2024\\\/03\\\/Niteroi-Guarda-Municipal-inicia-projeto-piloto-de-patrulhamento-Foto-Luciana-Carneiro.jpg\",\"contentUrl\":\"https:\\\/\\\/folhadoleste.com.br\\\/wp-content\\\/uploads\\\/2024\\\/03\\\/Niteroi-Guarda-Municipal-inicia-projeto-piloto-de-patrulhamento-Foto-Luciana-Carneiro.jpg\",\"width\":2016,\"height\":1512,\"caption\":\"Foto: Luciana Carneiro\"},{\"@type\":\"BreadcrumbList\",\"@id\":\"https:\\\/\\\/folhadoleste.com.br\\\/niteroi-guarda-municipal-inicia-projeto-piloto-de-patrulhamento\\\/#breadcrumb\",\"itemListElement\":[{\"@type\":\"ListItem\",\"position\":1,\"name\":\"In\u00edcio\",\"item\":\"https:\\\/\\\/folhadoleste.com.br\\\/\"},{\"@type\":\"ListItem\",\"position\":2,\"name\":\"Estado do Rio de Janeiro\",\"item\":\"https:\\\/\\\/folhadoleste.com.br\\\/category\\\/estado-do-rio-de-janeiro\\\/\"},{\"@type\":\"ListItem\",\"position\":3,\"name\":\"Leste Fluminense\",\"item\":\"https:\\\/\\\/folhadoleste.com.br\\\/category\\\/estado-do-rio-de-janeiro\\\/leste-fluminense\\\/\"},{\"@type\":\"ListItem\",\"position\":4,\"name\":\"Niter\u00f3i\",\"item\":\"https:\\\/\\\/folhadoleste.com.br\\\/category\\\/estado-do-rio-de-janeiro\\\/leste-fluminense\\\/noticias-de-niteroi\\\/\"},{\"@type\":\"ListItem\",\"position\":5,\"name\":\"Niter\u00f3i: Guarda Municipal inicia projeto-piloto de patrulhamento\"}]},{\"@type\":\"WebSite\",\"@id\":\"https:\\\/\\\/folhadoleste.com.br\\\/#website\",\"url\":\"https:\\\/\\\/folhadoleste.com.br\\\/\",\"name\":\"Folha do Leste\",\"description\":\"Portal de Not\u00edcias com \u00eanfase em Niter\u00f3i, criando conte\u00fados desde a capital Rio de Janeiro, com olhar para o Leste Fluminense e suas cidades como S\u00e3o Gon\u00e7alo, Itabora\u00ed, Rio Bonito, Maric\u00e1, Saquarema e Araruama\",\"publisher\":{\"@id\":\"https:\\\/\\\/folhadoleste.com.br\\\/#organization\"},\"alternateName\":\"FL\",\"potentialAction\":[{\"@type\":\"SearchAction\",\"target\":{\"@type\":\"EntryPoint\",\"urlTemplate\":\"https:\\\/\\\/folhadoleste.com.br\\\/?s={search_term_string}\"},\"query-input\":{\"@type\":\"PropertyValueSpecification\",\"valueRequired\":true,\"valueName\":\"search_term_string\"}}],\"inLanguage\":\"en-US\"},{\"@type\":\"Organization\",\"@id\":\"https:\\\/\\\/folhadoleste.com.br\\\/#organization\",\"name\":\"Brasil 21 Comunica\u00e7\u00e3o\",\"alternateName\":\"BR21\",\"url\":\"https:\\\/\\\/folhadoleste.com.br\\\/\",\"logo\":{\"@type\":\"ImageObject\",\"inLanguage\":\"en-US\",\"@id\":\"https:\\\/\\\/folhadoleste.com.br\\\/#\\\/schema\\\/logo\\\/image\\\/\",\"url\":\"https:\\\/\\\/folhadoleste.com.br\\\/wp-content\\\/uploads\\\/2025\\\/12\\\/brasil-21-logomarca.avif\",\"contentUrl\":\"https:\\\/\\\/folhadoleste.com.br\\\/wp-content\\\/uploads\\\/2025\\\/12\\\/brasil-21-logomarca.avif\",\"width\":1044,\"height\":1044,\"caption\":\"Brasil 21 Comunica\u00e7\u00e3o\"},\"image\":{\"@id\":\"https:\\\/\\\/folhadoleste.com.br\\\/#\\\/schema\\\/logo\\\/image\\\/\"},\"sameAs\":[\"https:\\\/\\\/www.facebook.com\\\/folhadoleste\",\"https:\\\/\\\/x.com\\\/FolhadoLesteRJ\",\"https:\\\/\\\/www.instagram.com\\\/folhadoleste\\\/\"]},{\"@type\":\"Person\",\"@id\":\"https:\\\/\\\/folhadoleste.com.br\\\/#\\\/schema\\\/person\\\/3e97145b2e1861276e84471aa85a3899\",\"name\":\"Folha do Leste\",\"image\":{\"@type\":\"ImageObject\",\"inLanguage\":\"en-US\",\"@id\":\"https:\\\/\\\/folhadoleste.com.br\\\/wp-content\\\/litespeed\\\/avatar\\\/1ca8c218432e7045e748610eb3db0259.jpg?ver=1777161142\",\"url\":\"https:\\\/\\\/folhadoleste.com.br\\\/wp-content\\\/litespeed\\\/avatar\\\/1ca8c218432e7045e748610eb3db0259.jpg?ver=1777161142\",\"contentUrl\":\"https:\\\/\\\/folhadoleste.com.br\\\/wp-content\\\/litespeed\\\/avatar\\\/1ca8c218432e7045e748610eb3db0259.jpg?ver=1777161142\",\"caption\":\"Folha do Leste\"},\"url\":\"https:\\\/\\\/folhadoleste.com.br\\\/en\\\/author\\\/reportagem-01\\\/\"}]}<\/script>\n<!-- \/ Yoast SEO plugin. -->","yoast_head_json":{"title":"Niter\u00f3i: Guarda Municipal inicia projeto-piloto de patrulhamento &#8226; Folha do Leste","description":"A Prefeitura de Niter\u00f3i, por meio da Secretaria Municipal de Ordem P\u00fablica (Seop), deu in\u00edcio nesta sexta-feira (01)...","robots":{"index":"index","follow":"follow","max-snippet":"max-snippet:-1","max-image-preview":"max-image-preview:large","max-video-preview":"max-video-preview:-1"},"canonical":"https:\/\/folhadoleste.com.br\/en\/niteroi-guarda-municipal-inicia-projeto-piloto-de-patrulhamento\/","og_locale":"en_US","og_type":"article","og_title":"Niter\u00f3i: Guarda Municipal inicia projeto-piloto de patrulhamento &#8226; Folha do Leste","og_description":"Niter\u00f3i &#8226; Folha do Leste","og_url":"https:\/\/folhadoleste.com.br\/en\/niteroi-guarda-municipal-inicia-projeto-piloto-de-patrulhamento\/","og_site_name":"Folha do Leste","article_publisher":"https:\/\/www.facebook.com\/folhadoleste","article_published_time":"2024-03-02T02:27:41+00:00","og_image":[{"width":2016,"height":1512,"url":"https:\/\/folhadoleste.com.br\/wp-content\/uploads\/2024\/03\/Niteroi-Guarda-Municipal-inicia-projeto-piloto-de-patrulhamento-Foto-Luciana-Carneiro.jpg","type":"image\/jpeg"}],"author":"Folha do Leste","twitter_card":"summary_large_image","twitter_creator":"@FolhadoLesteRJ","twitter_site":"@FolhadoLesteRJ","twitter_misc":{"Written by":"Folha do Leste","Est. reading time":"4 minutes"},"schema":{"@context":"https:\/\/schema.org","@graph":[{"@type":"NewsArticle","@id":"https:\/\/folhadoleste.com.br\/niteroi-guarda-municipal-inicia-projeto-piloto-de-patrulhamento\/#article","isPartOf":{"@id":"https:\/\/folhadoleste.com.br\/niteroi-guarda-municipal-inicia-projeto-piloto-de-patrulhamento\/"},"author":{"name":"Folha do Leste","@id":"https:\/\/folhadoleste.com.br\/#\/schema\/person\/3e97145b2e1861276e84471aa85a3899"},"headline":"Niter\u00f3i: Guarda Municipal inicia projeto-piloto de patrulhamento","datePublished":"2024-03-02T02:27:41+00:00","mainEntityOfPage":{"@id":"https:\/\/folhadoleste.com.br\/niteroi-guarda-municipal-inicia-projeto-piloto-de-patrulhamento\/"},"wordCount":615,"commentCount":0,"publisher":{"@id":"https:\/\/folhadoleste.com.br\/#organization"},"image":{"@id":"https:\/\/folhadoleste.com.br\/niteroi-guarda-municipal-inicia-projeto-piloto-de-patrulhamento\/#primaryimage"},"thumbnailUrl":"https:\/\/folhadoleste.com.br\/wp-content\/uploads\/2024\/03\/Niteroi-Guarda-Municipal-inicia-projeto-piloto-de-patrulhamento-Foto-Luciana-Carneiro.jpg","keywords":["Guarda Civil","guarda municipal","Leste Fluminense","Niter\u00f3i","Patrulhamento preventivo","prefeitura","Projeto piloto","S\u00e3o Francisco"],"articleSection":["Leste Fluminense","Niter\u00f3i"],"inLanguage":"en-US","potentialAction":[{"@type":"CommentAction","name":"Comment","target":["https:\/\/folhadoleste.com.br\/niteroi-guarda-municipal-inicia-projeto-piloto-de-patrulhamento\/#respond"]}]},{"@type":"WebPage","@id":"https:\/\/folhadoleste.com.br\/niteroi-guarda-municipal-inicia-projeto-piloto-de-patrulhamento\/","url":"https:\/\/folhadoleste.com.br\/niteroi-guarda-municipal-inicia-projeto-piloto-de-patrulhamento\/","name":"Niter\u00f3i: Guarda Municipal inicia projeto-piloto de patrulhamento &#8226; Folha do Leste","isPartOf":{"@id":"https:\/\/folhadoleste.com.br\/#website"},"primaryImageOfPage":{"@id":"https:\/\/folhadoleste.com.br\/niteroi-guarda-municipal-inicia-projeto-piloto-de-patrulhamento\/#primaryimage"},"image":{"@id":"https:\/\/folhadoleste.com.br\/niteroi-guarda-municipal-inicia-projeto-piloto-de-patrulhamento\/#primaryimage"},"thumbnailUrl":"https:\/\/folhadoleste.com.br\/wp-content\/uploads\/2024\/03\/Niteroi-Guarda-Municipal-inicia-projeto-piloto-de-patrulhamento-Foto-Luciana-Carneiro.jpg","datePublished":"2024-03-02T02:27:41+00:00","description":"A Prefeitura de Niter\u00f3i, por meio da Secretaria Municipal de Ordem P\u00fablica (Seop), deu in\u00edcio nesta sexta-feira (01)...","breadcrumb":{"@id":"https:\/\/folhadoleste.com.br\/niteroi-guarda-municipal-inicia-projeto-piloto-de-patrulhamento\/#breadcrumb"},"inLanguage":"en-US","potentialAction":[{"@type":"ReadAction","target":["https:\/\/folhadoleste.com.br\/niteroi-guarda-municipal-inicia-projeto-piloto-de-patrulhamento\/"]}]},{"@type":"ImageObject","inLanguage":"en-US","@id":"https:\/\/folhadoleste.com.br\/niteroi-guarda-municipal-inicia-projeto-piloto-de-patrulhamento\/#primaryimage","url":"https:\/\/folhadoleste.com.br\/wp-content\/uploads\/2024\/03\/Niteroi-Guarda-Municipal-inicia-projeto-piloto-de-patrulhamento-Foto-Luciana-Carneiro.jpg","contentUrl":"https:\/\/folhadoleste.com.br\/wp-content\/uploads\/2024\/03\/Niteroi-Guarda-Municipal-inicia-projeto-piloto-de-patrulhamento-Foto-Luciana-Carneiro.jpg","width":2016,"height":1512,"caption":"Foto: Luciana Carneiro"},{"@type":"BreadcrumbList","@id":"https:\/\/folhadoleste.com.br\/niteroi-guarda-municipal-inicia-projeto-piloto-de-patrulhamento\/#breadcrumb","itemListElement":[{"@type":"ListItem","position":1,"name":"In\u00edcio","item":"https:\/\/folhadoleste.com.br\/"},{"@type":"ListItem","position":2,"name":"Estado do Rio de Janeiro","item":"https:\/\/folhadoleste.com.br\/category\/estado-do-rio-de-janeiro\/"},{"@type":"ListItem","position":3,"name":"Leste Fluminense","item":"https:\/\/folhadoleste.com.br\/category\/estado-do-rio-de-janeiro\/leste-fluminense\/"},{"@type":"ListItem","position":4,"name":"Niter\u00f3i","item":"https:\/\/folhadoleste.com.br\/category\/estado-do-rio-de-janeiro\/leste-fluminense\/noticias-de-niteroi\/"},{"@type":"ListItem","position":5,"name":"Niter\u00f3i: Guarda Municipal inicia projeto-piloto de patrulhamento"}]},{"@type":"WebSite","@id":"https:\/\/folhadoleste.com.br\/#website","url":"https:\/\/folhadoleste.com.br\/","name":"Folha do Leste","description":"Portal de Not\u00edcias com \u00eanfase em Niter\u00f3i, criando conte\u00fados desde a capital Rio de Janeiro, com olhar para o Leste Fluminense e suas cidades como S\u00e3o Gon\u00e7alo, Itabora\u00ed, Rio Bonito, Maric\u00e1, Saquarema e Araruama","publisher":{"@id":"https:\/\/folhadoleste.com.br\/#organization"},"alternateName":"FL","potentialAction":[{"@type":"SearchAction","target":{"@type":"EntryPoint","urlTemplate":"https:\/\/folhadoleste.com.br\/?s={search_term_string}"},"query-input":{"@type":"PropertyValueSpecification","valueRequired":true,"valueName":"search_term_string"}}],"inLanguage":"en-US"},{"@type":"Organization","@id":"https:\/\/folhadoleste.com.br\/#organization","name":"Brasil 21 Comunica\u00e7\u00e3o","alternateName":"BR21","url":"https:\/\/folhadoleste.com.br\/","logo":{"@type":"ImageObject","inLanguage":"en-US","@id":"https:\/\/folhadoleste.com.br\/#\/schema\/logo\/image\/","url":"https:\/\/folhadoleste.com.br\/wp-content\/uploads\/2025\/12\/brasil-21-logomarca.avif","contentUrl":"https:\/\/folhadoleste.com.br\/wp-content\/uploads\/2025\/12\/brasil-21-logomarca.avif","width":1044,"height":1044,"caption":"Brasil 21 Comunica\u00e7\u00e3o"},"image":{"@id":"https:\/\/folhadoleste.com.br\/#\/schema\/logo\/image\/"},"sameAs":["https:\/\/www.facebook.com\/folhadoleste","https:\/\/x.com\/FolhadoLesteRJ","https:\/\/www.instagram.com\/folhadoleste\/"]},{"@type":"Person","@id":"https:\/\/folhadoleste.com.br\/#\/schema\/person\/3e97145b2e1861276e84471aa85a3899","name":"Folha do Leste","image":{"@type":"ImageObject","inLanguage":"en-US","@id":"https:\/\/folhadoleste.com.br\/wp-content\/litespeed\/avatar\/1ca8c218432e7045e748610eb3db0259.jpg?ver=1777161142","url":"https:\/\/folhadoleste.com.br\/wp-content\/litespeed\/avatar\/1ca8c218432e7045e748610eb3db0259.jpg?ver=1777161142","contentUrl":"https:\/\/folhadoleste.com.br\/wp-content\/litespeed\/avatar\/1ca8c218432e7045e748610eb3db0259.jpg?ver=1777161142","caption":"Folha do Leste"},"url":"https:\/\/folhadoleste.com.br\/en\/author\/reportagem-01\/"}]}},"_links":{"self":[{"href":"https:\/\/folhadoleste.com.br\/en\/wp-json\/wp\/v2\/posts\/53875","targetHints":{"allow":["GET"]}}],"collection":[{"href":"https:\/\/folhadoleste.com.br\/en\/wp-json\/wp\/v2\/posts"}],"about":[{"href":"https:\/\/folhadoleste.com.br\/en\/wp-json\/wp\/v2\/types\/post"}],"author":[{"embeddable":true,"href":"https:\/\/folhadoleste.com.br\/en\/wp-json\/wp\/v2\/users\/4"}],"replies":[{"embeddable":true,"href":"https:\/\/folhadoleste.com.br\/en\/wp-json\/wp\/v2\/comments?post=53875"}],"version-history":[{"count":1,"href":"https:\/\/folhadoleste.com.br\/en\/wp-json\/wp\/v2\/posts\/53875\/revisions"}],"predecessor-version":[{"id":53882,"href":"https:\/\/folhadoleste.com.br\/en\/wp-json\/wp\/v2\/posts\/53875\/revisions\/53882"}],"wp:featuredmedia":[{"embeddable":true,"href":"https:\/\/folhadoleste.com.br\/en\/wp-json\/wp\/v2\/media\/53880"}],"wp:attachment":[{"href":"https:\/\/folhadoleste.com.br\/en\/wp-json\/wp\/v2\/media?parent=53875"}],"wp:term":[{"taxonomy":"category","embeddable":true,"href":"https:\/\/folhadoleste.com.br\/en\/wp-json\/wp\/v2\/categories?post=53875"},{"taxonomy":"post_tag","embeddable":true,"href":"https:\/\/folhadoleste.com.br\/en\/wp-json\/wp\/v2\/tags?post=53875"}],"curies":[{"name":"wp","href":"https:\/\/api.w.org\/{rel}","templated":true}]}}