{"id":53453,"date":"2024-02-29T08:34:31","date_gmt":"2024-02-29T11:34:31","guid":{"rendered":"https:\/\/folhadoleste.com.br\/?p=53453"},"modified":"2024-02-29T08:34:31","modified_gmt":"2024-02-29T11:34:31","slug":"marica-amplia-itinerario-dos-onibus-tarifa-zero","status":"publish","type":"post","link":"https:\/\/folhadoleste.com.br\/en\/marica-amplia-itinerario-dos-onibus-tarifa-zero\/","title":{"rendered":"Maric\u00e1 amplia itiner\u00e1rio dos \u00f4nibus Tarifa Zero"},"content":{"rendered":"<div id=\"attachment_53455\" style=\"width: 1546px\" class=\"wp-caption aligncenter\"><img decoding=\"async\" aria-describedby=\"caption-attachment-53455\" class=\"wp-image-53455 size-full\" src=\"https:\/\/folhadoleste.com.br\/wp-content\/uploads\/2024\/02\/WhatsApp-Image-2024-02-26-at-18.34.02-1536x1193-1.jpeg\" alt=\"\" width=\"1536\" height=\"1193\" \/><p id=\"caption-attachment-53455\" class=\"wp-caption-text\">Cr\u00e9ditos: Divulga\u00e7\u00e3o<\/p><\/div>\n<p>A partir da pr\u00f3xima segunda-feira (04\/03), a Prefeitura de Maric\u00e1, por meio da Empresa P\u00fablica de Transportes (EPT), lan\u00e7ar\u00e1 dois novos itiner\u00e1rios de \u00f4nibus Tarifa Zero em resposta \u00e0s demandas registradas nos canais de Ouvidoria da EPT e em conformidade com as regulamenta\u00e7\u00f5es da Secretaria Municipal de Transportes. As novas linhas, denominadas E08A (Centro x Jacaro\u00e1 via Amizade\/via Campo) e E09A (Centro x Guaratiba via Caju\/Interlagos\/Rua Cento e Dez), visam aprimorar o sistema de transporte p\u00fablico gratuito da cidade.<\/p>\n<p>O presidente da EPT, Celso Haddad, expressou sua satisfa\u00e7\u00e3o com a expans\u00e3o do sistema, afirmando que a medida reflete o compromisso da autarquia em garantir o acesso universal e gratuito ao transporte p\u00fablico para todos os cidad\u00e3os de Maric\u00e1.<\/p>\n<p>A gratuidade do transporte p\u00fablico em Maric\u00e1 \u00e9 considerada um direito fundamental, assegurando o acesso \u00e0 cidade e \u00e0 cidadania para todos os mun\u00edcipes. A EPT reiterou seu compromisso em fornecer um servi\u00e7o de transporte p\u00fablico eficiente, acess\u00edvel e de qualidade para toda a popula\u00e7\u00e3o.<\/p>\n<h5>Itiner\u00e1rios das novas linhas:<\/h5>\n<p>E08A \u2013 Centro x Jacaro\u00e1 (via Amizade\/via Campo):<\/p>\n<h5>Ida:<\/h5>\n<p>Rodovi\u00e1ria \u2013 Av. Roberto Silveira \u2013 Rua Abreu Sodr\u00e9 \u2013 Rua Abreu Rangel \u2013 Rua Dom\u00edcio da Gama \u2013 Rua Padre Arlindo Vieira \u2013 Rua Cl\u00edmaco Pereira \u2013 Rua Prefeito Joaquim Mendes \u2013 Rua Ant\u00f4nio Gomes \u2013 Rua Reginaldo G. da Fonseca \u2013 Avenida Tr\u00eas \u2013 Rua Prefeito Joaquim Mendes \u2013 Estrada de Jacaro\u00e1 \u2013 Pra\u00e7a do Nen\u00e9m \u2013 Estrada Zilto Monteiro de Abreu \u2013 Campo do Caju.<\/p>\n<h5>Volta:<\/h5>\n<p>Av. Nero da Silva Bittencourt \u2013 Rua Ov\u00eddio Souza \u2013 Estrada de Jacaro\u00e1 \u2013 Rua Prefeito Joaquim Mendes \u2013 Avenida Tr\u00eas \u2013 Rua Reginaldo G. da Fonseca \u2013 Rua Ant\u00f4nio Gomes \u2013 Rua Prefeito Joaquim Mendes \u2013 Rua Soares de Souza \u2013 Rua Ari Spindola \u2013 Av. Roberto Silveira \u2013 Rodovi\u00e1ria.<\/p>\n<h5>Hor\u00e1rios:<\/h5>\n<p>Sa\u00eddas da Rodovi\u00e1ria: 06:10; 07:10; 08:10; 11:10; 12:20; 13:20; 16:20; 17:20; 18:20<br \/>\nSa\u00eddas do Bairro: 06:35; 07:35; 08:35; 11:35; 12:45; 13:45; 16:45; 17:45; 18:45<\/p>\n<p>E09A \u2013 Centro x Guaratiba (via Caju\/Interlagos\/Rua Cento e Dez):<\/p>\n<h5>Ida:<\/h5>\n<p>Rodovi\u00e1ria \u2013 Av. Roberto Silveira \u2013 Rua Abreu Sodr\u00e9 \u2013 Rua Abreu Rangel \u2013 Rua Dom\u00edcio da Gama \u2013 Rua Padre Arlindo Vieira \u2013 Rua Cl\u00edmaco Pereira \u2013 Rua Prefeito Joaquim Mendes \u2013 Estrada do Jacaro\u00e1 \u2013 Pra\u00e7a do Nen\u00e9m \u2013 Estrada Zilto Monteiro de Abreu \u2013 Estrada do Caju \u2013 Estrada da Gamboa \u2013 Av. Um loteamento Jardim Interlagos (sentido Ponte Preta) \u2013 Rua Cento e Dez \u2013 Av. Um (Beira da Lagoa \u2013 lado leste) \u2013 Estrada da Ponte Negra \u2013 Estrada da Lagoa \u2013 Av. Alziro Rodrigues de Moura \u2013 Av. Fabiano Ferreira dos Santos Medeiros \u2013 Rua Dois \u2013 Av. Reginaldo Zeidan \u2013 Estrada Beira da Lagoa \u2013 Rua 32 \u2013 Av. Maysa.<\/p>\n<h5>Volta:<\/h5>\n<p>Av. Maysa \u2013 Rua 56 \u2013 Estrada Beira da Lagoa \u2013 Estrada da Ponte Negra \u2013 Av. Um, loteamento Jardim Interlagos (sentido Centro) \u2013 Estrada da Gamboa \u2013 Estrada do Caju \u2013 Estrada Zilto Monteiro de Abreu \u2013 Pra\u00e7a do Nen\u00e9m \u2013 Estrada do Jacaro\u00e1 \u2013 Rua Prefeito Joaquim Mendes \u2013 Rua Soares de Souza \u2013 Rua Ari Spindola \u2013 Av. Roberto Silveira \u2013 Rodovi\u00e1ria.<\/p>\n<h5>Hor\u00e1rios:<\/h5>\n<p>Sa\u00eddas da Rodovi\u00e1ria: 04:00; 05:30; 07:15; 09:00; 11:00; 13:00; 15:00; 17:00; 19:00; 21:00; 23:00<\/p>\n<p>Sa\u00eddas do Bairro: 04:30; 06:10; 07:50; 09:50; 11:50; 13:50; 15:50; 17:50; 19:50; 21:50; 23:40<\/p>\n<div class=\"single-content__wrap\">\n<div class=\"single-content__wrap\">\n<p><a href=\"https:\/\/www.instagram.com\/folhadoleste\/\"><img decoding=\"async\" class=\"aligncenter wp-image-15962\" src=\"https:\/\/folhadoleste.com.br\/wp-content\/uploads\/2023\/07\/instagram.jpg.webp\" alt=\"Itaipu-Itaipua\u00e7u: Caminh\u00e3o causa grave acidente na RJ-102, a estrada da Serrinha\" width=\"49\" height=\"49\" \/><\/a><img decoding=\"async\" class=\"aligncenter wp-image-7424\" src=\"https:\/\/folhadoleste.com.br\/wp-content\/uploads\/2023\/05\/facebook-logo-3-1.png.webp\" alt=\"Itaipu-Itaipua\u00e7u: Caminh\u00e3o causa grave acidente na RJ-102, a estrada da Serrinha\" width=\"49\" height=\"49\" \/><\/p>\n<\/div>\n<\/div>","protected":false},"excerpt":{"rendered":"<p>A partir da pr\u00f3xima segunda-feira (04\/03), a Prefeitura de Maric\u00e1, por meio da Empresa P\u00fablica de Transportes (EPT), lan\u00e7ar\u00e1 dois novos itiner\u00e1rios de \u00f4nibus Tarifa Zero em resposta \u00e0s demandas registradas nos canais de Ouvidoria da EPT e em conformidade com as regulamenta\u00e7\u00f5es da Secretaria Municipal de Transportes. As novas linhas, denominadas E08A (Centro x Jacaro\u00e1 via Amizade\/via Campo) e E09A (Centro x Guaratiba via Caju\/Interlagos\/Rua Cento e Dez), visam aprimorar o sistema de transporte p\u00fablico gratuito da cidade. O presidente da EPT, Celso Haddad, expressou sua satisfa\u00e7\u00e3o com a expans\u00e3o do sistema, afirmando que a medida reflete o compromisso [&hellip;]<\/p>\n","protected":false},"author":20,"featured_media":53455,"comment_status":"open","ping_status":"open","sticky":false,"template":"","format":"standard","meta":{"footnotes":""},"categories":[47,87],"tags":[13987,56,184,8075,185,331,6790],"class_list":["post-53453","post","type-post","status-publish","format-standard","has-post-thumbnail","hentry","category-leste-fluminense","category-marica","tag-itinerario","tag-marica","tag-onibus","tag-tarifa-zero","tag-transporte","tag-veiculo","tag-vermelhinho","post--single"],"yoast_head":"<!-- This site is optimized with the Yoast SEO plugin v27.4 - https:\/\/yoast.com\/product\/yoast-seo-wordpress\/ -->\n<title>Maric\u00e1 amplia itiner\u00e1rio dos \u00f4nibus Tarifa Zero &#8226; Folha do Leste<\/title>\n<meta name=\"description\" content=\"A partir da pr\u00f3xima segunda-feira (04\/03), a Prefeitura de Maric\u00e1, por meio da Empresa P\u00fablica de Transportes (EPT).\" \/>\n<meta name=\"robots\" content=\"index, follow, max-snippet:-1, max-image-preview:large, max-video-preview:-1\" \/>\n<link rel=\"canonical\" href=\"https:\/\/folhadoleste.com.br\/en\/marica-amplia-itinerario-dos-onibus-tarifa-zero\/\" \/>\n<meta property=\"og:locale\" content=\"en_US\" \/>\n<meta property=\"og:type\" content=\"article\" \/>\n<meta property=\"og:title\" content=\"Maric\u00e1 amplia itiner\u00e1rio dos \u00f4nibus Tarifa Zero &#8226; Folha do Leste\" \/>\n<meta property=\"og:description\" content=\"Leste Fluminense &#8226; Folha do Leste\" \/>\n<meta property=\"og:url\" content=\"https:\/\/folhadoleste.com.br\/en\/marica-amplia-itinerario-dos-onibus-tarifa-zero\/\" \/>\n<meta property=\"og:site_name\" content=\"Folha do Leste\" \/>\n<meta property=\"article:publisher\" content=\"https:\/\/www.facebook.com\/folhadoleste\" \/>\n<meta property=\"article:published_time\" content=\"2024-02-29T11:34:31+00:00\" \/>\n<meta property=\"og:image\" content=\"https:\/\/folhadoleste.com.br\/wp-content\/uploads\/2024\/02\/WhatsApp-Image-2024-02-26-at-18.34.02-1536x1193-1.jpeg\" \/>\n\t<meta property=\"og:image:width\" content=\"1536\" \/>\n\t<meta property=\"og:image:height\" content=\"1193\" \/>\n\t<meta property=\"og:image:type\" content=\"image\/jpeg\" \/>\n<meta name=\"author\" content=\"Aline Cardoso\" \/>\n<meta name=\"twitter:card\" content=\"summary_large_image\" \/>\n<meta name=\"twitter:creator\" content=\"@FolhadoLesteRJ\" \/>\n<meta name=\"twitter:site\" content=\"@FolhadoLesteRJ\" \/>\n<meta name=\"twitter:label1\" content=\"Written by\" \/>\n\t<meta name=\"twitter:data1\" content=\"Aline Cardoso\" \/>\n\t<meta name=\"twitter:label2\" content=\"Est. reading time\" \/>\n\t<meta name=\"twitter:data2\" content=\"4 minutes\" \/>\n<script type=\"application\/ld+json\" class=\"yoast-schema-graph\">{\"@context\":\"https:\\\/\\\/schema.org\",\"@graph\":[{\"@type\":\"NewsArticle\",\"@id\":\"https:\\\/\\\/folhadoleste.com.br\\\/marica-amplia-itinerario-dos-onibus-tarifa-zero\\\/#article\",\"isPartOf\":{\"@id\":\"https:\\\/\\\/folhadoleste.com.br\\\/marica-amplia-itinerario-dos-onibus-tarifa-zero\\\/\"},\"author\":{\"name\":\"Aline Cardoso\",\"@id\":\"https:\\\/\\\/folhadoleste.com.br\\\/#\\\/schema\\\/person\\\/8a7ae93d6db16fac63c612c1c1ec607c\"},\"headline\":\"Maric\u00e1 amplia itiner\u00e1rio dos \u00f4nibus Tarifa Zero\",\"datePublished\":\"2024-02-29T11:34:31+00:00\",\"mainEntityOfPage\":{\"@id\":\"https:\\\/\\\/folhadoleste.com.br\\\/marica-amplia-itinerario-dos-onibus-tarifa-zero\\\/\"},\"wordCount\":504,\"commentCount\":0,\"publisher\":{\"@id\":\"https:\\\/\\\/folhadoleste.com.br\\\/#organization\"},\"image\":{\"@id\":\"https:\\\/\\\/folhadoleste.com.br\\\/marica-amplia-itinerario-dos-onibus-tarifa-zero\\\/#primaryimage\"},\"thumbnailUrl\":\"https:\\\/\\\/folhadoleste.com.br\\\/wp-content\\\/uploads\\\/2024\\\/02\\\/WhatsApp-Image-2024-02-26-at-18.34.02-1536x1193-1.jpeg\",\"keywords\":[\"itiner\u00e1rio\",\"Maric\u00e1\",\"\u00f4nibus\",\"Tarifa Zero\",\"transporte\",\"ve\u00edculo\",\"Vermelhinho\"],\"articleSection\":[\"Leste Fluminense\",\"Maric\u00e1\"],\"inLanguage\":\"en-US\",\"potentialAction\":[{\"@type\":\"CommentAction\",\"name\":\"Comment\",\"target\":[\"https:\\\/\\\/folhadoleste.com.br\\\/marica-amplia-itinerario-dos-onibus-tarifa-zero\\\/#respond\"]}]},{\"@type\":\"WebPage\",\"@id\":\"https:\\\/\\\/folhadoleste.com.br\\\/marica-amplia-itinerario-dos-onibus-tarifa-zero\\\/\",\"url\":\"https:\\\/\\\/folhadoleste.com.br\\\/marica-amplia-itinerario-dos-onibus-tarifa-zero\\\/\",\"name\":\"Maric\u00e1 amplia itiner\u00e1rio dos \u00f4nibus Tarifa Zero &#8226; Folha do Leste\",\"isPartOf\":{\"@id\":\"https:\\\/\\\/folhadoleste.com.br\\\/#website\"},\"primaryImageOfPage\":{\"@id\":\"https:\\\/\\\/folhadoleste.com.br\\\/marica-amplia-itinerario-dos-onibus-tarifa-zero\\\/#primaryimage\"},\"image\":{\"@id\":\"https:\\\/\\\/folhadoleste.com.br\\\/marica-amplia-itinerario-dos-onibus-tarifa-zero\\\/#primaryimage\"},\"thumbnailUrl\":\"https:\\\/\\\/folhadoleste.com.br\\\/wp-content\\\/uploads\\\/2024\\\/02\\\/WhatsApp-Image-2024-02-26-at-18.34.02-1536x1193-1.jpeg\",\"datePublished\":\"2024-02-29T11:34:31+00:00\",\"description\":\"A partir da pr\u00f3xima segunda-feira (04\\\/03), a Prefeitura de Maric\u00e1, por meio da Empresa P\u00fablica de Transportes (EPT).\",\"breadcrumb\":{\"@id\":\"https:\\\/\\\/folhadoleste.com.br\\\/marica-amplia-itinerario-dos-onibus-tarifa-zero\\\/#breadcrumb\"},\"inLanguage\":\"en-US\",\"potentialAction\":[{\"@type\":\"ReadAction\",\"target\":[\"https:\\\/\\\/folhadoleste.com.br\\\/marica-amplia-itinerario-dos-onibus-tarifa-zero\\\/\"]}]},{\"@type\":\"ImageObject\",\"inLanguage\":\"en-US\",\"@id\":\"https:\\\/\\\/folhadoleste.com.br\\\/marica-amplia-itinerario-dos-onibus-tarifa-zero\\\/#primaryimage\",\"url\":\"https:\\\/\\\/folhadoleste.com.br\\\/wp-content\\\/uploads\\\/2024\\\/02\\\/WhatsApp-Image-2024-02-26-at-18.34.02-1536x1193-1.jpeg\",\"contentUrl\":\"https:\\\/\\\/folhadoleste.com.br\\\/wp-content\\\/uploads\\\/2024\\\/02\\\/WhatsApp-Image-2024-02-26-at-18.34.02-1536x1193-1.jpeg\",\"width\":1536,\"height\":1193,\"caption\":\"Cr\u00e9ditos: Divulga\u00e7\u00e3o\"},{\"@type\":\"BreadcrumbList\",\"@id\":\"https:\\\/\\\/folhadoleste.com.br\\\/marica-amplia-itinerario-dos-onibus-tarifa-zero\\\/#breadcrumb\",\"itemListElement\":[{\"@type\":\"ListItem\",\"position\":1,\"name\":\"In\u00edcio\",\"item\":\"https:\\\/\\\/folhadoleste.com.br\\\/\"},{\"@type\":\"ListItem\",\"position\":2,\"name\":\"Estado do Rio de Janeiro\",\"item\":\"https:\\\/\\\/folhadoleste.com.br\\\/category\\\/estado-do-rio-de-janeiro\\\/\"},{\"@type\":\"ListItem\",\"position\":3,\"name\":\"Leste Fluminense\",\"item\":\"https:\\\/\\\/folhadoleste.com.br\\\/category\\\/estado-do-rio-de-janeiro\\\/leste-fluminense\\\/\"},{\"@type\":\"ListItem\",\"position\":4,\"name\":\"Maric\u00e1 amplia itiner\u00e1rio dos \u00f4nibus Tarifa Zero\"}]},{\"@type\":\"WebSite\",\"@id\":\"https:\\\/\\\/folhadoleste.com.br\\\/#website\",\"url\":\"https:\\\/\\\/folhadoleste.com.br\\\/\",\"name\":\"Folha do Leste\",\"description\":\"Portal de Not\u00edcias com \u00eanfase em Niter\u00f3i, criando conte\u00fados desde a capital Rio de Janeiro, com olhar para o Leste Fluminense e suas cidades como S\u00e3o Gon\u00e7alo, Itabora\u00ed, Rio Bonito, Maric\u00e1, Saquarema e Araruama\",\"publisher\":{\"@id\":\"https:\\\/\\\/folhadoleste.com.br\\\/#organization\"},\"alternateName\":\"FL\",\"potentialAction\":[{\"@type\":\"SearchAction\",\"target\":{\"@type\":\"EntryPoint\",\"urlTemplate\":\"https:\\\/\\\/folhadoleste.com.br\\\/?s={search_term_string}\"},\"query-input\":{\"@type\":\"PropertyValueSpecification\",\"valueRequired\":true,\"valueName\":\"search_term_string\"}}],\"inLanguage\":\"en-US\"},{\"@type\":\"Organization\",\"@id\":\"https:\\\/\\\/folhadoleste.com.br\\\/#organization\",\"name\":\"Brasil 21 Comunica\u00e7\u00e3o\",\"alternateName\":\"BR21\",\"url\":\"https:\\\/\\\/folhadoleste.com.br\\\/\",\"logo\":{\"@type\":\"ImageObject\",\"inLanguage\":\"en-US\",\"@id\":\"https:\\\/\\\/folhadoleste.com.br\\\/#\\\/schema\\\/logo\\\/image\\\/\",\"url\":\"https:\\\/\\\/folhadoleste.com.br\\\/wp-content\\\/uploads\\\/2025\\\/12\\\/brasil-21-logomarca.avif\",\"contentUrl\":\"https:\\\/\\\/folhadoleste.com.br\\\/wp-content\\\/uploads\\\/2025\\\/12\\\/brasil-21-logomarca.avif\",\"width\":1044,\"height\":1044,\"caption\":\"Brasil 21 Comunica\u00e7\u00e3o\"},\"image\":{\"@id\":\"https:\\\/\\\/folhadoleste.com.br\\\/#\\\/schema\\\/logo\\\/image\\\/\"},\"sameAs\":[\"https:\\\/\\\/www.facebook.com\\\/folhadoleste\",\"https:\\\/\\\/x.com\\\/FolhadoLesteRJ\",\"https:\\\/\\\/www.instagram.com\\\/folhadoleste\\\/\"]},{\"@type\":\"Person\",\"@id\":\"https:\\\/\\\/folhadoleste.com.br\\\/#\\\/schema\\\/person\\\/8a7ae93d6db16fac63c612c1c1ec607c\",\"name\":\"Aline Cardoso\",\"image\":{\"@type\":\"ImageObject\",\"inLanguage\":\"en-US\",\"@id\":\"https:\\\/\\\/folhadoleste.com.br\\\/wp-content\\\/litespeed\\\/avatar\\\/7a80fcd932dbdfaac31d3bc42bc19e98.jpg?ver=1777161231\",\"url\":\"https:\\\/\\\/folhadoleste.com.br\\\/wp-content\\\/litespeed\\\/avatar\\\/7a80fcd932dbdfaac31d3bc42bc19e98.jpg?ver=1777161231\",\"contentUrl\":\"https:\\\/\\\/folhadoleste.com.br\\\/wp-content\\\/litespeed\\\/avatar\\\/7a80fcd932dbdfaac31d3bc42bc19e98.jpg?ver=1777161231\",\"caption\":\"Aline Cardoso\"},\"url\":\"https:\\\/\\\/folhadoleste.com.br\\\/en\\\/author\\\/aline-cardoso\\\/\"}]}<\/script>\n<!-- \/ Yoast SEO plugin. -->","yoast_head_json":{"title":"Maric\u00e1 amplia itiner\u00e1rio dos \u00f4nibus Tarifa Zero &#8226; Folha do Leste","description":"A partir da pr\u00f3xima segunda-feira (04\/03), a Prefeitura de Maric\u00e1, por meio da Empresa P\u00fablica de Transportes (EPT).","robots":{"index":"index","follow":"follow","max-snippet":"max-snippet:-1","max-image-preview":"max-image-preview:large","max-video-preview":"max-video-preview:-1"},"canonical":"https:\/\/folhadoleste.com.br\/en\/marica-amplia-itinerario-dos-onibus-tarifa-zero\/","og_locale":"en_US","og_type":"article","og_title":"Maric\u00e1 amplia itiner\u00e1rio dos \u00f4nibus Tarifa Zero &#8226; Folha do Leste","og_description":"Leste Fluminense &#8226; Folha do Leste","og_url":"https:\/\/folhadoleste.com.br\/en\/marica-amplia-itinerario-dos-onibus-tarifa-zero\/","og_site_name":"Folha do Leste","article_publisher":"https:\/\/www.facebook.com\/folhadoleste","article_published_time":"2024-02-29T11:34:31+00:00","og_image":[{"width":1536,"height":1193,"url":"https:\/\/folhadoleste.com.br\/wp-content\/uploads\/2024\/02\/WhatsApp-Image-2024-02-26-at-18.34.02-1536x1193-1.jpeg","type":"image\/jpeg"}],"author":"Aline Cardoso","twitter_card":"summary_large_image","twitter_creator":"@FolhadoLesteRJ","twitter_site":"@FolhadoLesteRJ","twitter_misc":{"Written by":"Aline Cardoso","Est. reading time":"4 minutes"},"schema":{"@context":"https:\/\/schema.org","@graph":[{"@type":"NewsArticle","@id":"https:\/\/folhadoleste.com.br\/marica-amplia-itinerario-dos-onibus-tarifa-zero\/#article","isPartOf":{"@id":"https:\/\/folhadoleste.com.br\/marica-amplia-itinerario-dos-onibus-tarifa-zero\/"},"author":{"name":"Aline Cardoso","@id":"https:\/\/folhadoleste.com.br\/#\/schema\/person\/8a7ae93d6db16fac63c612c1c1ec607c"},"headline":"Maric\u00e1 amplia itiner\u00e1rio dos \u00f4nibus Tarifa Zero","datePublished":"2024-02-29T11:34:31+00:00","mainEntityOfPage":{"@id":"https:\/\/folhadoleste.com.br\/marica-amplia-itinerario-dos-onibus-tarifa-zero\/"},"wordCount":504,"commentCount":0,"publisher":{"@id":"https:\/\/folhadoleste.com.br\/#organization"},"image":{"@id":"https:\/\/folhadoleste.com.br\/marica-amplia-itinerario-dos-onibus-tarifa-zero\/#primaryimage"},"thumbnailUrl":"https:\/\/folhadoleste.com.br\/wp-content\/uploads\/2024\/02\/WhatsApp-Image-2024-02-26-at-18.34.02-1536x1193-1.jpeg","keywords":["itiner\u00e1rio","Maric\u00e1","\u00f4nibus","Tarifa Zero","transporte","ve\u00edculo","Vermelhinho"],"articleSection":["Leste Fluminense","Maric\u00e1"],"inLanguage":"en-US","potentialAction":[{"@type":"CommentAction","name":"Comment","target":["https:\/\/folhadoleste.com.br\/marica-amplia-itinerario-dos-onibus-tarifa-zero\/#respond"]}]},{"@type":"WebPage","@id":"https:\/\/folhadoleste.com.br\/marica-amplia-itinerario-dos-onibus-tarifa-zero\/","url":"https:\/\/folhadoleste.com.br\/marica-amplia-itinerario-dos-onibus-tarifa-zero\/","name":"Maric\u00e1 amplia itiner\u00e1rio dos \u00f4nibus Tarifa Zero &#8226; Folha do Leste","isPartOf":{"@id":"https:\/\/folhadoleste.com.br\/#website"},"primaryImageOfPage":{"@id":"https:\/\/folhadoleste.com.br\/marica-amplia-itinerario-dos-onibus-tarifa-zero\/#primaryimage"},"image":{"@id":"https:\/\/folhadoleste.com.br\/marica-amplia-itinerario-dos-onibus-tarifa-zero\/#primaryimage"},"thumbnailUrl":"https:\/\/folhadoleste.com.br\/wp-content\/uploads\/2024\/02\/WhatsApp-Image-2024-02-26-at-18.34.02-1536x1193-1.jpeg","datePublished":"2024-02-29T11:34:31+00:00","description":"A partir da pr\u00f3xima segunda-feira (04\/03), a Prefeitura de Maric\u00e1, por meio da Empresa P\u00fablica de Transportes (EPT).","breadcrumb":{"@id":"https:\/\/folhadoleste.com.br\/marica-amplia-itinerario-dos-onibus-tarifa-zero\/#breadcrumb"},"inLanguage":"en-US","potentialAction":[{"@type":"ReadAction","target":["https:\/\/folhadoleste.com.br\/marica-amplia-itinerario-dos-onibus-tarifa-zero\/"]}]},{"@type":"ImageObject","inLanguage":"en-US","@id":"https:\/\/folhadoleste.com.br\/marica-amplia-itinerario-dos-onibus-tarifa-zero\/#primaryimage","url":"https:\/\/folhadoleste.com.br\/wp-content\/uploads\/2024\/02\/WhatsApp-Image-2024-02-26-at-18.34.02-1536x1193-1.jpeg","contentUrl":"https:\/\/folhadoleste.com.br\/wp-content\/uploads\/2024\/02\/WhatsApp-Image-2024-02-26-at-18.34.02-1536x1193-1.jpeg","width":1536,"height":1193,"caption":"Cr\u00e9ditos: Divulga\u00e7\u00e3o"},{"@type":"BreadcrumbList","@id":"https:\/\/folhadoleste.com.br\/marica-amplia-itinerario-dos-onibus-tarifa-zero\/#breadcrumb","itemListElement":[{"@type":"ListItem","position":1,"name":"In\u00edcio","item":"https:\/\/folhadoleste.com.br\/"},{"@type":"ListItem","position":2,"name":"Estado do Rio de Janeiro","item":"https:\/\/folhadoleste.com.br\/category\/estado-do-rio-de-janeiro\/"},{"@type":"ListItem","position":3,"name":"Leste Fluminense","item":"https:\/\/folhadoleste.com.br\/category\/estado-do-rio-de-janeiro\/leste-fluminense\/"},{"@type":"ListItem","position":4,"name":"Maric\u00e1 amplia itiner\u00e1rio dos \u00f4nibus Tarifa Zero"}]},{"@type":"WebSite","@id":"https:\/\/folhadoleste.com.br\/#website","url":"https:\/\/folhadoleste.com.br\/","name":"Folha do Leste","description":"Portal de Not\u00edcias com \u00eanfase em Niter\u00f3i, criando conte\u00fados desde a capital Rio de Janeiro, com olhar para o Leste Fluminense e suas cidades como S\u00e3o Gon\u00e7alo, Itabora\u00ed, Rio Bonito, Maric\u00e1, Saquarema e Araruama","publisher":{"@id":"https:\/\/folhadoleste.com.br\/#organization"},"alternateName":"FL","potentialAction":[{"@type":"SearchAction","target":{"@type":"EntryPoint","urlTemplate":"https:\/\/folhadoleste.com.br\/?s={search_term_string}"},"query-input":{"@type":"PropertyValueSpecification","valueRequired":true,"valueName":"search_term_string"}}],"inLanguage":"en-US"},{"@type":"Organization","@id":"https:\/\/folhadoleste.com.br\/#organization","name":"Brasil 21 Comunica\u00e7\u00e3o","alternateName":"BR21","url":"https:\/\/folhadoleste.com.br\/","logo":{"@type":"ImageObject","inLanguage":"en-US","@id":"https:\/\/folhadoleste.com.br\/#\/schema\/logo\/image\/","url":"https:\/\/folhadoleste.com.br\/wp-content\/uploads\/2025\/12\/brasil-21-logomarca.avif","contentUrl":"https:\/\/folhadoleste.com.br\/wp-content\/uploads\/2025\/12\/brasil-21-logomarca.avif","width":1044,"height":1044,"caption":"Brasil 21 Comunica\u00e7\u00e3o"},"image":{"@id":"https:\/\/folhadoleste.com.br\/#\/schema\/logo\/image\/"},"sameAs":["https:\/\/www.facebook.com\/folhadoleste","https:\/\/x.com\/FolhadoLesteRJ","https:\/\/www.instagram.com\/folhadoleste\/"]},{"@type":"Person","@id":"https:\/\/folhadoleste.com.br\/#\/schema\/person\/8a7ae93d6db16fac63c612c1c1ec607c","name":"Aline Cardoso","image":{"@type":"ImageObject","inLanguage":"en-US","@id":"https:\/\/folhadoleste.com.br\/wp-content\/litespeed\/avatar\/7a80fcd932dbdfaac31d3bc42bc19e98.jpg?ver=1777161231","url":"https:\/\/folhadoleste.com.br\/wp-content\/litespeed\/avatar\/7a80fcd932dbdfaac31d3bc42bc19e98.jpg?ver=1777161231","contentUrl":"https:\/\/folhadoleste.com.br\/wp-content\/litespeed\/avatar\/7a80fcd932dbdfaac31d3bc42bc19e98.jpg?ver=1777161231","caption":"Aline Cardoso"},"url":"https:\/\/folhadoleste.com.br\/en\/author\/aline-cardoso\/"}]}},"_links":{"self":[{"href":"https:\/\/folhadoleste.com.br\/en\/wp-json\/wp\/v2\/posts\/53453","targetHints":{"allow":["GET"]}}],"collection":[{"href":"https:\/\/folhadoleste.com.br\/en\/wp-json\/wp\/v2\/posts"}],"about":[{"href":"https:\/\/folhadoleste.com.br\/en\/wp-json\/wp\/v2\/types\/post"}],"author":[{"embeddable":true,"href":"https:\/\/folhadoleste.com.br\/en\/wp-json\/wp\/v2\/users\/20"}],"replies":[{"embeddable":true,"href":"https:\/\/folhadoleste.com.br\/en\/wp-json\/wp\/v2\/comments?post=53453"}],"version-history":[{"count":1,"href":"https:\/\/folhadoleste.com.br\/en\/wp-json\/wp\/v2\/posts\/53453\/revisions"}],"predecessor-version":[{"id":53460,"href":"https:\/\/folhadoleste.com.br\/en\/wp-json\/wp\/v2\/posts\/53453\/revisions\/53460"}],"wp:featuredmedia":[{"embeddable":true,"href":"https:\/\/folhadoleste.com.br\/en\/wp-json\/wp\/v2\/media\/53455"}],"wp:attachment":[{"href":"https:\/\/folhadoleste.com.br\/en\/wp-json\/wp\/v2\/media?parent=53453"}],"wp:term":[{"taxonomy":"category","embeddable":true,"href":"https:\/\/folhadoleste.com.br\/en\/wp-json\/wp\/v2\/categories?post=53453"},{"taxonomy":"post_tag","embeddable":true,"href":"https:\/\/folhadoleste.com.br\/en\/wp-json\/wp\/v2\/tags?post=53453"}],"curies":[{"name":"wp","href":"https:\/\/api.w.org\/{rel}","templated":true}]}}