{"id":5158,"date":"2023-05-13T14:37:17","date_gmt":"2023-05-13T17:37:17","guid":{"rendered":"https:\/\/folhadoleste.com.br\/?p=5158"},"modified":"2023-05-13T20:06:11","modified_gmt":"2023-05-13T23:06:11","slug":"violencia-no-rio-nao-poupa-nem-o-arcebispo","status":"publish","type":"post","link":"https:\/\/folhadoleste.com.br\/en\/violencia-no-rio-nao-poupa-nem-o-arcebispo\/","title":{"rendered":"Viol\u00eancia no Rio n\u00e3o poupa nem o Arcebispo"},"content":{"rendered":"<h5><strong><a href=\"https:\/\/www.facebook.com\/folhadoleste\">CURTA E SIGA NOSSA P\u00c1GINA NO FACEBOOK CLICANDO AQUI<\/a><\/strong><\/h5>\n<h5><strong>\u00a0<\/strong><\/h5>\n<h5><strong><a href=\"https:\/\/www.instagram.com\/folhadoleste\/\">CURTA E SIGA NOSSA P\u00c1GINA NO INSTAGRAM CLICANDO AQUI<\/a><\/strong><\/h5>\n<p>&nbsp;<\/p>\n<p>Na noite desta sexta-feira (12), por volta das 22:30, o cardeal-arcebispo Dom Orani Tempesta sofreu um novo assalto na Zona Norte do Rio de Janeiro. O fato ocorreu na Avenida Brasil, na altura de Barros Filho.<\/p>\n<p>Ap\u00f3s terem abordado o carro do religioso e levado objetos pessoais, paramentos e o ve\u00edculo, o motorista ficou com o segredo do carro no bolso, o que pode ter impedido o deslocamento dos criminosos por muito tempo. De acordo com a Pol\u00edcia Militar, o arcebispo e seu motorista sa\u00edram ilesos.<\/p>\n<p>Segundo a nota divulgada pela Arquidiocese do Rio, Dom Orani retornava do Ter\u00e7o pela paz de Bangu quando foi assaltado. Al\u00e9m do carro, os assaltantes levaram levados pelos celulares, anel episcopal, b\u00e1culo, livros e rel\u00f3gios.<\/p>\n<p>De acordo com a Arquidiocese do Rio de Janeiro, as v\u00edtimas foram socorridas por um casal que os levaram at\u00e9 a resid\u00eancia do arcebispo. Apesar do assalto, Dom Orani manteve sem altera\u00e7\u00e3o os compromissos previstos em sua agenda.<\/p>","protected":false},"excerpt":{"rendered":"<p>CURTA E SIGA NOSSA P\u00c1GINA NO FACEBOOK CLICANDO AQUI \u00a0 CURTA E SIGA NOSSA P\u00c1GINA NO INSTAGRAM CLICANDO AQUI &nbsp; Na noite desta sexta-feira (12), por volta das 22:30, o cardeal-arcebispo Dom Orani Tempesta sofreu um novo assalto na Zona Norte do Rio de Janeiro. O fato ocorreu na Avenida Brasil, na altura de Barros Filho. Ap\u00f3s terem abordado o carro do religioso e levado objetos pessoais, paramentos e o ve\u00edculo, o motorista ficou com o segredo do carro no bolso, o que pode ter impedido o deslocamento dos criminosos por muito tempo. De acordo com a Pol\u00edcia Militar, o [&hellip;]<\/p>\n","protected":false},"author":4,"featured_media":5165,"comment_status":"open","ping_status":"open","sticky":false,"template":"","format":"standard","meta":{"footnotes":""},"categories":[67],"tags":[3539,3346,1692,2726,651],"class_list":["post-5158","post","type-post","status-publish","format-standard","has-post-thumbnail","hentry","category-rio-de-janeiro-capital","tag-arcebispo","tag-assalto","tag-avenida-brasil","tag-dom-orani-tempesta","tag-violencia","post--single"],"yoast_head":"<!-- This site is optimized with the Yoast SEO plugin v27.4 - https:\/\/yoast.com\/product\/yoast-seo-wordpress\/ -->\n<title>Viol\u00eancia no Rio n\u00e3o poupa nem o Arcebispo &#8226; Folha do Leste<\/title>\n<meta name=\"description\" content=\"Dom Orani retornava do Ter\u00e7o pela paz de Bangu quando foi assaltado. O arcebispo e seu motorista sa\u00edram ilesos.\" \/>\n<meta name=\"robots\" content=\"index, follow, max-snippet:-1, max-image-preview:large, max-video-preview:-1\" \/>\n<link rel=\"canonical\" href=\"https:\/\/folhadoleste.com.br\/en\/violencia-no-rio-nao-poupa-nem-o-arcebispo\/\" \/>\n<meta property=\"og:locale\" content=\"en_US\" \/>\n<meta property=\"og:type\" content=\"article\" \/>\n<meta property=\"og:title\" content=\"Viol\u00eancia no Rio n\u00e3o poupa nem o Arcebispo &#8226; Folha do Leste\" \/>\n<meta property=\"og:description\" content=\"Dom Orani retornava do Ter\u00e7o pela paz de Bangu quando foi assaltado. O arcebispo e seu motorista sa\u00edram ilesos.\" \/>\n<meta property=\"og:url\" content=\"https:\/\/folhadoleste.com.br\/en\/violencia-no-rio-nao-poupa-nem-o-arcebispo\/\" \/>\n<meta property=\"og:site_name\" content=\"Folha do Leste\" \/>\n<meta property=\"article:publisher\" content=\"https:\/\/www.facebook.com\/folhadoleste\" \/>\n<meta property=\"article:published_time\" content=\"2023-05-13T17:37:17+00:00\" \/>\n<meta property=\"article:modified_time\" content=\"2023-05-13T23:06:11+00:00\" \/>\n<meta property=\"og:image\" content=\"https:\/\/folhadoleste.com.br\/wp-content\/uploads\/2023\/05\/Tania-Rego-Agencia-Brasil.jpg\" \/>\n\t<meta property=\"og:image:width\" content=\"1170\" \/>\n\t<meta property=\"og:image:height\" content=\"700\" \/>\n\t<meta property=\"og:image:type\" content=\"image\/jpeg\" \/>\n<meta name=\"author\" content=\"Folha do Leste\" \/>\n<meta name=\"twitter:card\" content=\"summary_large_image\" \/>\n<meta name=\"twitter:creator\" content=\"@FolhadoLesteRJ\" \/>\n<meta name=\"twitter:site\" content=\"@FolhadoLesteRJ\" \/>\n<meta name=\"twitter:label1\" content=\"Written by\" \/>\n\t<meta name=\"twitter:data1\" content=\"Folha do Leste\" \/>\n\t<meta name=\"twitter:label2\" content=\"Est. reading time\" \/>\n\t<meta name=\"twitter:data2\" content=\"1 minute\" \/>\n<script type=\"application\/ld+json\" class=\"yoast-schema-graph\">{\"@context\":\"https:\\\/\\\/schema.org\",\"@graph\":[{\"@type\":\"NewsArticle\",\"@id\":\"https:\\\/\\\/folhadoleste.com.br\\\/violencia-no-rio-nao-poupa-nem-o-arcebispo\\\/#article\",\"isPartOf\":{\"@id\":\"https:\\\/\\\/folhadoleste.com.br\\\/violencia-no-rio-nao-poupa-nem-o-arcebispo\\\/\"},\"author\":{\"name\":\"Folha do Leste\",\"@id\":\"https:\\\/\\\/folhadoleste.com.br\\\/#\\\/schema\\\/person\\\/3e97145b2e1861276e84471aa85a3899\"},\"headline\":\"Viol\u00eancia no Rio n\u00e3o poupa nem o Arcebispo\",\"datePublished\":\"2023-05-13T17:37:17+00:00\",\"dateModified\":\"2023-05-13T23:06:11+00:00\",\"mainEntityOfPage\":{\"@id\":\"https:\\\/\\\/folhadoleste.com.br\\\/violencia-no-rio-nao-poupa-nem-o-arcebispo\\\/\"},\"wordCount\":199,\"commentCount\":0,\"publisher\":{\"@id\":\"https:\\\/\\\/folhadoleste.com.br\\\/#organization\"},\"image\":{\"@id\":\"https:\\\/\\\/folhadoleste.com.br\\\/violencia-no-rio-nao-poupa-nem-o-arcebispo\\\/#primaryimage\"},\"thumbnailUrl\":\"https:\\\/\\\/folhadoleste.com.br\\\/wp-content\\\/uploads\\\/2023\\\/05\\\/Tania-Rego-Agencia-Brasil.jpg\",\"keywords\":[\"Arcebispo\",\"assalto\",\"Avenida Brasil\",\"Dom Orani Tempesta\",\"viol\u00eancia\"],\"articleSection\":[\"Rio de Janeiro - Capital\"],\"inLanguage\":\"en-US\",\"potentialAction\":[{\"@type\":\"CommentAction\",\"name\":\"Comment\",\"target\":[\"https:\\\/\\\/folhadoleste.com.br\\\/violencia-no-rio-nao-poupa-nem-o-arcebispo\\\/#respond\"]}]},{\"@type\":\"WebPage\",\"@id\":\"https:\\\/\\\/folhadoleste.com.br\\\/violencia-no-rio-nao-poupa-nem-o-arcebispo\\\/\",\"url\":\"https:\\\/\\\/folhadoleste.com.br\\\/violencia-no-rio-nao-poupa-nem-o-arcebispo\\\/\",\"name\":\"Viol\u00eancia no Rio n\u00e3o poupa nem o Arcebispo &#8226; Folha do Leste\",\"isPartOf\":{\"@id\":\"https:\\\/\\\/folhadoleste.com.br\\\/#website\"},\"primaryImageOfPage\":{\"@id\":\"https:\\\/\\\/folhadoleste.com.br\\\/violencia-no-rio-nao-poupa-nem-o-arcebispo\\\/#primaryimage\"},\"image\":{\"@id\":\"https:\\\/\\\/folhadoleste.com.br\\\/violencia-no-rio-nao-poupa-nem-o-arcebispo\\\/#primaryimage\"},\"thumbnailUrl\":\"https:\\\/\\\/folhadoleste.com.br\\\/wp-content\\\/uploads\\\/2023\\\/05\\\/Tania-Rego-Agencia-Brasil.jpg\",\"datePublished\":\"2023-05-13T17:37:17+00:00\",\"dateModified\":\"2023-05-13T23:06:11+00:00\",\"description\":\"Dom Orani retornava do Ter\u00e7o pela paz de Bangu quando foi assaltado. O arcebispo e seu motorista sa\u00edram ilesos.\",\"breadcrumb\":{\"@id\":\"https:\\\/\\\/folhadoleste.com.br\\\/violencia-no-rio-nao-poupa-nem-o-arcebispo\\\/#breadcrumb\"},\"inLanguage\":\"en-US\",\"potentialAction\":[{\"@type\":\"ReadAction\",\"target\":[\"https:\\\/\\\/folhadoleste.com.br\\\/violencia-no-rio-nao-poupa-nem-o-arcebispo\\\/\"]}]},{\"@type\":\"ImageObject\",\"inLanguage\":\"en-US\",\"@id\":\"https:\\\/\\\/folhadoleste.com.br\\\/violencia-no-rio-nao-poupa-nem-o-arcebispo\\\/#primaryimage\",\"url\":\"https:\\\/\\\/folhadoleste.com.br\\\/wp-content\\\/uploads\\\/2023\\\/05\\\/Tania-Rego-Agencia-Brasil.jpg\",\"contentUrl\":\"https:\\\/\\\/folhadoleste.com.br\\\/wp-content\\\/uploads\\\/2023\\\/05\\\/Tania-Rego-Agencia-Brasil.jpg\",\"width\":1170,\"height\":700,\"caption\":\"Dom Orani Tempesta. Foto: T\u00e2nia R\u00eago\\\/Ag\u00eancia Brasil\"},{\"@type\":\"BreadcrumbList\",\"@id\":\"https:\\\/\\\/folhadoleste.com.br\\\/violencia-no-rio-nao-poupa-nem-o-arcebispo\\\/#breadcrumb\",\"itemListElement\":[{\"@type\":\"ListItem\",\"position\":1,\"name\":\"In\u00edcio\",\"item\":\"https:\\\/\\\/folhadoleste.com.br\\\/\"},{\"@type\":\"ListItem\",\"position\":2,\"name\":\"Rio de Janeiro - Capital\",\"item\":\"https:\\\/\\\/folhadoleste.com.br\\\/category\\\/rio-de-janeiro-capital\\\/\"},{\"@type\":\"ListItem\",\"position\":3,\"name\":\"Viol\u00eancia no Rio n\u00e3o poupa nem o Arcebispo\"}]},{\"@type\":\"WebSite\",\"@id\":\"https:\\\/\\\/folhadoleste.com.br\\\/#website\",\"url\":\"https:\\\/\\\/folhadoleste.com.br\\\/\",\"name\":\"Folha do Leste\",\"description\":\"Portal de Not\u00edcias com \u00eanfase em Niter\u00f3i, criando conte\u00fados desde a capital Rio de Janeiro, com olhar para o Leste Fluminense e suas cidades como S\u00e3o Gon\u00e7alo, Itabora\u00ed, Rio Bonito, Maric\u00e1, Saquarema e Araruama\",\"publisher\":{\"@id\":\"https:\\\/\\\/folhadoleste.com.br\\\/#organization\"},\"alternateName\":\"FL\",\"potentialAction\":[{\"@type\":\"SearchAction\",\"target\":{\"@type\":\"EntryPoint\",\"urlTemplate\":\"https:\\\/\\\/folhadoleste.com.br\\\/?s={search_term_string}\"},\"query-input\":{\"@type\":\"PropertyValueSpecification\",\"valueRequired\":true,\"valueName\":\"search_term_string\"}}],\"inLanguage\":\"en-US\"},{\"@type\":\"Organization\",\"@id\":\"https:\\\/\\\/folhadoleste.com.br\\\/#organization\",\"name\":\"Brasil 21 Comunica\u00e7\u00e3o\",\"alternateName\":\"BR21\",\"url\":\"https:\\\/\\\/folhadoleste.com.br\\\/\",\"logo\":{\"@type\":\"ImageObject\",\"inLanguage\":\"en-US\",\"@id\":\"https:\\\/\\\/folhadoleste.com.br\\\/#\\\/schema\\\/logo\\\/image\\\/\",\"url\":\"https:\\\/\\\/folhadoleste.com.br\\\/wp-content\\\/uploads\\\/2025\\\/12\\\/brasil-21-logomarca.avif\",\"contentUrl\":\"https:\\\/\\\/folhadoleste.com.br\\\/wp-content\\\/uploads\\\/2025\\\/12\\\/brasil-21-logomarca.avif\",\"width\":1044,\"height\":1044,\"caption\":\"Brasil 21 Comunica\u00e7\u00e3o\"},\"image\":{\"@id\":\"https:\\\/\\\/folhadoleste.com.br\\\/#\\\/schema\\\/logo\\\/image\\\/\"},\"sameAs\":[\"https:\\\/\\\/www.facebook.com\\\/folhadoleste\",\"https:\\\/\\\/x.com\\\/FolhadoLesteRJ\",\"https:\\\/\\\/www.instagram.com\\\/folhadoleste\\\/\"]},{\"@type\":\"Person\",\"@id\":\"https:\\\/\\\/folhadoleste.com.br\\\/#\\\/schema\\\/person\\\/3e97145b2e1861276e84471aa85a3899\",\"name\":\"Folha do Leste\",\"image\":{\"@type\":\"ImageObject\",\"inLanguage\":\"en-US\",\"@id\":\"https:\\\/\\\/folhadoleste.com.br\\\/wp-content\\\/litespeed\\\/avatar\\\/1ca8c218432e7045e748610eb3db0259.jpg?ver=1777161142\",\"url\":\"https:\\\/\\\/folhadoleste.com.br\\\/wp-content\\\/litespeed\\\/avatar\\\/1ca8c218432e7045e748610eb3db0259.jpg?ver=1777161142\",\"contentUrl\":\"https:\\\/\\\/folhadoleste.com.br\\\/wp-content\\\/litespeed\\\/avatar\\\/1ca8c218432e7045e748610eb3db0259.jpg?ver=1777161142\",\"caption\":\"Folha do Leste\"},\"url\":\"https:\\\/\\\/folhadoleste.com.br\\\/en\\\/author\\\/reportagem-01\\\/\"}]}<\/script>\n<!-- \/ Yoast SEO plugin. -->","yoast_head_json":{"title":"Viol\u00eancia no Rio n\u00e3o poupa nem o Arcebispo &#8226; Folha do Leste","description":"Dom Orani retornava do Ter\u00e7o pela paz de Bangu quando foi assaltado. O arcebispo e seu motorista sa\u00edram ilesos.","robots":{"index":"index","follow":"follow","max-snippet":"max-snippet:-1","max-image-preview":"max-image-preview:large","max-video-preview":"max-video-preview:-1"},"canonical":"https:\/\/folhadoleste.com.br\/en\/violencia-no-rio-nao-poupa-nem-o-arcebispo\/","og_locale":"en_US","og_type":"article","og_title":"Viol\u00eancia no Rio n\u00e3o poupa nem o Arcebispo &#8226; Folha do Leste","og_description":"Dom Orani retornava do Ter\u00e7o pela paz de Bangu quando foi assaltado. O arcebispo e seu motorista sa\u00edram ilesos.","og_url":"https:\/\/folhadoleste.com.br\/en\/violencia-no-rio-nao-poupa-nem-o-arcebispo\/","og_site_name":"Folha do Leste","article_publisher":"https:\/\/www.facebook.com\/folhadoleste","article_published_time":"2023-05-13T17:37:17+00:00","article_modified_time":"2023-05-13T23:06:11+00:00","og_image":[{"width":1170,"height":700,"url":"https:\/\/folhadoleste.com.br\/wp-content\/uploads\/2023\/05\/Tania-Rego-Agencia-Brasil.jpg","type":"image\/jpeg"}],"author":"Folha do Leste","twitter_card":"summary_large_image","twitter_creator":"@FolhadoLesteRJ","twitter_site":"@FolhadoLesteRJ","twitter_misc":{"Written by":"Folha do Leste","Est. reading time":"1 minute"},"schema":{"@context":"https:\/\/schema.org","@graph":[{"@type":"NewsArticle","@id":"https:\/\/folhadoleste.com.br\/violencia-no-rio-nao-poupa-nem-o-arcebispo\/#article","isPartOf":{"@id":"https:\/\/folhadoleste.com.br\/violencia-no-rio-nao-poupa-nem-o-arcebispo\/"},"author":{"name":"Folha do Leste","@id":"https:\/\/folhadoleste.com.br\/#\/schema\/person\/3e97145b2e1861276e84471aa85a3899"},"headline":"Viol\u00eancia no Rio n\u00e3o poupa nem o Arcebispo","datePublished":"2023-05-13T17:37:17+00:00","dateModified":"2023-05-13T23:06:11+00:00","mainEntityOfPage":{"@id":"https:\/\/folhadoleste.com.br\/violencia-no-rio-nao-poupa-nem-o-arcebispo\/"},"wordCount":199,"commentCount":0,"publisher":{"@id":"https:\/\/folhadoleste.com.br\/#organization"},"image":{"@id":"https:\/\/folhadoleste.com.br\/violencia-no-rio-nao-poupa-nem-o-arcebispo\/#primaryimage"},"thumbnailUrl":"https:\/\/folhadoleste.com.br\/wp-content\/uploads\/2023\/05\/Tania-Rego-Agencia-Brasil.jpg","keywords":["Arcebispo","assalto","Avenida Brasil","Dom Orani Tempesta","viol\u00eancia"],"articleSection":["Rio de Janeiro - Capital"],"inLanguage":"en-US","potentialAction":[{"@type":"CommentAction","name":"Comment","target":["https:\/\/folhadoleste.com.br\/violencia-no-rio-nao-poupa-nem-o-arcebispo\/#respond"]}]},{"@type":"WebPage","@id":"https:\/\/folhadoleste.com.br\/violencia-no-rio-nao-poupa-nem-o-arcebispo\/","url":"https:\/\/folhadoleste.com.br\/violencia-no-rio-nao-poupa-nem-o-arcebispo\/","name":"Viol\u00eancia no Rio n\u00e3o poupa nem o Arcebispo &#8226; Folha do Leste","isPartOf":{"@id":"https:\/\/folhadoleste.com.br\/#website"},"primaryImageOfPage":{"@id":"https:\/\/folhadoleste.com.br\/violencia-no-rio-nao-poupa-nem-o-arcebispo\/#primaryimage"},"image":{"@id":"https:\/\/folhadoleste.com.br\/violencia-no-rio-nao-poupa-nem-o-arcebispo\/#primaryimage"},"thumbnailUrl":"https:\/\/folhadoleste.com.br\/wp-content\/uploads\/2023\/05\/Tania-Rego-Agencia-Brasil.jpg","datePublished":"2023-05-13T17:37:17+00:00","dateModified":"2023-05-13T23:06:11+00:00","description":"Dom Orani retornava do Ter\u00e7o pela paz de Bangu quando foi assaltado. O arcebispo e seu motorista sa\u00edram ilesos.","breadcrumb":{"@id":"https:\/\/folhadoleste.com.br\/violencia-no-rio-nao-poupa-nem-o-arcebispo\/#breadcrumb"},"inLanguage":"en-US","potentialAction":[{"@type":"ReadAction","target":["https:\/\/folhadoleste.com.br\/violencia-no-rio-nao-poupa-nem-o-arcebispo\/"]}]},{"@type":"ImageObject","inLanguage":"en-US","@id":"https:\/\/folhadoleste.com.br\/violencia-no-rio-nao-poupa-nem-o-arcebispo\/#primaryimage","url":"https:\/\/folhadoleste.com.br\/wp-content\/uploads\/2023\/05\/Tania-Rego-Agencia-Brasil.jpg","contentUrl":"https:\/\/folhadoleste.com.br\/wp-content\/uploads\/2023\/05\/Tania-Rego-Agencia-Brasil.jpg","width":1170,"height":700,"caption":"Dom Orani Tempesta. Foto: T\u00e2nia R\u00eago\/Ag\u00eancia Brasil"},{"@type":"BreadcrumbList","@id":"https:\/\/folhadoleste.com.br\/violencia-no-rio-nao-poupa-nem-o-arcebispo\/#breadcrumb","itemListElement":[{"@type":"ListItem","position":1,"name":"In\u00edcio","item":"https:\/\/folhadoleste.com.br\/"},{"@type":"ListItem","position":2,"name":"Rio de Janeiro - Capital","item":"https:\/\/folhadoleste.com.br\/category\/rio-de-janeiro-capital\/"},{"@type":"ListItem","position":3,"name":"Viol\u00eancia no Rio n\u00e3o poupa nem o Arcebispo"}]},{"@type":"WebSite","@id":"https:\/\/folhadoleste.com.br\/#website","url":"https:\/\/folhadoleste.com.br\/","name":"Folha do Leste","description":"Portal de Not\u00edcias com \u00eanfase em Niter\u00f3i, criando conte\u00fados desde a capital Rio de Janeiro, com olhar para o Leste Fluminense e suas cidades como S\u00e3o Gon\u00e7alo, Itabora\u00ed, Rio Bonito, Maric\u00e1, Saquarema e Araruama","publisher":{"@id":"https:\/\/folhadoleste.com.br\/#organization"},"alternateName":"FL","potentialAction":[{"@type":"SearchAction","target":{"@type":"EntryPoint","urlTemplate":"https:\/\/folhadoleste.com.br\/?s={search_term_string}"},"query-input":{"@type":"PropertyValueSpecification","valueRequired":true,"valueName":"search_term_string"}}],"inLanguage":"en-US"},{"@type":"Organization","@id":"https:\/\/folhadoleste.com.br\/#organization","name":"Brasil 21 Comunica\u00e7\u00e3o","alternateName":"BR21","url":"https:\/\/folhadoleste.com.br\/","logo":{"@type":"ImageObject","inLanguage":"en-US","@id":"https:\/\/folhadoleste.com.br\/#\/schema\/logo\/image\/","url":"https:\/\/folhadoleste.com.br\/wp-content\/uploads\/2025\/12\/brasil-21-logomarca.avif","contentUrl":"https:\/\/folhadoleste.com.br\/wp-content\/uploads\/2025\/12\/brasil-21-logomarca.avif","width":1044,"height":1044,"caption":"Brasil 21 Comunica\u00e7\u00e3o"},"image":{"@id":"https:\/\/folhadoleste.com.br\/#\/schema\/logo\/image\/"},"sameAs":["https:\/\/www.facebook.com\/folhadoleste","https:\/\/x.com\/FolhadoLesteRJ","https:\/\/www.instagram.com\/folhadoleste\/"]},{"@type":"Person","@id":"https:\/\/folhadoleste.com.br\/#\/schema\/person\/3e97145b2e1861276e84471aa85a3899","name":"Folha do Leste","image":{"@type":"ImageObject","inLanguage":"en-US","@id":"https:\/\/folhadoleste.com.br\/wp-content\/litespeed\/avatar\/1ca8c218432e7045e748610eb3db0259.jpg?ver=1777161142","url":"https:\/\/folhadoleste.com.br\/wp-content\/litespeed\/avatar\/1ca8c218432e7045e748610eb3db0259.jpg?ver=1777161142","contentUrl":"https:\/\/folhadoleste.com.br\/wp-content\/litespeed\/avatar\/1ca8c218432e7045e748610eb3db0259.jpg?ver=1777161142","caption":"Folha do Leste"},"url":"https:\/\/folhadoleste.com.br\/en\/author\/reportagem-01\/"}]}},"_links":{"self":[{"href":"https:\/\/folhadoleste.com.br\/en\/wp-json\/wp\/v2\/posts\/5158","targetHints":{"allow":["GET"]}}],"collection":[{"href":"https:\/\/folhadoleste.com.br\/en\/wp-json\/wp\/v2\/posts"}],"about":[{"href":"https:\/\/folhadoleste.com.br\/en\/wp-json\/wp\/v2\/types\/post"}],"author":[{"embeddable":true,"href":"https:\/\/folhadoleste.com.br\/en\/wp-json\/wp\/v2\/users\/4"}],"replies":[{"embeddable":true,"href":"https:\/\/folhadoleste.com.br\/en\/wp-json\/wp\/v2\/comments?post=5158"}],"version-history":[{"count":4,"href":"https:\/\/folhadoleste.com.br\/en\/wp-json\/wp\/v2\/posts\/5158\/revisions"}],"predecessor-version":[{"id":5166,"href":"https:\/\/folhadoleste.com.br\/en\/wp-json\/wp\/v2\/posts\/5158\/revisions\/5166"}],"wp:featuredmedia":[{"embeddable":true,"href":"https:\/\/folhadoleste.com.br\/en\/wp-json\/wp\/v2\/media\/5165"}],"wp:attachment":[{"href":"https:\/\/folhadoleste.com.br\/en\/wp-json\/wp\/v2\/media?parent=5158"}],"wp:term":[{"taxonomy":"category","embeddable":true,"href":"https:\/\/folhadoleste.com.br\/en\/wp-json\/wp\/v2\/categories?post=5158"},{"taxonomy":"post_tag","embeddable":true,"href":"https:\/\/folhadoleste.com.br\/en\/wp-json\/wp\/v2\/tags?post=5158"}],"curies":[{"name":"wp","href":"https:\/\/api.w.org\/{rel}","templated":true}]}}