{"id":5152,"date":"2023-05-13T14:18:47","date_gmt":"2023-05-13T17:18:47","guid":{"rendered":"https:\/\/folhadoleste.com.br\/?p=5152"},"modified":"2023-05-13T14:20:15","modified_gmt":"2023-05-13T17:20:15","slug":"regiao-oceanica-tera-posto-de-atendimento-do-inss","status":"publish","type":"post","link":"https:\/\/folhadoleste.com.br\/en\/regiao-oceanica-tera-posto-de-atendimento-do-inss\/","title":{"rendered":"Regi\u00e3o Oce\u00e2nica ter\u00e1 posto de atendimento do INSS"},"content":{"rendered":"<div>\n<h5><strong><a href=\"https:\/\/www.facebook.com\/folhadoleste\">CURTA E SIGA NOSSA P\u00c1GINA NO FACEBOOK CLICANDO AQUI<\/a><\/strong><\/h5>\n<h5><strong>\u00a0<\/strong><\/h5>\n<h5><strong><a href=\"https:\/\/www.instagram.com\/folhadoleste\/\">CURTA E SIGA NOSSA P\u00c1GINA NO INSTAGRAM CLICANDO AQUI<\/a><\/strong><\/h5>\n<p>&nbsp;<\/p>\n<p class=\"x_MsoNormal\">A Regi\u00e3o Oce\u00e2nica de Niter\u00f3i vai ganhar um posto de atendimento do Instituto Nacional do Seguro Social (INSS). Em evento realizado no audit\u00f3rio do Caminho Niemeyer, nesta sexta-feira (12), o prefeito de Niter\u00f3i, Axel Grael, e o ministro da Previd\u00eancia Social, Carlos Lupi, assinaram um Acordo de Coopera\u00e7\u00e3o entre o munic\u00edpio, o minist\u00e9rio e o INSS.<\/p>\n<\/div>\n<p>&nbsp;<\/p>\n<p><img decoding=\"async\" class=\"aligncenter size-full wp-image-5154\" src=\"https:\/\/folhadoleste.com.br\/wp-content\/uploads\/2023\/05\/WhatsApp-Image-2023-05-12-at-17.37.03.jpeg\" alt=\"\" width=\"1600\" height=\"1066\" \/><\/p>\n<div>\n<p>&nbsp;<\/p>\n<p>&nbsp;<\/p>\n<p class=\"x_MsoNormal\">Tamb\u00e9m estiveram presentes na cerim\u00f4nia o ex-prefeito de Niter\u00f3i e atual secret\u00e1rio-Executivo, Rodrigo Neves; o secret\u00e1rio da Regi\u00e3o Oce\u00e2nica, Binho Guimar\u00e3es; e o presidente do INSS, Glauco Andre Fonseca Wanburg, al\u00e9m de diversos secret\u00e1rios e vereadores da cidade.<\/p>\n<\/div>\n<h4>Inaugura\u00e7\u00e3o<\/h4>\n<p>&nbsp;<\/p>\n<div>\n<p class=\"x_MsoNormal\">O novo posto de atendimento do INSS tem previs\u00e3o de come\u00e7ar a receber a popula\u00e7\u00e3o em aproximadamente um m\u00eas. A unidade vai funcionar no Centro de Atendimento ao Cidad\u00e3o (CAC), na Administra\u00e7\u00e3o Regional da Regi\u00e3o Oce\u00e2nica, no pr\u00e9dio do Centro Integrado de Seguran\u00e7a P\u00fablica (Cisp), em Piratininga.<\/p>\n<p class=\"x_MsoNormal\">O prefeito de Niter\u00f3i, Axel Grael, afirmou que esta \u00e9 mais uma parceria entre o munic\u00edpio e o governo federal.<\/p>\n<blockquote>\n<p class=\"x_MsoNormal\">A Regi\u00e3o Oce\u00e2nica \u00e9 a que mais cresce em Niter\u00f3i e tinha precariedades de infraestrutura. Hoje, a Regi\u00e3o Oce\u00e2nica tem bairros urbanizados e pavimentados. Ao mesmo tempo, estamos levando servi\u00e7os importantes da Prefeitura para a regi\u00e3o. Tudo isso tem a ver com a cria\u00e7\u00e3o deste posto do INSS, que vai prestar servi\u00e7os fundamentais para a popula\u00e7\u00e3o\u201d, destacou Axel Grael.<\/p>\n<\/blockquote>\n<p class=\"x_MsoNormal\">O ministro da Previd\u00eancia Social, Carlos Lupi, falou sobre a import\u00e2ncia da abertura do posto de atendimento do INSS e garantiu que as parcerias com Niter\u00f3i v\u00e3o continuar.<\/p>\n<blockquote>\n<p class=\"x_MsoNormal\">Niter\u00f3i \u00e9 um modelo de gest\u00e3o p\u00fablica. Abrir um posto do INSS na Regi\u00e3o Oce\u00e2nica \u00e9 um projeto para levar direitos para a popula\u00e7\u00e3o que mais precisa. Com o novo posto, vamos prestar servi\u00e7os com muita celeridade\u201d, explicou o ministro.<\/p>\n<\/blockquote>\n<p class=\"x_MsoNormal\">O secret\u00e1rio da Regi\u00e3o Oce\u00e2nica, Binho Guimar\u00e3es, disse que, al\u00e9m das obras de infraestrutura, as pol\u00edticas sociais s\u00e3o fundamentais.<\/p>\n<blockquote>\n<p class=\"x_MsoNormal\">Este novo posto de atendimento do INSS faz parte do ciclo de desenvolvimento da Regi\u00e3o Oce\u00e2nica, que come\u00e7ou em 2013. J\u00e1 temos Defesa do Consumidor, a Casa do Empreendedor, e agora teremos um posto do INSS\u201d, finalizou Binho Guimar\u00e3es.<\/p>\n<\/blockquote>\n<p class=\"x_MsoNormal\">\n<\/div>\n<p>&nbsp;<\/p>\n<div class=\"x_gmail_signature\" dir=\"ltr\" data-smartmail=\"gmail_signature\">\n<div dir=\"ltr\">\n<div dir=\"ltr\">\n<div dir=\"ltr\">\n<div dir=\"ltr\"><em>Fonte: Coordenadoria Geral de Comunica\u00e7\u00e3o da Prefeitura de Niter\u00f3i<\/em><\/div>\n<\/div>\n<\/div>\n<\/div>\n<\/div>","protected":false},"excerpt":{"rendered":"<p>CURTA E SIGA NOSSA P\u00c1GINA NO FACEBOOK CLICANDO AQUI \u00a0 CURTA E SIGA NOSSA P\u00c1GINA NO INSTAGRAM CLICANDO AQUI &nbsp; A Regi\u00e3o Oce\u00e2nica de Niter\u00f3i vai ganhar um posto de atendimento do Instituto Nacional do Seguro Social (INSS). Em evento realizado no audit\u00f3rio do Caminho Niemeyer, nesta sexta-feira (12), o prefeito de Niter\u00f3i, Axel Grael, e o ministro da Previd\u00eancia Social, Carlos Lupi, assinaram um Acordo de Coopera\u00e7\u00e3o entre o munic\u00edpio, o minist\u00e9rio e o INSS. &nbsp; &nbsp; &nbsp; Tamb\u00e9m estiveram presentes na cerim\u00f4nia o ex-prefeito de Niter\u00f3i e atual secret\u00e1rio-Executivo, Rodrigo Neves; o secret\u00e1rio da Regi\u00e3o Oce\u00e2nica, Binho Guimar\u00e3es; [&hellip;]<\/p>\n","protected":false},"author":4,"featured_media":5153,"comment_status":"open","ping_status":"open","sticky":false,"template":"","format":"standard","meta":{"footnotes":""},"categories":[5],"tags":[3537,899,50,3538,806],"class_list":["post-5152","post","type-post","status-publish","format-standard","has-post-thumbnail","hentry","category-noticias-de-niteroi","tag-agencia","tag-inss","tag-niteroi","tag-posto-de-atendimento","tag-regiao-oceanica","post--single"],"yoast_head":"<!-- This site is optimized with the Yoast SEO plugin v27.4 - https:\/\/yoast.com\/product\/yoast-seo-wordpress\/ -->\n<title>Regi\u00e3o Oce\u00e2nica ter\u00e1 posto de atendimento do INSS &#8226; Folha do Leste<\/title>\n<meta name=\"robots\" content=\"index, follow, max-snippet:-1, max-image-preview:large, max-video-preview:-1\" \/>\n<link rel=\"canonical\" href=\"https:\/\/folhadoleste.com.br\/en\/regiao-oceanica-tera-posto-de-atendimento-do-inss\/\" \/>\n<meta property=\"og:locale\" content=\"en_US\" \/>\n<meta property=\"og:type\" content=\"article\" \/>\n<meta property=\"og:title\" content=\"Regi\u00e3o Oce\u00e2nica ter\u00e1 posto de atendimento do INSS &#8226; Folha do Leste\" \/>\n<meta property=\"og:description\" content=\"CURTA E SIGA NOSSA P\u00c1GINA NO FACEBOOK CLICANDO AQUI \u00a0 CURTA E SIGA NOSSA P\u00c1GINA NO INSTAGRAM CLICANDO AQUI &nbsp; A Regi\u00e3o Oce\u00e2nica de Niter\u00f3i vai ganhar um posto de atendimento do Instituto Nacional do Seguro Social (INSS). Em evento realizado no audit\u00f3rio do Caminho Niemeyer, nesta sexta-feira (12), o prefeito de Niter\u00f3i, Axel Grael, e o ministro da Previd\u00eancia Social, Carlos Lupi, assinaram um Acordo de Coopera\u00e7\u00e3o entre o munic\u00edpio, o minist\u00e9rio e o INSS. &nbsp; &nbsp; &nbsp; Tamb\u00e9m estiveram presentes na cerim\u00f4nia o ex-prefeito de Niter\u00f3i e atual secret\u00e1rio-Executivo, Rodrigo Neves; o secret\u00e1rio da Regi\u00e3o Oce\u00e2nica, Binho Guimar\u00e3es; [&hellip;]\" \/>\n<meta property=\"og:url\" content=\"https:\/\/folhadoleste.com.br\/en\/regiao-oceanica-tera-posto-de-atendimento-do-inss\/\" \/>\n<meta property=\"og:site_name\" content=\"Folha do Leste\" \/>\n<meta property=\"article:publisher\" content=\"https:\/\/www.facebook.com\/folhadoleste\" \/>\n<meta property=\"article:published_time\" content=\"2023-05-13T17:18:47+00:00\" \/>\n<meta property=\"article:modified_time\" content=\"2023-05-13T17:20:15+00:00\" \/>\n<meta property=\"og:image\" content=\"https:\/\/folhadoleste.com.br\/wp-content\/uploads\/2023\/05\/CISP-7.webp\" \/>\n\t<meta property=\"og:image:width\" content=\"660\" \/>\n\t<meta property=\"og:image:height\" content=\"440\" \/>\n\t<meta property=\"og:image:type\" content=\"image\/webp\" \/>\n<meta name=\"author\" content=\"Folha do Leste\" \/>\n<meta name=\"twitter:card\" content=\"summary_large_image\" \/>\n<meta name=\"twitter:creator\" content=\"@FolhadoLesteRJ\" \/>\n<meta name=\"twitter:site\" content=\"@FolhadoLesteRJ\" \/>\n<meta name=\"twitter:label1\" content=\"Written by\" \/>\n\t<meta name=\"twitter:data1\" content=\"Folha do Leste\" \/>\n\t<meta name=\"twitter:label2\" content=\"Est. reading time\" \/>\n\t<meta name=\"twitter:data2\" content=\"3 minutes\" \/>\n<script type=\"application\/ld+json\" class=\"yoast-schema-graph\">{\"@context\":\"https:\\\/\\\/schema.org\",\"@graph\":[{\"@type\":\"NewsArticle\",\"@id\":\"https:\\\/\\\/folhadoleste.com.br\\\/regiao-oceanica-tera-posto-de-atendimento-do-inss\\\/#article\",\"isPartOf\":{\"@id\":\"https:\\\/\\\/folhadoleste.com.br\\\/regiao-oceanica-tera-posto-de-atendimento-do-inss\\\/\"},\"author\":{\"name\":\"Folha do Leste\",\"@id\":\"https:\\\/\\\/folhadoleste.com.br\\\/#\\\/schema\\\/person\\\/3e97145b2e1861276e84471aa85a3899\"},\"headline\":\"Regi\u00e3o Oce\u00e2nica ter\u00e1 posto de atendimento do INSS\",\"datePublished\":\"2023-05-13T17:18:47+00:00\",\"dateModified\":\"2023-05-13T17:20:15+00:00\",\"mainEntityOfPage\":{\"@id\":\"https:\\\/\\\/folhadoleste.com.br\\\/regiao-oceanica-tera-posto-de-atendimento-do-inss\\\/\"},\"wordCount\":453,\"commentCount\":0,\"publisher\":{\"@id\":\"https:\\\/\\\/folhadoleste.com.br\\\/#organization\"},\"image\":{\"@id\":\"https:\\\/\\\/folhadoleste.com.br\\\/regiao-oceanica-tera-posto-de-atendimento-do-inss\\\/#primaryimage\"},\"thumbnailUrl\":\"https:\\\/\\\/folhadoleste.com.br\\\/wp-content\\\/uploads\\\/2023\\\/05\\\/CISP-7.webp\",\"keywords\":[\"ag\u00eancia\",\"INSS\",\"Niter\u00f3i\",\"posto de atendimento\",\"Regi\u00e3o Oce\u00e2nica\"],\"articleSection\":[\"Niter\u00f3i\"],\"inLanguage\":\"en-US\",\"potentialAction\":[{\"@type\":\"CommentAction\",\"name\":\"Comment\",\"target\":[\"https:\\\/\\\/folhadoleste.com.br\\\/regiao-oceanica-tera-posto-de-atendimento-do-inss\\\/#respond\"]}]},{\"@type\":\"WebPage\",\"@id\":\"https:\\\/\\\/folhadoleste.com.br\\\/regiao-oceanica-tera-posto-de-atendimento-do-inss\\\/\",\"url\":\"https:\\\/\\\/folhadoleste.com.br\\\/regiao-oceanica-tera-posto-de-atendimento-do-inss\\\/\",\"name\":\"Regi\u00e3o Oce\u00e2nica ter\u00e1 posto de atendimento do INSS &#8226; Folha do Leste\",\"isPartOf\":{\"@id\":\"https:\\\/\\\/folhadoleste.com.br\\\/#website\"},\"primaryImageOfPage\":{\"@id\":\"https:\\\/\\\/folhadoleste.com.br\\\/regiao-oceanica-tera-posto-de-atendimento-do-inss\\\/#primaryimage\"},\"image\":{\"@id\":\"https:\\\/\\\/folhadoleste.com.br\\\/regiao-oceanica-tera-posto-de-atendimento-do-inss\\\/#primaryimage\"},\"thumbnailUrl\":\"https:\\\/\\\/folhadoleste.com.br\\\/wp-content\\\/uploads\\\/2023\\\/05\\\/CISP-7.webp\",\"datePublished\":\"2023-05-13T17:18:47+00:00\",\"dateModified\":\"2023-05-13T17:20:15+00:00\",\"breadcrumb\":{\"@id\":\"https:\\\/\\\/folhadoleste.com.br\\\/regiao-oceanica-tera-posto-de-atendimento-do-inss\\\/#breadcrumb\"},\"inLanguage\":\"en-US\",\"potentialAction\":[{\"@type\":\"ReadAction\",\"target\":[\"https:\\\/\\\/folhadoleste.com.br\\\/regiao-oceanica-tera-posto-de-atendimento-do-inss\\\/\"]}]},{\"@type\":\"ImageObject\",\"inLanguage\":\"en-US\",\"@id\":\"https:\\\/\\\/folhadoleste.com.br\\\/regiao-oceanica-tera-posto-de-atendimento-do-inss\\\/#primaryimage\",\"url\":\"https:\\\/\\\/folhadoleste.com.br\\\/wp-content\\\/uploads\\\/2023\\\/05\\\/CISP-7.webp\",\"contentUrl\":\"https:\\\/\\\/folhadoleste.com.br\\\/wp-content\\\/uploads\\\/2023\\\/05\\\/CISP-7.webp\",\"width\":660,\"height\":440},{\"@type\":\"BreadcrumbList\",\"@id\":\"https:\\\/\\\/folhadoleste.com.br\\\/regiao-oceanica-tera-posto-de-atendimento-do-inss\\\/#breadcrumb\",\"itemListElement\":[{\"@type\":\"ListItem\",\"position\":1,\"name\":\"In\u00edcio\",\"item\":\"https:\\\/\\\/folhadoleste.com.br\\\/\"},{\"@type\":\"ListItem\",\"position\":2,\"name\":\"Estado do Rio de Janeiro\",\"item\":\"https:\\\/\\\/folhadoleste.com.br\\\/category\\\/estado-do-rio-de-janeiro\\\/\"},{\"@type\":\"ListItem\",\"position\":3,\"name\":\"Leste Fluminense\",\"item\":\"https:\\\/\\\/folhadoleste.com.br\\\/category\\\/estado-do-rio-de-janeiro\\\/leste-fluminense\\\/\"},{\"@type\":\"ListItem\",\"position\":4,\"name\":\"Niter\u00f3i\",\"item\":\"https:\\\/\\\/folhadoleste.com.br\\\/category\\\/estado-do-rio-de-janeiro\\\/leste-fluminense\\\/noticias-de-niteroi\\\/\"},{\"@type\":\"ListItem\",\"position\":5,\"name\":\"Regi\u00e3o Oce\u00e2nica ter\u00e1 posto de atendimento do INSS\"}]},{\"@type\":\"WebSite\",\"@id\":\"https:\\\/\\\/folhadoleste.com.br\\\/#website\",\"url\":\"https:\\\/\\\/folhadoleste.com.br\\\/\",\"name\":\"Folha do Leste\",\"description\":\"Portal de Not\u00edcias com \u00eanfase em Niter\u00f3i, criando conte\u00fados desde a capital Rio de Janeiro, com olhar para o Leste Fluminense e suas cidades como S\u00e3o Gon\u00e7alo, Itabora\u00ed, Rio Bonito, Maric\u00e1, Saquarema e Araruama\",\"publisher\":{\"@id\":\"https:\\\/\\\/folhadoleste.com.br\\\/#organization\"},\"alternateName\":\"FL\",\"potentialAction\":[{\"@type\":\"SearchAction\",\"target\":{\"@type\":\"EntryPoint\",\"urlTemplate\":\"https:\\\/\\\/folhadoleste.com.br\\\/?s={search_term_string}\"},\"query-input\":{\"@type\":\"PropertyValueSpecification\",\"valueRequired\":true,\"valueName\":\"search_term_string\"}}],\"inLanguage\":\"en-US\"},{\"@type\":\"Organization\",\"@id\":\"https:\\\/\\\/folhadoleste.com.br\\\/#organization\",\"name\":\"Brasil 21 Comunica\u00e7\u00e3o\",\"alternateName\":\"BR21\",\"url\":\"https:\\\/\\\/folhadoleste.com.br\\\/\",\"logo\":{\"@type\":\"ImageObject\",\"inLanguage\":\"en-US\",\"@id\":\"https:\\\/\\\/folhadoleste.com.br\\\/#\\\/schema\\\/logo\\\/image\\\/\",\"url\":\"https:\\\/\\\/folhadoleste.com.br\\\/wp-content\\\/uploads\\\/2025\\\/12\\\/brasil-21-logomarca.avif\",\"contentUrl\":\"https:\\\/\\\/folhadoleste.com.br\\\/wp-content\\\/uploads\\\/2025\\\/12\\\/brasil-21-logomarca.avif\",\"width\":1044,\"height\":1044,\"caption\":\"Brasil 21 Comunica\u00e7\u00e3o\"},\"image\":{\"@id\":\"https:\\\/\\\/folhadoleste.com.br\\\/#\\\/schema\\\/logo\\\/image\\\/\"},\"sameAs\":[\"https:\\\/\\\/www.facebook.com\\\/folhadoleste\",\"https:\\\/\\\/x.com\\\/FolhadoLesteRJ\",\"https:\\\/\\\/www.instagram.com\\\/folhadoleste\\\/\"]},{\"@type\":\"Person\",\"@id\":\"https:\\\/\\\/folhadoleste.com.br\\\/#\\\/schema\\\/person\\\/3e97145b2e1861276e84471aa85a3899\",\"name\":\"Folha do Leste\",\"image\":{\"@type\":\"ImageObject\",\"inLanguage\":\"en-US\",\"@id\":\"https:\\\/\\\/folhadoleste.com.br\\\/wp-content\\\/litespeed\\\/avatar\\\/1ca8c218432e7045e748610eb3db0259.jpg?ver=1777161142\",\"url\":\"https:\\\/\\\/folhadoleste.com.br\\\/wp-content\\\/litespeed\\\/avatar\\\/1ca8c218432e7045e748610eb3db0259.jpg?ver=1777161142\",\"contentUrl\":\"https:\\\/\\\/folhadoleste.com.br\\\/wp-content\\\/litespeed\\\/avatar\\\/1ca8c218432e7045e748610eb3db0259.jpg?ver=1777161142\",\"caption\":\"Folha do Leste\"},\"url\":\"https:\\\/\\\/folhadoleste.com.br\\\/en\\\/author\\\/reportagem-01\\\/\"}]}<\/script>\n<!-- \/ Yoast SEO plugin. -->","yoast_head_json":{"title":"Regi\u00e3o Oce\u00e2nica ter\u00e1 posto de atendimento do INSS &#8226; Folha do Leste","robots":{"index":"index","follow":"follow","max-snippet":"max-snippet:-1","max-image-preview":"max-image-preview:large","max-video-preview":"max-video-preview:-1"},"canonical":"https:\/\/folhadoleste.com.br\/en\/regiao-oceanica-tera-posto-de-atendimento-do-inss\/","og_locale":"en_US","og_type":"article","og_title":"Regi\u00e3o Oce\u00e2nica ter\u00e1 posto de atendimento do INSS &#8226; Folha do Leste","og_description":"CURTA E SIGA NOSSA P\u00c1GINA NO FACEBOOK CLICANDO AQUI \u00a0 CURTA E SIGA NOSSA P\u00c1GINA NO INSTAGRAM CLICANDO AQUI &nbsp; A Regi\u00e3o Oce\u00e2nica de Niter\u00f3i vai ganhar um posto de atendimento do Instituto Nacional do Seguro Social (INSS). Em evento realizado no audit\u00f3rio do Caminho Niemeyer, nesta sexta-feira (12), o prefeito de Niter\u00f3i, Axel Grael, e o ministro da Previd\u00eancia Social, Carlos Lupi, assinaram um Acordo de Coopera\u00e7\u00e3o entre o munic\u00edpio, o minist\u00e9rio e o INSS. &nbsp; &nbsp; &nbsp; Tamb\u00e9m estiveram presentes na cerim\u00f4nia o ex-prefeito de Niter\u00f3i e atual secret\u00e1rio-Executivo, Rodrigo Neves; o secret\u00e1rio da Regi\u00e3o Oce\u00e2nica, Binho Guimar\u00e3es; [&hellip;]","og_url":"https:\/\/folhadoleste.com.br\/en\/regiao-oceanica-tera-posto-de-atendimento-do-inss\/","og_site_name":"Folha do Leste","article_publisher":"https:\/\/www.facebook.com\/folhadoleste","article_published_time":"2023-05-13T17:18:47+00:00","article_modified_time":"2023-05-13T17:20:15+00:00","og_image":[{"width":660,"height":440,"url":"https:\/\/folhadoleste.com.br\/wp-content\/uploads\/2023\/05\/CISP-7.webp","type":"image\/webp"}],"author":"Folha do Leste","twitter_card":"summary_large_image","twitter_creator":"@FolhadoLesteRJ","twitter_site":"@FolhadoLesteRJ","twitter_misc":{"Written by":"Folha do Leste","Est. reading time":"3 minutes"},"schema":{"@context":"https:\/\/schema.org","@graph":[{"@type":"NewsArticle","@id":"https:\/\/folhadoleste.com.br\/regiao-oceanica-tera-posto-de-atendimento-do-inss\/#article","isPartOf":{"@id":"https:\/\/folhadoleste.com.br\/regiao-oceanica-tera-posto-de-atendimento-do-inss\/"},"author":{"name":"Folha do Leste","@id":"https:\/\/folhadoleste.com.br\/#\/schema\/person\/3e97145b2e1861276e84471aa85a3899"},"headline":"Regi\u00e3o Oce\u00e2nica ter\u00e1 posto de atendimento do INSS","datePublished":"2023-05-13T17:18:47+00:00","dateModified":"2023-05-13T17:20:15+00:00","mainEntityOfPage":{"@id":"https:\/\/folhadoleste.com.br\/regiao-oceanica-tera-posto-de-atendimento-do-inss\/"},"wordCount":453,"commentCount":0,"publisher":{"@id":"https:\/\/folhadoleste.com.br\/#organization"},"image":{"@id":"https:\/\/folhadoleste.com.br\/regiao-oceanica-tera-posto-de-atendimento-do-inss\/#primaryimage"},"thumbnailUrl":"https:\/\/folhadoleste.com.br\/wp-content\/uploads\/2023\/05\/CISP-7.webp","keywords":["ag\u00eancia","INSS","Niter\u00f3i","posto de atendimento","Regi\u00e3o Oce\u00e2nica"],"articleSection":["Niter\u00f3i"],"inLanguage":"en-US","potentialAction":[{"@type":"CommentAction","name":"Comment","target":["https:\/\/folhadoleste.com.br\/regiao-oceanica-tera-posto-de-atendimento-do-inss\/#respond"]}]},{"@type":"WebPage","@id":"https:\/\/folhadoleste.com.br\/regiao-oceanica-tera-posto-de-atendimento-do-inss\/","url":"https:\/\/folhadoleste.com.br\/regiao-oceanica-tera-posto-de-atendimento-do-inss\/","name":"Regi\u00e3o Oce\u00e2nica ter\u00e1 posto de atendimento do INSS &#8226; Folha do Leste","isPartOf":{"@id":"https:\/\/folhadoleste.com.br\/#website"},"primaryImageOfPage":{"@id":"https:\/\/folhadoleste.com.br\/regiao-oceanica-tera-posto-de-atendimento-do-inss\/#primaryimage"},"image":{"@id":"https:\/\/folhadoleste.com.br\/regiao-oceanica-tera-posto-de-atendimento-do-inss\/#primaryimage"},"thumbnailUrl":"https:\/\/folhadoleste.com.br\/wp-content\/uploads\/2023\/05\/CISP-7.webp","datePublished":"2023-05-13T17:18:47+00:00","dateModified":"2023-05-13T17:20:15+00:00","breadcrumb":{"@id":"https:\/\/folhadoleste.com.br\/regiao-oceanica-tera-posto-de-atendimento-do-inss\/#breadcrumb"},"inLanguage":"en-US","potentialAction":[{"@type":"ReadAction","target":["https:\/\/folhadoleste.com.br\/regiao-oceanica-tera-posto-de-atendimento-do-inss\/"]}]},{"@type":"ImageObject","inLanguage":"en-US","@id":"https:\/\/folhadoleste.com.br\/regiao-oceanica-tera-posto-de-atendimento-do-inss\/#primaryimage","url":"https:\/\/folhadoleste.com.br\/wp-content\/uploads\/2023\/05\/CISP-7.webp","contentUrl":"https:\/\/folhadoleste.com.br\/wp-content\/uploads\/2023\/05\/CISP-7.webp","width":660,"height":440},{"@type":"BreadcrumbList","@id":"https:\/\/folhadoleste.com.br\/regiao-oceanica-tera-posto-de-atendimento-do-inss\/#breadcrumb","itemListElement":[{"@type":"ListItem","position":1,"name":"In\u00edcio","item":"https:\/\/folhadoleste.com.br\/"},{"@type":"ListItem","position":2,"name":"Estado do Rio de Janeiro","item":"https:\/\/folhadoleste.com.br\/category\/estado-do-rio-de-janeiro\/"},{"@type":"ListItem","position":3,"name":"Leste Fluminense","item":"https:\/\/folhadoleste.com.br\/category\/estado-do-rio-de-janeiro\/leste-fluminense\/"},{"@type":"ListItem","position":4,"name":"Niter\u00f3i","item":"https:\/\/folhadoleste.com.br\/category\/estado-do-rio-de-janeiro\/leste-fluminense\/noticias-de-niteroi\/"},{"@type":"ListItem","position":5,"name":"Regi\u00e3o Oce\u00e2nica ter\u00e1 posto de atendimento do INSS"}]},{"@type":"WebSite","@id":"https:\/\/folhadoleste.com.br\/#website","url":"https:\/\/folhadoleste.com.br\/","name":"Folha do Leste","description":"Portal de Not\u00edcias com \u00eanfase em Niter\u00f3i, criando conte\u00fados desde a capital Rio de Janeiro, com olhar para o Leste Fluminense e suas cidades como S\u00e3o Gon\u00e7alo, Itabora\u00ed, Rio Bonito, Maric\u00e1, Saquarema e Araruama","publisher":{"@id":"https:\/\/folhadoleste.com.br\/#organization"},"alternateName":"FL","potentialAction":[{"@type":"SearchAction","target":{"@type":"EntryPoint","urlTemplate":"https:\/\/folhadoleste.com.br\/?s={search_term_string}"},"query-input":{"@type":"PropertyValueSpecification","valueRequired":true,"valueName":"search_term_string"}}],"inLanguage":"en-US"},{"@type":"Organization","@id":"https:\/\/folhadoleste.com.br\/#organization","name":"Brasil 21 Comunica\u00e7\u00e3o","alternateName":"BR21","url":"https:\/\/folhadoleste.com.br\/","logo":{"@type":"ImageObject","inLanguage":"en-US","@id":"https:\/\/folhadoleste.com.br\/#\/schema\/logo\/image\/","url":"https:\/\/folhadoleste.com.br\/wp-content\/uploads\/2025\/12\/brasil-21-logomarca.avif","contentUrl":"https:\/\/folhadoleste.com.br\/wp-content\/uploads\/2025\/12\/brasil-21-logomarca.avif","width":1044,"height":1044,"caption":"Brasil 21 Comunica\u00e7\u00e3o"},"image":{"@id":"https:\/\/folhadoleste.com.br\/#\/schema\/logo\/image\/"},"sameAs":["https:\/\/www.facebook.com\/folhadoleste","https:\/\/x.com\/FolhadoLesteRJ","https:\/\/www.instagram.com\/folhadoleste\/"]},{"@type":"Person","@id":"https:\/\/folhadoleste.com.br\/#\/schema\/person\/3e97145b2e1861276e84471aa85a3899","name":"Folha do Leste","image":{"@type":"ImageObject","inLanguage":"en-US","@id":"https:\/\/folhadoleste.com.br\/wp-content\/litespeed\/avatar\/1ca8c218432e7045e748610eb3db0259.jpg?ver=1777161142","url":"https:\/\/folhadoleste.com.br\/wp-content\/litespeed\/avatar\/1ca8c218432e7045e748610eb3db0259.jpg?ver=1777161142","contentUrl":"https:\/\/folhadoleste.com.br\/wp-content\/litespeed\/avatar\/1ca8c218432e7045e748610eb3db0259.jpg?ver=1777161142","caption":"Folha do Leste"},"url":"https:\/\/folhadoleste.com.br\/en\/author\/reportagem-01\/"}]}},"_links":{"self":[{"href":"https:\/\/folhadoleste.com.br\/en\/wp-json\/wp\/v2\/posts\/5152","targetHints":{"allow":["GET"]}}],"collection":[{"href":"https:\/\/folhadoleste.com.br\/en\/wp-json\/wp\/v2\/posts"}],"about":[{"href":"https:\/\/folhadoleste.com.br\/en\/wp-json\/wp\/v2\/types\/post"}],"author":[{"embeddable":true,"href":"https:\/\/folhadoleste.com.br\/en\/wp-json\/wp\/v2\/users\/4"}],"replies":[{"embeddable":true,"href":"https:\/\/folhadoleste.com.br\/en\/wp-json\/wp\/v2\/comments?post=5152"}],"version-history":[{"count":2,"href":"https:\/\/folhadoleste.com.br\/en\/wp-json\/wp\/v2\/posts\/5152\/revisions"}],"predecessor-version":[{"id":5157,"href":"https:\/\/folhadoleste.com.br\/en\/wp-json\/wp\/v2\/posts\/5152\/revisions\/5157"}],"wp:featuredmedia":[{"embeddable":true,"href":"https:\/\/folhadoleste.com.br\/en\/wp-json\/wp\/v2\/media\/5153"}],"wp:attachment":[{"href":"https:\/\/folhadoleste.com.br\/en\/wp-json\/wp\/v2\/media?parent=5152"}],"wp:term":[{"taxonomy":"category","embeddable":true,"href":"https:\/\/folhadoleste.com.br\/en\/wp-json\/wp\/v2\/categories?post=5152"},{"taxonomy":"post_tag","embeddable":true,"href":"https:\/\/folhadoleste.com.br\/en\/wp-json\/wp\/v2\/tags?post=5152"}],"curies":[{"name":"wp","href":"https:\/\/api.w.org\/{rel}","templated":true}]}}