{"id":51305,"date":"2024-02-20T06:55:00","date_gmt":"2024-02-20T09:55:00","guid":{"rendered":"https:\/\/folhadoleste.com.br\/?p=51305"},"modified":"2024-02-20T06:56:26","modified_gmt":"2024-02-20T09:56:26","slug":"tragedia-crianca-despenca-do-alto-de-predio-luxuoso","status":"publish","type":"post","link":"https:\/\/folhadoleste.com.br\/en\/tragedia-crianca-despenca-do-alto-de-predio-luxuoso\/","title":{"rendered":"Trag\u00e9dia: crian\u00e7a despenca do alto de pr\u00e9dio luxuoso"},"content":{"rendered":"<div id=\"attachment_51307\" style=\"width: 898px\" class=\"wp-caption aligncenter\"><img decoding=\"async\" aria-describedby=\"caption-attachment-51307\" class=\"wp-image-51307 size-full\" src=\"https:\/\/folhadoleste.com.br\/wp-content\/uploads\/2024\/02\/captura-de-tela-2024-02-19-141829.jpeg.jpg\" alt=\"\" width=\"888\" height=\"396\" \/><p id=\"caption-attachment-51307\" class=\"wp-caption-text\">Creditos: Google Street View<\/p><\/div>\n<p>Um tr\u00e1gico incidente chocou moradores do bairro Tatuap\u00e9, na Zona Leste de S\u00e3o Paulo, quando um menino de apenas 7 anos de idade perdeu a vida ap\u00f3s cair do s\u00e9timo andar de um pr\u00e9dio localizado na Rua Pitangui.<\/p>\n<p>O Corpo de Bombeiros foi acionado \u00e0s 10h da \u00faltima segunda-feira (19) para prestar socorro \u00e0 crian\u00e7a. Quatro viaturas foram deslocadas para o local, onde o menino foi encontrado em estado cr\u00edtico, com parada cardiorrespirat\u00f3ria e ferimentos graves na cabe\u00e7a. Ele foi imediatamente encaminhado para um pronto-socorro da regi\u00e3o, por\u00e9m, infelizmente, n\u00e3o resistiu aos ferimentos.<\/p>\n<p>O caso est\u00e1 sendo tratado como morte suspeita e ser\u00e1 investigado pelo 52\u00ba Distrito Policial (DP) do Parque S\u00e3o Jorge. Em comunicado oficial, a Secretaria da Seguran\u00e7a P\u00fablica (SSP) informou que os laudos est\u00e3o em processo de elabora\u00e7\u00e3o e, ap\u00f3s sua conclus\u00e3o, ser\u00e3o analisados pela autoridade policial respons\u00e1vel, que conduzir\u00e1 as investiga\u00e7\u00f5es para esclarecer os fatos.<\/p>\n<p>Este triste epis\u00f3dio ressalta a import\u00e2ncia da seguran\u00e7a e vigil\u00e2ncia constante, especialmente em ambientes com crian\u00e7as. A comunidade local est\u00e1 profundamente abalada com a perda precoce deste jovem, e as autoridades est\u00e3o empenhadas em esclarecer os detalhes que cercam este incidente.<\/p>","protected":false},"excerpt":{"rendered":"<p>Um tr\u00e1gico incidente chocou moradores do bairro Tatuap\u00e9, na Zona Leste de S\u00e3o Paulo, quando um menino de apenas 7 anos de idade perdeu a vida ap\u00f3s cair do s\u00e9timo andar de um pr\u00e9dio localizado na Rua Pitangui. O Corpo de Bombeiros foi acionado \u00e0s 10h da \u00faltima segunda-feira (19) para prestar socorro \u00e0 crian\u00e7a. Quatro viaturas foram deslocadas para o local, onde o menino foi encontrado em estado cr\u00edtico, com parada cardiorrespirat\u00f3ria e ferimentos graves na cabe\u00e7a. Ele foi imediatamente encaminhado para um pronto-socorro da regi\u00e3o, por\u00e9m, infelizmente, n\u00e3o resistiu aos ferimentos. O caso est\u00e1 sendo tratado como morte [&hellip;]<\/p>\n","protected":false},"author":20,"featured_media":51307,"comment_status":"open","ping_status":"open","sticky":false,"template":"","format":"standard","meta":{"footnotes":""},"categories":[16178],"tags":[18003,735,4220],"class_list":["post-51305","post","type-post","status-publish","format-standard","has-post-thumbnail","hentry","category-policia-brasil","tag-menino-de-7-anos","tag-sao-paulo","tag-tragedia","post--single"],"yoast_head":"<!-- This site is optimized with the Yoast SEO plugin v27.4 - https:\/\/yoast.com\/product\/yoast-seo-wordpress\/ -->\n<title>Trag\u00e9dia: crian\u00e7a despenca do alto de pr\u00e9dio luxuoso &#8226; Folha do Leste<\/title>\n<meta name=\"description\" content=\"Um tr\u00e1gico incidente chocou moradores do bairro Tatuap\u00e9, na Zona Leste de S\u00e3o Paulo.\" \/>\n<meta name=\"robots\" content=\"index, follow, max-snippet:-1, max-image-preview:large, max-video-preview:-1\" \/>\n<link rel=\"canonical\" href=\"https:\/\/folhadoleste.com.br\/en\/tragedia-crianca-despenca-do-alto-de-predio-luxuoso\/\" \/>\n<meta property=\"og:locale\" content=\"en_US\" \/>\n<meta property=\"og:type\" content=\"article\" \/>\n<meta property=\"og:title\" content=\"Trag\u00e9dia: crian\u00e7a despenca do alto de pr\u00e9dio luxuoso &#8226; Folha do Leste\" \/>\n<meta property=\"og:description\" content=\"Pol\u00edcia &#8226; Folha do Leste\" \/>\n<meta property=\"og:url\" content=\"https:\/\/folhadoleste.com.br\/en\/tragedia-crianca-despenca-do-alto-de-predio-luxuoso\/\" \/>\n<meta property=\"og:site_name\" content=\"Folha do Leste\" \/>\n<meta property=\"article:publisher\" content=\"https:\/\/www.facebook.com\/folhadoleste\" \/>\n<meta property=\"article:published_time\" content=\"2024-02-20T09:55:00+00:00\" \/>\n<meta property=\"article:modified_time\" content=\"2024-02-20T09:56:26+00:00\" \/>\n<meta property=\"og:image\" content=\"https:\/\/folhadoleste.com.br\/wp-content\/uploads\/2024\/02\/captura-de-tela-2024-02-19-141829.jpeg.jpg\" \/>\n\t<meta property=\"og:image:width\" content=\"888\" \/>\n\t<meta property=\"og:image:height\" content=\"396\" \/>\n\t<meta property=\"og:image:type\" content=\"image\/jpeg\" \/>\n<meta name=\"author\" content=\"Aline Cardoso\" \/>\n<meta name=\"twitter:card\" content=\"summary_large_image\" \/>\n<meta name=\"twitter:creator\" content=\"@FolhadoLesteRJ\" \/>\n<meta name=\"twitter:site\" content=\"@FolhadoLesteRJ\" \/>\n<meta name=\"twitter:label1\" content=\"Written by\" \/>\n\t<meta name=\"twitter:data1\" content=\"Aline Cardoso\" \/>\n\t<meta name=\"twitter:label2\" content=\"Est. reading time\" \/>\n\t<meta name=\"twitter:data2\" content=\"2 minutes\" \/>\n<script type=\"application\/ld+json\" class=\"yoast-schema-graph\">{\"@context\":\"https:\\\/\\\/schema.org\",\"@graph\":[{\"@type\":\"NewsArticle\",\"@id\":\"https:\\\/\\\/folhadoleste.com.br\\\/tragedia-crianca-despenca-do-alto-de-predio-luxuoso\\\/#article\",\"isPartOf\":{\"@id\":\"https:\\\/\\\/folhadoleste.com.br\\\/tragedia-crianca-despenca-do-alto-de-predio-luxuoso\\\/\"},\"author\":{\"name\":\"Aline Cardoso\",\"@id\":\"https:\\\/\\\/folhadoleste.com.br\\\/#\\\/schema\\\/person\\\/8a7ae93d6db16fac63c612c1c1ec607c\"},\"headline\":\"Trag\u00e9dia: crian\u00e7a despenca do alto de pr\u00e9dio luxuoso\",\"datePublished\":\"2024-02-20T09:55:00+00:00\",\"dateModified\":\"2024-02-20T09:56:26+00:00\",\"mainEntityOfPage\":{\"@id\":\"https:\\\/\\\/folhadoleste.com.br\\\/tragedia-crianca-despenca-do-alto-de-predio-luxuoso\\\/\"},\"wordCount\":236,\"commentCount\":0,\"publisher\":{\"@id\":\"https:\\\/\\\/folhadoleste.com.br\\\/#organization\"},\"image\":{\"@id\":\"https:\\\/\\\/folhadoleste.com.br\\\/tragedia-crianca-despenca-do-alto-de-predio-luxuoso\\\/#primaryimage\"},\"thumbnailUrl\":\"https:\\\/\\\/folhadoleste.com.br\\\/wp-content\\\/uploads\\\/2024\\\/02\\\/captura-de-tela-2024-02-19-141829.jpeg.jpg\",\"keywords\":[\"Menino de 7 anos\",\"S\u00e3o Paulo\",\"Trag\u00e9dia\"],\"articleSection\":[\"Pol\u00edcia\"],\"inLanguage\":\"en-US\",\"potentialAction\":[{\"@type\":\"CommentAction\",\"name\":\"Comment\",\"target\":[\"https:\\\/\\\/folhadoleste.com.br\\\/tragedia-crianca-despenca-do-alto-de-predio-luxuoso\\\/#respond\"]}]},{\"@type\":\"WebPage\",\"@id\":\"https:\\\/\\\/folhadoleste.com.br\\\/tragedia-crianca-despenca-do-alto-de-predio-luxuoso\\\/\",\"url\":\"https:\\\/\\\/folhadoleste.com.br\\\/tragedia-crianca-despenca-do-alto-de-predio-luxuoso\\\/\",\"name\":\"Trag\u00e9dia: crian\u00e7a despenca do alto de pr\u00e9dio luxuoso &#8226; Folha do Leste\",\"isPartOf\":{\"@id\":\"https:\\\/\\\/folhadoleste.com.br\\\/#website\"},\"primaryImageOfPage\":{\"@id\":\"https:\\\/\\\/folhadoleste.com.br\\\/tragedia-crianca-despenca-do-alto-de-predio-luxuoso\\\/#primaryimage\"},\"image\":{\"@id\":\"https:\\\/\\\/folhadoleste.com.br\\\/tragedia-crianca-despenca-do-alto-de-predio-luxuoso\\\/#primaryimage\"},\"thumbnailUrl\":\"https:\\\/\\\/folhadoleste.com.br\\\/wp-content\\\/uploads\\\/2024\\\/02\\\/captura-de-tela-2024-02-19-141829.jpeg.jpg\",\"datePublished\":\"2024-02-20T09:55:00+00:00\",\"dateModified\":\"2024-02-20T09:56:26+00:00\",\"description\":\"Um tr\u00e1gico incidente chocou moradores do bairro Tatuap\u00e9, na Zona Leste de S\u00e3o Paulo.\",\"breadcrumb\":{\"@id\":\"https:\\\/\\\/folhadoleste.com.br\\\/tragedia-crianca-despenca-do-alto-de-predio-luxuoso\\\/#breadcrumb\"},\"inLanguage\":\"en-US\",\"potentialAction\":[{\"@type\":\"ReadAction\",\"target\":[\"https:\\\/\\\/folhadoleste.com.br\\\/tragedia-crianca-despenca-do-alto-de-predio-luxuoso\\\/\"]}]},{\"@type\":\"ImageObject\",\"inLanguage\":\"en-US\",\"@id\":\"https:\\\/\\\/folhadoleste.com.br\\\/tragedia-crianca-despenca-do-alto-de-predio-luxuoso\\\/#primaryimage\",\"url\":\"https:\\\/\\\/folhadoleste.com.br\\\/wp-content\\\/uploads\\\/2024\\\/02\\\/captura-de-tela-2024-02-19-141829.jpeg.jpg\",\"contentUrl\":\"https:\\\/\\\/folhadoleste.com.br\\\/wp-content\\\/uploads\\\/2024\\\/02\\\/captura-de-tela-2024-02-19-141829.jpeg.jpg\",\"width\":888,\"height\":396,\"caption\":\"Creditos: Google Street View\"},{\"@type\":\"BreadcrumbList\",\"@id\":\"https:\\\/\\\/folhadoleste.com.br\\\/tragedia-crianca-despenca-do-alto-de-predio-luxuoso\\\/#breadcrumb\",\"itemListElement\":[{\"@type\":\"ListItem\",\"position\":1,\"name\":\"In\u00edcio\",\"item\":\"https:\\\/\\\/folhadoleste.com.br\\\/\"},{\"@type\":\"ListItem\",\"position\":2,\"name\":\"Brasil\",\"item\":\"https:\\\/\\\/folhadoleste.com.br\\\/category\\\/brasil\\\/\"},{\"@type\":\"ListItem\",\"position\":3,\"name\":\"Pol\u00edcia\",\"item\":\"https:\\\/\\\/folhadoleste.com.br\\\/category\\\/brasil\\\/policia-brasil\\\/\"},{\"@type\":\"ListItem\",\"position\":4,\"name\":\"Trag\u00e9dia: crian\u00e7a despenca do alto de pr\u00e9dio luxuoso\"}]},{\"@type\":\"WebSite\",\"@id\":\"https:\\\/\\\/folhadoleste.com.br\\\/#website\",\"url\":\"https:\\\/\\\/folhadoleste.com.br\\\/\",\"name\":\"Folha do Leste\",\"description\":\"Portal de Not\u00edcias com \u00eanfase em Niter\u00f3i, criando conte\u00fados desde a capital Rio de Janeiro, com olhar para o Leste Fluminense e suas cidades como S\u00e3o Gon\u00e7alo, Itabora\u00ed, Rio Bonito, Maric\u00e1, Saquarema e Araruama\",\"publisher\":{\"@id\":\"https:\\\/\\\/folhadoleste.com.br\\\/#organization\"},\"alternateName\":\"FL\",\"potentialAction\":[{\"@type\":\"SearchAction\",\"target\":{\"@type\":\"EntryPoint\",\"urlTemplate\":\"https:\\\/\\\/folhadoleste.com.br\\\/?s={search_term_string}\"},\"query-input\":{\"@type\":\"PropertyValueSpecification\",\"valueRequired\":true,\"valueName\":\"search_term_string\"}}],\"inLanguage\":\"en-US\"},{\"@type\":\"Organization\",\"@id\":\"https:\\\/\\\/folhadoleste.com.br\\\/#organization\",\"name\":\"Brasil 21 Comunica\u00e7\u00e3o\",\"alternateName\":\"BR21\",\"url\":\"https:\\\/\\\/folhadoleste.com.br\\\/\",\"logo\":{\"@type\":\"ImageObject\",\"inLanguage\":\"en-US\",\"@id\":\"https:\\\/\\\/folhadoleste.com.br\\\/#\\\/schema\\\/logo\\\/image\\\/\",\"url\":\"https:\\\/\\\/folhadoleste.com.br\\\/wp-content\\\/uploads\\\/2025\\\/12\\\/brasil-21-logomarca.avif\",\"contentUrl\":\"https:\\\/\\\/folhadoleste.com.br\\\/wp-content\\\/uploads\\\/2025\\\/12\\\/brasil-21-logomarca.avif\",\"width\":1044,\"height\":1044,\"caption\":\"Brasil 21 Comunica\u00e7\u00e3o\"},\"image\":{\"@id\":\"https:\\\/\\\/folhadoleste.com.br\\\/#\\\/schema\\\/logo\\\/image\\\/\"},\"sameAs\":[\"https:\\\/\\\/www.facebook.com\\\/folhadoleste\",\"https:\\\/\\\/x.com\\\/FolhadoLesteRJ\",\"https:\\\/\\\/www.instagram.com\\\/folhadoleste\\\/\"]},{\"@type\":\"Person\",\"@id\":\"https:\\\/\\\/folhadoleste.com.br\\\/#\\\/schema\\\/person\\\/8a7ae93d6db16fac63c612c1c1ec607c\",\"name\":\"Aline Cardoso\",\"image\":{\"@type\":\"ImageObject\",\"inLanguage\":\"en-US\",\"@id\":\"https:\\\/\\\/folhadoleste.com.br\\\/wp-content\\\/litespeed\\\/avatar\\\/7a80fcd932dbdfaac31d3bc42bc19e98.jpg?ver=1777161231\",\"url\":\"https:\\\/\\\/folhadoleste.com.br\\\/wp-content\\\/litespeed\\\/avatar\\\/7a80fcd932dbdfaac31d3bc42bc19e98.jpg?ver=1777161231\",\"contentUrl\":\"https:\\\/\\\/folhadoleste.com.br\\\/wp-content\\\/litespeed\\\/avatar\\\/7a80fcd932dbdfaac31d3bc42bc19e98.jpg?ver=1777161231\",\"caption\":\"Aline Cardoso\"},\"url\":\"https:\\\/\\\/folhadoleste.com.br\\\/en\\\/author\\\/aline-cardoso\\\/\"}]}<\/script>\n<!-- \/ Yoast SEO plugin. -->","yoast_head_json":{"title":"Trag\u00e9dia: crian\u00e7a despenca do alto de pr\u00e9dio luxuoso &#8226; Folha do Leste","description":"Um tr\u00e1gico incidente chocou moradores do bairro Tatuap\u00e9, na Zona Leste de S\u00e3o Paulo.","robots":{"index":"index","follow":"follow","max-snippet":"max-snippet:-1","max-image-preview":"max-image-preview:large","max-video-preview":"max-video-preview:-1"},"canonical":"https:\/\/folhadoleste.com.br\/en\/tragedia-crianca-despenca-do-alto-de-predio-luxuoso\/","og_locale":"en_US","og_type":"article","og_title":"Trag\u00e9dia: crian\u00e7a despenca do alto de pr\u00e9dio luxuoso &#8226; Folha do Leste","og_description":"Pol\u00edcia &#8226; Folha do Leste","og_url":"https:\/\/folhadoleste.com.br\/en\/tragedia-crianca-despenca-do-alto-de-predio-luxuoso\/","og_site_name":"Folha do Leste","article_publisher":"https:\/\/www.facebook.com\/folhadoleste","article_published_time":"2024-02-20T09:55:00+00:00","article_modified_time":"2024-02-20T09:56:26+00:00","og_image":[{"width":888,"height":396,"url":"https:\/\/folhadoleste.com.br\/wp-content\/uploads\/2024\/02\/captura-de-tela-2024-02-19-141829.jpeg.jpg","type":"image\/jpeg"}],"author":"Aline Cardoso","twitter_card":"summary_large_image","twitter_creator":"@FolhadoLesteRJ","twitter_site":"@FolhadoLesteRJ","twitter_misc":{"Written by":"Aline Cardoso","Est. reading time":"2 minutes"},"schema":{"@context":"https:\/\/schema.org","@graph":[{"@type":"NewsArticle","@id":"https:\/\/folhadoleste.com.br\/tragedia-crianca-despenca-do-alto-de-predio-luxuoso\/#article","isPartOf":{"@id":"https:\/\/folhadoleste.com.br\/tragedia-crianca-despenca-do-alto-de-predio-luxuoso\/"},"author":{"name":"Aline Cardoso","@id":"https:\/\/folhadoleste.com.br\/#\/schema\/person\/8a7ae93d6db16fac63c612c1c1ec607c"},"headline":"Trag\u00e9dia: crian\u00e7a despenca do alto de pr\u00e9dio luxuoso","datePublished":"2024-02-20T09:55:00+00:00","dateModified":"2024-02-20T09:56:26+00:00","mainEntityOfPage":{"@id":"https:\/\/folhadoleste.com.br\/tragedia-crianca-despenca-do-alto-de-predio-luxuoso\/"},"wordCount":236,"commentCount":0,"publisher":{"@id":"https:\/\/folhadoleste.com.br\/#organization"},"image":{"@id":"https:\/\/folhadoleste.com.br\/tragedia-crianca-despenca-do-alto-de-predio-luxuoso\/#primaryimage"},"thumbnailUrl":"https:\/\/folhadoleste.com.br\/wp-content\/uploads\/2024\/02\/captura-de-tela-2024-02-19-141829.jpeg.jpg","keywords":["Menino de 7 anos","S\u00e3o Paulo","Trag\u00e9dia"],"articleSection":["Pol\u00edcia"],"inLanguage":"en-US","potentialAction":[{"@type":"CommentAction","name":"Comment","target":["https:\/\/folhadoleste.com.br\/tragedia-crianca-despenca-do-alto-de-predio-luxuoso\/#respond"]}]},{"@type":"WebPage","@id":"https:\/\/folhadoleste.com.br\/tragedia-crianca-despenca-do-alto-de-predio-luxuoso\/","url":"https:\/\/folhadoleste.com.br\/tragedia-crianca-despenca-do-alto-de-predio-luxuoso\/","name":"Trag\u00e9dia: crian\u00e7a despenca do alto de pr\u00e9dio luxuoso &#8226; Folha do Leste","isPartOf":{"@id":"https:\/\/folhadoleste.com.br\/#website"},"primaryImageOfPage":{"@id":"https:\/\/folhadoleste.com.br\/tragedia-crianca-despenca-do-alto-de-predio-luxuoso\/#primaryimage"},"image":{"@id":"https:\/\/folhadoleste.com.br\/tragedia-crianca-despenca-do-alto-de-predio-luxuoso\/#primaryimage"},"thumbnailUrl":"https:\/\/folhadoleste.com.br\/wp-content\/uploads\/2024\/02\/captura-de-tela-2024-02-19-141829.jpeg.jpg","datePublished":"2024-02-20T09:55:00+00:00","dateModified":"2024-02-20T09:56:26+00:00","description":"Um tr\u00e1gico incidente chocou moradores do bairro Tatuap\u00e9, na Zona Leste de S\u00e3o Paulo.","breadcrumb":{"@id":"https:\/\/folhadoleste.com.br\/tragedia-crianca-despenca-do-alto-de-predio-luxuoso\/#breadcrumb"},"inLanguage":"en-US","potentialAction":[{"@type":"ReadAction","target":["https:\/\/folhadoleste.com.br\/tragedia-crianca-despenca-do-alto-de-predio-luxuoso\/"]}]},{"@type":"ImageObject","inLanguage":"en-US","@id":"https:\/\/folhadoleste.com.br\/tragedia-crianca-despenca-do-alto-de-predio-luxuoso\/#primaryimage","url":"https:\/\/folhadoleste.com.br\/wp-content\/uploads\/2024\/02\/captura-de-tela-2024-02-19-141829.jpeg.jpg","contentUrl":"https:\/\/folhadoleste.com.br\/wp-content\/uploads\/2024\/02\/captura-de-tela-2024-02-19-141829.jpeg.jpg","width":888,"height":396,"caption":"Creditos: Google Street View"},{"@type":"BreadcrumbList","@id":"https:\/\/folhadoleste.com.br\/tragedia-crianca-despenca-do-alto-de-predio-luxuoso\/#breadcrumb","itemListElement":[{"@type":"ListItem","position":1,"name":"In\u00edcio","item":"https:\/\/folhadoleste.com.br\/"},{"@type":"ListItem","position":2,"name":"Brasil","item":"https:\/\/folhadoleste.com.br\/category\/brasil\/"},{"@type":"ListItem","position":3,"name":"Pol\u00edcia","item":"https:\/\/folhadoleste.com.br\/category\/brasil\/policia-brasil\/"},{"@type":"ListItem","position":4,"name":"Trag\u00e9dia: crian\u00e7a despenca do alto de pr\u00e9dio luxuoso"}]},{"@type":"WebSite","@id":"https:\/\/folhadoleste.com.br\/#website","url":"https:\/\/folhadoleste.com.br\/","name":"Folha do Leste","description":"Portal de Not\u00edcias com \u00eanfase em Niter\u00f3i, criando conte\u00fados desde a capital Rio de Janeiro, com olhar para o Leste Fluminense e suas cidades como S\u00e3o Gon\u00e7alo, Itabora\u00ed, Rio Bonito, Maric\u00e1, Saquarema e Araruama","publisher":{"@id":"https:\/\/folhadoleste.com.br\/#organization"},"alternateName":"FL","potentialAction":[{"@type":"SearchAction","target":{"@type":"EntryPoint","urlTemplate":"https:\/\/folhadoleste.com.br\/?s={search_term_string}"},"query-input":{"@type":"PropertyValueSpecification","valueRequired":true,"valueName":"search_term_string"}}],"inLanguage":"en-US"},{"@type":"Organization","@id":"https:\/\/folhadoleste.com.br\/#organization","name":"Brasil 21 Comunica\u00e7\u00e3o","alternateName":"BR21","url":"https:\/\/folhadoleste.com.br\/","logo":{"@type":"ImageObject","inLanguage":"en-US","@id":"https:\/\/folhadoleste.com.br\/#\/schema\/logo\/image\/","url":"https:\/\/folhadoleste.com.br\/wp-content\/uploads\/2025\/12\/brasil-21-logomarca.avif","contentUrl":"https:\/\/folhadoleste.com.br\/wp-content\/uploads\/2025\/12\/brasil-21-logomarca.avif","width":1044,"height":1044,"caption":"Brasil 21 Comunica\u00e7\u00e3o"},"image":{"@id":"https:\/\/folhadoleste.com.br\/#\/schema\/logo\/image\/"},"sameAs":["https:\/\/www.facebook.com\/folhadoleste","https:\/\/x.com\/FolhadoLesteRJ","https:\/\/www.instagram.com\/folhadoleste\/"]},{"@type":"Person","@id":"https:\/\/folhadoleste.com.br\/#\/schema\/person\/8a7ae93d6db16fac63c612c1c1ec607c","name":"Aline Cardoso","image":{"@type":"ImageObject","inLanguage":"en-US","@id":"https:\/\/folhadoleste.com.br\/wp-content\/litespeed\/avatar\/7a80fcd932dbdfaac31d3bc42bc19e98.jpg?ver=1777161231","url":"https:\/\/folhadoleste.com.br\/wp-content\/litespeed\/avatar\/7a80fcd932dbdfaac31d3bc42bc19e98.jpg?ver=1777161231","contentUrl":"https:\/\/folhadoleste.com.br\/wp-content\/litespeed\/avatar\/7a80fcd932dbdfaac31d3bc42bc19e98.jpg?ver=1777161231","caption":"Aline Cardoso"},"url":"https:\/\/folhadoleste.com.br\/en\/author\/aline-cardoso\/"}]}},"_links":{"self":[{"href":"https:\/\/folhadoleste.com.br\/en\/wp-json\/wp\/v2\/posts\/51305","targetHints":{"allow":["GET"]}}],"collection":[{"href":"https:\/\/folhadoleste.com.br\/en\/wp-json\/wp\/v2\/posts"}],"about":[{"href":"https:\/\/folhadoleste.com.br\/en\/wp-json\/wp\/v2\/types\/post"}],"author":[{"embeddable":true,"href":"https:\/\/folhadoleste.com.br\/en\/wp-json\/wp\/v2\/users\/20"}],"replies":[{"embeddable":true,"href":"https:\/\/folhadoleste.com.br\/en\/wp-json\/wp\/v2\/comments?post=51305"}],"version-history":[{"count":2,"href":"https:\/\/folhadoleste.com.br\/en\/wp-json\/wp\/v2\/posts\/51305\/revisions"}],"predecessor-version":[{"id":51309,"href":"https:\/\/folhadoleste.com.br\/en\/wp-json\/wp\/v2\/posts\/51305\/revisions\/51309"}],"wp:featuredmedia":[{"embeddable":true,"href":"https:\/\/folhadoleste.com.br\/en\/wp-json\/wp\/v2\/media\/51307"}],"wp:attachment":[{"href":"https:\/\/folhadoleste.com.br\/en\/wp-json\/wp\/v2\/media?parent=51305"}],"wp:term":[{"taxonomy":"category","embeddable":true,"href":"https:\/\/folhadoleste.com.br\/en\/wp-json\/wp\/v2\/categories?post=51305"},{"taxonomy":"post_tag","embeddable":true,"href":"https:\/\/folhadoleste.com.br\/en\/wp-json\/wp\/v2\/tags?post=51305"}],"curies":[{"name":"wp","href":"https:\/\/api.w.org\/{rel}","templated":true}]}}