{"id":49471,"date":"2024-02-11T00:30:08","date_gmt":"2024-02-11T03:30:08","guid":{"rendered":"https:\/\/folhadoleste.com.br\/?p=49471"},"modified":"2024-02-11T12:10:28","modified_gmt":"2024-02-11T15:10:28","slug":"cantora-niteroiense-celebra-mpb-em-novo-album","status":"publish","type":"post","link":"https:\/\/folhadoleste.com.br\/en\/cantora-niteroiense-celebra-mpb-em-novo-album\/","title":{"rendered":"Cantora niteroiense celebra MPB em novo \u00e1lbum"},"content":{"rendered":"<div id=\"attachment_49474\" style=\"width: 1034px\" class=\"wp-caption alignnone\"><img decoding=\"async\" aria-describedby=\"caption-attachment-49474\" class=\"wp-image-49474 size-large\" src=\"https:\/\/folhadoleste.com.br\/wp-content\/uploads\/2024\/02\/Trat_Nanda_Garcia_FtGutoCosta_0412-1024x683.jpg\" alt=\"\" width=\"1024\" height=\"683\" \/><p id=\"caption-attachment-49474\" class=\"wp-caption-text\">Foto: Gra\u00e7a Paes<\/p><\/div>\n<p>Um \u00e1lbum inteiro dedicado \u00e0 m\u00fasica brasileira e com participa\u00e7\u00f5es muito especiais de cantores consagrados no pa\u00eds. Este \u00e9 o trabalho que a cantora niteroiense Nanda Garcia apresenta em seu novo \u00e1lbum, &#8220;Sessions JBFM Nanda Garcia&#8221;, presente nas plataformas digitais.<\/p>\n<p>Conhecida por participar da edi\u00e7\u00e3o de 2014 do &#8220;The Voice Brasil&#8221;, Nanda explica que o novo trabalho explora a diversidade da M\u00fasica Popular Brasileira com a mistura de ritmos como bossa nova, jazz e at\u00e9 o pop.<\/p>\n<p>Ao todo, s\u00e3o 12 can\u00e7\u00f5es que cont\u00e9m composi\u00e7\u00f5es pr\u00f3prias e participa\u00e7\u00f5es de nomes da MPB xomo Thiago Pantale\u00e3o e Fl\u00e1vio Venturini. Para a cantora, o lan\u00e7amento representa um novo momento na carreira.<\/p>\n<p class=\"v1MsoNormal\">&#8220;Estou muito feliz e realizada com esse trabalho onde posso celebrar e explorar as diversas nuances da nossa m\u00fasica e mostrar minha ess\u00eancia. \u00c9 mais uma realiza\u00e7\u00e3o porque \u00e9 tamb\u00e9m o meu novo show onde canto sucessos da MPB que fazem parte de outros \u00e1lbuns que lancei, como o &#8220;Na Minha Voz&#8221; e &#8220;Volte Meu Amor&#8221;, que tem can\u00e7\u00f5es que eu escrevi.&#8221;, explica a artista.<\/p>\n<p>Gravado no Teatro Claro Rio, em Copacabana, na Zona Sul carioca, o \u00e1lbum &#8220;Sessions JBFM Nanda Garcia&#8221; ser\u00e1 veiculado na \u00edntegra na programa\u00e7\u00e3o da r\u00e1dio carioca. O repert\u00f3rio tamb\u00e9m \u00e9 composto por covers in\u00e9ditos de Chico Buarque, Whitney Houston, Roberto Carlos e Erasmo Carlos.<\/p>\n<p class=\"v1MsoNormal\">&#8220;O repert\u00f3rio \u00e9 MPB contempor\u00e2nea, com arranjos lindos do produtor musical Alexandre Castilho e um time de m\u00fasicos da melhor qualidade. S\u00e3o m\u00fasicas que tem um apelo afetivo e emocional muito importante na minha vida, al\u00e9m de ser um trabalho com energia l\u00e1 em cima e tamb\u00e9m para emocionar ao p\u00fablico.&#8221;, define Nanda.<\/p>\n<p><strong>M\u00fasica presente desde a inf\u00e2ncia<\/strong><\/p>\n<p>O universo musical \u00e9 algo que acompanha a artista desde sempre. Neta de Geraldo Baptista, cantor e compositor da d\u00e9cada de 40, ela se apresentava no coral da escola com apenas 10 anos. E aos 16, em 2002, iniciou a carreira solo apresentando-se ao lado de nomes como Ivan Lins, Joana e Jair Rodrigues.<\/p>\n<p>Por todo o envolvimento com a m\u00fasica, ela chegou a ficar entre as cinco finalistas da edi\u00e7\u00e3o de 2008 do &#8220;\u00cddolos&#8221;, exibido na Record. E em 2014 foi uma das finalistas do &#8220;The Voice&#8221;, onde tamb\u00e9m desenvolveu uma amizade com um dos jurados, Carlinhos Brown.<\/p>\n<p>Gra\u00e7as a essa parceria que Nanda e Brown desenvolveram mais de um projeto juntos. Um deles foi a composi\u00e7\u00e3o a quatro m\u00e3os chamada &#8220;Ilustres&#8221;. E em 2021, eles regravaram &#8220;Amor, I Love You&#8221;, sucesso de Marisa Monte no ano 2000 e que tem Brown como um dos compositores.<\/p>\n<p class=\"v1MsoNormal\">No ano passado, em 2023, Nanda foi destaque do quadro &#8220;Sobe o Som&#8221; do programa &#8220;Caldeir\u00e3o do Mion&#8221;, da TV Globo. Na atra\u00e7\u00e3o, ela cantou ao lado de L\u00facio Mauro Filho &#8220;(I&#8217;ve Had) The Time Of My Life&#8221;, m\u00fasica de Bill Medley e Jennifer Warnes, sucesso do filme &#8220;Dirty Dancing &#8211; Ritmo Quente&#8221;.<\/p>\n<p class=\"v1MsoNormal\">","protected":false},"excerpt":{"rendered":"<p>Um \u00e1lbum inteiro dedicado \u00e0 m\u00fasica brasileira e com participa\u00e7\u00f5es muito especiais de cantores consagrados no pa\u00eds. Este \u00e9 o trabalho que a cantora niteroiense Nanda Garcia apresenta em seu novo \u00e1lbum, &#8220;Sessions JBFM Nanda Garcia&#8221;, presente nas plataformas digitais. Conhecida por participar da edi\u00e7\u00e3o de 2014 do &#8220;The Voice Brasil&#8221;, Nanda explica que o novo trabalho explora a diversidade da M\u00fasica Popular Brasileira com a mistura de ritmos como bossa nova, jazz e at\u00e9 o pop. Ao todo, s\u00e3o 12 can\u00e7\u00f5es que cont\u00e9m composi\u00e7\u00f5es pr\u00f3prias e participa\u00e7\u00f5es de nomes da MPB xomo Thiago Pantale\u00e3o e Fl\u00e1vio Venturini. Para a [&hellip;]<\/p>\n","protected":false},"author":15,"featured_media":49474,"comment_status":"open","ping_status":"open","sticky":false,"template":"","format":"standard","meta":{"footnotes":""},"categories":[83,10506],"tags":[17734,1909,5273,1878,16982,50],"class_list":["post-49471","post","type-post","status-publish","format-standard","has-post-thumbnail","hentry","category-entretenimento-artes-e-cultura-destaque","category-musica","tag-album","tag-cantora","tag-lancamento","tag-mpb","tag-nanda-garcia","tag-niteroi","post--single"],"yoast_head":"<!-- This site is optimized with the Yoast SEO plugin v27.5 - https:\/\/yoast.com\/product\/yoast-seo-wordpress\/ -->\n<title>Cantora niteroiense celebra MPB em novo \u00e1lbum &#8226; Folha do Leste<\/title>\n<meta name=\"description\" content=\"Um \u00e1lbum inteiro dedicado \u00e0 m\u00fasica brasileira e com participa\u00e7\u00f5es muito especiais de cantores consagrados no pa\u00eds. Este \u00e9 o trabalho\" \/>\n<meta name=\"robots\" content=\"index, follow, max-snippet:-1, max-image-preview:large, max-video-preview:-1\" \/>\n<link rel=\"canonical\" href=\"https:\/\/folhadoleste.com.br\/en\/cantora-niteroiense-celebra-mpb-em-novo-album\/\" \/>\n<meta property=\"og:locale\" content=\"en_US\" \/>\n<meta property=\"og:type\" content=\"article\" \/>\n<meta property=\"og:title\" content=\"Cantora niteroiense celebra MPB em novo \u00e1lbum &#8226; Folha do Leste\" \/>\n<meta property=\"og:description\" content=\"Um \u00e1lbum inteiro dedicado \u00e0 m\u00fasica brasileira e com participa\u00e7\u00f5es muito especiais de cantores consagrados no pa\u00eds. Este \u00e9 o trabalho\" \/>\n<meta property=\"og:url\" content=\"https:\/\/folhadoleste.com.br\/en\/cantora-niteroiense-celebra-mpb-em-novo-album\/\" \/>\n<meta property=\"og:site_name\" content=\"Folha do Leste\" \/>\n<meta property=\"article:publisher\" content=\"https:\/\/www.facebook.com\/folhadoleste\" \/>\n<meta property=\"article:published_time\" content=\"2024-02-11T03:30:08+00:00\" \/>\n<meta property=\"article:modified_time\" content=\"2024-02-11T15:10:28+00:00\" \/>\n<meta property=\"og:image\" content=\"https:\/\/folhadoleste.com.br\/wp-content\/uploads\/2024\/02\/Trat_Nanda_Garcia_FtGutoCosta_0412-scaled.jpg\" \/>\n\t<meta property=\"og:image:width\" content=\"2560\" \/>\n\t<meta property=\"og:image:height\" content=\"1708\" \/>\n\t<meta property=\"og:image:type\" content=\"image\/jpeg\" \/>\n<meta name=\"author\" content=\"Gabriel Gontijo\" \/>\n<meta name=\"twitter:card\" content=\"summary_large_image\" \/>\n<meta name=\"twitter:creator\" content=\"@FolhadoLesteRJ\" \/>\n<meta name=\"twitter:site\" content=\"@FolhadoLesteRJ\" \/>\n<meta name=\"twitter:label1\" content=\"Written by\" \/>\n\t<meta name=\"twitter:data1\" content=\"Gabriel Gontijo\" \/>\n\t<meta name=\"twitter:label2\" content=\"Est. reading time\" \/>\n\t<meta name=\"twitter:data2\" content=\"3 minutes\" \/>\n<script type=\"application\/ld+json\" class=\"yoast-schema-graph\">{\"@context\":\"https:\\\/\\\/schema.org\",\"@graph\":[{\"@type\":\"NewsArticle\",\"@id\":\"https:\\\/\\\/folhadoleste.com.br\\\/cantora-niteroiense-celebra-mpb-em-novo-album\\\/#article\",\"isPartOf\":{\"@id\":\"https:\\\/\\\/folhadoleste.com.br\\\/cantora-niteroiense-celebra-mpb-em-novo-album\\\/\"},\"author\":{\"name\":\"Gabriel Gontijo\",\"@id\":\"https:\\\/\\\/folhadoleste.com.br\\\/#\\\/schema\\\/person\\\/b221dfcb2145a1f2b2629b441b0a1270\"},\"headline\":\"Cantora niteroiense celebra MPB em novo \u00e1lbum\",\"datePublished\":\"2024-02-11T03:30:08+00:00\",\"dateModified\":\"2024-02-11T15:10:28+00:00\",\"mainEntityOfPage\":{\"@id\":\"https:\\\/\\\/folhadoleste.com.br\\\/cantora-niteroiense-celebra-mpb-em-novo-album\\\/\"},\"wordCount\":522,\"commentCount\":0,\"publisher\":{\"@id\":\"https:\\\/\\\/folhadoleste.com.br\\\/#organization\"},\"image\":{\"@id\":\"https:\\\/\\\/folhadoleste.com.br\\\/cantora-niteroiense-celebra-mpb-em-novo-album\\\/#primaryimage\"},\"thumbnailUrl\":\"https:\\\/\\\/folhadoleste.com.br\\\/wp-content\\\/uploads\\\/2024\\\/02\\\/Trat_Nanda_Garcia_FtGutoCosta_0412-scaled.jpg\",\"keywords\":[\"\u00e1lbum\",\"cantora\",\"lan\u00e7amento\",\"MPB\",\"Nanda Garcia\",\"Niter\u00f3i\"],\"articleSection\":[\"Entretenimento, Artes e Cultura\",\"M\u00fasica\"],\"inLanguage\":\"en-US\",\"potentialAction\":[{\"@type\":\"CommentAction\",\"name\":\"Comment\",\"target\":[\"https:\\\/\\\/folhadoleste.com.br\\\/cantora-niteroiense-celebra-mpb-em-novo-album\\\/#respond\"]}]},{\"@type\":\"WebPage\",\"@id\":\"https:\\\/\\\/folhadoleste.com.br\\\/cantora-niteroiense-celebra-mpb-em-novo-album\\\/\",\"url\":\"https:\\\/\\\/folhadoleste.com.br\\\/cantora-niteroiense-celebra-mpb-em-novo-album\\\/\",\"name\":\"Cantora niteroiense celebra MPB em novo \u00e1lbum &#8226; Folha do Leste\",\"isPartOf\":{\"@id\":\"https:\\\/\\\/folhadoleste.com.br\\\/#website\"},\"primaryImageOfPage\":{\"@id\":\"https:\\\/\\\/folhadoleste.com.br\\\/cantora-niteroiense-celebra-mpb-em-novo-album\\\/#primaryimage\"},\"image\":{\"@id\":\"https:\\\/\\\/folhadoleste.com.br\\\/cantora-niteroiense-celebra-mpb-em-novo-album\\\/#primaryimage\"},\"thumbnailUrl\":\"https:\\\/\\\/folhadoleste.com.br\\\/wp-content\\\/uploads\\\/2024\\\/02\\\/Trat_Nanda_Garcia_FtGutoCosta_0412-scaled.jpg\",\"datePublished\":\"2024-02-11T03:30:08+00:00\",\"dateModified\":\"2024-02-11T15:10:28+00:00\",\"description\":\"Um \u00e1lbum inteiro dedicado \u00e0 m\u00fasica brasileira e com participa\u00e7\u00f5es muito especiais de cantores consagrados no pa\u00eds. Este \u00e9 o trabalho\",\"breadcrumb\":{\"@id\":\"https:\\\/\\\/folhadoleste.com.br\\\/cantora-niteroiense-celebra-mpb-em-novo-album\\\/#breadcrumb\"},\"inLanguage\":\"en-US\",\"potentialAction\":[{\"@type\":\"ReadAction\",\"target\":[\"https:\\\/\\\/folhadoleste.com.br\\\/cantora-niteroiense-celebra-mpb-em-novo-album\\\/\"]}]},{\"@type\":\"ImageObject\",\"inLanguage\":\"en-US\",\"@id\":\"https:\\\/\\\/folhadoleste.com.br\\\/cantora-niteroiense-celebra-mpb-em-novo-album\\\/#primaryimage\",\"url\":\"https:\\\/\\\/folhadoleste.com.br\\\/wp-content\\\/uploads\\\/2024\\\/02\\\/Trat_Nanda_Garcia_FtGutoCosta_0412-scaled.jpg\",\"contentUrl\":\"https:\\\/\\\/folhadoleste.com.br\\\/wp-content\\\/uploads\\\/2024\\\/02\\\/Trat_Nanda_Garcia_FtGutoCosta_0412-scaled.jpg\",\"width\":2560,\"height\":1708,\"caption\":\"Foto: Gra\u00e7a Paes\"},{\"@type\":\"BreadcrumbList\",\"@id\":\"https:\\\/\\\/folhadoleste.com.br\\\/cantora-niteroiense-celebra-mpb-em-novo-album\\\/#breadcrumb\",\"itemListElement\":[{\"@type\":\"ListItem\",\"position\":1,\"name\":\"In\u00edcio\",\"item\":\"https:\\\/\\\/folhadoleste.com.br\\\/\"},{\"@type\":\"ListItem\",\"position\":2,\"name\":\"Entretenimento, Artes e Cultura\",\"item\":\"https:\\\/\\\/folhadoleste.com.br\\\/category\\\/entretenimento-artes-e-cultura-destaque\\\/\"},{\"@type\":\"ListItem\",\"position\":3,\"name\":\"Cantora niteroiense celebra MPB em novo \u00e1lbum\"}]},{\"@type\":\"WebSite\",\"@id\":\"https:\\\/\\\/folhadoleste.com.br\\\/#website\",\"url\":\"https:\\\/\\\/folhadoleste.com.br\\\/\",\"name\":\"Folha do Leste\",\"description\":\"Portal de Not\u00edcias com \u00eanfase em Niter\u00f3i, criando conte\u00fados desde a capital Rio de Janeiro, com olhar para o Leste Fluminense e suas cidades como S\u00e3o Gon\u00e7alo, Itabora\u00ed, Rio Bonito, Maric\u00e1, Saquarema e Araruama\",\"publisher\":{\"@id\":\"https:\\\/\\\/folhadoleste.com.br\\\/#organization\"},\"alternateName\":\"FL\",\"potentialAction\":[{\"@type\":\"SearchAction\",\"target\":{\"@type\":\"EntryPoint\",\"urlTemplate\":\"https:\\\/\\\/folhadoleste.com.br\\\/?s={search_term_string}\"},\"query-input\":{\"@type\":\"PropertyValueSpecification\",\"valueRequired\":true,\"valueName\":\"search_term_string\"}}],\"inLanguage\":\"en-US\"},{\"@type\":\"Organization\",\"@id\":\"https:\\\/\\\/folhadoleste.com.br\\\/#organization\",\"name\":\"Brasil 21 Comunica\u00e7\u00e3o\",\"alternateName\":\"BR21\",\"url\":\"https:\\\/\\\/folhadoleste.com.br\\\/\",\"logo\":{\"@type\":\"ImageObject\",\"inLanguage\":\"en-US\",\"@id\":\"https:\\\/\\\/folhadoleste.com.br\\\/#\\\/schema\\\/logo\\\/image\\\/\",\"url\":\"https:\\\/\\\/folhadoleste.com.br\\\/wp-content\\\/uploads\\\/2025\\\/12\\\/brasil-21-logomarca.avif\",\"contentUrl\":\"https:\\\/\\\/folhadoleste.com.br\\\/wp-content\\\/uploads\\\/2025\\\/12\\\/brasil-21-logomarca.avif\",\"width\":1044,\"height\":1044,\"caption\":\"Brasil 21 Comunica\u00e7\u00e3o\"},\"image\":{\"@id\":\"https:\\\/\\\/folhadoleste.com.br\\\/#\\\/schema\\\/logo\\\/image\\\/\"},\"sameAs\":[\"https:\\\/\\\/www.facebook.com\\\/folhadoleste\",\"https:\\\/\\\/x.com\\\/FolhadoLesteRJ\",\"https:\\\/\\\/www.instagram.com\\\/folhadoleste\\\/\"]},{\"@type\":\"Person\",\"@id\":\"https:\\\/\\\/folhadoleste.com.br\\\/#\\\/schema\\\/person\\\/b221dfcb2145a1f2b2629b441b0a1270\",\"name\":\"Gabriel Gontijo\",\"image\":{\"@type\":\"ImageObject\",\"inLanguage\":\"en-US\",\"@id\":\"https:\\\/\\\/folhadoleste.com.br\\\/wp-content\\\/litespeed\\\/avatar\\\/ec69cbfd472624d176510944f17f9555.jpg?ver=1777161195\",\"url\":\"https:\\\/\\\/folhadoleste.com.br\\\/wp-content\\\/litespeed\\\/avatar\\\/ec69cbfd472624d176510944f17f9555.jpg?ver=1777161195\",\"contentUrl\":\"https:\\\/\\\/folhadoleste.com.br\\\/wp-content\\\/litespeed\\\/avatar\\\/ec69cbfd472624d176510944f17f9555.jpg?ver=1777161195\",\"caption\":\"Gabriel Gontijo\"},\"url\":\"https:\\\/\\\/folhadoleste.com.br\\\/en\\\/author\\\/gabriel-gontijo\\\/\"}]}<\/script>\n<!-- \/ Yoast SEO plugin. -->","yoast_head_json":{"title":"Cantora niteroiense celebra MPB em novo \u00e1lbum &#8226; Folha do Leste","description":"Um \u00e1lbum inteiro dedicado \u00e0 m\u00fasica brasileira e com participa\u00e7\u00f5es muito especiais de cantores consagrados no pa\u00eds. Este \u00e9 o trabalho","robots":{"index":"index","follow":"follow","max-snippet":"max-snippet:-1","max-image-preview":"max-image-preview:large","max-video-preview":"max-video-preview:-1"},"canonical":"https:\/\/folhadoleste.com.br\/en\/cantora-niteroiense-celebra-mpb-em-novo-album\/","og_locale":"en_US","og_type":"article","og_title":"Cantora niteroiense celebra MPB em novo \u00e1lbum &#8226; Folha do Leste","og_description":"Um \u00e1lbum inteiro dedicado \u00e0 m\u00fasica brasileira e com participa\u00e7\u00f5es muito especiais de cantores consagrados no pa\u00eds. Este \u00e9 o trabalho","og_url":"https:\/\/folhadoleste.com.br\/en\/cantora-niteroiense-celebra-mpb-em-novo-album\/","og_site_name":"Folha do Leste","article_publisher":"https:\/\/www.facebook.com\/folhadoleste","article_published_time":"2024-02-11T03:30:08+00:00","article_modified_time":"2024-02-11T15:10:28+00:00","og_image":[{"width":2560,"height":1708,"url":"https:\/\/folhadoleste.com.br\/wp-content\/uploads\/2024\/02\/Trat_Nanda_Garcia_FtGutoCosta_0412-scaled.jpg","type":"image\/jpeg"}],"author":"Gabriel Gontijo","twitter_card":"summary_large_image","twitter_creator":"@FolhadoLesteRJ","twitter_site":"@FolhadoLesteRJ","twitter_misc":{"Written by":"Gabriel Gontijo","Est. reading time":"3 minutes"},"schema":{"@context":"https:\/\/schema.org","@graph":[{"@type":"NewsArticle","@id":"https:\/\/folhadoleste.com.br\/cantora-niteroiense-celebra-mpb-em-novo-album\/#article","isPartOf":{"@id":"https:\/\/folhadoleste.com.br\/cantora-niteroiense-celebra-mpb-em-novo-album\/"},"author":{"name":"Gabriel Gontijo","@id":"https:\/\/folhadoleste.com.br\/#\/schema\/person\/b221dfcb2145a1f2b2629b441b0a1270"},"headline":"Cantora niteroiense celebra MPB em novo \u00e1lbum","datePublished":"2024-02-11T03:30:08+00:00","dateModified":"2024-02-11T15:10:28+00:00","mainEntityOfPage":{"@id":"https:\/\/folhadoleste.com.br\/cantora-niteroiense-celebra-mpb-em-novo-album\/"},"wordCount":522,"commentCount":0,"publisher":{"@id":"https:\/\/folhadoleste.com.br\/#organization"},"image":{"@id":"https:\/\/folhadoleste.com.br\/cantora-niteroiense-celebra-mpb-em-novo-album\/#primaryimage"},"thumbnailUrl":"https:\/\/folhadoleste.com.br\/wp-content\/uploads\/2024\/02\/Trat_Nanda_Garcia_FtGutoCosta_0412-scaled.jpg","keywords":["\u00e1lbum","cantora","lan\u00e7amento","MPB","Nanda Garcia","Niter\u00f3i"],"articleSection":["Entretenimento, Artes e Cultura","M\u00fasica"],"inLanguage":"en-US","potentialAction":[{"@type":"CommentAction","name":"Comment","target":["https:\/\/folhadoleste.com.br\/cantora-niteroiense-celebra-mpb-em-novo-album\/#respond"]}]},{"@type":"WebPage","@id":"https:\/\/folhadoleste.com.br\/cantora-niteroiense-celebra-mpb-em-novo-album\/","url":"https:\/\/folhadoleste.com.br\/cantora-niteroiense-celebra-mpb-em-novo-album\/","name":"Cantora niteroiense celebra MPB em novo \u00e1lbum &#8226; Folha do Leste","isPartOf":{"@id":"https:\/\/folhadoleste.com.br\/#website"},"primaryImageOfPage":{"@id":"https:\/\/folhadoleste.com.br\/cantora-niteroiense-celebra-mpb-em-novo-album\/#primaryimage"},"image":{"@id":"https:\/\/folhadoleste.com.br\/cantora-niteroiense-celebra-mpb-em-novo-album\/#primaryimage"},"thumbnailUrl":"https:\/\/folhadoleste.com.br\/wp-content\/uploads\/2024\/02\/Trat_Nanda_Garcia_FtGutoCosta_0412-scaled.jpg","datePublished":"2024-02-11T03:30:08+00:00","dateModified":"2024-02-11T15:10:28+00:00","description":"Um \u00e1lbum inteiro dedicado \u00e0 m\u00fasica brasileira e com participa\u00e7\u00f5es muito especiais de cantores consagrados no pa\u00eds. Este \u00e9 o trabalho","breadcrumb":{"@id":"https:\/\/folhadoleste.com.br\/cantora-niteroiense-celebra-mpb-em-novo-album\/#breadcrumb"},"inLanguage":"en-US","potentialAction":[{"@type":"ReadAction","target":["https:\/\/folhadoleste.com.br\/cantora-niteroiense-celebra-mpb-em-novo-album\/"]}]},{"@type":"ImageObject","inLanguage":"en-US","@id":"https:\/\/folhadoleste.com.br\/cantora-niteroiense-celebra-mpb-em-novo-album\/#primaryimage","url":"https:\/\/folhadoleste.com.br\/wp-content\/uploads\/2024\/02\/Trat_Nanda_Garcia_FtGutoCosta_0412-scaled.jpg","contentUrl":"https:\/\/folhadoleste.com.br\/wp-content\/uploads\/2024\/02\/Trat_Nanda_Garcia_FtGutoCosta_0412-scaled.jpg","width":2560,"height":1708,"caption":"Foto: Gra\u00e7a Paes"},{"@type":"BreadcrumbList","@id":"https:\/\/folhadoleste.com.br\/cantora-niteroiense-celebra-mpb-em-novo-album\/#breadcrumb","itemListElement":[{"@type":"ListItem","position":1,"name":"In\u00edcio","item":"https:\/\/folhadoleste.com.br\/"},{"@type":"ListItem","position":2,"name":"Entretenimento, Artes e Cultura","item":"https:\/\/folhadoleste.com.br\/category\/entretenimento-artes-e-cultura-destaque\/"},{"@type":"ListItem","position":3,"name":"Cantora niteroiense celebra MPB em novo \u00e1lbum"}]},{"@type":"WebSite","@id":"https:\/\/folhadoleste.com.br\/#website","url":"https:\/\/folhadoleste.com.br\/","name":"Folha do Leste","description":"Portal de Not\u00edcias com \u00eanfase em Niter\u00f3i, criando conte\u00fados desde a capital Rio de Janeiro, com olhar para o Leste Fluminense e suas cidades como S\u00e3o Gon\u00e7alo, Itabora\u00ed, Rio Bonito, Maric\u00e1, Saquarema e Araruama","publisher":{"@id":"https:\/\/folhadoleste.com.br\/#organization"},"alternateName":"FL","potentialAction":[{"@type":"SearchAction","target":{"@type":"EntryPoint","urlTemplate":"https:\/\/folhadoleste.com.br\/?s={search_term_string}"},"query-input":{"@type":"PropertyValueSpecification","valueRequired":true,"valueName":"search_term_string"}}],"inLanguage":"en-US"},{"@type":"Organization","@id":"https:\/\/folhadoleste.com.br\/#organization","name":"Brasil 21 Comunica\u00e7\u00e3o","alternateName":"BR21","url":"https:\/\/folhadoleste.com.br\/","logo":{"@type":"ImageObject","inLanguage":"en-US","@id":"https:\/\/folhadoleste.com.br\/#\/schema\/logo\/image\/","url":"https:\/\/folhadoleste.com.br\/wp-content\/uploads\/2025\/12\/brasil-21-logomarca.avif","contentUrl":"https:\/\/folhadoleste.com.br\/wp-content\/uploads\/2025\/12\/brasil-21-logomarca.avif","width":1044,"height":1044,"caption":"Brasil 21 Comunica\u00e7\u00e3o"},"image":{"@id":"https:\/\/folhadoleste.com.br\/#\/schema\/logo\/image\/"},"sameAs":["https:\/\/www.facebook.com\/folhadoleste","https:\/\/x.com\/FolhadoLesteRJ","https:\/\/www.instagram.com\/folhadoleste\/"]},{"@type":"Person","@id":"https:\/\/folhadoleste.com.br\/#\/schema\/person\/b221dfcb2145a1f2b2629b441b0a1270","name":"Gabriel Gontijo","image":{"@type":"ImageObject","inLanguage":"en-US","@id":"https:\/\/folhadoleste.com.br\/wp-content\/litespeed\/avatar\/ec69cbfd472624d176510944f17f9555.jpg?ver=1777161195","url":"https:\/\/folhadoleste.com.br\/wp-content\/litespeed\/avatar\/ec69cbfd472624d176510944f17f9555.jpg?ver=1777161195","contentUrl":"https:\/\/folhadoleste.com.br\/wp-content\/litespeed\/avatar\/ec69cbfd472624d176510944f17f9555.jpg?ver=1777161195","caption":"Gabriel Gontijo"},"url":"https:\/\/folhadoleste.com.br\/en\/author\/gabriel-gontijo\/"}]}},"_links":{"self":[{"href":"https:\/\/folhadoleste.com.br\/en\/wp-json\/wp\/v2\/posts\/49471","targetHints":{"allow":["GET"]}}],"collection":[{"href":"https:\/\/folhadoleste.com.br\/en\/wp-json\/wp\/v2\/posts"}],"about":[{"href":"https:\/\/folhadoleste.com.br\/en\/wp-json\/wp\/v2\/types\/post"}],"author":[{"embeddable":true,"href":"https:\/\/folhadoleste.com.br\/en\/wp-json\/wp\/v2\/users\/15"}],"replies":[{"embeddable":true,"href":"https:\/\/folhadoleste.com.br\/en\/wp-json\/wp\/v2\/comments?post=49471"}],"version-history":[{"count":2,"href":"https:\/\/folhadoleste.com.br\/en\/wp-json\/wp\/v2\/posts\/49471\/revisions"}],"predecessor-version":[{"id":49475,"href":"https:\/\/folhadoleste.com.br\/en\/wp-json\/wp\/v2\/posts\/49471\/revisions\/49475"}],"wp:featuredmedia":[{"embeddable":true,"href":"https:\/\/folhadoleste.com.br\/en\/wp-json\/wp\/v2\/media\/49474"}],"wp:attachment":[{"href":"https:\/\/folhadoleste.com.br\/en\/wp-json\/wp\/v2\/media?parent=49471"}],"wp:term":[{"taxonomy":"category","embeddable":true,"href":"https:\/\/folhadoleste.com.br\/en\/wp-json\/wp\/v2\/categories?post=49471"},{"taxonomy":"post_tag","embeddable":true,"href":"https:\/\/folhadoleste.com.br\/en\/wp-json\/wp\/v2\/tags?post=49471"}],"curies":[{"name":"wp","href":"https:\/\/api.w.org\/{rel}","templated":true}]}}