{"id":4944,"date":"2023-05-11T20:05:07","date_gmt":"2023-05-11T23:05:07","guid":{"rendered":"https:\/\/folhadoleste.com.br\/?p=4944"},"modified":"2023-05-11T21:03:31","modified_gmt":"2023-05-12T00:03:31","slug":"relator-sinaliza-que-deve-votar-pela-condenacao-de-collor-no-stf","status":"publish","type":"post","link":"https:\/\/folhadoleste.com.br\/en\/relator-sinaliza-que-deve-votar-pela-condenacao-de-collor-no-stf\/","title":{"rendered":"Relator sinaliza que deve votar pela condena\u00e7\u00e3o de Collor no STF"},"content":{"rendered":"<p>O Supremo Tribunal Federal (STF) retomou nesta quinta-feira (11) o julgamento da a\u00e7\u00e3o penal aberta pela Corte contra o ex-senador Fernando Collor. O julgamento vai definir se Collor ser\u00e1 condenado pelo tribunal em um processo oriundo da Opera\u00e7\u00e3o Lava Jato.<\/p>\n<p>\u00danico a se manifestar na sess\u00e3o de hoje, o relator, ministro Edson Fachin, considerou que h\u00e1 provas de crimes de corrup\u00e7\u00e3o passiva e de lavagem de dinheiro e sinalizou que deve votar pela condena\u00e7\u00e3o de Collor. Contudo, a leitura do voto n\u00e3o terminou, e a sess\u00e3o ser\u00e1 retomada na quarta-feira (17). Mais nove ministros devem votar.<\/p>\n<p>A Corte julga uma a\u00e7\u00e3o penal aberta em agosto de 2017. Segundo a Procuradoria-Geral da Rep\u00fablica (PGR), o ex-presidente da Rep\u00fablica teria recebido R$ 29 milh\u00f5es em propina pela influ\u00eancia pol\u00edtica na BR Distribuidora, empresa subsidi\u00e1ria da Petrobras. Os crimes\u00a0de corrup\u00e7\u00e3o, lavagem de dinheiro e organiza\u00e7\u00e3o criminosa\u00a0teriam ocorrido entre 2010 e 2014.<\/p>\n<p>Em sua manifesta\u00e7\u00e3o, Fachin citou que a investiga\u00e7\u00e3o mostrou que foram feitos 713 dep\u00f3sitos fracionados em contas mantidas por Collor. Segundo o ministro, somente em dezembro de 2012, as contas receberam R$ 357 mil em esp\u00e9cie.<\/p>\n<p>O relator afirmou ainda que documentos apreendidos uma busca e apreens\u00e3o realizada na casa de Collor demonstram que o ex-senador tinha informa\u00e7\u00f5es sobre os neg\u00f3cios firmados pela empresa.<\/p>\n<p>&#8220;Entendo que est\u00e1 assentada a viabilidade da configura\u00e7\u00e3o do delito de corrup\u00e7\u00e3o passiva mediante a indica\u00e7\u00e3o e a sustenta\u00e7\u00e3o aos quadros diretivos de sociedades de economia mista ou empresas p\u00fablicas em raz\u00e3o do exerc\u00edcio desviado das fun\u00e7\u00f5es parlamentares&#8221;, afirmou o relator.<\/p>\n<h2>Defesa<\/h2>\n<p>Durante a sess\u00e3o, o advogado Marcelo Bessa pediu a absolvi\u00e7\u00e3o de Collor. O defensor afirmou que as acusa\u00e7\u00f5es da PGR est\u00e3o baseadas em depoimentos de dela\u00e7\u00e3o premiada e n\u00e3o foram apresentadas provas para incriminar o ex-senador.<\/p>\n<p>Bessa tamb\u00e9m negou que o ex-parlamentar tenha sido respons\u00e1vel pela indica\u00e7\u00e3o\u00a0de diretores da empresa. Segundo ele, os delatores acusaram Collor com base em coment\u00e1rios de terceiros.<\/p>\n<p>&#8220;N\u00e3o h\u00e1 nenhuma prova id\u00f4nea que corrobore essa vers\u00e3o do Minist\u00e9rio P\u00fablico. Se tem aqui uma vers\u00e3o posta, \u00fanica e exclusivamente, por colaboradores premiados, que n\u00e3o dizem que a arrecada\u00e7\u00e3o desses valores teria rela\u00e7\u00e3o com Collor ou com suposta intermedia\u00e7\u00e3o desse contrato de embandeiramento&#8221;, afirmou.<\/p>\n<p>&nbsp;<\/p>\n<p><em>Fonte: Ag\u00eancia Brasil<\/em><\/p>","protected":false},"excerpt":{"rendered":"<p>O Supremo Tribunal Federal (STF) retomou nesta quinta-feira (11) o julgamento da a\u00e7\u00e3o penal aberta pela Corte contra o ex-senador Fernando Collor. O julgamento vai definir se Collor ser\u00e1 condenado pelo tribunal em um processo oriundo da Opera\u00e7\u00e3o Lava Jato. \u00danico a se manifestar na sess\u00e3o de hoje, o relator, ministro Edson Fachin, considerou que h\u00e1 provas de crimes de corrup\u00e7\u00e3o passiva e de lavagem de dinheiro e sinalizou que deve votar pela condena\u00e7\u00e3o de Collor. Contudo, a leitura do voto n\u00e3o terminou, e a sess\u00e3o ser\u00e1 retomada na quarta-feira (17). Mais nove ministros devem votar. A Corte julga uma [&hellip;]<\/p>\n","protected":false},"author":4,"featured_media":4945,"comment_status":"open","ping_status":"open","sticky":false,"template":"","format":"standard","meta":{"footnotes":""},"categories":[288],"tags":[3378,3377,697,3380,3379,318],"class_list":["post-4944","post","type-post","status-publish","format-standard","has-post-thumbnail","hentry","category-justica","tag-corrupcao","tag-fernando-collor","tag-justica","tag-lavagem-de-dinheiro","tag-operacao-lava-jato","tag-stf","post--single"],"yoast_head":"<!-- This site is optimized with the Yoast SEO plugin v27.4 - https:\/\/yoast.com\/product\/yoast-seo-wordpress\/ -->\n<title>Relator sinaliza que deve votar pela condena\u00e7\u00e3o de Collor no STF &#8226; Folha do Leste<\/title>\n<meta name=\"description\" content=\"O Supremo Tribunal Federal (STF) retomou nesta quinta-feira (11) o julgamento da a\u00e7\u00e3o penal aberta pela Corte contra o ex-senador Fernando Collor.\" \/>\n<meta name=\"robots\" content=\"index, follow, max-snippet:-1, max-image-preview:large, max-video-preview:-1\" \/>\n<link rel=\"canonical\" href=\"https:\/\/folhadoleste.com.br\/en\/relator-sinaliza-que-deve-votar-pela-condenacao-de-collor-no-stf\/\" \/>\n<meta property=\"og:locale\" content=\"en_US\" \/>\n<meta property=\"og:type\" content=\"article\" \/>\n<meta property=\"og:title\" content=\"Relator sinaliza que deve votar pela condena\u00e7\u00e3o de Collor no STF &#8226; Folha do Leste\" \/>\n<meta property=\"og:description\" content=\"O Supremo Tribunal Federal (STF) retomou nesta quinta-feira (11) o julgamento da a\u00e7\u00e3o penal aberta pela Corte contra o ex-senador Fernando Collor.\" \/>\n<meta property=\"og:url\" content=\"https:\/\/folhadoleste.com.br\/en\/relator-sinaliza-que-deve-votar-pela-condenacao-de-collor-no-stf\/\" \/>\n<meta property=\"og:site_name\" content=\"Folha do Leste\" \/>\n<meta property=\"article:publisher\" content=\"https:\/\/www.facebook.com\/folhadoleste\" \/>\n<meta property=\"article:published_time\" content=\"2023-05-11T23:05:07+00:00\" \/>\n<meta property=\"article:modified_time\" content=\"2023-05-12T00:03:31+00:00\" \/>\n<meta property=\"og:image\" content=\"https:\/\/folhadoleste.com.br\/wp-content\/uploads\/2023\/05\/Relator-sinaliza-que-deve-votar-pela-condenacao-de-Collor-no-STF-Antonio-Augusto-Agencia-Brasil.jpg\" \/>\n\t<meta property=\"og:image:width\" content=\"1170\" \/>\n\t<meta property=\"og:image:height\" content=\"700\" \/>\n\t<meta property=\"og:image:type\" content=\"image\/jpeg\" \/>\n<meta name=\"author\" content=\"Folha do Leste\" \/>\n<meta name=\"twitter:card\" content=\"summary_large_image\" \/>\n<meta name=\"twitter:creator\" content=\"@FolhadoLesteRJ\" \/>\n<meta name=\"twitter:site\" content=\"@FolhadoLesteRJ\" \/>\n<meta name=\"twitter:label1\" content=\"Written by\" \/>\n\t<meta name=\"twitter:data1\" content=\"Folha do Leste\" \/>\n\t<meta name=\"twitter:label2\" content=\"Est. reading time\" \/>\n\t<meta name=\"twitter:data2\" content=\"3 minutes\" \/>\n<script type=\"application\/ld+json\" class=\"yoast-schema-graph\">{\"@context\":\"https:\\\/\\\/schema.org\",\"@graph\":[{\"@type\":\"NewsArticle\",\"@id\":\"https:\\\/\\\/folhadoleste.com.br\\\/relator-sinaliza-que-deve-votar-pela-condenacao-de-collor-no-stf\\\/#article\",\"isPartOf\":{\"@id\":\"https:\\\/\\\/folhadoleste.com.br\\\/relator-sinaliza-que-deve-votar-pela-condenacao-de-collor-no-stf\\\/\"},\"author\":{\"name\":\"Folha do Leste\",\"@id\":\"https:\\\/\\\/folhadoleste.com.br\\\/#\\\/schema\\\/person\\\/3e97145b2e1861276e84471aa85a3899\"},\"headline\":\"Relator sinaliza que deve votar pela condena\u00e7\u00e3o de Collor no STF\",\"datePublished\":\"2023-05-11T23:05:07+00:00\",\"dateModified\":\"2023-05-12T00:03:31+00:00\",\"mainEntityOfPage\":{\"@id\":\"https:\\\/\\\/folhadoleste.com.br\\\/relator-sinaliza-que-deve-votar-pela-condenacao-de-collor-no-stf\\\/\"},\"wordCount\":423,\"commentCount\":0,\"publisher\":{\"@id\":\"https:\\\/\\\/folhadoleste.com.br\\\/#organization\"},\"image\":{\"@id\":\"https:\\\/\\\/folhadoleste.com.br\\\/relator-sinaliza-que-deve-votar-pela-condenacao-de-collor-no-stf\\\/#primaryimage\"},\"thumbnailUrl\":\"https:\\\/\\\/folhadoleste.com.br\\\/wp-content\\\/uploads\\\/2023\\\/05\\\/Relator-sinaliza-que-deve-votar-pela-condenacao-de-Collor-no-STF-Antonio-Augusto-Agencia-Brasil.jpg\",\"keywords\":[\"corrup\u00e7\u00e3o\",\"Fernando Collor\",\"Justi\u00e7a\",\"Lavagem de Dinheiro\",\"Opera\u00e7\u00e3o Lava Jato\",\"STF\"],\"articleSection\":[\"Justi\u00e7a\"],\"inLanguage\":\"en-US\",\"potentialAction\":[{\"@type\":\"CommentAction\",\"name\":\"Comment\",\"target\":[\"https:\\\/\\\/folhadoleste.com.br\\\/relator-sinaliza-que-deve-votar-pela-condenacao-de-collor-no-stf\\\/#respond\"]}]},{\"@type\":\"WebPage\",\"@id\":\"https:\\\/\\\/folhadoleste.com.br\\\/relator-sinaliza-que-deve-votar-pela-condenacao-de-collor-no-stf\\\/\",\"url\":\"https:\\\/\\\/folhadoleste.com.br\\\/relator-sinaliza-que-deve-votar-pela-condenacao-de-collor-no-stf\\\/\",\"name\":\"Relator sinaliza que deve votar pela condena\u00e7\u00e3o de Collor no STF &#8226; Folha do Leste\",\"isPartOf\":{\"@id\":\"https:\\\/\\\/folhadoleste.com.br\\\/#website\"},\"primaryImageOfPage\":{\"@id\":\"https:\\\/\\\/folhadoleste.com.br\\\/relator-sinaliza-que-deve-votar-pela-condenacao-de-collor-no-stf\\\/#primaryimage\"},\"image\":{\"@id\":\"https:\\\/\\\/folhadoleste.com.br\\\/relator-sinaliza-que-deve-votar-pela-condenacao-de-collor-no-stf\\\/#primaryimage\"},\"thumbnailUrl\":\"https:\\\/\\\/folhadoleste.com.br\\\/wp-content\\\/uploads\\\/2023\\\/05\\\/Relator-sinaliza-que-deve-votar-pela-condenacao-de-Collor-no-STF-Antonio-Augusto-Agencia-Brasil.jpg\",\"datePublished\":\"2023-05-11T23:05:07+00:00\",\"dateModified\":\"2023-05-12T00:03:31+00:00\",\"description\":\"O Supremo Tribunal Federal (STF) retomou nesta quinta-feira (11) o julgamento da a\u00e7\u00e3o penal aberta pela Corte contra o ex-senador Fernando Collor.\",\"breadcrumb\":{\"@id\":\"https:\\\/\\\/folhadoleste.com.br\\\/relator-sinaliza-que-deve-votar-pela-condenacao-de-collor-no-stf\\\/#breadcrumb\"},\"inLanguage\":\"en-US\",\"potentialAction\":[{\"@type\":\"ReadAction\",\"target\":[\"https:\\\/\\\/folhadoleste.com.br\\\/relator-sinaliza-que-deve-votar-pela-condenacao-de-collor-no-stf\\\/\"]}]},{\"@type\":\"ImageObject\",\"inLanguage\":\"en-US\",\"@id\":\"https:\\\/\\\/folhadoleste.com.br\\\/relator-sinaliza-que-deve-votar-pela-condenacao-de-collor-no-stf\\\/#primaryimage\",\"url\":\"https:\\\/\\\/folhadoleste.com.br\\\/wp-content\\\/uploads\\\/2023\\\/05\\\/Relator-sinaliza-que-deve-votar-pela-condenacao-de-Collor-no-STF-Antonio-Augusto-Agencia-Brasil.jpg\",\"contentUrl\":\"https:\\\/\\\/folhadoleste.com.br\\\/wp-content\\\/uploads\\\/2023\\\/05\\\/Relator-sinaliza-que-deve-votar-pela-condenacao-de-Collor-no-STF-Antonio-Augusto-Agencia-Brasil.jpg\",\"width\":1170,\"height\":700},{\"@type\":\"BreadcrumbList\",\"@id\":\"https:\\\/\\\/folhadoleste.com.br\\\/relator-sinaliza-que-deve-votar-pela-condenacao-de-collor-no-stf\\\/#breadcrumb\",\"itemListElement\":[{\"@type\":\"ListItem\",\"position\":1,\"name\":\"In\u00edcio\",\"item\":\"https:\\\/\\\/folhadoleste.com.br\\\/\"},{\"@type\":\"ListItem\",\"position\":2,\"name\":\"Brasil\",\"item\":\"https:\\\/\\\/folhadoleste.com.br\\\/category\\\/brasil\\\/\"},{\"@type\":\"ListItem\",\"position\":3,\"name\":\"Justi\u00e7a\",\"item\":\"https:\\\/\\\/folhadoleste.com.br\\\/category\\\/brasil\\\/justica\\\/\"},{\"@type\":\"ListItem\",\"position\":4,\"name\":\"Relator sinaliza que deve votar pela condena\u00e7\u00e3o de Collor no STF\"}]},{\"@type\":\"WebSite\",\"@id\":\"https:\\\/\\\/folhadoleste.com.br\\\/#website\",\"url\":\"https:\\\/\\\/folhadoleste.com.br\\\/\",\"name\":\"Folha do Leste\",\"description\":\"Portal de Not\u00edcias com \u00eanfase em Niter\u00f3i, criando conte\u00fados desde a capital Rio de Janeiro, com olhar para o Leste Fluminense e suas cidades como S\u00e3o Gon\u00e7alo, Itabora\u00ed, Rio Bonito, Maric\u00e1, Saquarema e Araruama\",\"publisher\":{\"@id\":\"https:\\\/\\\/folhadoleste.com.br\\\/#organization\"},\"alternateName\":\"FL\",\"potentialAction\":[{\"@type\":\"SearchAction\",\"target\":{\"@type\":\"EntryPoint\",\"urlTemplate\":\"https:\\\/\\\/folhadoleste.com.br\\\/?s={search_term_string}\"},\"query-input\":{\"@type\":\"PropertyValueSpecification\",\"valueRequired\":true,\"valueName\":\"search_term_string\"}}],\"inLanguage\":\"en-US\"},{\"@type\":\"Organization\",\"@id\":\"https:\\\/\\\/folhadoleste.com.br\\\/#organization\",\"name\":\"Brasil 21 Comunica\u00e7\u00e3o\",\"alternateName\":\"BR21\",\"url\":\"https:\\\/\\\/folhadoleste.com.br\\\/\",\"logo\":{\"@type\":\"ImageObject\",\"inLanguage\":\"en-US\",\"@id\":\"https:\\\/\\\/folhadoleste.com.br\\\/#\\\/schema\\\/logo\\\/image\\\/\",\"url\":\"https:\\\/\\\/folhadoleste.com.br\\\/wp-content\\\/uploads\\\/2025\\\/12\\\/brasil-21-logomarca.avif\",\"contentUrl\":\"https:\\\/\\\/folhadoleste.com.br\\\/wp-content\\\/uploads\\\/2025\\\/12\\\/brasil-21-logomarca.avif\",\"width\":1044,\"height\":1044,\"caption\":\"Brasil 21 Comunica\u00e7\u00e3o\"},\"image\":{\"@id\":\"https:\\\/\\\/folhadoleste.com.br\\\/#\\\/schema\\\/logo\\\/image\\\/\"},\"sameAs\":[\"https:\\\/\\\/www.facebook.com\\\/folhadoleste\",\"https:\\\/\\\/x.com\\\/FolhadoLesteRJ\",\"https:\\\/\\\/www.instagram.com\\\/folhadoleste\\\/\"]},{\"@type\":\"Person\",\"@id\":\"https:\\\/\\\/folhadoleste.com.br\\\/#\\\/schema\\\/person\\\/3e97145b2e1861276e84471aa85a3899\",\"name\":\"Folha do Leste\",\"image\":{\"@type\":\"ImageObject\",\"inLanguage\":\"en-US\",\"@id\":\"https:\\\/\\\/folhadoleste.com.br\\\/wp-content\\\/litespeed\\\/avatar\\\/1ca8c218432e7045e748610eb3db0259.jpg?ver=1777161142\",\"url\":\"https:\\\/\\\/folhadoleste.com.br\\\/wp-content\\\/litespeed\\\/avatar\\\/1ca8c218432e7045e748610eb3db0259.jpg?ver=1777161142\",\"contentUrl\":\"https:\\\/\\\/folhadoleste.com.br\\\/wp-content\\\/litespeed\\\/avatar\\\/1ca8c218432e7045e748610eb3db0259.jpg?ver=1777161142\",\"caption\":\"Folha do Leste\"},\"url\":\"https:\\\/\\\/folhadoleste.com.br\\\/en\\\/author\\\/reportagem-01\\\/\"}]}<\/script>\n<!-- \/ Yoast SEO plugin. -->","yoast_head_json":{"title":"Relator sinaliza que deve votar pela condena\u00e7\u00e3o de Collor no STF &#8226; Folha do Leste","description":"O Supremo Tribunal Federal (STF) retomou nesta quinta-feira (11) o julgamento da a\u00e7\u00e3o penal aberta pela Corte contra o ex-senador Fernando Collor.","robots":{"index":"index","follow":"follow","max-snippet":"max-snippet:-1","max-image-preview":"max-image-preview:large","max-video-preview":"max-video-preview:-1"},"canonical":"https:\/\/folhadoleste.com.br\/en\/relator-sinaliza-que-deve-votar-pela-condenacao-de-collor-no-stf\/","og_locale":"en_US","og_type":"article","og_title":"Relator sinaliza que deve votar pela condena\u00e7\u00e3o de Collor no STF &#8226; Folha do Leste","og_description":"O Supremo Tribunal Federal (STF) retomou nesta quinta-feira (11) o julgamento da a\u00e7\u00e3o penal aberta pela Corte contra o ex-senador Fernando Collor.","og_url":"https:\/\/folhadoleste.com.br\/en\/relator-sinaliza-que-deve-votar-pela-condenacao-de-collor-no-stf\/","og_site_name":"Folha do Leste","article_publisher":"https:\/\/www.facebook.com\/folhadoleste","article_published_time":"2023-05-11T23:05:07+00:00","article_modified_time":"2023-05-12T00:03:31+00:00","og_image":[{"width":1170,"height":700,"url":"https:\/\/folhadoleste.com.br\/wp-content\/uploads\/2023\/05\/Relator-sinaliza-que-deve-votar-pela-condenacao-de-Collor-no-STF-Antonio-Augusto-Agencia-Brasil.jpg","type":"image\/jpeg"}],"author":"Folha do Leste","twitter_card":"summary_large_image","twitter_creator":"@FolhadoLesteRJ","twitter_site":"@FolhadoLesteRJ","twitter_misc":{"Written by":"Folha do Leste","Est. reading time":"3 minutes"},"schema":{"@context":"https:\/\/schema.org","@graph":[{"@type":"NewsArticle","@id":"https:\/\/folhadoleste.com.br\/relator-sinaliza-que-deve-votar-pela-condenacao-de-collor-no-stf\/#article","isPartOf":{"@id":"https:\/\/folhadoleste.com.br\/relator-sinaliza-que-deve-votar-pela-condenacao-de-collor-no-stf\/"},"author":{"name":"Folha do Leste","@id":"https:\/\/folhadoleste.com.br\/#\/schema\/person\/3e97145b2e1861276e84471aa85a3899"},"headline":"Relator sinaliza que deve votar pela condena\u00e7\u00e3o de Collor no STF","datePublished":"2023-05-11T23:05:07+00:00","dateModified":"2023-05-12T00:03:31+00:00","mainEntityOfPage":{"@id":"https:\/\/folhadoleste.com.br\/relator-sinaliza-que-deve-votar-pela-condenacao-de-collor-no-stf\/"},"wordCount":423,"commentCount":0,"publisher":{"@id":"https:\/\/folhadoleste.com.br\/#organization"},"image":{"@id":"https:\/\/folhadoleste.com.br\/relator-sinaliza-que-deve-votar-pela-condenacao-de-collor-no-stf\/#primaryimage"},"thumbnailUrl":"https:\/\/folhadoleste.com.br\/wp-content\/uploads\/2023\/05\/Relator-sinaliza-que-deve-votar-pela-condenacao-de-Collor-no-STF-Antonio-Augusto-Agencia-Brasil.jpg","keywords":["corrup\u00e7\u00e3o","Fernando Collor","Justi\u00e7a","Lavagem de Dinheiro","Opera\u00e7\u00e3o Lava Jato","STF"],"articleSection":["Justi\u00e7a"],"inLanguage":"en-US","potentialAction":[{"@type":"CommentAction","name":"Comment","target":["https:\/\/folhadoleste.com.br\/relator-sinaliza-que-deve-votar-pela-condenacao-de-collor-no-stf\/#respond"]}]},{"@type":"WebPage","@id":"https:\/\/folhadoleste.com.br\/relator-sinaliza-que-deve-votar-pela-condenacao-de-collor-no-stf\/","url":"https:\/\/folhadoleste.com.br\/relator-sinaliza-que-deve-votar-pela-condenacao-de-collor-no-stf\/","name":"Relator sinaliza que deve votar pela condena\u00e7\u00e3o de Collor no STF &#8226; Folha do Leste","isPartOf":{"@id":"https:\/\/folhadoleste.com.br\/#website"},"primaryImageOfPage":{"@id":"https:\/\/folhadoleste.com.br\/relator-sinaliza-que-deve-votar-pela-condenacao-de-collor-no-stf\/#primaryimage"},"image":{"@id":"https:\/\/folhadoleste.com.br\/relator-sinaliza-que-deve-votar-pela-condenacao-de-collor-no-stf\/#primaryimage"},"thumbnailUrl":"https:\/\/folhadoleste.com.br\/wp-content\/uploads\/2023\/05\/Relator-sinaliza-que-deve-votar-pela-condenacao-de-Collor-no-STF-Antonio-Augusto-Agencia-Brasil.jpg","datePublished":"2023-05-11T23:05:07+00:00","dateModified":"2023-05-12T00:03:31+00:00","description":"O Supremo Tribunal Federal (STF) retomou nesta quinta-feira (11) o julgamento da a\u00e7\u00e3o penal aberta pela Corte contra o ex-senador Fernando Collor.","breadcrumb":{"@id":"https:\/\/folhadoleste.com.br\/relator-sinaliza-que-deve-votar-pela-condenacao-de-collor-no-stf\/#breadcrumb"},"inLanguage":"en-US","potentialAction":[{"@type":"ReadAction","target":["https:\/\/folhadoleste.com.br\/relator-sinaliza-que-deve-votar-pela-condenacao-de-collor-no-stf\/"]}]},{"@type":"ImageObject","inLanguage":"en-US","@id":"https:\/\/folhadoleste.com.br\/relator-sinaliza-que-deve-votar-pela-condenacao-de-collor-no-stf\/#primaryimage","url":"https:\/\/folhadoleste.com.br\/wp-content\/uploads\/2023\/05\/Relator-sinaliza-que-deve-votar-pela-condenacao-de-Collor-no-STF-Antonio-Augusto-Agencia-Brasil.jpg","contentUrl":"https:\/\/folhadoleste.com.br\/wp-content\/uploads\/2023\/05\/Relator-sinaliza-que-deve-votar-pela-condenacao-de-Collor-no-STF-Antonio-Augusto-Agencia-Brasil.jpg","width":1170,"height":700},{"@type":"BreadcrumbList","@id":"https:\/\/folhadoleste.com.br\/relator-sinaliza-que-deve-votar-pela-condenacao-de-collor-no-stf\/#breadcrumb","itemListElement":[{"@type":"ListItem","position":1,"name":"In\u00edcio","item":"https:\/\/folhadoleste.com.br\/"},{"@type":"ListItem","position":2,"name":"Brasil","item":"https:\/\/folhadoleste.com.br\/category\/brasil\/"},{"@type":"ListItem","position":3,"name":"Justi\u00e7a","item":"https:\/\/folhadoleste.com.br\/category\/brasil\/justica\/"},{"@type":"ListItem","position":4,"name":"Relator sinaliza que deve votar pela condena\u00e7\u00e3o de Collor no STF"}]},{"@type":"WebSite","@id":"https:\/\/folhadoleste.com.br\/#website","url":"https:\/\/folhadoleste.com.br\/","name":"Folha do Leste","description":"Portal de Not\u00edcias com \u00eanfase em Niter\u00f3i, criando conte\u00fados desde a capital Rio de Janeiro, com olhar para o Leste Fluminense e suas cidades como S\u00e3o Gon\u00e7alo, Itabora\u00ed, Rio Bonito, Maric\u00e1, Saquarema e Araruama","publisher":{"@id":"https:\/\/folhadoleste.com.br\/#organization"},"alternateName":"FL","potentialAction":[{"@type":"SearchAction","target":{"@type":"EntryPoint","urlTemplate":"https:\/\/folhadoleste.com.br\/?s={search_term_string}"},"query-input":{"@type":"PropertyValueSpecification","valueRequired":true,"valueName":"search_term_string"}}],"inLanguage":"en-US"},{"@type":"Organization","@id":"https:\/\/folhadoleste.com.br\/#organization","name":"Brasil 21 Comunica\u00e7\u00e3o","alternateName":"BR21","url":"https:\/\/folhadoleste.com.br\/","logo":{"@type":"ImageObject","inLanguage":"en-US","@id":"https:\/\/folhadoleste.com.br\/#\/schema\/logo\/image\/","url":"https:\/\/folhadoleste.com.br\/wp-content\/uploads\/2025\/12\/brasil-21-logomarca.avif","contentUrl":"https:\/\/folhadoleste.com.br\/wp-content\/uploads\/2025\/12\/brasil-21-logomarca.avif","width":1044,"height":1044,"caption":"Brasil 21 Comunica\u00e7\u00e3o"},"image":{"@id":"https:\/\/folhadoleste.com.br\/#\/schema\/logo\/image\/"},"sameAs":["https:\/\/www.facebook.com\/folhadoleste","https:\/\/x.com\/FolhadoLesteRJ","https:\/\/www.instagram.com\/folhadoleste\/"]},{"@type":"Person","@id":"https:\/\/folhadoleste.com.br\/#\/schema\/person\/3e97145b2e1861276e84471aa85a3899","name":"Folha do Leste","image":{"@type":"ImageObject","inLanguage":"en-US","@id":"https:\/\/folhadoleste.com.br\/wp-content\/litespeed\/avatar\/1ca8c218432e7045e748610eb3db0259.jpg?ver=1777161142","url":"https:\/\/folhadoleste.com.br\/wp-content\/litespeed\/avatar\/1ca8c218432e7045e748610eb3db0259.jpg?ver=1777161142","contentUrl":"https:\/\/folhadoleste.com.br\/wp-content\/litespeed\/avatar\/1ca8c218432e7045e748610eb3db0259.jpg?ver=1777161142","caption":"Folha do Leste"},"url":"https:\/\/folhadoleste.com.br\/en\/author\/reportagem-01\/"}]}},"_links":{"self":[{"href":"https:\/\/folhadoleste.com.br\/en\/wp-json\/wp\/v2\/posts\/4944","targetHints":{"allow":["GET"]}}],"collection":[{"href":"https:\/\/folhadoleste.com.br\/en\/wp-json\/wp\/v2\/posts"}],"about":[{"href":"https:\/\/folhadoleste.com.br\/en\/wp-json\/wp\/v2\/types\/post"}],"author":[{"embeddable":true,"href":"https:\/\/folhadoleste.com.br\/en\/wp-json\/wp\/v2\/users\/4"}],"replies":[{"embeddable":true,"href":"https:\/\/folhadoleste.com.br\/en\/wp-json\/wp\/v2\/comments?post=4944"}],"version-history":[{"count":1,"href":"https:\/\/folhadoleste.com.br\/en\/wp-json\/wp\/v2\/posts\/4944\/revisions"}],"predecessor-version":[{"id":4946,"href":"https:\/\/folhadoleste.com.br\/en\/wp-json\/wp\/v2\/posts\/4944\/revisions\/4946"}],"wp:featuredmedia":[{"embeddable":true,"href":"https:\/\/folhadoleste.com.br\/en\/wp-json\/wp\/v2\/media\/4945"}],"wp:attachment":[{"href":"https:\/\/folhadoleste.com.br\/en\/wp-json\/wp\/v2\/media?parent=4944"}],"wp:term":[{"taxonomy":"category","embeddable":true,"href":"https:\/\/folhadoleste.com.br\/en\/wp-json\/wp\/v2\/categories?post=4944"},{"taxonomy":"post_tag","embeddable":true,"href":"https:\/\/folhadoleste.com.br\/en\/wp-json\/wp\/v2\/tags?post=4944"}],"curies":[{"name":"wp","href":"https:\/\/api.w.org\/{rel}","templated":true}]}}