{"id":49356,"date":"2024-02-10T15:00:39","date_gmt":"2024-02-10T18:00:39","guid":{"rendered":"https:\/\/folhadoleste.com.br\/?p=49356"},"modified":"2024-02-10T10:01:01","modified_gmt":"2024-02-10T13:01:01","slug":"o-cadastramento-do-cartao-dignidade-sera-suspenso-durante-o-carnaval-em-cabo-frio","status":"publish","type":"post","link":"https:\/\/folhadoleste.com.br\/en\/o-cadastramento-do-cartao-dignidade-sera-suspenso-durante-o-carnaval-em-cabo-frio\/","title":{"rendered":"O cadastramento do Cart\u00e3o Dignidade ser\u00e1 suspenso durante o carnaval em Cabo Frio"},"content":{"rendered":"<div id=\"attachment_49358\" style=\"width: 661px\" class=\"wp-caption aligncenter\"><img decoding=\"async\" aria-describedby=\"caption-attachment-49358\" class=\"wp-image-49358\" src=\"https:\/\/folhadoleste.com.br\/wp-content\/uploads\/2024\/02\/WhatsApp_Image_2024-02-07_at_16.04.20-300x164.jpg\" alt=\"\" width=\"651\" height=\"356\" \/><p id=\"caption-attachment-49358\" class=\"wp-caption-text\">Cr\u00e9ditos: Prefeitura de Cabo Frio<\/p><\/div>\n<p>Os pontos de atendimento para o cadastramento do cart\u00e3o Dignidade em Cabo Frio e Tamoios estar\u00e3o fechados temporariamente devido \u00e0s festividades de carnaval. De 12 a 16 de fevereiro, os locais n\u00e3o funcionar\u00e3o, retomando suas atividades no dia 19 de fevereiro, \u00e0s 9h.<\/p>\n<p>O programa, em parceria com a Auto Via\u00e7\u00e3o Salineira, oferece tarifas reduzidas de transporte p\u00fablico municipal, permitindo que os usu\u00e1rios paguem apenas R$ 1,50 por viagem. At\u00e9 o momento, foram emitidos 17.749 cart\u00f5es Dignidade.<\/p>\n<p>A partir do dia 19 de fevereiro, o cadastramento de novos usu\u00e1rios ser\u00e1 realizado na Central de Atendimento GlobalMob, localizada no Jardim Excelsior, e no distrito de Tamoios, no Shopping UnaPark.<\/p>\n<p>Para efetuar o cadastro, os interessados devem apresentar identidade, CPF, comprovante de resid\u00eancia e realizar uma recarga m\u00ednima de R$ 20,00 por meio de d\u00e9bito, dinheiro ou pix. Esse valor ser\u00e1 convertido em cr\u00e9ditos para utiliza\u00e7\u00e3o no transporte p\u00fablico.<\/p>\n<p>Os cart\u00f5es s\u00e3o recarreg\u00e1veis e a recarga pode ser feita nos dois pontos de atendimento dispon\u00edveis.<\/p>\n<p>Pontos de Atendimento:<\/p>\n<p>GlobalMob: Avenida Central, 81 (pr\u00f3ximo \u00e0 Rodovi\u00e1ria\/Extra Supermercado) \u2013 Jardim Excelsior;<\/p>\n<p>Distrito de Tamoios: Avenida Independ\u00eancia, S\/N, LT. 16, QD. 15 \u2013 Unamar.<\/p>","protected":false},"excerpt":{"rendered":"<p>Os pontos de atendimento para o cadastramento do cart\u00e3o Dignidade em Cabo Frio e Tamoios estar\u00e3o fechados temporariamente devido \u00e0s festividades de carnaval. De 12 a 16 de fevereiro, os locais n\u00e3o funcionar\u00e3o, retomando suas atividades no dia 19 de fevereiro, \u00e0s 9h. O programa, em parceria com a Auto Via\u00e7\u00e3o Salineira, oferece tarifas reduzidas de transporte p\u00fablico municipal, permitindo que os usu\u00e1rios paguem apenas R$ 1,50 por viagem. At\u00e9 o momento, foram emitidos 17.749 cart\u00f5es Dignidade. A partir do dia 19 de fevereiro, o cadastramento de novos usu\u00e1rios ser\u00e1 realizado na Central de Atendimento GlobalMob, localizada no Jardim Excelsior, [&hellip;]<\/p>\n","protected":false},"author":20,"featured_media":49358,"comment_status":"open","ping_status":"open","sticky":false,"template":"","format":"standard","meta":{"footnotes":""},"categories":[1],"tags":[],"class_list":["post-49356","post","type-post","status-publish","format-standard","has-post-thumbnail","hentry","category-uncategorized","post--single"],"yoast_head":"<!-- This site is optimized with the Yoast SEO plugin v27.4 - https:\/\/yoast.com\/product\/yoast-seo-wordpress\/ -->\n<title>O cadastramento do Cart\u00e3o Dignidade ser\u00e1 suspenso durante o carnaval em Cabo Frio &#8226; Folha do Leste<\/title>\n<meta name=\"description\" content=\"Os pontos de atendimento para o cadastramento do cart\u00e3o Dignidade em Cabo Frio e Tamoios estar\u00e3o fechados temporariamente devido \u00e0s festividades de carnaval.\" \/>\n<meta name=\"robots\" content=\"index, follow, max-snippet:-1, max-image-preview:large, max-video-preview:-1\" \/>\n<link rel=\"canonical\" href=\"https:\/\/folhadoleste.com.br\/en\/o-cadastramento-do-cartao-dignidade-sera-suspenso-durante-o-carnaval-em-cabo-frio\/\" \/>\n<meta property=\"og:locale\" content=\"en_US\" \/>\n<meta property=\"og:type\" content=\"article\" \/>\n<meta property=\"og:title\" content=\"O cadastramento do Cart\u00e3o Dignidade ser\u00e1 suspenso durante o carnaval em Cabo Frio &#8226; Folha do Leste\" \/>\n<meta property=\"og:description\" content=\"&#8226; Folha do Leste\" \/>\n<meta property=\"og:url\" content=\"https:\/\/folhadoleste.com.br\/en\/o-cadastramento-do-cartao-dignidade-sera-suspenso-durante-o-carnaval-em-cabo-frio\/\" \/>\n<meta property=\"og:site_name\" content=\"Folha do Leste\" \/>\n<meta property=\"article:publisher\" content=\"https:\/\/www.facebook.com\/folhadoleste\" \/>\n<meta property=\"article:published_time\" content=\"2024-02-10T18:00:39+00:00\" \/>\n<meta property=\"og:image\" content=\"https:\/\/folhadoleste.com.br\/wp-content\/uploads\/2024\/02\/WhatsApp_Image_2024-02-07_at_16.04.20.jpg\" \/>\n\t<meta property=\"og:image:width\" content=\"1179\" \/>\n\t<meta property=\"og:image:height\" content=\"644\" \/>\n\t<meta property=\"og:image:type\" content=\"image\/jpeg\" \/>\n<meta name=\"author\" content=\"Aline Cardoso\" \/>\n<meta name=\"twitter:card\" content=\"summary_large_image\" \/>\n<meta name=\"twitter:creator\" content=\"@FolhadoLesteRJ\" \/>\n<meta name=\"twitter:site\" content=\"@FolhadoLesteRJ\" \/>\n<meta name=\"twitter:label1\" content=\"Written by\" \/>\n\t<meta name=\"twitter:data1\" content=\"Aline Cardoso\" \/>\n\t<meta name=\"twitter:label2\" content=\"Est. reading time\" \/>\n\t<meta name=\"twitter:data2\" content=\"2 minutes\" \/>\n<script type=\"application\/ld+json\" class=\"yoast-schema-graph\">{\"@context\":\"https:\\\/\\\/schema.org\",\"@graph\":[{\"@type\":\"NewsArticle\",\"@id\":\"https:\\\/\\\/folhadoleste.com.br\\\/o-cadastramento-do-cartao-dignidade-sera-suspenso-durante-o-carnaval-em-cabo-frio\\\/#article\",\"isPartOf\":{\"@id\":\"https:\\\/\\\/folhadoleste.com.br\\\/o-cadastramento-do-cartao-dignidade-sera-suspenso-durante-o-carnaval-em-cabo-frio\\\/\"},\"author\":{\"name\":\"Aline Cardoso\",\"@id\":\"https:\\\/\\\/folhadoleste.com.br\\\/#\\\/schema\\\/person\\\/8a7ae93d6db16fac63c612c1c1ec607c\"},\"headline\":\"O cadastramento do Cart\u00e3o Dignidade ser\u00e1 suspenso durante o carnaval em Cabo Frio\",\"datePublished\":\"2024-02-10T18:00:39+00:00\",\"mainEntityOfPage\":{\"@id\":\"https:\\\/\\\/folhadoleste.com.br\\\/o-cadastramento-do-cartao-dignidade-sera-suspenso-durante-o-carnaval-em-cabo-frio\\\/\"},\"wordCount\":227,\"commentCount\":0,\"publisher\":{\"@id\":\"https:\\\/\\\/folhadoleste.com.br\\\/#organization\"},\"image\":{\"@id\":\"https:\\\/\\\/folhadoleste.com.br\\\/o-cadastramento-do-cartao-dignidade-sera-suspenso-durante-o-carnaval-em-cabo-frio\\\/#primaryimage\"},\"thumbnailUrl\":\"https:\\\/\\\/folhadoleste.com.br\\\/wp-content\\\/uploads\\\/2024\\\/02\\\/WhatsApp_Image_2024-02-07_at_16.04.20.jpg\",\"inLanguage\":\"en-US\",\"potentialAction\":[{\"@type\":\"CommentAction\",\"name\":\"Comment\",\"target\":[\"https:\\\/\\\/folhadoleste.com.br\\\/o-cadastramento-do-cartao-dignidade-sera-suspenso-durante-o-carnaval-em-cabo-frio\\\/#respond\"]}]},{\"@type\":\"WebPage\",\"@id\":\"https:\\\/\\\/folhadoleste.com.br\\\/o-cadastramento-do-cartao-dignidade-sera-suspenso-durante-o-carnaval-em-cabo-frio\\\/\",\"url\":\"https:\\\/\\\/folhadoleste.com.br\\\/o-cadastramento-do-cartao-dignidade-sera-suspenso-durante-o-carnaval-em-cabo-frio\\\/\",\"name\":\"O cadastramento do Cart\u00e3o Dignidade ser\u00e1 suspenso durante o carnaval em Cabo Frio &#8226; Folha do Leste\",\"isPartOf\":{\"@id\":\"https:\\\/\\\/folhadoleste.com.br\\\/#website\"},\"primaryImageOfPage\":{\"@id\":\"https:\\\/\\\/folhadoleste.com.br\\\/o-cadastramento-do-cartao-dignidade-sera-suspenso-durante-o-carnaval-em-cabo-frio\\\/#primaryimage\"},\"image\":{\"@id\":\"https:\\\/\\\/folhadoleste.com.br\\\/o-cadastramento-do-cartao-dignidade-sera-suspenso-durante-o-carnaval-em-cabo-frio\\\/#primaryimage\"},\"thumbnailUrl\":\"https:\\\/\\\/folhadoleste.com.br\\\/wp-content\\\/uploads\\\/2024\\\/02\\\/WhatsApp_Image_2024-02-07_at_16.04.20.jpg\",\"datePublished\":\"2024-02-10T18:00:39+00:00\",\"description\":\"Os pontos de atendimento para o cadastramento do cart\u00e3o Dignidade em Cabo Frio e Tamoios estar\u00e3o fechados temporariamente devido \u00e0s festividades de carnaval.\",\"breadcrumb\":{\"@id\":\"https:\\\/\\\/folhadoleste.com.br\\\/o-cadastramento-do-cartao-dignidade-sera-suspenso-durante-o-carnaval-em-cabo-frio\\\/#breadcrumb\"},\"inLanguage\":\"en-US\",\"potentialAction\":[{\"@type\":\"ReadAction\",\"target\":[\"https:\\\/\\\/folhadoleste.com.br\\\/o-cadastramento-do-cartao-dignidade-sera-suspenso-durante-o-carnaval-em-cabo-frio\\\/\"]}]},{\"@type\":\"ImageObject\",\"inLanguage\":\"en-US\",\"@id\":\"https:\\\/\\\/folhadoleste.com.br\\\/o-cadastramento-do-cartao-dignidade-sera-suspenso-durante-o-carnaval-em-cabo-frio\\\/#primaryimage\",\"url\":\"https:\\\/\\\/folhadoleste.com.br\\\/wp-content\\\/uploads\\\/2024\\\/02\\\/WhatsApp_Image_2024-02-07_at_16.04.20.jpg\",\"contentUrl\":\"https:\\\/\\\/folhadoleste.com.br\\\/wp-content\\\/uploads\\\/2024\\\/02\\\/WhatsApp_Image_2024-02-07_at_16.04.20.jpg\",\"width\":1179,\"height\":644,\"caption\":\"Cr\u00e9ditos: Prefeitura de Cabo Frio\"},{\"@type\":\"BreadcrumbList\",\"@id\":\"https:\\\/\\\/folhadoleste.com.br\\\/o-cadastramento-do-cartao-dignidade-sera-suspenso-durante-o-carnaval-em-cabo-frio\\\/#breadcrumb\",\"itemListElement\":[{\"@type\":\"ListItem\",\"position\":1,\"name\":\"In\u00edcio\",\"item\":\"https:\\\/\\\/folhadoleste.com.br\\\/\"},{\"@type\":\"ListItem\",\"position\":2,\"name\":\"Uncategorized\",\"item\":\"https:\\\/\\\/folhadoleste.com.br\\\/category\\\/uncategorized\\\/\"},{\"@type\":\"ListItem\",\"position\":3,\"name\":\"O cadastramento do Cart\u00e3o Dignidade ser\u00e1 suspenso durante o carnaval em Cabo Frio\"}]},{\"@type\":\"WebSite\",\"@id\":\"https:\\\/\\\/folhadoleste.com.br\\\/#website\",\"url\":\"https:\\\/\\\/folhadoleste.com.br\\\/\",\"name\":\"Folha do Leste\",\"description\":\"Portal de Not\u00edcias com \u00eanfase em Niter\u00f3i, criando conte\u00fados desde a capital Rio de Janeiro, com olhar para o Leste Fluminense e suas cidades como S\u00e3o Gon\u00e7alo, Itabora\u00ed, Rio Bonito, Maric\u00e1, Saquarema e Araruama\",\"publisher\":{\"@id\":\"https:\\\/\\\/folhadoleste.com.br\\\/#organization\"},\"alternateName\":\"FL\",\"potentialAction\":[{\"@type\":\"SearchAction\",\"target\":{\"@type\":\"EntryPoint\",\"urlTemplate\":\"https:\\\/\\\/folhadoleste.com.br\\\/?s={search_term_string}\"},\"query-input\":{\"@type\":\"PropertyValueSpecification\",\"valueRequired\":true,\"valueName\":\"search_term_string\"}}],\"inLanguage\":\"en-US\"},{\"@type\":\"Organization\",\"@id\":\"https:\\\/\\\/folhadoleste.com.br\\\/#organization\",\"name\":\"Brasil 21 Comunica\u00e7\u00e3o\",\"alternateName\":\"BR21\",\"url\":\"https:\\\/\\\/folhadoleste.com.br\\\/\",\"logo\":{\"@type\":\"ImageObject\",\"inLanguage\":\"en-US\",\"@id\":\"https:\\\/\\\/folhadoleste.com.br\\\/#\\\/schema\\\/logo\\\/image\\\/\",\"url\":\"https:\\\/\\\/folhadoleste.com.br\\\/wp-content\\\/uploads\\\/2025\\\/12\\\/brasil-21-logomarca.avif\",\"contentUrl\":\"https:\\\/\\\/folhadoleste.com.br\\\/wp-content\\\/uploads\\\/2025\\\/12\\\/brasil-21-logomarca.avif\",\"width\":1044,\"height\":1044,\"caption\":\"Brasil 21 Comunica\u00e7\u00e3o\"},\"image\":{\"@id\":\"https:\\\/\\\/folhadoleste.com.br\\\/#\\\/schema\\\/logo\\\/image\\\/\"},\"sameAs\":[\"https:\\\/\\\/www.facebook.com\\\/folhadoleste\",\"https:\\\/\\\/x.com\\\/FolhadoLesteRJ\",\"https:\\\/\\\/www.instagram.com\\\/folhadoleste\\\/\"]},{\"@type\":\"Person\",\"@id\":\"https:\\\/\\\/folhadoleste.com.br\\\/#\\\/schema\\\/person\\\/8a7ae93d6db16fac63c612c1c1ec607c\",\"name\":\"Aline Cardoso\",\"image\":{\"@type\":\"ImageObject\",\"inLanguage\":\"en-US\",\"@id\":\"https:\\\/\\\/folhadoleste.com.br\\\/wp-content\\\/litespeed\\\/avatar\\\/7a80fcd932dbdfaac31d3bc42bc19e98.jpg?ver=1777161231\",\"url\":\"https:\\\/\\\/folhadoleste.com.br\\\/wp-content\\\/litespeed\\\/avatar\\\/7a80fcd932dbdfaac31d3bc42bc19e98.jpg?ver=1777161231\",\"contentUrl\":\"https:\\\/\\\/folhadoleste.com.br\\\/wp-content\\\/litespeed\\\/avatar\\\/7a80fcd932dbdfaac31d3bc42bc19e98.jpg?ver=1777161231\",\"caption\":\"Aline Cardoso\"},\"url\":\"https:\\\/\\\/folhadoleste.com.br\\\/en\\\/author\\\/aline-cardoso\\\/\"}]}<\/script>\n<!-- \/ Yoast SEO plugin. -->","yoast_head_json":{"title":"O cadastramento do Cart\u00e3o Dignidade ser\u00e1 suspenso durante o carnaval em Cabo Frio &#8226; Folha do Leste","description":"Os pontos de atendimento para o cadastramento do cart\u00e3o Dignidade em Cabo Frio e Tamoios estar\u00e3o fechados temporariamente devido \u00e0s festividades de carnaval.","robots":{"index":"index","follow":"follow","max-snippet":"max-snippet:-1","max-image-preview":"max-image-preview:large","max-video-preview":"max-video-preview:-1"},"canonical":"https:\/\/folhadoleste.com.br\/en\/o-cadastramento-do-cartao-dignidade-sera-suspenso-durante-o-carnaval-em-cabo-frio\/","og_locale":"en_US","og_type":"article","og_title":"O cadastramento do Cart\u00e3o Dignidade ser\u00e1 suspenso durante o carnaval em Cabo Frio &#8226; Folha do Leste","og_description":"&#8226; Folha do Leste","og_url":"https:\/\/folhadoleste.com.br\/en\/o-cadastramento-do-cartao-dignidade-sera-suspenso-durante-o-carnaval-em-cabo-frio\/","og_site_name":"Folha do Leste","article_publisher":"https:\/\/www.facebook.com\/folhadoleste","article_published_time":"2024-02-10T18:00:39+00:00","og_image":[{"width":1179,"height":644,"url":"https:\/\/folhadoleste.com.br\/wp-content\/uploads\/2024\/02\/WhatsApp_Image_2024-02-07_at_16.04.20.jpg","type":"image\/jpeg"}],"author":"Aline Cardoso","twitter_card":"summary_large_image","twitter_creator":"@FolhadoLesteRJ","twitter_site":"@FolhadoLesteRJ","twitter_misc":{"Written by":"Aline Cardoso","Est. reading time":"2 minutes"},"schema":{"@context":"https:\/\/schema.org","@graph":[{"@type":"NewsArticle","@id":"https:\/\/folhadoleste.com.br\/o-cadastramento-do-cartao-dignidade-sera-suspenso-durante-o-carnaval-em-cabo-frio\/#article","isPartOf":{"@id":"https:\/\/folhadoleste.com.br\/o-cadastramento-do-cartao-dignidade-sera-suspenso-durante-o-carnaval-em-cabo-frio\/"},"author":{"name":"Aline Cardoso","@id":"https:\/\/folhadoleste.com.br\/#\/schema\/person\/8a7ae93d6db16fac63c612c1c1ec607c"},"headline":"O cadastramento do Cart\u00e3o Dignidade ser\u00e1 suspenso durante o carnaval em Cabo Frio","datePublished":"2024-02-10T18:00:39+00:00","mainEntityOfPage":{"@id":"https:\/\/folhadoleste.com.br\/o-cadastramento-do-cartao-dignidade-sera-suspenso-durante-o-carnaval-em-cabo-frio\/"},"wordCount":227,"commentCount":0,"publisher":{"@id":"https:\/\/folhadoleste.com.br\/#organization"},"image":{"@id":"https:\/\/folhadoleste.com.br\/o-cadastramento-do-cartao-dignidade-sera-suspenso-durante-o-carnaval-em-cabo-frio\/#primaryimage"},"thumbnailUrl":"https:\/\/folhadoleste.com.br\/wp-content\/uploads\/2024\/02\/WhatsApp_Image_2024-02-07_at_16.04.20.jpg","inLanguage":"en-US","potentialAction":[{"@type":"CommentAction","name":"Comment","target":["https:\/\/folhadoleste.com.br\/o-cadastramento-do-cartao-dignidade-sera-suspenso-durante-o-carnaval-em-cabo-frio\/#respond"]}]},{"@type":"WebPage","@id":"https:\/\/folhadoleste.com.br\/o-cadastramento-do-cartao-dignidade-sera-suspenso-durante-o-carnaval-em-cabo-frio\/","url":"https:\/\/folhadoleste.com.br\/o-cadastramento-do-cartao-dignidade-sera-suspenso-durante-o-carnaval-em-cabo-frio\/","name":"O cadastramento do Cart\u00e3o Dignidade ser\u00e1 suspenso durante o carnaval em Cabo Frio &#8226; Folha do Leste","isPartOf":{"@id":"https:\/\/folhadoleste.com.br\/#website"},"primaryImageOfPage":{"@id":"https:\/\/folhadoleste.com.br\/o-cadastramento-do-cartao-dignidade-sera-suspenso-durante-o-carnaval-em-cabo-frio\/#primaryimage"},"image":{"@id":"https:\/\/folhadoleste.com.br\/o-cadastramento-do-cartao-dignidade-sera-suspenso-durante-o-carnaval-em-cabo-frio\/#primaryimage"},"thumbnailUrl":"https:\/\/folhadoleste.com.br\/wp-content\/uploads\/2024\/02\/WhatsApp_Image_2024-02-07_at_16.04.20.jpg","datePublished":"2024-02-10T18:00:39+00:00","description":"Os pontos de atendimento para o cadastramento do cart\u00e3o Dignidade em Cabo Frio e Tamoios estar\u00e3o fechados temporariamente devido \u00e0s festividades de carnaval.","breadcrumb":{"@id":"https:\/\/folhadoleste.com.br\/o-cadastramento-do-cartao-dignidade-sera-suspenso-durante-o-carnaval-em-cabo-frio\/#breadcrumb"},"inLanguage":"en-US","potentialAction":[{"@type":"ReadAction","target":["https:\/\/folhadoleste.com.br\/o-cadastramento-do-cartao-dignidade-sera-suspenso-durante-o-carnaval-em-cabo-frio\/"]}]},{"@type":"ImageObject","inLanguage":"en-US","@id":"https:\/\/folhadoleste.com.br\/o-cadastramento-do-cartao-dignidade-sera-suspenso-durante-o-carnaval-em-cabo-frio\/#primaryimage","url":"https:\/\/folhadoleste.com.br\/wp-content\/uploads\/2024\/02\/WhatsApp_Image_2024-02-07_at_16.04.20.jpg","contentUrl":"https:\/\/folhadoleste.com.br\/wp-content\/uploads\/2024\/02\/WhatsApp_Image_2024-02-07_at_16.04.20.jpg","width":1179,"height":644,"caption":"Cr\u00e9ditos: Prefeitura de Cabo Frio"},{"@type":"BreadcrumbList","@id":"https:\/\/folhadoleste.com.br\/o-cadastramento-do-cartao-dignidade-sera-suspenso-durante-o-carnaval-em-cabo-frio\/#breadcrumb","itemListElement":[{"@type":"ListItem","position":1,"name":"In\u00edcio","item":"https:\/\/folhadoleste.com.br\/"},{"@type":"ListItem","position":2,"name":"Uncategorized","item":"https:\/\/folhadoleste.com.br\/category\/uncategorized\/"},{"@type":"ListItem","position":3,"name":"O cadastramento do Cart\u00e3o Dignidade ser\u00e1 suspenso durante o carnaval em Cabo Frio"}]},{"@type":"WebSite","@id":"https:\/\/folhadoleste.com.br\/#website","url":"https:\/\/folhadoleste.com.br\/","name":"Folha do Leste","description":"Portal de Not\u00edcias com \u00eanfase em Niter\u00f3i, criando conte\u00fados desde a capital Rio de Janeiro, com olhar para o Leste Fluminense e suas cidades como S\u00e3o Gon\u00e7alo, Itabora\u00ed, Rio Bonito, Maric\u00e1, Saquarema e Araruama","publisher":{"@id":"https:\/\/folhadoleste.com.br\/#organization"},"alternateName":"FL","potentialAction":[{"@type":"SearchAction","target":{"@type":"EntryPoint","urlTemplate":"https:\/\/folhadoleste.com.br\/?s={search_term_string}"},"query-input":{"@type":"PropertyValueSpecification","valueRequired":true,"valueName":"search_term_string"}}],"inLanguage":"en-US"},{"@type":"Organization","@id":"https:\/\/folhadoleste.com.br\/#organization","name":"Brasil 21 Comunica\u00e7\u00e3o","alternateName":"BR21","url":"https:\/\/folhadoleste.com.br\/","logo":{"@type":"ImageObject","inLanguage":"en-US","@id":"https:\/\/folhadoleste.com.br\/#\/schema\/logo\/image\/","url":"https:\/\/folhadoleste.com.br\/wp-content\/uploads\/2025\/12\/brasil-21-logomarca.avif","contentUrl":"https:\/\/folhadoleste.com.br\/wp-content\/uploads\/2025\/12\/brasil-21-logomarca.avif","width":1044,"height":1044,"caption":"Brasil 21 Comunica\u00e7\u00e3o"},"image":{"@id":"https:\/\/folhadoleste.com.br\/#\/schema\/logo\/image\/"},"sameAs":["https:\/\/www.facebook.com\/folhadoleste","https:\/\/x.com\/FolhadoLesteRJ","https:\/\/www.instagram.com\/folhadoleste\/"]},{"@type":"Person","@id":"https:\/\/folhadoleste.com.br\/#\/schema\/person\/8a7ae93d6db16fac63c612c1c1ec607c","name":"Aline Cardoso","image":{"@type":"ImageObject","inLanguage":"en-US","@id":"https:\/\/folhadoleste.com.br\/wp-content\/litespeed\/avatar\/7a80fcd932dbdfaac31d3bc42bc19e98.jpg?ver=1777161231","url":"https:\/\/folhadoleste.com.br\/wp-content\/litespeed\/avatar\/7a80fcd932dbdfaac31d3bc42bc19e98.jpg?ver=1777161231","contentUrl":"https:\/\/folhadoleste.com.br\/wp-content\/litespeed\/avatar\/7a80fcd932dbdfaac31d3bc42bc19e98.jpg?ver=1777161231","caption":"Aline Cardoso"},"url":"https:\/\/folhadoleste.com.br\/en\/author\/aline-cardoso\/"}]}},"_links":{"self":[{"href":"https:\/\/folhadoleste.com.br\/en\/wp-json\/wp\/v2\/posts\/49356","targetHints":{"allow":["GET"]}}],"collection":[{"href":"https:\/\/folhadoleste.com.br\/en\/wp-json\/wp\/v2\/posts"}],"about":[{"href":"https:\/\/folhadoleste.com.br\/en\/wp-json\/wp\/v2\/types\/post"}],"author":[{"embeddable":true,"href":"https:\/\/folhadoleste.com.br\/en\/wp-json\/wp\/v2\/users\/20"}],"replies":[{"embeddable":true,"href":"https:\/\/folhadoleste.com.br\/en\/wp-json\/wp\/v2\/comments?post=49356"}],"version-history":[{"count":1,"href":"https:\/\/folhadoleste.com.br\/en\/wp-json\/wp\/v2\/posts\/49356\/revisions"}],"predecessor-version":[{"id":49359,"href":"https:\/\/folhadoleste.com.br\/en\/wp-json\/wp\/v2\/posts\/49356\/revisions\/49359"}],"wp:featuredmedia":[{"embeddable":true,"href":"https:\/\/folhadoleste.com.br\/en\/wp-json\/wp\/v2\/media\/49358"}],"wp:attachment":[{"href":"https:\/\/folhadoleste.com.br\/en\/wp-json\/wp\/v2\/media?parent=49356"}],"wp:term":[{"taxonomy":"category","embeddable":true,"href":"https:\/\/folhadoleste.com.br\/en\/wp-json\/wp\/v2\/categories?post=49356"},{"taxonomy":"post_tag","embeddable":true,"href":"https:\/\/folhadoleste.com.br\/en\/wp-json\/wp\/v2\/tags?post=49356"}],"curies":[{"name":"wp","href":"https:\/\/api.w.org\/{rel}","templated":true}]}}