{"id":49340,"date":"2024-02-10T10:00:50","date_gmt":"2024-02-10T13:00:50","guid":{"rendered":"https:\/\/folhadoleste.com.br\/?p=49340"},"modified":"2024-02-10T09:20:02","modified_gmt":"2024-02-10T12:20:02","slug":"prefeitura-de-sao-goncalo-decreta-ponto-facultativo-no-carnaval","status":"publish","type":"post","link":"https:\/\/folhadoleste.com.br\/en\/prefeitura-de-sao-goncalo-decreta-ponto-facultativo-no-carnaval\/","title":{"rendered":"Prefeitura de S\u00e3o Gon\u00e7alo decreta ponto facultativo no Carnaval"},"content":{"rendered":"<div id=\"attachment_49342\" style=\"width: 700px\" class=\"wp-caption aligncenter\"><img decoding=\"async\" aria-describedby=\"caption-attachment-49342\" class=\"wp-image-49342\" src=\"https:\/\/folhadoleste.com.br\/wp-content\/uploads\/2024\/02\/170320-fachada-pref-300x177.jpg\" alt=\"\" width=\"690\" height=\"407\" \/><p id=\"caption-attachment-49342\" class=\"wp-caption-text\">Cr\u00e9ditos: Prefeitura de S\u00e3o Gon\u00e7alo<\/p><\/div>\n<p>A Prefeitura de S\u00e3o Gon\u00e7alo anunciou que as reparti\u00e7\u00f5es p\u00fablicas municipais ter\u00e3o ponto facultativo na segunda-feira 12 e quarta-feira 14, em decorr\u00eancia do feriado de Carnaval, celebrado na ter\u00e7a-feira 13. No entanto, os servi\u00e7os essenciais continuar\u00e3o operando normalmente durante o per\u00edodo carnavalesco.<\/p>\n<p>A Secretaria de Sa\u00fade assegurou que todas as unidades de urg\u00eancia e emerg\u00eancia estar\u00e3o em funcionamento durante o feriado. Isso inclui os prontos-socorros Central e Infantil, a Maternidade Municipal Dr. M\u00e1rio Niajar em Alc\u00e2ntara, e a emerg\u00eancia da sa\u00fade mental no Hospital Luiz Palmier (HLP) no Z\u00e9 Garoto, todos operando 24 horas.<\/p>\n<p>Para o Centro de Triagem ao Coronav\u00edrus, localizado no Z\u00e9 Garoto, o hor\u00e1rio de funcionamento ser\u00e1 alterado. O centro fechar\u00e1 no s\u00e1bado 10 e domingo 11, reabrindo na segunda-feira 12 das 8h \u00e0s 13h. Na ter\u00e7a 13 e quarta-feira 14, operar\u00e1 no mesmo hor\u00e1rio.<\/p>\n<p>Os Centros de Aten\u00e7\u00e3o Psicossocial (Caps) Francisco dos Santos Siqueira, no Centro, e o Centro de Aten\u00e7\u00e3o Psicossocial de \u00c1lcool e Drogas (Capsad) Dr. Daniel Gomes da Silva, em Vila Tr\u00eas, funcionar\u00e3o 24 horas durante todo o per\u00edodo.<\/p>\n<p>Os polos sanit\u00e1rios Washington Luiz, no Z\u00e9 Garoto, e H\u00e9lio Cruz, em Alc\u00e2ntara, estar\u00e3o abertos na segunda 12 e ter\u00e7a-feira 13, das 8h \u00e0s 12h, para a aplica\u00e7\u00e3o da vacina antirr\u00e1bica humana. As demais unidades de sa\u00fade, incluindo postos, cl\u00ednicas, PAMs e Caps, permanecer\u00e3o fechadas de s\u00e1bado 10 a quarta-feira 14, retomando suas atividades normalmente na quinta-feira 15.<\/p>","protected":false},"excerpt":{"rendered":"<p>A Prefeitura de S\u00e3o Gon\u00e7alo anunciou que as reparti\u00e7\u00f5es p\u00fablicas municipais ter\u00e3o ponto facultativo na segunda-feira 12 e quarta-feira 14, em decorr\u00eancia do feriado de Carnaval, celebrado na ter\u00e7a-feira 13. No entanto, os servi\u00e7os essenciais continuar\u00e3o operando normalmente durante o per\u00edodo carnavalesco. A Secretaria de Sa\u00fade assegurou que todas as unidades de urg\u00eancia e emerg\u00eancia estar\u00e3o em funcionamento durante o feriado. Isso inclui os prontos-socorros Central e Infantil, a Maternidade Municipal Dr. M\u00e1rio Niajar em Alc\u00e2ntara, e a emerg\u00eancia da sa\u00fade mental no Hospital Luiz Palmier (HLP) no Z\u00e9 Garoto, todos operando 24 horas. Para o Centro de Triagem ao [&hellip;]<\/p>\n","protected":false},"author":20,"featured_media":49342,"comment_status":"open","ping_status":"open","sticky":false,"template":"","format":"standard","meta":{"footnotes":""},"categories":[17689,47,52],"tags":[17716,5702,76],"class_list":["post-49340","post","type-post","status-publish","format-standard","has-post-thumbnail","hentry","category-especial-carnaval-2024","category-leste-fluminense","category-sao-goncalo","tag-bloco-de-rua","tag-carnaval-2024","tag-sao-goncalo","post--single"],"yoast_head":"<!-- This site is optimized with the Yoast SEO plugin v27.4 - https:\/\/yoast.com\/product\/yoast-seo-wordpress\/ -->\n<title>Prefeitura de S\u00e3o Gon\u00e7alo decreta ponto facultativo no Carnaval &#8226; Folha do Leste<\/title>\n<meta name=\"description\" content=\"A Prefeitura de S\u00e3o Gon\u00e7alo anunciou que as reparti\u00e7\u00f5es p\u00fablicas municipais ter\u00e3o ponto facultativo na segunda-feira 12 e quarta-feira 14\" \/>\n<meta name=\"robots\" content=\"index, follow, max-snippet:-1, max-image-preview:large, max-video-preview:-1\" \/>\n<link rel=\"canonical\" href=\"https:\/\/folhadoleste.com.br\/en\/prefeitura-de-sao-goncalo-decreta-ponto-facultativo-no-carnaval\/\" \/>\n<meta property=\"og:locale\" content=\"en_US\" \/>\n<meta property=\"og:type\" content=\"article\" \/>\n<meta property=\"og:title\" content=\"Prefeitura de S\u00e3o Gon\u00e7alo decreta ponto facultativo no Carnaval &#8226; Folha do Leste\" \/>\n<meta property=\"og:description\" content=\"Especial Carnaval 2024 &#8226; Folha do Leste\" \/>\n<meta property=\"og:url\" content=\"https:\/\/folhadoleste.com.br\/en\/prefeitura-de-sao-goncalo-decreta-ponto-facultativo-no-carnaval\/\" \/>\n<meta property=\"og:site_name\" content=\"Folha do Leste\" \/>\n<meta property=\"article:publisher\" content=\"https:\/\/www.facebook.com\/folhadoleste\" \/>\n<meta property=\"article:published_time\" content=\"2024-02-10T13:00:50+00:00\" \/>\n<meta property=\"og:image\" content=\"https:\/\/folhadoleste.com.br\/wp-content\/uploads\/2024\/02\/170320-fachada-pref.jpg\" \/>\n\t<meta property=\"og:image:width\" content=\"1600\" \/>\n\t<meta property=\"og:image:height\" content=\"942\" \/>\n\t<meta property=\"og:image:type\" content=\"image\/jpeg\" \/>\n<meta name=\"author\" content=\"Aline Cardoso\" \/>\n<meta name=\"twitter:card\" content=\"summary_large_image\" \/>\n<meta name=\"twitter:creator\" content=\"@FolhadoLesteRJ\" \/>\n<meta name=\"twitter:site\" content=\"@FolhadoLesteRJ\" \/>\n<meta name=\"twitter:label1\" content=\"Written by\" \/>\n\t<meta name=\"twitter:data1\" content=\"Aline Cardoso\" \/>\n\t<meta name=\"twitter:label2\" content=\"Est. reading time\" \/>\n\t<meta name=\"twitter:data2\" content=\"2 minutes\" \/>\n<script type=\"application\/ld+json\" class=\"yoast-schema-graph\">{\"@context\":\"https:\\\/\\\/schema.org\",\"@graph\":[{\"@type\":\"NewsArticle\",\"@id\":\"https:\\\/\\\/folhadoleste.com.br\\\/prefeitura-de-sao-goncalo-decreta-ponto-facultativo-no-carnaval\\\/#article\",\"isPartOf\":{\"@id\":\"https:\\\/\\\/folhadoleste.com.br\\\/prefeitura-de-sao-goncalo-decreta-ponto-facultativo-no-carnaval\\\/\"},\"author\":{\"name\":\"Aline Cardoso\",\"@id\":\"https:\\\/\\\/folhadoleste.com.br\\\/#\\\/schema\\\/person\\\/8a7ae93d6db16fac63c612c1c1ec607c\"},\"headline\":\"Prefeitura de S\u00e3o Gon\u00e7alo decreta ponto facultativo no Carnaval\",\"datePublished\":\"2024-02-10T13:00:50+00:00\",\"mainEntityOfPage\":{\"@id\":\"https:\\\/\\\/folhadoleste.com.br\\\/prefeitura-de-sao-goncalo-decreta-ponto-facultativo-no-carnaval\\\/\"},\"wordCount\":284,\"commentCount\":0,\"publisher\":{\"@id\":\"https:\\\/\\\/folhadoleste.com.br\\\/#organization\"},\"image\":{\"@id\":\"https:\\\/\\\/folhadoleste.com.br\\\/prefeitura-de-sao-goncalo-decreta-ponto-facultativo-no-carnaval\\\/#primaryimage\"},\"thumbnailUrl\":\"https:\\\/\\\/folhadoleste.com.br\\\/wp-content\\\/uploads\\\/2024\\\/02\\\/170320-fachada-pref.jpg\",\"keywords\":[\"Bloco de Rua\",\"Carnaval 2024\",\"s\u00e3o gon\u00e7alo\"],\"articleSection\":[\"Especial Carnaval 2024\",\"Leste Fluminense\",\"S\u00e3o Gon\u00e7alo\"],\"inLanguage\":\"en-US\",\"potentialAction\":[{\"@type\":\"CommentAction\",\"name\":\"Comment\",\"target\":[\"https:\\\/\\\/folhadoleste.com.br\\\/prefeitura-de-sao-goncalo-decreta-ponto-facultativo-no-carnaval\\\/#respond\"]}]},{\"@type\":\"WebPage\",\"@id\":\"https:\\\/\\\/folhadoleste.com.br\\\/prefeitura-de-sao-goncalo-decreta-ponto-facultativo-no-carnaval\\\/\",\"url\":\"https:\\\/\\\/folhadoleste.com.br\\\/prefeitura-de-sao-goncalo-decreta-ponto-facultativo-no-carnaval\\\/\",\"name\":\"Prefeitura de S\u00e3o Gon\u00e7alo decreta ponto facultativo no Carnaval &#8226; Folha do Leste\",\"isPartOf\":{\"@id\":\"https:\\\/\\\/folhadoleste.com.br\\\/#website\"},\"primaryImageOfPage\":{\"@id\":\"https:\\\/\\\/folhadoleste.com.br\\\/prefeitura-de-sao-goncalo-decreta-ponto-facultativo-no-carnaval\\\/#primaryimage\"},\"image\":{\"@id\":\"https:\\\/\\\/folhadoleste.com.br\\\/prefeitura-de-sao-goncalo-decreta-ponto-facultativo-no-carnaval\\\/#primaryimage\"},\"thumbnailUrl\":\"https:\\\/\\\/folhadoleste.com.br\\\/wp-content\\\/uploads\\\/2024\\\/02\\\/170320-fachada-pref.jpg\",\"datePublished\":\"2024-02-10T13:00:50+00:00\",\"description\":\"A Prefeitura de S\u00e3o Gon\u00e7alo anunciou que as reparti\u00e7\u00f5es p\u00fablicas municipais ter\u00e3o ponto facultativo na segunda-feira 12 e quarta-feira 14\",\"breadcrumb\":{\"@id\":\"https:\\\/\\\/folhadoleste.com.br\\\/prefeitura-de-sao-goncalo-decreta-ponto-facultativo-no-carnaval\\\/#breadcrumb\"},\"inLanguage\":\"en-US\",\"potentialAction\":[{\"@type\":\"ReadAction\",\"target\":[\"https:\\\/\\\/folhadoleste.com.br\\\/prefeitura-de-sao-goncalo-decreta-ponto-facultativo-no-carnaval\\\/\"]}]},{\"@type\":\"ImageObject\",\"inLanguage\":\"en-US\",\"@id\":\"https:\\\/\\\/folhadoleste.com.br\\\/prefeitura-de-sao-goncalo-decreta-ponto-facultativo-no-carnaval\\\/#primaryimage\",\"url\":\"https:\\\/\\\/folhadoleste.com.br\\\/wp-content\\\/uploads\\\/2024\\\/02\\\/170320-fachada-pref.jpg\",\"contentUrl\":\"https:\\\/\\\/folhadoleste.com.br\\\/wp-content\\\/uploads\\\/2024\\\/02\\\/170320-fachada-pref.jpg\",\"width\":1600,\"height\":942,\"caption\":\"Cr\u00e9ditos: Prefeitura de S\u00e3o Gon\u00e7alo\"},{\"@type\":\"BreadcrumbList\",\"@id\":\"https:\\\/\\\/folhadoleste.com.br\\\/prefeitura-de-sao-goncalo-decreta-ponto-facultativo-no-carnaval\\\/#breadcrumb\",\"itemListElement\":[{\"@type\":\"ListItem\",\"position\":1,\"name\":\"In\u00edcio\",\"item\":\"https:\\\/\\\/folhadoleste.com.br\\\/\"},{\"@type\":\"ListItem\",\"position\":2,\"name\":\"Especial Carnaval 2024\",\"item\":\"https:\\\/\\\/folhadoleste.com.br\\\/category\\\/especial-carnaval-2024\\\/\"},{\"@type\":\"ListItem\",\"position\":3,\"name\":\"Prefeitura de S\u00e3o Gon\u00e7alo decreta ponto facultativo no Carnaval\"}]},{\"@type\":\"WebSite\",\"@id\":\"https:\\\/\\\/folhadoleste.com.br\\\/#website\",\"url\":\"https:\\\/\\\/folhadoleste.com.br\\\/\",\"name\":\"Folha do Leste\",\"description\":\"Portal de Not\u00edcias com \u00eanfase em Niter\u00f3i, criando conte\u00fados desde a capital Rio de Janeiro, com olhar para o Leste Fluminense e suas cidades como S\u00e3o Gon\u00e7alo, Itabora\u00ed, Rio Bonito, Maric\u00e1, Saquarema e Araruama\",\"publisher\":{\"@id\":\"https:\\\/\\\/folhadoleste.com.br\\\/#organization\"},\"alternateName\":\"FL\",\"potentialAction\":[{\"@type\":\"SearchAction\",\"target\":{\"@type\":\"EntryPoint\",\"urlTemplate\":\"https:\\\/\\\/folhadoleste.com.br\\\/?s={search_term_string}\"},\"query-input\":{\"@type\":\"PropertyValueSpecification\",\"valueRequired\":true,\"valueName\":\"search_term_string\"}}],\"inLanguage\":\"en-US\"},{\"@type\":\"Organization\",\"@id\":\"https:\\\/\\\/folhadoleste.com.br\\\/#organization\",\"name\":\"Brasil 21 Comunica\u00e7\u00e3o\",\"alternateName\":\"BR21\",\"url\":\"https:\\\/\\\/folhadoleste.com.br\\\/\",\"logo\":{\"@type\":\"ImageObject\",\"inLanguage\":\"en-US\",\"@id\":\"https:\\\/\\\/folhadoleste.com.br\\\/#\\\/schema\\\/logo\\\/image\\\/\",\"url\":\"https:\\\/\\\/folhadoleste.com.br\\\/wp-content\\\/uploads\\\/2025\\\/12\\\/brasil-21-logomarca.avif\",\"contentUrl\":\"https:\\\/\\\/folhadoleste.com.br\\\/wp-content\\\/uploads\\\/2025\\\/12\\\/brasil-21-logomarca.avif\",\"width\":1044,\"height\":1044,\"caption\":\"Brasil 21 Comunica\u00e7\u00e3o\"},\"image\":{\"@id\":\"https:\\\/\\\/folhadoleste.com.br\\\/#\\\/schema\\\/logo\\\/image\\\/\"},\"sameAs\":[\"https:\\\/\\\/www.facebook.com\\\/folhadoleste\",\"https:\\\/\\\/x.com\\\/FolhadoLesteRJ\",\"https:\\\/\\\/www.instagram.com\\\/folhadoleste\\\/\"]},{\"@type\":\"Person\",\"@id\":\"https:\\\/\\\/folhadoleste.com.br\\\/#\\\/schema\\\/person\\\/8a7ae93d6db16fac63c612c1c1ec607c\",\"name\":\"Aline Cardoso\",\"image\":{\"@type\":\"ImageObject\",\"inLanguage\":\"en-US\",\"@id\":\"https:\\\/\\\/folhadoleste.com.br\\\/wp-content\\\/litespeed\\\/avatar\\\/7a80fcd932dbdfaac31d3bc42bc19e98.jpg?ver=1777161231\",\"url\":\"https:\\\/\\\/folhadoleste.com.br\\\/wp-content\\\/litespeed\\\/avatar\\\/7a80fcd932dbdfaac31d3bc42bc19e98.jpg?ver=1777161231\",\"contentUrl\":\"https:\\\/\\\/folhadoleste.com.br\\\/wp-content\\\/litespeed\\\/avatar\\\/7a80fcd932dbdfaac31d3bc42bc19e98.jpg?ver=1777161231\",\"caption\":\"Aline Cardoso\"},\"url\":\"https:\\\/\\\/folhadoleste.com.br\\\/en\\\/author\\\/aline-cardoso\\\/\"}]}<\/script>\n<!-- \/ Yoast SEO plugin. -->","yoast_head_json":{"title":"Prefeitura de S\u00e3o Gon\u00e7alo decreta ponto facultativo no Carnaval &#8226; Folha do Leste","description":"A Prefeitura de S\u00e3o Gon\u00e7alo anunciou que as reparti\u00e7\u00f5es p\u00fablicas municipais ter\u00e3o ponto facultativo na segunda-feira 12 e quarta-feira 14","robots":{"index":"index","follow":"follow","max-snippet":"max-snippet:-1","max-image-preview":"max-image-preview:large","max-video-preview":"max-video-preview:-1"},"canonical":"https:\/\/folhadoleste.com.br\/en\/prefeitura-de-sao-goncalo-decreta-ponto-facultativo-no-carnaval\/","og_locale":"en_US","og_type":"article","og_title":"Prefeitura de S\u00e3o Gon\u00e7alo decreta ponto facultativo no Carnaval &#8226; Folha do Leste","og_description":"Especial Carnaval 2024 &#8226; Folha do Leste","og_url":"https:\/\/folhadoleste.com.br\/en\/prefeitura-de-sao-goncalo-decreta-ponto-facultativo-no-carnaval\/","og_site_name":"Folha do Leste","article_publisher":"https:\/\/www.facebook.com\/folhadoleste","article_published_time":"2024-02-10T13:00:50+00:00","og_image":[{"width":1600,"height":942,"url":"https:\/\/folhadoleste.com.br\/wp-content\/uploads\/2024\/02\/170320-fachada-pref.jpg","type":"image\/jpeg"}],"author":"Aline Cardoso","twitter_card":"summary_large_image","twitter_creator":"@FolhadoLesteRJ","twitter_site":"@FolhadoLesteRJ","twitter_misc":{"Written by":"Aline Cardoso","Est. reading time":"2 minutes"},"schema":{"@context":"https:\/\/schema.org","@graph":[{"@type":"NewsArticle","@id":"https:\/\/folhadoleste.com.br\/prefeitura-de-sao-goncalo-decreta-ponto-facultativo-no-carnaval\/#article","isPartOf":{"@id":"https:\/\/folhadoleste.com.br\/prefeitura-de-sao-goncalo-decreta-ponto-facultativo-no-carnaval\/"},"author":{"name":"Aline Cardoso","@id":"https:\/\/folhadoleste.com.br\/#\/schema\/person\/8a7ae93d6db16fac63c612c1c1ec607c"},"headline":"Prefeitura de S\u00e3o Gon\u00e7alo decreta ponto facultativo no Carnaval","datePublished":"2024-02-10T13:00:50+00:00","mainEntityOfPage":{"@id":"https:\/\/folhadoleste.com.br\/prefeitura-de-sao-goncalo-decreta-ponto-facultativo-no-carnaval\/"},"wordCount":284,"commentCount":0,"publisher":{"@id":"https:\/\/folhadoleste.com.br\/#organization"},"image":{"@id":"https:\/\/folhadoleste.com.br\/prefeitura-de-sao-goncalo-decreta-ponto-facultativo-no-carnaval\/#primaryimage"},"thumbnailUrl":"https:\/\/folhadoleste.com.br\/wp-content\/uploads\/2024\/02\/170320-fachada-pref.jpg","keywords":["Bloco de Rua","Carnaval 2024","s\u00e3o gon\u00e7alo"],"articleSection":["Especial Carnaval 2024","Leste Fluminense","S\u00e3o Gon\u00e7alo"],"inLanguage":"en-US","potentialAction":[{"@type":"CommentAction","name":"Comment","target":["https:\/\/folhadoleste.com.br\/prefeitura-de-sao-goncalo-decreta-ponto-facultativo-no-carnaval\/#respond"]}]},{"@type":"WebPage","@id":"https:\/\/folhadoleste.com.br\/prefeitura-de-sao-goncalo-decreta-ponto-facultativo-no-carnaval\/","url":"https:\/\/folhadoleste.com.br\/prefeitura-de-sao-goncalo-decreta-ponto-facultativo-no-carnaval\/","name":"Prefeitura de S\u00e3o Gon\u00e7alo decreta ponto facultativo no Carnaval &#8226; Folha do Leste","isPartOf":{"@id":"https:\/\/folhadoleste.com.br\/#website"},"primaryImageOfPage":{"@id":"https:\/\/folhadoleste.com.br\/prefeitura-de-sao-goncalo-decreta-ponto-facultativo-no-carnaval\/#primaryimage"},"image":{"@id":"https:\/\/folhadoleste.com.br\/prefeitura-de-sao-goncalo-decreta-ponto-facultativo-no-carnaval\/#primaryimage"},"thumbnailUrl":"https:\/\/folhadoleste.com.br\/wp-content\/uploads\/2024\/02\/170320-fachada-pref.jpg","datePublished":"2024-02-10T13:00:50+00:00","description":"A Prefeitura de S\u00e3o Gon\u00e7alo anunciou que as reparti\u00e7\u00f5es p\u00fablicas municipais ter\u00e3o ponto facultativo na segunda-feira 12 e quarta-feira 14","breadcrumb":{"@id":"https:\/\/folhadoleste.com.br\/prefeitura-de-sao-goncalo-decreta-ponto-facultativo-no-carnaval\/#breadcrumb"},"inLanguage":"en-US","potentialAction":[{"@type":"ReadAction","target":["https:\/\/folhadoleste.com.br\/prefeitura-de-sao-goncalo-decreta-ponto-facultativo-no-carnaval\/"]}]},{"@type":"ImageObject","inLanguage":"en-US","@id":"https:\/\/folhadoleste.com.br\/prefeitura-de-sao-goncalo-decreta-ponto-facultativo-no-carnaval\/#primaryimage","url":"https:\/\/folhadoleste.com.br\/wp-content\/uploads\/2024\/02\/170320-fachada-pref.jpg","contentUrl":"https:\/\/folhadoleste.com.br\/wp-content\/uploads\/2024\/02\/170320-fachada-pref.jpg","width":1600,"height":942,"caption":"Cr\u00e9ditos: Prefeitura de S\u00e3o Gon\u00e7alo"},{"@type":"BreadcrumbList","@id":"https:\/\/folhadoleste.com.br\/prefeitura-de-sao-goncalo-decreta-ponto-facultativo-no-carnaval\/#breadcrumb","itemListElement":[{"@type":"ListItem","position":1,"name":"In\u00edcio","item":"https:\/\/folhadoleste.com.br\/"},{"@type":"ListItem","position":2,"name":"Especial Carnaval 2024","item":"https:\/\/folhadoleste.com.br\/category\/especial-carnaval-2024\/"},{"@type":"ListItem","position":3,"name":"Prefeitura de S\u00e3o Gon\u00e7alo decreta ponto facultativo no Carnaval"}]},{"@type":"WebSite","@id":"https:\/\/folhadoleste.com.br\/#website","url":"https:\/\/folhadoleste.com.br\/","name":"Folha do Leste","description":"Portal de Not\u00edcias com \u00eanfase em Niter\u00f3i, criando conte\u00fados desde a capital Rio de Janeiro, com olhar para o Leste Fluminense e suas cidades como S\u00e3o Gon\u00e7alo, Itabora\u00ed, Rio Bonito, Maric\u00e1, Saquarema e Araruama","publisher":{"@id":"https:\/\/folhadoleste.com.br\/#organization"},"alternateName":"FL","potentialAction":[{"@type":"SearchAction","target":{"@type":"EntryPoint","urlTemplate":"https:\/\/folhadoleste.com.br\/?s={search_term_string}"},"query-input":{"@type":"PropertyValueSpecification","valueRequired":true,"valueName":"search_term_string"}}],"inLanguage":"en-US"},{"@type":"Organization","@id":"https:\/\/folhadoleste.com.br\/#organization","name":"Brasil 21 Comunica\u00e7\u00e3o","alternateName":"BR21","url":"https:\/\/folhadoleste.com.br\/","logo":{"@type":"ImageObject","inLanguage":"en-US","@id":"https:\/\/folhadoleste.com.br\/#\/schema\/logo\/image\/","url":"https:\/\/folhadoleste.com.br\/wp-content\/uploads\/2025\/12\/brasil-21-logomarca.avif","contentUrl":"https:\/\/folhadoleste.com.br\/wp-content\/uploads\/2025\/12\/brasil-21-logomarca.avif","width":1044,"height":1044,"caption":"Brasil 21 Comunica\u00e7\u00e3o"},"image":{"@id":"https:\/\/folhadoleste.com.br\/#\/schema\/logo\/image\/"},"sameAs":["https:\/\/www.facebook.com\/folhadoleste","https:\/\/x.com\/FolhadoLesteRJ","https:\/\/www.instagram.com\/folhadoleste\/"]},{"@type":"Person","@id":"https:\/\/folhadoleste.com.br\/#\/schema\/person\/8a7ae93d6db16fac63c612c1c1ec607c","name":"Aline Cardoso","image":{"@type":"ImageObject","inLanguage":"en-US","@id":"https:\/\/folhadoleste.com.br\/wp-content\/litespeed\/avatar\/7a80fcd932dbdfaac31d3bc42bc19e98.jpg?ver=1777161231","url":"https:\/\/folhadoleste.com.br\/wp-content\/litespeed\/avatar\/7a80fcd932dbdfaac31d3bc42bc19e98.jpg?ver=1777161231","contentUrl":"https:\/\/folhadoleste.com.br\/wp-content\/litespeed\/avatar\/7a80fcd932dbdfaac31d3bc42bc19e98.jpg?ver=1777161231","caption":"Aline Cardoso"},"url":"https:\/\/folhadoleste.com.br\/en\/author\/aline-cardoso\/"}]}},"_links":{"self":[{"href":"https:\/\/folhadoleste.com.br\/en\/wp-json\/wp\/v2\/posts\/49340","targetHints":{"allow":["GET"]}}],"collection":[{"href":"https:\/\/folhadoleste.com.br\/en\/wp-json\/wp\/v2\/posts"}],"about":[{"href":"https:\/\/folhadoleste.com.br\/en\/wp-json\/wp\/v2\/types\/post"}],"author":[{"embeddable":true,"href":"https:\/\/folhadoleste.com.br\/en\/wp-json\/wp\/v2\/users\/20"}],"replies":[{"embeddable":true,"href":"https:\/\/folhadoleste.com.br\/en\/wp-json\/wp\/v2\/comments?post=49340"}],"version-history":[{"count":1,"href":"https:\/\/folhadoleste.com.br\/en\/wp-json\/wp\/v2\/posts\/49340\/revisions"}],"predecessor-version":[{"id":49343,"href":"https:\/\/folhadoleste.com.br\/en\/wp-json\/wp\/v2\/posts\/49340\/revisions\/49343"}],"wp:featuredmedia":[{"embeddable":true,"href":"https:\/\/folhadoleste.com.br\/en\/wp-json\/wp\/v2\/media\/49342"}],"wp:attachment":[{"href":"https:\/\/folhadoleste.com.br\/en\/wp-json\/wp\/v2\/media?parent=49340"}],"wp:term":[{"taxonomy":"category","embeddable":true,"href":"https:\/\/folhadoleste.com.br\/en\/wp-json\/wp\/v2\/categories?post=49340"},{"taxonomy":"post_tag","embeddable":true,"href":"https:\/\/folhadoleste.com.br\/en\/wp-json\/wp\/v2\/tags?post=49340"}],"curies":[{"name":"wp","href":"https:\/\/api.w.org\/{rel}","templated":true}]}}