{"id":48723,"date":"2024-02-07T12:47:00","date_gmt":"2024-02-07T15:47:00","guid":{"rendered":"https:\/\/folhadoleste.com.br\/?p=48723"},"modified":"2024-02-07T12:47:00","modified_gmt":"2024-02-07T15:47:00","slug":"china-se-compromete-a-acelerar-a-eletrificacao-do-transporte-global","status":"publish","type":"post","link":"https:\/\/folhadoleste.com.br\/en\/china-se-compromete-a-acelerar-a-eletrificacao-do-transporte-global\/","title":{"rendered":"China se compromete a acelerar a eletrifica\u00e7\u00e3o do transporte global"},"content":{"rendered":"<div id=\"attachment_48725\" style=\"width: 1210px\" class=\"wp-caption aligncenter\"><img decoding=\"async\" aria-describedby=\"caption-attachment-48725\" class=\"size-full wp-image-48725\" src=\"https:\/\/folhadoleste.com.br\/wp-content\/uploads\/2024\/02\/China-se-compromete-a-acelerar-a-eletrificacao-do-transporte-global-Foto-AFP.webp\" alt=\"China se compromete a acelerar a eletrifica\u00e7\u00e3o do transporte global\" width=\"1200\" height=\"750\" \/><p id=\"caption-attachment-48725\" class=\"wp-caption-text\">Foto: AFP<\/p><\/div>\n<p>O governo chin\u00eas est\u00e1 incentivando ativamente suas empresas fabricantes de ve\u00edculos el\u00e9tricos (EVs) a ampliarem suas opera\u00e7\u00f5es no exterior. De acordo com o Minist\u00e9rio do Com\u00e9rcio da China, fabricantes de EVs s\u00e3o encorajados a estabelecer centros de pesquisa e desenvolvimento em outros pa\u00edses e a colaborar com empresas de transporte para integrar recursos de armazenamento e log\u00edstica em mercados estrangeiros.<\/p>\n<p>Al\u00e9m disso, o minist\u00e9rio revelou que otimizar\u00e1 o suporte financeiro, incentivando os bancos a apoiarem empresas da cadeia de suprimentos de ve\u00edculos el\u00e9tricos tanto na China quanto no exterior. Os bancos tamb\u00e9m ser\u00e3o estimulados a expandir as liquida\u00e7\u00f5es internacionais em yuan.<\/p>\n<h4><a href=\"https:\/\/folhadoleste.com.br\/en\/category\/internacional\/\">\u201cLeia mais not\u00edcias Internacionais aqui\u201d<\/a><\/h4>\n<p>Essas medidas fazem parte dos esfor\u00e7os do governo chin\u00eas para fortalecer sua participa\u00e7\u00e3o no mercado de ve\u00edculos el\u00e9tricos e no setor automobil\u00edstico, buscando aumentar as exporta\u00e7\u00f5es de ve\u00edculos el\u00e9tricos e h\u00edbridos.<\/p>\n<p>Recentemente, a empresa chinesa BYD, apoiada por Warren Buffett, ultrapassou a Tesla como a maior fabricante de ve\u00edculos el\u00e9tricos do mundo em vendas, tendo comercializado quase cinco vezes mais unidades do que a Tesla em 2023, somando um total de 242 mil unidades. Diante dessa conquista, a BYD est\u00e1 expandindo seus showrooms na Europa, com o objetivo de aumentar as vendas na regi\u00e3o ao longo deste ano.<\/p>\n<p>&nbsp;<\/p>\n<p><a href=\"https:\/\/www.instagram.com\/folhadoleste\/\"><img decoding=\"async\" class=\"aligncenter wp-image-15962\" src=\"https:\/\/folhadoleste.com.br\/wp-content\/uploads\/2023\/07\/instagram.jpg.webp\" alt=\"Itaipu-Itaipua\u00e7u: Caminh\u00e3o causa grave acidente na RJ-102, a estrada da Serrinha\" width=\"49\" height=\"49\" \/><\/a><a href=\"https:\/\/www.facebook.com\/folhadoleste\"><img decoding=\"async\" class=\"aligncenter wp-image-7424\" src=\"https:\/\/folhadoleste.com.br\/wp-content\/uploads\/2023\/05\/facebook-logo-3-1.png.webp\" alt=\"Itaipu-Itaipua\u00e7u: Caminh\u00e3o causa grave acidente na RJ-102, a estrada da Serrinha\" width=\"49\" height=\"49\" \/><\/a><\/p>","protected":false},"excerpt":{"rendered":"<p>O governo chin\u00eas est\u00e1 incentivando ativamente suas empresas fabricantes de ve\u00edculos el\u00e9tricos (EVs) a ampliarem suas opera\u00e7\u00f5es no exterior. De acordo com o Minist\u00e9rio do Com\u00e9rcio da China, fabricantes de EVs s\u00e3o encorajados a estabelecer centros de pesquisa e desenvolvimento em outros pa\u00edses e a colaborar com empresas de transporte para integrar recursos de armazenamento e log\u00edstica em mercados estrangeiros. Al\u00e9m disso, o minist\u00e9rio revelou que otimizar\u00e1 o suporte financeiro, incentivando os bancos a apoiarem empresas da cadeia de suprimentos de ve\u00edculos el\u00e9tricos tanto na China quanto no exterior. Os bancos tamb\u00e9m ser\u00e3o estimulados a expandir as liquida\u00e7\u00f5es internacionais em [&hellip;]<\/p>\n","protected":false},"author":4,"featured_media":48725,"comment_status":"open","ping_status":"open","sticky":false,"template":"","format":"standard","meta":{"footnotes":""},"categories":[349],"tags":[17623,5272,565,17622,13770,17624,17621,541,12328],"class_list":["post-48723","post","type-post","status-publish","format-standard","has-post-thumbnail","hentry","category-internacional","tag-aceleracao","tag-apoio","tag-china","tag-evs","tag-exterior","tag-fabricantes","tag-governo-chines","tag-internacional","tag-veiculos-eletricos","post--single"],"yoast_head":"<!-- This site is optimized with the Yoast SEO plugin v27.4 - https:\/\/yoast.com\/product\/yoast-seo-wordpress\/ -->\n<title>China se compromete a acelerar a eletrifica\u00e7\u00e3o do transporte global<\/title>\n<meta name=\"description\" content=\"O governo chin\u00eas est\u00e1 incentivando ativamente suas empresas fabricantes de ve\u00edculos el\u00e9tricos (EVs) a ampliarem suas opera\u00e7\u00f5es no exterior...\" \/>\n<meta name=\"robots\" content=\"index, follow, max-snippet:-1, max-image-preview:large, max-video-preview:-1\" \/>\n<link rel=\"canonical\" href=\"https:\/\/folhadoleste.com.br\/en\/china-se-compromete-a-acelerar-a-eletrificacao-do-transporte-global\/\" \/>\n<meta property=\"og:locale\" content=\"en_US\" \/>\n<meta property=\"og:type\" content=\"article\" \/>\n<meta property=\"og:title\" content=\"China se compromete a acelerar a eletrifica\u00e7\u00e3o do transporte global\" \/>\n<meta property=\"og:description\" content=\"Internacional &#8226; Folha do Leste\" \/>\n<meta property=\"og:url\" content=\"https:\/\/folhadoleste.com.br\/en\/china-se-compromete-a-acelerar-a-eletrificacao-do-transporte-global\/\" \/>\n<meta property=\"og:site_name\" content=\"Folha do Leste\" \/>\n<meta property=\"article:publisher\" content=\"https:\/\/www.facebook.com\/folhadoleste\" \/>\n<meta property=\"article:published_time\" content=\"2024-02-07T15:47:00+00:00\" \/>\n<meta property=\"og:image\" content=\"https:\/\/folhadoleste.com.br\/wp-content\/uploads\/2024\/02\/China-se-compromete-a-acelerar-a-eletrificacao-do-transporte-global-Foto-AFP.webp\" \/>\n\t<meta property=\"og:image:width\" content=\"1200\" \/>\n\t<meta property=\"og:image:height\" content=\"750\" \/>\n\t<meta property=\"og:image:type\" content=\"image\/webp\" \/>\n<meta name=\"author\" content=\"Folha do Leste\" \/>\n<meta name=\"twitter:card\" content=\"summary_large_image\" \/>\n<meta name=\"twitter:creator\" content=\"@FolhadoLesteRJ\" \/>\n<meta name=\"twitter:site\" content=\"@FolhadoLesteRJ\" \/>\n<meta name=\"twitter:label1\" content=\"Written by\" \/>\n\t<meta name=\"twitter:data1\" content=\"Folha do Leste\" \/>\n\t<meta name=\"twitter:label2\" content=\"Est. reading time\" \/>\n\t<meta name=\"twitter:data2\" content=\"2 minutes\" \/>\n<script type=\"application\/ld+json\" class=\"yoast-schema-graph\">{\"@context\":\"https:\\\/\\\/schema.org\",\"@graph\":[{\"@type\":\"NewsArticle\",\"@id\":\"https:\\\/\\\/folhadoleste.com.br\\\/china-se-compromete-a-acelerar-a-eletrificacao-do-transporte-global\\\/#article\",\"isPartOf\":{\"@id\":\"https:\\\/\\\/folhadoleste.com.br\\\/china-se-compromete-a-acelerar-a-eletrificacao-do-transporte-global\\\/\"},\"author\":{\"name\":\"Folha do Leste\",\"@id\":\"https:\\\/\\\/folhadoleste.com.br\\\/#\\\/schema\\\/person\\\/3e97145b2e1861276e84471aa85a3899\"},\"headline\":\"China se compromete a acelerar a eletrifica\u00e7\u00e3o do transporte global\",\"datePublished\":\"2024-02-07T15:47:00+00:00\",\"mainEntityOfPage\":{\"@id\":\"https:\\\/\\\/folhadoleste.com.br\\\/china-se-compromete-a-acelerar-a-eletrificacao-do-transporte-global\\\/\"},\"wordCount\":253,\"commentCount\":0,\"publisher\":{\"@id\":\"https:\\\/\\\/folhadoleste.com.br\\\/#organization\"},\"image\":{\"@id\":\"https:\\\/\\\/folhadoleste.com.br\\\/china-se-compromete-a-acelerar-a-eletrificacao-do-transporte-global\\\/#primaryimage\"},\"thumbnailUrl\":\"https:\\\/\\\/folhadoleste.com.br\\\/wp-content\\\/uploads\\\/2024\\\/02\\\/China-se-compromete-a-acelerar-a-eletrificacao-do-transporte-global-Foto-AFP.webp\",\"keywords\":[\"Acelera\u00e7\u00e3o\",\"apoio\",\"China\",\"EVs\",\"Exterior\",\"Fabricantes\",\"Governo Chin\u00eas\",\"Internacional\",\"Ve\u00edculos eletricos\"],\"articleSection\":[\"Internacional\"],\"inLanguage\":\"en-US\",\"potentialAction\":[{\"@type\":\"CommentAction\",\"name\":\"Comment\",\"target\":[\"https:\\\/\\\/folhadoleste.com.br\\\/china-se-compromete-a-acelerar-a-eletrificacao-do-transporte-global\\\/#respond\"]}]},{\"@type\":\"WebPage\",\"@id\":\"https:\\\/\\\/folhadoleste.com.br\\\/china-se-compromete-a-acelerar-a-eletrificacao-do-transporte-global\\\/\",\"url\":\"https:\\\/\\\/folhadoleste.com.br\\\/china-se-compromete-a-acelerar-a-eletrificacao-do-transporte-global\\\/\",\"name\":\"China se compromete a acelerar a eletrifica\u00e7\u00e3o do transporte global\",\"isPartOf\":{\"@id\":\"https:\\\/\\\/folhadoleste.com.br\\\/#website\"},\"primaryImageOfPage\":{\"@id\":\"https:\\\/\\\/folhadoleste.com.br\\\/china-se-compromete-a-acelerar-a-eletrificacao-do-transporte-global\\\/#primaryimage\"},\"image\":{\"@id\":\"https:\\\/\\\/folhadoleste.com.br\\\/china-se-compromete-a-acelerar-a-eletrificacao-do-transporte-global\\\/#primaryimage\"},\"thumbnailUrl\":\"https:\\\/\\\/folhadoleste.com.br\\\/wp-content\\\/uploads\\\/2024\\\/02\\\/China-se-compromete-a-acelerar-a-eletrificacao-do-transporte-global-Foto-AFP.webp\",\"datePublished\":\"2024-02-07T15:47:00+00:00\",\"description\":\"O governo chin\u00eas est\u00e1 incentivando ativamente suas empresas fabricantes de ve\u00edculos el\u00e9tricos (EVs) a ampliarem suas opera\u00e7\u00f5es no exterior...\",\"breadcrumb\":{\"@id\":\"https:\\\/\\\/folhadoleste.com.br\\\/china-se-compromete-a-acelerar-a-eletrificacao-do-transporte-global\\\/#breadcrumb\"},\"inLanguage\":\"en-US\",\"potentialAction\":[{\"@type\":\"ReadAction\",\"target\":[\"https:\\\/\\\/folhadoleste.com.br\\\/china-se-compromete-a-acelerar-a-eletrificacao-do-transporte-global\\\/\"]}]},{\"@type\":\"ImageObject\",\"inLanguage\":\"en-US\",\"@id\":\"https:\\\/\\\/folhadoleste.com.br\\\/china-se-compromete-a-acelerar-a-eletrificacao-do-transporte-global\\\/#primaryimage\",\"url\":\"https:\\\/\\\/folhadoleste.com.br\\\/wp-content\\\/uploads\\\/2024\\\/02\\\/China-se-compromete-a-acelerar-a-eletrificacao-do-transporte-global-Foto-AFP.webp\",\"contentUrl\":\"https:\\\/\\\/folhadoleste.com.br\\\/wp-content\\\/uploads\\\/2024\\\/02\\\/China-se-compromete-a-acelerar-a-eletrificacao-do-transporte-global-Foto-AFP.webp\",\"width\":1200,\"height\":750,\"caption\":\"Foto: AFP\"},{\"@type\":\"BreadcrumbList\",\"@id\":\"https:\\\/\\\/folhadoleste.com.br\\\/china-se-compromete-a-acelerar-a-eletrificacao-do-transporte-global\\\/#breadcrumb\",\"itemListElement\":[{\"@type\":\"ListItem\",\"position\":1,\"name\":\"In\u00edcio\",\"item\":\"https:\\\/\\\/folhadoleste.com.br\\\/\"},{\"@type\":\"ListItem\",\"position\":2,\"name\":\"Internacional\",\"item\":\"https:\\\/\\\/folhadoleste.com.br\\\/category\\\/internacional\\\/\"},{\"@type\":\"ListItem\",\"position\":3,\"name\":\"China se compromete a acelerar a eletrifica\u00e7\u00e3o do transporte global\"}]},{\"@type\":\"WebSite\",\"@id\":\"https:\\\/\\\/folhadoleste.com.br\\\/#website\",\"url\":\"https:\\\/\\\/folhadoleste.com.br\\\/\",\"name\":\"Folha do Leste\",\"description\":\"Portal de Not\u00edcias com \u00eanfase em Niter\u00f3i, criando conte\u00fados desde a capital Rio de Janeiro, com olhar para o Leste Fluminense e suas cidades como S\u00e3o Gon\u00e7alo, Itabora\u00ed, Rio Bonito, Maric\u00e1, Saquarema e Araruama\",\"publisher\":{\"@id\":\"https:\\\/\\\/folhadoleste.com.br\\\/#organization\"},\"alternateName\":\"FL\",\"potentialAction\":[{\"@type\":\"SearchAction\",\"target\":{\"@type\":\"EntryPoint\",\"urlTemplate\":\"https:\\\/\\\/folhadoleste.com.br\\\/?s={search_term_string}\"},\"query-input\":{\"@type\":\"PropertyValueSpecification\",\"valueRequired\":true,\"valueName\":\"search_term_string\"}}],\"inLanguage\":\"en-US\"},{\"@type\":\"Organization\",\"@id\":\"https:\\\/\\\/folhadoleste.com.br\\\/#organization\",\"name\":\"Brasil 21 Comunica\u00e7\u00e3o\",\"alternateName\":\"BR21\",\"url\":\"https:\\\/\\\/folhadoleste.com.br\\\/\",\"logo\":{\"@type\":\"ImageObject\",\"inLanguage\":\"en-US\",\"@id\":\"https:\\\/\\\/folhadoleste.com.br\\\/#\\\/schema\\\/logo\\\/image\\\/\",\"url\":\"https:\\\/\\\/folhadoleste.com.br\\\/wp-content\\\/uploads\\\/2025\\\/12\\\/brasil-21-logomarca.avif\",\"contentUrl\":\"https:\\\/\\\/folhadoleste.com.br\\\/wp-content\\\/uploads\\\/2025\\\/12\\\/brasil-21-logomarca.avif\",\"width\":1044,\"height\":1044,\"caption\":\"Brasil 21 Comunica\u00e7\u00e3o\"},\"image\":{\"@id\":\"https:\\\/\\\/folhadoleste.com.br\\\/#\\\/schema\\\/logo\\\/image\\\/\"},\"sameAs\":[\"https:\\\/\\\/www.facebook.com\\\/folhadoleste\",\"https:\\\/\\\/x.com\\\/FolhadoLesteRJ\",\"https:\\\/\\\/www.instagram.com\\\/folhadoleste\\\/\"]},{\"@type\":\"Person\",\"@id\":\"https:\\\/\\\/folhadoleste.com.br\\\/#\\\/schema\\\/person\\\/3e97145b2e1861276e84471aa85a3899\",\"name\":\"Folha do Leste\",\"image\":{\"@type\":\"ImageObject\",\"inLanguage\":\"en-US\",\"@id\":\"https:\\\/\\\/folhadoleste.com.br\\\/wp-content\\\/litespeed\\\/avatar\\\/1ca8c218432e7045e748610eb3db0259.jpg?ver=1777161142\",\"url\":\"https:\\\/\\\/folhadoleste.com.br\\\/wp-content\\\/litespeed\\\/avatar\\\/1ca8c218432e7045e748610eb3db0259.jpg?ver=1777161142\",\"contentUrl\":\"https:\\\/\\\/folhadoleste.com.br\\\/wp-content\\\/litespeed\\\/avatar\\\/1ca8c218432e7045e748610eb3db0259.jpg?ver=1777161142\",\"caption\":\"Folha do Leste\"},\"url\":\"https:\\\/\\\/folhadoleste.com.br\\\/en\\\/author\\\/reportagem-01\\\/\"}]}<\/script>\n<!-- \/ Yoast SEO plugin. -->","yoast_head_json":{"title":"China se compromete a acelerar a eletrifica\u00e7\u00e3o do transporte global","description":"O governo chin\u00eas est\u00e1 incentivando ativamente suas empresas fabricantes de ve\u00edculos el\u00e9tricos (EVs) a ampliarem suas opera\u00e7\u00f5es no exterior...","robots":{"index":"index","follow":"follow","max-snippet":"max-snippet:-1","max-image-preview":"max-image-preview:large","max-video-preview":"max-video-preview:-1"},"canonical":"https:\/\/folhadoleste.com.br\/en\/china-se-compromete-a-acelerar-a-eletrificacao-do-transporte-global\/","og_locale":"en_US","og_type":"article","og_title":"China se compromete a acelerar a eletrifica\u00e7\u00e3o do transporte global","og_description":"Internacional &#8226; Folha do Leste","og_url":"https:\/\/folhadoleste.com.br\/en\/china-se-compromete-a-acelerar-a-eletrificacao-do-transporte-global\/","og_site_name":"Folha do Leste","article_publisher":"https:\/\/www.facebook.com\/folhadoleste","article_published_time":"2024-02-07T15:47:00+00:00","og_image":[{"width":1200,"height":750,"url":"https:\/\/folhadoleste.com.br\/wp-content\/uploads\/2024\/02\/China-se-compromete-a-acelerar-a-eletrificacao-do-transporte-global-Foto-AFP.webp","type":"image\/webp"}],"author":"Folha do Leste","twitter_card":"summary_large_image","twitter_creator":"@FolhadoLesteRJ","twitter_site":"@FolhadoLesteRJ","twitter_misc":{"Written by":"Folha do Leste","Est. reading time":"2 minutes"},"schema":{"@context":"https:\/\/schema.org","@graph":[{"@type":"NewsArticle","@id":"https:\/\/folhadoleste.com.br\/china-se-compromete-a-acelerar-a-eletrificacao-do-transporte-global\/#article","isPartOf":{"@id":"https:\/\/folhadoleste.com.br\/china-se-compromete-a-acelerar-a-eletrificacao-do-transporte-global\/"},"author":{"name":"Folha do Leste","@id":"https:\/\/folhadoleste.com.br\/#\/schema\/person\/3e97145b2e1861276e84471aa85a3899"},"headline":"China se compromete a acelerar a eletrifica\u00e7\u00e3o do transporte global","datePublished":"2024-02-07T15:47:00+00:00","mainEntityOfPage":{"@id":"https:\/\/folhadoleste.com.br\/china-se-compromete-a-acelerar-a-eletrificacao-do-transporte-global\/"},"wordCount":253,"commentCount":0,"publisher":{"@id":"https:\/\/folhadoleste.com.br\/#organization"},"image":{"@id":"https:\/\/folhadoleste.com.br\/china-se-compromete-a-acelerar-a-eletrificacao-do-transporte-global\/#primaryimage"},"thumbnailUrl":"https:\/\/folhadoleste.com.br\/wp-content\/uploads\/2024\/02\/China-se-compromete-a-acelerar-a-eletrificacao-do-transporte-global-Foto-AFP.webp","keywords":["Acelera\u00e7\u00e3o","apoio","China","EVs","Exterior","Fabricantes","Governo Chin\u00eas","Internacional","Ve\u00edculos eletricos"],"articleSection":["Internacional"],"inLanguage":"en-US","potentialAction":[{"@type":"CommentAction","name":"Comment","target":["https:\/\/folhadoleste.com.br\/china-se-compromete-a-acelerar-a-eletrificacao-do-transporte-global\/#respond"]}]},{"@type":"WebPage","@id":"https:\/\/folhadoleste.com.br\/china-se-compromete-a-acelerar-a-eletrificacao-do-transporte-global\/","url":"https:\/\/folhadoleste.com.br\/china-se-compromete-a-acelerar-a-eletrificacao-do-transporte-global\/","name":"China se compromete a acelerar a eletrifica\u00e7\u00e3o do transporte global","isPartOf":{"@id":"https:\/\/folhadoleste.com.br\/#website"},"primaryImageOfPage":{"@id":"https:\/\/folhadoleste.com.br\/china-se-compromete-a-acelerar-a-eletrificacao-do-transporte-global\/#primaryimage"},"image":{"@id":"https:\/\/folhadoleste.com.br\/china-se-compromete-a-acelerar-a-eletrificacao-do-transporte-global\/#primaryimage"},"thumbnailUrl":"https:\/\/folhadoleste.com.br\/wp-content\/uploads\/2024\/02\/China-se-compromete-a-acelerar-a-eletrificacao-do-transporte-global-Foto-AFP.webp","datePublished":"2024-02-07T15:47:00+00:00","description":"O governo chin\u00eas est\u00e1 incentivando ativamente suas empresas fabricantes de ve\u00edculos el\u00e9tricos (EVs) a ampliarem suas opera\u00e7\u00f5es no exterior...","breadcrumb":{"@id":"https:\/\/folhadoleste.com.br\/china-se-compromete-a-acelerar-a-eletrificacao-do-transporte-global\/#breadcrumb"},"inLanguage":"en-US","potentialAction":[{"@type":"ReadAction","target":["https:\/\/folhadoleste.com.br\/china-se-compromete-a-acelerar-a-eletrificacao-do-transporte-global\/"]}]},{"@type":"ImageObject","inLanguage":"en-US","@id":"https:\/\/folhadoleste.com.br\/china-se-compromete-a-acelerar-a-eletrificacao-do-transporte-global\/#primaryimage","url":"https:\/\/folhadoleste.com.br\/wp-content\/uploads\/2024\/02\/China-se-compromete-a-acelerar-a-eletrificacao-do-transporte-global-Foto-AFP.webp","contentUrl":"https:\/\/folhadoleste.com.br\/wp-content\/uploads\/2024\/02\/China-se-compromete-a-acelerar-a-eletrificacao-do-transporte-global-Foto-AFP.webp","width":1200,"height":750,"caption":"Foto: AFP"},{"@type":"BreadcrumbList","@id":"https:\/\/folhadoleste.com.br\/china-se-compromete-a-acelerar-a-eletrificacao-do-transporte-global\/#breadcrumb","itemListElement":[{"@type":"ListItem","position":1,"name":"In\u00edcio","item":"https:\/\/folhadoleste.com.br\/"},{"@type":"ListItem","position":2,"name":"Internacional","item":"https:\/\/folhadoleste.com.br\/category\/internacional\/"},{"@type":"ListItem","position":3,"name":"China se compromete a acelerar a eletrifica\u00e7\u00e3o do transporte global"}]},{"@type":"WebSite","@id":"https:\/\/folhadoleste.com.br\/#website","url":"https:\/\/folhadoleste.com.br\/","name":"Folha do Leste","description":"Portal de Not\u00edcias com \u00eanfase em Niter\u00f3i, criando conte\u00fados desde a capital Rio de Janeiro, com olhar para o Leste Fluminense e suas cidades como S\u00e3o Gon\u00e7alo, Itabora\u00ed, Rio Bonito, Maric\u00e1, Saquarema e Araruama","publisher":{"@id":"https:\/\/folhadoleste.com.br\/#organization"},"alternateName":"FL","potentialAction":[{"@type":"SearchAction","target":{"@type":"EntryPoint","urlTemplate":"https:\/\/folhadoleste.com.br\/?s={search_term_string}"},"query-input":{"@type":"PropertyValueSpecification","valueRequired":true,"valueName":"search_term_string"}}],"inLanguage":"en-US"},{"@type":"Organization","@id":"https:\/\/folhadoleste.com.br\/#organization","name":"Brasil 21 Comunica\u00e7\u00e3o","alternateName":"BR21","url":"https:\/\/folhadoleste.com.br\/","logo":{"@type":"ImageObject","inLanguage":"en-US","@id":"https:\/\/folhadoleste.com.br\/#\/schema\/logo\/image\/","url":"https:\/\/folhadoleste.com.br\/wp-content\/uploads\/2025\/12\/brasil-21-logomarca.avif","contentUrl":"https:\/\/folhadoleste.com.br\/wp-content\/uploads\/2025\/12\/brasil-21-logomarca.avif","width":1044,"height":1044,"caption":"Brasil 21 Comunica\u00e7\u00e3o"},"image":{"@id":"https:\/\/folhadoleste.com.br\/#\/schema\/logo\/image\/"},"sameAs":["https:\/\/www.facebook.com\/folhadoleste","https:\/\/x.com\/FolhadoLesteRJ","https:\/\/www.instagram.com\/folhadoleste\/"]},{"@type":"Person","@id":"https:\/\/folhadoleste.com.br\/#\/schema\/person\/3e97145b2e1861276e84471aa85a3899","name":"Folha do Leste","image":{"@type":"ImageObject","inLanguage":"en-US","@id":"https:\/\/folhadoleste.com.br\/wp-content\/litespeed\/avatar\/1ca8c218432e7045e748610eb3db0259.jpg?ver=1777161142","url":"https:\/\/folhadoleste.com.br\/wp-content\/litespeed\/avatar\/1ca8c218432e7045e748610eb3db0259.jpg?ver=1777161142","contentUrl":"https:\/\/folhadoleste.com.br\/wp-content\/litespeed\/avatar\/1ca8c218432e7045e748610eb3db0259.jpg?ver=1777161142","caption":"Folha do Leste"},"url":"https:\/\/folhadoleste.com.br\/en\/author\/reportagem-01\/"}]}},"_links":{"self":[{"href":"https:\/\/folhadoleste.com.br\/en\/wp-json\/wp\/v2\/posts\/48723","targetHints":{"allow":["GET"]}}],"collection":[{"href":"https:\/\/folhadoleste.com.br\/en\/wp-json\/wp\/v2\/posts"}],"about":[{"href":"https:\/\/folhadoleste.com.br\/en\/wp-json\/wp\/v2\/types\/post"}],"author":[{"embeddable":true,"href":"https:\/\/folhadoleste.com.br\/en\/wp-json\/wp\/v2\/users\/4"}],"replies":[{"embeddable":true,"href":"https:\/\/folhadoleste.com.br\/en\/wp-json\/wp\/v2\/comments?post=48723"}],"version-history":[{"count":1,"href":"https:\/\/folhadoleste.com.br\/en\/wp-json\/wp\/v2\/posts\/48723\/revisions"}],"predecessor-version":[{"id":48726,"href":"https:\/\/folhadoleste.com.br\/en\/wp-json\/wp\/v2\/posts\/48723\/revisions\/48726"}],"wp:featuredmedia":[{"embeddable":true,"href":"https:\/\/folhadoleste.com.br\/en\/wp-json\/wp\/v2\/media\/48725"}],"wp:attachment":[{"href":"https:\/\/folhadoleste.com.br\/en\/wp-json\/wp\/v2\/media?parent=48723"}],"wp:term":[{"taxonomy":"category","embeddable":true,"href":"https:\/\/folhadoleste.com.br\/en\/wp-json\/wp\/v2\/categories?post=48723"},{"taxonomy":"post_tag","embeddable":true,"href":"https:\/\/folhadoleste.com.br\/en\/wp-json\/wp\/v2\/tags?post=48723"}],"curies":[{"name":"wp","href":"https:\/\/api.w.org\/{rel}","templated":true}]}}