{"id":4773,"date":"2023-05-10T19:38:42","date_gmt":"2023-05-10T22:38:42","guid":{"rendered":"https:\/\/folhadoleste.com.br\/?p=4773"},"modified":"2023-05-10T19:38:42","modified_gmt":"2023-05-10T22:38:42","slug":"rj-lanca-programa-de-gestao-de-residuos","status":"publish","type":"post","link":"https:\/\/folhadoleste.com.br\/en\/rj-lanca-programa-de-gestao-de-residuos\/","title":{"rendered":"RJ lan\u00e7a programa de gest\u00e3o de res\u00edduos"},"content":{"rendered":"<p>A Secretaria de Estado do Ambiente e Sustentabilidade lan\u00e7ou, nesta quarta-feira (10\/5), o Programa Estadual de Gest\u00e3o de Res\u00edduos Integrada e Desenvolvimento Sustent\u00e1vel (Progride). Apresentada no Pal\u00e1cio Guanabara pelo governador em exerc\u00edcio Thiago Pampolha, a iniciativa ir\u00e1 promover o desenvolvimento sustent\u00e1vel com fomento e implementar uma pol\u00edtica de economia circular, a fim de atingir um n\u00edvel mais elevado de gest\u00e3o ambiental.<\/p>\n<p>O Progride vai utilizar a economia circular como mecanismo para promover a redu\u00e7\u00e3o de res\u00edduos e aumentar o aproveitamento de materiais, diminuindo o impacto da produ\u00e7\u00e3o e do consumo sobre os recursos naturais. Al\u00e9m disso, ir\u00e1 promover a\u00e7\u00f5es para conter os impactos ambientais decorrentes da gest\u00e3o inadequada ou ineficiente dos res\u00edduos, garantindo a destina\u00e7\u00e3o ambientalmente adequada do lixo.<\/p>\n<p>&#8211; A gest\u00e3o dos res\u00edduos s\u00f3lidos urbanos ainda \u00e9 um grande desafio para muitas cidades de todo o Brasil. O problema \u00e9 complexo e demanda esfor\u00e7os coletivos, al\u00e9m de sinergia entre o estado, munic\u00edpios e todos os setores da sociedade. O Governo do Estado do Rio de Janeiro est\u00e1 empenhado em identificar solu\u00e7\u00f5es e maximizar o desenvolvimento sustent\u00e1vel fluminense &#8211; afirmou o governador em exerc\u00edcio Thiago Pampolha.<\/p>\n<p>O programa est\u00e1 inserido no \u00e2mbito da agenda do \u2018Pacto pelo Saneamento do Estado do Rio de Janeiro\u2019, estabelecido pelo Decreto Estadual 42.930, de 18 de abril de 2011. Para isso, foram utilizadas como par\u00e2metro as metas do Novo Marco do Saneamento, as metas do Planares e as metas estabelecidas em leis estaduais para a constru\u00e7\u00e3o da proposta do Plano de A\u00e7\u00e3o.<\/p>\n<h5>Log\u00edstica Reversa<\/h5>\n<p>No dia 03\/02, o governador em exerc\u00edcio Thiago Pampolha assinou o decreto que regulamenta a Log\u00edstica Reversa no Estado do Rio de Janeiro. O documento institui normas sobre as pol\u00edticas de descarte adequado de res\u00edduos s\u00f3lidos, o que contribui positiva e diretamente na miss\u00e3o sustent\u00e1vel do estado.<\/p>\n<p>O decreto apresenta as regras gerais para os cuidados com agrot\u00f3xicos, pilhas, baterias, \u00f3leos lubrificantes, l\u00e2mpadas fluorescentes, produtos eletroeletr\u00f4nicos e seus componentes, medicamentos fora da validade, entre outros. De acordo com Pampolha, o projeto \u00e9 inovador e coloca o estado do Rio na vanguarda sobre o tema.<\/p>","protected":false},"excerpt":{"rendered":"<p>A Secretaria de Estado do Ambiente e Sustentabilidade lan\u00e7ou, nesta quarta-feira (10\/5), o Programa Estadual de Gest\u00e3o de Res\u00edduos Integrada e Desenvolvimento Sustent\u00e1vel (Progride). Apresentada no Pal\u00e1cio Guanabara pelo governador em exerc\u00edcio Thiago Pampolha, a iniciativa ir\u00e1 promover o desenvolvimento sustent\u00e1vel com fomento e implementar uma pol\u00edtica de economia circular, a fim de atingir um n\u00edvel mais elevado de gest\u00e3o ambiental. O Progride vai utilizar a economia circular como mecanismo para promover a redu\u00e7\u00e3o de res\u00edduos e aumentar o aproveitamento de materiais, diminuindo o impacto da produ\u00e7\u00e3o e do consumo sobre os recursos naturais. Al\u00e9m disso, ir\u00e1 promover a\u00e7\u00f5es para [&hellip;]<\/p>\n","protected":false},"author":4,"featured_media":4774,"comment_status":"open","ping_status":"open","sticky":false,"template":"","format":"standard","meta":{"footnotes":""},"categories":[46],"tags":[3285,3284,3283,3282,3281,807],"class_list":["post-4773","post","type-post","status-publish","format-standard","has-post-thumbnail","hentry","category-estado-do-rio-de-janeiro","tag-gestao-ambiental","tag-governador-em-exercicio","tag-palacio-guanabara","tag-programa-estadual-de-gestao-de-residuos-integrada","tag-secretaria-de-estado-do-ambiente-e-sustentabilidade","tag-thiago-pampolha","post--single"],"yoast_head":"<!-- This site is optimized with the Yoast SEO plugin v27.4 - https:\/\/yoast.com\/product\/yoast-seo-wordpress\/ -->\n<title>RJ lan\u00e7a programa de gest\u00e3o de res\u00edduos &#8226; Folha do Leste<\/title>\n<meta name=\"description\" content=\"Iniciativa da Secretaria de Estado do Ambiente e Sustentabilidade visa a estruturar a din\u00e2mica das a\u00e7\u00f5es do estado no descarte do lixo\" \/>\n<meta name=\"robots\" content=\"index, follow, max-snippet:-1, max-image-preview:large, max-video-preview:-1\" \/>\n<link rel=\"canonical\" href=\"https:\/\/folhadoleste.com.br\/en\/rj-lanca-programa-de-gestao-de-residuos\/\" \/>\n<meta property=\"og:locale\" content=\"en_US\" \/>\n<meta property=\"og:type\" content=\"article\" \/>\n<meta property=\"og:title\" content=\"RJ lan\u00e7a programa de gest\u00e3o de res\u00edduos &#8226; Folha do Leste\" \/>\n<meta property=\"og:description\" content=\"Iniciativa da Secretaria de Estado do Ambiente e Sustentabilidade visa a estruturar a din\u00e2mica das a\u00e7\u00f5es do estado no descarte do lixo\" \/>\n<meta property=\"og:url\" content=\"https:\/\/folhadoleste.com.br\/en\/rj-lanca-programa-de-gestao-de-residuos\/\" \/>\n<meta property=\"og:site_name\" content=\"Folha do Leste\" \/>\n<meta property=\"article:publisher\" content=\"https:\/\/www.facebook.com\/folhadoleste\" \/>\n<meta property=\"article:published_time\" content=\"2023-05-10T22:38:42+00:00\" \/>\n<meta property=\"og:image\" content=\"https:\/\/folhadoleste.com.br\/wp-content\/uploads\/2023\/05\/WhatsApp-Image-2023-05-10-at-18.43.21.jpeg\" \/>\n\t<meta property=\"og:image:width\" content=\"1280\" \/>\n\t<meta property=\"og:image:height\" content=\"853\" \/>\n\t<meta property=\"og:image:type\" content=\"image\/jpeg\" \/>\n<meta name=\"author\" content=\"Folha do Leste\" \/>\n<meta name=\"twitter:card\" content=\"summary_large_image\" \/>\n<meta name=\"twitter:creator\" content=\"@FolhadoLesteRJ\" \/>\n<meta name=\"twitter:site\" content=\"@FolhadoLesteRJ\" \/>\n<meta name=\"twitter:label1\" content=\"Written by\" \/>\n\t<meta name=\"twitter:data1\" content=\"Folha do Leste\" \/>\n\t<meta name=\"twitter:label2\" content=\"Est. reading time\" \/>\n\t<meta name=\"twitter:data2\" content=\"2 minutes\" \/>\n<script type=\"application\/ld+json\" class=\"yoast-schema-graph\">{\"@context\":\"https:\\\/\\\/schema.org\",\"@graph\":[{\"@type\":\"NewsArticle\",\"@id\":\"https:\\\/\\\/folhadoleste.com.br\\\/rj-lanca-programa-de-gestao-de-residuos\\\/#article\",\"isPartOf\":{\"@id\":\"https:\\\/\\\/folhadoleste.com.br\\\/rj-lanca-programa-de-gestao-de-residuos\\\/\"},\"author\":{\"name\":\"Folha do Leste\",\"@id\":\"https:\\\/\\\/folhadoleste.com.br\\\/#\\\/schema\\\/person\\\/3e97145b2e1861276e84471aa85a3899\"},\"headline\":\"RJ lan\u00e7a programa de gest\u00e3o de res\u00edduos\",\"datePublished\":\"2023-05-10T22:38:42+00:00\",\"mainEntityOfPage\":{\"@id\":\"https:\\\/\\\/folhadoleste.com.br\\\/rj-lanca-programa-de-gestao-de-residuos\\\/\"},\"wordCount\":387,\"commentCount\":0,\"publisher\":{\"@id\":\"https:\\\/\\\/folhadoleste.com.br\\\/#organization\"},\"image\":{\"@id\":\"https:\\\/\\\/folhadoleste.com.br\\\/rj-lanca-programa-de-gestao-de-residuos\\\/#primaryimage\"},\"thumbnailUrl\":\"https:\\\/\\\/folhadoleste.com.br\\\/wp-content\\\/uploads\\\/2023\\\/05\\\/WhatsApp-Image-2023-05-10-at-18.43.21.jpeg\",\"keywords\":[\"gest\u00e3o ambiental\",\"governador em exerc\u00edcio\",\"Pal\u00e1cio Guanabara\",\"Programa Estadual de Gest\u00e3o de Res\u00edduos Integrada\",\"Secretaria de Estado do Ambiente e Sustentabilidade\",\"Thiago Pampolha\"],\"articleSection\":[\"Estado do Rio de Janeiro\"],\"inLanguage\":\"en-US\",\"potentialAction\":[{\"@type\":\"CommentAction\",\"name\":\"Comment\",\"target\":[\"https:\\\/\\\/folhadoleste.com.br\\\/rj-lanca-programa-de-gestao-de-residuos\\\/#respond\"]}]},{\"@type\":\"WebPage\",\"@id\":\"https:\\\/\\\/folhadoleste.com.br\\\/rj-lanca-programa-de-gestao-de-residuos\\\/\",\"url\":\"https:\\\/\\\/folhadoleste.com.br\\\/rj-lanca-programa-de-gestao-de-residuos\\\/\",\"name\":\"RJ lan\u00e7a programa de gest\u00e3o de res\u00edduos &#8226; Folha do Leste\",\"isPartOf\":{\"@id\":\"https:\\\/\\\/folhadoleste.com.br\\\/#website\"},\"primaryImageOfPage\":{\"@id\":\"https:\\\/\\\/folhadoleste.com.br\\\/rj-lanca-programa-de-gestao-de-residuos\\\/#primaryimage\"},\"image\":{\"@id\":\"https:\\\/\\\/folhadoleste.com.br\\\/rj-lanca-programa-de-gestao-de-residuos\\\/#primaryimage\"},\"thumbnailUrl\":\"https:\\\/\\\/folhadoleste.com.br\\\/wp-content\\\/uploads\\\/2023\\\/05\\\/WhatsApp-Image-2023-05-10-at-18.43.21.jpeg\",\"datePublished\":\"2023-05-10T22:38:42+00:00\",\"description\":\"Iniciativa da Secretaria de Estado do Ambiente e Sustentabilidade visa a estruturar a din\u00e2mica das a\u00e7\u00f5es do estado no descarte do lixo\",\"breadcrumb\":{\"@id\":\"https:\\\/\\\/folhadoleste.com.br\\\/rj-lanca-programa-de-gestao-de-residuos\\\/#breadcrumb\"},\"inLanguage\":\"en-US\",\"potentialAction\":[{\"@type\":\"ReadAction\",\"target\":[\"https:\\\/\\\/folhadoleste.com.br\\\/rj-lanca-programa-de-gestao-de-residuos\\\/\"]}]},{\"@type\":\"ImageObject\",\"inLanguage\":\"en-US\",\"@id\":\"https:\\\/\\\/folhadoleste.com.br\\\/rj-lanca-programa-de-gestao-de-residuos\\\/#primaryimage\",\"url\":\"https:\\\/\\\/folhadoleste.com.br\\\/wp-content\\\/uploads\\\/2023\\\/05\\\/WhatsApp-Image-2023-05-10-at-18.43.21.jpeg\",\"contentUrl\":\"https:\\\/\\\/folhadoleste.com.br\\\/wp-content\\\/uploads\\\/2023\\\/05\\\/WhatsApp-Image-2023-05-10-at-18.43.21.jpeg\",\"width\":1280,\"height\":853},{\"@type\":\"BreadcrumbList\",\"@id\":\"https:\\\/\\\/folhadoleste.com.br\\\/rj-lanca-programa-de-gestao-de-residuos\\\/#breadcrumb\",\"itemListElement\":[{\"@type\":\"ListItem\",\"position\":1,\"name\":\"In\u00edcio\",\"item\":\"https:\\\/\\\/folhadoleste.com.br\\\/\"},{\"@type\":\"ListItem\",\"position\":2,\"name\":\"Estado do Rio de Janeiro\",\"item\":\"https:\\\/\\\/folhadoleste.com.br\\\/category\\\/estado-do-rio-de-janeiro\\\/\"},{\"@type\":\"ListItem\",\"position\":3,\"name\":\"RJ lan\u00e7a programa de gest\u00e3o de res\u00edduos\"}]},{\"@type\":\"WebSite\",\"@id\":\"https:\\\/\\\/folhadoleste.com.br\\\/#website\",\"url\":\"https:\\\/\\\/folhadoleste.com.br\\\/\",\"name\":\"Folha do Leste\",\"description\":\"Portal de Not\u00edcias com \u00eanfase em Niter\u00f3i, criando conte\u00fados desde a capital Rio de Janeiro, com olhar para o Leste Fluminense e suas cidades como S\u00e3o Gon\u00e7alo, Itabora\u00ed, Rio Bonito, Maric\u00e1, Saquarema e Araruama\",\"publisher\":{\"@id\":\"https:\\\/\\\/folhadoleste.com.br\\\/#organization\"},\"alternateName\":\"FL\",\"potentialAction\":[{\"@type\":\"SearchAction\",\"target\":{\"@type\":\"EntryPoint\",\"urlTemplate\":\"https:\\\/\\\/folhadoleste.com.br\\\/?s={search_term_string}\"},\"query-input\":{\"@type\":\"PropertyValueSpecification\",\"valueRequired\":true,\"valueName\":\"search_term_string\"}}],\"inLanguage\":\"en-US\"},{\"@type\":\"Organization\",\"@id\":\"https:\\\/\\\/folhadoleste.com.br\\\/#organization\",\"name\":\"Brasil 21 Comunica\u00e7\u00e3o\",\"alternateName\":\"BR21\",\"url\":\"https:\\\/\\\/folhadoleste.com.br\\\/\",\"logo\":{\"@type\":\"ImageObject\",\"inLanguage\":\"en-US\",\"@id\":\"https:\\\/\\\/folhadoleste.com.br\\\/#\\\/schema\\\/logo\\\/image\\\/\",\"url\":\"https:\\\/\\\/folhadoleste.com.br\\\/wp-content\\\/uploads\\\/2025\\\/12\\\/brasil-21-logomarca.avif\",\"contentUrl\":\"https:\\\/\\\/folhadoleste.com.br\\\/wp-content\\\/uploads\\\/2025\\\/12\\\/brasil-21-logomarca.avif\",\"width\":1044,\"height\":1044,\"caption\":\"Brasil 21 Comunica\u00e7\u00e3o\"},\"image\":{\"@id\":\"https:\\\/\\\/folhadoleste.com.br\\\/#\\\/schema\\\/logo\\\/image\\\/\"},\"sameAs\":[\"https:\\\/\\\/www.facebook.com\\\/folhadoleste\",\"https:\\\/\\\/x.com\\\/FolhadoLesteRJ\",\"https:\\\/\\\/www.instagram.com\\\/folhadoleste\\\/\"]},{\"@type\":\"Person\",\"@id\":\"https:\\\/\\\/folhadoleste.com.br\\\/#\\\/schema\\\/person\\\/3e97145b2e1861276e84471aa85a3899\",\"name\":\"Folha do Leste\",\"image\":{\"@type\":\"ImageObject\",\"inLanguage\":\"en-US\",\"@id\":\"https:\\\/\\\/folhadoleste.com.br\\\/wp-content\\\/litespeed\\\/avatar\\\/1ca8c218432e7045e748610eb3db0259.jpg?ver=1777161142\",\"url\":\"https:\\\/\\\/folhadoleste.com.br\\\/wp-content\\\/litespeed\\\/avatar\\\/1ca8c218432e7045e748610eb3db0259.jpg?ver=1777161142\",\"contentUrl\":\"https:\\\/\\\/folhadoleste.com.br\\\/wp-content\\\/litespeed\\\/avatar\\\/1ca8c218432e7045e748610eb3db0259.jpg?ver=1777161142\",\"caption\":\"Folha do Leste\"},\"url\":\"https:\\\/\\\/folhadoleste.com.br\\\/en\\\/author\\\/reportagem-01\\\/\"}]}<\/script>\n<!-- \/ Yoast SEO plugin. -->","yoast_head_json":{"title":"RJ lan\u00e7a programa de gest\u00e3o de res\u00edduos &#8226; Folha do Leste","description":"Iniciativa da Secretaria de Estado do Ambiente e Sustentabilidade visa a estruturar a din\u00e2mica das a\u00e7\u00f5es do estado no descarte do lixo","robots":{"index":"index","follow":"follow","max-snippet":"max-snippet:-1","max-image-preview":"max-image-preview:large","max-video-preview":"max-video-preview:-1"},"canonical":"https:\/\/folhadoleste.com.br\/en\/rj-lanca-programa-de-gestao-de-residuos\/","og_locale":"en_US","og_type":"article","og_title":"RJ lan\u00e7a programa de gest\u00e3o de res\u00edduos &#8226; Folha do Leste","og_description":"Iniciativa da Secretaria de Estado do Ambiente e Sustentabilidade visa a estruturar a din\u00e2mica das a\u00e7\u00f5es do estado no descarte do lixo","og_url":"https:\/\/folhadoleste.com.br\/en\/rj-lanca-programa-de-gestao-de-residuos\/","og_site_name":"Folha do Leste","article_publisher":"https:\/\/www.facebook.com\/folhadoleste","article_published_time":"2023-05-10T22:38:42+00:00","og_image":[{"width":1280,"height":853,"url":"https:\/\/folhadoleste.com.br\/wp-content\/uploads\/2023\/05\/WhatsApp-Image-2023-05-10-at-18.43.21.jpeg","type":"image\/jpeg"}],"author":"Folha do Leste","twitter_card":"summary_large_image","twitter_creator":"@FolhadoLesteRJ","twitter_site":"@FolhadoLesteRJ","twitter_misc":{"Written by":"Folha do Leste","Est. reading time":"2 minutes"},"schema":{"@context":"https:\/\/schema.org","@graph":[{"@type":"NewsArticle","@id":"https:\/\/folhadoleste.com.br\/rj-lanca-programa-de-gestao-de-residuos\/#article","isPartOf":{"@id":"https:\/\/folhadoleste.com.br\/rj-lanca-programa-de-gestao-de-residuos\/"},"author":{"name":"Folha do Leste","@id":"https:\/\/folhadoleste.com.br\/#\/schema\/person\/3e97145b2e1861276e84471aa85a3899"},"headline":"RJ lan\u00e7a programa de gest\u00e3o de res\u00edduos","datePublished":"2023-05-10T22:38:42+00:00","mainEntityOfPage":{"@id":"https:\/\/folhadoleste.com.br\/rj-lanca-programa-de-gestao-de-residuos\/"},"wordCount":387,"commentCount":0,"publisher":{"@id":"https:\/\/folhadoleste.com.br\/#organization"},"image":{"@id":"https:\/\/folhadoleste.com.br\/rj-lanca-programa-de-gestao-de-residuos\/#primaryimage"},"thumbnailUrl":"https:\/\/folhadoleste.com.br\/wp-content\/uploads\/2023\/05\/WhatsApp-Image-2023-05-10-at-18.43.21.jpeg","keywords":["gest\u00e3o ambiental","governador em exerc\u00edcio","Pal\u00e1cio Guanabara","Programa Estadual de Gest\u00e3o de Res\u00edduos Integrada","Secretaria de Estado do Ambiente e Sustentabilidade","Thiago Pampolha"],"articleSection":["Estado do Rio de Janeiro"],"inLanguage":"en-US","potentialAction":[{"@type":"CommentAction","name":"Comment","target":["https:\/\/folhadoleste.com.br\/rj-lanca-programa-de-gestao-de-residuos\/#respond"]}]},{"@type":"WebPage","@id":"https:\/\/folhadoleste.com.br\/rj-lanca-programa-de-gestao-de-residuos\/","url":"https:\/\/folhadoleste.com.br\/rj-lanca-programa-de-gestao-de-residuos\/","name":"RJ lan\u00e7a programa de gest\u00e3o de res\u00edduos &#8226; Folha do Leste","isPartOf":{"@id":"https:\/\/folhadoleste.com.br\/#website"},"primaryImageOfPage":{"@id":"https:\/\/folhadoleste.com.br\/rj-lanca-programa-de-gestao-de-residuos\/#primaryimage"},"image":{"@id":"https:\/\/folhadoleste.com.br\/rj-lanca-programa-de-gestao-de-residuos\/#primaryimage"},"thumbnailUrl":"https:\/\/folhadoleste.com.br\/wp-content\/uploads\/2023\/05\/WhatsApp-Image-2023-05-10-at-18.43.21.jpeg","datePublished":"2023-05-10T22:38:42+00:00","description":"Iniciativa da Secretaria de Estado do Ambiente e Sustentabilidade visa a estruturar a din\u00e2mica das a\u00e7\u00f5es do estado no descarte do lixo","breadcrumb":{"@id":"https:\/\/folhadoleste.com.br\/rj-lanca-programa-de-gestao-de-residuos\/#breadcrumb"},"inLanguage":"en-US","potentialAction":[{"@type":"ReadAction","target":["https:\/\/folhadoleste.com.br\/rj-lanca-programa-de-gestao-de-residuos\/"]}]},{"@type":"ImageObject","inLanguage":"en-US","@id":"https:\/\/folhadoleste.com.br\/rj-lanca-programa-de-gestao-de-residuos\/#primaryimage","url":"https:\/\/folhadoleste.com.br\/wp-content\/uploads\/2023\/05\/WhatsApp-Image-2023-05-10-at-18.43.21.jpeg","contentUrl":"https:\/\/folhadoleste.com.br\/wp-content\/uploads\/2023\/05\/WhatsApp-Image-2023-05-10-at-18.43.21.jpeg","width":1280,"height":853},{"@type":"BreadcrumbList","@id":"https:\/\/folhadoleste.com.br\/rj-lanca-programa-de-gestao-de-residuos\/#breadcrumb","itemListElement":[{"@type":"ListItem","position":1,"name":"In\u00edcio","item":"https:\/\/folhadoleste.com.br\/"},{"@type":"ListItem","position":2,"name":"Estado do Rio de Janeiro","item":"https:\/\/folhadoleste.com.br\/category\/estado-do-rio-de-janeiro\/"},{"@type":"ListItem","position":3,"name":"RJ lan\u00e7a programa de gest\u00e3o de res\u00edduos"}]},{"@type":"WebSite","@id":"https:\/\/folhadoleste.com.br\/#website","url":"https:\/\/folhadoleste.com.br\/","name":"Folha do Leste","description":"Portal de Not\u00edcias com \u00eanfase em Niter\u00f3i, criando conte\u00fados desde a capital Rio de Janeiro, com olhar para o Leste Fluminense e suas cidades como S\u00e3o Gon\u00e7alo, Itabora\u00ed, Rio Bonito, Maric\u00e1, Saquarema e Araruama","publisher":{"@id":"https:\/\/folhadoleste.com.br\/#organization"},"alternateName":"FL","potentialAction":[{"@type":"SearchAction","target":{"@type":"EntryPoint","urlTemplate":"https:\/\/folhadoleste.com.br\/?s={search_term_string}"},"query-input":{"@type":"PropertyValueSpecification","valueRequired":true,"valueName":"search_term_string"}}],"inLanguage":"en-US"},{"@type":"Organization","@id":"https:\/\/folhadoleste.com.br\/#organization","name":"Brasil 21 Comunica\u00e7\u00e3o","alternateName":"BR21","url":"https:\/\/folhadoleste.com.br\/","logo":{"@type":"ImageObject","inLanguage":"en-US","@id":"https:\/\/folhadoleste.com.br\/#\/schema\/logo\/image\/","url":"https:\/\/folhadoleste.com.br\/wp-content\/uploads\/2025\/12\/brasil-21-logomarca.avif","contentUrl":"https:\/\/folhadoleste.com.br\/wp-content\/uploads\/2025\/12\/brasil-21-logomarca.avif","width":1044,"height":1044,"caption":"Brasil 21 Comunica\u00e7\u00e3o"},"image":{"@id":"https:\/\/folhadoleste.com.br\/#\/schema\/logo\/image\/"},"sameAs":["https:\/\/www.facebook.com\/folhadoleste","https:\/\/x.com\/FolhadoLesteRJ","https:\/\/www.instagram.com\/folhadoleste\/"]},{"@type":"Person","@id":"https:\/\/folhadoleste.com.br\/#\/schema\/person\/3e97145b2e1861276e84471aa85a3899","name":"Folha do Leste","image":{"@type":"ImageObject","inLanguage":"en-US","@id":"https:\/\/folhadoleste.com.br\/wp-content\/litespeed\/avatar\/1ca8c218432e7045e748610eb3db0259.jpg?ver=1777161142","url":"https:\/\/folhadoleste.com.br\/wp-content\/litespeed\/avatar\/1ca8c218432e7045e748610eb3db0259.jpg?ver=1777161142","contentUrl":"https:\/\/folhadoleste.com.br\/wp-content\/litespeed\/avatar\/1ca8c218432e7045e748610eb3db0259.jpg?ver=1777161142","caption":"Folha do Leste"},"url":"https:\/\/folhadoleste.com.br\/en\/author\/reportagem-01\/"}]}},"_links":{"self":[{"href":"https:\/\/folhadoleste.com.br\/en\/wp-json\/wp\/v2\/posts\/4773","targetHints":{"allow":["GET"]}}],"collection":[{"href":"https:\/\/folhadoleste.com.br\/en\/wp-json\/wp\/v2\/posts"}],"about":[{"href":"https:\/\/folhadoleste.com.br\/en\/wp-json\/wp\/v2\/types\/post"}],"author":[{"embeddable":true,"href":"https:\/\/folhadoleste.com.br\/en\/wp-json\/wp\/v2\/users\/4"}],"replies":[{"embeddable":true,"href":"https:\/\/folhadoleste.com.br\/en\/wp-json\/wp\/v2\/comments?post=4773"}],"version-history":[{"count":1,"href":"https:\/\/folhadoleste.com.br\/en\/wp-json\/wp\/v2\/posts\/4773\/revisions"}],"predecessor-version":[{"id":4775,"href":"https:\/\/folhadoleste.com.br\/en\/wp-json\/wp\/v2\/posts\/4773\/revisions\/4775"}],"wp:featuredmedia":[{"embeddable":true,"href":"https:\/\/folhadoleste.com.br\/en\/wp-json\/wp\/v2\/media\/4774"}],"wp:attachment":[{"href":"https:\/\/folhadoleste.com.br\/en\/wp-json\/wp\/v2\/media?parent=4773"}],"wp:term":[{"taxonomy":"category","embeddable":true,"href":"https:\/\/folhadoleste.com.br\/en\/wp-json\/wp\/v2\/categories?post=4773"},{"taxonomy":"post_tag","embeddable":true,"href":"https:\/\/folhadoleste.com.br\/en\/wp-json\/wp\/v2\/tags?post=4773"}],"curies":[{"name":"wp","href":"https:\/\/api.w.org\/{rel}","templated":true}]}}