{"id":47190,"date":"2024-01-31T17:55:07","date_gmt":"2024-01-31T20:55:07","guid":{"rendered":"https:\/\/folhadoleste.com.br\/?p=47190"},"modified":"2024-01-31T17:55:07","modified_gmt":"2024-01-31T20:55:07","slug":"clin-leva-a-folia-do-carnaval-para-a-sao-lourenco","status":"publish","type":"post","link":"https:\/\/folhadoleste.com.br\/en\/clin-leva-a-folia-do-carnaval-para-a-sao-lourenco\/","title":{"rendered":"Clin leva a folia do Carnaval para a S\u00e3o Louren\u00e7o"},"content":{"rendered":"<div id=\"attachment_47198\" style=\"width: 778px\" class=\"wp-caption aligncenter\"><img decoding=\"async\" aria-describedby=\"caption-attachment-47198\" class=\"size-full wp-image-47198\" src=\"https:\/\/folhadoleste.com.br\/wp-content\/uploads\/2024\/01\/1D816453-51D2-4C0A-BBD9-71E465FA9CED.jpeg\" alt=\"\" width=\"768\" height=\"511\" \/><p id=\"caption-attachment-47198\" class=\"wp-caption-text\">Foto: ASCOM<\/p><\/div>\n<p class=\"p1\"><span class=\"s1\"><br \/>\nA Companhia de Limpeza de Niter\u00f3i (Clin) ,<span class=\"Apple-converted-space\">\u00a0 <\/span>vai colocar o seu bloco de carnaval na rua e atrair mais de 500 foli\u00f5es para o desfile do \u201cUnidos da Asclin\u201d, que este ano ter\u00e1 como tema: A Clin segue dando li\u00e7\u00e3o! 1\u00ba lugar de limpeza urbana\u201d.<\/span><\/p>\n<p class=\"p1\"><span class=\"s1\">A concentra\u00e7\u00e3o do bloco ser\u00e1 \u00e0s 14hs desta sexta-feira (2), em frente ao port\u00e3o da sede da empresa, na rua Ind\u00edgena, 72, S\u00e3o Louren\u00e7o. <\/span><\/p>\n<p class=\"p1\"><span class=\"s1\">Os foli\u00f5es desfilar\u00e3o pelas ruas do entorno: Manoel Lazari, Ind\u00edgena e Avenida Marqu\u00eas do Paran\u00e1.<\/span><\/p>\n<p class=\"p1\"><span class=\"s1\">O desfile contar\u00e1 com a participa\u00e7\u00e3o de funcion\u00e1rios da Companhia como Janete Bento Albino e Thiago da Silva Pereira, que formar\u00e3o o casal de Rainha e Rei do Bloco. <\/span><\/p>\n<p class=\"p1\"><span class=\"s1\">A princesa ser\u00e1 Cristiane da Silva Pereira e o casal de musa e muso: Suelen Moreira dos Santos e Paulo S\u00e9rgio Fonseca.<\/span><\/p>\n<blockquote>\n<p class=\"p1\"><span class=\"s1\">\u201cEsse bloco j\u00e1 \u00e9 uma tradi\u00e7\u00e3o em nossa Companhia e reflete bem o esp\u00edrito de confraterniza\u00e7\u00e3o e o orgulho que os nossos colaboradores t\u00eam em trabalhar na Clin, que \u00e9 uma refer\u00eancia nacional em empresa comprometida com a sustentabilidade\u201d, destacou o Presidente da Clin, Luiz Fr\u00f3es.<\/span><\/p>\n<\/blockquote>\n<p class=\"p1\"><span class=\"s1\">As fantasias dos componentes e todo o material de decora\u00e7\u00e3o das ruas foram feitos com recicl\u00e1veis. Os funcion\u00e1rios do setor da Reciclin, a equipe de reciclagem da Companhia, confeccionaram com muita criatividade o maior s\u00edmbolo do bloco: o \u201cVassour\u00e3o\u201d. <\/span><\/p>\n<p class=\"p1\"><span class=\"s1\">A alegoria foi feita com garrafas pet, isopor, papel\u00e3o e at\u00e9 CDs. Sombrinhas tamb\u00e9m foram confeccionadas com TNT e colocadas para enfeitar as ruas pr\u00f3ximas da sede.<\/span><\/p>\n<p class=\"p1\"><span class=\"s1\">Dora Maciel, integrante da comiss\u00e3o organizadora do evento e coordenadora da turma \u2018Servi\u00e7o de Limpezas Especiais e Emergenciais\u2019, falou da import\u00e2ncia deste enredo.<\/span><\/p>\n<blockquote>\n<p class=\"p1\"><span class=\"s1\">\u201cReflete o orgulho dos funcion\u00e1rios de trabalhar na Companhia\u201d, disse Dora, que ainda refor\u00e7ou, que como sempre, a Clin garantir\u00e1 a limpeza total das ruas depois da folia.<\/span><\/p>\n<\/blockquote>","protected":false},"excerpt":{"rendered":"<p>A Companhia de Limpeza de Niter\u00f3i (Clin) ,\u00a0 vai colocar o seu bloco de carnaval na rua e atrair mais de 500 foli\u00f5es para o desfile do \u201cUnidos da Asclin\u201d, que este ano ter\u00e1 como tema: A Clin segue dando li\u00e7\u00e3o! 1\u00ba lugar de limpeza urbana\u201d. A concentra\u00e7\u00e3o do bloco ser\u00e1 \u00e0s 14hs desta sexta-feira (2), em frente ao port\u00e3o da sede da empresa, na rua Ind\u00edgena, 72, S\u00e3o Louren\u00e7o. Os foli\u00f5es desfilar\u00e3o pelas ruas do entorno: Manoel Lazari, Ind\u00edgena e Avenida Marqu\u00eas do Paran\u00e1. O desfile contar\u00e1 com a participa\u00e7\u00e3o de funcion\u00e1rios da Companhia como Janete Bento Albino e [&hellip;]<\/p>\n","protected":false},"author":19,"featured_media":47198,"comment_status":"open","ping_status":"open","sticky":false,"template":"","format":"standard","meta":{"footnotes":""},"categories":[10563,47,5],"tags":[17183,224,6435,12508,15211,50,3445],"class_list":["post-47190","post","type-post","status-publish","format-standard","has-post-thumbnail","hentry","category-carnaval","category-leste-fluminense","category-noticias-de-niteroi","tag-bloco","tag-carnaval","tag-clin","tag-folia","tag-limpeza-urbana","tag-niteroi","tag-sao-lourenco","post--single"],"yoast_head":"<!-- This site is optimized with the Yoast SEO plugin v27.4 - https:\/\/yoast.com\/product\/yoast-seo-wordpress\/ -->\n<title>Clin leva a folia do Carnaval para a S\u00e3o Louren\u00e7o &#8226; Folha do Leste<\/title>\n<meta name=\"description\" content=\"A CLIN vai colocar o seu bloco de carnaval na rua e atrair mais de 500 foli\u00f5es para o desfile do \u201cUnidos da Asclin\u201d.\" \/>\n<meta name=\"robots\" content=\"index, follow, max-snippet:-1, max-image-preview:large, max-video-preview:-1\" \/>\n<link rel=\"canonical\" href=\"https:\/\/folhadoleste.com.br\/en\/clin-leva-a-folia-do-carnaval-para-a-sao-lourenco\/\" \/>\n<meta property=\"og:locale\" content=\"en_US\" \/>\n<meta property=\"og:type\" content=\"article\" \/>\n<meta property=\"og:title\" content=\"Clin leva a folia do Carnaval para a S\u00e3o Louren\u00e7o &#8226; Folha do Leste\" \/>\n<meta property=\"og:description\" content=\"Carnaval &#8226; Folha do Leste\" \/>\n<meta property=\"og:url\" content=\"https:\/\/folhadoleste.com.br\/en\/clin-leva-a-folia-do-carnaval-para-a-sao-lourenco\/\" \/>\n<meta property=\"og:site_name\" content=\"Folha do Leste\" \/>\n<meta property=\"article:publisher\" content=\"https:\/\/www.facebook.com\/folhadoleste\" \/>\n<meta property=\"article:published_time\" content=\"2024-01-31T20:55:07+00:00\" \/>\n<meta property=\"og:image\" content=\"https:\/\/folhadoleste.com.br\/wp-content\/uploads\/2024\/01\/1D816453-51D2-4C0A-BBD9-71E465FA9CED.jpeg\" \/>\n\t<meta property=\"og:image:width\" content=\"768\" \/>\n\t<meta property=\"og:image:height\" content=\"511\" \/>\n\t<meta property=\"og:image:type\" content=\"image\/jpeg\" \/>\n<meta name=\"author\" content=\"Natalie Vitorino\" \/>\n<meta name=\"twitter:card\" content=\"summary_large_image\" \/>\n<meta name=\"twitter:creator\" content=\"@FolhadoLesteRJ\" \/>\n<meta name=\"twitter:site\" content=\"@FolhadoLesteRJ\" \/>\n<meta name=\"twitter:label1\" content=\"Written by\" \/>\n\t<meta name=\"twitter:data1\" content=\"Natalie Vitorino\" \/>\n\t<meta name=\"twitter:label2\" content=\"Est. reading time\" \/>\n\t<meta name=\"twitter:data2\" content=\"2 minutes\" \/>\n<script type=\"application\/ld+json\" class=\"yoast-schema-graph\">{\"@context\":\"https:\\\/\\\/schema.org\",\"@graph\":[{\"@type\":\"NewsArticle\",\"@id\":\"https:\\\/\\\/folhadoleste.com.br\\\/clin-leva-a-folia-do-carnaval-para-a-sao-lourenco\\\/#article\",\"isPartOf\":{\"@id\":\"https:\\\/\\\/folhadoleste.com.br\\\/clin-leva-a-folia-do-carnaval-para-a-sao-lourenco\\\/\"},\"author\":{\"name\":\"Natalie Vitorino\",\"@id\":\"https:\\\/\\\/folhadoleste.com.br\\\/#\\\/schema\\\/person\\\/9e16bbb8d8ee89c3068803f06d348695\"},\"headline\":\"Clin leva a folia do Carnaval para a S\u00e3o Louren\u00e7o\",\"datePublished\":\"2024-01-31T20:55:07+00:00\",\"mainEntityOfPage\":{\"@id\":\"https:\\\/\\\/folhadoleste.com.br\\\/clin-leva-a-folia-do-carnaval-para-a-sao-lourenco\\\/\"},\"wordCount\":348,\"commentCount\":0,\"publisher\":{\"@id\":\"https:\\\/\\\/folhadoleste.com.br\\\/#organization\"},\"image\":{\"@id\":\"https:\\\/\\\/folhadoleste.com.br\\\/clin-leva-a-folia-do-carnaval-para-a-sao-lourenco\\\/#primaryimage\"},\"thumbnailUrl\":\"https:\\\/\\\/folhadoleste.com.br\\\/wp-content\\\/uploads\\\/2024\\\/01\\\/1D816453-51D2-4C0A-BBD9-71E465FA9CED.jpeg\",\"keywords\":[\"Bloco\",\"carnaval\",\"Clin\",\"folia\",\"Limpeza urbana\",\"Niter\u00f3i\",\"S\u00e3o Louren\u00e7o\"],\"articleSection\":[\"Carnaval\",\"Leste Fluminense\",\"Niter\u00f3i\"],\"inLanguage\":\"en-US\",\"potentialAction\":[{\"@type\":\"CommentAction\",\"name\":\"Comment\",\"target\":[\"https:\\\/\\\/folhadoleste.com.br\\\/clin-leva-a-folia-do-carnaval-para-a-sao-lourenco\\\/#respond\"]}]},{\"@type\":\"WebPage\",\"@id\":\"https:\\\/\\\/folhadoleste.com.br\\\/clin-leva-a-folia-do-carnaval-para-a-sao-lourenco\\\/\",\"url\":\"https:\\\/\\\/folhadoleste.com.br\\\/clin-leva-a-folia-do-carnaval-para-a-sao-lourenco\\\/\",\"name\":\"Clin leva a folia do Carnaval para a S\u00e3o Louren\u00e7o &#8226; Folha do Leste\",\"isPartOf\":{\"@id\":\"https:\\\/\\\/folhadoleste.com.br\\\/#website\"},\"primaryImageOfPage\":{\"@id\":\"https:\\\/\\\/folhadoleste.com.br\\\/clin-leva-a-folia-do-carnaval-para-a-sao-lourenco\\\/#primaryimage\"},\"image\":{\"@id\":\"https:\\\/\\\/folhadoleste.com.br\\\/clin-leva-a-folia-do-carnaval-para-a-sao-lourenco\\\/#primaryimage\"},\"thumbnailUrl\":\"https:\\\/\\\/folhadoleste.com.br\\\/wp-content\\\/uploads\\\/2024\\\/01\\\/1D816453-51D2-4C0A-BBD9-71E465FA9CED.jpeg\",\"datePublished\":\"2024-01-31T20:55:07+00:00\",\"description\":\"A CLIN vai colocar o seu bloco de carnaval na rua e atrair mais de 500 foli\u00f5es para o desfile do \u201cUnidos da Asclin\u201d.\",\"breadcrumb\":{\"@id\":\"https:\\\/\\\/folhadoleste.com.br\\\/clin-leva-a-folia-do-carnaval-para-a-sao-lourenco\\\/#breadcrumb\"},\"inLanguage\":\"en-US\",\"potentialAction\":[{\"@type\":\"ReadAction\",\"target\":[\"https:\\\/\\\/folhadoleste.com.br\\\/clin-leva-a-folia-do-carnaval-para-a-sao-lourenco\\\/\"]}]},{\"@type\":\"ImageObject\",\"inLanguage\":\"en-US\",\"@id\":\"https:\\\/\\\/folhadoleste.com.br\\\/clin-leva-a-folia-do-carnaval-para-a-sao-lourenco\\\/#primaryimage\",\"url\":\"https:\\\/\\\/folhadoleste.com.br\\\/wp-content\\\/uploads\\\/2024\\\/01\\\/1D816453-51D2-4C0A-BBD9-71E465FA9CED.jpeg\",\"contentUrl\":\"https:\\\/\\\/folhadoleste.com.br\\\/wp-content\\\/uploads\\\/2024\\\/01\\\/1D816453-51D2-4C0A-BBD9-71E465FA9CED.jpeg\",\"width\":768,\"height\":511,\"caption\":\"Foto: ASCOM\"},{\"@type\":\"BreadcrumbList\",\"@id\":\"https:\\\/\\\/folhadoleste.com.br\\\/clin-leva-a-folia-do-carnaval-para-a-sao-lourenco\\\/#breadcrumb\",\"itemListElement\":[{\"@type\":\"ListItem\",\"position\":1,\"name\":\"In\u00edcio\",\"item\":\"https:\\\/\\\/folhadoleste.com.br\\\/\"},{\"@type\":\"ListItem\",\"position\":2,\"name\":\"Entretenimento, Artes e Cultura\",\"item\":\"https:\\\/\\\/folhadoleste.com.br\\\/category\\\/entretenimento-artes-e-cultura-destaque\\\/\"},{\"@type\":\"ListItem\",\"position\":3,\"name\":\"Carnaval\",\"item\":\"https:\\\/\\\/folhadoleste.com.br\\\/category\\\/entretenimento-artes-e-cultura-destaque\\\/carnaval\\\/\"},{\"@type\":\"ListItem\",\"position\":4,\"name\":\"Clin leva a folia do Carnaval para a S\u00e3o Louren\u00e7o\"}]},{\"@type\":\"WebSite\",\"@id\":\"https:\\\/\\\/folhadoleste.com.br\\\/#website\",\"url\":\"https:\\\/\\\/folhadoleste.com.br\\\/\",\"name\":\"Folha do Leste\",\"description\":\"Portal de Not\u00edcias com \u00eanfase em Niter\u00f3i, criando conte\u00fados desde a capital Rio de Janeiro, com olhar para o Leste Fluminense e suas cidades como S\u00e3o Gon\u00e7alo, Itabora\u00ed, Rio Bonito, Maric\u00e1, Saquarema e Araruama\",\"publisher\":{\"@id\":\"https:\\\/\\\/folhadoleste.com.br\\\/#organization\"},\"alternateName\":\"FL\",\"potentialAction\":[{\"@type\":\"SearchAction\",\"target\":{\"@type\":\"EntryPoint\",\"urlTemplate\":\"https:\\\/\\\/folhadoleste.com.br\\\/?s={search_term_string}\"},\"query-input\":{\"@type\":\"PropertyValueSpecification\",\"valueRequired\":true,\"valueName\":\"search_term_string\"}}],\"inLanguage\":\"en-US\"},{\"@type\":\"Organization\",\"@id\":\"https:\\\/\\\/folhadoleste.com.br\\\/#organization\",\"name\":\"Brasil 21 Comunica\u00e7\u00e3o\",\"alternateName\":\"BR21\",\"url\":\"https:\\\/\\\/folhadoleste.com.br\\\/\",\"logo\":{\"@type\":\"ImageObject\",\"inLanguage\":\"en-US\",\"@id\":\"https:\\\/\\\/folhadoleste.com.br\\\/#\\\/schema\\\/logo\\\/image\\\/\",\"url\":\"https:\\\/\\\/folhadoleste.com.br\\\/wp-content\\\/uploads\\\/2025\\\/12\\\/brasil-21-logomarca.avif\",\"contentUrl\":\"https:\\\/\\\/folhadoleste.com.br\\\/wp-content\\\/uploads\\\/2025\\\/12\\\/brasil-21-logomarca.avif\",\"width\":1044,\"height\":1044,\"caption\":\"Brasil 21 Comunica\u00e7\u00e3o\"},\"image\":{\"@id\":\"https:\\\/\\\/folhadoleste.com.br\\\/#\\\/schema\\\/logo\\\/image\\\/\"},\"sameAs\":[\"https:\\\/\\\/www.facebook.com\\\/folhadoleste\",\"https:\\\/\\\/x.com\\\/FolhadoLesteRJ\",\"https:\\\/\\\/www.instagram.com\\\/folhadoleste\\\/\"]},{\"@type\":\"Person\",\"@id\":\"https:\\\/\\\/folhadoleste.com.br\\\/#\\\/schema\\\/person\\\/9e16bbb8d8ee89c3068803f06d348695\",\"name\":\"Natalie Vitorino\",\"image\":{\"@type\":\"ImageObject\",\"inLanguage\":\"en-US\",\"@id\":\"https:\\\/\\\/folhadoleste.com.br\\\/wp-content\\\/litespeed\\\/avatar\\\/e207d56198d6bb8bee08d0c0dbc5e325.jpg?ver=1777161696\",\"url\":\"https:\\\/\\\/folhadoleste.com.br\\\/wp-content\\\/litespeed\\\/avatar\\\/e207d56198d6bb8bee08d0c0dbc5e325.jpg?ver=1777161696\",\"contentUrl\":\"https:\\\/\\\/folhadoleste.com.br\\\/wp-content\\\/litespeed\\\/avatar\\\/e207d56198d6bb8bee08d0c0dbc5e325.jpg?ver=1777161696\",\"caption\":\"Natalie Vitorino\"},\"url\":\"https:\\\/\\\/folhadoleste.com.br\\\/en\\\/author\\\/nati-vitorino\\\/\"}]}<\/script>\n<!-- \/ Yoast SEO plugin. -->","yoast_head_json":{"title":"Clin leva a folia do Carnaval para a S\u00e3o Louren\u00e7o &#8226; Folha do Leste","description":"A CLIN vai colocar o seu bloco de carnaval na rua e atrair mais de 500 foli\u00f5es para o desfile do \u201cUnidos da Asclin\u201d.","robots":{"index":"index","follow":"follow","max-snippet":"max-snippet:-1","max-image-preview":"max-image-preview:large","max-video-preview":"max-video-preview:-1"},"canonical":"https:\/\/folhadoleste.com.br\/en\/clin-leva-a-folia-do-carnaval-para-a-sao-lourenco\/","og_locale":"en_US","og_type":"article","og_title":"Clin leva a folia do Carnaval para a S\u00e3o Louren\u00e7o &#8226; Folha do Leste","og_description":"Carnaval &#8226; Folha do Leste","og_url":"https:\/\/folhadoleste.com.br\/en\/clin-leva-a-folia-do-carnaval-para-a-sao-lourenco\/","og_site_name":"Folha do Leste","article_publisher":"https:\/\/www.facebook.com\/folhadoleste","article_published_time":"2024-01-31T20:55:07+00:00","og_image":[{"width":768,"height":511,"url":"https:\/\/folhadoleste.com.br\/wp-content\/uploads\/2024\/01\/1D816453-51D2-4C0A-BBD9-71E465FA9CED.jpeg","type":"image\/jpeg"}],"author":"Natalie Vitorino","twitter_card":"summary_large_image","twitter_creator":"@FolhadoLesteRJ","twitter_site":"@FolhadoLesteRJ","twitter_misc":{"Written by":"Natalie Vitorino","Est. reading time":"2 minutes"},"schema":{"@context":"https:\/\/schema.org","@graph":[{"@type":"NewsArticle","@id":"https:\/\/folhadoleste.com.br\/clin-leva-a-folia-do-carnaval-para-a-sao-lourenco\/#article","isPartOf":{"@id":"https:\/\/folhadoleste.com.br\/clin-leva-a-folia-do-carnaval-para-a-sao-lourenco\/"},"author":{"name":"Natalie Vitorino","@id":"https:\/\/folhadoleste.com.br\/#\/schema\/person\/9e16bbb8d8ee89c3068803f06d348695"},"headline":"Clin leva a folia do Carnaval para a S\u00e3o Louren\u00e7o","datePublished":"2024-01-31T20:55:07+00:00","mainEntityOfPage":{"@id":"https:\/\/folhadoleste.com.br\/clin-leva-a-folia-do-carnaval-para-a-sao-lourenco\/"},"wordCount":348,"commentCount":0,"publisher":{"@id":"https:\/\/folhadoleste.com.br\/#organization"},"image":{"@id":"https:\/\/folhadoleste.com.br\/clin-leva-a-folia-do-carnaval-para-a-sao-lourenco\/#primaryimage"},"thumbnailUrl":"https:\/\/folhadoleste.com.br\/wp-content\/uploads\/2024\/01\/1D816453-51D2-4C0A-BBD9-71E465FA9CED.jpeg","keywords":["Bloco","carnaval","Clin","folia","Limpeza urbana","Niter\u00f3i","S\u00e3o Louren\u00e7o"],"articleSection":["Carnaval","Leste Fluminense","Niter\u00f3i"],"inLanguage":"en-US","potentialAction":[{"@type":"CommentAction","name":"Comment","target":["https:\/\/folhadoleste.com.br\/clin-leva-a-folia-do-carnaval-para-a-sao-lourenco\/#respond"]}]},{"@type":"WebPage","@id":"https:\/\/folhadoleste.com.br\/clin-leva-a-folia-do-carnaval-para-a-sao-lourenco\/","url":"https:\/\/folhadoleste.com.br\/clin-leva-a-folia-do-carnaval-para-a-sao-lourenco\/","name":"Clin leva a folia do Carnaval para a S\u00e3o Louren\u00e7o &#8226; Folha do Leste","isPartOf":{"@id":"https:\/\/folhadoleste.com.br\/#website"},"primaryImageOfPage":{"@id":"https:\/\/folhadoleste.com.br\/clin-leva-a-folia-do-carnaval-para-a-sao-lourenco\/#primaryimage"},"image":{"@id":"https:\/\/folhadoleste.com.br\/clin-leva-a-folia-do-carnaval-para-a-sao-lourenco\/#primaryimage"},"thumbnailUrl":"https:\/\/folhadoleste.com.br\/wp-content\/uploads\/2024\/01\/1D816453-51D2-4C0A-BBD9-71E465FA9CED.jpeg","datePublished":"2024-01-31T20:55:07+00:00","description":"A CLIN vai colocar o seu bloco de carnaval na rua e atrair mais de 500 foli\u00f5es para o desfile do \u201cUnidos da Asclin\u201d.","breadcrumb":{"@id":"https:\/\/folhadoleste.com.br\/clin-leva-a-folia-do-carnaval-para-a-sao-lourenco\/#breadcrumb"},"inLanguage":"en-US","potentialAction":[{"@type":"ReadAction","target":["https:\/\/folhadoleste.com.br\/clin-leva-a-folia-do-carnaval-para-a-sao-lourenco\/"]}]},{"@type":"ImageObject","inLanguage":"en-US","@id":"https:\/\/folhadoleste.com.br\/clin-leva-a-folia-do-carnaval-para-a-sao-lourenco\/#primaryimage","url":"https:\/\/folhadoleste.com.br\/wp-content\/uploads\/2024\/01\/1D816453-51D2-4C0A-BBD9-71E465FA9CED.jpeg","contentUrl":"https:\/\/folhadoleste.com.br\/wp-content\/uploads\/2024\/01\/1D816453-51D2-4C0A-BBD9-71E465FA9CED.jpeg","width":768,"height":511,"caption":"Foto: ASCOM"},{"@type":"BreadcrumbList","@id":"https:\/\/folhadoleste.com.br\/clin-leva-a-folia-do-carnaval-para-a-sao-lourenco\/#breadcrumb","itemListElement":[{"@type":"ListItem","position":1,"name":"In\u00edcio","item":"https:\/\/folhadoleste.com.br\/"},{"@type":"ListItem","position":2,"name":"Entretenimento, Artes e Cultura","item":"https:\/\/folhadoleste.com.br\/category\/entretenimento-artes-e-cultura-destaque\/"},{"@type":"ListItem","position":3,"name":"Carnaval","item":"https:\/\/folhadoleste.com.br\/category\/entretenimento-artes-e-cultura-destaque\/carnaval\/"},{"@type":"ListItem","position":4,"name":"Clin leva a folia do Carnaval para a S\u00e3o Louren\u00e7o"}]},{"@type":"WebSite","@id":"https:\/\/folhadoleste.com.br\/#website","url":"https:\/\/folhadoleste.com.br\/","name":"Folha do Leste","description":"Portal de Not\u00edcias com \u00eanfase em Niter\u00f3i, criando conte\u00fados desde a capital Rio de Janeiro, com olhar para o Leste Fluminense e suas cidades como S\u00e3o Gon\u00e7alo, Itabora\u00ed, Rio Bonito, Maric\u00e1, Saquarema e Araruama","publisher":{"@id":"https:\/\/folhadoleste.com.br\/#organization"},"alternateName":"FL","potentialAction":[{"@type":"SearchAction","target":{"@type":"EntryPoint","urlTemplate":"https:\/\/folhadoleste.com.br\/?s={search_term_string}"},"query-input":{"@type":"PropertyValueSpecification","valueRequired":true,"valueName":"search_term_string"}}],"inLanguage":"en-US"},{"@type":"Organization","@id":"https:\/\/folhadoleste.com.br\/#organization","name":"Brasil 21 Comunica\u00e7\u00e3o","alternateName":"BR21","url":"https:\/\/folhadoleste.com.br\/","logo":{"@type":"ImageObject","inLanguage":"en-US","@id":"https:\/\/folhadoleste.com.br\/#\/schema\/logo\/image\/","url":"https:\/\/folhadoleste.com.br\/wp-content\/uploads\/2025\/12\/brasil-21-logomarca.avif","contentUrl":"https:\/\/folhadoleste.com.br\/wp-content\/uploads\/2025\/12\/brasil-21-logomarca.avif","width":1044,"height":1044,"caption":"Brasil 21 Comunica\u00e7\u00e3o"},"image":{"@id":"https:\/\/folhadoleste.com.br\/#\/schema\/logo\/image\/"},"sameAs":["https:\/\/www.facebook.com\/folhadoleste","https:\/\/x.com\/FolhadoLesteRJ","https:\/\/www.instagram.com\/folhadoleste\/"]},{"@type":"Person","@id":"https:\/\/folhadoleste.com.br\/#\/schema\/person\/9e16bbb8d8ee89c3068803f06d348695","name":"Natalie Vitorino","image":{"@type":"ImageObject","inLanguage":"en-US","@id":"https:\/\/folhadoleste.com.br\/wp-content\/litespeed\/avatar\/e207d56198d6bb8bee08d0c0dbc5e325.jpg?ver=1777161696","url":"https:\/\/folhadoleste.com.br\/wp-content\/litespeed\/avatar\/e207d56198d6bb8bee08d0c0dbc5e325.jpg?ver=1777161696","contentUrl":"https:\/\/folhadoleste.com.br\/wp-content\/litespeed\/avatar\/e207d56198d6bb8bee08d0c0dbc5e325.jpg?ver=1777161696","caption":"Natalie Vitorino"},"url":"https:\/\/folhadoleste.com.br\/en\/author\/nati-vitorino\/"}]}},"_links":{"self":[{"href":"https:\/\/folhadoleste.com.br\/en\/wp-json\/wp\/v2\/posts\/47190","targetHints":{"allow":["GET"]}}],"collection":[{"href":"https:\/\/folhadoleste.com.br\/en\/wp-json\/wp\/v2\/posts"}],"about":[{"href":"https:\/\/folhadoleste.com.br\/en\/wp-json\/wp\/v2\/types\/post"}],"author":[{"embeddable":true,"href":"https:\/\/folhadoleste.com.br\/en\/wp-json\/wp\/v2\/users\/19"}],"replies":[{"embeddable":true,"href":"https:\/\/folhadoleste.com.br\/en\/wp-json\/wp\/v2\/comments?post=47190"}],"version-history":[{"count":1,"href":"https:\/\/folhadoleste.com.br\/en\/wp-json\/wp\/v2\/posts\/47190\/revisions"}],"predecessor-version":[{"id":47199,"href":"https:\/\/folhadoleste.com.br\/en\/wp-json\/wp\/v2\/posts\/47190\/revisions\/47199"}],"wp:featuredmedia":[{"embeddable":true,"href":"https:\/\/folhadoleste.com.br\/en\/wp-json\/wp\/v2\/media\/47198"}],"wp:attachment":[{"href":"https:\/\/folhadoleste.com.br\/en\/wp-json\/wp\/v2\/media?parent=47190"}],"wp:term":[{"taxonomy":"category","embeddable":true,"href":"https:\/\/folhadoleste.com.br\/en\/wp-json\/wp\/v2\/categories?post=47190"},{"taxonomy":"post_tag","embeddable":true,"href":"https:\/\/folhadoleste.com.br\/en\/wp-json\/wp\/v2\/tags?post=47190"}],"curies":[{"name":"wp","href":"https:\/\/api.w.org\/{rel}","templated":true}]}}