{"id":46381,"date":"2024-01-27T19:49:07","date_gmt":"2024-01-27T22:49:07","guid":{"rendered":"https:\/\/folhadoleste.com.br\/?p=46381"},"modified":"2024-01-27T19:49:07","modified_gmt":"2024-01-27T22:49:07","slug":"alameda-ganha-iluminacao-de-led","status":"publish","type":"post","link":"https:\/\/folhadoleste.com.br\/en\/alameda-ganha-iluminacao-de-led\/","title":{"rendered":"Alameda ganha ilumina\u00e7\u00e3o de Led"},"content":{"rendered":"<div id=\"attachment_46385\" style=\"width: 760px\" class=\"wp-caption aligncenter\"><img decoding=\"async\" aria-describedby=\"caption-attachment-46385\" class=\"size-full wp-image-46385\" src=\"https:\/\/folhadoleste.com.br\/wp-content\/uploads\/2024\/01\/3D8BED91-41FA-428A-ADFF-89343C5E7E38.jpeg\" alt=\"\" width=\"750\" height=\"650\" \/><p id=\"caption-attachment-46385\" class=\"wp-caption-text\">Foto: ASCOM<\/p><\/div>\n<p class=\"p1\"><span class=\"s1\"><br \/>\nA importante\u00a0<\/span><span class=\"s1\">via da zona norte de Niter\u00f3i, Alameda S\u00e3o Boaventura, Fonseca, \u00a0<\/span><span style=\"font-size: 1.1429rem\">recebeu uma ilumina\u00e7\u00e3o de LED e est\u00e1 passando somente por alguns ajustes finais.<\/span><\/p>\n<div id=\"attachment_46387\" style=\"width: 760px\" class=\"wp-caption alignnone\"><img decoding=\"async\" aria-describedby=\"caption-attachment-46387\" class=\"size-full wp-image-46387\" src=\"https:\/\/folhadoleste.com.br\/wp-content\/uploads\/2024\/01\/83018501-8DD7-4BA8-894D-CB14C182E964.jpeg\" alt=\"\" width=\"750\" height=\"638\" \/><p id=\"caption-attachment-46387\" class=\"wp-caption-text\">Foto: ASCOM<\/p><\/div>\n<p class=\"p1\"><span class=\"s1\">Locais como a Zona Sul, Regi\u00e3o Oce\u00e2nica e Pendotiba, tamb\u00e9m ser\u00e3o contemplados com a ilumina\u00e7\u00e3o.<\/span><\/p>\n<p class=\"p1\"><span style=\"font-size: 1.1429rem\">Al\u00e9m das l\u00e2mpadas de Led possibilitarem mais efici\u00eancia na ilumina\u00e7\u00e3o, tamb\u00e9m economizam o consumo e ajudam o meio ambiente.<\/span><\/p>\n<p class=\"p1\"><span class=\"s1\">Vias importantes, t\u00faneis e a orla do munic\u00edpio, tamb\u00e9m v\u00e3o receber a ilumina\u00e7\u00e3o de Led. <\/span><\/p>\n<p class=\"p1\"><span class=\"s1\">A substitui\u00e7\u00e3o desses pontos de luz, ir\u00e3o gerar uma economia de at\u00e9 50% no consumo de energia.<\/span><\/p>\n<p class=\"p1\"><span class=\"s1\">De acordo com a prefeitura de Niter\u00f3i, as<span class=\"Apple-converted-space\">\u00a0 <\/span>interven\u00e7\u00f5es tiveram in\u00edcio no dia 8 de janeiro, pelo Mergulh\u00e3o \u00c2ngela Fernandes. Os t\u00faneis que ligam Icara\u00ed e S\u00e3o Francisco tamb\u00e9m ser\u00e3o equipados com a ilumina\u00e7\u00e3o, assim como, pontos das praias de Charitas e Piratininga.<\/span><\/p>\n<p class=\"p1\"><span class=\"s1\">Ainda segundo a prefeitura, at\u00e9 julho ser\u00e3o instalados cerca de nove mil pontos com l\u00e2mpadas de maior durabilidade e menor custo de manuten\u00e7\u00e3o.<\/span><\/p>\n<p class=\"p1\"><span class=\"s1\">O objetivo do munic\u00edpio \u00e9 alcan\u00e7ar a marca de 30% de sua ilumina\u00e7\u00e3o p\u00fablica em LED, ainda este ano.<\/span><\/p>","protected":false},"excerpt":{"rendered":"<p>A importante\u00a0via da zona norte de Niter\u00f3i, Alameda S\u00e3o Boaventura, Fonseca, \u00a0recebeu uma ilumina\u00e7\u00e3o de LED e est\u00e1 passando somente por alguns ajustes finais. Locais como a Zona Sul, Regi\u00e3o Oce\u00e2nica e Pendotiba, tamb\u00e9m ser\u00e3o contemplados com a ilumina\u00e7\u00e3o. Al\u00e9m das l\u00e2mpadas de Led possibilitarem mais efici\u00eancia na ilumina\u00e7\u00e3o, tamb\u00e9m economizam o consumo e ajudam o meio ambiente. Vias importantes, t\u00faneis e a orla do munic\u00edpio, tamb\u00e9m v\u00e3o receber a ilumina\u00e7\u00e3o de Led. A substitui\u00e7\u00e3o desses pontos de luz, ir\u00e3o gerar uma economia de at\u00e9 50% no consumo de energia. De acordo com a prefeitura de Niter\u00f3i, as\u00a0 interven\u00e7\u00f5es tiveram [&hellip;]<\/p>\n","protected":false},"author":19,"featured_media":46385,"comment_status":"open","ping_status":"open","sticky":false,"template":"","format":"standard","meta":{"footnotes":""},"categories":[47,5],"tags":[7708,3908,17236,6477,2942,3695],"class_list":["post-46381","post","type-post","status-publish","format-standard","has-post-thumbnail","hentry","category-leste-fluminense","category-noticias-de-niteroi","tag-alameda","tag-fonseca","tag-ilumonacao","tag-led","tag-prefeitura","tag-prefeitura-de-niteroi","post--single"],"yoast_head":"<!-- This site is optimized with the Yoast SEO plugin v27.5 - https:\/\/yoast.com\/product\/yoast-seo-wordpress\/ -->\n<title>Alameda ganha ilumina\u00e7\u00e3o de Led &#8226; Folha do Leste<\/title>\n<meta name=\"description\" content=\"Importante via da zona norte de Niter\u00f3i j\u00e1 recebeu a nova ilumina\u00e7\u00e3o que est\u00e1 passando por ajustes finais.\" \/>\n<meta name=\"robots\" content=\"index, follow, max-snippet:-1, max-image-preview:large, max-video-preview:-1\" \/>\n<link rel=\"canonical\" href=\"https:\/\/folhadoleste.com.br\/en\/alameda-ganha-iluminacao-de-led\/\" \/>\n<meta property=\"og:locale\" content=\"en_US\" \/>\n<meta property=\"og:type\" content=\"article\" \/>\n<meta property=\"og:title\" content=\"Alameda ganha ilumina\u00e7\u00e3o de Led &#8226; Folha do Leste\" \/>\n<meta property=\"og:description\" content=\"Leste Fluminense &#8226; Folha do Leste\" \/>\n<meta property=\"og:url\" content=\"https:\/\/folhadoleste.com.br\/en\/alameda-ganha-iluminacao-de-led\/\" \/>\n<meta property=\"og:site_name\" content=\"Folha do Leste\" \/>\n<meta property=\"article:publisher\" content=\"https:\/\/www.facebook.com\/folhadoleste\" \/>\n<meta property=\"article:published_time\" content=\"2024-01-27T22:49:07+00:00\" \/>\n<meta property=\"og:image\" content=\"https:\/\/folhadoleste.com.br\/wp-content\/uploads\/2024\/01\/3D8BED91-41FA-428A-ADFF-89343C5E7E38.jpeg\" \/>\n\t<meta property=\"og:image:width\" content=\"750\" \/>\n\t<meta property=\"og:image:height\" content=\"650\" \/>\n\t<meta property=\"og:image:type\" content=\"image\/jpeg\" \/>\n<meta name=\"author\" content=\"Natalie Vitorino\" \/>\n<meta name=\"twitter:card\" content=\"summary_large_image\" \/>\n<meta name=\"twitter:creator\" content=\"@FolhadoLesteRJ\" \/>\n<meta name=\"twitter:site\" content=\"@FolhadoLesteRJ\" \/>\n<meta name=\"twitter:label1\" content=\"Written by\" \/>\n\t<meta name=\"twitter:data1\" content=\"Natalie Vitorino\" \/>\n\t<meta name=\"twitter:label2\" content=\"Est. reading time\" \/>\n\t<meta name=\"twitter:data2\" content=\"2 minutes\" \/>\n<script type=\"application\/ld+json\" class=\"yoast-schema-graph\">{\"@context\":\"https:\\\/\\\/schema.org\",\"@graph\":[{\"@type\":\"NewsArticle\",\"@id\":\"https:\\\/\\\/folhadoleste.com.br\\\/alameda-ganha-iluminacao-de-led\\\/#article\",\"isPartOf\":{\"@id\":\"https:\\\/\\\/folhadoleste.com.br\\\/alameda-ganha-iluminacao-de-led\\\/\"},\"author\":{\"name\":\"Natalie Vitorino\",\"@id\":\"https:\\\/\\\/folhadoleste.com.br\\\/#\\\/schema\\\/person\\\/9e16bbb8d8ee89c3068803f06d348695\"},\"headline\":\"Alameda ganha ilumina\u00e7\u00e3o de Led\",\"datePublished\":\"2024-01-27T22:49:07+00:00\",\"mainEntityOfPage\":{\"@id\":\"https:\\\/\\\/folhadoleste.com.br\\\/alameda-ganha-iluminacao-de-led\\\/\"},\"wordCount\":232,\"commentCount\":0,\"publisher\":{\"@id\":\"https:\\\/\\\/folhadoleste.com.br\\\/#organization\"},\"image\":{\"@id\":\"https:\\\/\\\/folhadoleste.com.br\\\/alameda-ganha-iluminacao-de-led\\\/#primaryimage\"},\"thumbnailUrl\":\"https:\\\/\\\/folhadoleste.com.br\\\/wp-content\\\/uploads\\\/2024\\\/01\\\/3D8BED91-41FA-428A-ADFF-89343C5E7E38.jpeg\",\"keywords\":[\"alameda\",\"fonseca\",\"ilumona\u00e7\u00e3o\",\"led\",\"prefeitura\",\"Prefeitura de Niter\u00f3i\"],\"articleSection\":[\"Leste Fluminense\",\"Niter\u00f3i\"],\"inLanguage\":\"en-US\",\"potentialAction\":[{\"@type\":\"CommentAction\",\"name\":\"Comment\",\"target\":[\"https:\\\/\\\/folhadoleste.com.br\\\/alameda-ganha-iluminacao-de-led\\\/#respond\"]}]},{\"@type\":\"WebPage\",\"@id\":\"https:\\\/\\\/folhadoleste.com.br\\\/alameda-ganha-iluminacao-de-led\\\/\",\"url\":\"https:\\\/\\\/folhadoleste.com.br\\\/alameda-ganha-iluminacao-de-led\\\/\",\"name\":\"Alameda ganha ilumina\u00e7\u00e3o de Led &#8226; Folha do Leste\",\"isPartOf\":{\"@id\":\"https:\\\/\\\/folhadoleste.com.br\\\/#website\"},\"primaryImageOfPage\":{\"@id\":\"https:\\\/\\\/folhadoleste.com.br\\\/alameda-ganha-iluminacao-de-led\\\/#primaryimage\"},\"image\":{\"@id\":\"https:\\\/\\\/folhadoleste.com.br\\\/alameda-ganha-iluminacao-de-led\\\/#primaryimage\"},\"thumbnailUrl\":\"https:\\\/\\\/folhadoleste.com.br\\\/wp-content\\\/uploads\\\/2024\\\/01\\\/3D8BED91-41FA-428A-ADFF-89343C5E7E38.jpeg\",\"datePublished\":\"2024-01-27T22:49:07+00:00\",\"description\":\"Importante via da zona norte de Niter\u00f3i j\u00e1 recebeu a nova ilumina\u00e7\u00e3o que est\u00e1 passando por ajustes finais.\",\"breadcrumb\":{\"@id\":\"https:\\\/\\\/folhadoleste.com.br\\\/alameda-ganha-iluminacao-de-led\\\/#breadcrumb\"},\"inLanguage\":\"en-US\",\"potentialAction\":[{\"@type\":\"ReadAction\",\"target\":[\"https:\\\/\\\/folhadoleste.com.br\\\/alameda-ganha-iluminacao-de-led\\\/\"]}]},{\"@type\":\"ImageObject\",\"inLanguage\":\"en-US\",\"@id\":\"https:\\\/\\\/folhadoleste.com.br\\\/alameda-ganha-iluminacao-de-led\\\/#primaryimage\",\"url\":\"https:\\\/\\\/folhadoleste.com.br\\\/wp-content\\\/uploads\\\/2024\\\/01\\\/3D8BED91-41FA-428A-ADFF-89343C5E7E38.jpeg\",\"contentUrl\":\"https:\\\/\\\/folhadoleste.com.br\\\/wp-content\\\/uploads\\\/2024\\\/01\\\/3D8BED91-41FA-428A-ADFF-89343C5E7E38.jpeg\",\"width\":750,\"height\":650,\"caption\":\"Foto: ASCOM\"},{\"@type\":\"BreadcrumbList\",\"@id\":\"https:\\\/\\\/folhadoleste.com.br\\\/alameda-ganha-iluminacao-de-led\\\/#breadcrumb\",\"itemListElement\":[{\"@type\":\"ListItem\",\"position\":1,\"name\":\"In\u00edcio\",\"item\":\"https:\\\/\\\/folhadoleste.com.br\\\/\"},{\"@type\":\"ListItem\",\"position\":2,\"name\":\"Estado do Rio de Janeiro\",\"item\":\"https:\\\/\\\/folhadoleste.com.br\\\/category\\\/estado-do-rio-de-janeiro\\\/\"},{\"@type\":\"ListItem\",\"position\":3,\"name\":\"Leste Fluminense\",\"item\":\"https:\\\/\\\/folhadoleste.com.br\\\/category\\\/estado-do-rio-de-janeiro\\\/leste-fluminense\\\/\"},{\"@type\":\"ListItem\",\"position\":4,\"name\":\"Alameda ganha ilumina\u00e7\u00e3o de Led\"}]},{\"@type\":\"WebSite\",\"@id\":\"https:\\\/\\\/folhadoleste.com.br\\\/#website\",\"url\":\"https:\\\/\\\/folhadoleste.com.br\\\/\",\"name\":\"Folha do Leste\",\"description\":\"Portal de Not\u00edcias com \u00eanfase em Niter\u00f3i, criando conte\u00fados desde a capital Rio de Janeiro, com olhar para o Leste Fluminense e suas cidades como S\u00e3o Gon\u00e7alo, Itabora\u00ed, Rio Bonito, Maric\u00e1, Saquarema e Araruama\",\"publisher\":{\"@id\":\"https:\\\/\\\/folhadoleste.com.br\\\/#organization\"},\"alternateName\":\"FL\",\"potentialAction\":[{\"@type\":\"SearchAction\",\"target\":{\"@type\":\"EntryPoint\",\"urlTemplate\":\"https:\\\/\\\/folhadoleste.com.br\\\/?s={search_term_string}\"},\"query-input\":{\"@type\":\"PropertyValueSpecification\",\"valueRequired\":true,\"valueName\":\"search_term_string\"}}],\"inLanguage\":\"en-US\"},{\"@type\":\"Organization\",\"@id\":\"https:\\\/\\\/folhadoleste.com.br\\\/#organization\",\"name\":\"Brasil 21 Comunica\u00e7\u00e3o\",\"alternateName\":\"BR21\",\"url\":\"https:\\\/\\\/folhadoleste.com.br\\\/\",\"logo\":{\"@type\":\"ImageObject\",\"inLanguage\":\"en-US\",\"@id\":\"https:\\\/\\\/folhadoleste.com.br\\\/#\\\/schema\\\/logo\\\/image\\\/\",\"url\":\"https:\\\/\\\/folhadoleste.com.br\\\/wp-content\\\/uploads\\\/2025\\\/12\\\/brasil-21-logomarca.avif\",\"contentUrl\":\"https:\\\/\\\/folhadoleste.com.br\\\/wp-content\\\/uploads\\\/2025\\\/12\\\/brasil-21-logomarca.avif\",\"width\":1044,\"height\":1044,\"caption\":\"Brasil 21 Comunica\u00e7\u00e3o\"},\"image\":{\"@id\":\"https:\\\/\\\/folhadoleste.com.br\\\/#\\\/schema\\\/logo\\\/image\\\/\"},\"sameAs\":[\"https:\\\/\\\/www.facebook.com\\\/folhadoleste\",\"https:\\\/\\\/x.com\\\/FolhadoLesteRJ\",\"https:\\\/\\\/www.instagram.com\\\/folhadoleste\\\/\"]},{\"@type\":\"Person\",\"@id\":\"https:\\\/\\\/folhadoleste.com.br\\\/#\\\/schema\\\/person\\\/9e16bbb8d8ee89c3068803f06d348695\",\"name\":\"Natalie Vitorino\",\"image\":{\"@type\":\"ImageObject\",\"inLanguage\":\"en-US\",\"@id\":\"https:\\\/\\\/folhadoleste.com.br\\\/wp-content\\\/litespeed\\\/avatar\\\/e207d56198d6bb8bee08d0c0dbc5e325.jpg?ver=1777161696\",\"url\":\"https:\\\/\\\/folhadoleste.com.br\\\/wp-content\\\/litespeed\\\/avatar\\\/e207d56198d6bb8bee08d0c0dbc5e325.jpg?ver=1777161696\",\"contentUrl\":\"https:\\\/\\\/folhadoleste.com.br\\\/wp-content\\\/litespeed\\\/avatar\\\/e207d56198d6bb8bee08d0c0dbc5e325.jpg?ver=1777161696\",\"caption\":\"Natalie Vitorino\"},\"url\":\"https:\\\/\\\/folhadoleste.com.br\\\/en\\\/author\\\/nati-vitorino\\\/\"}]}<\/script>\n<!-- \/ Yoast SEO plugin. -->","yoast_head_json":{"title":"Alameda ganha ilumina\u00e7\u00e3o de Led &#8226; Folha do Leste","description":"Importante via da zona norte de Niter\u00f3i j\u00e1 recebeu a nova ilumina\u00e7\u00e3o que est\u00e1 passando por ajustes finais.","robots":{"index":"index","follow":"follow","max-snippet":"max-snippet:-1","max-image-preview":"max-image-preview:large","max-video-preview":"max-video-preview:-1"},"canonical":"https:\/\/folhadoleste.com.br\/en\/alameda-ganha-iluminacao-de-led\/","og_locale":"en_US","og_type":"article","og_title":"Alameda ganha ilumina\u00e7\u00e3o de Led &#8226; Folha do Leste","og_description":"Leste Fluminense &#8226; Folha do Leste","og_url":"https:\/\/folhadoleste.com.br\/en\/alameda-ganha-iluminacao-de-led\/","og_site_name":"Folha do Leste","article_publisher":"https:\/\/www.facebook.com\/folhadoleste","article_published_time":"2024-01-27T22:49:07+00:00","og_image":[{"width":750,"height":650,"url":"https:\/\/folhadoleste.com.br\/wp-content\/uploads\/2024\/01\/3D8BED91-41FA-428A-ADFF-89343C5E7E38.jpeg","type":"image\/jpeg"}],"author":"Natalie Vitorino","twitter_card":"summary_large_image","twitter_creator":"@FolhadoLesteRJ","twitter_site":"@FolhadoLesteRJ","twitter_misc":{"Written by":"Natalie Vitorino","Est. reading time":"2 minutes"},"schema":{"@context":"https:\/\/schema.org","@graph":[{"@type":"NewsArticle","@id":"https:\/\/folhadoleste.com.br\/alameda-ganha-iluminacao-de-led\/#article","isPartOf":{"@id":"https:\/\/folhadoleste.com.br\/alameda-ganha-iluminacao-de-led\/"},"author":{"name":"Natalie Vitorino","@id":"https:\/\/folhadoleste.com.br\/#\/schema\/person\/9e16bbb8d8ee89c3068803f06d348695"},"headline":"Alameda ganha ilumina\u00e7\u00e3o de Led","datePublished":"2024-01-27T22:49:07+00:00","mainEntityOfPage":{"@id":"https:\/\/folhadoleste.com.br\/alameda-ganha-iluminacao-de-led\/"},"wordCount":232,"commentCount":0,"publisher":{"@id":"https:\/\/folhadoleste.com.br\/#organization"},"image":{"@id":"https:\/\/folhadoleste.com.br\/alameda-ganha-iluminacao-de-led\/#primaryimage"},"thumbnailUrl":"https:\/\/folhadoleste.com.br\/wp-content\/uploads\/2024\/01\/3D8BED91-41FA-428A-ADFF-89343C5E7E38.jpeg","keywords":["alameda","fonseca","ilumona\u00e7\u00e3o","led","prefeitura","Prefeitura de Niter\u00f3i"],"articleSection":["Leste Fluminense","Niter\u00f3i"],"inLanguage":"en-US","potentialAction":[{"@type":"CommentAction","name":"Comment","target":["https:\/\/folhadoleste.com.br\/alameda-ganha-iluminacao-de-led\/#respond"]}]},{"@type":"WebPage","@id":"https:\/\/folhadoleste.com.br\/alameda-ganha-iluminacao-de-led\/","url":"https:\/\/folhadoleste.com.br\/alameda-ganha-iluminacao-de-led\/","name":"Alameda ganha ilumina\u00e7\u00e3o de Led &#8226; Folha do Leste","isPartOf":{"@id":"https:\/\/folhadoleste.com.br\/#website"},"primaryImageOfPage":{"@id":"https:\/\/folhadoleste.com.br\/alameda-ganha-iluminacao-de-led\/#primaryimage"},"image":{"@id":"https:\/\/folhadoleste.com.br\/alameda-ganha-iluminacao-de-led\/#primaryimage"},"thumbnailUrl":"https:\/\/folhadoleste.com.br\/wp-content\/uploads\/2024\/01\/3D8BED91-41FA-428A-ADFF-89343C5E7E38.jpeg","datePublished":"2024-01-27T22:49:07+00:00","description":"Importante via da zona norte de Niter\u00f3i j\u00e1 recebeu a nova ilumina\u00e7\u00e3o que est\u00e1 passando por ajustes finais.","breadcrumb":{"@id":"https:\/\/folhadoleste.com.br\/alameda-ganha-iluminacao-de-led\/#breadcrumb"},"inLanguage":"en-US","potentialAction":[{"@type":"ReadAction","target":["https:\/\/folhadoleste.com.br\/alameda-ganha-iluminacao-de-led\/"]}]},{"@type":"ImageObject","inLanguage":"en-US","@id":"https:\/\/folhadoleste.com.br\/alameda-ganha-iluminacao-de-led\/#primaryimage","url":"https:\/\/folhadoleste.com.br\/wp-content\/uploads\/2024\/01\/3D8BED91-41FA-428A-ADFF-89343C5E7E38.jpeg","contentUrl":"https:\/\/folhadoleste.com.br\/wp-content\/uploads\/2024\/01\/3D8BED91-41FA-428A-ADFF-89343C5E7E38.jpeg","width":750,"height":650,"caption":"Foto: ASCOM"},{"@type":"BreadcrumbList","@id":"https:\/\/folhadoleste.com.br\/alameda-ganha-iluminacao-de-led\/#breadcrumb","itemListElement":[{"@type":"ListItem","position":1,"name":"In\u00edcio","item":"https:\/\/folhadoleste.com.br\/"},{"@type":"ListItem","position":2,"name":"Estado do Rio de Janeiro","item":"https:\/\/folhadoleste.com.br\/category\/estado-do-rio-de-janeiro\/"},{"@type":"ListItem","position":3,"name":"Leste Fluminense","item":"https:\/\/folhadoleste.com.br\/category\/estado-do-rio-de-janeiro\/leste-fluminense\/"},{"@type":"ListItem","position":4,"name":"Alameda ganha ilumina\u00e7\u00e3o de Led"}]},{"@type":"WebSite","@id":"https:\/\/folhadoleste.com.br\/#website","url":"https:\/\/folhadoleste.com.br\/","name":"Folha do Leste","description":"Portal de Not\u00edcias com \u00eanfase em Niter\u00f3i, criando conte\u00fados desde a capital Rio de Janeiro, com olhar para o Leste Fluminense e suas cidades como S\u00e3o Gon\u00e7alo, Itabora\u00ed, Rio Bonito, Maric\u00e1, Saquarema e Araruama","publisher":{"@id":"https:\/\/folhadoleste.com.br\/#organization"},"alternateName":"FL","potentialAction":[{"@type":"SearchAction","target":{"@type":"EntryPoint","urlTemplate":"https:\/\/folhadoleste.com.br\/?s={search_term_string}"},"query-input":{"@type":"PropertyValueSpecification","valueRequired":true,"valueName":"search_term_string"}}],"inLanguage":"en-US"},{"@type":"Organization","@id":"https:\/\/folhadoleste.com.br\/#organization","name":"Brasil 21 Comunica\u00e7\u00e3o","alternateName":"BR21","url":"https:\/\/folhadoleste.com.br\/","logo":{"@type":"ImageObject","inLanguage":"en-US","@id":"https:\/\/folhadoleste.com.br\/#\/schema\/logo\/image\/","url":"https:\/\/folhadoleste.com.br\/wp-content\/uploads\/2025\/12\/brasil-21-logomarca.avif","contentUrl":"https:\/\/folhadoleste.com.br\/wp-content\/uploads\/2025\/12\/brasil-21-logomarca.avif","width":1044,"height":1044,"caption":"Brasil 21 Comunica\u00e7\u00e3o"},"image":{"@id":"https:\/\/folhadoleste.com.br\/#\/schema\/logo\/image\/"},"sameAs":["https:\/\/www.facebook.com\/folhadoleste","https:\/\/x.com\/FolhadoLesteRJ","https:\/\/www.instagram.com\/folhadoleste\/"]},{"@type":"Person","@id":"https:\/\/folhadoleste.com.br\/#\/schema\/person\/9e16bbb8d8ee89c3068803f06d348695","name":"Natalie Vitorino","image":{"@type":"ImageObject","inLanguage":"en-US","@id":"https:\/\/folhadoleste.com.br\/wp-content\/litespeed\/avatar\/e207d56198d6bb8bee08d0c0dbc5e325.jpg?ver=1777161696","url":"https:\/\/folhadoleste.com.br\/wp-content\/litespeed\/avatar\/e207d56198d6bb8bee08d0c0dbc5e325.jpg?ver=1777161696","contentUrl":"https:\/\/folhadoleste.com.br\/wp-content\/litespeed\/avatar\/e207d56198d6bb8bee08d0c0dbc5e325.jpg?ver=1777161696","caption":"Natalie Vitorino"},"url":"https:\/\/folhadoleste.com.br\/en\/author\/nati-vitorino\/"}]}},"_links":{"self":[{"href":"https:\/\/folhadoleste.com.br\/en\/wp-json\/wp\/v2\/posts\/46381","targetHints":{"allow":["GET"]}}],"collection":[{"href":"https:\/\/folhadoleste.com.br\/en\/wp-json\/wp\/v2\/posts"}],"about":[{"href":"https:\/\/folhadoleste.com.br\/en\/wp-json\/wp\/v2\/types\/post"}],"author":[{"embeddable":true,"href":"https:\/\/folhadoleste.com.br\/en\/wp-json\/wp\/v2\/users\/19"}],"replies":[{"embeddable":true,"href":"https:\/\/folhadoleste.com.br\/en\/wp-json\/wp\/v2\/comments?post=46381"}],"version-history":[{"count":1,"href":"https:\/\/folhadoleste.com.br\/en\/wp-json\/wp\/v2\/posts\/46381\/revisions"}],"predecessor-version":[{"id":46388,"href":"https:\/\/folhadoleste.com.br\/en\/wp-json\/wp\/v2\/posts\/46381\/revisions\/46388"}],"wp:featuredmedia":[{"embeddable":true,"href":"https:\/\/folhadoleste.com.br\/en\/wp-json\/wp\/v2\/media\/46385"}],"wp:attachment":[{"href":"https:\/\/folhadoleste.com.br\/en\/wp-json\/wp\/v2\/media?parent=46381"}],"wp:term":[{"taxonomy":"category","embeddable":true,"href":"https:\/\/folhadoleste.com.br\/en\/wp-json\/wp\/v2\/categories?post=46381"},{"taxonomy":"post_tag","embeddable":true,"href":"https:\/\/folhadoleste.com.br\/en\/wp-json\/wp\/v2\/tags?post=46381"}],"curies":[{"name":"wp","href":"https:\/\/api.w.org\/{rel}","templated":true}]}}