{"id":45800,"date":"2024-01-24T10:56:45","date_gmt":"2024-01-24T13:56:45","guid":{"rendered":"https:\/\/folhadoleste.com.br\/?p=45800"},"modified":"2024-01-24T10:56:45","modified_gmt":"2024-01-24T13:56:45","slug":"tempestades-deixam-100-mil-pessoas-afetadas-no-rio","status":"publish","type":"post","link":"https:\/\/folhadoleste.com.br\/en\/tempestades-deixam-100-mil-pessoas-afetadas-no-rio\/","title":{"rendered":"Tempestades deixam 100 mil pessoas afetadas no Rio"},"content":{"rendered":"<div id=\"attachment_45802\" style=\"width: 1180px\" class=\"wp-caption aligncenter\"><img decoding=\"async\" aria-describedby=\"caption-attachment-45802\" class=\"size-full wp-image-45802\" src=\"https:\/\/folhadoleste.com.br\/wp-content\/uploads\/2024\/01\/Tempestades-deixam-100-mil-pessoas-afetadas-no-Rio-Foto-Tania-Rego-Agencia-Brasil.webp\" alt=\"Tempestades deixam 100 mil pessoas afetadas no Rio\" width=\"1170\" height=\"700\" \/><p id=\"caption-attachment-45802\" class=\"wp-caption-text\">Foto: T\u00e2nia R\u00eago &#8211; Ag\u00eancia Brasil<\/p><\/div>\n<p>As fortes chuvas que atingem o estado do Rio de Janeiro repetidas vezes h\u00e1 duas semanas j\u00e1 afetaram cerca de 100 mil pessoas, segundo balan\u00e7o divulgado nesta quarta-feira (24), pela Secretaria de Estado de Desenvolvimento Social e Direitos Humanos.<img decoding=\"async\" src=\"https:\/\/agenciabrasil.ebc.com.br\/ebc.png?id=1577510&amp;o=node\" \/><img decoding=\"async\" src=\"https:\/\/agenciabrasil.ebc.com.br\/ebc.gif?id=1577510&amp;o=node\" \/><\/p>\n<h4><a href=\"https:\/\/folhadoleste.com.br\/en\/category\/estado-do-rio-de-janeiro\/\"><strong>\u201cLeia mais not\u00edcias sobre o Estado do Rio aqui\u201d<\/strong><\/a><\/h4>\n<p>O n\u00famero atualizado de pessoas desalojadas passa de 25 mil, e 1.052 continuam desabrigadas. Tamb\u00e9m houve 12 mortes causadas pelas consequ\u00eancias das enxurradas.<\/p>\n<h4>Temporais<\/h4>\n<p>Os dados incluem as cidades metropolitanas do Rio de Janeiro, Belford Roxo, Duque de Caxias, Japeri, Mesquita, Nil\u00f3polis, Nova Igua\u00e7u, Queimados, S\u00e3o Gon\u00e7alo e S\u00e3o Jo\u00e3o de Meriti. Al\u00e9m disso, h\u00e1 afetados em Miguel Pereira, Paty de Alferes e Quatis, no interior do estado.<\/p>\n<p>O Instituto Nacional de Meteorologia mant\u00e9m alerta de risco de temporais para o estado do Rio. O Centro Nacional de Monitoramento e Alertas de Desastres Naturais tamb\u00e9m aponta que h\u00e1 risco moderado de deslizamento em munic\u00edpios das regi\u00f5es Metropolina, Sul Fluminense, Leste Fluminense e Serrana.<\/p>\n<p>&nbsp;<\/p>\n<p><a href=\"https:\/\/www.instagram.com\/folhadoleste\/\"><img decoding=\"async\" class=\"aligncenter wp-image-15962\" src=\"https:\/\/folhadoleste.com.br\/wp-content\/uploads\/2023\/07\/instagram.jpg.webp\" alt=\"Itaipu-Itaipua\u00e7u: Caminh\u00e3o causa grave acidente na RJ-102, a estrada da Serrinha\" width=\"49\" height=\"49\" \/><\/a><a href=\"https:\/\/www.facebook.com\/folhadoleste\"><img decoding=\"async\" class=\"aligncenter wp-image-7424\" src=\"https:\/\/folhadoleste.com.br\/wp-content\/uploads\/2023\/05\/facebook-logo-3-1.png.webp\" alt=\"Itaipu-Itaipua\u00e7u: Caminh\u00e3o causa grave acidente na RJ-102, a estrada da Serrinha\" width=\"49\" height=\"49\" \/><\/a><\/p>\n<p>&nbsp;<\/p>\n<p>&nbsp;<\/p>\n<p>&nbsp;<\/p>\n<p>Fonte: Ag\u00eancia Brasil<\/p>","protected":false},"excerpt":{"rendered":"<p>As fortes chuvas que atingem o estado do Rio de Janeiro repetidas vezes h\u00e1 duas semanas j\u00e1 afetaram cerca de 100 mil pessoas, segundo balan\u00e7o divulgado nesta quarta-feira (24), pela Secretaria de Estado de Desenvolvimento Social e Direitos Humanos. \u201cLeia mais not\u00edcias sobre o Estado do Rio aqui\u201d O n\u00famero atualizado de pessoas desalojadas passa de 25 mil, e 1.052 continuam desabrigadas. Tamb\u00e9m houve 12 mortes causadas pelas consequ\u00eancias das enxurradas. Temporais Os dados incluem as cidades metropolitanas do Rio de Janeiro, Belford Roxo, Duque de Caxias, Japeri, Mesquita, Nil\u00f3polis, Nova Igua\u00e7u, Queimados, S\u00e3o Gon\u00e7alo e S\u00e3o Jo\u00e3o de Meriti. [&hellip;]<\/p>\n","protected":false},"author":4,"featured_media":45802,"comment_status":"open","ping_status":"open","sticky":false,"template":"","format":"standard","meta":{"footnotes":""},"categories":[46],"tags":[2614,1273,600,93,9212,3212,9893],"class_list":["post-45800","post","type-post","status-publish","format-standard","has-post-thumbnail","hentry","category-estado-do-rio-de-janeiro","tag-chuva","tag-clima","tag-estado-do-rio","tag-rio-de-janeiro","tag-tempestade","tag-tempo","tag-temporal","post--single"],"yoast_head":"<!-- This site is optimized with the Yoast SEO plugin v27.4 - https:\/\/yoast.com\/product\/yoast-seo-wordpress\/ -->\n<title>Tempestades deixam 100 mil pessoas afetadas no Rio &#8226; Folha do Leste<\/title>\n<meta name=\"description\" content=\"As fortes chuvas que atingem o estado do Rio de Janeiro repetidas vezes h\u00e1 duas semanas j\u00e1 afetaram cerca de 100 mil pessoas...\" \/>\n<meta name=\"robots\" content=\"index, follow, max-snippet:-1, max-image-preview:large, max-video-preview:-1\" \/>\n<link rel=\"canonical\" href=\"https:\/\/folhadoleste.com.br\/en\/tempestades-deixam-100-mil-pessoas-afetadas-no-rio\/\" \/>\n<meta property=\"og:locale\" content=\"en_US\" \/>\n<meta property=\"og:type\" content=\"article\" \/>\n<meta property=\"og:title\" content=\"Tempestades deixam 100 mil pessoas afetadas no Rio &#8226; Folha do Leste\" \/>\n<meta property=\"og:description\" content=\"Estado do Rio de Janeiro &#8226; Folha do Leste\" \/>\n<meta property=\"og:url\" content=\"https:\/\/folhadoleste.com.br\/en\/tempestades-deixam-100-mil-pessoas-afetadas-no-rio\/\" \/>\n<meta property=\"og:site_name\" content=\"Folha do Leste\" \/>\n<meta property=\"article:publisher\" content=\"https:\/\/www.facebook.com\/folhadoleste\" \/>\n<meta property=\"article:published_time\" content=\"2024-01-24T13:56:45+00:00\" \/>\n<meta property=\"og:image\" content=\"https:\/\/folhadoleste.com.br\/wp-content\/uploads\/2024\/01\/Tempestades-deixam-100-mil-pessoas-afetadas-no-Rio-Foto-Tania-Rego-Agencia-Brasil.webp\" \/>\n\t<meta property=\"og:image:width\" content=\"1170\" \/>\n\t<meta property=\"og:image:height\" content=\"700\" \/>\n\t<meta property=\"og:image:type\" content=\"image\/webp\" \/>\n<meta name=\"author\" content=\"Folha do Leste\" \/>\n<meta name=\"twitter:card\" content=\"summary_large_image\" \/>\n<meta name=\"twitter:creator\" content=\"@FolhadoLesteRJ\" \/>\n<meta name=\"twitter:site\" content=\"@FolhadoLesteRJ\" \/>\n<meta name=\"twitter:label1\" content=\"Written by\" \/>\n\t<meta name=\"twitter:data1\" content=\"Folha do Leste\" \/>\n\t<meta name=\"twitter:label2\" content=\"Est. reading time\" \/>\n\t<meta name=\"twitter:data2\" content=\"2 minutes\" \/>\n<script type=\"application\/ld+json\" class=\"yoast-schema-graph\">{\"@context\":\"https:\\\/\\\/schema.org\",\"@graph\":[{\"@type\":\"NewsArticle\",\"@id\":\"https:\\\/\\\/folhadoleste.com.br\\\/tempestades-deixam-100-mil-pessoas-afetadas-no-rio\\\/#article\",\"isPartOf\":{\"@id\":\"https:\\\/\\\/folhadoleste.com.br\\\/tempestades-deixam-100-mil-pessoas-afetadas-no-rio\\\/\"},\"author\":{\"name\":\"Folha do Leste\",\"@id\":\"https:\\\/\\\/folhadoleste.com.br\\\/#\\\/schema\\\/person\\\/3e97145b2e1861276e84471aa85a3899\"},\"headline\":\"Tempestades deixam 100 mil pessoas afetadas no Rio\",\"datePublished\":\"2024-01-24T13:56:45+00:00\",\"mainEntityOfPage\":{\"@id\":\"https:\\\/\\\/folhadoleste.com.br\\\/tempestades-deixam-100-mil-pessoas-afetadas-no-rio\\\/\"},\"wordCount\":203,\"commentCount\":0,\"publisher\":{\"@id\":\"https:\\\/\\\/folhadoleste.com.br\\\/#organization\"},\"image\":{\"@id\":\"https:\\\/\\\/folhadoleste.com.br\\\/tempestades-deixam-100-mil-pessoas-afetadas-no-rio\\\/#primaryimage\"},\"thumbnailUrl\":\"https:\\\/\\\/folhadoleste.com.br\\\/wp-content\\\/uploads\\\/2024\\\/01\\\/Tempestades-deixam-100-mil-pessoas-afetadas-no-Rio-Foto-Tania-Rego-Agencia-Brasil.webp\",\"keywords\":[\"chuva\",\"clima\",\"estado do rio\",\"Rio de Janeiro\",\"tempestade\",\"tempo\",\"temporal\"],\"articleSection\":[\"Estado do Rio de Janeiro\"],\"inLanguage\":\"en-US\",\"potentialAction\":[{\"@type\":\"CommentAction\",\"name\":\"Comment\",\"target\":[\"https:\\\/\\\/folhadoleste.com.br\\\/tempestades-deixam-100-mil-pessoas-afetadas-no-rio\\\/#respond\"]}]},{\"@type\":\"WebPage\",\"@id\":\"https:\\\/\\\/folhadoleste.com.br\\\/tempestades-deixam-100-mil-pessoas-afetadas-no-rio\\\/\",\"url\":\"https:\\\/\\\/folhadoleste.com.br\\\/tempestades-deixam-100-mil-pessoas-afetadas-no-rio\\\/\",\"name\":\"Tempestades deixam 100 mil pessoas afetadas no Rio &#8226; Folha do Leste\",\"isPartOf\":{\"@id\":\"https:\\\/\\\/folhadoleste.com.br\\\/#website\"},\"primaryImageOfPage\":{\"@id\":\"https:\\\/\\\/folhadoleste.com.br\\\/tempestades-deixam-100-mil-pessoas-afetadas-no-rio\\\/#primaryimage\"},\"image\":{\"@id\":\"https:\\\/\\\/folhadoleste.com.br\\\/tempestades-deixam-100-mil-pessoas-afetadas-no-rio\\\/#primaryimage\"},\"thumbnailUrl\":\"https:\\\/\\\/folhadoleste.com.br\\\/wp-content\\\/uploads\\\/2024\\\/01\\\/Tempestades-deixam-100-mil-pessoas-afetadas-no-Rio-Foto-Tania-Rego-Agencia-Brasil.webp\",\"datePublished\":\"2024-01-24T13:56:45+00:00\",\"description\":\"As fortes chuvas que atingem o estado do Rio de Janeiro repetidas vezes h\u00e1 duas semanas j\u00e1 afetaram cerca de 100 mil pessoas...\",\"breadcrumb\":{\"@id\":\"https:\\\/\\\/folhadoleste.com.br\\\/tempestades-deixam-100-mil-pessoas-afetadas-no-rio\\\/#breadcrumb\"},\"inLanguage\":\"en-US\",\"potentialAction\":[{\"@type\":\"ReadAction\",\"target\":[\"https:\\\/\\\/folhadoleste.com.br\\\/tempestades-deixam-100-mil-pessoas-afetadas-no-rio\\\/\"]}]},{\"@type\":\"ImageObject\",\"inLanguage\":\"en-US\",\"@id\":\"https:\\\/\\\/folhadoleste.com.br\\\/tempestades-deixam-100-mil-pessoas-afetadas-no-rio\\\/#primaryimage\",\"url\":\"https:\\\/\\\/folhadoleste.com.br\\\/wp-content\\\/uploads\\\/2024\\\/01\\\/Tempestades-deixam-100-mil-pessoas-afetadas-no-Rio-Foto-Tania-Rego-Agencia-Brasil.webp\",\"contentUrl\":\"https:\\\/\\\/folhadoleste.com.br\\\/wp-content\\\/uploads\\\/2024\\\/01\\\/Tempestades-deixam-100-mil-pessoas-afetadas-no-Rio-Foto-Tania-Rego-Agencia-Brasil.webp\",\"width\":1170,\"height\":700,\"caption\":\"Foto: T\u00e2nia R\u00eago - Ag\u00eancia Brasil\"},{\"@type\":\"BreadcrumbList\",\"@id\":\"https:\\\/\\\/folhadoleste.com.br\\\/tempestades-deixam-100-mil-pessoas-afetadas-no-rio\\\/#breadcrumb\",\"itemListElement\":[{\"@type\":\"ListItem\",\"position\":1,\"name\":\"In\u00edcio\",\"item\":\"https:\\\/\\\/folhadoleste.com.br\\\/\"},{\"@type\":\"ListItem\",\"position\":2,\"name\":\"Estado do Rio de Janeiro\",\"item\":\"https:\\\/\\\/folhadoleste.com.br\\\/category\\\/estado-do-rio-de-janeiro\\\/\"},{\"@type\":\"ListItem\",\"position\":3,\"name\":\"Tempestades deixam 100 mil pessoas afetadas no Rio\"}]},{\"@type\":\"WebSite\",\"@id\":\"https:\\\/\\\/folhadoleste.com.br\\\/#website\",\"url\":\"https:\\\/\\\/folhadoleste.com.br\\\/\",\"name\":\"Folha do Leste\",\"description\":\"Portal de Not\u00edcias com \u00eanfase em Niter\u00f3i, criando conte\u00fados desde a capital Rio de Janeiro, com olhar para o Leste Fluminense e suas cidades como S\u00e3o Gon\u00e7alo, Itabora\u00ed, Rio Bonito, Maric\u00e1, Saquarema e Araruama\",\"publisher\":{\"@id\":\"https:\\\/\\\/folhadoleste.com.br\\\/#organization\"},\"alternateName\":\"FL\",\"potentialAction\":[{\"@type\":\"SearchAction\",\"target\":{\"@type\":\"EntryPoint\",\"urlTemplate\":\"https:\\\/\\\/folhadoleste.com.br\\\/?s={search_term_string}\"},\"query-input\":{\"@type\":\"PropertyValueSpecification\",\"valueRequired\":true,\"valueName\":\"search_term_string\"}}],\"inLanguage\":\"en-US\"},{\"@type\":\"Organization\",\"@id\":\"https:\\\/\\\/folhadoleste.com.br\\\/#organization\",\"name\":\"Brasil 21 Comunica\u00e7\u00e3o\",\"alternateName\":\"BR21\",\"url\":\"https:\\\/\\\/folhadoleste.com.br\\\/\",\"logo\":{\"@type\":\"ImageObject\",\"inLanguage\":\"en-US\",\"@id\":\"https:\\\/\\\/folhadoleste.com.br\\\/#\\\/schema\\\/logo\\\/image\\\/\",\"url\":\"https:\\\/\\\/folhadoleste.com.br\\\/wp-content\\\/uploads\\\/2025\\\/12\\\/brasil-21-logomarca.avif\",\"contentUrl\":\"https:\\\/\\\/folhadoleste.com.br\\\/wp-content\\\/uploads\\\/2025\\\/12\\\/brasil-21-logomarca.avif\",\"width\":1044,\"height\":1044,\"caption\":\"Brasil 21 Comunica\u00e7\u00e3o\"},\"image\":{\"@id\":\"https:\\\/\\\/folhadoleste.com.br\\\/#\\\/schema\\\/logo\\\/image\\\/\"},\"sameAs\":[\"https:\\\/\\\/www.facebook.com\\\/folhadoleste\",\"https:\\\/\\\/x.com\\\/FolhadoLesteRJ\",\"https:\\\/\\\/www.instagram.com\\\/folhadoleste\\\/\"]},{\"@type\":\"Person\",\"@id\":\"https:\\\/\\\/folhadoleste.com.br\\\/#\\\/schema\\\/person\\\/3e97145b2e1861276e84471aa85a3899\",\"name\":\"Folha do Leste\",\"image\":{\"@type\":\"ImageObject\",\"inLanguage\":\"en-US\",\"@id\":\"https:\\\/\\\/folhadoleste.com.br\\\/wp-content\\\/litespeed\\\/avatar\\\/1ca8c218432e7045e748610eb3db0259.jpg?ver=1777161142\",\"url\":\"https:\\\/\\\/folhadoleste.com.br\\\/wp-content\\\/litespeed\\\/avatar\\\/1ca8c218432e7045e748610eb3db0259.jpg?ver=1777161142\",\"contentUrl\":\"https:\\\/\\\/folhadoleste.com.br\\\/wp-content\\\/litespeed\\\/avatar\\\/1ca8c218432e7045e748610eb3db0259.jpg?ver=1777161142\",\"caption\":\"Folha do Leste\"},\"url\":\"https:\\\/\\\/folhadoleste.com.br\\\/en\\\/author\\\/reportagem-01\\\/\"}]}<\/script>\n<!-- \/ Yoast SEO plugin. -->","yoast_head_json":{"title":"Tempestades deixam 100 mil pessoas afetadas no Rio &#8226; Folha do Leste","description":"As fortes chuvas que atingem o estado do Rio de Janeiro repetidas vezes h\u00e1 duas semanas j\u00e1 afetaram cerca de 100 mil pessoas...","robots":{"index":"index","follow":"follow","max-snippet":"max-snippet:-1","max-image-preview":"max-image-preview:large","max-video-preview":"max-video-preview:-1"},"canonical":"https:\/\/folhadoleste.com.br\/en\/tempestades-deixam-100-mil-pessoas-afetadas-no-rio\/","og_locale":"en_US","og_type":"article","og_title":"Tempestades deixam 100 mil pessoas afetadas no Rio &#8226; Folha do Leste","og_description":"Estado do Rio de Janeiro &#8226; Folha do Leste","og_url":"https:\/\/folhadoleste.com.br\/en\/tempestades-deixam-100-mil-pessoas-afetadas-no-rio\/","og_site_name":"Folha do Leste","article_publisher":"https:\/\/www.facebook.com\/folhadoleste","article_published_time":"2024-01-24T13:56:45+00:00","og_image":[{"width":1170,"height":700,"url":"https:\/\/folhadoleste.com.br\/wp-content\/uploads\/2024\/01\/Tempestades-deixam-100-mil-pessoas-afetadas-no-Rio-Foto-Tania-Rego-Agencia-Brasil.webp","type":"image\/webp"}],"author":"Folha do Leste","twitter_card":"summary_large_image","twitter_creator":"@FolhadoLesteRJ","twitter_site":"@FolhadoLesteRJ","twitter_misc":{"Written by":"Folha do Leste","Est. reading time":"2 minutes"},"schema":{"@context":"https:\/\/schema.org","@graph":[{"@type":"NewsArticle","@id":"https:\/\/folhadoleste.com.br\/tempestades-deixam-100-mil-pessoas-afetadas-no-rio\/#article","isPartOf":{"@id":"https:\/\/folhadoleste.com.br\/tempestades-deixam-100-mil-pessoas-afetadas-no-rio\/"},"author":{"name":"Folha do Leste","@id":"https:\/\/folhadoleste.com.br\/#\/schema\/person\/3e97145b2e1861276e84471aa85a3899"},"headline":"Tempestades deixam 100 mil pessoas afetadas no Rio","datePublished":"2024-01-24T13:56:45+00:00","mainEntityOfPage":{"@id":"https:\/\/folhadoleste.com.br\/tempestades-deixam-100-mil-pessoas-afetadas-no-rio\/"},"wordCount":203,"commentCount":0,"publisher":{"@id":"https:\/\/folhadoleste.com.br\/#organization"},"image":{"@id":"https:\/\/folhadoleste.com.br\/tempestades-deixam-100-mil-pessoas-afetadas-no-rio\/#primaryimage"},"thumbnailUrl":"https:\/\/folhadoleste.com.br\/wp-content\/uploads\/2024\/01\/Tempestades-deixam-100-mil-pessoas-afetadas-no-Rio-Foto-Tania-Rego-Agencia-Brasil.webp","keywords":["chuva","clima","estado do rio","Rio de Janeiro","tempestade","tempo","temporal"],"articleSection":["Estado do Rio de Janeiro"],"inLanguage":"en-US","potentialAction":[{"@type":"CommentAction","name":"Comment","target":["https:\/\/folhadoleste.com.br\/tempestades-deixam-100-mil-pessoas-afetadas-no-rio\/#respond"]}]},{"@type":"WebPage","@id":"https:\/\/folhadoleste.com.br\/tempestades-deixam-100-mil-pessoas-afetadas-no-rio\/","url":"https:\/\/folhadoleste.com.br\/tempestades-deixam-100-mil-pessoas-afetadas-no-rio\/","name":"Tempestades deixam 100 mil pessoas afetadas no Rio &#8226; Folha do Leste","isPartOf":{"@id":"https:\/\/folhadoleste.com.br\/#website"},"primaryImageOfPage":{"@id":"https:\/\/folhadoleste.com.br\/tempestades-deixam-100-mil-pessoas-afetadas-no-rio\/#primaryimage"},"image":{"@id":"https:\/\/folhadoleste.com.br\/tempestades-deixam-100-mil-pessoas-afetadas-no-rio\/#primaryimage"},"thumbnailUrl":"https:\/\/folhadoleste.com.br\/wp-content\/uploads\/2024\/01\/Tempestades-deixam-100-mil-pessoas-afetadas-no-Rio-Foto-Tania-Rego-Agencia-Brasil.webp","datePublished":"2024-01-24T13:56:45+00:00","description":"As fortes chuvas que atingem o estado do Rio de Janeiro repetidas vezes h\u00e1 duas semanas j\u00e1 afetaram cerca de 100 mil pessoas...","breadcrumb":{"@id":"https:\/\/folhadoleste.com.br\/tempestades-deixam-100-mil-pessoas-afetadas-no-rio\/#breadcrumb"},"inLanguage":"en-US","potentialAction":[{"@type":"ReadAction","target":["https:\/\/folhadoleste.com.br\/tempestades-deixam-100-mil-pessoas-afetadas-no-rio\/"]}]},{"@type":"ImageObject","inLanguage":"en-US","@id":"https:\/\/folhadoleste.com.br\/tempestades-deixam-100-mil-pessoas-afetadas-no-rio\/#primaryimage","url":"https:\/\/folhadoleste.com.br\/wp-content\/uploads\/2024\/01\/Tempestades-deixam-100-mil-pessoas-afetadas-no-Rio-Foto-Tania-Rego-Agencia-Brasil.webp","contentUrl":"https:\/\/folhadoleste.com.br\/wp-content\/uploads\/2024\/01\/Tempestades-deixam-100-mil-pessoas-afetadas-no-Rio-Foto-Tania-Rego-Agencia-Brasil.webp","width":1170,"height":700,"caption":"Foto: T\u00e2nia R\u00eago - Ag\u00eancia Brasil"},{"@type":"BreadcrumbList","@id":"https:\/\/folhadoleste.com.br\/tempestades-deixam-100-mil-pessoas-afetadas-no-rio\/#breadcrumb","itemListElement":[{"@type":"ListItem","position":1,"name":"In\u00edcio","item":"https:\/\/folhadoleste.com.br\/"},{"@type":"ListItem","position":2,"name":"Estado do Rio de Janeiro","item":"https:\/\/folhadoleste.com.br\/category\/estado-do-rio-de-janeiro\/"},{"@type":"ListItem","position":3,"name":"Tempestades deixam 100 mil pessoas afetadas no Rio"}]},{"@type":"WebSite","@id":"https:\/\/folhadoleste.com.br\/#website","url":"https:\/\/folhadoleste.com.br\/","name":"Folha do Leste","description":"Portal de Not\u00edcias com \u00eanfase em Niter\u00f3i, criando conte\u00fados desde a capital Rio de Janeiro, com olhar para o Leste Fluminense e suas cidades como S\u00e3o Gon\u00e7alo, Itabora\u00ed, Rio Bonito, Maric\u00e1, Saquarema e Araruama","publisher":{"@id":"https:\/\/folhadoleste.com.br\/#organization"},"alternateName":"FL","potentialAction":[{"@type":"SearchAction","target":{"@type":"EntryPoint","urlTemplate":"https:\/\/folhadoleste.com.br\/?s={search_term_string}"},"query-input":{"@type":"PropertyValueSpecification","valueRequired":true,"valueName":"search_term_string"}}],"inLanguage":"en-US"},{"@type":"Organization","@id":"https:\/\/folhadoleste.com.br\/#organization","name":"Brasil 21 Comunica\u00e7\u00e3o","alternateName":"BR21","url":"https:\/\/folhadoleste.com.br\/","logo":{"@type":"ImageObject","inLanguage":"en-US","@id":"https:\/\/folhadoleste.com.br\/#\/schema\/logo\/image\/","url":"https:\/\/folhadoleste.com.br\/wp-content\/uploads\/2025\/12\/brasil-21-logomarca.avif","contentUrl":"https:\/\/folhadoleste.com.br\/wp-content\/uploads\/2025\/12\/brasil-21-logomarca.avif","width":1044,"height":1044,"caption":"Brasil 21 Comunica\u00e7\u00e3o"},"image":{"@id":"https:\/\/folhadoleste.com.br\/#\/schema\/logo\/image\/"},"sameAs":["https:\/\/www.facebook.com\/folhadoleste","https:\/\/x.com\/FolhadoLesteRJ","https:\/\/www.instagram.com\/folhadoleste\/"]},{"@type":"Person","@id":"https:\/\/folhadoleste.com.br\/#\/schema\/person\/3e97145b2e1861276e84471aa85a3899","name":"Folha do Leste","image":{"@type":"ImageObject","inLanguage":"en-US","@id":"https:\/\/folhadoleste.com.br\/wp-content\/litespeed\/avatar\/1ca8c218432e7045e748610eb3db0259.jpg?ver=1777161142","url":"https:\/\/folhadoleste.com.br\/wp-content\/litespeed\/avatar\/1ca8c218432e7045e748610eb3db0259.jpg?ver=1777161142","contentUrl":"https:\/\/folhadoleste.com.br\/wp-content\/litespeed\/avatar\/1ca8c218432e7045e748610eb3db0259.jpg?ver=1777161142","caption":"Folha do Leste"},"url":"https:\/\/folhadoleste.com.br\/en\/author\/reportagem-01\/"}]}},"_links":{"self":[{"href":"https:\/\/folhadoleste.com.br\/en\/wp-json\/wp\/v2\/posts\/45800","targetHints":{"allow":["GET"]}}],"collection":[{"href":"https:\/\/folhadoleste.com.br\/en\/wp-json\/wp\/v2\/posts"}],"about":[{"href":"https:\/\/folhadoleste.com.br\/en\/wp-json\/wp\/v2\/types\/post"}],"author":[{"embeddable":true,"href":"https:\/\/folhadoleste.com.br\/en\/wp-json\/wp\/v2\/users\/4"}],"replies":[{"embeddable":true,"href":"https:\/\/folhadoleste.com.br\/en\/wp-json\/wp\/v2\/comments?post=45800"}],"version-history":[{"count":1,"href":"https:\/\/folhadoleste.com.br\/en\/wp-json\/wp\/v2\/posts\/45800\/revisions"}],"predecessor-version":[{"id":45803,"href":"https:\/\/folhadoleste.com.br\/en\/wp-json\/wp\/v2\/posts\/45800\/revisions\/45803"}],"wp:featuredmedia":[{"embeddable":true,"href":"https:\/\/folhadoleste.com.br\/en\/wp-json\/wp\/v2\/media\/45802"}],"wp:attachment":[{"href":"https:\/\/folhadoleste.com.br\/en\/wp-json\/wp\/v2\/media?parent=45800"}],"wp:term":[{"taxonomy":"category","embeddable":true,"href":"https:\/\/folhadoleste.com.br\/en\/wp-json\/wp\/v2\/categories?post=45800"},{"taxonomy":"post_tag","embeddable":true,"href":"https:\/\/folhadoleste.com.br\/en\/wp-json\/wp\/v2\/tags?post=45800"}],"curies":[{"name":"wp","href":"https:\/\/api.w.org\/{rel}","templated":true}]}}