{"id":4474,"date":"2023-05-08T14:05:22","date_gmt":"2023-05-08T17:05:22","guid":{"rendered":"https:\/\/folhadoleste.com.br\/?p=4474"},"modified":"2023-05-08T20:25:48","modified_gmt":"2023-05-08T23:25:48","slug":"prefeitura-do-rio-lanca-edital-de-concurso-publico","status":"publish","type":"post","link":"https:\/\/folhadoleste.com.br\/en\/prefeitura-do-rio-lanca-edital-de-concurso-publico\/","title":{"rendered":"Prefeitura do Rio lan\u00e7a edital de concurso p\u00fablico"},"content":{"rendered":"<p>A Prefeitura do Rio abre 18 vagas para o concurso p\u00fablico da Secretaria Municipal de Fazenda e Planejamento (SMFP). As vagas s\u00e3o para Analista de Planejamento e Or\u00e7amento (APO). Os interessados devem se inscrever a partir das 16h desta ter\u00e7a-feira (9\/5) at\u00e9 as 16h de 12 de junho, incluindo s\u00e1bados, domingos e feriados, somente via internet,\u00a0<strong><a role=\"link\" href=\"https:\/\/conhecimento.fgv.br\/concursos\/smfrj-apo\" target=\"_blank\" rel=\"noopener\">neste link<\/a><\/strong>.<\/p>\n<p>O edital foi publicado no Di\u00e1rio Oficial desta segunda-feira (8\/5). Para concorrer, \u00e9 preciso ter n\u00edvel superior em uma institui\u00e7\u00e3o reconhecida pelo MEC. O valor da taxa de inscri\u00e7\u00e3o \u00e9 de R$ 125,00 e o vencimento-base \u00e9 de R$ 1.833,63, acrescidas as Gratifica\u00e7\u00f5es, nos valores de R$ 6.763,20 e R$ 3.945,20. Com isso, a remunera\u00e7\u00e3o inicial chega a R$ 12.542,03.<\/p>\n<p>O concurso, organizado pela Funda\u00e7\u00e3o Get\u00falio Vargas (FGV), ser\u00e1 realizado em etapa \u00fanica: prova objetiva composta por quest\u00f5es de conhecimentos b\u00e1sicos e conhecimentos espec\u00edficos, de car\u00e1ter eliminat\u00f3rio e classificat\u00f3rio.<\/p>\n<p>Entre as atribui\u00e7\u00f5es do cargo, est\u00e3o a participa\u00e7\u00e3o da elabora\u00e7\u00e3o da Lei de Diretrizes Or\u00e7ament\u00e1rias, da Proposta Or\u00e7ament\u00e1ria Anual e do Or\u00e7amento Plurianual; an\u00e1lise da programa\u00e7\u00e3o e acompanhamento da execu\u00e7\u00e3o das despesas dos \u00f3rg\u00e3os da administra\u00e7\u00e3o direta, indireta e fundacional; an\u00e1lise da viabilidade or\u00e7ament\u00e1ria e financeira de projetos e atividades de interesse da Administra\u00e7\u00e3o Municipal; elabora\u00e7\u00e3o de relat\u00f3rio de acompanhamento da Execu\u00e7\u00e3o Or\u00e7ament\u00e1ria; entre outras atividades.<\/p>\n<p>As provas ser\u00e3o realizadas no dia 27 de agosto, com 130 quest\u00f5es divididas em dois turnos. A Prova Objetiva \u2013 P1 ser\u00e1 realizada das 08h \u00e0s 11h30, com as seguintes disciplinas: L\u00edngua Portuguesa, Direito P\u00fablico, Contabilidade Geral e Societ\u00e1ria, Economia e Racioc\u00ednio L\u00f3gico-quantitativo. As demais disciplinas ser\u00e3o aplicadas na Prova Objetiva \u2013 P2, das 15h \u00e0s 18h30: Contabilidade Aplicada ao Setor P\u00fablico; Finan\u00e7as P\u00fablicas; Planejamento e Or\u00e7amento P\u00fablico; Matem\u00e1tica Financeira e Direito Financeiro<\/p>\n<p>Os locais para realiza\u00e7\u00e3o das provas ser\u00e3o divulgados\u00a0<a role=\"link\" href=\"https:\/\/conhecimento.fgv.br\/concursos\/smfrj-apo\" target=\"_blank\" rel=\"noopener\">neste site<\/a>, a partir de 21 de agosto.<\/p>\n<p>&nbsp;<\/p>\n<p><em>Fonte: Prefeitura do Rio<\/em><\/p>","protected":false},"excerpt":{"rendered":"<p>A Prefeitura do Rio abre 18 vagas para o concurso p\u00fablico da Secretaria Municipal de Fazenda e Planejamento (SMFP). As vagas s\u00e3o para Analista de Planejamento e Or\u00e7amento (APO). Os interessados devem se inscrever a partir das 16h desta ter\u00e7a-feira (9\/5) at\u00e9 as 16h de 12 de junho, incluindo s\u00e1bados, domingos e feriados, somente via internet,\u00a0neste link. O edital foi publicado no Di\u00e1rio Oficial desta segunda-feira (8\/5). Para concorrer, \u00e9 preciso ter n\u00edvel superior em uma institui\u00e7\u00e3o reconhecida pelo MEC. O valor da taxa de inscri\u00e7\u00e3o \u00e9 de R$ 125,00 e o vencimento-base \u00e9 de R$ 1.833,63, acrescidas as Gratifica\u00e7\u00f5es, [&hellip;]<\/p>\n","protected":false},"author":4,"featured_media":4475,"comment_status":"open","ping_status":"open","sticky":false,"template":"","format":"standard","meta":{"footnotes":""},"categories":[67],"tags":[3068,3067,600,838,718],"class_list":["post-4474","post","type-post","status-publish","format-standard","has-post-thumbnail","hentry","category-rio-de-janeiro-capital","tag-analista-de-planejamento-e-orcamento","tag-concurso-edital","tag-estado-do-rio","tag-fazenda","tag-prefeitura-do-rio","post--single"],"yoast_head":"<!-- This site is optimized with the Yoast SEO plugin v27.5 - https:\/\/yoast.com\/product\/yoast-seo-wordpress\/ -->\n<title>Prefeitura do Rio lan\u00e7a edital de concurso p\u00fablico &#8226; Folha do Leste<\/title>\n<meta name=\"description\" content=\"A Prefeitura do Rio abre 18 vagas para o concurso p\u00fablico da Secretaria Municipal de Fazenda e Planejamento (SMFP).\" \/>\n<meta name=\"robots\" content=\"index, follow, max-snippet:-1, max-image-preview:large, max-video-preview:-1\" \/>\n<link rel=\"canonical\" href=\"https:\/\/folhadoleste.com.br\/en\/prefeitura-do-rio-lanca-edital-de-concurso-publico\/\" \/>\n<meta property=\"og:locale\" content=\"en_US\" \/>\n<meta property=\"og:type\" content=\"article\" \/>\n<meta property=\"og:title\" content=\"Prefeitura do Rio lan\u00e7a edital de concurso p\u00fablico &#8226; Folha do Leste\" \/>\n<meta property=\"og:description\" content=\"A Prefeitura do Rio abre 18 vagas para o concurso p\u00fablico da Secretaria Municipal de Fazenda e Planejamento (SMFP).\" \/>\n<meta property=\"og:url\" content=\"https:\/\/folhadoleste.com.br\/en\/prefeitura-do-rio-lanca-edital-de-concurso-publico\/\" \/>\n<meta property=\"og:site_name\" content=\"Folha do Leste\" \/>\n<meta property=\"article:publisher\" content=\"https:\/\/www.facebook.com\/folhadoleste\" \/>\n<meta property=\"article:published_time\" content=\"2023-05-08T17:05:22+00:00\" \/>\n<meta property=\"article:modified_time\" content=\"2023-05-08T23:25:48+00:00\" \/>\n<meta property=\"og:image\" content=\"https:\/\/folhadoleste.com.br\/wp-content\/uploads\/2023\/05\/Prefeitura-lanca-edital-de-concurso-publico-para-a-Secretaria-Municipal-de-Fazenda-e-Planejamento-Prefeitura-do-Rio.jpg\" \/>\n\t<meta property=\"og:image:width\" content=\"400\" \/>\n\t<meta property=\"og:image:height\" content=\"257\" \/>\n\t<meta property=\"og:image:type\" content=\"image\/jpeg\" \/>\n<meta name=\"author\" content=\"Folha do Leste\" \/>\n<meta name=\"twitter:card\" content=\"summary_large_image\" \/>\n<meta name=\"twitter:creator\" content=\"@FolhadoLesteRJ\" \/>\n<meta name=\"twitter:site\" content=\"@FolhadoLesteRJ\" \/>\n<meta name=\"twitter:label1\" content=\"Written by\" \/>\n\t<meta name=\"twitter:data1\" content=\"Folha do Leste\" \/>\n\t<meta name=\"twitter:label2\" content=\"Est. reading time\" \/>\n\t<meta name=\"twitter:data2\" content=\"2 minutes\" \/>\n<script type=\"application\/ld+json\" class=\"yoast-schema-graph\">{\"@context\":\"https:\\\/\\\/schema.org\",\"@graph\":[{\"@type\":\"NewsArticle\",\"@id\":\"https:\\\/\\\/folhadoleste.com.br\\\/prefeitura-do-rio-lanca-edital-de-concurso-publico\\\/#article\",\"isPartOf\":{\"@id\":\"https:\\\/\\\/folhadoleste.com.br\\\/prefeitura-do-rio-lanca-edital-de-concurso-publico\\\/\"},\"author\":{\"name\":\"Folha do Leste\",\"@id\":\"https:\\\/\\\/folhadoleste.com.br\\\/#\\\/schema\\\/person\\\/3e97145b2e1861276e84471aa85a3899\"},\"headline\":\"Prefeitura do Rio lan\u00e7a edital de concurso p\u00fablico\",\"datePublished\":\"2023-05-08T17:05:22+00:00\",\"dateModified\":\"2023-05-08T23:25:48+00:00\",\"mainEntityOfPage\":{\"@id\":\"https:\\\/\\\/folhadoleste.com.br\\\/prefeitura-do-rio-lanca-edital-de-concurso-publico\\\/\"},\"wordCount\":358,\"commentCount\":0,\"publisher\":{\"@id\":\"https:\\\/\\\/folhadoleste.com.br\\\/#organization\"},\"image\":{\"@id\":\"https:\\\/\\\/folhadoleste.com.br\\\/prefeitura-do-rio-lanca-edital-de-concurso-publico\\\/#primaryimage\"},\"thumbnailUrl\":\"https:\\\/\\\/folhadoleste.com.br\\\/wp-content\\\/uploads\\\/2023\\\/05\\\/Prefeitura-lanca-edital-de-concurso-publico-para-a-Secretaria-Municipal-de-Fazenda-e-Planejamento-Prefeitura-do-Rio.jpg\",\"keywords\":[\"Analista de Planejamento e Or\u00e7amento\",\"Concurso edital\",\"estado do rio\",\"Fazenda\",\"prefeitura do Rio\"],\"articleSection\":[\"Rio de Janeiro - Capital\"],\"inLanguage\":\"en-US\",\"potentialAction\":[{\"@type\":\"CommentAction\",\"name\":\"Comment\",\"target\":[\"https:\\\/\\\/folhadoleste.com.br\\\/prefeitura-do-rio-lanca-edital-de-concurso-publico\\\/#respond\"]}]},{\"@type\":\"WebPage\",\"@id\":\"https:\\\/\\\/folhadoleste.com.br\\\/prefeitura-do-rio-lanca-edital-de-concurso-publico\\\/\",\"url\":\"https:\\\/\\\/folhadoleste.com.br\\\/prefeitura-do-rio-lanca-edital-de-concurso-publico\\\/\",\"name\":\"Prefeitura do Rio lan\u00e7a edital de concurso p\u00fablico &#8226; Folha do Leste\",\"isPartOf\":{\"@id\":\"https:\\\/\\\/folhadoleste.com.br\\\/#website\"},\"primaryImageOfPage\":{\"@id\":\"https:\\\/\\\/folhadoleste.com.br\\\/prefeitura-do-rio-lanca-edital-de-concurso-publico\\\/#primaryimage\"},\"image\":{\"@id\":\"https:\\\/\\\/folhadoleste.com.br\\\/prefeitura-do-rio-lanca-edital-de-concurso-publico\\\/#primaryimage\"},\"thumbnailUrl\":\"https:\\\/\\\/folhadoleste.com.br\\\/wp-content\\\/uploads\\\/2023\\\/05\\\/Prefeitura-lanca-edital-de-concurso-publico-para-a-Secretaria-Municipal-de-Fazenda-e-Planejamento-Prefeitura-do-Rio.jpg\",\"datePublished\":\"2023-05-08T17:05:22+00:00\",\"dateModified\":\"2023-05-08T23:25:48+00:00\",\"description\":\"A Prefeitura do Rio abre 18 vagas para o concurso p\u00fablico da Secretaria Municipal de Fazenda e Planejamento (SMFP).\",\"breadcrumb\":{\"@id\":\"https:\\\/\\\/folhadoleste.com.br\\\/prefeitura-do-rio-lanca-edital-de-concurso-publico\\\/#breadcrumb\"},\"inLanguage\":\"en-US\",\"potentialAction\":[{\"@type\":\"ReadAction\",\"target\":[\"https:\\\/\\\/folhadoleste.com.br\\\/prefeitura-do-rio-lanca-edital-de-concurso-publico\\\/\"]}]},{\"@type\":\"ImageObject\",\"inLanguage\":\"en-US\",\"@id\":\"https:\\\/\\\/folhadoleste.com.br\\\/prefeitura-do-rio-lanca-edital-de-concurso-publico\\\/#primaryimage\",\"url\":\"https:\\\/\\\/folhadoleste.com.br\\\/wp-content\\\/uploads\\\/2023\\\/05\\\/Prefeitura-lanca-edital-de-concurso-publico-para-a-Secretaria-Municipal-de-Fazenda-e-Planejamento-Prefeitura-do-Rio.jpg\",\"contentUrl\":\"https:\\\/\\\/folhadoleste.com.br\\\/wp-content\\\/uploads\\\/2023\\\/05\\\/Prefeitura-lanca-edital-de-concurso-publico-para-a-Secretaria-Municipal-de-Fazenda-e-Planejamento-Prefeitura-do-Rio.jpg\",\"width\":400,\"height\":257},{\"@type\":\"BreadcrumbList\",\"@id\":\"https:\\\/\\\/folhadoleste.com.br\\\/prefeitura-do-rio-lanca-edital-de-concurso-publico\\\/#breadcrumb\",\"itemListElement\":[{\"@type\":\"ListItem\",\"position\":1,\"name\":\"In\u00edcio\",\"item\":\"https:\\\/\\\/folhadoleste.com.br\\\/\"},{\"@type\":\"ListItem\",\"position\":2,\"name\":\"Rio de Janeiro - Capital\",\"item\":\"https:\\\/\\\/folhadoleste.com.br\\\/category\\\/rio-de-janeiro-capital\\\/\"},{\"@type\":\"ListItem\",\"position\":3,\"name\":\"Prefeitura do Rio lan\u00e7a edital de concurso p\u00fablico\"}]},{\"@type\":\"WebSite\",\"@id\":\"https:\\\/\\\/folhadoleste.com.br\\\/#website\",\"url\":\"https:\\\/\\\/folhadoleste.com.br\\\/\",\"name\":\"Folha do Leste\",\"description\":\"Portal de Not\u00edcias com \u00eanfase em Niter\u00f3i, criando conte\u00fados desde a capital Rio de Janeiro, com olhar para o Leste Fluminense e suas cidades como S\u00e3o Gon\u00e7alo, Itabora\u00ed, Rio Bonito, Maric\u00e1, Saquarema e Araruama\",\"publisher\":{\"@id\":\"https:\\\/\\\/folhadoleste.com.br\\\/#organization\"},\"alternateName\":\"FL\",\"potentialAction\":[{\"@type\":\"SearchAction\",\"target\":{\"@type\":\"EntryPoint\",\"urlTemplate\":\"https:\\\/\\\/folhadoleste.com.br\\\/?s={search_term_string}\"},\"query-input\":{\"@type\":\"PropertyValueSpecification\",\"valueRequired\":true,\"valueName\":\"search_term_string\"}}],\"inLanguage\":\"en-US\"},{\"@type\":\"Organization\",\"@id\":\"https:\\\/\\\/folhadoleste.com.br\\\/#organization\",\"name\":\"Brasil 21 Comunica\u00e7\u00e3o\",\"alternateName\":\"BR21\",\"url\":\"https:\\\/\\\/folhadoleste.com.br\\\/\",\"logo\":{\"@type\":\"ImageObject\",\"inLanguage\":\"en-US\",\"@id\":\"https:\\\/\\\/folhadoleste.com.br\\\/#\\\/schema\\\/logo\\\/image\\\/\",\"url\":\"https:\\\/\\\/folhadoleste.com.br\\\/wp-content\\\/uploads\\\/2025\\\/12\\\/brasil-21-logomarca.avif\",\"contentUrl\":\"https:\\\/\\\/folhadoleste.com.br\\\/wp-content\\\/uploads\\\/2025\\\/12\\\/brasil-21-logomarca.avif\",\"width\":1044,\"height\":1044,\"caption\":\"Brasil 21 Comunica\u00e7\u00e3o\"},\"image\":{\"@id\":\"https:\\\/\\\/folhadoleste.com.br\\\/#\\\/schema\\\/logo\\\/image\\\/\"},\"sameAs\":[\"https:\\\/\\\/www.facebook.com\\\/folhadoleste\",\"https:\\\/\\\/x.com\\\/FolhadoLesteRJ\",\"https:\\\/\\\/www.instagram.com\\\/folhadoleste\\\/\"]},{\"@type\":\"Person\",\"@id\":\"https:\\\/\\\/folhadoleste.com.br\\\/#\\\/schema\\\/person\\\/3e97145b2e1861276e84471aa85a3899\",\"name\":\"Folha do Leste\",\"image\":{\"@type\":\"ImageObject\",\"inLanguage\":\"en-US\",\"@id\":\"https:\\\/\\\/folhadoleste.com.br\\\/wp-content\\\/litespeed\\\/avatar\\\/1ca8c218432e7045e748610eb3db0259.jpg?ver=1777161142\",\"url\":\"https:\\\/\\\/folhadoleste.com.br\\\/wp-content\\\/litespeed\\\/avatar\\\/1ca8c218432e7045e748610eb3db0259.jpg?ver=1777161142\",\"contentUrl\":\"https:\\\/\\\/folhadoleste.com.br\\\/wp-content\\\/litespeed\\\/avatar\\\/1ca8c218432e7045e748610eb3db0259.jpg?ver=1777161142\",\"caption\":\"Folha do Leste\"},\"url\":\"https:\\\/\\\/folhadoleste.com.br\\\/en\\\/author\\\/reportagem-01\\\/\"}]}<\/script>\n<!-- \/ Yoast SEO plugin. -->","yoast_head_json":{"title":"Prefeitura do Rio lan\u00e7a edital de concurso p\u00fablico &#8226; Folha do Leste","description":"A Prefeitura do Rio abre 18 vagas para o concurso p\u00fablico da Secretaria Municipal de Fazenda e Planejamento (SMFP).","robots":{"index":"index","follow":"follow","max-snippet":"max-snippet:-1","max-image-preview":"max-image-preview:large","max-video-preview":"max-video-preview:-1"},"canonical":"https:\/\/folhadoleste.com.br\/en\/prefeitura-do-rio-lanca-edital-de-concurso-publico\/","og_locale":"en_US","og_type":"article","og_title":"Prefeitura do Rio lan\u00e7a edital de concurso p\u00fablico &#8226; Folha do Leste","og_description":"A Prefeitura do Rio abre 18 vagas para o concurso p\u00fablico da Secretaria Municipal de Fazenda e Planejamento (SMFP).","og_url":"https:\/\/folhadoleste.com.br\/en\/prefeitura-do-rio-lanca-edital-de-concurso-publico\/","og_site_name":"Folha do Leste","article_publisher":"https:\/\/www.facebook.com\/folhadoleste","article_published_time":"2023-05-08T17:05:22+00:00","article_modified_time":"2023-05-08T23:25:48+00:00","og_image":[{"width":400,"height":257,"url":"https:\/\/folhadoleste.com.br\/wp-content\/uploads\/2023\/05\/Prefeitura-lanca-edital-de-concurso-publico-para-a-Secretaria-Municipal-de-Fazenda-e-Planejamento-Prefeitura-do-Rio.jpg","type":"image\/jpeg"}],"author":"Folha do Leste","twitter_card":"summary_large_image","twitter_creator":"@FolhadoLesteRJ","twitter_site":"@FolhadoLesteRJ","twitter_misc":{"Written by":"Folha do Leste","Est. reading time":"2 minutes"},"schema":{"@context":"https:\/\/schema.org","@graph":[{"@type":"NewsArticle","@id":"https:\/\/folhadoleste.com.br\/prefeitura-do-rio-lanca-edital-de-concurso-publico\/#article","isPartOf":{"@id":"https:\/\/folhadoleste.com.br\/prefeitura-do-rio-lanca-edital-de-concurso-publico\/"},"author":{"name":"Folha do Leste","@id":"https:\/\/folhadoleste.com.br\/#\/schema\/person\/3e97145b2e1861276e84471aa85a3899"},"headline":"Prefeitura do Rio lan\u00e7a edital de concurso p\u00fablico","datePublished":"2023-05-08T17:05:22+00:00","dateModified":"2023-05-08T23:25:48+00:00","mainEntityOfPage":{"@id":"https:\/\/folhadoleste.com.br\/prefeitura-do-rio-lanca-edital-de-concurso-publico\/"},"wordCount":358,"commentCount":0,"publisher":{"@id":"https:\/\/folhadoleste.com.br\/#organization"},"image":{"@id":"https:\/\/folhadoleste.com.br\/prefeitura-do-rio-lanca-edital-de-concurso-publico\/#primaryimage"},"thumbnailUrl":"https:\/\/folhadoleste.com.br\/wp-content\/uploads\/2023\/05\/Prefeitura-lanca-edital-de-concurso-publico-para-a-Secretaria-Municipal-de-Fazenda-e-Planejamento-Prefeitura-do-Rio.jpg","keywords":["Analista de Planejamento e Or\u00e7amento","Concurso edital","estado do rio","Fazenda","prefeitura do Rio"],"articleSection":["Rio de Janeiro - Capital"],"inLanguage":"en-US","potentialAction":[{"@type":"CommentAction","name":"Comment","target":["https:\/\/folhadoleste.com.br\/prefeitura-do-rio-lanca-edital-de-concurso-publico\/#respond"]}]},{"@type":"WebPage","@id":"https:\/\/folhadoleste.com.br\/prefeitura-do-rio-lanca-edital-de-concurso-publico\/","url":"https:\/\/folhadoleste.com.br\/prefeitura-do-rio-lanca-edital-de-concurso-publico\/","name":"Prefeitura do Rio lan\u00e7a edital de concurso p\u00fablico &#8226; Folha do Leste","isPartOf":{"@id":"https:\/\/folhadoleste.com.br\/#website"},"primaryImageOfPage":{"@id":"https:\/\/folhadoleste.com.br\/prefeitura-do-rio-lanca-edital-de-concurso-publico\/#primaryimage"},"image":{"@id":"https:\/\/folhadoleste.com.br\/prefeitura-do-rio-lanca-edital-de-concurso-publico\/#primaryimage"},"thumbnailUrl":"https:\/\/folhadoleste.com.br\/wp-content\/uploads\/2023\/05\/Prefeitura-lanca-edital-de-concurso-publico-para-a-Secretaria-Municipal-de-Fazenda-e-Planejamento-Prefeitura-do-Rio.jpg","datePublished":"2023-05-08T17:05:22+00:00","dateModified":"2023-05-08T23:25:48+00:00","description":"A Prefeitura do Rio abre 18 vagas para o concurso p\u00fablico da Secretaria Municipal de Fazenda e Planejamento (SMFP).","breadcrumb":{"@id":"https:\/\/folhadoleste.com.br\/prefeitura-do-rio-lanca-edital-de-concurso-publico\/#breadcrumb"},"inLanguage":"en-US","potentialAction":[{"@type":"ReadAction","target":["https:\/\/folhadoleste.com.br\/prefeitura-do-rio-lanca-edital-de-concurso-publico\/"]}]},{"@type":"ImageObject","inLanguage":"en-US","@id":"https:\/\/folhadoleste.com.br\/prefeitura-do-rio-lanca-edital-de-concurso-publico\/#primaryimage","url":"https:\/\/folhadoleste.com.br\/wp-content\/uploads\/2023\/05\/Prefeitura-lanca-edital-de-concurso-publico-para-a-Secretaria-Municipal-de-Fazenda-e-Planejamento-Prefeitura-do-Rio.jpg","contentUrl":"https:\/\/folhadoleste.com.br\/wp-content\/uploads\/2023\/05\/Prefeitura-lanca-edital-de-concurso-publico-para-a-Secretaria-Municipal-de-Fazenda-e-Planejamento-Prefeitura-do-Rio.jpg","width":400,"height":257},{"@type":"BreadcrumbList","@id":"https:\/\/folhadoleste.com.br\/prefeitura-do-rio-lanca-edital-de-concurso-publico\/#breadcrumb","itemListElement":[{"@type":"ListItem","position":1,"name":"In\u00edcio","item":"https:\/\/folhadoleste.com.br\/"},{"@type":"ListItem","position":2,"name":"Rio de Janeiro - Capital","item":"https:\/\/folhadoleste.com.br\/category\/rio-de-janeiro-capital\/"},{"@type":"ListItem","position":3,"name":"Prefeitura do Rio lan\u00e7a edital de concurso p\u00fablico"}]},{"@type":"WebSite","@id":"https:\/\/folhadoleste.com.br\/#website","url":"https:\/\/folhadoleste.com.br\/","name":"Folha do Leste","description":"Portal de Not\u00edcias com \u00eanfase em Niter\u00f3i, criando conte\u00fados desde a capital Rio de Janeiro, com olhar para o Leste Fluminense e suas cidades como S\u00e3o Gon\u00e7alo, Itabora\u00ed, Rio Bonito, Maric\u00e1, Saquarema e Araruama","publisher":{"@id":"https:\/\/folhadoleste.com.br\/#organization"},"alternateName":"FL","potentialAction":[{"@type":"SearchAction","target":{"@type":"EntryPoint","urlTemplate":"https:\/\/folhadoleste.com.br\/?s={search_term_string}"},"query-input":{"@type":"PropertyValueSpecification","valueRequired":true,"valueName":"search_term_string"}}],"inLanguage":"en-US"},{"@type":"Organization","@id":"https:\/\/folhadoleste.com.br\/#organization","name":"Brasil 21 Comunica\u00e7\u00e3o","alternateName":"BR21","url":"https:\/\/folhadoleste.com.br\/","logo":{"@type":"ImageObject","inLanguage":"en-US","@id":"https:\/\/folhadoleste.com.br\/#\/schema\/logo\/image\/","url":"https:\/\/folhadoleste.com.br\/wp-content\/uploads\/2025\/12\/brasil-21-logomarca.avif","contentUrl":"https:\/\/folhadoleste.com.br\/wp-content\/uploads\/2025\/12\/brasil-21-logomarca.avif","width":1044,"height":1044,"caption":"Brasil 21 Comunica\u00e7\u00e3o"},"image":{"@id":"https:\/\/folhadoleste.com.br\/#\/schema\/logo\/image\/"},"sameAs":["https:\/\/www.facebook.com\/folhadoleste","https:\/\/x.com\/FolhadoLesteRJ","https:\/\/www.instagram.com\/folhadoleste\/"]},{"@type":"Person","@id":"https:\/\/folhadoleste.com.br\/#\/schema\/person\/3e97145b2e1861276e84471aa85a3899","name":"Folha do Leste","image":{"@type":"ImageObject","inLanguage":"en-US","@id":"https:\/\/folhadoleste.com.br\/wp-content\/litespeed\/avatar\/1ca8c218432e7045e748610eb3db0259.jpg?ver=1777161142","url":"https:\/\/folhadoleste.com.br\/wp-content\/litespeed\/avatar\/1ca8c218432e7045e748610eb3db0259.jpg?ver=1777161142","contentUrl":"https:\/\/folhadoleste.com.br\/wp-content\/litespeed\/avatar\/1ca8c218432e7045e748610eb3db0259.jpg?ver=1777161142","caption":"Folha do Leste"},"url":"https:\/\/folhadoleste.com.br\/en\/author\/reportagem-01\/"}]}},"_links":{"self":[{"href":"https:\/\/folhadoleste.com.br\/en\/wp-json\/wp\/v2\/posts\/4474","targetHints":{"allow":["GET"]}}],"collection":[{"href":"https:\/\/folhadoleste.com.br\/en\/wp-json\/wp\/v2\/posts"}],"about":[{"href":"https:\/\/folhadoleste.com.br\/en\/wp-json\/wp\/v2\/types\/post"}],"author":[{"embeddable":true,"href":"https:\/\/folhadoleste.com.br\/en\/wp-json\/wp\/v2\/users\/4"}],"replies":[{"embeddable":true,"href":"https:\/\/folhadoleste.com.br\/en\/wp-json\/wp\/v2\/comments?post=4474"}],"version-history":[{"count":3,"href":"https:\/\/folhadoleste.com.br\/en\/wp-json\/wp\/v2\/posts\/4474\/revisions"}],"predecessor-version":[{"id":4501,"href":"https:\/\/folhadoleste.com.br\/en\/wp-json\/wp\/v2\/posts\/4474\/revisions\/4501"}],"wp:featuredmedia":[{"embeddable":true,"href":"https:\/\/folhadoleste.com.br\/en\/wp-json\/wp\/v2\/media\/4475"}],"wp:attachment":[{"href":"https:\/\/folhadoleste.com.br\/en\/wp-json\/wp\/v2\/media?parent=4474"}],"wp:term":[{"taxonomy":"category","embeddable":true,"href":"https:\/\/folhadoleste.com.br\/en\/wp-json\/wp\/v2\/categories?post=4474"},{"taxonomy":"post_tag","embeddable":true,"href":"https:\/\/folhadoleste.com.br\/en\/wp-json\/wp\/v2\/tags?post=4474"}],"curies":[{"name":"wp","href":"https:\/\/api.w.org\/{rel}","templated":true}]}}