{"id":43883,"date":"2024-01-11T10:20:24","date_gmt":"2024-01-11T13:20:24","guid":{"rendered":"https:\/\/folhadoleste.com.br\/?p=43883"},"modified":"2024-01-11T10:44:53","modified_gmt":"2024-01-11T13:44:53","slug":"botafogo-savarino-chegou-no-fogao","status":"publish","type":"post","link":"https:\/\/folhadoleste.com.br\/en\/botafogo-savarino-chegou-no-fogao\/","title":{"rendered":"Botafogo: Savarino chegou no Fog\u00e3o"},"content":{"rendered":"<div id=\"attachment_43887\" style=\"width: 1210px\" class=\"wp-caption aligncenter\"><img decoding=\"async\" aria-describedby=\"caption-attachment-43887\" class=\"size-full wp-image-43887\" src=\"https:\/\/folhadoleste.com.br\/wp-content\/uploads\/2024\/01\/Botafogo-pode-perder-Savarino-para-o-Vasco-Foto-Divulgacao.webp\" alt=\"Botafogo pode perder Savarino para o Vasco\" width=\"1200\" height=\"750\" \/><p id=\"caption-attachment-43887\" class=\"wp-caption-text\">Foto: Divulga\u00e7\u00e3o<\/p><\/div>\n<p>O atacante Jefferson Savarino, de 27 anos, est\u00e1 de volta ao Brasil e ir\u00e1 vestir a camisa preta e branca do Botafogo. Negociado em definitivo at\u00e9 dezembro de 2026 junto ao Real Salt Lake, da MLS, Savarino j\u00e1 est\u00e1 sendo esperado nos pr\u00f3ximos dias para iniciar sua jornada no clube carioca.<\/p>\n<p>O jogador venezuelano, natural de Maracaibo, come\u00e7ou sua carreira no futebol no Zulia FC, de seu pa\u00eds. Vendido para o Real Salt Lake em 2017, Savarino atuou por tr\u00eas temporadas na equipe norte-americana antes de chegar ao Atl\u00e9tico Mineiro.<\/p>\n<h5><a href=\"https:\/\/folhadoleste.com.br\/en\/category\/esportes\/\"><strong>\u201cLeia mais not\u00edcias sobre Esportes Aqui\u201d<\/strong><\/a><\/h5>\n<p>Pelo clube mineiro, o atleta disputou 99 partidas, marcou 21 gols e deu 19 assist\u00eancias. Durante sua passagem pelo Atl\u00e9tico, Savarino conquistou o Campeonato Brasileiro, a Copa do Brasil, a Supercopa do Brasil e tr\u00eas Campeonatos Mineiros.<\/p>\n<blockquote class=\"twitter-tweet\" data-width=\"550\" data-dnt=\"true\">\n<p lang=\"pt\" dir=\"ltr\">Venezuelano refor\u00e7a o Fog\u00e3o com contrato definitivo at\u00e9 dezembro de 2026. <\/p>\n<p>Leia no site: <a href=\"https:\/\/t.co\/wEXMNjXgFM\">https:\/\/t.co\/wEXMNjXgFM<\/a> <a href=\"https:\/\/t.co\/RYniEgKeju\">pic.twitter.com\/RYniEgKeju<\/a><\/p>\n<p>&mdash; Botafogo F.R. (@Botafogo) <a href=\"https:\/\/twitter.com\/Botafogo\/status\/1745433912220750281?ref_src=twsrc%5Etfw\">January 11, 2024<\/a><\/p><\/blockquote>\n<p><script async src=\"https:\/\/platform.twitter.com\/widgets.js\" charset=\"utf-8\"><\/script><\/p>\n<p>Nos \u00faltimos dois anos, ap\u00f3s retornar ao Real Salt Lake, Savarino marcou 18 gols e deu oito assist\u00eancias em 54 jogos disputados na MLS. Na sele\u00e7\u00e3o venezuelana, ele acumulou 36 jogos, tr\u00eas gols e cinco assist\u00eancias. Seja bem-vindo ao Fog\u00e3o, Savarino!<\/p>\n<h4><strong>FICHA T\u00c9CNICA<\/strong><\/h4>\n<p><strong>Nome:<\/strong> Jefferson David Savarino Quintero<br \/>\n<strong>Data de nascimento:<\/strong> 11\/11\/1996<br \/>\n<strong>Naturalidade:<\/strong> Maracaibo(VEN)<br \/>\n<strong>Posi\u00e7\u00e3o:<\/strong> Atacante<br \/>\n<strong>Altura:<\/strong> 1m69<br \/>\n<strong>Clubes:<\/strong> Zulia(VEN), Atl\u00e9tico Mineiro(BRA), Real Salt Lake(EUA) e Botafogo.<\/p>\n<p>&nbsp;<\/p>\n<p><a href=\"https:\/\/www.instagram.com\/folhadoleste\/\"><img decoding=\"async\" class=\"aligncenter wp-image-15962\" src=\"https:\/\/folhadoleste.com.br\/wp-content\/uploads\/2023\/07\/instagram.jpg.webp\" alt=\"Itaipu-Itaipua\u00e7u: Caminh\u00e3o causa grave acidente na RJ-102, a estrada da Serrinha\" width=\"49\" height=\"49\" \/><\/a><a href=\"https:\/\/www.facebook.com\/folhadoleste\"><img decoding=\"async\" class=\"aligncenter wp-image-7424\" src=\"https:\/\/folhadoleste.com.br\/wp-content\/uploads\/2023\/05\/facebook-logo-3-1.png.webp\" alt=\"Itaipu-Itaipua\u00e7u: Caminh\u00e3o causa grave acidente na RJ-102, a estrada da Serrinha\" width=\"49\" height=\"49\" \/><\/a><\/p>","protected":false},"excerpt":{"rendered":"<p>O atacante Jefferson Savarino, de 27 anos, est\u00e1 de volta ao Brasil e ir\u00e1 vestir a camisa preta e branca do Botafogo. Negociado em definitivo at\u00e9 dezembro de 2026 junto ao Real Salt Lake, da MLS, Savarino j\u00e1 est\u00e1 sendo esperado nos pr\u00f3ximos dias para iniciar sua jornada no clube carioca. O jogador venezuelano, natural de Maracaibo, come\u00e7ou sua carreira no futebol no Zulia FC, de seu pa\u00eds. Vendido para o Real Salt Lake em 2017, Savarino atuou por tr\u00eas temporadas na equipe norte-americana antes de chegar ao Atl\u00e9tico Mineiro. \u201cLeia mais not\u00edcias sobre Esportes Aqui\u201d Pelo clube mineiro, o [&hellip;]<\/p>\n","protected":false},"author":4,"featured_media":43887,"comment_status":"open","ping_status":"open","sticky":false,"template":"","format":"standard","meta":{"footnotes":""},"categories":[48,65],"tags":[6701,99,248,105,101,16671,7614,16672,104],"class_list":["post-43883","post","type-post","status-publish","format-standard","has-post-thumbnail","hentry","category-esportes","category-futebol-esportes","tag-anuncio","tag-botafogo","tag-contratacao","tag-esportes","tag-futebol","tag-jefferson-savarino","tag-negociacao","tag-savarino","tag-vasco","post--single"],"yoast_head":"<!-- This site is optimized with the Yoast SEO plugin v27.4 - https:\/\/yoast.com\/product\/yoast-seo-wordpress\/ -->\n<title>Botafogo: Savarino chegou no Fog\u00e3o &#8226; Folha do Leste<\/title>\n<meta name=\"description\" content=\"O atacante Jefferson Savarino, de 27 anos, est\u00e1 de volta ao Brasil e ir\u00e1 vestir a camisa preta e branca do Botafogo...\" \/>\n<meta name=\"robots\" content=\"index, follow, max-snippet:-1, max-image-preview:large, max-video-preview:-1\" \/>\n<link rel=\"canonical\" href=\"https:\/\/folhadoleste.com.br\/en\/botafogo-savarino-chegou-no-fogao\/\" \/>\n<meta property=\"og:locale\" content=\"en_US\" \/>\n<meta property=\"og:type\" content=\"article\" \/>\n<meta property=\"og:title\" content=\"Botafogo: Savarino chegou no Fog\u00e3o &#8226; Folha do Leste\" \/>\n<meta property=\"og:description\" content=\"Futebol &#8226; Folha do Leste\" \/>\n<meta property=\"og:url\" content=\"https:\/\/folhadoleste.com.br\/en\/botafogo-savarino-chegou-no-fogao\/\" \/>\n<meta property=\"og:site_name\" content=\"Folha do Leste\" \/>\n<meta property=\"article:publisher\" content=\"https:\/\/www.facebook.com\/folhadoleste\" \/>\n<meta property=\"article:published_time\" content=\"2024-01-11T13:20:24+00:00\" \/>\n<meta property=\"article:modified_time\" content=\"2024-01-11T13:44:53+00:00\" \/>\n<meta property=\"og:image\" content=\"https:\/\/folhadoleste.com.br\/wp-content\/uploads\/2024\/01\/Botafogo-pode-perder-Savarino-para-o-Vasco-Foto-Divulgacao.webp\" \/>\n\t<meta property=\"og:image:width\" content=\"1200\" \/>\n\t<meta property=\"og:image:height\" content=\"750\" \/>\n\t<meta property=\"og:image:type\" content=\"image\/webp\" \/>\n<meta name=\"author\" content=\"Folha do Leste\" \/>\n<meta name=\"twitter:card\" content=\"summary_large_image\" \/>\n<meta name=\"twitter:creator\" content=\"@FolhadoLesteRJ\" \/>\n<meta name=\"twitter:site\" content=\"@FolhadoLesteRJ\" \/>\n<meta name=\"twitter:label1\" content=\"Written by\" \/>\n\t<meta name=\"twitter:data1\" content=\"Folha do Leste\" \/>\n\t<meta name=\"twitter:label2\" content=\"Est. reading time\" \/>\n\t<meta name=\"twitter:data2\" content=\"2 minutes\" \/>\n<script type=\"application\/ld+json\" class=\"yoast-schema-graph\">{\"@context\":\"https:\\\/\\\/schema.org\",\"@graph\":[{\"@type\":\"NewsArticle\",\"@id\":\"https:\\\/\\\/folhadoleste.com.br\\\/botafogo-savarino-chegou-no-fogao\\\/#article\",\"isPartOf\":{\"@id\":\"https:\\\/\\\/folhadoleste.com.br\\\/botafogo-savarino-chegou-no-fogao\\\/\"},\"author\":{\"name\":\"Folha do Leste\",\"@id\":\"https:\\\/\\\/folhadoleste.com.br\\\/#\\\/schema\\\/person\\\/3e97145b2e1861276e84471aa85a3899\"},\"headline\":\"Botafogo: Savarino chegou no Fog\u00e3o\",\"datePublished\":\"2024-01-11T13:20:24+00:00\",\"dateModified\":\"2024-01-11T13:44:53+00:00\",\"mainEntityOfPage\":{\"@id\":\"https:\\\/\\\/folhadoleste.com.br\\\/botafogo-savarino-chegou-no-fogao\\\/\"},\"wordCount\":234,\"commentCount\":0,\"publisher\":{\"@id\":\"https:\\\/\\\/folhadoleste.com.br\\\/#organization\"},\"image\":{\"@id\":\"https:\\\/\\\/folhadoleste.com.br\\\/botafogo-savarino-chegou-no-fogao\\\/#primaryimage\"},\"thumbnailUrl\":\"https:\\\/\\\/folhadoleste.com.br\\\/wp-content\\\/uploads\\\/2024\\\/01\\\/Botafogo-pode-perder-Savarino-para-o-Vasco-Foto-Divulgacao.webp\",\"keywords\":[\"An\u00fancio\",\"botafogo\",\"contrata\u00e7\u00e3o\",\"Esportes\",\"futebol\",\"Jefferson Savarino\",\"negocia\u00e7\u00e3o\",\"Savarino\",\"Vasco\"],\"articleSection\":[\"Esportes\",\"Futebol\"],\"inLanguage\":\"en-US\",\"potentialAction\":[{\"@type\":\"CommentAction\",\"name\":\"Comment\",\"target\":[\"https:\\\/\\\/folhadoleste.com.br\\\/botafogo-savarino-chegou-no-fogao\\\/#respond\"]}]},{\"@type\":\"WebPage\",\"@id\":\"https:\\\/\\\/folhadoleste.com.br\\\/botafogo-savarino-chegou-no-fogao\\\/\",\"url\":\"https:\\\/\\\/folhadoleste.com.br\\\/botafogo-savarino-chegou-no-fogao\\\/\",\"name\":\"Botafogo: Savarino chegou no Fog\u00e3o &#8226; Folha do Leste\",\"isPartOf\":{\"@id\":\"https:\\\/\\\/folhadoleste.com.br\\\/#website\"},\"primaryImageOfPage\":{\"@id\":\"https:\\\/\\\/folhadoleste.com.br\\\/botafogo-savarino-chegou-no-fogao\\\/#primaryimage\"},\"image\":{\"@id\":\"https:\\\/\\\/folhadoleste.com.br\\\/botafogo-savarino-chegou-no-fogao\\\/#primaryimage\"},\"thumbnailUrl\":\"https:\\\/\\\/folhadoleste.com.br\\\/wp-content\\\/uploads\\\/2024\\\/01\\\/Botafogo-pode-perder-Savarino-para-o-Vasco-Foto-Divulgacao.webp\",\"datePublished\":\"2024-01-11T13:20:24+00:00\",\"dateModified\":\"2024-01-11T13:44:53+00:00\",\"description\":\"O atacante Jefferson Savarino, de 27 anos, est\u00e1 de volta ao Brasil e ir\u00e1 vestir a camisa preta e branca do Botafogo...\",\"breadcrumb\":{\"@id\":\"https:\\\/\\\/folhadoleste.com.br\\\/botafogo-savarino-chegou-no-fogao\\\/#breadcrumb\"},\"inLanguage\":\"en-US\",\"potentialAction\":[{\"@type\":\"ReadAction\",\"target\":[\"https:\\\/\\\/folhadoleste.com.br\\\/botafogo-savarino-chegou-no-fogao\\\/\"]}]},{\"@type\":\"ImageObject\",\"inLanguage\":\"en-US\",\"@id\":\"https:\\\/\\\/folhadoleste.com.br\\\/botafogo-savarino-chegou-no-fogao\\\/#primaryimage\",\"url\":\"https:\\\/\\\/folhadoleste.com.br\\\/wp-content\\\/uploads\\\/2024\\\/01\\\/Botafogo-pode-perder-Savarino-para-o-Vasco-Foto-Divulgacao.webp\",\"contentUrl\":\"https:\\\/\\\/folhadoleste.com.br\\\/wp-content\\\/uploads\\\/2024\\\/01\\\/Botafogo-pode-perder-Savarino-para-o-Vasco-Foto-Divulgacao.webp\",\"width\":1200,\"height\":750,\"caption\":\"Foto: Divulga\u00e7\u00e3o\"},{\"@type\":\"BreadcrumbList\",\"@id\":\"https:\\\/\\\/folhadoleste.com.br\\\/botafogo-savarino-chegou-no-fogao\\\/#breadcrumb\",\"itemListElement\":[{\"@type\":\"ListItem\",\"position\":1,\"name\":\"In\u00edcio\",\"item\":\"https:\\\/\\\/folhadoleste.com.br\\\/\"},{\"@type\":\"ListItem\",\"position\":2,\"name\":\"Esportes\",\"item\":\"https:\\\/\\\/folhadoleste.com.br\\\/category\\\/esportes\\\/\"},{\"@type\":\"ListItem\",\"position\":3,\"name\":\"Futebol\",\"item\":\"https:\\\/\\\/folhadoleste.com.br\\\/category\\\/esportes\\\/futebol-esportes\\\/\"},{\"@type\":\"ListItem\",\"position\":4,\"name\":\"Botafogo: Savarino chegou no Fog\u00e3o\"}]},{\"@type\":\"WebSite\",\"@id\":\"https:\\\/\\\/folhadoleste.com.br\\\/#website\",\"url\":\"https:\\\/\\\/folhadoleste.com.br\\\/\",\"name\":\"Folha do Leste\",\"description\":\"Portal de Not\u00edcias com \u00eanfase em Niter\u00f3i, criando conte\u00fados desde a capital Rio de Janeiro, com olhar para o Leste Fluminense e suas cidades como S\u00e3o Gon\u00e7alo, Itabora\u00ed, Rio Bonito, Maric\u00e1, Saquarema e Araruama\",\"publisher\":{\"@id\":\"https:\\\/\\\/folhadoleste.com.br\\\/#organization\"},\"alternateName\":\"FL\",\"potentialAction\":[{\"@type\":\"SearchAction\",\"target\":{\"@type\":\"EntryPoint\",\"urlTemplate\":\"https:\\\/\\\/folhadoleste.com.br\\\/?s={search_term_string}\"},\"query-input\":{\"@type\":\"PropertyValueSpecification\",\"valueRequired\":true,\"valueName\":\"search_term_string\"}}],\"inLanguage\":\"en-US\"},{\"@type\":\"Organization\",\"@id\":\"https:\\\/\\\/folhadoleste.com.br\\\/#organization\",\"name\":\"Brasil 21 Comunica\u00e7\u00e3o\",\"alternateName\":\"BR21\",\"url\":\"https:\\\/\\\/folhadoleste.com.br\\\/\",\"logo\":{\"@type\":\"ImageObject\",\"inLanguage\":\"en-US\",\"@id\":\"https:\\\/\\\/folhadoleste.com.br\\\/#\\\/schema\\\/logo\\\/image\\\/\",\"url\":\"https:\\\/\\\/folhadoleste.com.br\\\/wp-content\\\/uploads\\\/2025\\\/12\\\/brasil-21-logomarca.avif\",\"contentUrl\":\"https:\\\/\\\/folhadoleste.com.br\\\/wp-content\\\/uploads\\\/2025\\\/12\\\/brasil-21-logomarca.avif\",\"width\":1044,\"height\":1044,\"caption\":\"Brasil 21 Comunica\u00e7\u00e3o\"},\"image\":{\"@id\":\"https:\\\/\\\/folhadoleste.com.br\\\/#\\\/schema\\\/logo\\\/image\\\/\"},\"sameAs\":[\"https:\\\/\\\/www.facebook.com\\\/folhadoleste\",\"https:\\\/\\\/x.com\\\/FolhadoLesteRJ\",\"https:\\\/\\\/www.instagram.com\\\/folhadoleste\\\/\"]},{\"@type\":\"Person\",\"@id\":\"https:\\\/\\\/folhadoleste.com.br\\\/#\\\/schema\\\/person\\\/3e97145b2e1861276e84471aa85a3899\",\"name\":\"Folha do Leste\",\"image\":{\"@type\":\"ImageObject\",\"inLanguage\":\"en-US\",\"@id\":\"https:\\\/\\\/folhadoleste.com.br\\\/wp-content\\\/litespeed\\\/avatar\\\/1ca8c218432e7045e748610eb3db0259.jpg?ver=1777161142\",\"url\":\"https:\\\/\\\/folhadoleste.com.br\\\/wp-content\\\/litespeed\\\/avatar\\\/1ca8c218432e7045e748610eb3db0259.jpg?ver=1777161142\",\"contentUrl\":\"https:\\\/\\\/folhadoleste.com.br\\\/wp-content\\\/litespeed\\\/avatar\\\/1ca8c218432e7045e748610eb3db0259.jpg?ver=1777161142\",\"caption\":\"Folha do Leste\"},\"url\":\"https:\\\/\\\/folhadoleste.com.br\\\/en\\\/author\\\/reportagem-01\\\/\"}]}<\/script>\n<!-- \/ Yoast SEO plugin. -->","yoast_head_json":{"title":"Botafogo: Savarino chegou no Fog\u00e3o &#8226; Folha do Leste","description":"O atacante Jefferson Savarino, de 27 anos, est\u00e1 de volta ao Brasil e ir\u00e1 vestir a camisa preta e branca do Botafogo...","robots":{"index":"index","follow":"follow","max-snippet":"max-snippet:-1","max-image-preview":"max-image-preview:large","max-video-preview":"max-video-preview:-1"},"canonical":"https:\/\/folhadoleste.com.br\/en\/botafogo-savarino-chegou-no-fogao\/","og_locale":"en_US","og_type":"article","og_title":"Botafogo: Savarino chegou no Fog\u00e3o &#8226; Folha do Leste","og_description":"Futebol &#8226; Folha do Leste","og_url":"https:\/\/folhadoleste.com.br\/en\/botafogo-savarino-chegou-no-fogao\/","og_site_name":"Folha do Leste","article_publisher":"https:\/\/www.facebook.com\/folhadoleste","article_published_time":"2024-01-11T13:20:24+00:00","article_modified_time":"2024-01-11T13:44:53+00:00","og_image":[{"width":1200,"height":750,"url":"https:\/\/folhadoleste.com.br\/wp-content\/uploads\/2024\/01\/Botafogo-pode-perder-Savarino-para-o-Vasco-Foto-Divulgacao.webp","type":"image\/webp"}],"author":"Folha do Leste","twitter_card":"summary_large_image","twitter_creator":"@FolhadoLesteRJ","twitter_site":"@FolhadoLesteRJ","twitter_misc":{"Written by":"Folha do Leste","Est. reading time":"2 minutes"},"schema":{"@context":"https:\/\/schema.org","@graph":[{"@type":"NewsArticle","@id":"https:\/\/folhadoleste.com.br\/botafogo-savarino-chegou-no-fogao\/#article","isPartOf":{"@id":"https:\/\/folhadoleste.com.br\/botafogo-savarino-chegou-no-fogao\/"},"author":{"name":"Folha do Leste","@id":"https:\/\/folhadoleste.com.br\/#\/schema\/person\/3e97145b2e1861276e84471aa85a3899"},"headline":"Botafogo: Savarino chegou no Fog\u00e3o","datePublished":"2024-01-11T13:20:24+00:00","dateModified":"2024-01-11T13:44:53+00:00","mainEntityOfPage":{"@id":"https:\/\/folhadoleste.com.br\/botafogo-savarino-chegou-no-fogao\/"},"wordCount":234,"commentCount":0,"publisher":{"@id":"https:\/\/folhadoleste.com.br\/#organization"},"image":{"@id":"https:\/\/folhadoleste.com.br\/botafogo-savarino-chegou-no-fogao\/#primaryimage"},"thumbnailUrl":"https:\/\/folhadoleste.com.br\/wp-content\/uploads\/2024\/01\/Botafogo-pode-perder-Savarino-para-o-Vasco-Foto-Divulgacao.webp","keywords":["An\u00fancio","botafogo","contrata\u00e7\u00e3o","Esportes","futebol","Jefferson Savarino","negocia\u00e7\u00e3o","Savarino","Vasco"],"articleSection":["Esportes","Futebol"],"inLanguage":"en-US","potentialAction":[{"@type":"CommentAction","name":"Comment","target":["https:\/\/folhadoleste.com.br\/botafogo-savarino-chegou-no-fogao\/#respond"]}]},{"@type":"WebPage","@id":"https:\/\/folhadoleste.com.br\/botafogo-savarino-chegou-no-fogao\/","url":"https:\/\/folhadoleste.com.br\/botafogo-savarino-chegou-no-fogao\/","name":"Botafogo: Savarino chegou no Fog\u00e3o &#8226; Folha do Leste","isPartOf":{"@id":"https:\/\/folhadoleste.com.br\/#website"},"primaryImageOfPage":{"@id":"https:\/\/folhadoleste.com.br\/botafogo-savarino-chegou-no-fogao\/#primaryimage"},"image":{"@id":"https:\/\/folhadoleste.com.br\/botafogo-savarino-chegou-no-fogao\/#primaryimage"},"thumbnailUrl":"https:\/\/folhadoleste.com.br\/wp-content\/uploads\/2024\/01\/Botafogo-pode-perder-Savarino-para-o-Vasco-Foto-Divulgacao.webp","datePublished":"2024-01-11T13:20:24+00:00","dateModified":"2024-01-11T13:44:53+00:00","description":"O atacante Jefferson Savarino, de 27 anos, est\u00e1 de volta ao Brasil e ir\u00e1 vestir a camisa preta e branca do Botafogo...","breadcrumb":{"@id":"https:\/\/folhadoleste.com.br\/botafogo-savarino-chegou-no-fogao\/#breadcrumb"},"inLanguage":"en-US","potentialAction":[{"@type":"ReadAction","target":["https:\/\/folhadoleste.com.br\/botafogo-savarino-chegou-no-fogao\/"]}]},{"@type":"ImageObject","inLanguage":"en-US","@id":"https:\/\/folhadoleste.com.br\/botafogo-savarino-chegou-no-fogao\/#primaryimage","url":"https:\/\/folhadoleste.com.br\/wp-content\/uploads\/2024\/01\/Botafogo-pode-perder-Savarino-para-o-Vasco-Foto-Divulgacao.webp","contentUrl":"https:\/\/folhadoleste.com.br\/wp-content\/uploads\/2024\/01\/Botafogo-pode-perder-Savarino-para-o-Vasco-Foto-Divulgacao.webp","width":1200,"height":750,"caption":"Foto: Divulga\u00e7\u00e3o"},{"@type":"BreadcrumbList","@id":"https:\/\/folhadoleste.com.br\/botafogo-savarino-chegou-no-fogao\/#breadcrumb","itemListElement":[{"@type":"ListItem","position":1,"name":"In\u00edcio","item":"https:\/\/folhadoleste.com.br\/"},{"@type":"ListItem","position":2,"name":"Esportes","item":"https:\/\/folhadoleste.com.br\/category\/esportes\/"},{"@type":"ListItem","position":3,"name":"Futebol","item":"https:\/\/folhadoleste.com.br\/category\/esportes\/futebol-esportes\/"},{"@type":"ListItem","position":4,"name":"Botafogo: Savarino chegou no Fog\u00e3o"}]},{"@type":"WebSite","@id":"https:\/\/folhadoleste.com.br\/#website","url":"https:\/\/folhadoleste.com.br\/","name":"Folha do Leste","description":"Portal de Not\u00edcias com \u00eanfase em Niter\u00f3i, criando conte\u00fados desde a capital Rio de Janeiro, com olhar para o Leste Fluminense e suas cidades como S\u00e3o Gon\u00e7alo, Itabora\u00ed, Rio Bonito, Maric\u00e1, Saquarema e Araruama","publisher":{"@id":"https:\/\/folhadoleste.com.br\/#organization"},"alternateName":"FL","potentialAction":[{"@type":"SearchAction","target":{"@type":"EntryPoint","urlTemplate":"https:\/\/folhadoleste.com.br\/?s={search_term_string}"},"query-input":{"@type":"PropertyValueSpecification","valueRequired":true,"valueName":"search_term_string"}}],"inLanguage":"en-US"},{"@type":"Organization","@id":"https:\/\/folhadoleste.com.br\/#organization","name":"Brasil 21 Comunica\u00e7\u00e3o","alternateName":"BR21","url":"https:\/\/folhadoleste.com.br\/","logo":{"@type":"ImageObject","inLanguage":"en-US","@id":"https:\/\/folhadoleste.com.br\/#\/schema\/logo\/image\/","url":"https:\/\/folhadoleste.com.br\/wp-content\/uploads\/2025\/12\/brasil-21-logomarca.avif","contentUrl":"https:\/\/folhadoleste.com.br\/wp-content\/uploads\/2025\/12\/brasil-21-logomarca.avif","width":1044,"height":1044,"caption":"Brasil 21 Comunica\u00e7\u00e3o"},"image":{"@id":"https:\/\/folhadoleste.com.br\/#\/schema\/logo\/image\/"},"sameAs":["https:\/\/www.facebook.com\/folhadoleste","https:\/\/x.com\/FolhadoLesteRJ","https:\/\/www.instagram.com\/folhadoleste\/"]},{"@type":"Person","@id":"https:\/\/folhadoleste.com.br\/#\/schema\/person\/3e97145b2e1861276e84471aa85a3899","name":"Folha do Leste","image":{"@type":"ImageObject","inLanguage":"en-US","@id":"https:\/\/folhadoleste.com.br\/wp-content\/litespeed\/avatar\/1ca8c218432e7045e748610eb3db0259.jpg?ver=1777161142","url":"https:\/\/folhadoleste.com.br\/wp-content\/litespeed\/avatar\/1ca8c218432e7045e748610eb3db0259.jpg?ver=1777161142","contentUrl":"https:\/\/folhadoleste.com.br\/wp-content\/litespeed\/avatar\/1ca8c218432e7045e748610eb3db0259.jpg?ver=1777161142","caption":"Folha do Leste"},"url":"https:\/\/folhadoleste.com.br\/en\/author\/reportagem-01\/"}]}},"_links":{"self":[{"href":"https:\/\/folhadoleste.com.br\/en\/wp-json\/wp\/v2\/posts\/43883","targetHints":{"allow":["GET"]}}],"collection":[{"href":"https:\/\/folhadoleste.com.br\/en\/wp-json\/wp\/v2\/posts"}],"about":[{"href":"https:\/\/folhadoleste.com.br\/en\/wp-json\/wp\/v2\/types\/post"}],"author":[{"embeddable":true,"href":"https:\/\/folhadoleste.com.br\/en\/wp-json\/wp\/v2\/users\/4"}],"replies":[{"embeddable":true,"href":"https:\/\/folhadoleste.com.br\/en\/wp-json\/wp\/v2\/comments?post=43883"}],"version-history":[{"count":3,"href":"https:\/\/folhadoleste.com.br\/en\/wp-json\/wp\/v2\/posts\/43883\/revisions"}],"predecessor-version":[{"id":43919,"href":"https:\/\/folhadoleste.com.br\/en\/wp-json\/wp\/v2\/posts\/43883\/revisions\/43919"}],"wp:featuredmedia":[{"embeddable":true,"href":"https:\/\/folhadoleste.com.br\/en\/wp-json\/wp\/v2\/media\/43887"}],"wp:attachment":[{"href":"https:\/\/folhadoleste.com.br\/en\/wp-json\/wp\/v2\/media?parent=43883"}],"wp:term":[{"taxonomy":"category","embeddable":true,"href":"https:\/\/folhadoleste.com.br\/en\/wp-json\/wp\/v2\/categories?post=43883"},{"taxonomy":"post_tag","embeddable":true,"href":"https:\/\/folhadoleste.com.br\/en\/wp-json\/wp\/v2\/tags?post=43883"}],"curies":[{"name":"wp","href":"https:\/\/api.w.org\/{rel}","templated":true}]}}