{"id":43875,"date":"2024-01-11T10:12:22","date_gmt":"2024-01-11T13:12:22","guid":{"rendered":"https:\/\/folhadoleste.com.br\/?p=43875"},"modified":"2024-01-11T10:12:22","modified_gmt":"2024-01-11T13:12:22","slug":"ipca-chega-a-056-em-dezembro-e-encerra-ano-com-alta-de-462","status":"publish","type":"post","link":"https:\/\/folhadoleste.com.br\/en\/ipca-chega-a-056-em-dezembro-e-encerra-ano-com-alta-de-462\/","title":{"rendered":"IPCA chega a 0,56% em dezembro e encerra ano com alta de 4,62%"},"content":{"rendered":"<div id=\"attachment_43877\" style=\"width: 1180px\" class=\"wp-caption aligncenter\"><img decoding=\"async\" aria-describedby=\"caption-attachment-43877\" class=\"size-full wp-image-43877\" src=\"https:\/\/folhadoleste.com.br\/wp-content\/uploads\/2024\/01\/IPCA-chega-a-056-em-dezembro-e-encerra-ano-com-alta-de-462-Foto-Valter-Campanato-Arquivo-Agencia-Brasil.webp\" alt=\"IPCA chega a 0,56% em dezembro e encerra ano com alta de 4,62%\" width=\"1170\" height=\"700\" \/><p id=\"caption-attachment-43877\" class=\"wp-caption-text\">Foto: Valter Campanato &#8211; Arquivo &#8211; Ag\u00eancia Brasil<\/p><\/div>\n<p>A infla\u00e7\u00e3o do pa\u00eds foi de 0,56% em dezembro. Com isso, o IPCA fechou 2023 com alta acumulada de 4,62%, dentro do intervalo da meta da infla\u00e7\u00e3o determinada pelo Conselho Monet\u00e1rio Nacional (CMN), que era de 3,25%, com toler\u00e2ncia de 1,5 ponto percentual para cima ou para baixo, ou seja, entre 1,75% e 4,75%. Os dados s\u00e3o do \u00cdndice Nacional de Pre\u00e7os ao Consumidor Amplo (IPCA), divulgado hoje (11) pelo Instituto Brasileiro de Geografia e Estat\u00edstica (IBGE).<img decoding=\"async\" src=\"https:\/\/agenciabrasil.ebc.com.br\/ebc.png?id=1576101&amp;o=node\" \/><img decoding=\"async\" src=\"https:\/\/agenciabrasil.ebc.com.br\/ebc.gif?id=1576101&amp;o=node\" \/><\/p>\n<p>Em dezembro, todos os nove grupos de produtos e servi\u00e7os analisados pela pesquisa registraram alta. A maior veio de alimenta\u00e7\u00e3o e bebidas (1,11%), grupo que acelerou em rela\u00e7\u00e3o ao m\u00eas anterior (0,63%) e exerceu o maior impacto sobre o resultado geral (0,23 ponto percentual). Com o aumento nos pre\u00e7os da batata-inglesa (19,09%), do feij\u00e3o-carioca (13,79%), do arroz (5,81%) e das frutas (3,37%), a alimenta\u00e7\u00e3o no domic\u00edlio subiu 1,34%. Por outro lado, o pre\u00e7o do leite longa vida baixou pelo s\u00e9timo m\u00eas seguido (-1,26%).<\/p>\n<blockquote><p>\u201cO aumento da temperatura e o maior volume de chuvas em diversas regi\u00f5es do pa\u00eds influenciaram a produ\u00e7\u00e3o dos alimentos, principalmente dos\u00a0<em>in natura,<\/em>\u00a0como os tub\u00e9rculos, hortali\u00e7as e frutas, que s\u00e3o mais sens\u00edveis a essas varia\u00e7\u00f5es clim\u00e1ticas\u201d, explicou, em nota, o gerente do IPCA, Andr\u00e9 Almeida.<\/p>\n<p>\u201cNo caso do arroz, que registrou alta pelo quinto m\u00eas seguido, a produ\u00e7\u00e3o foi impactada pelo clima desfavor\u00e1vel\u201d, disse o pesquisador. \u201cJ\u00e1 a alta do feij\u00e3o tem rela\u00e7\u00e3o com a redu\u00e7\u00e3o da \u00e1rea plantada, o clima adverso e o aumento do custo de fertilizantes\u201d, completou.<\/p><\/blockquote>\n<p>No mesmo per\u00edodo, a alimenta\u00e7\u00e3o fora do domic\u00edlio (0,53%) acelerou frente ao m\u00eas anterior (0,32%), com as altas do lanche (0,74%) e da refei\u00e7\u00e3o (0,48%). Esses dois itens tamb\u00e9m tiveram aumento na compara\u00e7\u00e3o com novembro.<\/p>\n<h4><a href=\"https:\/\/folhadoleste.com.br\/en\/category\/brasil\/\">\u201cLeia mais not\u00edcias sobre Brasil aqui\u201d<\/a><\/h4>\n<p>No grupo dos transportes (0,48%), o segundo que mais contribuiu para o \u00edndice geral 0,10 pontos percentuais (p.p), as passagens a\u00e9reas (8,87%) continuaram subindo. Dezembro foi o quarto m\u00eas seguido com varia\u00e7\u00f5es positivas desse subitem, que representou o maior impacto individual sobre a infla\u00e7\u00e3o do pa\u00eds (0,08 p.p.). Por outro lado, todos os combust\u00edveis pesquisados (-0,50%) tiveram defla\u00e7\u00e3o: \u00f3leo diesel (-1,96%), etanol (-1,24%), gasolina (-0,34%) e g\u00e1s veicular (-0,21%).<\/p>\n<blockquote><p>\u201cPelo fato de a gasolina ser o subitem de maior peso entre os 377 pesquisados pelo IPCA, com essa queda, ela segurou o resultado no \u00edndice do m\u00eas\u201d, ressaltou Andr\u00e9.<\/p><\/blockquote>\n<p>Em dezembro, os pre\u00e7os desse combust\u00edvel ca\u00edram pelo terceiro m\u00eas consecutivo.<\/p>\n<p>J\u00e1 em habita\u00e7\u00e3o (0,34%), que desacelerou na compara\u00e7\u00e3o com novembro (0,48%), os destaques foram as altas da energia el\u00e9trica residencial (0,54%), da taxa de \u00e1gua e esgoto (0,85%) e do g\u00e1s encanado (1,25%). Os demais grupos registraram os seguintes resultados: artigos de resid\u00eancia (0,76%), vestu\u00e1rio (0,70%), despesas pessoais (0,48%) sa\u00fade e cuidados pessoais (0,35%), educa\u00e7\u00e3o (0,24%) e comunica\u00e7\u00e3o (0,04%).<\/p>\n<h4>INPC<\/h4>\n<p>O \u00cdndice Nacional de Pre\u00e7os ao Consumidor (INPC) registrou alta de 0,55% em dezembro, acima do resultado do m\u00eas anterior (0,10%). O \u00edndice acumulou aumento de 3,71% no ano, abaixo do registrado no ano anterior (5,93%). No acumulado de 2023, houve alta de 0,33% nos produtos aliment\u00edcios e de 4,83% nos n\u00e3o aliment\u00edcios.<\/p>\n<blockquote><p>\u201cO resultado acumulado do ano do INPC ficou abaixo do IPCA principalmente por conta do maior peso que o grupo alimenta\u00e7\u00e3o e bebidas tem dentro da cesta\u201d, explicou o pesquisador.<\/p><\/blockquote>\n<p>Em dezembro do ano passado, os pre\u00e7os dos produtos aliment\u00edcios aceleraram (de 0,57% para 1,20%). Os n\u00e3o aliment\u00edcios tamb\u00e9m registraram varia\u00e7\u00f5es maiores (0,35% em dezembro contra -0,05% no m\u00eas anterior).<\/p>\n<p>&nbsp;<\/p>\n<p><a href=\"https:\/\/www.instagram.com\/folhadoleste\/\"><img decoding=\"async\" class=\"aligncenter wp-image-15962\" src=\"https:\/\/folhadoleste.com.br\/wp-content\/uploads\/2023\/07\/instagram.jpg.webp\" alt=\"Itaipu-Itaipua\u00e7u: Caminh\u00e3o causa grave acidente na RJ-102, a estrada da Serrinha\" width=\"49\" height=\"49\" \/><\/a><a href=\"https:\/\/www.facebook.com\/folhadoleste\"><img decoding=\"async\" class=\"aligncenter wp-image-7424\" src=\"https:\/\/folhadoleste.com.br\/wp-content\/uploads\/2023\/05\/facebook-logo-3-1.png.webp\" alt=\"Itaipu-Itaipua\u00e7u: Caminh\u00e3o causa grave acidente na RJ-102, a estrada da Serrinha\" width=\"49\" height=\"49\" \/><\/a><\/p>\n<p>&nbsp;<\/p>\n<p>&nbsp;<\/p>\n<p>&nbsp;<\/p>\n<p>&nbsp;<\/p>\n<p>Fonte: Ag\u00eancia Brasil<\/p>","protected":false},"excerpt":{"rendered":"<p>A infla\u00e7\u00e3o do pa\u00eds foi de 0,56% em dezembro. Com isso, o IPCA fechou 2023 com alta acumulada de 4,62%, dentro do intervalo da meta da infla\u00e7\u00e3o determinada pelo Conselho Monet\u00e1rio Nacional (CMN), que era de 3,25%, com toler\u00e2ncia de 1,5 ponto percentual para cima ou para baixo, ou seja, entre 1,75% e 4,75%. Os dados s\u00e3o do \u00cdndice Nacional de Pre\u00e7os ao Consumidor Amplo (IPCA), divulgado hoje (11) pelo Instituto Brasileiro de Geografia e Estat\u00edstica (IBGE). Em dezembro, todos os nove grupos de produtos e servi\u00e7os analisados pela pesquisa registraram alta. A maior veio de alimenta\u00e7\u00e3o e bebidas (1,11%), [&hellip;]<\/p>\n","protected":false},"author":4,"featured_media":43877,"comment_status":"open","ping_status":"open","sticky":false,"template":"","format":"standard","meta":{"footnotes":""},"categories":[64,145],"tags":[5453,5919,68,883,188,683,925,185],"class_list":["post-43875","post","type-post","status-publish","format-standard","has-post-thumbnail","hentry","category-brasil","category-economia","tag-alimentacao","tag-bebidas","tag-brasil","tag-cesta-basica","tag-economia","tag-ibge","tag-ipca","tag-transporte","post--single"],"yoast_head":"<!-- This site is optimized with the Yoast SEO plugin v27.4 - https:\/\/yoast.com\/product\/yoast-seo-wordpress\/ -->\n<title>IPCA chega a 0,56% em dezembro e encerra ano com alta de 4,62%<\/title>\n<meta name=\"description\" content=\"A infla\u00e7\u00e3o do pa\u00eds foi de 0,56% em dezembro. Com isso, o IPCA fechou 2023 com alta acumulada de 4,62%, dentro do intervalo...\" \/>\n<meta name=\"robots\" content=\"index, follow, max-snippet:-1, max-image-preview:large, max-video-preview:-1\" \/>\n<link rel=\"canonical\" href=\"https:\/\/folhadoleste.com.br\/en\/ipca-chega-a-056-em-dezembro-e-encerra-ano-com-alta-de-462\/\" \/>\n<meta property=\"og:locale\" content=\"en_US\" \/>\n<meta property=\"og:type\" content=\"article\" \/>\n<meta property=\"og:title\" content=\"IPCA chega a 0,56% em dezembro e encerra ano com alta de 4,62%\" \/>\n<meta property=\"og:description\" content=\"Brasil &#8226; Folha do Leste\" \/>\n<meta property=\"og:url\" content=\"https:\/\/folhadoleste.com.br\/en\/ipca-chega-a-056-em-dezembro-e-encerra-ano-com-alta-de-462\/\" \/>\n<meta property=\"og:site_name\" content=\"Folha do Leste\" \/>\n<meta property=\"article:publisher\" content=\"https:\/\/www.facebook.com\/folhadoleste\" \/>\n<meta property=\"article:published_time\" content=\"2024-01-11T13:12:22+00:00\" \/>\n<meta property=\"og:image\" content=\"https:\/\/folhadoleste.com.br\/wp-content\/uploads\/2024\/01\/IPCA-chega-a-056-em-dezembro-e-encerra-ano-com-alta-de-462-Foto-Valter-Campanato-Arquivo-Agencia-Brasil.webp\" \/>\n\t<meta property=\"og:image:width\" content=\"1170\" \/>\n\t<meta property=\"og:image:height\" content=\"700\" \/>\n\t<meta property=\"og:image:type\" content=\"image\/webp\" \/>\n<meta name=\"author\" content=\"Folha do Leste\" \/>\n<meta name=\"twitter:card\" content=\"summary_large_image\" \/>\n<meta name=\"twitter:creator\" content=\"@FolhadoLesteRJ\" \/>\n<meta name=\"twitter:site\" content=\"@FolhadoLesteRJ\" \/>\n<meta name=\"twitter:label1\" content=\"Written by\" \/>\n\t<meta name=\"twitter:data1\" content=\"Folha do Leste\" \/>\n\t<meta name=\"twitter:label2\" content=\"Est. reading time\" \/>\n\t<meta name=\"twitter:data2\" content=\"4 minutes\" \/>\n<script type=\"application\/ld+json\" class=\"yoast-schema-graph\">{\"@context\":\"https:\\\/\\\/schema.org\",\"@graph\":[{\"@type\":\"NewsArticle\",\"@id\":\"https:\\\/\\\/folhadoleste.com.br\\\/ipca-chega-a-056-em-dezembro-e-encerra-ano-com-alta-de-462\\\/#article\",\"isPartOf\":{\"@id\":\"https:\\\/\\\/folhadoleste.com.br\\\/ipca-chega-a-056-em-dezembro-e-encerra-ano-com-alta-de-462\\\/\"},\"author\":{\"name\":\"Folha do Leste\",\"@id\":\"https:\\\/\\\/folhadoleste.com.br\\\/#\\\/schema\\\/person\\\/3e97145b2e1861276e84471aa85a3899\"},\"headline\":\"IPCA chega a 0,56% em dezembro e encerra ano com alta de 4,62%\",\"datePublished\":\"2024-01-11T13:12:22+00:00\",\"mainEntityOfPage\":{\"@id\":\"https:\\\/\\\/folhadoleste.com.br\\\/ipca-chega-a-056-em-dezembro-e-encerra-ano-com-alta-de-462\\\/\"},\"wordCount\":645,\"commentCount\":0,\"publisher\":{\"@id\":\"https:\\\/\\\/folhadoleste.com.br\\\/#organization\"},\"image\":{\"@id\":\"https:\\\/\\\/folhadoleste.com.br\\\/ipca-chega-a-056-em-dezembro-e-encerra-ano-com-alta-de-462\\\/#primaryimage\"},\"thumbnailUrl\":\"https:\\\/\\\/folhadoleste.com.br\\\/wp-content\\\/uploads\\\/2024\\\/01\\\/IPCA-chega-a-056-em-dezembro-e-encerra-ano-com-alta-de-462-Foto-Valter-Campanato-Arquivo-Agencia-Brasil.webp\",\"keywords\":[\"alimenta\u00e7\u00e3o\",\"bebidas\",\"Brasil\",\"Cesta basica\",\"economia\",\"IBGE\",\"IPCA\",\"transporte\"],\"articleSection\":[\"Brasil\",\"Economia\"],\"inLanguage\":\"en-US\",\"potentialAction\":[{\"@type\":\"CommentAction\",\"name\":\"Comment\",\"target\":[\"https:\\\/\\\/folhadoleste.com.br\\\/ipca-chega-a-056-em-dezembro-e-encerra-ano-com-alta-de-462\\\/#respond\"]}]},{\"@type\":\"WebPage\",\"@id\":\"https:\\\/\\\/folhadoleste.com.br\\\/ipca-chega-a-056-em-dezembro-e-encerra-ano-com-alta-de-462\\\/\",\"url\":\"https:\\\/\\\/folhadoleste.com.br\\\/ipca-chega-a-056-em-dezembro-e-encerra-ano-com-alta-de-462\\\/\",\"name\":\"IPCA chega a 0,56% em dezembro e encerra ano com alta de 4,62%\",\"isPartOf\":{\"@id\":\"https:\\\/\\\/folhadoleste.com.br\\\/#website\"},\"primaryImageOfPage\":{\"@id\":\"https:\\\/\\\/folhadoleste.com.br\\\/ipca-chega-a-056-em-dezembro-e-encerra-ano-com-alta-de-462\\\/#primaryimage\"},\"image\":{\"@id\":\"https:\\\/\\\/folhadoleste.com.br\\\/ipca-chega-a-056-em-dezembro-e-encerra-ano-com-alta-de-462\\\/#primaryimage\"},\"thumbnailUrl\":\"https:\\\/\\\/folhadoleste.com.br\\\/wp-content\\\/uploads\\\/2024\\\/01\\\/IPCA-chega-a-056-em-dezembro-e-encerra-ano-com-alta-de-462-Foto-Valter-Campanato-Arquivo-Agencia-Brasil.webp\",\"datePublished\":\"2024-01-11T13:12:22+00:00\",\"description\":\"A infla\u00e7\u00e3o do pa\u00eds foi de 0,56% em dezembro. Com isso, o IPCA fechou 2023 com alta acumulada de 4,62%, dentro do intervalo...\",\"breadcrumb\":{\"@id\":\"https:\\\/\\\/folhadoleste.com.br\\\/ipca-chega-a-056-em-dezembro-e-encerra-ano-com-alta-de-462\\\/#breadcrumb\"},\"inLanguage\":\"en-US\",\"potentialAction\":[{\"@type\":\"ReadAction\",\"target\":[\"https:\\\/\\\/folhadoleste.com.br\\\/ipca-chega-a-056-em-dezembro-e-encerra-ano-com-alta-de-462\\\/\"]}]},{\"@type\":\"ImageObject\",\"inLanguage\":\"en-US\",\"@id\":\"https:\\\/\\\/folhadoleste.com.br\\\/ipca-chega-a-056-em-dezembro-e-encerra-ano-com-alta-de-462\\\/#primaryimage\",\"url\":\"https:\\\/\\\/folhadoleste.com.br\\\/wp-content\\\/uploads\\\/2024\\\/01\\\/IPCA-chega-a-056-em-dezembro-e-encerra-ano-com-alta-de-462-Foto-Valter-Campanato-Arquivo-Agencia-Brasil.webp\",\"contentUrl\":\"https:\\\/\\\/folhadoleste.com.br\\\/wp-content\\\/uploads\\\/2024\\\/01\\\/IPCA-chega-a-056-em-dezembro-e-encerra-ano-com-alta-de-462-Foto-Valter-Campanato-Arquivo-Agencia-Brasil.webp\",\"width\":1170,\"height\":700,\"caption\":\"Foto: Valter Campanato - Arquivo - Ag\u00eancia Brasil\"},{\"@type\":\"BreadcrumbList\",\"@id\":\"https:\\\/\\\/folhadoleste.com.br\\\/ipca-chega-a-056-em-dezembro-e-encerra-ano-com-alta-de-462\\\/#breadcrumb\",\"itemListElement\":[{\"@type\":\"ListItem\",\"position\":1,\"name\":\"In\u00edcio\",\"item\":\"https:\\\/\\\/folhadoleste.com.br\\\/\"},{\"@type\":\"ListItem\",\"position\":2,\"name\":\"Brasil\",\"item\":\"https:\\\/\\\/folhadoleste.com.br\\\/category\\\/brasil\\\/\"},{\"@type\":\"ListItem\",\"position\":3,\"name\":\"IPCA chega a 0,56% em dezembro e encerra ano com alta de 4,62%\"}]},{\"@type\":\"WebSite\",\"@id\":\"https:\\\/\\\/folhadoleste.com.br\\\/#website\",\"url\":\"https:\\\/\\\/folhadoleste.com.br\\\/\",\"name\":\"Folha do Leste\",\"description\":\"Portal de Not\u00edcias com \u00eanfase em Niter\u00f3i, criando conte\u00fados desde a capital Rio de Janeiro, com olhar para o Leste Fluminense e suas cidades como S\u00e3o Gon\u00e7alo, Itabora\u00ed, Rio Bonito, Maric\u00e1, Saquarema e Araruama\",\"publisher\":{\"@id\":\"https:\\\/\\\/folhadoleste.com.br\\\/#organization\"},\"alternateName\":\"FL\",\"potentialAction\":[{\"@type\":\"SearchAction\",\"target\":{\"@type\":\"EntryPoint\",\"urlTemplate\":\"https:\\\/\\\/folhadoleste.com.br\\\/?s={search_term_string}\"},\"query-input\":{\"@type\":\"PropertyValueSpecification\",\"valueRequired\":true,\"valueName\":\"search_term_string\"}}],\"inLanguage\":\"en-US\"},{\"@type\":\"Organization\",\"@id\":\"https:\\\/\\\/folhadoleste.com.br\\\/#organization\",\"name\":\"Brasil 21 Comunica\u00e7\u00e3o\",\"alternateName\":\"BR21\",\"url\":\"https:\\\/\\\/folhadoleste.com.br\\\/\",\"logo\":{\"@type\":\"ImageObject\",\"inLanguage\":\"en-US\",\"@id\":\"https:\\\/\\\/folhadoleste.com.br\\\/#\\\/schema\\\/logo\\\/image\\\/\",\"url\":\"https:\\\/\\\/folhadoleste.com.br\\\/wp-content\\\/uploads\\\/2025\\\/12\\\/brasil-21-logomarca.avif\",\"contentUrl\":\"https:\\\/\\\/folhadoleste.com.br\\\/wp-content\\\/uploads\\\/2025\\\/12\\\/brasil-21-logomarca.avif\",\"width\":1044,\"height\":1044,\"caption\":\"Brasil 21 Comunica\u00e7\u00e3o\"},\"image\":{\"@id\":\"https:\\\/\\\/folhadoleste.com.br\\\/#\\\/schema\\\/logo\\\/image\\\/\"},\"sameAs\":[\"https:\\\/\\\/www.facebook.com\\\/folhadoleste\",\"https:\\\/\\\/x.com\\\/FolhadoLesteRJ\",\"https:\\\/\\\/www.instagram.com\\\/folhadoleste\\\/\"]},{\"@type\":\"Person\",\"@id\":\"https:\\\/\\\/folhadoleste.com.br\\\/#\\\/schema\\\/person\\\/3e97145b2e1861276e84471aa85a3899\",\"name\":\"Folha do Leste\",\"image\":{\"@type\":\"ImageObject\",\"inLanguage\":\"en-US\",\"@id\":\"https:\\\/\\\/folhadoleste.com.br\\\/wp-content\\\/litespeed\\\/avatar\\\/1ca8c218432e7045e748610eb3db0259.jpg?ver=1777161142\",\"url\":\"https:\\\/\\\/folhadoleste.com.br\\\/wp-content\\\/litespeed\\\/avatar\\\/1ca8c218432e7045e748610eb3db0259.jpg?ver=1777161142\",\"contentUrl\":\"https:\\\/\\\/folhadoleste.com.br\\\/wp-content\\\/litespeed\\\/avatar\\\/1ca8c218432e7045e748610eb3db0259.jpg?ver=1777161142\",\"caption\":\"Folha do Leste\"},\"url\":\"https:\\\/\\\/folhadoleste.com.br\\\/en\\\/author\\\/reportagem-01\\\/\"}]}<\/script>\n<!-- \/ Yoast SEO plugin. -->","yoast_head_json":{"title":"IPCA chega a 0,56% em dezembro e encerra ano com alta de 4,62%","description":"A infla\u00e7\u00e3o do pa\u00eds foi de 0,56% em dezembro. Com isso, o IPCA fechou 2023 com alta acumulada de 4,62%, dentro do intervalo...","robots":{"index":"index","follow":"follow","max-snippet":"max-snippet:-1","max-image-preview":"max-image-preview:large","max-video-preview":"max-video-preview:-1"},"canonical":"https:\/\/folhadoleste.com.br\/en\/ipca-chega-a-056-em-dezembro-e-encerra-ano-com-alta-de-462\/","og_locale":"en_US","og_type":"article","og_title":"IPCA chega a 0,56% em dezembro e encerra ano com alta de 4,62%","og_description":"Brasil &#8226; Folha do Leste","og_url":"https:\/\/folhadoleste.com.br\/en\/ipca-chega-a-056-em-dezembro-e-encerra-ano-com-alta-de-462\/","og_site_name":"Folha do Leste","article_publisher":"https:\/\/www.facebook.com\/folhadoleste","article_published_time":"2024-01-11T13:12:22+00:00","og_image":[{"width":1170,"height":700,"url":"https:\/\/folhadoleste.com.br\/wp-content\/uploads\/2024\/01\/IPCA-chega-a-056-em-dezembro-e-encerra-ano-com-alta-de-462-Foto-Valter-Campanato-Arquivo-Agencia-Brasil.webp","type":"image\/webp"}],"author":"Folha do Leste","twitter_card":"summary_large_image","twitter_creator":"@FolhadoLesteRJ","twitter_site":"@FolhadoLesteRJ","twitter_misc":{"Written by":"Folha do Leste","Est. reading time":"4 minutes"},"schema":{"@context":"https:\/\/schema.org","@graph":[{"@type":"NewsArticle","@id":"https:\/\/folhadoleste.com.br\/ipca-chega-a-056-em-dezembro-e-encerra-ano-com-alta-de-462\/#article","isPartOf":{"@id":"https:\/\/folhadoleste.com.br\/ipca-chega-a-056-em-dezembro-e-encerra-ano-com-alta-de-462\/"},"author":{"name":"Folha do Leste","@id":"https:\/\/folhadoleste.com.br\/#\/schema\/person\/3e97145b2e1861276e84471aa85a3899"},"headline":"IPCA chega a 0,56% em dezembro e encerra ano com alta de 4,62%","datePublished":"2024-01-11T13:12:22+00:00","mainEntityOfPage":{"@id":"https:\/\/folhadoleste.com.br\/ipca-chega-a-056-em-dezembro-e-encerra-ano-com-alta-de-462\/"},"wordCount":645,"commentCount":0,"publisher":{"@id":"https:\/\/folhadoleste.com.br\/#organization"},"image":{"@id":"https:\/\/folhadoleste.com.br\/ipca-chega-a-056-em-dezembro-e-encerra-ano-com-alta-de-462\/#primaryimage"},"thumbnailUrl":"https:\/\/folhadoleste.com.br\/wp-content\/uploads\/2024\/01\/IPCA-chega-a-056-em-dezembro-e-encerra-ano-com-alta-de-462-Foto-Valter-Campanato-Arquivo-Agencia-Brasil.webp","keywords":["alimenta\u00e7\u00e3o","bebidas","Brasil","Cesta basica","economia","IBGE","IPCA","transporte"],"articleSection":["Brasil","Economia"],"inLanguage":"en-US","potentialAction":[{"@type":"CommentAction","name":"Comment","target":["https:\/\/folhadoleste.com.br\/ipca-chega-a-056-em-dezembro-e-encerra-ano-com-alta-de-462\/#respond"]}]},{"@type":"WebPage","@id":"https:\/\/folhadoleste.com.br\/ipca-chega-a-056-em-dezembro-e-encerra-ano-com-alta-de-462\/","url":"https:\/\/folhadoleste.com.br\/ipca-chega-a-056-em-dezembro-e-encerra-ano-com-alta-de-462\/","name":"IPCA chega a 0,56% em dezembro e encerra ano com alta de 4,62%","isPartOf":{"@id":"https:\/\/folhadoleste.com.br\/#website"},"primaryImageOfPage":{"@id":"https:\/\/folhadoleste.com.br\/ipca-chega-a-056-em-dezembro-e-encerra-ano-com-alta-de-462\/#primaryimage"},"image":{"@id":"https:\/\/folhadoleste.com.br\/ipca-chega-a-056-em-dezembro-e-encerra-ano-com-alta-de-462\/#primaryimage"},"thumbnailUrl":"https:\/\/folhadoleste.com.br\/wp-content\/uploads\/2024\/01\/IPCA-chega-a-056-em-dezembro-e-encerra-ano-com-alta-de-462-Foto-Valter-Campanato-Arquivo-Agencia-Brasil.webp","datePublished":"2024-01-11T13:12:22+00:00","description":"A infla\u00e7\u00e3o do pa\u00eds foi de 0,56% em dezembro. Com isso, o IPCA fechou 2023 com alta acumulada de 4,62%, dentro do intervalo...","breadcrumb":{"@id":"https:\/\/folhadoleste.com.br\/ipca-chega-a-056-em-dezembro-e-encerra-ano-com-alta-de-462\/#breadcrumb"},"inLanguage":"en-US","potentialAction":[{"@type":"ReadAction","target":["https:\/\/folhadoleste.com.br\/ipca-chega-a-056-em-dezembro-e-encerra-ano-com-alta-de-462\/"]}]},{"@type":"ImageObject","inLanguage":"en-US","@id":"https:\/\/folhadoleste.com.br\/ipca-chega-a-056-em-dezembro-e-encerra-ano-com-alta-de-462\/#primaryimage","url":"https:\/\/folhadoleste.com.br\/wp-content\/uploads\/2024\/01\/IPCA-chega-a-056-em-dezembro-e-encerra-ano-com-alta-de-462-Foto-Valter-Campanato-Arquivo-Agencia-Brasil.webp","contentUrl":"https:\/\/folhadoleste.com.br\/wp-content\/uploads\/2024\/01\/IPCA-chega-a-056-em-dezembro-e-encerra-ano-com-alta-de-462-Foto-Valter-Campanato-Arquivo-Agencia-Brasil.webp","width":1170,"height":700,"caption":"Foto: Valter Campanato - Arquivo - Ag\u00eancia Brasil"},{"@type":"BreadcrumbList","@id":"https:\/\/folhadoleste.com.br\/ipca-chega-a-056-em-dezembro-e-encerra-ano-com-alta-de-462\/#breadcrumb","itemListElement":[{"@type":"ListItem","position":1,"name":"In\u00edcio","item":"https:\/\/folhadoleste.com.br\/"},{"@type":"ListItem","position":2,"name":"Brasil","item":"https:\/\/folhadoleste.com.br\/category\/brasil\/"},{"@type":"ListItem","position":3,"name":"IPCA chega a 0,56% em dezembro e encerra ano com alta de 4,62%"}]},{"@type":"WebSite","@id":"https:\/\/folhadoleste.com.br\/#website","url":"https:\/\/folhadoleste.com.br\/","name":"Folha do Leste","description":"Portal de Not\u00edcias com \u00eanfase em Niter\u00f3i, criando conte\u00fados desde a capital Rio de Janeiro, com olhar para o Leste Fluminense e suas cidades como S\u00e3o Gon\u00e7alo, Itabora\u00ed, Rio Bonito, Maric\u00e1, Saquarema e Araruama","publisher":{"@id":"https:\/\/folhadoleste.com.br\/#organization"},"alternateName":"FL","potentialAction":[{"@type":"SearchAction","target":{"@type":"EntryPoint","urlTemplate":"https:\/\/folhadoleste.com.br\/?s={search_term_string}"},"query-input":{"@type":"PropertyValueSpecification","valueRequired":true,"valueName":"search_term_string"}}],"inLanguage":"en-US"},{"@type":"Organization","@id":"https:\/\/folhadoleste.com.br\/#organization","name":"Brasil 21 Comunica\u00e7\u00e3o","alternateName":"BR21","url":"https:\/\/folhadoleste.com.br\/","logo":{"@type":"ImageObject","inLanguage":"en-US","@id":"https:\/\/folhadoleste.com.br\/#\/schema\/logo\/image\/","url":"https:\/\/folhadoleste.com.br\/wp-content\/uploads\/2025\/12\/brasil-21-logomarca.avif","contentUrl":"https:\/\/folhadoleste.com.br\/wp-content\/uploads\/2025\/12\/brasil-21-logomarca.avif","width":1044,"height":1044,"caption":"Brasil 21 Comunica\u00e7\u00e3o"},"image":{"@id":"https:\/\/folhadoleste.com.br\/#\/schema\/logo\/image\/"},"sameAs":["https:\/\/www.facebook.com\/folhadoleste","https:\/\/x.com\/FolhadoLesteRJ","https:\/\/www.instagram.com\/folhadoleste\/"]},{"@type":"Person","@id":"https:\/\/folhadoleste.com.br\/#\/schema\/person\/3e97145b2e1861276e84471aa85a3899","name":"Folha do Leste","image":{"@type":"ImageObject","inLanguage":"en-US","@id":"https:\/\/folhadoleste.com.br\/wp-content\/litespeed\/avatar\/1ca8c218432e7045e748610eb3db0259.jpg?ver=1777161142","url":"https:\/\/folhadoleste.com.br\/wp-content\/litespeed\/avatar\/1ca8c218432e7045e748610eb3db0259.jpg?ver=1777161142","contentUrl":"https:\/\/folhadoleste.com.br\/wp-content\/litespeed\/avatar\/1ca8c218432e7045e748610eb3db0259.jpg?ver=1777161142","caption":"Folha do Leste"},"url":"https:\/\/folhadoleste.com.br\/en\/author\/reportagem-01\/"}]}},"_links":{"self":[{"href":"https:\/\/folhadoleste.com.br\/en\/wp-json\/wp\/v2\/posts\/43875","targetHints":{"allow":["GET"]}}],"collection":[{"href":"https:\/\/folhadoleste.com.br\/en\/wp-json\/wp\/v2\/posts"}],"about":[{"href":"https:\/\/folhadoleste.com.br\/en\/wp-json\/wp\/v2\/types\/post"}],"author":[{"embeddable":true,"href":"https:\/\/folhadoleste.com.br\/en\/wp-json\/wp\/v2\/users\/4"}],"replies":[{"embeddable":true,"href":"https:\/\/folhadoleste.com.br\/en\/wp-json\/wp\/v2\/comments?post=43875"}],"version-history":[{"count":1,"href":"https:\/\/folhadoleste.com.br\/en\/wp-json\/wp\/v2\/posts\/43875\/revisions"}],"predecessor-version":[{"id":43878,"href":"https:\/\/folhadoleste.com.br\/en\/wp-json\/wp\/v2\/posts\/43875\/revisions\/43878"}],"wp:featuredmedia":[{"embeddable":true,"href":"https:\/\/folhadoleste.com.br\/en\/wp-json\/wp\/v2\/media\/43877"}],"wp:attachment":[{"href":"https:\/\/folhadoleste.com.br\/en\/wp-json\/wp\/v2\/media?parent=43875"}],"wp:term":[{"taxonomy":"category","embeddable":true,"href":"https:\/\/folhadoleste.com.br\/en\/wp-json\/wp\/v2\/categories?post=43875"},{"taxonomy":"post_tag","embeddable":true,"href":"https:\/\/folhadoleste.com.br\/en\/wp-json\/wp\/v2\/tags?post=43875"}],"curies":[{"name":"wp","href":"https:\/\/api.w.org\/{rel}","templated":true}]}}