{"id":4360,"date":"2023-05-07T11:38:34","date_gmt":"2023-05-07T14:38:34","guid":{"rendered":"https:\/\/folhadoleste.com.br\/?p=4360"},"modified":"2023-05-07T14:17:19","modified_gmt":"2023-05-07T17:17:19","slug":"evento-incentiva-estudantes-a-conhecerem-a-ufrj","status":"publish","type":"post","link":"https:\/\/folhadoleste.com.br\/en\/evento-incentiva-estudantes-a-conhecerem-a-ufrj\/","title":{"rendered":"Evento incentiva estudantes a conhecerem a UFRJ"},"content":{"rendered":"<p>De volta ao formato presencial, ap\u00f3s a pandemia da covid-19, a Universidade Federal do Rio de Janeiro (UFRJ) realiza, na Cidade Universit\u00e1ria, no per\u00edodo de 9 a 11 deste m\u00eas, o evento Conhecendo a UFRJ 2023. O hor\u00e1rio de funcionamento ser\u00e1 de 9h \u00e0s 17h, diariamente. A \u00faltima edi\u00e7\u00e3o presencial do evento aconteceu em 2019.<\/p>\n<p>Mais de 5 mil estudantes de 153 escolas p\u00fablicas e privadas do ensino m\u00e9dio e de cursos pr\u00e9-vestibular agendaram visitas \u00e0 universidade, onde poder\u00e3o conhecer os mais de 170 cursos de gradua\u00e7\u00e3o oferecidos e os m\u00faltiplos ambientes do conhecimento.<\/p>\n<p>Em todos os dias de evento, haver\u00e1 mesas de conversa com representantes da UFRJ e secret\u00e1rios municipais do Rio de Janeiro, com o tema UFRJ: do acolhimento \u00e0 inclus\u00e3o.<\/p>\n<h2>Mundo novo<\/h2>\n<p>A pr\u00f3-reitora de Extens\u00e3o da UFRJ, Ivana Bentes, lembrou, em entrevista \u00e0 Ag\u00eancia Brasil, que durante a pandemia a institui\u00e7\u00e3o chegou a realizar o evento de modo virtual. \u201cMas n\u00e3o \u00e9 a mesma coisa. S\u00e3o mais de 5 mil estudantes que v\u00eam nos nossos \u00f4nibus para o campus da Cidade Universit\u00e1ria, passeiam, v\u00e3o nos estandes dos cursos, ouvem palestras, conhecem os laborat\u00f3rios da UFRJ. Realmente, a UFRJ se materializa para uma quantidade gigante de estudantes do ensino m\u00e9dio de escolas p\u00fablicas e particulares que, muitas vezes, nunca botaram o p\u00e9 em uma universidade. \u00c9 o primeiro momento de contato direto com uma universidade p\u00fablica e \u00e9 uma coisa m\u00e1gica essa visita, porque p\u00f5e a universidade no horizonte desses jovens\u201d, disse Ivana.<\/p>\n<p>Durante as atividades, os estudantes conhecem o mercado de trabalho para os variados cursos oferecidos pela UFRJ. \u201cAbre aquele mundo de possibilidades para os estudantes, que n\u00e3o conhecem determinado campo da produ\u00e7\u00e3o do conhecimento, que ser\u00e1 apresentado nos estandes por alunos da universidade. Isso \u00e9 legal porque s\u00e3o os pr\u00f3prios alunos da UFRJ apresentando os cursos nos estandes, em uma linguagem jovem, falando com outros jovens\u201d.<\/p>\n<p>As palestras, em geral, s\u00e3o dadas pelos coordenadores dos cursos. H\u00e1 abertura para perguntas no final das apresenta\u00e7\u00f5es.<\/p>\n<p>Segundo destacou a pr\u00f3-reitora de Extens\u00e3o, as informa\u00e7\u00f5es fornecidas permitir\u00e3o aos estudantes definir qual curso v\u00e3o querer fazer. \u201cAinda mais em uma universidade p\u00fablica e gratuita, como a UFRJ\u201d.<\/p>\n<p>Os estudantes ter\u00e3o contato tamb\u00e9m com cursos exclusivos da UFRJ ou recentes no mercado de trabalho. \u00c9 o caso de gradua\u00e7\u00f5es em engenharia matem\u00e1tica, express\u00e3o gr\u00e1fica e teoria da dan\u00e7a.<\/p>\n<h2>Continuidade<\/h2>\n<p>As escolas que n\u00e3o conseguiram fazer seu agendamento pr\u00e9vio continuar\u00e3o a ser atendidas ao longo do ano, no UFRJ Continuado, disse Ivana. De acordo com a pr\u00f3-reitora muitos dos participantes de edi\u00e7\u00f5es passadas do Conhecendo a UFRJ s\u00e3o atualmente alunos dos cursos de gradua\u00e7\u00e3o.<\/p>\n<p>As atividades estar\u00e3o distribu\u00eddas pela Cidade Universit\u00e1ria, no Centro de Ci\u00eancias Matem\u00e1ticas e da Natureza (CCMN), Centro de Letras e Artes (CLA), Centro de Ci\u00eancias da Sa\u00fade (CCS) e Centro de Tecnologia (CT).<\/p>\n<p>Al\u00e9m dos estandes dos cursos, a programa\u00e7\u00e3o inclui oficinas, visitas guiadas a laborat\u00f3rios e apresenta\u00e7\u00f5es culturais, al\u00e9m dos ambientes tecnol\u00f3gicos, de pesquisa, de empreendedorismo, de extens\u00e3o e a p\u00f3s-gradua\u00e7\u00e3o. \u201cEntrar para a universidade n\u00e3o \u00e9 s\u00f3 fazer gradua\u00e7\u00e3o. \u00c9 um mundo que se abre para voc\u00ea. Voc\u00ea muda sua vida quando entra para a universidade\u201d, disse.<\/p>\n<h2>Vagas ociosas<\/h2>\n<p>Ivana Bentes disse que, com a pandemia, todas as universidades p\u00fablicas tiveram um grande problema, que foi o aumento de vagas ociosas. Hoje, s\u00e3o mais de 19 mil vagas ociosas em todo o Brasil. \u201cIsso \u00e9 preocupante, porque o jovem diminuiu a expectativa dele em rela\u00e7\u00e3o \u00e0 universidade\u201d.<\/p>\n<p>De acordo com Ivana, um evento como esse coloca o horizonte da universidade de novo junto do estudante, o sonho de ter experi\u00eancia no exterior, a ascens\u00e3o social, atrav\u00e9s da educa\u00e7\u00e3o, do conhecimento, de oportunidades. \u201cEssa quest\u00e3o me parece muito importante para combater esse tipo de horizonte negativo que ocorreu durante a pandemia, n\u00e3o s\u00f3 para os estudantes, mas tamb\u00e9m para os pais\u201d, disse Ivana.<\/p>\n<p>&nbsp;<\/p>\n<p><em>Fonte: Ag\u00eancia Brasil<\/em><\/p>","protected":false},"excerpt":{"rendered":"<p>De volta ao formato presencial, ap\u00f3s a pandemia da covid-19, a Universidade Federal do Rio de Janeiro (UFRJ) realiza, na Cidade Universit\u00e1ria, no per\u00edodo de 9 a 11 deste m\u00eas, o evento Conhecendo a UFRJ 2023. O hor\u00e1rio de funcionamento ser\u00e1 de 9h \u00e0s 17h, diariamente. A \u00faltima edi\u00e7\u00e3o presencial do evento aconteceu em 2019. Mais de 5 mil estudantes de 153 escolas p\u00fablicas e privadas do ensino m\u00e9dio e de cursos pr\u00e9-vestibular agendaram visitas \u00e0 universidade, onde poder\u00e3o conhecer os mais de 170 cursos de gradua\u00e7\u00e3o oferecidos e os m\u00faltiplos ambientes do conhecimento. Em todos os dias de evento, [&hellip;]<\/p>\n","protected":false},"author":4,"featured_media":4361,"comment_status":"open","ping_status":"open","sticky":false,"template":"","format":"standard","meta":{"footnotes":""},"categories":[646],"tags":[3006,3007,611,648,2550],"class_list":["post-4360","post","type-post","status-publish","format-standard","has-post-thumbnail","hentry","category-educacao","tag-cidade-universitaria","tag-conhecendo-a-ufrj-2023","tag-educacao","tag-estudantes","tag-ufrj","post--single"],"yoast_head":"<!-- This site is optimized with the Yoast SEO plugin v27.4 - https:\/\/yoast.com\/product\/yoast-seo-wordpress\/ -->\n<title>Evento incentiva estudantes a conhecerem a UFRJ &#8226; Folha do Leste<\/title>\n<meta name=\"description\" content=\"De volta ao formato presencial, ap\u00f3s a pandemia da covid-19, a Universidade Federal do Rio de Janeiro (UFRJ) realiza, na Cidade Universit\u00e1ria, no per\u00edodo de 9 a 11 deste m\u00eas\" \/>\n<meta name=\"robots\" content=\"index, follow, max-snippet:-1, max-image-preview:large, max-video-preview:-1\" \/>\n<link rel=\"canonical\" href=\"https:\/\/folhadoleste.com.br\/en\/evento-incentiva-estudantes-a-conhecerem-a-ufrj\/\" \/>\n<meta property=\"og:locale\" content=\"en_US\" \/>\n<meta property=\"og:type\" content=\"article\" \/>\n<meta property=\"og:title\" content=\"Evento incentiva estudantes a conhecerem a UFRJ &#8226; Folha do Leste\" \/>\n<meta property=\"og:description\" content=\"De volta ao formato presencial, ap\u00f3s a pandemia da covid-19, a Universidade Federal do Rio de Janeiro (UFRJ) realiza, na Cidade Universit\u00e1ria, no per\u00edodo de 9 a 11 deste m\u00eas\" \/>\n<meta property=\"og:url\" content=\"https:\/\/folhadoleste.com.br\/en\/evento-incentiva-estudantes-a-conhecerem-a-ufrj\/\" \/>\n<meta property=\"og:site_name\" content=\"Folha do Leste\" \/>\n<meta property=\"article:publisher\" content=\"https:\/\/www.facebook.com\/folhadoleste\" \/>\n<meta property=\"article:published_time\" content=\"2023-05-07T14:38:34+00:00\" \/>\n<meta property=\"article:modified_time\" content=\"2023-05-07T17:17:19+00:00\" \/>\n<meta property=\"og:image\" content=\"https:\/\/folhadoleste.com.br\/wp-content\/uploads\/2023\/05\/Evento-incentiva-estudantes-a-conhecerem-a-UFRJ-Universidade-Federal-do-RJ-Agencia-Brasil.jpg\" \/>\n\t<meta property=\"og:image:width\" content=\"1170\" \/>\n\t<meta property=\"og:image:height\" content=\"700\" \/>\n\t<meta property=\"og:image:type\" content=\"image\/jpeg\" \/>\n<meta name=\"author\" content=\"Folha do Leste\" \/>\n<meta name=\"twitter:card\" content=\"summary_large_image\" \/>\n<meta name=\"twitter:creator\" content=\"@FolhadoLesteRJ\" \/>\n<meta name=\"twitter:site\" content=\"@FolhadoLesteRJ\" \/>\n<meta name=\"twitter:label1\" content=\"Written by\" \/>\n\t<meta name=\"twitter:data1\" content=\"Folha do Leste\" \/>\n\t<meta name=\"twitter:label2\" content=\"Est. reading time\" \/>\n\t<meta name=\"twitter:data2\" content=\"4 minutes\" \/>\n<script type=\"application\/ld+json\" class=\"yoast-schema-graph\">{\"@context\":\"https:\\\/\\\/schema.org\",\"@graph\":[{\"@type\":\"NewsArticle\",\"@id\":\"https:\\\/\\\/folhadoleste.com.br\\\/evento-incentiva-estudantes-a-conhecerem-a-ufrj\\\/#article\",\"isPartOf\":{\"@id\":\"https:\\\/\\\/folhadoleste.com.br\\\/evento-incentiva-estudantes-a-conhecerem-a-ufrj\\\/\"},\"author\":{\"name\":\"Folha do Leste\",\"@id\":\"https:\\\/\\\/folhadoleste.com.br\\\/#\\\/schema\\\/person\\\/3e97145b2e1861276e84471aa85a3899\"},\"headline\":\"Evento incentiva estudantes a conhecerem a UFRJ\",\"datePublished\":\"2023-05-07T14:38:34+00:00\",\"dateModified\":\"2023-05-07T17:17:19+00:00\",\"mainEntityOfPage\":{\"@id\":\"https:\\\/\\\/folhadoleste.com.br\\\/evento-incentiva-estudantes-a-conhecerem-a-ufrj\\\/\"},\"wordCount\":712,\"commentCount\":0,\"publisher\":{\"@id\":\"https:\\\/\\\/folhadoleste.com.br\\\/#organization\"},\"image\":{\"@id\":\"https:\\\/\\\/folhadoleste.com.br\\\/evento-incentiva-estudantes-a-conhecerem-a-ufrj\\\/#primaryimage\"},\"thumbnailUrl\":\"https:\\\/\\\/folhadoleste.com.br\\\/wp-content\\\/uploads\\\/2023\\\/05\\\/Evento-incentiva-estudantes-a-conhecerem-a-UFRJ-Universidade-Federal-do-RJ-Agencia-Brasil.jpg\",\"keywords\":[\"Cidade Universitaria\",\"Conhecendo a UFRJ 2023\",\"educa\u00e7\u00e3o\",\"estudantes\",\"UFRJ\"],\"articleSection\":[\"Educa\u00e7\u00e3o\"],\"inLanguage\":\"en-US\",\"potentialAction\":[{\"@type\":\"CommentAction\",\"name\":\"Comment\",\"target\":[\"https:\\\/\\\/folhadoleste.com.br\\\/evento-incentiva-estudantes-a-conhecerem-a-ufrj\\\/#respond\"]}]},{\"@type\":\"WebPage\",\"@id\":\"https:\\\/\\\/folhadoleste.com.br\\\/evento-incentiva-estudantes-a-conhecerem-a-ufrj\\\/\",\"url\":\"https:\\\/\\\/folhadoleste.com.br\\\/evento-incentiva-estudantes-a-conhecerem-a-ufrj\\\/\",\"name\":\"Evento incentiva estudantes a conhecerem a UFRJ &#8226; Folha do Leste\",\"isPartOf\":{\"@id\":\"https:\\\/\\\/folhadoleste.com.br\\\/#website\"},\"primaryImageOfPage\":{\"@id\":\"https:\\\/\\\/folhadoleste.com.br\\\/evento-incentiva-estudantes-a-conhecerem-a-ufrj\\\/#primaryimage\"},\"image\":{\"@id\":\"https:\\\/\\\/folhadoleste.com.br\\\/evento-incentiva-estudantes-a-conhecerem-a-ufrj\\\/#primaryimage\"},\"thumbnailUrl\":\"https:\\\/\\\/folhadoleste.com.br\\\/wp-content\\\/uploads\\\/2023\\\/05\\\/Evento-incentiva-estudantes-a-conhecerem-a-UFRJ-Universidade-Federal-do-RJ-Agencia-Brasil.jpg\",\"datePublished\":\"2023-05-07T14:38:34+00:00\",\"dateModified\":\"2023-05-07T17:17:19+00:00\",\"description\":\"De volta ao formato presencial, ap\u00f3s a pandemia da covid-19, a Universidade Federal do Rio de Janeiro (UFRJ) realiza, na Cidade Universit\u00e1ria, no per\u00edodo de 9 a 11 deste m\u00eas\",\"breadcrumb\":{\"@id\":\"https:\\\/\\\/folhadoleste.com.br\\\/evento-incentiva-estudantes-a-conhecerem-a-ufrj\\\/#breadcrumb\"},\"inLanguage\":\"en-US\",\"potentialAction\":[{\"@type\":\"ReadAction\",\"target\":[\"https:\\\/\\\/folhadoleste.com.br\\\/evento-incentiva-estudantes-a-conhecerem-a-ufrj\\\/\"]}]},{\"@type\":\"ImageObject\",\"inLanguage\":\"en-US\",\"@id\":\"https:\\\/\\\/folhadoleste.com.br\\\/evento-incentiva-estudantes-a-conhecerem-a-ufrj\\\/#primaryimage\",\"url\":\"https:\\\/\\\/folhadoleste.com.br\\\/wp-content\\\/uploads\\\/2023\\\/05\\\/Evento-incentiva-estudantes-a-conhecerem-a-UFRJ-Universidade-Federal-do-RJ-Agencia-Brasil.jpg\",\"contentUrl\":\"https:\\\/\\\/folhadoleste.com.br\\\/wp-content\\\/uploads\\\/2023\\\/05\\\/Evento-incentiva-estudantes-a-conhecerem-a-UFRJ-Universidade-Federal-do-RJ-Agencia-Brasil.jpg\",\"width\":1170,\"height\":700},{\"@type\":\"BreadcrumbList\",\"@id\":\"https:\\\/\\\/folhadoleste.com.br\\\/evento-incentiva-estudantes-a-conhecerem-a-ufrj\\\/#breadcrumb\",\"itemListElement\":[{\"@type\":\"ListItem\",\"position\":1,\"name\":\"In\u00edcio\",\"item\":\"https:\\\/\\\/folhadoleste.com.br\\\/\"},{\"@type\":\"ListItem\",\"position\":2,\"name\":\"Brasil\",\"item\":\"https:\\\/\\\/folhadoleste.com.br\\\/category\\\/brasil\\\/\"},{\"@type\":\"ListItem\",\"position\":3,\"name\":\"Educa\u00e7\u00e3o\",\"item\":\"https:\\\/\\\/folhadoleste.com.br\\\/category\\\/brasil\\\/educacao\\\/\"},{\"@type\":\"ListItem\",\"position\":4,\"name\":\"Evento incentiva estudantes a conhecerem a UFRJ\"}]},{\"@type\":\"WebSite\",\"@id\":\"https:\\\/\\\/folhadoleste.com.br\\\/#website\",\"url\":\"https:\\\/\\\/folhadoleste.com.br\\\/\",\"name\":\"Folha do Leste\",\"description\":\"Portal de Not\u00edcias com \u00eanfase em Niter\u00f3i, criando conte\u00fados desde a capital Rio de Janeiro, com olhar para o Leste Fluminense e suas cidades como S\u00e3o Gon\u00e7alo, Itabora\u00ed, Rio Bonito, Maric\u00e1, Saquarema e Araruama\",\"publisher\":{\"@id\":\"https:\\\/\\\/folhadoleste.com.br\\\/#organization\"},\"alternateName\":\"FL\",\"potentialAction\":[{\"@type\":\"SearchAction\",\"target\":{\"@type\":\"EntryPoint\",\"urlTemplate\":\"https:\\\/\\\/folhadoleste.com.br\\\/?s={search_term_string}\"},\"query-input\":{\"@type\":\"PropertyValueSpecification\",\"valueRequired\":true,\"valueName\":\"search_term_string\"}}],\"inLanguage\":\"en-US\"},{\"@type\":\"Organization\",\"@id\":\"https:\\\/\\\/folhadoleste.com.br\\\/#organization\",\"name\":\"Brasil 21 Comunica\u00e7\u00e3o\",\"alternateName\":\"BR21\",\"url\":\"https:\\\/\\\/folhadoleste.com.br\\\/\",\"logo\":{\"@type\":\"ImageObject\",\"inLanguage\":\"en-US\",\"@id\":\"https:\\\/\\\/folhadoleste.com.br\\\/#\\\/schema\\\/logo\\\/image\\\/\",\"url\":\"https:\\\/\\\/folhadoleste.com.br\\\/wp-content\\\/uploads\\\/2025\\\/12\\\/brasil-21-logomarca.avif\",\"contentUrl\":\"https:\\\/\\\/folhadoleste.com.br\\\/wp-content\\\/uploads\\\/2025\\\/12\\\/brasil-21-logomarca.avif\",\"width\":1044,\"height\":1044,\"caption\":\"Brasil 21 Comunica\u00e7\u00e3o\"},\"image\":{\"@id\":\"https:\\\/\\\/folhadoleste.com.br\\\/#\\\/schema\\\/logo\\\/image\\\/\"},\"sameAs\":[\"https:\\\/\\\/www.facebook.com\\\/folhadoleste\",\"https:\\\/\\\/x.com\\\/FolhadoLesteRJ\",\"https:\\\/\\\/www.instagram.com\\\/folhadoleste\\\/\"]},{\"@type\":\"Person\",\"@id\":\"https:\\\/\\\/folhadoleste.com.br\\\/#\\\/schema\\\/person\\\/3e97145b2e1861276e84471aa85a3899\",\"name\":\"Folha do Leste\",\"image\":{\"@type\":\"ImageObject\",\"inLanguage\":\"en-US\",\"@id\":\"https:\\\/\\\/folhadoleste.com.br\\\/wp-content\\\/litespeed\\\/avatar\\\/1ca8c218432e7045e748610eb3db0259.jpg?ver=1777161142\",\"url\":\"https:\\\/\\\/folhadoleste.com.br\\\/wp-content\\\/litespeed\\\/avatar\\\/1ca8c218432e7045e748610eb3db0259.jpg?ver=1777161142\",\"contentUrl\":\"https:\\\/\\\/folhadoleste.com.br\\\/wp-content\\\/litespeed\\\/avatar\\\/1ca8c218432e7045e748610eb3db0259.jpg?ver=1777161142\",\"caption\":\"Folha do Leste\"},\"url\":\"https:\\\/\\\/folhadoleste.com.br\\\/en\\\/author\\\/reportagem-01\\\/\"}]}<\/script>\n<!-- \/ Yoast SEO plugin. -->","yoast_head_json":{"title":"Evento incentiva estudantes a conhecerem a UFRJ &#8226; Folha do Leste","description":"De volta ao formato presencial, ap\u00f3s a pandemia da covid-19, a Universidade Federal do Rio de Janeiro (UFRJ) realiza, na Cidade Universit\u00e1ria, no per\u00edodo de 9 a 11 deste m\u00eas","robots":{"index":"index","follow":"follow","max-snippet":"max-snippet:-1","max-image-preview":"max-image-preview:large","max-video-preview":"max-video-preview:-1"},"canonical":"https:\/\/folhadoleste.com.br\/en\/evento-incentiva-estudantes-a-conhecerem-a-ufrj\/","og_locale":"en_US","og_type":"article","og_title":"Evento incentiva estudantes a conhecerem a UFRJ &#8226; Folha do Leste","og_description":"De volta ao formato presencial, ap\u00f3s a pandemia da covid-19, a Universidade Federal do Rio de Janeiro (UFRJ) realiza, na Cidade Universit\u00e1ria, no per\u00edodo de 9 a 11 deste m\u00eas","og_url":"https:\/\/folhadoleste.com.br\/en\/evento-incentiva-estudantes-a-conhecerem-a-ufrj\/","og_site_name":"Folha do Leste","article_publisher":"https:\/\/www.facebook.com\/folhadoleste","article_published_time":"2023-05-07T14:38:34+00:00","article_modified_time":"2023-05-07T17:17:19+00:00","og_image":[{"width":1170,"height":700,"url":"https:\/\/folhadoleste.com.br\/wp-content\/uploads\/2023\/05\/Evento-incentiva-estudantes-a-conhecerem-a-UFRJ-Universidade-Federal-do-RJ-Agencia-Brasil.jpg","type":"image\/jpeg"}],"author":"Folha do Leste","twitter_card":"summary_large_image","twitter_creator":"@FolhadoLesteRJ","twitter_site":"@FolhadoLesteRJ","twitter_misc":{"Written by":"Folha do Leste","Est. reading time":"4 minutes"},"schema":{"@context":"https:\/\/schema.org","@graph":[{"@type":"NewsArticle","@id":"https:\/\/folhadoleste.com.br\/evento-incentiva-estudantes-a-conhecerem-a-ufrj\/#article","isPartOf":{"@id":"https:\/\/folhadoleste.com.br\/evento-incentiva-estudantes-a-conhecerem-a-ufrj\/"},"author":{"name":"Folha do Leste","@id":"https:\/\/folhadoleste.com.br\/#\/schema\/person\/3e97145b2e1861276e84471aa85a3899"},"headline":"Evento incentiva estudantes a conhecerem a UFRJ","datePublished":"2023-05-07T14:38:34+00:00","dateModified":"2023-05-07T17:17:19+00:00","mainEntityOfPage":{"@id":"https:\/\/folhadoleste.com.br\/evento-incentiva-estudantes-a-conhecerem-a-ufrj\/"},"wordCount":712,"commentCount":0,"publisher":{"@id":"https:\/\/folhadoleste.com.br\/#organization"},"image":{"@id":"https:\/\/folhadoleste.com.br\/evento-incentiva-estudantes-a-conhecerem-a-ufrj\/#primaryimage"},"thumbnailUrl":"https:\/\/folhadoleste.com.br\/wp-content\/uploads\/2023\/05\/Evento-incentiva-estudantes-a-conhecerem-a-UFRJ-Universidade-Federal-do-RJ-Agencia-Brasil.jpg","keywords":["Cidade Universitaria","Conhecendo a UFRJ 2023","educa\u00e7\u00e3o","estudantes","UFRJ"],"articleSection":["Educa\u00e7\u00e3o"],"inLanguage":"en-US","potentialAction":[{"@type":"CommentAction","name":"Comment","target":["https:\/\/folhadoleste.com.br\/evento-incentiva-estudantes-a-conhecerem-a-ufrj\/#respond"]}]},{"@type":"WebPage","@id":"https:\/\/folhadoleste.com.br\/evento-incentiva-estudantes-a-conhecerem-a-ufrj\/","url":"https:\/\/folhadoleste.com.br\/evento-incentiva-estudantes-a-conhecerem-a-ufrj\/","name":"Evento incentiva estudantes a conhecerem a UFRJ &#8226; Folha do Leste","isPartOf":{"@id":"https:\/\/folhadoleste.com.br\/#website"},"primaryImageOfPage":{"@id":"https:\/\/folhadoleste.com.br\/evento-incentiva-estudantes-a-conhecerem-a-ufrj\/#primaryimage"},"image":{"@id":"https:\/\/folhadoleste.com.br\/evento-incentiva-estudantes-a-conhecerem-a-ufrj\/#primaryimage"},"thumbnailUrl":"https:\/\/folhadoleste.com.br\/wp-content\/uploads\/2023\/05\/Evento-incentiva-estudantes-a-conhecerem-a-UFRJ-Universidade-Federal-do-RJ-Agencia-Brasil.jpg","datePublished":"2023-05-07T14:38:34+00:00","dateModified":"2023-05-07T17:17:19+00:00","description":"De volta ao formato presencial, ap\u00f3s a pandemia da covid-19, a Universidade Federal do Rio de Janeiro (UFRJ) realiza, na Cidade Universit\u00e1ria, no per\u00edodo de 9 a 11 deste m\u00eas","breadcrumb":{"@id":"https:\/\/folhadoleste.com.br\/evento-incentiva-estudantes-a-conhecerem-a-ufrj\/#breadcrumb"},"inLanguage":"en-US","potentialAction":[{"@type":"ReadAction","target":["https:\/\/folhadoleste.com.br\/evento-incentiva-estudantes-a-conhecerem-a-ufrj\/"]}]},{"@type":"ImageObject","inLanguage":"en-US","@id":"https:\/\/folhadoleste.com.br\/evento-incentiva-estudantes-a-conhecerem-a-ufrj\/#primaryimage","url":"https:\/\/folhadoleste.com.br\/wp-content\/uploads\/2023\/05\/Evento-incentiva-estudantes-a-conhecerem-a-UFRJ-Universidade-Federal-do-RJ-Agencia-Brasil.jpg","contentUrl":"https:\/\/folhadoleste.com.br\/wp-content\/uploads\/2023\/05\/Evento-incentiva-estudantes-a-conhecerem-a-UFRJ-Universidade-Federal-do-RJ-Agencia-Brasil.jpg","width":1170,"height":700},{"@type":"BreadcrumbList","@id":"https:\/\/folhadoleste.com.br\/evento-incentiva-estudantes-a-conhecerem-a-ufrj\/#breadcrumb","itemListElement":[{"@type":"ListItem","position":1,"name":"In\u00edcio","item":"https:\/\/folhadoleste.com.br\/"},{"@type":"ListItem","position":2,"name":"Brasil","item":"https:\/\/folhadoleste.com.br\/category\/brasil\/"},{"@type":"ListItem","position":3,"name":"Educa\u00e7\u00e3o","item":"https:\/\/folhadoleste.com.br\/category\/brasil\/educacao\/"},{"@type":"ListItem","position":4,"name":"Evento incentiva estudantes a conhecerem a UFRJ"}]},{"@type":"WebSite","@id":"https:\/\/folhadoleste.com.br\/#website","url":"https:\/\/folhadoleste.com.br\/","name":"Folha do Leste","description":"Portal de Not\u00edcias com \u00eanfase em Niter\u00f3i, criando conte\u00fados desde a capital Rio de Janeiro, com olhar para o Leste Fluminense e suas cidades como S\u00e3o Gon\u00e7alo, Itabora\u00ed, Rio Bonito, Maric\u00e1, Saquarema e Araruama","publisher":{"@id":"https:\/\/folhadoleste.com.br\/#organization"},"alternateName":"FL","potentialAction":[{"@type":"SearchAction","target":{"@type":"EntryPoint","urlTemplate":"https:\/\/folhadoleste.com.br\/?s={search_term_string}"},"query-input":{"@type":"PropertyValueSpecification","valueRequired":true,"valueName":"search_term_string"}}],"inLanguage":"en-US"},{"@type":"Organization","@id":"https:\/\/folhadoleste.com.br\/#organization","name":"Brasil 21 Comunica\u00e7\u00e3o","alternateName":"BR21","url":"https:\/\/folhadoleste.com.br\/","logo":{"@type":"ImageObject","inLanguage":"en-US","@id":"https:\/\/folhadoleste.com.br\/#\/schema\/logo\/image\/","url":"https:\/\/folhadoleste.com.br\/wp-content\/uploads\/2025\/12\/brasil-21-logomarca.avif","contentUrl":"https:\/\/folhadoleste.com.br\/wp-content\/uploads\/2025\/12\/brasil-21-logomarca.avif","width":1044,"height":1044,"caption":"Brasil 21 Comunica\u00e7\u00e3o"},"image":{"@id":"https:\/\/folhadoleste.com.br\/#\/schema\/logo\/image\/"},"sameAs":["https:\/\/www.facebook.com\/folhadoleste","https:\/\/x.com\/FolhadoLesteRJ","https:\/\/www.instagram.com\/folhadoleste\/"]},{"@type":"Person","@id":"https:\/\/folhadoleste.com.br\/#\/schema\/person\/3e97145b2e1861276e84471aa85a3899","name":"Folha do Leste","image":{"@type":"ImageObject","inLanguage":"en-US","@id":"https:\/\/folhadoleste.com.br\/wp-content\/litespeed\/avatar\/1ca8c218432e7045e748610eb3db0259.jpg?ver=1777161142","url":"https:\/\/folhadoleste.com.br\/wp-content\/litespeed\/avatar\/1ca8c218432e7045e748610eb3db0259.jpg?ver=1777161142","contentUrl":"https:\/\/folhadoleste.com.br\/wp-content\/litespeed\/avatar\/1ca8c218432e7045e748610eb3db0259.jpg?ver=1777161142","caption":"Folha do Leste"},"url":"https:\/\/folhadoleste.com.br\/en\/author\/reportagem-01\/"}]}},"_links":{"self":[{"href":"https:\/\/folhadoleste.com.br\/en\/wp-json\/wp\/v2\/posts\/4360","targetHints":{"allow":["GET"]}}],"collection":[{"href":"https:\/\/folhadoleste.com.br\/en\/wp-json\/wp\/v2\/posts"}],"about":[{"href":"https:\/\/folhadoleste.com.br\/en\/wp-json\/wp\/v2\/types\/post"}],"author":[{"embeddable":true,"href":"https:\/\/folhadoleste.com.br\/en\/wp-json\/wp\/v2\/users\/4"}],"replies":[{"embeddable":true,"href":"https:\/\/folhadoleste.com.br\/en\/wp-json\/wp\/v2\/comments?post=4360"}],"version-history":[{"count":1,"href":"https:\/\/folhadoleste.com.br\/en\/wp-json\/wp\/v2\/posts\/4360\/revisions"}],"predecessor-version":[{"id":4362,"href":"https:\/\/folhadoleste.com.br\/en\/wp-json\/wp\/v2\/posts\/4360\/revisions\/4362"}],"wp:featuredmedia":[{"embeddable":true,"href":"https:\/\/folhadoleste.com.br\/en\/wp-json\/wp\/v2\/media\/4361"}],"wp:attachment":[{"href":"https:\/\/folhadoleste.com.br\/en\/wp-json\/wp\/v2\/media?parent=4360"}],"wp:term":[{"taxonomy":"category","embeddable":true,"href":"https:\/\/folhadoleste.com.br\/en\/wp-json\/wp\/v2\/categories?post=4360"},{"taxonomy":"post_tag","embeddable":true,"href":"https:\/\/folhadoleste.com.br\/en\/wp-json\/wp\/v2\/tags?post=4360"}],"curies":[{"name":"wp","href":"https:\/\/api.w.org\/{rel}","templated":true}]}}