{"id":42842,"date":"2024-01-04T10:57:58","date_gmt":"2024-01-04T13:57:58","guid":{"rendered":"https:\/\/folhadoleste.com.br\/?p=42842"},"modified":"2024-01-04T10:57:58","modified_gmt":"2024-01-04T13:57:58","slug":"inmetro-anuncia-projeto-para-descarbonizacao-do-transporte-rodoviario","status":"publish","type":"post","link":"https:\/\/folhadoleste.com.br\/en\/inmetro-anuncia-projeto-para-descarbonizacao-do-transporte-rodoviario\/","title":{"rendered":"Inmetro anuncia projeto para descarboniza\u00e7\u00e3o do transporte rodovi\u00e1rio"},"content":{"rendered":"<div id=\"attachment_42844\" style=\"width: 1180px\" class=\"wp-caption aligncenter\"><img decoding=\"async\" aria-describedby=\"caption-attachment-42844\" class=\"size-full wp-image-42844\" src=\"https:\/\/folhadoleste.com.br\/wp-content\/uploads\/2024\/01\/Inmetro-anuncia-projeto-para-descarbonizacao-do-transporte-rodoviario-Foto-Arquivo-Agencia-Brasil.webp\" alt=\"Inmetro anuncia projeto para descarboniza\u00e7\u00e3o do transporte rodovi\u00e1rio\" width=\"1170\" height=\"700\" \/><p id=\"caption-attachment-42844\" class=\"wp-caption-text\">Foto: Arquivo &#8211; Ag\u00eancia Brasil<\/p><\/div>\n<p>O Instituto Nacional de Metrologia, Qualidade e Tecnologia (Inmetro) aprovou\u00a0projeto para o desenvolvimento de um sistema de conectividade veicular com foco na redu\u00e7\u00e3o das emiss\u00f5es de carbono para o transporte rodovi\u00e1rio. A iniciativa, anunciada nessa ter\u00e7a-feira\u00a0(3), visa a auxiliar o desenvolvimento de tecnologias de descarboniza\u00e7\u00e3o para o setor.<img decoding=\"async\" src=\"https:\/\/agenciabrasil.ebc.com.br\/ebc.png?id=1575130&amp;o=node\" \/><img decoding=\"async\" src=\"https:\/\/agenciabrasil.ebc.com.br\/ebc.gif?id=1575130&amp;o=node\" \/><\/p>\n<p>Chamado de Descarbonize.ai: Sistema Integrado para An\u00e1lise, Monetiza\u00e7\u00e3o e Descarboniza\u00e7\u00e3o do Tr\u00e1fego Veicular, o programa\u00a0vai aplicar\u00a0nessa etapa R$ 18 milh\u00f5es em projetos colaborativos entre institui\u00e7\u00f5es de Ci\u00eancia e Tecnologia (ICTs) com empresas da cadeia automotiva e de tecnologia, a fim de gerar solu\u00e7\u00f5es de impacto e abrang\u00eancia.<\/p>\n<h4><a href=\"https:\/\/folhadoleste.com.br\/en\/category\/brasil\/\">\u201cLeia mais not\u00edcias sobre Brasil aqui\u201d<\/a><\/h4>\n<p>A iniciativa \u00e9 desenvolvida em parceria com as universidades federais do Rio Grande do Norte (UFRN) e de Pernambuco (UFPE), e com as empresas Embeddo Computa\u00e7\u00e3o Aplicada, Volkswagen Caminh\u00f5es e \u00d4nibus (VWTB), Peugeot Citroen Do Brasil, e FCA Fiat Chrysler.<\/p>\n<blockquote><p>\u201cA solu\u00e7\u00e3o abrange a utiliza\u00e7\u00e3o de tecnologias disruptivas como internet das coisas, intelig\u00eancia artificial e blockchain para viabilizar a gera\u00e7\u00e3o de ambiente sustent\u00e1vel que promova a transi\u00e7\u00e3o para uma frota veicular com maior efici\u00eancia energ\u00e9tica e menor emiss\u00e3o de gases. Nesse contexto, motoristas, gestores de frota, montadoras e corpora\u00e7\u00f5es em geral s\u00e3o incentivados a adotar\u00a0iniciativas ecologicamente respons\u00e1veis\u201d, informou o Inmetro.<\/p><\/blockquote>\n<p>Os recursos para o projeto s\u00e3o\u00a0do programa Rota 2030, iniciativa do governo federal\u00a0lan\u00e7ada em 2018, que define normas para a fabrica\u00e7\u00e3o e a comercializa\u00e7\u00e3o de ve\u00edculos nacionais\u00a0para os pr\u00f3ximos 15 anos.<\/p>\n<p>&nbsp;<\/p>\n<p><a href=\"https:\/\/www.instagram.com\/folhadoleste\/\"><img decoding=\"async\" class=\"aligncenter wp-image-15962\" src=\"https:\/\/folhadoleste.com.br\/wp-content\/uploads\/2023\/07\/instagram.jpg.webp\" alt=\"Itaipu-Itaipua\u00e7u: Caminh\u00e3o causa grave acidente na RJ-102, a estrada da Serrinha\" width=\"49\" height=\"49\" \/><\/a><a href=\"https:\/\/www.facebook.com\/folhadoleste\"><img decoding=\"async\" class=\"aligncenter wp-image-7424\" src=\"https:\/\/folhadoleste.com.br\/wp-content\/uploads\/2023\/05\/facebook-logo-3-1.png.webp\" alt=\"Itaipu-Itaipua\u00e7u: Caminh\u00e3o causa grave acidente na RJ-102, a estrada da Serrinha\" width=\"49\" height=\"49\" \/><\/a><\/p>\n<p>&nbsp;<\/p>\n<p>&nbsp;<\/p>\n<p>&nbsp;<\/p>\n<p>Fonte: Ag\u00eancia Brasil<\/p>","protected":false},"excerpt":{"rendered":"<p>O Instituto Nacional de Metrologia, Qualidade e Tecnologia (Inmetro) aprovou\u00a0projeto para o desenvolvimento de um sistema de conectividade veicular com foco na redu\u00e7\u00e3o das emiss\u00f5es de carbono para o transporte rodovi\u00e1rio. A iniciativa, anunciada nessa ter\u00e7a-feira\u00a0(3), visa a auxiliar o desenvolvimento de tecnologias de descarboniza\u00e7\u00e3o para o setor. Chamado de Descarbonize.ai: Sistema Integrado para An\u00e1lise, Monetiza\u00e7\u00e3o e Descarboniza\u00e7\u00e3o do Tr\u00e1fego Veicular, o programa\u00a0vai aplicar\u00a0nessa etapa R$ 18 milh\u00f5es em projetos colaborativos entre institui\u00e7\u00f5es de Ci\u00eancia e Tecnologia (ICTs) com empresas da cadeia automotiva e de tecnologia, a fim de gerar solu\u00e7\u00f5es de impacto e abrang\u00eancia. \u201cLeia mais not\u00edcias sobre Brasil [&hellip;]<\/p>\n","protected":false},"author":4,"featured_media":42844,"comment_status":"open","ping_status":"open","sticky":false,"template":"","format":"standard","meta":{"footnotes":""},"categories":[64],"tags":[16328,68,16324,16321,16323,16320,3000,16327,2251,16325,16326,16322],"class_list":["post-42842","post","type-post","status-publish","format-standard","has-post-thumbnail","hentry","category-brasil","tag-blockchain","tag-brasil","tag-conectividade-veicular","tag-descarbonizacao","tag-descarbonize-ai","tag-inmetro","tag-inteligencia-artificial","tag-internet-das-coisas","tag-projeto","tag-reducao-de-emissoes-de-carbono","tag-tecnologias-disruptivas","tag-transporte-rodoviario","post--single"],"yoast_head":"<!-- This site is optimized with the Yoast SEO plugin v27.4 - https:\/\/yoast.com\/product\/yoast-seo-wordpress\/ -->\n<title>Inmetro anuncia projeto para descarboniza\u00e7\u00e3o do transporte rodovi\u00e1rio<\/title>\n<meta name=\"description\" content=\"Inmetro aprova projeto para desenvolver sistema de conectividade veicular que visa reduzir emiss\u00f5es de carbono...\" \/>\n<meta name=\"robots\" content=\"index, follow, max-snippet:-1, max-image-preview:large, max-video-preview:-1\" \/>\n<link rel=\"canonical\" href=\"https:\/\/folhadoleste.com.br\/en\/inmetro-anuncia-projeto-para-descarbonizacao-do-transporte-rodoviario\/\" \/>\n<meta property=\"og:locale\" content=\"en_US\" \/>\n<meta property=\"og:type\" content=\"article\" \/>\n<meta property=\"og:title\" content=\"Inmetro anuncia projeto para descarboniza\u00e7\u00e3o do transporte rodovi\u00e1rio\" \/>\n<meta property=\"og:description\" content=\"Brasil &#8226; Folha do Leste\" \/>\n<meta property=\"og:url\" content=\"https:\/\/folhadoleste.com.br\/en\/inmetro-anuncia-projeto-para-descarbonizacao-do-transporte-rodoviario\/\" \/>\n<meta property=\"og:site_name\" content=\"Folha do Leste\" \/>\n<meta property=\"article:publisher\" content=\"https:\/\/www.facebook.com\/folhadoleste\" \/>\n<meta property=\"article:published_time\" content=\"2024-01-04T13:57:58+00:00\" \/>\n<meta property=\"og:image\" content=\"https:\/\/folhadoleste.com.br\/wp-content\/uploads\/2024\/01\/Inmetro-anuncia-projeto-para-descarbonizacao-do-transporte-rodoviario-Foto-Arquivo-Agencia-Brasil.webp\" \/>\n\t<meta property=\"og:image:width\" content=\"1170\" \/>\n\t<meta property=\"og:image:height\" content=\"700\" \/>\n\t<meta property=\"og:image:type\" content=\"image\/webp\" \/>\n<meta name=\"author\" content=\"Folha do Leste\" \/>\n<meta name=\"twitter:card\" content=\"summary_large_image\" \/>\n<meta name=\"twitter:creator\" content=\"@FolhadoLesteRJ\" \/>\n<meta name=\"twitter:site\" content=\"@FolhadoLesteRJ\" \/>\n<meta name=\"twitter:label1\" content=\"Written by\" \/>\n\t<meta name=\"twitter:data1\" content=\"Folha do Leste\" \/>\n\t<meta name=\"twitter:label2\" content=\"Est. reading time\" \/>\n\t<meta name=\"twitter:data2\" content=\"3 minutes\" \/>\n<script type=\"application\/ld+json\" class=\"yoast-schema-graph\">{\"@context\":\"https:\\\/\\\/schema.org\",\"@graph\":[{\"@type\":\"NewsArticle\",\"@id\":\"https:\\\/\\\/folhadoleste.com.br\\\/inmetro-anuncia-projeto-para-descarbonizacao-do-transporte-rodoviario\\\/#article\",\"isPartOf\":{\"@id\":\"https:\\\/\\\/folhadoleste.com.br\\\/inmetro-anuncia-projeto-para-descarbonizacao-do-transporte-rodoviario\\\/\"},\"author\":{\"name\":\"Folha do Leste\",\"@id\":\"https:\\\/\\\/folhadoleste.com.br\\\/#\\\/schema\\\/person\\\/3e97145b2e1861276e84471aa85a3899\"},\"headline\":\"Inmetro anuncia projeto para descarboniza\u00e7\u00e3o do transporte rodovi\u00e1rio\",\"datePublished\":\"2024-01-04T13:57:58+00:00\",\"mainEntityOfPage\":{\"@id\":\"https:\\\/\\\/folhadoleste.com.br\\\/inmetro-anuncia-projeto-para-descarbonizacao-do-transporte-rodoviario\\\/\"},\"wordCount\":301,\"commentCount\":0,\"publisher\":{\"@id\":\"https:\\\/\\\/folhadoleste.com.br\\\/#organization\"},\"image\":{\"@id\":\"https:\\\/\\\/folhadoleste.com.br\\\/inmetro-anuncia-projeto-para-descarbonizacao-do-transporte-rodoviario\\\/#primaryimage\"},\"thumbnailUrl\":\"https:\\\/\\\/folhadoleste.com.br\\\/wp-content\\\/uploads\\\/2024\\\/01\\\/Inmetro-anuncia-projeto-para-descarbonizacao-do-transporte-rodoviario-Foto-Arquivo-Agencia-Brasil.webp\",\"keywords\":[\"Blockchain\",\"Brasil\",\"Conectividade veicular\",\"descarboniza\u00e7\u00e3o\",\"Descarbonize.ai\",\"Inmetro\",\"Intelig\u00eancia Artificial\",\"Internet das coisas\",\"projeto\",\"Redu\u00e7\u00e3o de emiss\u00f5es de carbono\",\"Tecnologias disruptivas\",\"Transporte Rodovi\u00e1rio\"],\"articleSection\":[\"Brasil\"],\"inLanguage\":\"en-US\",\"potentialAction\":[{\"@type\":\"CommentAction\",\"name\":\"Comment\",\"target\":[\"https:\\\/\\\/folhadoleste.com.br\\\/inmetro-anuncia-projeto-para-descarbonizacao-do-transporte-rodoviario\\\/#respond\"]}]},{\"@type\":\"WebPage\",\"@id\":\"https:\\\/\\\/folhadoleste.com.br\\\/inmetro-anuncia-projeto-para-descarbonizacao-do-transporte-rodoviario\\\/\",\"url\":\"https:\\\/\\\/folhadoleste.com.br\\\/inmetro-anuncia-projeto-para-descarbonizacao-do-transporte-rodoviario\\\/\",\"name\":\"Inmetro anuncia projeto para descarboniza\u00e7\u00e3o do transporte rodovi\u00e1rio\",\"isPartOf\":{\"@id\":\"https:\\\/\\\/folhadoleste.com.br\\\/#website\"},\"primaryImageOfPage\":{\"@id\":\"https:\\\/\\\/folhadoleste.com.br\\\/inmetro-anuncia-projeto-para-descarbonizacao-do-transporte-rodoviario\\\/#primaryimage\"},\"image\":{\"@id\":\"https:\\\/\\\/folhadoleste.com.br\\\/inmetro-anuncia-projeto-para-descarbonizacao-do-transporte-rodoviario\\\/#primaryimage\"},\"thumbnailUrl\":\"https:\\\/\\\/folhadoleste.com.br\\\/wp-content\\\/uploads\\\/2024\\\/01\\\/Inmetro-anuncia-projeto-para-descarbonizacao-do-transporte-rodoviario-Foto-Arquivo-Agencia-Brasil.webp\",\"datePublished\":\"2024-01-04T13:57:58+00:00\",\"description\":\"Inmetro aprova projeto para desenvolver sistema de conectividade veicular que visa reduzir emiss\u00f5es de carbono...\",\"breadcrumb\":{\"@id\":\"https:\\\/\\\/folhadoleste.com.br\\\/inmetro-anuncia-projeto-para-descarbonizacao-do-transporte-rodoviario\\\/#breadcrumb\"},\"inLanguage\":\"en-US\",\"potentialAction\":[{\"@type\":\"ReadAction\",\"target\":[\"https:\\\/\\\/folhadoleste.com.br\\\/inmetro-anuncia-projeto-para-descarbonizacao-do-transporte-rodoviario\\\/\"]}]},{\"@type\":\"ImageObject\",\"inLanguage\":\"en-US\",\"@id\":\"https:\\\/\\\/folhadoleste.com.br\\\/inmetro-anuncia-projeto-para-descarbonizacao-do-transporte-rodoviario\\\/#primaryimage\",\"url\":\"https:\\\/\\\/folhadoleste.com.br\\\/wp-content\\\/uploads\\\/2024\\\/01\\\/Inmetro-anuncia-projeto-para-descarbonizacao-do-transporte-rodoviario-Foto-Arquivo-Agencia-Brasil.webp\",\"contentUrl\":\"https:\\\/\\\/folhadoleste.com.br\\\/wp-content\\\/uploads\\\/2024\\\/01\\\/Inmetro-anuncia-projeto-para-descarbonizacao-do-transporte-rodoviario-Foto-Arquivo-Agencia-Brasil.webp\",\"width\":1170,\"height\":700,\"caption\":\"Foto: Arquivo - Ag\u00eancia Brasil\"},{\"@type\":\"BreadcrumbList\",\"@id\":\"https:\\\/\\\/folhadoleste.com.br\\\/inmetro-anuncia-projeto-para-descarbonizacao-do-transporte-rodoviario\\\/#breadcrumb\",\"itemListElement\":[{\"@type\":\"ListItem\",\"position\":1,\"name\":\"In\u00edcio\",\"item\":\"https:\\\/\\\/folhadoleste.com.br\\\/\"},{\"@type\":\"ListItem\",\"position\":2,\"name\":\"Brasil\",\"item\":\"https:\\\/\\\/folhadoleste.com.br\\\/category\\\/brasil\\\/\"},{\"@type\":\"ListItem\",\"position\":3,\"name\":\"Inmetro anuncia projeto para descarboniza\u00e7\u00e3o do transporte rodovi\u00e1rio\"}]},{\"@type\":\"WebSite\",\"@id\":\"https:\\\/\\\/folhadoleste.com.br\\\/#website\",\"url\":\"https:\\\/\\\/folhadoleste.com.br\\\/\",\"name\":\"Folha do Leste\",\"description\":\"Portal de Not\u00edcias com \u00eanfase em Niter\u00f3i, criando conte\u00fados desde a capital Rio de Janeiro, com olhar para o Leste Fluminense e suas cidades como S\u00e3o Gon\u00e7alo, Itabora\u00ed, Rio Bonito, Maric\u00e1, Saquarema e Araruama\",\"publisher\":{\"@id\":\"https:\\\/\\\/folhadoleste.com.br\\\/#organization\"},\"alternateName\":\"FL\",\"potentialAction\":[{\"@type\":\"SearchAction\",\"target\":{\"@type\":\"EntryPoint\",\"urlTemplate\":\"https:\\\/\\\/folhadoleste.com.br\\\/?s={search_term_string}\"},\"query-input\":{\"@type\":\"PropertyValueSpecification\",\"valueRequired\":true,\"valueName\":\"search_term_string\"}}],\"inLanguage\":\"en-US\"},{\"@type\":\"Organization\",\"@id\":\"https:\\\/\\\/folhadoleste.com.br\\\/#organization\",\"name\":\"Brasil 21 Comunica\u00e7\u00e3o\",\"alternateName\":\"BR21\",\"url\":\"https:\\\/\\\/folhadoleste.com.br\\\/\",\"logo\":{\"@type\":\"ImageObject\",\"inLanguage\":\"en-US\",\"@id\":\"https:\\\/\\\/folhadoleste.com.br\\\/#\\\/schema\\\/logo\\\/image\\\/\",\"url\":\"https:\\\/\\\/folhadoleste.com.br\\\/wp-content\\\/uploads\\\/2025\\\/12\\\/brasil-21-logomarca.avif\",\"contentUrl\":\"https:\\\/\\\/folhadoleste.com.br\\\/wp-content\\\/uploads\\\/2025\\\/12\\\/brasil-21-logomarca.avif\",\"width\":1044,\"height\":1044,\"caption\":\"Brasil 21 Comunica\u00e7\u00e3o\"},\"image\":{\"@id\":\"https:\\\/\\\/folhadoleste.com.br\\\/#\\\/schema\\\/logo\\\/image\\\/\"},\"sameAs\":[\"https:\\\/\\\/www.facebook.com\\\/folhadoleste\",\"https:\\\/\\\/x.com\\\/FolhadoLesteRJ\",\"https:\\\/\\\/www.instagram.com\\\/folhadoleste\\\/\"]},{\"@type\":\"Person\",\"@id\":\"https:\\\/\\\/folhadoleste.com.br\\\/#\\\/schema\\\/person\\\/3e97145b2e1861276e84471aa85a3899\",\"name\":\"Folha do Leste\",\"image\":{\"@type\":\"ImageObject\",\"inLanguage\":\"en-US\",\"@id\":\"https:\\\/\\\/folhadoleste.com.br\\\/wp-content\\\/litespeed\\\/avatar\\\/1ca8c218432e7045e748610eb3db0259.jpg?ver=1776693931\",\"url\":\"https:\\\/\\\/folhadoleste.com.br\\\/wp-content\\\/litespeed\\\/avatar\\\/1ca8c218432e7045e748610eb3db0259.jpg?ver=1776693931\",\"contentUrl\":\"https:\\\/\\\/folhadoleste.com.br\\\/wp-content\\\/litespeed\\\/avatar\\\/1ca8c218432e7045e748610eb3db0259.jpg?ver=1776693931\",\"caption\":\"Folha do Leste\"},\"url\":\"https:\\\/\\\/folhadoleste.com.br\\\/en\\\/author\\\/reportagem-01\\\/\"}]}<\/script>\n<!-- \/ Yoast SEO plugin. -->","yoast_head_json":{"title":"Inmetro anuncia projeto para descarboniza\u00e7\u00e3o do transporte rodovi\u00e1rio","description":"Inmetro aprova projeto para desenvolver sistema de conectividade veicular que visa reduzir emiss\u00f5es de carbono...","robots":{"index":"index","follow":"follow","max-snippet":"max-snippet:-1","max-image-preview":"max-image-preview:large","max-video-preview":"max-video-preview:-1"},"canonical":"https:\/\/folhadoleste.com.br\/en\/inmetro-anuncia-projeto-para-descarbonizacao-do-transporte-rodoviario\/","og_locale":"en_US","og_type":"article","og_title":"Inmetro anuncia projeto para descarboniza\u00e7\u00e3o do transporte rodovi\u00e1rio","og_description":"Brasil &#8226; Folha do Leste","og_url":"https:\/\/folhadoleste.com.br\/en\/inmetro-anuncia-projeto-para-descarbonizacao-do-transporte-rodoviario\/","og_site_name":"Folha do Leste","article_publisher":"https:\/\/www.facebook.com\/folhadoleste","article_published_time":"2024-01-04T13:57:58+00:00","og_image":[{"width":1170,"height":700,"url":"https:\/\/folhadoleste.com.br\/wp-content\/uploads\/2024\/01\/Inmetro-anuncia-projeto-para-descarbonizacao-do-transporte-rodoviario-Foto-Arquivo-Agencia-Brasil.webp","type":"image\/webp"}],"author":"Folha do Leste","twitter_card":"summary_large_image","twitter_creator":"@FolhadoLesteRJ","twitter_site":"@FolhadoLesteRJ","twitter_misc":{"Written by":"Folha do Leste","Est. reading time":"3 minutes"},"schema":{"@context":"https:\/\/schema.org","@graph":[{"@type":"NewsArticle","@id":"https:\/\/folhadoleste.com.br\/inmetro-anuncia-projeto-para-descarbonizacao-do-transporte-rodoviario\/#article","isPartOf":{"@id":"https:\/\/folhadoleste.com.br\/inmetro-anuncia-projeto-para-descarbonizacao-do-transporte-rodoviario\/"},"author":{"name":"Folha do Leste","@id":"https:\/\/folhadoleste.com.br\/#\/schema\/person\/3e97145b2e1861276e84471aa85a3899"},"headline":"Inmetro anuncia projeto para descarboniza\u00e7\u00e3o do transporte rodovi\u00e1rio","datePublished":"2024-01-04T13:57:58+00:00","mainEntityOfPage":{"@id":"https:\/\/folhadoleste.com.br\/inmetro-anuncia-projeto-para-descarbonizacao-do-transporte-rodoviario\/"},"wordCount":301,"commentCount":0,"publisher":{"@id":"https:\/\/folhadoleste.com.br\/#organization"},"image":{"@id":"https:\/\/folhadoleste.com.br\/inmetro-anuncia-projeto-para-descarbonizacao-do-transporte-rodoviario\/#primaryimage"},"thumbnailUrl":"https:\/\/folhadoleste.com.br\/wp-content\/uploads\/2024\/01\/Inmetro-anuncia-projeto-para-descarbonizacao-do-transporte-rodoviario-Foto-Arquivo-Agencia-Brasil.webp","keywords":["Blockchain","Brasil","Conectividade veicular","descarboniza\u00e7\u00e3o","Descarbonize.ai","Inmetro","Intelig\u00eancia Artificial","Internet das coisas","projeto","Redu\u00e7\u00e3o de emiss\u00f5es de carbono","Tecnologias disruptivas","Transporte Rodovi\u00e1rio"],"articleSection":["Brasil"],"inLanguage":"en-US","potentialAction":[{"@type":"CommentAction","name":"Comment","target":["https:\/\/folhadoleste.com.br\/inmetro-anuncia-projeto-para-descarbonizacao-do-transporte-rodoviario\/#respond"]}]},{"@type":"WebPage","@id":"https:\/\/folhadoleste.com.br\/inmetro-anuncia-projeto-para-descarbonizacao-do-transporte-rodoviario\/","url":"https:\/\/folhadoleste.com.br\/inmetro-anuncia-projeto-para-descarbonizacao-do-transporte-rodoviario\/","name":"Inmetro anuncia projeto para descarboniza\u00e7\u00e3o do transporte rodovi\u00e1rio","isPartOf":{"@id":"https:\/\/folhadoleste.com.br\/#website"},"primaryImageOfPage":{"@id":"https:\/\/folhadoleste.com.br\/inmetro-anuncia-projeto-para-descarbonizacao-do-transporte-rodoviario\/#primaryimage"},"image":{"@id":"https:\/\/folhadoleste.com.br\/inmetro-anuncia-projeto-para-descarbonizacao-do-transporte-rodoviario\/#primaryimage"},"thumbnailUrl":"https:\/\/folhadoleste.com.br\/wp-content\/uploads\/2024\/01\/Inmetro-anuncia-projeto-para-descarbonizacao-do-transporte-rodoviario-Foto-Arquivo-Agencia-Brasil.webp","datePublished":"2024-01-04T13:57:58+00:00","description":"Inmetro aprova projeto para desenvolver sistema de conectividade veicular que visa reduzir emiss\u00f5es de carbono...","breadcrumb":{"@id":"https:\/\/folhadoleste.com.br\/inmetro-anuncia-projeto-para-descarbonizacao-do-transporte-rodoviario\/#breadcrumb"},"inLanguage":"en-US","potentialAction":[{"@type":"ReadAction","target":["https:\/\/folhadoleste.com.br\/inmetro-anuncia-projeto-para-descarbonizacao-do-transporte-rodoviario\/"]}]},{"@type":"ImageObject","inLanguage":"en-US","@id":"https:\/\/folhadoleste.com.br\/inmetro-anuncia-projeto-para-descarbonizacao-do-transporte-rodoviario\/#primaryimage","url":"https:\/\/folhadoleste.com.br\/wp-content\/uploads\/2024\/01\/Inmetro-anuncia-projeto-para-descarbonizacao-do-transporte-rodoviario-Foto-Arquivo-Agencia-Brasil.webp","contentUrl":"https:\/\/folhadoleste.com.br\/wp-content\/uploads\/2024\/01\/Inmetro-anuncia-projeto-para-descarbonizacao-do-transporte-rodoviario-Foto-Arquivo-Agencia-Brasil.webp","width":1170,"height":700,"caption":"Foto: Arquivo - Ag\u00eancia Brasil"},{"@type":"BreadcrumbList","@id":"https:\/\/folhadoleste.com.br\/inmetro-anuncia-projeto-para-descarbonizacao-do-transporte-rodoviario\/#breadcrumb","itemListElement":[{"@type":"ListItem","position":1,"name":"In\u00edcio","item":"https:\/\/folhadoleste.com.br\/"},{"@type":"ListItem","position":2,"name":"Brasil","item":"https:\/\/folhadoleste.com.br\/category\/brasil\/"},{"@type":"ListItem","position":3,"name":"Inmetro anuncia projeto para descarboniza\u00e7\u00e3o do transporte rodovi\u00e1rio"}]},{"@type":"WebSite","@id":"https:\/\/folhadoleste.com.br\/#website","url":"https:\/\/folhadoleste.com.br\/","name":"Folha do Leste","description":"Portal de Not\u00edcias com \u00eanfase em Niter\u00f3i, criando conte\u00fados desde a capital Rio de Janeiro, com olhar para o Leste Fluminense e suas cidades como S\u00e3o Gon\u00e7alo, Itabora\u00ed, Rio Bonito, Maric\u00e1, Saquarema e Araruama","publisher":{"@id":"https:\/\/folhadoleste.com.br\/#organization"},"alternateName":"FL","potentialAction":[{"@type":"SearchAction","target":{"@type":"EntryPoint","urlTemplate":"https:\/\/folhadoleste.com.br\/?s={search_term_string}"},"query-input":{"@type":"PropertyValueSpecification","valueRequired":true,"valueName":"search_term_string"}}],"inLanguage":"en-US"},{"@type":"Organization","@id":"https:\/\/folhadoleste.com.br\/#organization","name":"Brasil 21 Comunica\u00e7\u00e3o","alternateName":"BR21","url":"https:\/\/folhadoleste.com.br\/","logo":{"@type":"ImageObject","inLanguage":"en-US","@id":"https:\/\/folhadoleste.com.br\/#\/schema\/logo\/image\/","url":"https:\/\/folhadoleste.com.br\/wp-content\/uploads\/2025\/12\/brasil-21-logomarca.avif","contentUrl":"https:\/\/folhadoleste.com.br\/wp-content\/uploads\/2025\/12\/brasil-21-logomarca.avif","width":1044,"height":1044,"caption":"Brasil 21 Comunica\u00e7\u00e3o"},"image":{"@id":"https:\/\/folhadoleste.com.br\/#\/schema\/logo\/image\/"},"sameAs":["https:\/\/www.facebook.com\/folhadoleste","https:\/\/x.com\/FolhadoLesteRJ","https:\/\/www.instagram.com\/folhadoleste\/"]},{"@type":"Person","@id":"https:\/\/folhadoleste.com.br\/#\/schema\/person\/3e97145b2e1861276e84471aa85a3899","name":"Folha do Leste","image":{"@type":"ImageObject","inLanguage":"en-US","@id":"https:\/\/folhadoleste.com.br\/wp-content\/litespeed\/avatar\/1ca8c218432e7045e748610eb3db0259.jpg?ver=1776693931","url":"https:\/\/folhadoleste.com.br\/wp-content\/litespeed\/avatar\/1ca8c218432e7045e748610eb3db0259.jpg?ver=1776693931","contentUrl":"https:\/\/folhadoleste.com.br\/wp-content\/litespeed\/avatar\/1ca8c218432e7045e748610eb3db0259.jpg?ver=1776693931","caption":"Folha do Leste"},"url":"https:\/\/folhadoleste.com.br\/en\/author\/reportagem-01\/"}]}},"_links":{"self":[{"href":"https:\/\/folhadoleste.com.br\/en\/wp-json\/wp\/v2\/posts\/42842","targetHints":{"allow":["GET"]}}],"collection":[{"href":"https:\/\/folhadoleste.com.br\/en\/wp-json\/wp\/v2\/posts"}],"about":[{"href":"https:\/\/folhadoleste.com.br\/en\/wp-json\/wp\/v2\/types\/post"}],"author":[{"embeddable":true,"href":"https:\/\/folhadoleste.com.br\/en\/wp-json\/wp\/v2\/users\/4"}],"replies":[{"embeddable":true,"href":"https:\/\/folhadoleste.com.br\/en\/wp-json\/wp\/v2\/comments?post=42842"}],"version-history":[{"count":1,"href":"https:\/\/folhadoleste.com.br\/en\/wp-json\/wp\/v2\/posts\/42842\/revisions"}],"predecessor-version":[{"id":42845,"href":"https:\/\/folhadoleste.com.br\/en\/wp-json\/wp\/v2\/posts\/42842\/revisions\/42845"}],"wp:featuredmedia":[{"embeddable":true,"href":"https:\/\/folhadoleste.com.br\/en\/wp-json\/wp\/v2\/media\/42844"}],"wp:attachment":[{"href":"https:\/\/folhadoleste.com.br\/en\/wp-json\/wp\/v2\/media?parent=42842"}],"wp:term":[{"taxonomy":"category","embeddable":true,"href":"https:\/\/folhadoleste.com.br\/en\/wp-json\/wp\/v2\/categories?post=42842"},{"taxonomy":"post_tag","embeddable":true,"href":"https:\/\/folhadoleste.com.br\/en\/wp-json\/wp\/v2\/tags?post=42842"}],"curies":[{"name":"wp","href":"https:\/\/api.w.org\/{rel}","templated":true}]}}