{"id":42839,"date":"2024-01-04T10:55:40","date_gmt":"2024-01-04T13:55:40","guid":{"rendered":"https:\/\/folhadoleste.com.br\/?p=42839"},"modified":"2024-01-04T10:55:40","modified_gmt":"2024-01-04T13:55:40","slug":"ampliado-prazo-para-ajuste-na-formacao-de-professores-do-ensino-basico","status":"publish","type":"post","link":"https:\/\/folhadoleste.com.br\/en\/ampliado-prazo-para-ajuste-na-formacao-de-professores-do-ensino-basico\/","title":{"rendered":"Ampliado prazo para ajuste na forma\u00e7\u00e3o de professores do ensino b\u00e1sico"},"content":{"rendered":"<div id=\"attachment_37560\" style=\"width: 1180px\" class=\"wp-caption aligncenter\"><img decoding=\"async\" aria-describedby=\"caption-attachment-37560\" class=\"size-full wp-image-37560\" src=\"https:\/\/folhadoleste.com.br\/wp-content\/uploads\/2023\/11\/Estudantes-do-ensino-medio-terao-poupanca-para-permanecer-na-escola-Foto-Andre-Borges-Agencia-Brasilia.webp\" alt=\"Ampliado prazo para ajuste na forma\u00e7\u00e3o de professores do ensino b\u00e1sico\" width=\"1170\" height=\"700\" \/><p id=\"caption-attachment-37560\" class=\"wp-caption-text\">Foto: Andr\u00e9 Borges &#8211; Ag\u00eancia Bras\u00edlia<\/p><\/div>\n<p>O Conselho Nacional de Educa\u00e7\u00e3o (CNE) ampliou em 90 dias o prazo de implanta\u00e7\u00e3o das Diretrizes Curriculares Nacionais para a forma\u00e7\u00e3o inicial de professores da educa\u00e7\u00e3o b\u00e1sica.<img decoding=\"async\" src=\"https:\/\/agenciabrasil.ebc.com.br\/ebc.png?id=1575138&amp;o=node\" \/><img decoding=\"async\" src=\"https:\/\/agenciabrasil.ebc.com.br\/ebc.gif?id=1575138&amp;o=node\" \/><\/p>\n<p>A medida,\u00a0<a href=\"https:\/\/www.in.gov.br\/web\/dou\/-\/resolucao-cne\/cp-n-1-de-2-de-janeiro-de-2024-535751534\" target=\"_blank\" rel=\"noopener\">publicada nesta quinta-feira<\/a>\u00a0(4), define o dia 20 de mar\u00e7o para que as institui\u00e7\u00f5es de educa\u00e7\u00e3o superior concluam as mudan\u00e7as, tendo como refer\u00eancia a Base Nacional Comum para a Forma\u00e7\u00e3o Inicial de Professores (BNC-Forma\u00e7\u00e3o). .<\/p>\n<h4>Entenda<\/h4>\n<p>A educa\u00e7\u00e3o b\u00e1sica \u00e9 composta pela Educa\u00e7\u00e3o Infantil, o Ensino Fundamental \u2013 com nove anos de estudo obrigat\u00f3rio \u2013 e o Ensino M\u00e9dio. Para garantir qualidade em toda essa etapa de forma\u00e7\u00e3o, assegurada pela Constitui\u00e7\u00e3o Federal e pelo Estatuto da Crian\u00e7a e do Adolescente, foi criada uma base nacional comum para orientar as redes de ensino do pa\u00eds.<\/p>\n<p>Com as mudan\u00e7as implementadas ao longo dos anos, a forma\u00e7\u00e3o de professores que atuam em toda rede tamb\u00e9m precisou ser ajustada. Em 2018, o Minist\u00e9rio da Educa\u00e7\u00e3o elaborou uma proposta que foi analisada pelo CNE e resultou na Base Nacional Comum da Forma\u00e7\u00e3o de Professores da Educa\u00e7\u00e3o B\u00e1sica e nas\u00a0diretrizes para a forma\u00e7\u00e3o inicial\u00a0desses profissionais.<\/p>\n<p>Em 2019,\u00a0<a href=\"http:\/\/portal.mec.gov.br\/index.php?option=com_docman&amp;view=download&amp;alias=135951-rcp002-19&amp;category_slug=dezembro-2019-pdf&amp;Itemid=30192\" target=\"_blank\" rel=\"noopener\">uma resolu\u00e7\u00e3o<\/a>\u00a0definiu os ajustes a serem implementados em todas as modalidades de cursos e programas destinados \u00e0 forma\u00e7\u00e3o docente. O documento definiu compet\u00eancias fundamentais, de conhecimento, pr\u00e1ticas e de engajamento profissional obrigat\u00f3rias na pol\u00edtica de forma\u00e7\u00e3o dos docentes.<\/p>\n<h4><a href=\"https:\/\/folhadoleste.com.br\/en\/category\/brasil\/\">\u201cLeia mais not\u00edcias sobre Brasil aqui\u201d<\/a><\/h4>\n<p>Foi estabelecida uma organiza\u00e7\u00e3o curricular, com carga hor\u00e1ria m\u00ednima de 3,2 mil horas para forma\u00e7\u00e3o nos cursos de licenciatura distribu\u00eddas em tr\u00eas grupos de conhecimentos a serem adquiridos ao longo da forma\u00e7\u00e3o. Tamb\u00e9m foram estabelecidas regras para segunda licenciatura e forma\u00e7\u00e3o pedag\u00f3gica para graduados.<\/p>\n<p>O texto define ainda a forma\u00e7\u00e3o para educadores que desejem atuar em atividades pedag\u00f3gicas e de gest\u00e3o como administra\u00e7\u00e3o, planejamento, inspe\u00e7\u00e3o, supervis\u00e3o e orienta\u00e7\u00e3o educacional.<\/p>\n<p>Tamb\u00e9m implementou o Sistema de Avalia\u00e7\u00e3o da Educa\u00e7\u00e3o B\u00e1sica (Saeb) como instrumento para medi\u00e7\u00e3o qualitativa a ser utilizado em conjunto com outras ferramentas como o Exame Nacional de Desempenho dos Estudantes (Enade).<\/p>\n<p>&nbsp;<\/p>\n<p><a href=\"https:\/\/www.instagram.com\/folhadoleste\/\"><img decoding=\"async\" class=\"aligncenter wp-image-15962\" src=\"https:\/\/folhadoleste.com.br\/wp-content\/uploads\/2023\/07\/instagram.jpg.webp\" alt=\"Itaipu-Itaipua\u00e7u: Caminh\u00e3o causa grave acidente na RJ-102, a estrada da Serrinha\" width=\"49\" height=\"49\" \/><\/a><a href=\"https:\/\/www.facebook.com\/folhadoleste\"><img decoding=\"async\" class=\"aligncenter wp-image-7424\" src=\"https:\/\/folhadoleste.com.br\/wp-content\/uploads\/2023\/05\/facebook-logo-3-1.png.webp\" alt=\"Itaipu-Itaipua\u00e7u: Caminh\u00e3o causa grave acidente na RJ-102, a estrada da Serrinha\" width=\"49\" height=\"49\" \/><\/a><\/p>\n<p>&nbsp;<\/p>\n<p>&nbsp;<\/p>\n<p>&nbsp;<\/p>\n<p>Fonte: Ag\u00eancia Brasil<\/p>","protected":false},"excerpt":{"rendered":"<p>O Conselho Nacional de Educa\u00e7\u00e3o (CNE) ampliou em 90 dias o prazo de implanta\u00e7\u00e3o das Diretrizes Curriculares Nacionais para a forma\u00e7\u00e3o inicial de professores da educa\u00e7\u00e3o b\u00e1sica. A medida,\u00a0publicada nesta quinta-feira\u00a0(4), define o dia 20 de mar\u00e7o para que as institui\u00e7\u00f5es de educa\u00e7\u00e3o superior concluam as mudan\u00e7as, tendo como refer\u00eancia a Base Nacional Comum para a Forma\u00e7\u00e3o Inicial de Professores (BNC-Forma\u00e7\u00e3o). . Entenda A educa\u00e7\u00e3o b\u00e1sica \u00e9 composta pela Educa\u00e7\u00e3o Infantil, o Ensino Fundamental \u2013 com nove anos de estudo obrigat\u00f3rio \u2013 e o Ensino M\u00e9dio. Para garantir qualidade em toda essa etapa de forma\u00e7\u00e3o, assegurada pela Constitui\u00e7\u00e3o Federal e [&hellip;]<\/p>\n","protected":false},"author":4,"featured_media":37560,"comment_status":"open","ping_status":"open","sticky":false,"template":"","format":"standard","meta":{"footnotes":""},"categories":[64,646],"tags":[16318,68,16315,16316,611,15900,11466,2479,1131,7515,16317,1120,16319],"class_list":["post-42839","post","type-post","status-publish","format-standard","has-post-thumbnail","hentry","category-brasil","category-educacao","tag-bnc-formacao","tag-brasil","tag-cne","tag-diretrizes-curriculares-nacionais","tag-educacao","tag-educacao-basica","tag-educacao-infantil","tag-ensino-fundamental","tag-ensino-medio","tag-formacao-de-professores","tag-formacao-inicial-de-professores","tag-mec","tag-prazo-ampliado","post--single"],"yoast_head":"<!-- This site is optimized with the Yoast SEO plugin v27.4 - https:\/\/yoast.com\/product\/yoast-seo-wordpress\/ -->\n<title>Ampliado prazo para ajuste na forma\u00e7\u00e3o de professores do ensino b\u00e1sico<\/title>\n<meta name=\"description\" content=\"A medida, publicada nesta quinta-feira (4), define o dia 20 de mar\u00e7o como novo prazo para que as institui\u00e7\u00f5es de educa\u00e7\u00e3o superior...\" \/>\n<meta name=\"robots\" content=\"index, follow, max-snippet:-1, max-image-preview:large, max-video-preview:-1\" \/>\n<link rel=\"canonical\" href=\"https:\/\/folhadoleste.com.br\/en\/ampliado-prazo-para-ajuste-na-formacao-de-professores-do-ensino-basico\/\" \/>\n<meta property=\"og:locale\" content=\"en_US\" \/>\n<meta property=\"og:type\" content=\"article\" \/>\n<meta property=\"og:title\" content=\"Ampliado prazo para ajuste na forma\u00e7\u00e3o de professores do ensino b\u00e1sico\" \/>\n<meta property=\"og:description\" content=\"Brasil &#8226; Folha do Leste\" \/>\n<meta property=\"og:url\" content=\"https:\/\/folhadoleste.com.br\/en\/ampliado-prazo-para-ajuste-na-formacao-de-professores-do-ensino-basico\/\" \/>\n<meta property=\"og:site_name\" content=\"Folha do Leste\" \/>\n<meta property=\"article:publisher\" content=\"https:\/\/www.facebook.com\/folhadoleste\" \/>\n<meta property=\"article:published_time\" content=\"2024-01-04T13:55:40+00:00\" \/>\n<meta property=\"og:image\" content=\"https:\/\/folhadoleste.com.br\/wp-content\/uploads\/2023\/11\/Estudantes-do-ensino-medio-terao-poupanca-para-permanecer-na-escola-Foto-Andre-Borges-Agencia-Brasilia.webp\" \/>\n\t<meta property=\"og:image:width\" content=\"1170\" \/>\n\t<meta property=\"og:image:height\" content=\"700\" \/>\n\t<meta property=\"og:image:type\" content=\"image\/webp\" \/>\n<meta name=\"author\" content=\"Folha do Leste\" \/>\n<meta name=\"twitter:card\" content=\"summary_large_image\" \/>\n<meta name=\"twitter:creator\" content=\"@FolhadoLesteRJ\" \/>\n<meta name=\"twitter:site\" content=\"@FolhadoLesteRJ\" \/>\n<meta name=\"twitter:label1\" content=\"Written by\" \/>\n\t<meta name=\"twitter:data1\" content=\"Folha do Leste\" \/>\n\t<meta name=\"twitter:label2\" content=\"Est. reading time\" \/>\n\t<meta name=\"twitter:data2\" content=\"3 minutes\" \/>\n<script type=\"application\/ld+json\" class=\"yoast-schema-graph\">{\"@context\":\"https:\\\/\\\/schema.org\",\"@graph\":[{\"@type\":\"NewsArticle\",\"@id\":\"https:\\\/\\\/folhadoleste.com.br\\\/ampliado-prazo-para-ajuste-na-formacao-de-professores-do-ensino-basico\\\/#article\",\"isPartOf\":{\"@id\":\"https:\\\/\\\/folhadoleste.com.br\\\/ampliado-prazo-para-ajuste-na-formacao-de-professores-do-ensino-basico\\\/\"},\"author\":{\"name\":\"Folha do Leste\",\"@id\":\"https:\\\/\\\/folhadoleste.com.br\\\/#\\\/schema\\\/person\\\/3e97145b2e1861276e84471aa85a3899\"},\"headline\":\"Ampliado prazo para ajuste na forma\u00e7\u00e3o de professores do ensino b\u00e1sico\",\"datePublished\":\"2024-01-04T13:55:40+00:00\",\"mainEntityOfPage\":{\"@id\":\"https:\\\/\\\/folhadoleste.com.br\\\/ampliado-prazo-para-ajuste-na-formacao-de-professores-do-ensino-basico\\\/\"},\"wordCount\":413,\"commentCount\":0,\"publisher\":{\"@id\":\"https:\\\/\\\/folhadoleste.com.br\\\/#organization\"},\"image\":{\"@id\":\"https:\\\/\\\/folhadoleste.com.br\\\/ampliado-prazo-para-ajuste-na-formacao-de-professores-do-ensino-basico\\\/#primaryimage\"},\"thumbnailUrl\":\"https:\\\/\\\/folhadoleste.com.br\\\/wp-content\\\/uploads\\\/2023\\\/11\\\/Estudantes-do-ensino-medio-terao-poupanca-para-permanecer-na-escola-Foto-Andre-Borges-Agencia-Brasilia.webp\",\"keywords\":[\"BNC-Forma\u00e7\u00e3o\",\"Brasil\",\"CNE\",\"Diretrizes Curriculares Nacionais\",\"educa\u00e7\u00e3o\",\"Educa\u00e7\u00e3o b\u00e1sica\",\"educa\u00e7ao infantil\",\"ensino fundamental\",\"Ensino medio\",\"forma\u00e7\u00e3o de professores\",\"Forma\u00e7\u00e3o Inicial de Professores\",\"MEC\",\"Prazo Ampliado\"],\"articleSection\":[\"Brasil\",\"Educa\u00e7\u00e3o\"],\"inLanguage\":\"en-US\",\"potentialAction\":[{\"@type\":\"CommentAction\",\"name\":\"Comment\",\"target\":[\"https:\\\/\\\/folhadoleste.com.br\\\/ampliado-prazo-para-ajuste-na-formacao-de-professores-do-ensino-basico\\\/#respond\"]}]},{\"@type\":\"WebPage\",\"@id\":\"https:\\\/\\\/folhadoleste.com.br\\\/ampliado-prazo-para-ajuste-na-formacao-de-professores-do-ensino-basico\\\/\",\"url\":\"https:\\\/\\\/folhadoleste.com.br\\\/ampliado-prazo-para-ajuste-na-formacao-de-professores-do-ensino-basico\\\/\",\"name\":\"Ampliado prazo para ajuste na forma\u00e7\u00e3o de professores do ensino b\u00e1sico\",\"isPartOf\":{\"@id\":\"https:\\\/\\\/folhadoleste.com.br\\\/#website\"},\"primaryImageOfPage\":{\"@id\":\"https:\\\/\\\/folhadoleste.com.br\\\/ampliado-prazo-para-ajuste-na-formacao-de-professores-do-ensino-basico\\\/#primaryimage\"},\"image\":{\"@id\":\"https:\\\/\\\/folhadoleste.com.br\\\/ampliado-prazo-para-ajuste-na-formacao-de-professores-do-ensino-basico\\\/#primaryimage\"},\"thumbnailUrl\":\"https:\\\/\\\/folhadoleste.com.br\\\/wp-content\\\/uploads\\\/2023\\\/11\\\/Estudantes-do-ensino-medio-terao-poupanca-para-permanecer-na-escola-Foto-Andre-Borges-Agencia-Brasilia.webp\",\"datePublished\":\"2024-01-04T13:55:40+00:00\",\"description\":\"A medida, publicada nesta quinta-feira (4), define o dia 20 de mar\u00e7o como novo prazo para que as institui\u00e7\u00f5es de educa\u00e7\u00e3o superior...\",\"breadcrumb\":{\"@id\":\"https:\\\/\\\/folhadoleste.com.br\\\/ampliado-prazo-para-ajuste-na-formacao-de-professores-do-ensino-basico\\\/#breadcrumb\"},\"inLanguage\":\"en-US\",\"potentialAction\":[{\"@type\":\"ReadAction\",\"target\":[\"https:\\\/\\\/folhadoleste.com.br\\\/ampliado-prazo-para-ajuste-na-formacao-de-professores-do-ensino-basico\\\/\"]}]},{\"@type\":\"ImageObject\",\"inLanguage\":\"en-US\",\"@id\":\"https:\\\/\\\/folhadoleste.com.br\\\/ampliado-prazo-para-ajuste-na-formacao-de-professores-do-ensino-basico\\\/#primaryimage\",\"url\":\"https:\\\/\\\/folhadoleste.com.br\\\/wp-content\\\/uploads\\\/2023\\\/11\\\/Estudantes-do-ensino-medio-terao-poupanca-para-permanecer-na-escola-Foto-Andre-Borges-Agencia-Brasilia.webp\",\"contentUrl\":\"https:\\\/\\\/folhadoleste.com.br\\\/wp-content\\\/uploads\\\/2023\\\/11\\\/Estudantes-do-ensino-medio-terao-poupanca-para-permanecer-na-escola-Foto-Andre-Borges-Agencia-Brasilia.webp\",\"width\":1170,\"height\":700,\"caption\":\"Foto: Andr\u00e9 Borges - Ag\u00eancia Bras\u00edlia\"},{\"@type\":\"BreadcrumbList\",\"@id\":\"https:\\\/\\\/folhadoleste.com.br\\\/ampliado-prazo-para-ajuste-na-formacao-de-professores-do-ensino-basico\\\/#breadcrumb\",\"itemListElement\":[{\"@type\":\"ListItem\",\"position\":1,\"name\":\"In\u00edcio\",\"item\":\"https:\\\/\\\/folhadoleste.com.br\\\/\"},{\"@type\":\"ListItem\",\"position\":2,\"name\":\"Brasil\",\"item\":\"https:\\\/\\\/folhadoleste.com.br\\\/category\\\/brasil\\\/\"},{\"@type\":\"ListItem\",\"position\":3,\"name\":\"Ampliado prazo para ajuste na forma\u00e7\u00e3o de professores do ensino b\u00e1sico\"}]},{\"@type\":\"WebSite\",\"@id\":\"https:\\\/\\\/folhadoleste.com.br\\\/#website\",\"url\":\"https:\\\/\\\/folhadoleste.com.br\\\/\",\"name\":\"Folha do Leste\",\"description\":\"Portal de Not\u00edcias com \u00eanfase em Niter\u00f3i, criando conte\u00fados desde a capital Rio de Janeiro, com olhar para o Leste Fluminense e suas cidades como S\u00e3o Gon\u00e7alo, Itabora\u00ed, Rio Bonito, Maric\u00e1, Saquarema e Araruama\",\"publisher\":{\"@id\":\"https:\\\/\\\/folhadoleste.com.br\\\/#organization\"},\"alternateName\":\"FL\",\"potentialAction\":[{\"@type\":\"SearchAction\",\"target\":{\"@type\":\"EntryPoint\",\"urlTemplate\":\"https:\\\/\\\/folhadoleste.com.br\\\/?s={search_term_string}\"},\"query-input\":{\"@type\":\"PropertyValueSpecification\",\"valueRequired\":true,\"valueName\":\"search_term_string\"}}],\"inLanguage\":\"en-US\"},{\"@type\":\"Organization\",\"@id\":\"https:\\\/\\\/folhadoleste.com.br\\\/#organization\",\"name\":\"Brasil 21 Comunica\u00e7\u00e3o\",\"alternateName\":\"BR21\",\"url\":\"https:\\\/\\\/folhadoleste.com.br\\\/\",\"logo\":{\"@type\":\"ImageObject\",\"inLanguage\":\"en-US\",\"@id\":\"https:\\\/\\\/folhadoleste.com.br\\\/#\\\/schema\\\/logo\\\/image\\\/\",\"url\":\"https:\\\/\\\/folhadoleste.com.br\\\/wp-content\\\/uploads\\\/2025\\\/12\\\/brasil-21-logomarca.avif\",\"contentUrl\":\"https:\\\/\\\/folhadoleste.com.br\\\/wp-content\\\/uploads\\\/2025\\\/12\\\/brasil-21-logomarca.avif\",\"width\":1044,\"height\":1044,\"caption\":\"Brasil 21 Comunica\u00e7\u00e3o\"},\"image\":{\"@id\":\"https:\\\/\\\/folhadoleste.com.br\\\/#\\\/schema\\\/logo\\\/image\\\/\"},\"sameAs\":[\"https:\\\/\\\/www.facebook.com\\\/folhadoleste\",\"https:\\\/\\\/x.com\\\/FolhadoLesteRJ\",\"https:\\\/\\\/www.instagram.com\\\/folhadoleste\\\/\"]},{\"@type\":\"Person\",\"@id\":\"https:\\\/\\\/folhadoleste.com.br\\\/#\\\/schema\\\/person\\\/3e97145b2e1861276e84471aa85a3899\",\"name\":\"Folha do Leste\",\"image\":{\"@type\":\"ImageObject\",\"inLanguage\":\"en-US\",\"@id\":\"https:\\\/\\\/folhadoleste.com.br\\\/wp-content\\\/litespeed\\\/avatar\\\/1ca8c218432e7045e748610eb3db0259.jpg?ver=1776693931\",\"url\":\"https:\\\/\\\/folhadoleste.com.br\\\/wp-content\\\/litespeed\\\/avatar\\\/1ca8c218432e7045e748610eb3db0259.jpg?ver=1776693931\",\"contentUrl\":\"https:\\\/\\\/folhadoleste.com.br\\\/wp-content\\\/litespeed\\\/avatar\\\/1ca8c218432e7045e748610eb3db0259.jpg?ver=1776693931\",\"caption\":\"Folha do Leste\"},\"url\":\"https:\\\/\\\/folhadoleste.com.br\\\/en\\\/author\\\/reportagem-01\\\/\"}]}<\/script>\n<!-- \/ Yoast SEO plugin. -->","yoast_head_json":{"title":"Ampliado prazo para ajuste na forma\u00e7\u00e3o de professores do ensino b\u00e1sico","description":"A medida, publicada nesta quinta-feira (4), define o dia 20 de mar\u00e7o como novo prazo para que as institui\u00e7\u00f5es de educa\u00e7\u00e3o superior...","robots":{"index":"index","follow":"follow","max-snippet":"max-snippet:-1","max-image-preview":"max-image-preview:large","max-video-preview":"max-video-preview:-1"},"canonical":"https:\/\/folhadoleste.com.br\/en\/ampliado-prazo-para-ajuste-na-formacao-de-professores-do-ensino-basico\/","og_locale":"en_US","og_type":"article","og_title":"Ampliado prazo para ajuste na forma\u00e7\u00e3o de professores do ensino b\u00e1sico","og_description":"Brasil &#8226; Folha do Leste","og_url":"https:\/\/folhadoleste.com.br\/en\/ampliado-prazo-para-ajuste-na-formacao-de-professores-do-ensino-basico\/","og_site_name":"Folha do Leste","article_publisher":"https:\/\/www.facebook.com\/folhadoleste","article_published_time":"2024-01-04T13:55:40+00:00","og_image":[{"width":1170,"height":700,"url":"https:\/\/folhadoleste.com.br\/wp-content\/uploads\/2023\/11\/Estudantes-do-ensino-medio-terao-poupanca-para-permanecer-na-escola-Foto-Andre-Borges-Agencia-Brasilia.webp","type":"image\/webp"}],"author":"Folha do Leste","twitter_card":"summary_large_image","twitter_creator":"@FolhadoLesteRJ","twitter_site":"@FolhadoLesteRJ","twitter_misc":{"Written by":"Folha do Leste","Est. reading time":"3 minutes"},"schema":{"@context":"https:\/\/schema.org","@graph":[{"@type":"NewsArticle","@id":"https:\/\/folhadoleste.com.br\/ampliado-prazo-para-ajuste-na-formacao-de-professores-do-ensino-basico\/#article","isPartOf":{"@id":"https:\/\/folhadoleste.com.br\/ampliado-prazo-para-ajuste-na-formacao-de-professores-do-ensino-basico\/"},"author":{"name":"Folha do Leste","@id":"https:\/\/folhadoleste.com.br\/#\/schema\/person\/3e97145b2e1861276e84471aa85a3899"},"headline":"Ampliado prazo para ajuste na forma\u00e7\u00e3o de professores do ensino b\u00e1sico","datePublished":"2024-01-04T13:55:40+00:00","mainEntityOfPage":{"@id":"https:\/\/folhadoleste.com.br\/ampliado-prazo-para-ajuste-na-formacao-de-professores-do-ensino-basico\/"},"wordCount":413,"commentCount":0,"publisher":{"@id":"https:\/\/folhadoleste.com.br\/#organization"},"image":{"@id":"https:\/\/folhadoleste.com.br\/ampliado-prazo-para-ajuste-na-formacao-de-professores-do-ensino-basico\/#primaryimage"},"thumbnailUrl":"https:\/\/folhadoleste.com.br\/wp-content\/uploads\/2023\/11\/Estudantes-do-ensino-medio-terao-poupanca-para-permanecer-na-escola-Foto-Andre-Borges-Agencia-Brasilia.webp","keywords":["BNC-Forma\u00e7\u00e3o","Brasil","CNE","Diretrizes Curriculares Nacionais","educa\u00e7\u00e3o","Educa\u00e7\u00e3o b\u00e1sica","educa\u00e7ao infantil","ensino fundamental","Ensino medio","forma\u00e7\u00e3o de professores","Forma\u00e7\u00e3o Inicial de Professores","MEC","Prazo Ampliado"],"articleSection":["Brasil","Educa\u00e7\u00e3o"],"inLanguage":"en-US","potentialAction":[{"@type":"CommentAction","name":"Comment","target":["https:\/\/folhadoleste.com.br\/ampliado-prazo-para-ajuste-na-formacao-de-professores-do-ensino-basico\/#respond"]}]},{"@type":"WebPage","@id":"https:\/\/folhadoleste.com.br\/ampliado-prazo-para-ajuste-na-formacao-de-professores-do-ensino-basico\/","url":"https:\/\/folhadoleste.com.br\/ampliado-prazo-para-ajuste-na-formacao-de-professores-do-ensino-basico\/","name":"Ampliado prazo para ajuste na forma\u00e7\u00e3o de professores do ensino b\u00e1sico","isPartOf":{"@id":"https:\/\/folhadoleste.com.br\/#website"},"primaryImageOfPage":{"@id":"https:\/\/folhadoleste.com.br\/ampliado-prazo-para-ajuste-na-formacao-de-professores-do-ensino-basico\/#primaryimage"},"image":{"@id":"https:\/\/folhadoleste.com.br\/ampliado-prazo-para-ajuste-na-formacao-de-professores-do-ensino-basico\/#primaryimage"},"thumbnailUrl":"https:\/\/folhadoleste.com.br\/wp-content\/uploads\/2023\/11\/Estudantes-do-ensino-medio-terao-poupanca-para-permanecer-na-escola-Foto-Andre-Borges-Agencia-Brasilia.webp","datePublished":"2024-01-04T13:55:40+00:00","description":"A medida, publicada nesta quinta-feira (4), define o dia 20 de mar\u00e7o como novo prazo para que as institui\u00e7\u00f5es de educa\u00e7\u00e3o superior...","breadcrumb":{"@id":"https:\/\/folhadoleste.com.br\/ampliado-prazo-para-ajuste-na-formacao-de-professores-do-ensino-basico\/#breadcrumb"},"inLanguage":"en-US","potentialAction":[{"@type":"ReadAction","target":["https:\/\/folhadoleste.com.br\/ampliado-prazo-para-ajuste-na-formacao-de-professores-do-ensino-basico\/"]}]},{"@type":"ImageObject","inLanguage":"en-US","@id":"https:\/\/folhadoleste.com.br\/ampliado-prazo-para-ajuste-na-formacao-de-professores-do-ensino-basico\/#primaryimage","url":"https:\/\/folhadoleste.com.br\/wp-content\/uploads\/2023\/11\/Estudantes-do-ensino-medio-terao-poupanca-para-permanecer-na-escola-Foto-Andre-Borges-Agencia-Brasilia.webp","contentUrl":"https:\/\/folhadoleste.com.br\/wp-content\/uploads\/2023\/11\/Estudantes-do-ensino-medio-terao-poupanca-para-permanecer-na-escola-Foto-Andre-Borges-Agencia-Brasilia.webp","width":1170,"height":700,"caption":"Foto: Andr\u00e9 Borges - Ag\u00eancia Bras\u00edlia"},{"@type":"BreadcrumbList","@id":"https:\/\/folhadoleste.com.br\/ampliado-prazo-para-ajuste-na-formacao-de-professores-do-ensino-basico\/#breadcrumb","itemListElement":[{"@type":"ListItem","position":1,"name":"In\u00edcio","item":"https:\/\/folhadoleste.com.br\/"},{"@type":"ListItem","position":2,"name":"Brasil","item":"https:\/\/folhadoleste.com.br\/category\/brasil\/"},{"@type":"ListItem","position":3,"name":"Ampliado prazo para ajuste na forma\u00e7\u00e3o de professores do ensino b\u00e1sico"}]},{"@type":"WebSite","@id":"https:\/\/folhadoleste.com.br\/#website","url":"https:\/\/folhadoleste.com.br\/","name":"Folha do Leste","description":"Portal de Not\u00edcias com \u00eanfase em Niter\u00f3i, criando conte\u00fados desde a capital Rio de Janeiro, com olhar para o Leste Fluminense e suas cidades como S\u00e3o Gon\u00e7alo, Itabora\u00ed, Rio Bonito, Maric\u00e1, Saquarema e Araruama","publisher":{"@id":"https:\/\/folhadoleste.com.br\/#organization"},"alternateName":"FL","potentialAction":[{"@type":"SearchAction","target":{"@type":"EntryPoint","urlTemplate":"https:\/\/folhadoleste.com.br\/?s={search_term_string}"},"query-input":{"@type":"PropertyValueSpecification","valueRequired":true,"valueName":"search_term_string"}}],"inLanguage":"en-US"},{"@type":"Organization","@id":"https:\/\/folhadoleste.com.br\/#organization","name":"Brasil 21 Comunica\u00e7\u00e3o","alternateName":"BR21","url":"https:\/\/folhadoleste.com.br\/","logo":{"@type":"ImageObject","inLanguage":"en-US","@id":"https:\/\/folhadoleste.com.br\/#\/schema\/logo\/image\/","url":"https:\/\/folhadoleste.com.br\/wp-content\/uploads\/2025\/12\/brasil-21-logomarca.avif","contentUrl":"https:\/\/folhadoleste.com.br\/wp-content\/uploads\/2025\/12\/brasil-21-logomarca.avif","width":1044,"height":1044,"caption":"Brasil 21 Comunica\u00e7\u00e3o"},"image":{"@id":"https:\/\/folhadoleste.com.br\/#\/schema\/logo\/image\/"},"sameAs":["https:\/\/www.facebook.com\/folhadoleste","https:\/\/x.com\/FolhadoLesteRJ","https:\/\/www.instagram.com\/folhadoleste\/"]},{"@type":"Person","@id":"https:\/\/folhadoleste.com.br\/#\/schema\/person\/3e97145b2e1861276e84471aa85a3899","name":"Folha do Leste","image":{"@type":"ImageObject","inLanguage":"en-US","@id":"https:\/\/folhadoleste.com.br\/wp-content\/litespeed\/avatar\/1ca8c218432e7045e748610eb3db0259.jpg?ver=1776693931","url":"https:\/\/folhadoleste.com.br\/wp-content\/litespeed\/avatar\/1ca8c218432e7045e748610eb3db0259.jpg?ver=1776693931","contentUrl":"https:\/\/folhadoleste.com.br\/wp-content\/litespeed\/avatar\/1ca8c218432e7045e748610eb3db0259.jpg?ver=1776693931","caption":"Folha do Leste"},"url":"https:\/\/folhadoleste.com.br\/en\/author\/reportagem-01\/"}]}},"_links":{"self":[{"href":"https:\/\/folhadoleste.com.br\/en\/wp-json\/wp\/v2\/posts\/42839","targetHints":{"allow":["GET"]}}],"collection":[{"href":"https:\/\/folhadoleste.com.br\/en\/wp-json\/wp\/v2\/posts"}],"about":[{"href":"https:\/\/folhadoleste.com.br\/en\/wp-json\/wp\/v2\/types\/post"}],"author":[{"embeddable":true,"href":"https:\/\/folhadoleste.com.br\/en\/wp-json\/wp\/v2\/users\/4"}],"replies":[{"embeddable":true,"href":"https:\/\/folhadoleste.com.br\/en\/wp-json\/wp\/v2\/comments?post=42839"}],"version-history":[{"count":1,"href":"https:\/\/folhadoleste.com.br\/en\/wp-json\/wp\/v2\/posts\/42839\/revisions"}],"predecessor-version":[{"id":42841,"href":"https:\/\/folhadoleste.com.br\/en\/wp-json\/wp\/v2\/posts\/42839\/revisions\/42841"}],"wp:featuredmedia":[{"embeddable":true,"href":"https:\/\/folhadoleste.com.br\/en\/wp-json\/wp\/v2\/media\/37560"}],"wp:attachment":[{"href":"https:\/\/folhadoleste.com.br\/en\/wp-json\/wp\/v2\/media?parent=42839"}],"wp:term":[{"taxonomy":"category","embeddable":true,"href":"https:\/\/folhadoleste.com.br\/en\/wp-json\/wp\/v2\/categories?post=42839"},{"taxonomy":"post_tag","embeddable":true,"href":"https:\/\/folhadoleste.com.br\/en\/wp-json\/wp\/v2\/tags?post=42839"}],"curies":[{"name":"wp","href":"https:\/\/api.w.org\/{rel}","templated":true}]}}